{"id":1097,"date":"2018-01-03T17:43:42","date_gmt":"2018-01-03T17:43:42","guid":{"rendered":"https:\/\/www.revistalogistec.com\/index.php\/2018\/01\/03\/uso-de-tic-s-en-procesos-logisticos-del-centro-de-distribucion\/"},"modified":"2025-11-10T19:08:59","modified_gmt":"2025-11-10T23:08:59","slug":"uso-de-tic-s-en-procesos-logisticos-del-centro-de-distribucion","status":"publish","type":"post","link":"https:\/\/www.revistalogistec.com\/index.php\/2018\/01\/03\/uso-de-tic-s-en-procesos-logisticos-del-centro-de-distribucion\/","title":{"rendered":"USO DE TIC\u2019S  EN PROCESOS LOG\u00cdSTICOS DEL CENTRO DE DISTRIBUCI\u00d3N"},"content":{"rendered":"<p style=\"text-align: justify;\">Siempre interesados en conocer aspectos destacados del acontecer log\u00edstico nacional, Revista Logistec realiz\u00f3 un nuevo Estudio orientado a establecer el estado del arte respecto a la implementaci\u00f3n tecnol\u00f3gica en la industria. A continuaci\u00f3n, presentamos los principales resultados de nuestra \u00faltima encuesta denominada: \u201cUso de TICs en Procesos Log\u00edsticos del Centro de Distribuci\u00f3n\u201d.<\/p>\n<p style=\"text-align: justify;\">Las Tecnolog\u00edas de la Informaci\u00f3n (TIC\u2019s) han pasado de ser una alternativa de eficiencia a un medio de desarrollo empresarial y fuente de ventaja competitiva. En este sentido, seg\u00fan la Asociaci\u00f3n Americana de las Tecnolog\u00edas de la Informaci\u00f3n (Information Technology Association of America, ITAA), en la actualidad las empresas de diferentes sectores y tama\u00f1os se est\u00e1n basando en esas TIC\u2019s&nbsp; para \u2018cambiar la forma de hacer las cosas\u2019; transformando la manera de realizar negocios, integrando procesos, mejorando la productividad y las relaciones con las empresas colaboradoras.<\/p>\n<p style=\"text-align: justify;\">La Cadena de Suministro no ha sido ajena al impacto de las TIC\u2019s, las cu\u00e1les han influido positivamente en su funcionamiento, debido a que esta opera en un ambiente globalizado y altamente cambiante, donde la informaci\u00f3n oportuna y de calidad se convierte en el mejor aliado. En esta l\u00ednea, el acad\u00e9mico Andr\u00e9s Mu\u00f1oz Machado ha destacado que \u201cuna de las cualidades de las empresas rentables es que registran y procesan toda clase de datos relativos a sus actividades, aunque en ocasiones la obtenci\u00f3n y procesamiento de los mismos no sean f\u00e1ciles\u201d (Log\u00edstica y Turismo. Edici\u00f3n Diaz de Santos. Espa\u00f1a, 2007); reafirmando con ello el positivo impacto de las TIC\u2019s en la actividad log\u00edstica.<\/p>\n<p style=\"text-align: justify;\">En relaci\u00f3n a la Cadena de Suministro, la utilizaci\u00f3n de las TIC\u2019s se han intensificado gracias a su r\u00e1pido desarrollo y aplicabilidad en los procesos log\u00edsticos. Adem\u00e1s, si se considera la cantidad y complejidad de los procesos y actividades que implica la cadena de suministro, se hace casi obligatorio la utilizaci\u00f3n de las TIC\u2019s para el tratamiento y posterior an\u00e1lisis de la informaci\u00f3n.<\/p>\n<p style=\"text-align: justify;\">Pero no solo a nivel de eficiencia operativas las TIC\u2019s representan una ventaja, tambi\u00e9n lo hacen a nivel financiero. A este respecto, seg\u00fan cita el estudio: \u201cSupply Chain Inventory Management and the Value of Shared Information. Management Science\u201d, (Achon, G. &amp; Fisher, M.), \u201cutilizar TIC\u2019s en la log\u00edstica conlleva a la reducci\u00f3n de costos y a la mejora del flujo de bienes, a trav\u00e9s de la cadena de suministro\u201d.<\/p>\n<p style=\"text-align: justify;\">Sobre el mismo punto, el art\u00edculo acad\u00e9mico \u201cSupply chains through information technology\u201d (Levary, R. &amp;Better. R. Industrial Management, Vol. 42); afirma que las TIC\u2019s en la SCM pueden proporcionar ventajas potenciales como la reducci\u00f3n de tiempos de ciclo, reducci\u00f3n de inventarios, minimizar el efecto del l\u00e1tigo y mejorar la efectividad de los canales de distribuci\u00f3n.<\/p>\n<p style=\"text-align: justify;\">Siempre en torno al impacto de las TIC\u2019s a los procesos de la cadena de suministro, el destacado experto David Simchi-Levi, ha descrito los objetivos que las Tecnolog\u00edas de la Informaci\u00f3n tienen en la SCM, entre los que se cuentan: Proporcionar informaci\u00f3n disponible y visible; tener en un solo punto el acceso a los datos; facilitar la toma de decisiones basadas en el hecho que se tiene informaci\u00f3n de toda la cadena de suministro y permitir la colaboraci\u00f3n entre los actores de la cadena de suministro.<\/p>\n<p style=\"text-align: justify;\">No obstante, la utilizaci\u00f3n de este tipo de tecnolog\u00edas tambi\u00e9n genera ciertas problem\u00e1ticas, si la elecci\u00f3n e implementaci\u00f3n de las mismas no ha sido convenientemente realizada. En este punto, entre los problemas que podr\u00edan derivarse de la errada implementaci\u00f3n se encuentran: la falta de integraci\u00f3n entre las TIC\u2019s y el modelo de negocios; la&nbsp; poca planeaci\u00f3n estrat\u00e9gica; aplicaciones de TIC\u2019s insuficientes para el manejo de la empresa virtual e inadecuada aplicaci\u00f3n del conocimiento en la SCM. (\u201cInformation systems in supply chain integration and management\u201d. European Journal of Operational Research Vol.159)<\/p>\n<p style=\"text-align: justify;\">IMPLEMENTAR PARA AVANZAR<\/p>\n<p style=\"text-align: justify;\">Considerando el positivo impacto que las TIC\u2019s ha tenido en la profesionalizaci\u00f3n y eficiencia de los procesos ligados a la Cadena de Suministro; resulta interesante conocer el nivel de adopci\u00f3n e&nbsp; implementaci\u00f3n de este tipo de herramientas en el mercado nacional; un sector que tiene amplio acceso a una alta variedad de soluciones tecnol\u00f3gicas de primera categor\u00eda, a precios competitivos.<\/p>\n<p style=\"text-align: justify;\">Con ello en mente, Revista Logistec present\u00f3 a 50 ejecutivos del sector log\u00edstico, ligados a diversas industrias (retail 50%, alimentos y bebidas (16%), Transporte de Carga (16, 6%) y otros (18%)) la encuesta \u201cUso de TI en Procesos Log\u00edsticos del Centro de Distribuci\u00f3n\u201d para conocer la experiencia de estos respecto de la implementaci\u00f3n tecnol\u00f3gica en el recinto log\u00edstico por excelencia: el Almac\u00e9n.<\/p>\n<p style=\"text-align: justify;\">A nivel introductorio, se consult\u00f3 a los participantes acerca de la importancia que le confieren al uso de estas tecnolog\u00edas. Seg\u00fan la medici\u00f3n, el 80% de los encuestados consider\u00f3 \u201cImprescindible\u2019 el uso de TIC\u2019s en los procesos ligados a la Cadena de Suministro, mientras el 20% restante lo consider\u00f3 \u201cmuy importante\u201d. En tanto, en lo relacionado al uso e implementaci\u00f3n de este tipo de tecnolog\u00edas, de los 50 ejecutivos convocados aleatoriamente, el 80% sostuvo utilizar alg\u00fan tipo de TIC en su operaci\u00f3n log\u00edstica, mientras que el 20% restante asumi\u00f3 no incorporar ning\u00fan tipo de tecnolog\u00eda de la informaci\u00f3n a sus procesos.<\/p>\n<p><img decoding=\"async\" class=\" size-full wp-image-1093\" src=\"https:\/\/www.revistalogistec.com\/wp-content\/uploads\/2018\/01\/GGraf1_encuestaTICS.png\" alt=\"GGraf1 encuestaTICS\" width=\"800\" height=\"427\" srcset=\"https:\/\/www.revistalogistec.com\/wp-content\/uploads\/2018\/01\/GGraf1_encuestaTICS.png 800w, https:\/\/www.revistalogistec.com\/wp-content\/uploads\/2018\/01\/GGraf1_encuestaTICS-300x160.png 300w, https:\/\/www.revistalogistec.com\/wp-content\/uploads\/2018\/01\/GGraf1_encuestaTICS-768x410.png 768w, https:\/\/www.revistalogistec.com\/wp-content\/uploads\/2018\/01\/GGraf1_encuestaTICS-750x400.png 750w\" sizes=\"(max-width: 800px) 100vw, 800px\" \/><\/p>\n<p style=\"text-align: justify;\">VALORES LIGADOS AL USO DE TIC\u2019S<\/p>\n<p style=\"text-align: justify;\">A partir del universo de encuestados que sostuvo utilizar TIC\u2019s en alguno de los procesos log\u00edsticos que lidera, se consult\u00f3 acerca de los eslabones en los cuales este tipo de herramientas tiene m\u00e1s penetraci\u00f3n. En este punto, el almacenaje log\u00edstico y las tareas de distribuci\u00f3n son \u2013seg\u00fan el sondeo &#8211; los que llevan la delantera con un 50% y 35% de las preferencias, respectivamente.<\/p>\n<p style=\"text-align: justify;\">Ahora bien, en torno al universo general (con y sin implementaci\u00f3n de este tipo de tecnolog\u00edas), el 60% de los encuestados sostuvo \u201cestar interesados en evaluar la implementaci\u00f3n de este tipo de tecnolog\u00edas en los pr\u00f3ximos 12 meses\u201d.<\/p>\n<p><img decoding=\"async\" class=\" size-full wp-image-1094\" src=\"https:\/\/www.revistalogistec.com\/wp-content\/uploads\/2018\/01\/Graf2_encuestaTICS.png\" alt=\"Graf2 encuestaTICS\" width=\"800\" height=\"445\" srcset=\"https:\/\/www.revistalogistec.com\/wp-content\/uploads\/2018\/01\/Graf2_encuestaTICS.png 800w, https:\/\/www.revistalogistec.com\/wp-content\/uploads\/2018\/01\/Graf2_encuestaTICS-300x167.png 300w, https:\/\/www.revistalogistec.com\/wp-content\/uploads\/2018\/01\/Graf2_encuestaTICS-768x427.png 768w, https:\/\/www.revistalogistec.com\/wp-content\/uploads\/2018\/01\/Graf2_encuestaTICS-750x417.png 750w\" sizes=\"(max-width: 800px) 100vw, 800px\" \/><\/p>\n<p style=\"text-align: justify;\">En esta l\u00ednea, consultados respecto a qu\u00e9 tics les interesar\u00eda evaluar o implementar en los pr\u00f3ximos 12 meses, las preferencias nuevamente apuntan a los procesos \u2018warehouse\u2019, considerando que el 67% de las preferencias recae en los Warehouse Managment Systems;&nbsp; mientras que las tecnolog\u00edas ligadas a los procesos de picking,&nbsp; Pick to Light y Voice Picking, alcanzaron un 33% de las preferencias, respectivamente.<\/p>\n<p style=\"text-align: justify;\">\u00bfCU\u00c1LES SON LOS OBJETIVOS QUE PERSIGUIR\u00cdA LA IMPLEMENTACI\u00d3N DE TIC\u2019S EN LOS PROCESOS LOG\u00cdSTICOS DE SU CD?<\/p>\n<p><img decoding=\"async\" class=\" size-full wp-image-1095\" src=\"https:\/\/www.revistalogistec.com\/wp-content\/uploads\/2018\/01\/Graf3_encuestaTICS.png\" alt=\"Graf3 encuestaTICS\" width=\"800\" height=\"543\" srcset=\"https:\/\/www.revistalogistec.com\/wp-content\/uploads\/2018\/01\/Graf3_encuestaTICS.png 800w, https:\/\/www.revistalogistec.com\/wp-content\/uploads\/2018\/01\/Graf3_encuestaTICS-300x204.png 300w, https:\/\/www.revistalogistec.com\/wp-content\/uploads\/2018\/01\/Graf3_encuestaTICS-768x521.png 768w, https:\/\/www.revistalogistec.com\/wp-content\/uploads\/2018\/01\/Graf3_encuestaTICS-750x509.png 750w\" sizes=\"(max-width: 800px) 100vw, 800px\" \/><\/p>\n<p style=\"text-align: justify;\">En torno a los objetivos de la implementaci\u00f3n tecnol\u00f3gica, los encuestados manifestaron su acuerdo a partir de un listado de objetivos propuestos para la elecci\u00f3n m\u00faltiple. Los resultados obtenidos establecen dos dimensiones relevantes a la hora de decidirse por la implementaci\u00f3n: la dimensi\u00f3n procedimental y la financiera, considerando que un 75% de las preferencias establece que el objetivo que persigue con la implementaci\u00f3n es \u201cFacilitar la toma de decisiones\u201d y, en igual porcentaje (75%) los encuestados destacan la \u201cReducci\u00f3n de costos y la mejora del flujo de bienes en la cadena de suministro\u201d.<\/p>\n<p style=\"text-align: justify;\">\u00bfCU\u00c1LES SON LAS CONSIDERACIONES M\u00c1S IMPORTANTES AL MOMENTO DE DECIDIR QU\u00c9&nbsp; TIPO DE TIC\u2019S IMPLEMENTAR\u00c1 Y C\u00d3MO SE HAR\u00c1?<\/p>\n<p style=\"text-align: justify;\">Teniendo en cuenta que la decisi\u00f3n de invertir en tecnolog\u00edas para la cadena de suministro no s\u00f3lo implica un costo asociados a la implementaci\u00f3n propiamente tal, sino tambi\u00e9n al nivel de costos o beneficios que se obtengan a nivel financiero tras la implementaci\u00f3n tecnol\u00f3gica, es consecuente preguntarnos acerca de las consideraciones y resguardos que los ejecutivos perciben como \u2018importantes\u2019 a la hora de tomar la decisi\u00f3n.<\/p>\n<p><img decoding=\"async\" class=\" size-full wp-image-1096\" src=\"https:\/\/www.revistalogistec.com\/wp-content\/uploads\/2018\/01\/Graf4_encuestaTICS.png\" alt=\"Graf4 encuestaTICS\" width=\"800\" height=\"462\" srcset=\"https:\/\/www.revistalogistec.com\/wp-content\/uploads\/2018\/01\/Graf4_encuestaTICS.png 800w, https:\/\/www.revistalogistec.com\/wp-content\/uploads\/2018\/01\/Graf4_encuestaTICS-300x173.png 300w, https:\/\/www.revistalogistec.com\/wp-content\/uploads\/2018\/01\/Graf4_encuestaTICS-768x444.png 768w, https:\/\/www.revistalogistec.com\/wp-content\/uploads\/2018\/01\/Graf4_encuestaTICS-750x433.png 750w\" sizes=\"(max-width: 800px) 100vw, 800px\" \/><\/p>\n<p style=\"text-align: justify;\">A partir de ello, los encuestados consideraron entre las necesidades m\u00e1s relevantes (75%), relacionarse con \u201cproveedores que cuenten con un soporte de consultores especializados durante la implementaci\u00f3n y parametrizaci\u00f3n de la configuraci\u00f3n del software\u201d. En tanto, aspectos como: \u201cQue la herramienta implementada permita la f\u00e1cil construcci\u00f3n de indicadores de Gesti\u00f3n\u201d y \u201cConocer experiencias semejantes de implementaci\u00f3n\u201d, son \u2013en opini\u00f3n de los encuestados- factores a considerar antes y durante la implementaci\u00f3n tecnol\u00f3gica.<\/p>\n","protected":false},"excerpt":{"rendered":"<p style=\"text-align: justify;\">Siempre interesados en conocer aspectos destacados del acontecer log\u00edstico nacional, Revista Logistec realiz\u00f3 un nuevo Estudio orientado a establecer el estado del arte respecto a la implementaci\u00f3n tecnol\u00f3gica en la industria. A continuaci\u00f3n, presentamos los principales resultados de nuestra \u00faltima encuesta denominada: \u201cUso de TICs en Procesos Log\u00edsticos del Centro de Distribuci\u00f3n\u201d.<\/p>\n","protected":false},"author":1,"featured_media":1092,"comment_status":"open","ping_status":"open","sticky":false,"template":"","format":"standard","meta":{"_acf_changed":false,"jnews-multi-image_gallery":[],"jnews_single_post":[],"jnews_primary_category":[],"jnews_social_meta":[],"jnews_override_counter":[],"footnotes":""},"categories":[44],"tags":[],"class_list":["post-1097","post","type-post","status-publish","format-standard","has-post-thumbnail","hentry","category-inventarios"],"acf":[],"yoast_head":"<!-- This site is optimized with the Yoast SEO plugin v27.2 - https:\/\/yoast.com\/product\/yoast-seo-wordpress\/ -->\n<title>USO DE TIC\u2019S EN PROCESOS LOG\u00cdSTICOS DEL CENTRO DE DISTRIBUCI\u00d3N - Revista Logistec<\/title>\n<meta name=\"robots\" content=\"index, follow, max-snippet:-1, max-image-preview:large, max-video-preview:-1\" \/>\n<link rel=\"canonical\" href=\"https:\/\/www.revistalogistec.com\/index.php\/2018\/01\/03\/uso-de-tic-s-en-procesos-logisticos-del-centro-de-distribucion\/\" \/>\n<meta property=\"og:locale\" content=\"es_ES\" \/>\n<meta property=\"og:type\" content=\"article\" \/>\n<meta property=\"og:title\" content=\"USO DE TIC\u2019S EN PROCESOS LOG\u00cdSTICOS DEL CENTRO DE DISTRIBUCI\u00d3N - Revista Logistec\" \/>\n<meta property=\"og:description\" content=\"Siempre interesados en conocer aspectos destacados del acontecer log\u00edstico nacional, Revista Logistec realiz\u00f3 un nuevo Estudio orientado a establecer el estado del arte respecto a la implementaci\u00f3n tecnol\u00f3gica en la industria. A continuaci\u00f3n, presentamos los principales resultados de nuestra \u00faltima encuesta denominada: \u201cUso de TICs en Procesos Log\u00edsticos del Centro de Distribuci\u00f3n\u201d.\" \/>\n<meta property=\"og:url\" content=\"https:\/\/www.revistalogistec.com\/index.php\/2018\/01\/03\/uso-de-tic-s-en-procesos-logisticos-del-centro-de-distribucion\/\" \/>\n<meta property=\"og:site_name\" content=\"Revista Logistec\" \/>\n<meta property=\"article:published_time\" content=\"2018-01-03T17:43:42+00:00\" \/>\n<meta property=\"article:modified_time\" content=\"2025-11-10T23:08:59+00:00\" \/>\n<meta property=\"og:image\" content=\"https:\/\/www.revistalogistec.com\/wp-content\/uploads\/2018\/01\/uso_tics.jpg\" \/>\n\t<meta property=\"og:image:width\" content=\"850\" \/>\n\t<meta property=\"og:image:height\" content=\"571\" \/>\n\t<meta property=\"og:image:type\" content=\"image\/jpeg\" \/>\n<meta name=\"author\" content=\"admin\" \/>\n<meta name=\"twitter:card\" content=\"summary_large_image\" \/>\n<meta name=\"twitter:label1\" content=\"Escrito por\" \/>\n\t<meta name=\"twitter:data1\" content=\"admin\" \/>\n\t<meta name=\"twitter:label2\" content=\"Tiempo de lectura\" \/>\n\t<meta name=\"twitter:data2\" content=\"7 minutos\" \/>\n<script type=\"application\/ld+json\" class=\"yoast-schema-graph\">{\"@context\":\"https:\/\/schema.org\",\"@graph\":[{\"@type\":\"Article\",\"@id\":\"https:\/\/www.revistalogistec.com\/index.php\/2018\/01\/03\/uso-de-tic-s-en-procesos-logisticos-del-centro-de-distribucion\/#article\",\"isPartOf\":{\"@id\":\"https:\/\/www.revistalogistec.com\/index.php\/2018\/01\/03\/uso-de-tic-s-en-procesos-logisticos-del-centro-de-distribucion\/\"},\"author\":{\"name\":\"admin\",\"@id\":\"https:\/\/www.revistalogistec.com\/#\/schema\/person\/b25cced65507282f3fc6eb806b1db4f0\"},\"headline\":\"USO DE TIC\u2019S EN PROCESOS LOG\u00cdSTICOS DEL CENTRO DE DISTRIBUCI\u00d3N\",\"datePublished\":\"2018-01-03T17:43:42+00:00\",\"dateModified\":\"2025-11-10T23:08:59+00:00\",\"mainEntityOfPage\":{\"@id\":\"https:\/\/www.revistalogistec.com\/index.php\/2018\/01\/03\/uso-de-tic-s-en-procesos-logisticos-del-centro-de-distribucion\/\"},\"wordCount\":1425,\"commentCount\":0,\"image\":{\"@id\":\"https:\/\/www.revistalogistec.com\/index.php\/2018\/01\/03\/uso-de-tic-s-en-procesos-logisticos-del-centro-de-distribucion\/#primaryimage\"},\"thumbnailUrl\":\"https:\/\/www.revistalogistec.com\/wp-content\/uploads\/2018\/01\/uso_tics.jpg\",\"articleSection\":[\"INVENTARIOS\"],\"inLanguage\":\"es\"},{\"@type\":\"WebPage\",\"@id\":\"https:\/\/www.revistalogistec.com\/index.php\/2018\/01\/03\/uso-de-tic-s-en-procesos-logisticos-del-centro-de-distribucion\/\",\"url\":\"https:\/\/www.revistalogistec.com\/index.php\/2018\/01\/03\/uso-de-tic-s-en-procesos-logisticos-del-centro-de-distribucion\/\",\"name\":\"USO DE TIC\u2019S EN PROCESOS LOG\u00cdSTICOS DEL CENTRO DE DISTRIBUCI\u00d3N - Revista Logistec\",\"isPartOf\":{\"@id\":\"https:\/\/www.revistalogistec.com\/#website\"},\"primaryImageOfPage\":{\"@id\":\"https:\/\/www.revistalogistec.com\/index.php\/2018\/01\/03\/uso-de-tic-s-en-procesos-logisticos-del-centro-de-distribucion\/#primaryimage\"},\"image\":{\"@id\":\"https:\/\/www.revistalogistec.com\/index.php\/2018\/01\/03\/uso-de-tic-s-en-procesos-logisticos-del-centro-de-distribucion\/#primaryimage\"},\"thumbnailUrl\":\"https:\/\/www.revistalogistec.com\/wp-content\/uploads\/2018\/01\/uso_tics.jpg\",\"datePublished\":\"2018-01-03T17:43:42+00:00\",\"dateModified\":\"2025-11-10T23:08:59+00:00\",\"author\":{\"@id\":\"https:\/\/www.revistalogistec.com\/#\/schema\/person\/b25cced65507282f3fc6eb806b1db4f0\"},\"breadcrumb\":{\"@id\":\"https:\/\/www.revistalogistec.com\/index.php\/2018\/01\/03\/uso-de-tic-s-en-procesos-logisticos-del-centro-de-distribucion\/#breadcrumb\"},\"inLanguage\":\"es\",\"potentialAction\":[{\"@type\":\"ReadAction\",\"target\":[\"https:\/\/www.revistalogistec.com\/index.php\/2018\/01\/03\/uso-de-tic-s-en-procesos-logisticos-del-centro-de-distribucion\/\"]}]},{\"@type\":\"ImageObject\",\"inLanguage\":\"es\",\"@id\":\"https:\/\/www.revistalogistec.com\/index.php\/2018\/01\/03\/uso-de-tic-s-en-procesos-logisticos-del-centro-de-distribucion\/#primaryimage\",\"url\":\"https:\/\/www.revistalogistec.com\/wp-content\/uploads\/2018\/01\/uso_tics.jpg\",\"contentUrl\":\"https:\/\/www.revistalogistec.com\/wp-content\/uploads\/2018\/01\/uso_tics.jpg\",\"width\":850,\"height\":571},{\"@type\":\"BreadcrumbList\",\"@id\":\"https:\/\/www.revistalogistec.com\/index.php\/2018\/01\/03\/uso-de-tic-s-en-procesos-logisticos-del-centro-de-distribucion\/#breadcrumb\",\"itemListElement\":[{\"@type\":\"ListItem\",\"position\":1,\"name\":\"Portada\",\"item\":\"https:\/\/www.revistalogistec.com\/\"},{\"@type\":\"ListItem\",\"position\":2,\"name\":\"USO DE TIC\u2019S EN PROCESOS LOG\u00cdSTICOS DEL CENTRO DE DISTRIBUCI\u00d3N\"}]},{\"@type\":\"WebSite\",\"@id\":\"https:\/\/www.revistalogistec.com\/#website\",\"url\":\"https:\/\/www.revistalogistec.com\/\",\"name\":\"Revista Logistec\",\"description\":\"\",\"potentialAction\":[{\"@type\":\"SearchAction\",\"target\":{\"@type\":\"EntryPoint\",\"urlTemplate\":\"https:\/\/www.revistalogistec.com\/?s={search_term_string}\"},\"query-input\":{\"@type\":\"PropertyValueSpecification\",\"valueRequired\":true,\"valueName\":\"search_term_string\"}}],\"inLanguage\":\"es\"},{\"@type\":\"Person\",\"@id\":\"https:\/\/www.revistalogistec.com\/#\/schema\/person\/b25cced65507282f3fc6eb806b1db4f0\",\"name\":\"admin\",\"image\":{\"@type\":\"ImageObject\",\"inLanguage\":\"es\",\"@id\":\"https:\/\/secure.gravatar.com\/avatar\/94631f712dee24b50f2f12a7caf62df22b2c346945fcff655ce85b674bebf6fd?s=96&d=mm&r=g\",\"url\":\"https:\/\/secure.gravatar.com\/avatar\/94631f712dee24b50f2f12a7caf62df22b2c346945fcff655ce85b674bebf6fd?s=96&d=mm&r=g\",\"contentUrl\":\"https:\/\/secure.gravatar.com\/avatar\/94631f712dee24b50f2f12a7caf62df22b2c346945fcff655ce85b674bebf6fd?s=96&d=mm&r=g\",\"caption\":\"admin\"},\"sameAs\":[\"https:\/\/www.revistalogistec.com\"],\"url\":\"https:\/\/www.revistalogistec.com\/index.php\/author\/admin_revlog\/\"}]}<\/script>\n<!-- \/ Yoast SEO plugin. -->","yoast_head_json":{"title":"USO DE TIC\u2019S EN PROCESOS LOG\u00cdSTICOS DEL CENTRO DE DISTRIBUCI\u00d3N - Revista Logistec","robots":{"index":"index","follow":"follow","max-snippet":"max-snippet:-1","max-image-preview":"max-image-preview:large","max-video-preview":"max-video-preview:-1"},"canonical":"https:\/\/www.revistalogistec.com\/index.php\/2018\/01\/03\/uso-de-tic-s-en-procesos-logisticos-del-centro-de-distribucion\/","og_locale":"es_ES","og_type":"article","og_title":"USO DE TIC\u2019S EN PROCESOS LOG\u00cdSTICOS DEL CENTRO DE DISTRIBUCI\u00d3N - Revista Logistec","og_description":"Siempre interesados en conocer aspectos destacados del acontecer log\u00edstico nacional, Revista Logistec realiz\u00f3 un nuevo Estudio orientado a establecer el estado del arte respecto a la implementaci\u00f3n tecnol\u00f3gica en la industria. A continuaci\u00f3n, presentamos los principales resultados de nuestra \u00faltima encuesta denominada: \u201cUso de TICs en Procesos Log\u00edsticos del Centro de Distribuci\u00f3n\u201d.","og_url":"https:\/\/www.revistalogistec.com\/index.php\/2018\/01\/03\/uso-de-tic-s-en-procesos-logisticos-del-centro-de-distribucion\/","og_site_name":"Revista Logistec","article_published_time":"2018-01-03T17:43:42+00:00","article_modified_time":"2025-11-10T23:08:59+00:00","og_image":[{"width":850,"height":571,"url":"https:\/\/www.revistalogistec.com\/wp-content\/uploads\/2018\/01\/uso_tics.jpg","type":"image\/jpeg"}],"author":"admin","twitter_card":"summary_large_image","twitter_misc":{"Escrito por":"admin","Tiempo de lectura":"7 minutos"},"schema":{"@context":"https:\/\/schema.org","@graph":[{"@type":"Article","@id":"https:\/\/www.revistalogistec.com\/index.php\/2018\/01\/03\/uso-de-tic-s-en-procesos-logisticos-del-centro-de-distribucion\/#article","isPartOf":{"@id":"https:\/\/www.revistalogistec.com\/index.php\/2018\/01\/03\/uso-de-tic-s-en-procesos-logisticos-del-centro-de-distribucion\/"},"author":{"name":"admin","@id":"https:\/\/www.revistalogistec.com\/#\/schema\/person\/b25cced65507282f3fc6eb806b1db4f0"},"headline":"USO DE TIC\u2019S EN PROCESOS LOG\u00cdSTICOS DEL CENTRO DE DISTRIBUCI\u00d3N","datePublished":"2018-01-03T17:43:42+00:00","dateModified":"2025-11-10T23:08:59+00:00","mainEntityOfPage":{"@id":"https:\/\/www.revistalogistec.com\/index.php\/2018\/01\/03\/uso-de-tic-s-en-procesos-logisticos-del-centro-de-distribucion\/"},"wordCount":1425,"commentCount":0,"image":{"@id":"https:\/\/www.revistalogistec.com\/index.php\/2018\/01\/03\/uso-de-tic-s-en-procesos-logisticos-del-centro-de-distribucion\/#primaryimage"},"thumbnailUrl":"https:\/\/www.revistalogistec.com\/wp-content\/uploads\/2018\/01\/uso_tics.jpg","articleSection":["INVENTARIOS"],"inLanguage":"es"},{"@type":"WebPage","@id":"https:\/\/www.revistalogistec.com\/index.php\/2018\/01\/03\/uso-de-tic-s-en-procesos-logisticos-del-centro-de-distribucion\/","url":"https:\/\/www.revistalogistec.com\/index.php\/2018\/01\/03\/uso-de-tic-s-en-procesos-logisticos-del-centro-de-distribucion\/","name":"USO DE TIC\u2019S EN PROCESOS LOG\u00cdSTICOS DEL CENTRO DE DISTRIBUCI\u00d3N - Revista Logistec","isPartOf":{"@id":"https:\/\/www.revistalogistec.com\/#website"},"primaryImageOfPage":{"@id":"https:\/\/www.revistalogistec.com\/index.php\/2018\/01\/03\/uso-de-tic-s-en-procesos-logisticos-del-centro-de-distribucion\/#primaryimage"},"image":{"@id":"https:\/\/www.revistalogistec.com\/index.php\/2018\/01\/03\/uso-de-tic-s-en-procesos-logisticos-del-centro-de-distribucion\/#primaryimage"},"thumbnailUrl":"https:\/\/www.revistalogistec.com\/wp-content\/uploads\/2018\/01\/uso_tics.jpg","datePublished":"2018-01-03T17:43:42+00:00","dateModified":"2025-11-10T23:08:59+00:00","author":{"@id":"https:\/\/www.revistalogistec.com\/#\/schema\/person\/b25cced65507282f3fc6eb806b1db4f0"},"breadcrumb":{"@id":"https:\/\/www.revistalogistec.com\/index.php\/2018\/01\/03\/uso-de-tic-s-en-procesos-logisticos-del-centro-de-distribucion\/#breadcrumb"},"inLanguage":"es","potentialAction":[{"@type":"ReadAction","target":["https:\/\/www.revistalogistec.com\/index.php\/2018\/01\/03\/uso-de-tic-s-en-procesos-logisticos-del-centro-de-distribucion\/"]}]},{"@type":"ImageObject","inLanguage":"es","@id":"https:\/\/www.revistalogistec.com\/index.php\/2018\/01\/03\/uso-de-tic-s-en-procesos-logisticos-del-centro-de-distribucion\/#primaryimage","url":"https:\/\/www.revistalogistec.com\/wp-content\/uploads\/2018\/01\/uso_tics.jpg","contentUrl":"https:\/\/www.revistalogistec.com\/wp-content\/uploads\/2018\/01\/uso_tics.jpg","width":850,"height":571},{"@type":"BreadcrumbList","@id":"https:\/\/www.revistalogistec.com\/index.php\/2018\/01\/03\/uso-de-tic-s-en-procesos-logisticos-del-centro-de-distribucion\/#breadcrumb","itemListElement":[{"@type":"ListItem","position":1,"name":"Portada","item":"https:\/\/www.revistalogistec.com\/"},{"@type":"ListItem","position":2,"name":"USO DE TIC\u2019S EN PROCESOS LOG\u00cdSTICOS DEL CENTRO DE DISTRIBUCI\u00d3N"}]},{"@type":"WebSite","@id":"https:\/\/www.revistalogistec.com\/#website","url":"https:\/\/www.revistalogistec.com\/","name":"Revista Logistec","description":"","potentialAction":[{"@type":"SearchAction","target":{"@type":"EntryPoint","urlTemplate":"https:\/\/www.revistalogistec.com\/?s={search_term_string}"},"query-input":{"@type":"PropertyValueSpecification","valueRequired":true,"valueName":"search_term_string"}}],"inLanguage":"es"},{"@type":"Person","@id":"https:\/\/www.revistalogistec.com\/#\/schema\/person\/b25cced65507282f3fc6eb806b1db4f0","name":"admin","image":{"@type":"ImageObject","inLanguage":"es","@id":"https:\/\/secure.gravatar.com\/avatar\/94631f712dee24b50f2f12a7caf62df22b2c346945fcff655ce85b674bebf6fd?s=96&d=mm&r=g","url":"https:\/\/secure.gravatar.com\/avatar\/94631f712dee24b50f2f12a7caf62df22b2c346945fcff655ce85b674bebf6fd?s=96&d=mm&r=g","contentUrl":"https:\/\/secure.gravatar.com\/avatar\/94631f712dee24b50f2f12a7caf62df22b2c346945fcff655ce85b674bebf6fd?s=96&d=mm&r=g","caption":"admin"},"sameAs":["https:\/\/www.revistalogistec.com"],"url":"https:\/\/www.revistalogistec.com\/index.php\/author\/admin_revlog\/"}]}},"_links":{"self":[{"href":"https:\/\/www.revistalogistec.com\/index.php\/wp-json\/wp\/v2\/posts\/1097","targetHints":{"allow":["GET"]}}],"collection":[{"href":"https:\/\/www.revistalogistec.com\/index.php\/wp-json\/wp\/v2\/posts"}],"about":[{"href":"https:\/\/www.revistalogistec.com\/index.php\/wp-json\/wp\/v2\/types\/post"}],"author":[{"embeddable":true,"href":"https:\/\/www.revistalogistec.com\/index.php\/wp-json\/wp\/v2\/users\/1"}],"replies":[{"embeddable":true,"href":"https:\/\/www.revistalogistec.com\/index.php\/wp-json\/wp\/v2\/comments?post=1097"}],"version-history":[{"count":0,"href":"https:\/\/www.revistalogistec.com\/index.php\/wp-json\/wp\/v2\/posts\/1097\/revisions"}],"wp:featuredmedia":[{"embeddable":true,"href":"https:\/\/www.revistalogistec.com\/index.php\/wp-json\/wp\/v2\/media\/1092"}],"wp:attachment":[{"href":"https:\/\/www.revistalogistec.com\/index.php\/wp-json\/wp\/v2\/media?parent=1097"}],"wp:term":[{"taxonomy":"category","embeddable":true,"href":"https:\/\/www.revistalogistec.com\/index.php\/wp-json\/wp\/v2\/categories?post=1097"},{"taxonomy":"post_tag","embeddable":true,"href":"https:\/\/www.revistalogistec.com\/index.php\/wp-json\/wp\/v2\/tags?post=1097"}],"curies":[{"name":"wp","href":"https:\/\/api.w.org\/{rel}","templated":true}]}}