{"id":11269,"date":"2023-03-21T13:23:22","date_gmt":"2023-03-21T13:23:22","guid":{"rendered":"https:\/\/www.revistalogistec.com\/index.php\/2023\/03\/21\/iti-obtiene-sellos-de-reduccion-y-cuantificacion-de-huella-de-carbono\/"},"modified":"2023-03-21T13:23:22","modified_gmt":"2023-03-21T13:23:22","slug":"iti-obtiene-sellos-de-reduccion-y-cuantificacion-de-huella-de-carbono","status":"publish","type":"post","link":"https:\/\/www.revistalogistec.com\/index.php\/2023\/03\/21\/iti-obtiene-sellos-de-reduccion-y-cuantificacion-de-huella-de-carbono\/","title":{"rendered":"ITI OBTIENE SELLOS DE REDUCCI\u00d3N Y CUANTIFICACI\u00d3N DE HUELLA DE CARBONO"},"content":{"rendered":"<p style=\"text-align: justify;\">Iquique Terminal Internacional (ITI) obtuvo los sellos de reducci\u00f3n y cuantificaci\u00f3n de la huella de carbono otorgados por Huella Chile.<\/p>\n<p style=\"text-align: justify;\">La encargada de Medioambiente de ITI, Jocelyne Ram\u00edrez, destac\u00f3 el logro e indic\u00f3 que todo el equipo est\u00e1 comprometido con una gesti\u00f3n sostenible. \u201cUna de nuestras prioridades es generar valor para nuestras partes interesadas y, en esa l\u00ednea, buscamos ir reduciendo las emisiones en el desarrollo de las operaciones portuarias.<\/p>\n<p style=\"text-align: justify;\">La obtenci\u00f3n de estos sellos otorgados por Huella Chile es un incentivo para el trabajo que hemos venido ejecutando y que aspiramos a prolongar en el tiempo a trav\u00e9s de proyectos de econom\u00eda circular que forman parte de la estrategia de sostenibilidad de la empresa\u201d, explic\u00f3.<\/p>\n<p style=\"text-align: justify;\">Para el c\u00e1lculo, que se realiza en ITI desde el 2014, se consideran tres categor\u00edas: emisiones generadas por el consumo de combustible adquirido por la organizaci\u00f3n, por el uso de energ\u00eda el\u00e9ctrica y las generadas por terceros, por ejemplo, camiones que retiran carga, arriendo de equipos, entre otros.<\/p>\n","protected":false},"excerpt":{"rendered":"<p style=\"text-align: justify;\">Iquique Terminal Internacional (ITI) obtuvo los sellos de reducci\u00f3n y cuantificaci\u00f3n de la huella de carbono otorgados por Huella Chile.<\/p>\n","protected":false},"author":1,"featured_media":11265,"comment_status":"open","ping_status":"open","sticky":false,"template":"","format":"standard","meta":{"_acf_changed":false,"jnews-multi-image_gallery":[],"jnews_single_post":[],"jnews_primary_category":[],"jnews_social_meta":[],"jnews_override_counter":[],"footnotes":""},"categories":[12],"tags":[],"class_list":["post-11269","post","type-post","status-publish","format-standard","has-post-thumbnail","hentry","category-noticias-industria"],"acf":[],"yoast_head":"<!-- This site is optimized with the Yoast SEO plugin v27.2 - https:\/\/yoast.com\/product\/yoast-seo-wordpress\/ -->\n<title>ITI OBTIENE SELLOS DE REDUCCI\u00d3N Y CUANTIFICACI\u00d3N DE HUELLA DE CARBONO - Revista Logistec<\/title>\n<meta name=\"robots\" content=\"index, follow, max-snippet:-1, max-image-preview:large, max-video-preview:-1\" \/>\n<link rel=\"canonical\" href=\"https:\/\/www.revistalogistec.com\/index.php\/2023\/03\/21\/iti-obtiene-sellos-de-reduccion-y-cuantificacion-de-huella-de-carbono\/\" \/>\n<meta property=\"og:locale\" content=\"es_ES\" \/>\n<meta property=\"og:type\" content=\"article\" \/>\n<meta property=\"og:title\" content=\"ITI OBTIENE SELLOS DE REDUCCI\u00d3N Y CUANTIFICACI\u00d3N DE HUELLA DE CARBONO - Revista Logistec\" \/>\n<meta property=\"og:description\" content=\"Iquique Terminal Internacional (ITI) obtuvo los sellos de reducci\u00f3n y cuantificaci\u00f3n de la huella de carbono otorgados por Huella Chile.\" \/>\n<meta property=\"og:url\" content=\"https:\/\/www.revistalogistec.com\/index.php\/2023\/03\/21\/iti-obtiene-sellos-de-reduccion-y-cuantificacion-de-huella-de-carbono\/\" \/>\n<meta property=\"og:site_name\" content=\"Revista Logistec\" \/>\n<meta property=\"article:published_time\" content=\"2023-03-21T13:23:22+00:00\" \/>\n<meta property=\"og:image\" content=\"https:\/\/www.revistalogistec.com\/wp-content\/uploads\/2023\/03\/ITI-puerto.png\" \/>\n\t<meta property=\"og:image:width\" content=\"850\" \/>\n\t<meta property=\"og:image:height\" content=\"518\" \/>\n\t<meta property=\"og:image:type\" content=\"image\/png\" \/>\n<meta name=\"author\" content=\"admin\" \/>\n<meta name=\"twitter:card\" content=\"summary_large_image\" \/>\n<meta name=\"twitter:label1\" content=\"Escrito por\" \/>\n\t<meta name=\"twitter:data1\" content=\"admin\" \/>\n\t<meta name=\"twitter:label2\" content=\"Tiempo de lectura\" \/>\n\t<meta name=\"twitter:data2\" content=\"1 minuto\" \/>\n<script type=\"application\/ld+json\" class=\"yoast-schema-graph\">{\"@context\":\"https:\/\/schema.org\",\"@graph\":[{\"@type\":\"Article\",\"@id\":\"https:\/\/www.revistalogistec.com\/index.php\/2023\/03\/21\/iti-obtiene-sellos-de-reduccion-y-cuantificacion-de-huella-de-carbono\/#article\",\"isPartOf\":{\"@id\":\"https:\/\/www.revistalogistec.com\/index.php\/2023\/03\/21\/iti-obtiene-sellos-de-reduccion-y-cuantificacion-de-huella-de-carbono\/\"},\"author\":{\"name\":\"admin\",\"@id\":\"https:\/\/www.revistalogistec.com\/#\/schema\/person\/b25cced65507282f3fc6eb806b1db4f0\"},\"headline\":\"ITI OBTIENE SELLOS DE REDUCCI\u00d3N Y CUANTIFICACI\u00d3N DE HUELLA DE CARBONO\",\"datePublished\":\"2023-03-21T13:23:22+00:00\",\"mainEntityOfPage\":{\"@id\":\"https:\/\/www.revistalogistec.com\/index.php\/2023\/03\/21\/iti-obtiene-sellos-de-reduccion-y-cuantificacion-de-huella-de-carbono\/\"},\"wordCount\":189,\"commentCount\":0,\"image\":{\"@id\":\"https:\/\/www.revistalogistec.com\/index.php\/2023\/03\/21\/iti-obtiene-sellos-de-reduccion-y-cuantificacion-de-huella-de-carbono\/#primaryimage\"},\"thumbnailUrl\":\"https:\/\/www.revistalogistec.com\/wp-content\/uploads\/2023\/03\/ITI-puerto.png\",\"articleSection\":[\"NOTICIAS INDUSTRIA\"],\"inLanguage\":\"es\"},{\"@type\":\"WebPage\",\"@id\":\"https:\/\/www.revistalogistec.com\/index.php\/2023\/03\/21\/iti-obtiene-sellos-de-reduccion-y-cuantificacion-de-huella-de-carbono\/\",\"url\":\"https:\/\/www.revistalogistec.com\/index.php\/2023\/03\/21\/iti-obtiene-sellos-de-reduccion-y-cuantificacion-de-huella-de-carbono\/\",\"name\":\"ITI OBTIENE SELLOS DE REDUCCI\u00d3N Y CUANTIFICACI\u00d3N DE HUELLA DE CARBONO - Revista Logistec\",\"isPartOf\":{\"@id\":\"https:\/\/www.revistalogistec.com\/#website\"},\"primaryImageOfPage\":{\"@id\":\"https:\/\/www.revistalogistec.com\/index.php\/2023\/03\/21\/iti-obtiene-sellos-de-reduccion-y-cuantificacion-de-huella-de-carbono\/#primaryimage\"},\"image\":{\"@id\":\"https:\/\/www.revistalogistec.com\/index.php\/2023\/03\/21\/iti-obtiene-sellos-de-reduccion-y-cuantificacion-de-huella-de-carbono\/#primaryimage\"},\"thumbnailUrl\":\"https:\/\/www.revistalogistec.com\/wp-content\/uploads\/2023\/03\/ITI-puerto.png\",\"datePublished\":\"2023-03-21T13:23:22+00:00\",\"author\":{\"@id\":\"https:\/\/www.revistalogistec.com\/#\/schema\/person\/b25cced65507282f3fc6eb806b1db4f0\"},\"breadcrumb\":{\"@id\":\"https:\/\/www.revistalogistec.com\/index.php\/2023\/03\/21\/iti-obtiene-sellos-de-reduccion-y-cuantificacion-de-huella-de-carbono\/#breadcrumb\"},\"inLanguage\":\"es\",\"potentialAction\":[{\"@type\":\"ReadAction\",\"target\":[\"https:\/\/www.revistalogistec.com\/index.php\/2023\/03\/21\/iti-obtiene-sellos-de-reduccion-y-cuantificacion-de-huella-de-carbono\/\"]}]},{\"@type\":\"ImageObject\",\"inLanguage\":\"es\",\"@id\":\"https:\/\/www.revistalogistec.com\/index.php\/2023\/03\/21\/iti-obtiene-sellos-de-reduccion-y-cuantificacion-de-huella-de-carbono\/#primaryimage\",\"url\":\"https:\/\/www.revistalogistec.com\/wp-content\/uploads\/2023\/03\/ITI-puerto.png\",\"contentUrl\":\"https:\/\/www.revistalogistec.com\/wp-content\/uploads\/2023\/03\/ITI-puerto.png\",\"width\":850,\"height\":518},{\"@type\":\"BreadcrumbList\",\"@id\":\"https:\/\/www.revistalogistec.com\/index.php\/2023\/03\/21\/iti-obtiene-sellos-de-reduccion-y-cuantificacion-de-huella-de-carbono\/#breadcrumb\",\"itemListElement\":[{\"@type\":\"ListItem\",\"position\":1,\"name\":\"Portada\",\"item\":\"https:\/\/www.revistalogistec.com\/\"},{\"@type\":\"ListItem\",\"position\":2,\"name\":\"ITI OBTIENE SELLOS DE REDUCCI\u00d3N Y CUANTIFICACI\u00d3N DE HUELLA DE CARBONO\"}]},{\"@type\":\"WebSite\",\"@id\":\"https:\/\/www.revistalogistec.com\/#website\",\"url\":\"https:\/\/www.revistalogistec.com\/\",\"name\":\"Revista Logistec\",\"description\":\"\",\"potentialAction\":[{\"@type\":\"SearchAction\",\"target\":{\"@type\":\"EntryPoint\",\"urlTemplate\":\"https:\/\/www.revistalogistec.com\/?s={search_term_string}\"},\"query-input\":{\"@type\":\"PropertyValueSpecification\",\"valueRequired\":true,\"valueName\":\"search_term_string\"}}],\"inLanguage\":\"es\"},{\"@type\":\"Person\",\"@id\":\"https:\/\/www.revistalogistec.com\/#\/schema\/person\/b25cced65507282f3fc6eb806b1db4f0\",\"name\":\"admin\",\"image\":{\"@type\":\"ImageObject\",\"inLanguage\":\"es\",\"@id\":\"https:\/\/secure.gravatar.com\/avatar\/94631f712dee24b50f2f12a7caf62df22b2c346945fcff655ce85b674bebf6fd?s=96&d=mm&r=g\",\"url\":\"https:\/\/secure.gravatar.com\/avatar\/94631f712dee24b50f2f12a7caf62df22b2c346945fcff655ce85b674bebf6fd?s=96&d=mm&r=g\",\"contentUrl\":\"https:\/\/secure.gravatar.com\/avatar\/94631f712dee24b50f2f12a7caf62df22b2c346945fcff655ce85b674bebf6fd?s=96&d=mm&r=g\",\"caption\":\"admin\"},\"sameAs\":[\"https:\/\/www.revistalogistec.com\"],\"url\":\"https:\/\/www.revistalogistec.com\/index.php\/author\/admin_revlog\/\"}]}<\/script>\n<!-- \/ Yoast SEO plugin. -->","yoast_head_json":{"title":"ITI OBTIENE SELLOS DE REDUCCI\u00d3N Y CUANTIFICACI\u00d3N DE HUELLA DE CARBONO - Revista Logistec","robots":{"index":"index","follow":"follow","max-snippet":"max-snippet:-1","max-image-preview":"max-image-preview:large","max-video-preview":"max-video-preview:-1"},"canonical":"https:\/\/www.revistalogistec.com\/index.php\/2023\/03\/21\/iti-obtiene-sellos-de-reduccion-y-cuantificacion-de-huella-de-carbono\/","og_locale":"es_ES","og_type":"article","og_title":"ITI OBTIENE SELLOS DE REDUCCI\u00d3N Y CUANTIFICACI\u00d3N DE HUELLA DE CARBONO - Revista Logistec","og_description":"Iquique Terminal Internacional (ITI) obtuvo los sellos de reducci\u00f3n y cuantificaci\u00f3n de la huella de carbono otorgados por Huella Chile.","og_url":"https:\/\/www.revistalogistec.com\/index.php\/2023\/03\/21\/iti-obtiene-sellos-de-reduccion-y-cuantificacion-de-huella-de-carbono\/","og_site_name":"Revista Logistec","article_published_time":"2023-03-21T13:23:22+00:00","og_image":[{"width":850,"height":518,"url":"https:\/\/www.revistalogistec.com\/wp-content\/uploads\/2023\/03\/ITI-puerto.png","type":"image\/png"}],"author":"admin","twitter_card":"summary_large_image","twitter_misc":{"Escrito por":"admin","Tiempo de lectura":"1 minuto"},"schema":{"@context":"https:\/\/schema.org","@graph":[{"@type":"Article","@id":"https:\/\/www.revistalogistec.com\/index.php\/2023\/03\/21\/iti-obtiene-sellos-de-reduccion-y-cuantificacion-de-huella-de-carbono\/#article","isPartOf":{"@id":"https:\/\/www.revistalogistec.com\/index.php\/2023\/03\/21\/iti-obtiene-sellos-de-reduccion-y-cuantificacion-de-huella-de-carbono\/"},"author":{"name":"admin","@id":"https:\/\/www.revistalogistec.com\/#\/schema\/person\/b25cced65507282f3fc6eb806b1db4f0"},"headline":"ITI OBTIENE SELLOS DE REDUCCI\u00d3N Y CUANTIFICACI\u00d3N DE HUELLA DE CARBONO","datePublished":"2023-03-21T13:23:22+00:00","mainEntityOfPage":{"@id":"https:\/\/www.revistalogistec.com\/index.php\/2023\/03\/21\/iti-obtiene-sellos-de-reduccion-y-cuantificacion-de-huella-de-carbono\/"},"wordCount":189,"commentCount":0,"image":{"@id":"https:\/\/www.revistalogistec.com\/index.php\/2023\/03\/21\/iti-obtiene-sellos-de-reduccion-y-cuantificacion-de-huella-de-carbono\/#primaryimage"},"thumbnailUrl":"https:\/\/www.revistalogistec.com\/wp-content\/uploads\/2023\/03\/ITI-puerto.png","articleSection":["NOTICIAS INDUSTRIA"],"inLanguage":"es"},{"@type":"WebPage","@id":"https:\/\/www.revistalogistec.com\/index.php\/2023\/03\/21\/iti-obtiene-sellos-de-reduccion-y-cuantificacion-de-huella-de-carbono\/","url":"https:\/\/www.revistalogistec.com\/index.php\/2023\/03\/21\/iti-obtiene-sellos-de-reduccion-y-cuantificacion-de-huella-de-carbono\/","name":"ITI OBTIENE SELLOS DE REDUCCI\u00d3N Y CUANTIFICACI\u00d3N DE HUELLA DE CARBONO - Revista Logistec","isPartOf":{"@id":"https:\/\/www.revistalogistec.com\/#website"},"primaryImageOfPage":{"@id":"https:\/\/www.revistalogistec.com\/index.php\/2023\/03\/21\/iti-obtiene-sellos-de-reduccion-y-cuantificacion-de-huella-de-carbono\/#primaryimage"},"image":{"@id":"https:\/\/www.revistalogistec.com\/index.php\/2023\/03\/21\/iti-obtiene-sellos-de-reduccion-y-cuantificacion-de-huella-de-carbono\/#primaryimage"},"thumbnailUrl":"https:\/\/www.revistalogistec.com\/wp-content\/uploads\/2023\/03\/ITI-puerto.png","datePublished":"2023-03-21T13:23:22+00:00","author":{"@id":"https:\/\/www.revistalogistec.com\/#\/schema\/person\/b25cced65507282f3fc6eb806b1db4f0"},"breadcrumb":{"@id":"https:\/\/www.revistalogistec.com\/index.php\/2023\/03\/21\/iti-obtiene-sellos-de-reduccion-y-cuantificacion-de-huella-de-carbono\/#breadcrumb"},"inLanguage":"es","potentialAction":[{"@type":"ReadAction","target":["https:\/\/www.revistalogistec.com\/index.php\/2023\/03\/21\/iti-obtiene-sellos-de-reduccion-y-cuantificacion-de-huella-de-carbono\/"]}]},{"@type":"ImageObject","inLanguage":"es","@id":"https:\/\/www.revistalogistec.com\/index.php\/2023\/03\/21\/iti-obtiene-sellos-de-reduccion-y-cuantificacion-de-huella-de-carbono\/#primaryimage","url":"https:\/\/www.revistalogistec.com\/wp-content\/uploads\/2023\/03\/ITI-puerto.png","contentUrl":"https:\/\/www.revistalogistec.com\/wp-content\/uploads\/2023\/03\/ITI-puerto.png","width":850,"height":518},{"@type":"BreadcrumbList","@id":"https:\/\/www.revistalogistec.com\/index.php\/2023\/03\/21\/iti-obtiene-sellos-de-reduccion-y-cuantificacion-de-huella-de-carbono\/#breadcrumb","itemListElement":[{"@type":"ListItem","position":1,"name":"Portada","item":"https:\/\/www.revistalogistec.com\/"},{"@type":"ListItem","position":2,"name":"ITI OBTIENE SELLOS DE REDUCCI\u00d3N Y CUANTIFICACI\u00d3N DE HUELLA DE CARBONO"}]},{"@type":"WebSite","@id":"https:\/\/www.revistalogistec.com\/#website","url":"https:\/\/www.revistalogistec.com\/","name":"Revista Logistec","description":"","potentialAction":[{"@type":"SearchAction","target":{"@type":"EntryPoint","urlTemplate":"https:\/\/www.revistalogistec.com\/?s={search_term_string}"},"query-input":{"@type":"PropertyValueSpecification","valueRequired":true,"valueName":"search_term_string"}}],"inLanguage":"es"},{"@type":"Person","@id":"https:\/\/www.revistalogistec.com\/#\/schema\/person\/b25cced65507282f3fc6eb806b1db4f0","name":"admin","image":{"@type":"ImageObject","inLanguage":"es","@id":"https:\/\/secure.gravatar.com\/avatar\/94631f712dee24b50f2f12a7caf62df22b2c346945fcff655ce85b674bebf6fd?s=96&d=mm&r=g","url":"https:\/\/secure.gravatar.com\/avatar\/94631f712dee24b50f2f12a7caf62df22b2c346945fcff655ce85b674bebf6fd?s=96&d=mm&r=g","contentUrl":"https:\/\/secure.gravatar.com\/avatar\/94631f712dee24b50f2f12a7caf62df22b2c346945fcff655ce85b674bebf6fd?s=96&d=mm&r=g","caption":"admin"},"sameAs":["https:\/\/www.revistalogistec.com"],"url":"https:\/\/www.revistalogistec.com\/index.php\/author\/admin_revlog\/"}]}},"_links":{"self":[{"href":"https:\/\/www.revistalogistec.com\/index.php\/wp-json\/wp\/v2\/posts\/11269","targetHints":{"allow":["GET"]}}],"collection":[{"href":"https:\/\/www.revistalogistec.com\/index.php\/wp-json\/wp\/v2\/posts"}],"about":[{"href":"https:\/\/www.revistalogistec.com\/index.php\/wp-json\/wp\/v2\/types\/post"}],"author":[{"embeddable":true,"href":"https:\/\/www.revistalogistec.com\/index.php\/wp-json\/wp\/v2\/users\/1"}],"replies":[{"embeddable":true,"href":"https:\/\/www.revistalogistec.com\/index.php\/wp-json\/wp\/v2\/comments?post=11269"}],"version-history":[{"count":0,"href":"https:\/\/www.revistalogistec.com\/index.php\/wp-json\/wp\/v2\/posts\/11269\/revisions"}],"wp:featuredmedia":[{"embeddable":true,"href":"https:\/\/www.revistalogistec.com\/index.php\/wp-json\/wp\/v2\/media\/11265"}],"wp:attachment":[{"href":"https:\/\/www.revistalogistec.com\/index.php\/wp-json\/wp\/v2\/media?parent=11269"}],"wp:term":[{"taxonomy":"category","embeddable":true,"href":"https:\/\/www.revistalogistec.com\/index.php\/wp-json\/wp\/v2\/categories?post=11269"},{"taxonomy":"post_tag","embeddable":true,"href":"https:\/\/www.revistalogistec.com\/index.php\/wp-json\/wp\/v2\/tags?post=11269"}],"curies":[{"name":"wp","href":"https:\/\/api.w.org\/{rel}","templated":true}]}}