{"id":11296,"date":"2023-03-22T13:09:15","date_gmt":"2023-03-22T13:09:15","guid":{"rendered":"https:\/\/www.revistalogistec.com\/index.php\/2023\/03\/22\/un-centenar-de-profesionales-abordan-los-avances-en-ia-y-robotica-en-logistica-en-zaragoza-logistics-center\/"},"modified":"2023-03-22T13:09:15","modified_gmt":"2023-03-22T13:09:15","slug":"un-centenar-de-profesionales-abordan-los-avances-en-ia-y-robotica-en-logistica-en-zaragoza-logistics-center","status":"publish","type":"post","link":"https:\/\/www.revistalogistec.com\/index.php\/2023\/03\/22\/un-centenar-de-profesionales-abordan-los-avances-en-ia-y-robotica-en-logistica-en-zaragoza-logistics-center\/","title":{"rendered":"UN CENTENAR DE PROFESIONALES ABORDAN  LOS AVANCES EN IA Y ROB\u00d3TICA EN LOG\u00cdSTICA  EN ZARAGOZA LOGISTICS CENTER"},"content":{"rendered":"<p style=\"text-align: justify;\">La jornada \u201cAutomatizaci\u00f3n, Gamificaci\u00f3n, Inteligencia Artificial y Robotizaci\u00f3n de procesos log\u00edsticos\u201d ha sido organizada por el Centro Espa\u00f1ol de Log\u00edstica (CEL) y el centro de formaci\u00f3n e investigaci\u00f3n Zaragoza Logistics Center (ZLC).&nbsp;En las sesiones se ha puesto de manifiesto que la automatizaci\u00f3n y la robotizaci\u00f3n son fundamentales para mejorar la resiliencia y la competitividad, as\u00ed como la importancia de la formaci\u00f3n de sus profesionales.<\/p>\n<p style=\"text-align: justify;\">Un centenar de profesionales de \u00e1reas de log\u00edstica y cadena de suministro han asistido a la jornada \u201cAutomatizaci\u00f3n, Gamificaci\u00f3n, Inteligencia Artificial y Robotizaci\u00f3n de procesos log\u00edsticos\u201d organizada por CEL (Centro Espa\u00f1ol de Log\u00edstica) y el centro de formaci\u00f3n e investigaci\u00f3n Zaragoza Logistics Center (ZLC), que se ha celebrado en el campus de este centro este mi\u00e9rcoles.<\/p>\n<p style=\"text-align: justify;\">Una jornada \u201cenfocada a la mejora y adopci\u00f3n de los m\u00faltiples usos de las nuevas tecnolog\u00edas en los procesos log\u00edsticos, as\u00ed como a vislumbrar hacia d\u00f3nde nos encaminamos dados los nuevos avances del sector\u201d, ha apuntado en la inauguraci\u00f3n la directora de ZLC, Susana Val, para quien \u201cse est\u00e1 demostrando que la formaci\u00f3n en nuevas tecnolog\u00edas y sus aplicaciones, constituyen ya una parte fundamental y necesaria de los programas docentes en log\u00edstica, tal y como se observa en las competencias demandadas para cubrir toda la parte de intralog\u00edstica de las empresas, as\u00ed como las de transporte y distribuci\u00f3n\u201d.<\/p>\n<p style=\"text-align: justify;\">Por su parte, \u00c1ngel Gil, vicepresidente del Centro Espa\u00f1ol de Log\u00edstica, ha abundado en la disyuntiva entre la adaptaci\u00f3n \u201cde las personas a los productos o de los productos a las personas\u201d, y ha destacado que \u201cla movilidad en la intralog\u00edstica est\u00e1 avanzando en las empresas, especialmente en aquellas que requieren de una gran rapidez de respuesta en la preparaci\u00f3n de sus pedidos\u201d.<\/p>\n<p style=\"text-align: justify;\">Ram\u00f3n Garc\u00eda, director general del Centro Espa\u00f1ol de Log\u00edstica, ha impartido una sesi\u00f3n sobre la realidad virtual como herramienta para la simulaci\u00f3n de procesos, en la que ha puesto de manifiesto que \u201cla automatizaci\u00f3n y robotizaci\u00f3n son fundamentales para mejorar la eficiencia, la competitividad y resiliencia en Europa, y para conseguir generar ventajas competitivas sostenibles sobre los pa\u00edses de bajo coste\u201d, una implementaci\u00f3n, ha reconocido Garc\u00eda, que \u201cpresenta desaf\u00edos que deben ser abordados cuanto antes, como superar el estado del arte, adecuar normativas y contar con profesionales con visi\u00f3n de negocio\u201d. Ha incidido adem\u00e1s en la importancia de crear programas formativos en las empresas para paliar la falta de t\u00e9cnicos que contribuyan a esa implementaci\u00f3n de manera exitosa.<\/p>\n<p style=\"text-align: justify;\">La jornada ha abordado la Inteligencia Artificial aplicada a los procesos log\u00edsticos en sendas intervenciones de Yasel Costa, profesor y director del programa de doctorado de ZLC; de Javier Or\u00fas, director y cofundador de PREDICTLAND; y de Gerard Ester Puig, responsable de Visi\u00f3n Artificial en SICK Espa\u00f1a.<\/p>\n<p style=\"text-align: justify;\">Carlos Marco, responsable de Sistemas de Control Industrial de Smartlog ha tratado la rob\u00f3tica m\u00f3vil basada en datos; Juli\u00e1n de la Azuela, Senior Sales Manager Logistics Solutions de SSI Schaefer Iberia ha hablado de la rob\u00f3tica como elemento de mejora de la escalabilidad y flexibilidad a los procesos intralog\u00edsticos; Antonio Pe\u00f1a, Head of Sales de Element Logic Espa\u00f1a, de almacenamiento compacto y picking automatizado de alto rendimiento, y Federico Peir\u00f3, Sales Manager Exotec by Dexter ha expuesto casos de \u00e9xito B2B y B2C en robotizaci\u00f3n.<\/p>\n<p style=\"text-align: justify;\">La jornada concluye con una mesa redonda sobre todos estos ejes tem\u00e1ticos con la participaci\u00f3n de Crist\u00f3bal Soriano, Area Manager Supervisor de Modula; Santiago Blasco, Delivery Station Manager en Amazon; Jos\u00e9 Luis Mart\u00ed, CEO de Tatoma, y Jos\u00e9 Pascual Gu\u00edu, CTO de Moontech, y moderada por Susana Val.<\/p>\n<p style=\"text-align: justify;\">Sobre el Centro Espa\u00f1ol del Log\u00edstica (CEL)<\/p>\n<p style=\"text-align: justify;\">Desde 1978, el Centro Espa\u00f1ol de Log\u00edstica (CEL) es la asociaci\u00f3n de referencia nacional e internacional para la gesti\u00f3n de la cadena de suministro en Espa\u00f1a. Est\u00e1 centrada en aportar valor a sus socios a trav\u00e9s del conocimiento y la innovaci\u00f3n en la gesti\u00f3n log\u00edstica. Para ello, act\u00faa como referente del sector gracias a la investigaci\u00f3n, compilaci\u00f3n, selecci\u00f3n y actualizaci\u00f3n de las m\u00e1s innovadoras t\u00e9cnicas de gesti\u00f3n log\u00edstica y de las tendencias de negocio emergentes en la econom\u00eda global.<\/p>\n<p style=\"text-align: justify;\">Participa en la divulgaci\u00f3n y difusi\u00f3n constante del know how, innovaci\u00f3n y buenas pr\u00e1cticas. A\u00fana a las organizaciones y profesionales de la log\u00edstica en foros de an\u00e1lisis para intercambiar y detectar las mejores pr\u00e1cticas y t\u00e9cnicas gestoras relacionadas con la cadena de suministro. www.cel-logistica.org<\/p>\n","protected":false},"excerpt":{"rendered":"<p style=\"text-align: justify;\">La jornada \u201cAutomatizaci\u00f3n, Gamificaci\u00f3n, Inteligencia Artificial y Robotizaci\u00f3n de procesos log\u00edsticos\u201d ha sido organizada por el Centro Espa\u00f1ol de Log\u00edstica (CEL) y el centro de formaci\u00f3n e investigaci\u00f3n Zaragoza Logistics Center (ZLC).&nbsp;En las sesiones se ha puesto de manifiesto que la automatizaci\u00f3n y la robotizaci\u00f3n son fundamentales para mejorar la resiliencia y la competitividad, as\u00ed como la importancia de la formaci\u00f3n de sus profesionales.<\/p>\n","protected":false},"author":1,"featured_media":11293,"comment_status":"open","ping_status":"open","sticky":false,"template":"","format":"standard","meta":{"_acf_changed":false,"jnews-multi-image_gallery":[],"jnews_single_post":[],"jnews_primary_category":[],"jnews_social_meta":[],"jnews_override_counter":[],"footnotes":""},"categories":[12],"tags":[],"class_list":["post-11296","post","type-post","status-publish","format-standard","has-post-thumbnail","hentry","category-noticias-industria"],"acf":[],"yoast_head":"<!-- This site is optimized with the Yoast SEO plugin v27.2 - https:\/\/yoast.com\/product\/yoast-seo-wordpress\/ -->\n<title>UN CENTENAR DE PROFESIONALES ABORDAN LOS AVANCES EN IA Y ROB\u00d3TICA EN LOG\u00cdSTICA EN ZARAGOZA LOGISTICS CENTER - Revista Logistec<\/title>\n<meta name=\"robots\" content=\"index, follow, max-snippet:-1, max-image-preview:large, max-video-preview:-1\" \/>\n<link rel=\"canonical\" href=\"https:\/\/www.revistalogistec.com\/index.php\/2023\/03\/22\/un-centenar-de-profesionales-abordan-los-avances-en-ia-y-robotica-en-logistica-en-zaragoza-logistics-center\/\" \/>\n<meta property=\"og:locale\" content=\"es_ES\" \/>\n<meta property=\"og:type\" content=\"article\" \/>\n<meta property=\"og:title\" content=\"UN CENTENAR DE PROFESIONALES ABORDAN LOS AVANCES EN IA Y ROB\u00d3TICA EN LOG\u00cdSTICA EN ZARAGOZA LOGISTICS CENTER - Revista Logistec\" \/>\n<meta property=\"og:description\" content=\"La jornada \u201cAutomatizaci\u00f3n, Gamificaci\u00f3n, Inteligencia Artificial y Robotizaci\u00f3n de procesos log\u00edsticos\u201d ha sido organizada por el Centro Espa\u00f1ol de Log\u00edstica (CEL) y el centro de formaci\u00f3n e investigaci\u00f3n Zaragoza Logistics Center (ZLC).&nbsp;En las sesiones se ha puesto de manifiesto que la automatizaci\u00f3n y la robotizaci\u00f3n son fundamentales para mejorar la resiliencia y la competitividad, as\u00ed como la importancia de la formaci\u00f3n de sus profesionales.\" \/>\n<meta property=\"og:url\" content=\"https:\/\/www.revistalogistec.com\/index.php\/2023\/03\/22\/un-centenar-de-profesionales-abordan-los-avances-en-ia-y-robotica-en-logistica-en-zaragoza-logistics-center\/\" \/>\n<meta property=\"og:site_name\" content=\"Revista Logistec\" \/>\n<meta property=\"article:published_time\" content=\"2023-03-22T13:09:15+00:00\" \/>\n<meta property=\"og:image\" content=\"https:\/\/www.revistalogistec.com\/wp-content\/uploads\/2023\/03\/Ndp2.png\" \/>\n\t<meta property=\"og:image:width\" content=\"850\" \/>\n\t<meta property=\"og:image:height\" content=\"638\" \/>\n\t<meta property=\"og:image:type\" content=\"image\/png\" \/>\n<meta name=\"author\" content=\"admin\" \/>\n<meta name=\"twitter:card\" content=\"summary_large_image\" \/>\n<meta name=\"twitter:label1\" content=\"Escrito por\" \/>\n\t<meta name=\"twitter:data1\" content=\"admin\" \/>\n\t<meta name=\"twitter:label2\" content=\"Tiempo de lectura\" \/>\n\t<meta name=\"twitter:data2\" content=\"4 minutos\" \/>\n<script type=\"application\/ld+json\" class=\"yoast-schema-graph\">{\"@context\":\"https:\/\/schema.org\",\"@graph\":[{\"@type\":\"Article\",\"@id\":\"https:\/\/www.revistalogistec.com\/index.php\/2023\/03\/22\/un-centenar-de-profesionales-abordan-los-avances-en-ia-y-robotica-en-logistica-en-zaragoza-logistics-center\/#article\",\"isPartOf\":{\"@id\":\"https:\/\/www.revistalogistec.com\/index.php\/2023\/03\/22\/un-centenar-de-profesionales-abordan-los-avances-en-ia-y-robotica-en-logistica-en-zaragoza-logistics-center\/\"},\"author\":{\"name\":\"admin\",\"@id\":\"https:\/\/www.revistalogistec.com\/#\/schema\/person\/b25cced65507282f3fc6eb806b1db4f0\"},\"headline\":\"UN CENTENAR DE PROFESIONALES ABORDAN LOS AVANCES EN IA Y ROB\u00d3TICA EN LOG\u00cdSTICA EN ZARAGOZA LOGISTICS CENTER\",\"datePublished\":\"2023-03-22T13:09:15+00:00\",\"mainEntityOfPage\":{\"@id\":\"https:\/\/www.revistalogistec.com\/index.php\/2023\/03\/22\/un-centenar-de-profesionales-abordan-los-avances-en-ia-y-robotica-en-logistica-en-zaragoza-logistics-center\/\"},\"wordCount\":832,\"commentCount\":0,\"image\":{\"@id\":\"https:\/\/www.revistalogistec.com\/index.php\/2023\/03\/22\/un-centenar-de-profesionales-abordan-los-avances-en-ia-y-robotica-en-logistica-en-zaragoza-logistics-center\/#primaryimage\"},\"thumbnailUrl\":\"https:\/\/www.revistalogistec.com\/wp-content\/uploads\/2023\/03\/Ndp2.png\",\"articleSection\":[\"NOTICIAS INDUSTRIA\"],\"inLanguage\":\"es\"},{\"@type\":\"WebPage\",\"@id\":\"https:\/\/www.revistalogistec.com\/index.php\/2023\/03\/22\/un-centenar-de-profesionales-abordan-los-avances-en-ia-y-robotica-en-logistica-en-zaragoza-logistics-center\/\",\"url\":\"https:\/\/www.revistalogistec.com\/index.php\/2023\/03\/22\/un-centenar-de-profesionales-abordan-los-avances-en-ia-y-robotica-en-logistica-en-zaragoza-logistics-center\/\",\"name\":\"UN CENTENAR DE PROFESIONALES ABORDAN LOS AVANCES EN IA Y ROB\u00d3TICA EN LOG\u00cdSTICA EN ZARAGOZA LOGISTICS CENTER - Revista Logistec\",\"isPartOf\":{\"@id\":\"https:\/\/www.revistalogistec.com\/#website\"},\"primaryImageOfPage\":{\"@id\":\"https:\/\/www.revistalogistec.com\/index.php\/2023\/03\/22\/un-centenar-de-profesionales-abordan-los-avances-en-ia-y-robotica-en-logistica-en-zaragoza-logistics-center\/#primaryimage\"},\"image\":{\"@id\":\"https:\/\/www.revistalogistec.com\/index.php\/2023\/03\/22\/un-centenar-de-profesionales-abordan-los-avances-en-ia-y-robotica-en-logistica-en-zaragoza-logistics-center\/#primaryimage\"},\"thumbnailUrl\":\"https:\/\/www.revistalogistec.com\/wp-content\/uploads\/2023\/03\/Ndp2.png\",\"datePublished\":\"2023-03-22T13:09:15+00:00\",\"author\":{\"@id\":\"https:\/\/www.revistalogistec.com\/#\/schema\/person\/b25cced65507282f3fc6eb806b1db4f0\"},\"breadcrumb\":{\"@id\":\"https:\/\/www.revistalogistec.com\/index.php\/2023\/03\/22\/un-centenar-de-profesionales-abordan-los-avances-en-ia-y-robotica-en-logistica-en-zaragoza-logistics-center\/#breadcrumb\"},\"inLanguage\":\"es\",\"potentialAction\":[{\"@type\":\"ReadAction\",\"target\":[\"https:\/\/www.revistalogistec.com\/index.php\/2023\/03\/22\/un-centenar-de-profesionales-abordan-los-avances-en-ia-y-robotica-en-logistica-en-zaragoza-logistics-center\/\"]}]},{\"@type\":\"ImageObject\",\"inLanguage\":\"es\",\"@id\":\"https:\/\/www.revistalogistec.com\/index.php\/2023\/03\/22\/un-centenar-de-profesionales-abordan-los-avances-en-ia-y-robotica-en-logistica-en-zaragoza-logistics-center\/#primaryimage\",\"url\":\"https:\/\/www.revistalogistec.com\/wp-content\/uploads\/2023\/03\/Ndp2.png\",\"contentUrl\":\"https:\/\/www.revistalogistec.com\/wp-content\/uploads\/2023\/03\/Ndp2.png\",\"width\":850,\"height\":638},{\"@type\":\"BreadcrumbList\",\"@id\":\"https:\/\/www.revistalogistec.com\/index.php\/2023\/03\/22\/un-centenar-de-profesionales-abordan-los-avances-en-ia-y-robotica-en-logistica-en-zaragoza-logistics-center\/#breadcrumb\",\"itemListElement\":[{\"@type\":\"ListItem\",\"position\":1,\"name\":\"Portada\",\"item\":\"https:\/\/www.revistalogistec.com\/\"},{\"@type\":\"ListItem\",\"position\":2,\"name\":\"UN CENTENAR DE PROFESIONALES ABORDAN LOS AVANCES EN IA Y ROB\u00d3TICA EN LOG\u00cdSTICA EN ZARAGOZA LOGISTICS CENTER\"}]},{\"@type\":\"WebSite\",\"@id\":\"https:\/\/www.revistalogistec.com\/#website\",\"url\":\"https:\/\/www.revistalogistec.com\/\",\"name\":\"Revista Logistec\",\"description\":\"\",\"potentialAction\":[{\"@type\":\"SearchAction\",\"target\":{\"@type\":\"EntryPoint\",\"urlTemplate\":\"https:\/\/www.revistalogistec.com\/?s={search_term_string}\"},\"query-input\":{\"@type\":\"PropertyValueSpecification\",\"valueRequired\":true,\"valueName\":\"search_term_string\"}}],\"inLanguage\":\"es\"},{\"@type\":\"Person\",\"@id\":\"https:\/\/www.revistalogistec.com\/#\/schema\/person\/b25cced65507282f3fc6eb806b1db4f0\",\"name\":\"admin\",\"image\":{\"@type\":\"ImageObject\",\"inLanguage\":\"es\",\"@id\":\"https:\/\/secure.gravatar.com\/avatar\/94631f712dee24b50f2f12a7caf62df22b2c346945fcff655ce85b674bebf6fd?s=96&d=mm&r=g\",\"url\":\"https:\/\/secure.gravatar.com\/avatar\/94631f712dee24b50f2f12a7caf62df22b2c346945fcff655ce85b674bebf6fd?s=96&d=mm&r=g\",\"contentUrl\":\"https:\/\/secure.gravatar.com\/avatar\/94631f712dee24b50f2f12a7caf62df22b2c346945fcff655ce85b674bebf6fd?s=96&d=mm&r=g\",\"caption\":\"admin\"},\"sameAs\":[\"https:\/\/www.revistalogistec.com\"],\"url\":\"https:\/\/www.revistalogistec.com\/index.php\/author\/admin_revlog\/\"}]}<\/script>\n<!-- \/ Yoast SEO plugin. -->","yoast_head_json":{"title":"UN CENTENAR DE PROFESIONALES ABORDAN LOS AVANCES EN IA Y ROB\u00d3TICA EN LOG\u00cdSTICA EN ZARAGOZA LOGISTICS CENTER - Revista Logistec","robots":{"index":"index","follow":"follow","max-snippet":"max-snippet:-1","max-image-preview":"max-image-preview:large","max-video-preview":"max-video-preview:-1"},"canonical":"https:\/\/www.revistalogistec.com\/index.php\/2023\/03\/22\/un-centenar-de-profesionales-abordan-los-avances-en-ia-y-robotica-en-logistica-en-zaragoza-logistics-center\/","og_locale":"es_ES","og_type":"article","og_title":"UN CENTENAR DE PROFESIONALES ABORDAN LOS AVANCES EN IA Y ROB\u00d3TICA EN LOG\u00cdSTICA EN ZARAGOZA LOGISTICS CENTER - Revista Logistec","og_description":"La jornada \u201cAutomatizaci\u00f3n, Gamificaci\u00f3n, Inteligencia Artificial y Robotizaci\u00f3n de procesos log\u00edsticos\u201d ha sido organizada por el Centro Espa\u00f1ol de Log\u00edstica (CEL) y el centro de formaci\u00f3n e investigaci\u00f3n Zaragoza Logistics Center (ZLC).&nbsp;En las sesiones se ha puesto de manifiesto que la automatizaci\u00f3n y la robotizaci\u00f3n son fundamentales para mejorar la resiliencia y la competitividad, as\u00ed como la importancia de la formaci\u00f3n de sus profesionales.","og_url":"https:\/\/www.revistalogistec.com\/index.php\/2023\/03\/22\/un-centenar-de-profesionales-abordan-los-avances-en-ia-y-robotica-en-logistica-en-zaragoza-logistics-center\/","og_site_name":"Revista Logistec","article_published_time":"2023-03-22T13:09:15+00:00","og_image":[{"width":850,"height":638,"url":"https:\/\/www.revistalogistec.com\/wp-content\/uploads\/2023\/03\/Ndp2.png","type":"image\/png"}],"author":"admin","twitter_card":"summary_large_image","twitter_misc":{"Escrito por":"admin","Tiempo de lectura":"4 minutos"},"schema":{"@context":"https:\/\/schema.org","@graph":[{"@type":"Article","@id":"https:\/\/www.revistalogistec.com\/index.php\/2023\/03\/22\/un-centenar-de-profesionales-abordan-los-avances-en-ia-y-robotica-en-logistica-en-zaragoza-logistics-center\/#article","isPartOf":{"@id":"https:\/\/www.revistalogistec.com\/index.php\/2023\/03\/22\/un-centenar-de-profesionales-abordan-los-avances-en-ia-y-robotica-en-logistica-en-zaragoza-logistics-center\/"},"author":{"name":"admin","@id":"https:\/\/www.revistalogistec.com\/#\/schema\/person\/b25cced65507282f3fc6eb806b1db4f0"},"headline":"UN CENTENAR DE PROFESIONALES ABORDAN LOS AVANCES EN IA Y ROB\u00d3TICA EN LOG\u00cdSTICA EN ZARAGOZA LOGISTICS CENTER","datePublished":"2023-03-22T13:09:15+00:00","mainEntityOfPage":{"@id":"https:\/\/www.revistalogistec.com\/index.php\/2023\/03\/22\/un-centenar-de-profesionales-abordan-los-avances-en-ia-y-robotica-en-logistica-en-zaragoza-logistics-center\/"},"wordCount":832,"commentCount":0,"image":{"@id":"https:\/\/www.revistalogistec.com\/index.php\/2023\/03\/22\/un-centenar-de-profesionales-abordan-los-avances-en-ia-y-robotica-en-logistica-en-zaragoza-logistics-center\/#primaryimage"},"thumbnailUrl":"https:\/\/www.revistalogistec.com\/wp-content\/uploads\/2023\/03\/Ndp2.png","articleSection":["NOTICIAS INDUSTRIA"],"inLanguage":"es"},{"@type":"WebPage","@id":"https:\/\/www.revistalogistec.com\/index.php\/2023\/03\/22\/un-centenar-de-profesionales-abordan-los-avances-en-ia-y-robotica-en-logistica-en-zaragoza-logistics-center\/","url":"https:\/\/www.revistalogistec.com\/index.php\/2023\/03\/22\/un-centenar-de-profesionales-abordan-los-avances-en-ia-y-robotica-en-logistica-en-zaragoza-logistics-center\/","name":"UN CENTENAR DE PROFESIONALES ABORDAN LOS AVANCES EN IA Y ROB\u00d3TICA EN LOG\u00cdSTICA EN ZARAGOZA LOGISTICS CENTER - Revista Logistec","isPartOf":{"@id":"https:\/\/www.revistalogistec.com\/#website"},"primaryImageOfPage":{"@id":"https:\/\/www.revistalogistec.com\/index.php\/2023\/03\/22\/un-centenar-de-profesionales-abordan-los-avances-en-ia-y-robotica-en-logistica-en-zaragoza-logistics-center\/#primaryimage"},"image":{"@id":"https:\/\/www.revistalogistec.com\/index.php\/2023\/03\/22\/un-centenar-de-profesionales-abordan-los-avances-en-ia-y-robotica-en-logistica-en-zaragoza-logistics-center\/#primaryimage"},"thumbnailUrl":"https:\/\/www.revistalogistec.com\/wp-content\/uploads\/2023\/03\/Ndp2.png","datePublished":"2023-03-22T13:09:15+00:00","author":{"@id":"https:\/\/www.revistalogistec.com\/#\/schema\/person\/b25cced65507282f3fc6eb806b1db4f0"},"breadcrumb":{"@id":"https:\/\/www.revistalogistec.com\/index.php\/2023\/03\/22\/un-centenar-de-profesionales-abordan-los-avances-en-ia-y-robotica-en-logistica-en-zaragoza-logistics-center\/#breadcrumb"},"inLanguage":"es","potentialAction":[{"@type":"ReadAction","target":["https:\/\/www.revistalogistec.com\/index.php\/2023\/03\/22\/un-centenar-de-profesionales-abordan-los-avances-en-ia-y-robotica-en-logistica-en-zaragoza-logistics-center\/"]}]},{"@type":"ImageObject","inLanguage":"es","@id":"https:\/\/www.revistalogistec.com\/index.php\/2023\/03\/22\/un-centenar-de-profesionales-abordan-los-avances-en-ia-y-robotica-en-logistica-en-zaragoza-logistics-center\/#primaryimage","url":"https:\/\/www.revistalogistec.com\/wp-content\/uploads\/2023\/03\/Ndp2.png","contentUrl":"https:\/\/www.revistalogistec.com\/wp-content\/uploads\/2023\/03\/Ndp2.png","width":850,"height":638},{"@type":"BreadcrumbList","@id":"https:\/\/www.revistalogistec.com\/index.php\/2023\/03\/22\/un-centenar-de-profesionales-abordan-los-avances-en-ia-y-robotica-en-logistica-en-zaragoza-logistics-center\/#breadcrumb","itemListElement":[{"@type":"ListItem","position":1,"name":"Portada","item":"https:\/\/www.revistalogistec.com\/"},{"@type":"ListItem","position":2,"name":"UN CENTENAR DE PROFESIONALES ABORDAN LOS AVANCES EN IA Y ROB\u00d3TICA EN LOG\u00cdSTICA EN ZARAGOZA LOGISTICS CENTER"}]},{"@type":"WebSite","@id":"https:\/\/www.revistalogistec.com\/#website","url":"https:\/\/www.revistalogistec.com\/","name":"Revista Logistec","description":"","potentialAction":[{"@type":"SearchAction","target":{"@type":"EntryPoint","urlTemplate":"https:\/\/www.revistalogistec.com\/?s={search_term_string}"},"query-input":{"@type":"PropertyValueSpecification","valueRequired":true,"valueName":"search_term_string"}}],"inLanguage":"es"},{"@type":"Person","@id":"https:\/\/www.revistalogistec.com\/#\/schema\/person\/b25cced65507282f3fc6eb806b1db4f0","name":"admin","image":{"@type":"ImageObject","inLanguage":"es","@id":"https:\/\/secure.gravatar.com\/avatar\/94631f712dee24b50f2f12a7caf62df22b2c346945fcff655ce85b674bebf6fd?s=96&d=mm&r=g","url":"https:\/\/secure.gravatar.com\/avatar\/94631f712dee24b50f2f12a7caf62df22b2c346945fcff655ce85b674bebf6fd?s=96&d=mm&r=g","contentUrl":"https:\/\/secure.gravatar.com\/avatar\/94631f712dee24b50f2f12a7caf62df22b2c346945fcff655ce85b674bebf6fd?s=96&d=mm&r=g","caption":"admin"},"sameAs":["https:\/\/www.revistalogistec.com"],"url":"https:\/\/www.revistalogistec.com\/index.php\/author\/admin_revlog\/"}]}},"_links":{"self":[{"href":"https:\/\/www.revistalogistec.com\/index.php\/wp-json\/wp\/v2\/posts\/11296","targetHints":{"allow":["GET"]}}],"collection":[{"href":"https:\/\/www.revistalogistec.com\/index.php\/wp-json\/wp\/v2\/posts"}],"about":[{"href":"https:\/\/www.revistalogistec.com\/index.php\/wp-json\/wp\/v2\/types\/post"}],"author":[{"embeddable":true,"href":"https:\/\/www.revistalogistec.com\/index.php\/wp-json\/wp\/v2\/users\/1"}],"replies":[{"embeddable":true,"href":"https:\/\/www.revistalogistec.com\/index.php\/wp-json\/wp\/v2\/comments?post=11296"}],"version-history":[{"count":0,"href":"https:\/\/www.revistalogistec.com\/index.php\/wp-json\/wp\/v2\/posts\/11296\/revisions"}],"wp:featuredmedia":[{"embeddable":true,"href":"https:\/\/www.revistalogistec.com\/index.php\/wp-json\/wp\/v2\/media\/11293"}],"wp:attachment":[{"href":"https:\/\/www.revistalogistec.com\/index.php\/wp-json\/wp\/v2\/media?parent=11296"}],"wp:term":[{"taxonomy":"category","embeddable":true,"href":"https:\/\/www.revistalogistec.com\/index.php\/wp-json\/wp\/v2\/categories?post=11296"},{"taxonomy":"post_tag","embeddable":true,"href":"https:\/\/www.revistalogistec.com\/index.php\/wp-json\/wp\/v2\/tags?post=11296"}],"curies":[{"name":"wp","href":"https:\/\/api.w.org\/{rel}","templated":true}]}}