{"id":12137,"date":"2023-06-30T15:06:48","date_gmt":"2023-06-30T15:06:48","guid":{"rendered":"https:\/\/www.revistalogistec.com\/index.php\/2023\/06\/30\/transformacion-e-inversion-dos-claves-para-una-logistica-en-potencia-en-las-companias\/"},"modified":"2025-11-07T10:38:30","modified_gmt":"2025-11-07T14:38:30","slug":"transformacion-e-inversion-dos-claves-para-una-logistica-en-potencia-en-las-companias","status":"publish","type":"post","link":"https:\/\/www.revistalogistec.com\/index.php\/2023\/06\/30\/transformacion-e-inversion-dos-claves-para-una-logistica-en-potencia-en-las-companias\/","title":{"rendered":"TRANSFORMACI\u00d3N E INVERSI\u00d3N: DOS CLAVES PARA UNA LOG\u00cdSTICA EN POTENCIA EN LAS COMPA\u00d1\u00cdAS"},"content":{"rendered":"<p style=\"text-align: justify;\"><strong><em>Gestionar un almac\u00e9n es una tarea ardua m\u00e1s no compleja, esto ya que hoy las compa\u00f1\u00edas se suman con fuerza a la ola de la transformaci\u00f3n digital.<\/em><\/strong><\/p>\n<p style=\"text-align: justify;\"><strong>Santiago, 30 de junio de 2023.-<\/strong> En una industria cada d\u00eda m\u00e1s desafiante y compleja, las cadenas de suministro con procesos de gran volumen est\u00e1n implementando estrategias para mejorar y satisfacer la demanda de los clientes, con la finalidad de aumentar la productividad del negocio y continuar siendo competitivos.<\/p>\n<p style=\"text-align: justify;\">Si bien durante los \u00faltimos meses el explosivo aumento del e-commerce se ha pausado, entre el 2020 y 2022 las empresas trabajaron a toda m\u00e1quina para implementar soluciones tecnol\u00f3gicas con el fin de agilizar el orden de sus operaciones, esto ha llevado a formar compa\u00f1\u00edas m\u00e1s innovadoras y proactivas.<\/p>\n<p style=\"text-align: justify;\">De hecho, seg\u00fan un <a href=\"https:\/\/engage.descartes.com\/descartes-insights\/items\/supply-chain-and-logistics-innovation\"><strong>estudio de Descartes Systems Group<\/strong><\/a>, realizado en Europa, Canad\u00e1 y Estados Unidos, el 59% de las empresas estudiadas aument\u00f3 el ritmo de inversi\u00f3n o implementaci\u00f3n de tecnolog\u00edas, mientras que el 61% declar\u00f3 que estas herramientas han sido de ayuda para sus compa\u00f1\u00edas, en donde el 70% comenta haber obtenido mayor innovaci\u00f3n y 69% mejor desempe\u00f1o en sus finanzas.<\/p>\n<p style=\"text-align: justify;\">\u201cEn la actualidad tambi\u00e9n vemos en la regi\u00f3n un mayor inter\u00e9s por invertir recursos en operaciones de mediano y gran tama\u00f1o con la finalidad de aumentar la rentabilidad empresarial y mejorar los niveles de servicio, sobre todo cuando los tiempos de entrega son acotados y el cliente privilegia las entregas r\u00e1pidas y en buen estado\u201d, comenta Leonardo Navarrete, gerente comercial de STG Chile.<\/p>\n<p style=\"text-align: justify;\"><strong>Almacenes conectados con tecnolog\u00eda avanzada<\/strong><\/p>\n<p style=\"text-align: justify;\">Las grandes compa\u00f1\u00edas tienen el reto de fortalecer sus operaciones y aumentar la rentabilidad reconociendo las necesidades de sus clientes, por ende, el objetivo es invertir en soluciones avanzadas para la gesti\u00f3n de almacenes.<\/p>\n<p style=\"text-align: justify;\">Para contemplar una buena estrategia en la log\u00edstica, ser\u00e1 necesario considerar una herramienta que disminuya los costos como la soluci\u00f3n WMS, la cual resuelve los procesos de despacho y los prioriza en una lista de tareas, permitiendo que los pedidos de e-commerce lleguen directamente a los colaboradores.<\/p>\n<p style=\"text-align: justify;\">Otra ventaja a considerar es que esta tecnolog\u00eda permite una mayor trazabilidad al interior del almac\u00e9n para tomar decisiones en forma proactiva, agilizando los pedidos para llegar a la puerta del consumidor en la fecha prometida.<\/p>\n<p style=\"text-align: justify;\">\u201cLas soluciones tecnol\u00f3gicas incrementan la productividad en los procesos de gesti\u00f3n de almacenes, pero depender\u00e1 mucho de la etapa en la que se encuentren las operaciones de las compa\u00f1\u00edas. Esto, ya que hemos visto aumentos del 70% y disminuciones de los espacios de almacenamientos en 50%, adecuaciones de colaboradores de 10 al 15%, reubicando los recursos en otras actividades donde exist\u00edan cuellos de botella\u201d, explica Navarrete.<\/p>\n<p style=\"text-align: justify;\">Encontrar la mercader\u00eda de forma eficaz o tener el control de los pedidos despachados o contar con visibilidad de la lista de procesos consiguiendo modificar el orden de preparaci\u00f3n de los pedidos sin dejar \u00f3rdenes sin despachar, son uno de los principales beneficios de estas tecnolog\u00edas, ideales para contrarrestar periodos de alta demanda.<\/p>\n<p style=\"text-align: justify;\">Art\u00edculo publicado en <a href=\"http:\/\/www.stglatam.com\/blog\">www.stglatam.com\/blog<\/a><\/p>\n<p>&nbsp;<\/p>\n","protected":false},"excerpt":{"rendered":"<p style=\"text-align: justify;\"><strong><em>Gestionar un almac\u00e9n es una tarea ardua m\u00e1s no compleja, esto ya que hoy las compa\u00f1\u00edas se suman con fuerza a la ola de la transformaci\u00f3n digital.<\/em><\/strong><\/p>\n","protected":false},"author":48296,"featured_media":12136,"comment_status":"open","ping_status":"open","sticky":false,"template":"","format":"standard","meta":{"_acf_changed":false,"jnews-multi-image_gallery":[],"jnews_single_post":[],"jnews_primary_category":[],"jnews_social_meta":[],"jnews_override_counter":[],"footnotes":""},"categories":[164],"tags":[],"class_list":["post-12137","post","type-post","status-publish","format-standard","has-post-thumbnail","hentry","category-noticias-clientes"],"acf":[],"yoast_head":"<!-- This site is optimized with the Yoast SEO plugin v27.2 - https:\/\/yoast.com\/product\/yoast-seo-wordpress\/ -->\n<title>TRANSFORMACI\u00d3N E INVERSI\u00d3N: DOS CLAVES PARA UNA LOG\u00cdSTICA EN POTENCIA EN LAS COMPA\u00d1\u00cdAS - Revista Logistec<\/title>\n<meta name=\"robots\" content=\"index, follow, max-snippet:-1, max-image-preview:large, max-video-preview:-1\" \/>\n<link rel=\"canonical\" href=\"https:\/\/www.revistalogistec.com\/index.php\/2023\/06\/30\/transformacion-e-inversion-dos-claves-para-una-logistica-en-potencia-en-las-companias\/\" \/>\n<meta property=\"og:locale\" content=\"es_ES\" \/>\n<meta property=\"og:type\" content=\"article\" \/>\n<meta property=\"og:title\" content=\"TRANSFORMACI\u00d3N E INVERSI\u00d3N: DOS CLAVES PARA UNA LOG\u00cdSTICA EN POTENCIA EN LAS COMPA\u00d1\u00cdAS - Revista Logistec\" \/>\n<meta property=\"og:description\" content=\"Gestionar un almac\u00e9n es una tarea ardua m\u00e1s no compleja, esto ya que hoy las compa\u00f1\u00edas se suman con fuerza a la ola de la transformaci\u00f3n digital.\" \/>\n<meta property=\"og:url\" content=\"https:\/\/www.revistalogistec.com\/index.php\/2023\/06\/30\/transformacion-e-inversion-dos-claves-para-una-logistica-en-potencia-en-las-companias\/\" \/>\n<meta property=\"og:site_name\" content=\"Revista Logistec\" \/>\n<meta property=\"article:published_time\" content=\"2023-06-30T15:06:48+00:00\" \/>\n<meta property=\"article:modified_time\" content=\"2025-11-07T14:38:30+00:00\" \/>\n<meta property=\"og:image\" content=\"https:\/\/www.revistalogistec.com\/wp-content\/uploads\/2023\/06\/wmsstg.jpeg\" \/>\n\t<meta property=\"og:image:width\" content=\"850\" \/>\n\t<meta property=\"og:image:height\" content=\"565\" \/>\n\t<meta property=\"og:image:type\" content=\"image\/jpeg\" \/>\n<meta name=\"author\" content=\"Paula Cortes\" \/>\n<meta name=\"twitter:card\" content=\"summary_large_image\" \/>\n<meta name=\"twitter:label1\" content=\"Escrito por\" \/>\n\t<meta name=\"twitter:data1\" content=\"Paula Cortes\" \/>\n\t<meta name=\"twitter:label2\" content=\"Tiempo de lectura\" \/>\n\t<meta name=\"twitter:data2\" content=\"3 minutos\" \/>\n<script type=\"application\/ld+json\" class=\"yoast-schema-graph\">{\"@context\":\"https:\/\/schema.org\",\"@graph\":[{\"@type\":\"Article\",\"@id\":\"https:\/\/www.revistalogistec.com\/index.php\/2023\/06\/30\/transformacion-e-inversion-dos-claves-para-una-logistica-en-potencia-en-las-companias\/#article\",\"isPartOf\":{\"@id\":\"https:\/\/www.revistalogistec.com\/index.php\/2023\/06\/30\/transformacion-e-inversion-dos-claves-para-una-logistica-en-potencia-en-las-companias\/\"},\"author\":{\"name\":\"Paula Cortes\",\"@id\":\"https:\/\/www.revistalogistec.com\/#\/schema\/person\/6ebda24bed8ddfc6f5e848ee539184e5\"},\"headline\":\"TRANSFORMACI\u00d3N E INVERSI\u00d3N: DOS CLAVES PARA UNA LOG\u00cdSTICA EN POTENCIA EN LAS COMPA\u00d1\u00cdAS\",\"datePublished\":\"2023-06-30T15:06:48+00:00\",\"dateModified\":\"2025-11-07T14:38:30+00:00\",\"mainEntityOfPage\":{\"@id\":\"https:\/\/www.revistalogistec.com\/index.php\/2023\/06\/30\/transformacion-e-inversion-dos-claves-para-una-logistica-en-potencia-en-las-companias\/\"},\"wordCount\":543,\"commentCount\":0,\"image\":{\"@id\":\"https:\/\/www.revistalogistec.com\/index.php\/2023\/06\/30\/transformacion-e-inversion-dos-claves-para-una-logistica-en-potencia-en-las-companias\/#primaryimage\"},\"thumbnailUrl\":\"https:\/\/www.revistalogistec.com\/wp-content\/uploads\/2023\/06\/wmsstg.jpeg\",\"articleSection\":[\"NOTICIAS CLIENTES\"],\"inLanguage\":\"es\"},{\"@type\":\"WebPage\",\"@id\":\"https:\/\/www.revistalogistec.com\/index.php\/2023\/06\/30\/transformacion-e-inversion-dos-claves-para-una-logistica-en-potencia-en-las-companias\/\",\"url\":\"https:\/\/www.revistalogistec.com\/index.php\/2023\/06\/30\/transformacion-e-inversion-dos-claves-para-una-logistica-en-potencia-en-las-companias\/\",\"name\":\"TRANSFORMACI\u00d3N E INVERSI\u00d3N: DOS CLAVES PARA UNA LOG\u00cdSTICA EN POTENCIA EN LAS COMPA\u00d1\u00cdAS - Revista Logistec\",\"isPartOf\":{\"@id\":\"https:\/\/www.revistalogistec.com\/#website\"},\"primaryImageOfPage\":{\"@id\":\"https:\/\/www.revistalogistec.com\/index.php\/2023\/06\/30\/transformacion-e-inversion-dos-claves-para-una-logistica-en-potencia-en-las-companias\/#primaryimage\"},\"image\":{\"@id\":\"https:\/\/www.revistalogistec.com\/index.php\/2023\/06\/30\/transformacion-e-inversion-dos-claves-para-una-logistica-en-potencia-en-las-companias\/#primaryimage\"},\"thumbnailUrl\":\"https:\/\/www.revistalogistec.com\/wp-content\/uploads\/2023\/06\/wmsstg.jpeg\",\"datePublished\":\"2023-06-30T15:06:48+00:00\",\"dateModified\":\"2025-11-07T14:38:30+00:00\",\"author\":{\"@id\":\"https:\/\/www.revistalogistec.com\/#\/schema\/person\/6ebda24bed8ddfc6f5e848ee539184e5\"},\"breadcrumb\":{\"@id\":\"https:\/\/www.revistalogistec.com\/index.php\/2023\/06\/30\/transformacion-e-inversion-dos-claves-para-una-logistica-en-potencia-en-las-companias\/#breadcrumb\"},\"inLanguage\":\"es\",\"potentialAction\":[{\"@type\":\"ReadAction\",\"target\":[\"https:\/\/www.revistalogistec.com\/index.php\/2023\/06\/30\/transformacion-e-inversion-dos-claves-para-una-logistica-en-potencia-en-las-companias\/\"]}]},{\"@type\":\"ImageObject\",\"inLanguage\":\"es\",\"@id\":\"https:\/\/www.revistalogistec.com\/index.php\/2023\/06\/30\/transformacion-e-inversion-dos-claves-para-una-logistica-en-potencia-en-las-companias\/#primaryimage\",\"url\":\"https:\/\/www.revistalogistec.com\/wp-content\/uploads\/2023\/06\/wmsstg.jpeg\",\"contentUrl\":\"https:\/\/www.revistalogistec.com\/wp-content\/uploads\/2023\/06\/wmsstg.jpeg\",\"width\":850,\"height\":565},{\"@type\":\"BreadcrumbList\",\"@id\":\"https:\/\/www.revistalogistec.com\/index.php\/2023\/06\/30\/transformacion-e-inversion-dos-claves-para-una-logistica-en-potencia-en-las-companias\/#breadcrumb\",\"itemListElement\":[{\"@type\":\"ListItem\",\"position\":1,\"name\":\"Portada\",\"item\":\"https:\/\/www.revistalogistec.com\/\"},{\"@type\":\"ListItem\",\"position\":2,\"name\":\"TRANSFORMACI\u00d3N E INVERSI\u00d3N: DOS CLAVES PARA UNA LOG\u00cdSTICA EN POTENCIA EN LAS COMPA\u00d1\u00cdAS\"}]},{\"@type\":\"WebSite\",\"@id\":\"https:\/\/www.revistalogistec.com\/#website\",\"url\":\"https:\/\/www.revistalogistec.com\/\",\"name\":\"Revista Logistec\",\"description\":\"\",\"potentialAction\":[{\"@type\":\"SearchAction\",\"target\":{\"@type\":\"EntryPoint\",\"urlTemplate\":\"https:\/\/www.revistalogistec.com\/?s={search_term_string}\"},\"query-input\":{\"@type\":\"PropertyValueSpecification\",\"valueRequired\":true,\"valueName\":\"search_term_string\"}}],\"inLanguage\":\"es\"},{\"@type\":\"Person\",\"@id\":\"https:\/\/www.revistalogistec.com\/#\/schema\/person\/6ebda24bed8ddfc6f5e848ee539184e5\",\"name\":\"Paula Cortes\",\"image\":{\"@type\":\"ImageObject\",\"inLanguage\":\"es\",\"@id\":\"https:\/\/secure.gravatar.com\/avatar\/f9207b46b9e06b63ba9e6f850cbf5de3945e6ce9ba336ad5aa87eee72a5a569c?s=96&d=mm&r=g\",\"url\":\"https:\/\/secure.gravatar.com\/avatar\/f9207b46b9e06b63ba9e6f850cbf5de3945e6ce9ba336ad5aa87eee72a5a569c?s=96&d=mm&r=g\",\"contentUrl\":\"https:\/\/secure.gravatar.com\/avatar\/f9207b46b9e06b63ba9e6f850cbf5de3945e6ce9ba336ad5aa87eee72a5a569c?s=96&d=mm&r=g\",\"caption\":\"Paula Cortes\"},\"url\":\"https:\/\/www.revistalogistec.com\/index.php\/author\/paula-cortes\/\"}]}<\/script>\n<!-- \/ Yoast SEO plugin. -->","yoast_head_json":{"title":"TRANSFORMACI\u00d3N E INVERSI\u00d3N: DOS CLAVES PARA UNA LOG\u00cdSTICA EN POTENCIA EN LAS COMPA\u00d1\u00cdAS - Revista Logistec","robots":{"index":"index","follow":"follow","max-snippet":"max-snippet:-1","max-image-preview":"max-image-preview:large","max-video-preview":"max-video-preview:-1"},"canonical":"https:\/\/www.revistalogistec.com\/index.php\/2023\/06\/30\/transformacion-e-inversion-dos-claves-para-una-logistica-en-potencia-en-las-companias\/","og_locale":"es_ES","og_type":"article","og_title":"TRANSFORMACI\u00d3N E INVERSI\u00d3N: DOS CLAVES PARA UNA LOG\u00cdSTICA EN POTENCIA EN LAS COMPA\u00d1\u00cdAS - Revista Logistec","og_description":"Gestionar un almac\u00e9n es una tarea ardua m\u00e1s no compleja, esto ya que hoy las compa\u00f1\u00edas se suman con fuerza a la ola de la transformaci\u00f3n digital.","og_url":"https:\/\/www.revistalogistec.com\/index.php\/2023\/06\/30\/transformacion-e-inversion-dos-claves-para-una-logistica-en-potencia-en-las-companias\/","og_site_name":"Revista Logistec","article_published_time":"2023-06-30T15:06:48+00:00","article_modified_time":"2025-11-07T14:38:30+00:00","og_image":[{"width":850,"height":565,"url":"https:\/\/www.revistalogistec.com\/wp-content\/uploads\/2023\/06\/wmsstg.jpeg","type":"image\/jpeg"}],"author":"Paula Cortes","twitter_card":"summary_large_image","twitter_misc":{"Escrito por":"Paula Cortes","Tiempo de lectura":"3 minutos"},"schema":{"@context":"https:\/\/schema.org","@graph":[{"@type":"Article","@id":"https:\/\/www.revistalogistec.com\/index.php\/2023\/06\/30\/transformacion-e-inversion-dos-claves-para-una-logistica-en-potencia-en-las-companias\/#article","isPartOf":{"@id":"https:\/\/www.revistalogistec.com\/index.php\/2023\/06\/30\/transformacion-e-inversion-dos-claves-para-una-logistica-en-potencia-en-las-companias\/"},"author":{"name":"Paula Cortes","@id":"https:\/\/www.revistalogistec.com\/#\/schema\/person\/6ebda24bed8ddfc6f5e848ee539184e5"},"headline":"TRANSFORMACI\u00d3N E INVERSI\u00d3N: DOS CLAVES PARA UNA LOG\u00cdSTICA EN POTENCIA EN LAS COMPA\u00d1\u00cdAS","datePublished":"2023-06-30T15:06:48+00:00","dateModified":"2025-11-07T14:38:30+00:00","mainEntityOfPage":{"@id":"https:\/\/www.revistalogistec.com\/index.php\/2023\/06\/30\/transformacion-e-inversion-dos-claves-para-una-logistica-en-potencia-en-las-companias\/"},"wordCount":543,"commentCount":0,"image":{"@id":"https:\/\/www.revistalogistec.com\/index.php\/2023\/06\/30\/transformacion-e-inversion-dos-claves-para-una-logistica-en-potencia-en-las-companias\/#primaryimage"},"thumbnailUrl":"https:\/\/www.revistalogistec.com\/wp-content\/uploads\/2023\/06\/wmsstg.jpeg","articleSection":["NOTICIAS CLIENTES"],"inLanguage":"es"},{"@type":"WebPage","@id":"https:\/\/www.revistalogistec.com\/index.php\/2023\/06\/30\/transformacion-e-inversion-dos-claves-para-una-logistica-en-potencia-en-las-companias\/","url":"https:\/\/www.revistalogistec.com\/index.php\/2023\/06\/30\/transformacion-e-inversion-dos-claves-para-una-logistica-en-potencia-en-las-companias\/","name":"TRANSFORMACI\u00d3N E INVERSI\u00d3N: DOS CLAVES PARA UNA LOG\u00cdSTICA EN POTENCIA EN LAS COMPA\u00d1\u00cdAS - Revista Logistec","isPartOf":{"@id":"https:\/\/www.revistalogistec.com\/#website"},"primaryImageOfPage":{"@id":"https:\/\/www.revistalogistec.com\/index.php\/2023\/06\/30\/transformacion-e-inversion-dos-claves-para-una-logistica-en-potencia-en-las-companias\/#primaryimage"},"image":{"@id":"https:\/\/www.revistalogistec.com\/index.php\/2023\/06\/30\/transformacion-e-inversion-dos-claves-para-una-logistica-en-potencia-en-las-companias\/#primaryimage"},"thumbnailUrl":"https:\/\/www.revistalogistec.com\/wp-content\/uploads\/2023\/06\/wmsstg.jpeg","datePublished":"2023-06-30T15:06:48+00:00","dateModified":"2025-11-07T14:38:30+00:00","author":{"@id":"https:\/\/www.revistalogistec.com\/#\/schema\/person\/6ebda24bed8ddfc6f5e848ee539184e5"},"breadcrumb":{"@id":"https:\/\/www.revistalogistec.com\/index.php\/2023\/06\/30\/transformacion-e-inversion-dos-claves-para-una-logistica-en-potencia-en-las-companias\/#breadcrumb"},"inLanguage":"es","potentialAction":[{"@type":"ReadAction","target":["https:\/\/www.revistalogistec.com\/index.php\/2023\/06\/30\/transformacion-e-inversion-dos-claves-para-una-logistica-en-potencia-en-las-companias\/"]}]},{"@type":"ImageObject","inLanguage":"es","@id":"https:\/\/www.revistalogistec.com\/index.php\/2023\/06\/30\/transformacion-e-inversion-dos-claves-para-una-logistica-en-potencia-en-las-companias\/#primaryimage","url":"https:\/\/www.revistalogistec.com\/wp-content\/uploads\/2023\/06\/wmsstg.jpeg","contentUrl":"https:\/\/www.revistalogistec.com\/wp-content\/uploads\/2023\/06\/wmsstg.jpeg","width":850,"height":565},{"@type":"BreadcrumbList","@id":"https:\/\/www.revistalogistec.com\/index.php\/2023\/06\/30\/transformacion-e-inversion-dos-claves-para-una-logistica-en-potencia-en-las-companias\/#breadcrumb","itemListElement":[{"@type":"ListItem","position":1,"name":"Portada","item":"https:\/\/www.revistalogistec.com\/"},{"@type":"ListItem","position":2,"name":"TRANSFORMACI\u00d3N E INVERSI\u00d3N: DOS CLAVES PARA UNA LOG\u00cdSTICA EN POTENCIA EN LAS COMPA\u00d1\u00cdAS"}]},{"@type":"WebSite","@id":"https:\/\/www.revistalogistec.com\/#website","url":"https:\/\/www.revistalogistec.com\/","name":"Revista Logistec","description":"","potentialAction":[{"@type":"SearchAction","target":{"@type":"EntryPoint","urlTemplate":"https:\/\/www.revistalogistec.com\/?s={search_term_string}"},"query-input":{"@type":"PropertyValueSpecification","valueRequired":true,"valueName":"search_term_string"}}],"inLanguage":"es"},{"@type":"Person","@id":"https:\/\/www.revistalogistec.com\/#\/schema\/person\/6ebda24bed8ddfc6f5e848ee539184e5","name":"Paula Cortes","image":{"@type":"ImageObject","inLanguage":"es","@id":"https:\/\/secure.gravatar.com\/avatar\/f9207b46b9e06b63ba9e6f850cbf5de3945e6ce9ba336ad5aa87eee72a5a569c?s=96&d=mm&r=g","url":"https:\/\/secure.gravatar.com\/avatar\/f9207b46b9e06b63ba9e6f850cbf5de3945e6ce9ba336ad5aa87eee72a5a569c?s=96&d=mm&r=g","contentUrl":"https:\/\/secure.gravatar.com\/avatar\/f9207b46b9e06b63ba9e6f850cbf5de3945e6ce9ba336ad5aa87eee72a5a569c?s=96&d=mm&r=g","caption":"Paula Cortes"},"url":"https:\/\/www.revistalogistec.com\/index.php\/author\/paula-cortes\/"}]}},"_links":{"self":[{"href":"https:\/\/www.revistalogistec.com\/index.php\/wp-json\/wp\/v2\/posts\/12137","targetHints":{"allow":["GET"]}}],"collection":[{"href":"https:\/\/www.revistalogistec.com\/index.php\/wp-json\/wp\/v2\/posts"}],"about":[{"href":"https:\/\/www.revistalogistec.com\/index.php\/wp-json\/wp\/v2\/types\/post"}],"author":[{"embeddable":true,"href":"https:\/\/www.revistalogistec.com\/index.php\/wp-json\/wp\/v2\/users\/48296"}],"replies":[{"embeddable":true,"href":"https:\/\/www.revistalogistec.com\/index.php\/wp-json\/wp\/v2\/comments?post=12137"}],"version-history":[{"count":0,"href":"https:\/\/www.revistalogistec.com\/index.php\/wp-json\/wp\/v2\/posts\/12137\/revisions"}],"wp:featuredmedia":[{"embeddable":true,"href":"https:\/\/www.revistalogistec.com\/index.php\/wp-json\/wp\/v2\/media\/12136"}],"wp:attachment":[{"href":"https:\/\/www.revistalogistec.com\/index.php\/wp-json\/wp\/v2\/media?parent=12137"}],"wp:term":[{"taxonomy":"category","embeddable":true,"href":"https:\/\/www.revistalogistec.com\/index.php\/wp-json\/wp\/v2\/categories?post=12137"},{"taxonomy":"post_tag","embeddable":true,"href":"https:\/\/www.revistalogistec.com\/index.php\/wp-json\/wp\/v2\/tags?post=12137"}],"curies":[{"name":"wp","href":"https:\/\/api.w.org\/{rel}","templated":true}]}}