{"id":12698,"date":"2023-08-24T16:55:25","date_gmt":"2023-08-24T16:55:25","guid":{"rendered":"https:\/\/www.revistalogistec.com\/index.php\/2023\/08\/24\/chile-lidera-iniciativas-de-movilidad-sostenible-y-descarbonizacion-en-la-region\/"},"modified":"2025-11-07T10:34:41","modified_gmt":"2025-11-07T14:34:41","slug":"chile-lidera-iniciativas-de-movilidad-sostenible-y-descarbonizacion-en-la-region","status":"publish","type":"post","link":"https:\/\/www.revistalogistec.com\/index.php\/2023\/08\/24\/chile-lidera-iniciativas-de-movilidad-sostenible-y-descarbonizacion-en-la-region\/","title":{"rendered":"CHILE LIDERA INICIATIVAS DE MOVILIDAD SOSTENIBLE Y DESCARBONIZACI\u00d3N EN LA REGI\u00d3N"},"content":{"rendered":"<p style=\"text-align: justify;\">Durante el pr\u00f3ximo encuentro Latam Mobility Conosur a desarrollarse el 29 y 30 de agosto, se dar\u00e1n a conocer los resultados del informe del estado de la movilidad sostenible en Chile.<\/p>\n<p style=\"text-align: justify;\">Contaremos con la presencia del ministro de Transporte de Chile, Juan Carlos Mu\u00f1oz y de otros destacados invitados como Daniela Pe\u00f1aloza Ramos, alcaldesa de Las Condes, y Paola Tapia Salas, directora ejecutiva del Directorio de Transporte P\u00fablico Metropolitano, entre otros. En la oportunidad, tambi\u00e9n se presentar\u00e1 el cambio de presidencia de la Asociaci\u00f3n de Veh\u00edculos El\u00e9ctricos de Chile (AVEC).<\/p>\n<p style=\"text-align: justify;\">Tras el exitoso encuentro \u201cLatam Mobility: Colombia 2023\u201d, donde se dieron cita m\u00e1s de 700 asistentes junto a destacados representantes del sector p\u00fablico y privado, el pr\u00f3ximo 29 y 30 de agosto ser\u00e1 el turno de Santiago de Chile, para seguir con la gira \u201cLatam Mobility: ConoSur 2023\u201d.<\/p>\n<p style=\"text-align: justify;\">Durante estos d\u00edas converger\u00e1n en el Hotel Intercontinental los m\u00e1s importantes l\u00edderes y representantes de empresas vinculadas a la energ\u00eda, el transporte, los combustibles y la movilidad, para mostrar los avances y las perspectivas de la industria en el pa\u00eds y la regi\u00f3n, como tambi\u00e9n los resultados del estado de la movilidad sostenible en Chile, desarrollado por Evolv-x que ubican a Chile como l\u00edder regional en algunos puntos.<\/p>\n<p style=\"text-align: justify;\">El encuentro contar\u00e1 con la presencia de Juan Carlos Mu\u00f1oz, ministro de transporte de Chile, quien ser\u00e1 el encargado de la apertura del summit, junto a destacados representantes, como Daniela Pe\u00f1aloza Ramos, alcaldesa de Las Condes; Paola Tapia Salas, directora ejecutiva del Directorio de Transporte P\u00fablico Metropolitano; Marcela Munizaga, vicepresidenta del Directorio Metro S.A., y Alexis Ar\u00e9valo, subdirector de Movilidad Urbana de la Municipalidad de Santiago.<\/p>\n<p style=\"text-align: justify;\">Adem\u00e1s, con el fin de reforzar la integraci\u00f3n regional para impulsar el avance hacia la transici\u00f3n en la movilidad sostenible, el encuentro contar\u00e1 con la participaci\u00f3n de representantes de Argentina y Uruguay, entre los que destacan Ignacio Horvath, director general de la Administraci\u00f3n Nacional de Combustibles, Alcohol y Portland (Ancap) de Uruguay\u200b; Marcelo Rodio, secretario de Transporte y Tr\u00e1nsito de C\u00f3rdoba, Argentina, y Daniel Vilches, presidente de la Sociedad de Transporte de Mendoza, Argentina, entre otros.<\/p>\n<h3 style=\"text-align: justify;\">\u00bfPor qu\u00e9 Chile?<\/h3>\n<p style=\"text-align: justify;\">Seg\u00fan cifras de la Asociaci\u00f3n Nacional Automotriz de Chile (ANAC), entre enero y junio de este a\u00f1o se han comercializado 777 veh\u00edculos el\u00e9ctricos, como tambi\u00e9n los primeros tres modelos de veh\u00edculos de celdas de hidr\u00f3geno.<\/p>\n<p style=\"text-align: justify;\">Adem\u00e1s, el pa\u00eds cuenta con un total de 326 instalaciones p\u00fablicas de carga para veh\u00edculos el\u00e9ctricos, lo que representa un aumento de 5,5% en comparaci\u00f3n con 2022.<br \/>En relaci\u00f3n a los veh\u00edculos pesados, los buses el\u00e9ctricos acumularon 955 unidades vendidas en los cinco primeros meses de este a\u00f1o con un incremento de 1.668%, en comparaci\u00f3n a 2022.<\/p>\n<p style=\"text-align: justify;\">Por otra parte, cabe destacar que la capacidad instalada de la matriz el\u00e9ctrica de Chile es diversificada, compuesta por 39,44% de energ\u00edas renovables no convencionales, y 60,56% de fuentes convencionales, siendo el 28% proveniente de energ\u00edas solares y e\u00f3licas.<\/p>\n<p style=\"text-align: justify;\">Dichos n\u00fameros demuestran que Chile est\u00e1 a la vanguardia de la movilidad sostenible y mantiene su aumento en el uso de las energ\u00edas renovables, lo que lo convierte en un referente para Latinoam\u00e9rica y el mundo.<\/p>\n<h3 style=\"text-align: justify;\">Workshops y Networking<\/h3>\n<p style=\"text-align: justify;\">La \u201cGira 2023\u201d de Latam Mobility presentar\u00e1 una serie de paneles dedicados a tem\u00e1ticas espec\u00edficas, que buscan resaltar los avances, retos y oportunidades en los distintos sectores que abarcan la movilidad sostenible en cada uno de los pa\u00edses que visita, y Chile forma parte de la vanguardia en la regi\u00f3n.<\/p>\n<p style=\"text-align: justify;\">El transporte p\u00fablico, el sector automotriz, la infraestructura de carga, la gesti\u00f3n de flotas, las finanzas, los combustibles limpios, y la tecnolog\u00eda, ser\u00e1n parte de los contenidos a tratar en distintos paneles integrados por l\u00edderes de empresas e instituciones gubernamentales, quienes conversar\u00e1n sobre los retos y perspectivas para el pa\u00eds y la regi\u00f3n.<\/p>\n<p style=\"text-align: justify;\">Adem\u00e1s, \u201cLatam Mobility: ConoSur 2023\u201d contar\u00e1 con workshops, talleres privados de contenido especializado vinculados a gesti\u00f3n de flotas, smart charging, seguridad en veh\u00edculos el\u00e9ctricos, entre otras, como tambi\u00e9n espacios dedicados a facilitar el networking y seguir impulsando la movilidad sostenible en los distintos pa\u00edses de Latinoam\u00e9rica.<\/p>\n<p style=\"text-align: justify;\">Link: https:\/\/live.eventtia.com\/es\/latammobilityconosur<br \/>Contacto prensa: cgaraned@uc.cl<\/p>\n","protected":false},"excerpt":{"rendered":"<p style=\"text-align: justify;\">Durante el pr\u00f3ximo encuentro Latam Mobility Conosur a desarrollarse el 29 y 30 de agosto, se dar\u00e1n a conocer los resultados del informe del estado de la movilidad sostenible en Chile.<\/p>\n","protected":false},"author":1,"featured_media":12695,"comment_status":"open","ping_status":"open","sticky":false,"template":"","format":"standard","meta":{"_acf_changed":false,"jnews-multi-image_gallery":[],"jnews_single_post":[],"jnews_primary_category":[],"jnews_social_meta":[],"jnews_override_counter":[],"footnotes":""},"categories":[164],"tags":[],"class_list":["post-12698","post","type-post","status-publish","format-standard","has-post-thumbnail","hentry","category-noticias-clientes"],"acf":[],"yoast_head":"<!-- This site is optimized with the Yoast SEO plugin v27.2 - https:\/\/yoast.com\/product\/yoast-seo-wordpress\/ -->\n<title>CHILE LIDERA INICIATIVAS DE MOVILIDAD SOSTENIBLE Y DESCARBONIZACI\u00d3N EN LA REGI\u00d3N - Revista Logistec<\/title>\n<meta name=\"robots\" content=\"index, follow, max-snippet:-1, max-image-preview:large, max-video-preview:-1\" \/>\n<link rel=\"canonical\" href=\"https:\/\/www.revistalogistec.com\/index.php\/2023\/08\/24\/chile-lidera-iniciativas-de-movilidad-sostenible-y-descarbonizacion-en-la-region\/\" \/>\n<meta property=\"og:locale\" content=\"es_ES\" \/>\n<meta property=\"og:type\" content=\"article\" \/>\n<meta property=\"og:title\" content=\"CHILE LIDERA INICIATIVAS DE MOVILIDAD SOSTENIBLE Y DESCARBONIZACI\u00d3N EN LA REGI\u00d3N - Revista Logistec\" \/>\n<meta property=\"og:description\" content=\"Durante el pr\u00f3ximo encuentro Latam Mobility Conosur a desarrollarse el 29 y 30 de agosto, se dar\u00e1n a conocer los resultados del informe del estado de la movilidad sostenible en Chile.\" \/>\n<meta property=\"og:url\" content=\"https:\/\/www.revistalogistec.com\/index.php\/2023\/08\/24\/chile-lidera-iniciativas-de-movilidad-sostenible-y-descarbonizacion-en-la-region\/\" \/>\n<meta property=\"og:site_name\" content=\"Revista Logistec\" \/>\n<meta property=\"article:published_time\" content=\"2023-08-24T16:55:25+00:00\" \/>\n<meta property=\"article:modified_time\" content=\"2025-11-07T14:34:41+00:00\" \/>\n<meta property=\"og:image\" content=\"https:\/\/www.revistalogistec.com\/wp-content\/uploads\/2023\/08\/INVITACION-PRENSA-LATAM-MOBILITY-29-Y-30-AGOSTO.jpg\" \/>\n\t<meta property=\"og:image:width\" content=\"850\" \/>\n\t<meta property=\"og:image:height\" content=\"530\" \/>\n\t<meta property=\"og:image:type\" content=\"image\/jpeg\" \/>\n<meta name=\"author\" content=\"admin\" \/>\n<meta name=\"twitter:card\" content=\"summary_large_image\" \/>\n<meta name=\"twitter:label1\" content=\"Escrito por\" \/>\n\t<meta name=\"twitter:data1\" content=\"admin\" \/>\n\t<meta name=\"twitter:label2\" content=\"Tiempo de lectura\" \/>\n\t<meta name=\"twitter:data2\" content=\"4 minutos\" \/>\n<script type=\"application\/ld+json\" class=\"yoast-schema-graph\">{\"@context\":\"https:\/\/schema.org\",\"@graph\":[{\"@type\":\"Article\",\"@id\":\"https:\/\/www.revistalogistec.com\/index.php\/2023\/08\/24\/chile-lidera-iniciativas-de-movilidad-sostenible-y-descarbonizacion-en-la-region\/#article\",\"isPartOf\":{\"@id\":\"https:\/\/www.revistalogistec.com\/index.php\/2023\/08\/24\/chile-lidera-iniciativas-de-movilidad-sostenible-y-descarbonizacion-en-la-region\/\"},\"author\":{\"name\":\"admin\",\"@id\":\"https:\/\/www.revistalogistec.com\/#\/schema\/person\/b25cced65507282f3fc6eb806b1db4f0\"},\"headline\":\"CHILE LIDERA INICIATIVAS DE MOVILIDAD SOSTENIBLE Y DESCARBONIZACI\u00d3N EN LA REGI\u00d3N\",\"datePublished\":\"2023-08-24T16:55:25+00:00\",\"dateModified\":\"2025-11-07T14:34:41+00:00\",\"mainEntityOfPage\":{\"@id\":\"https:\/\/www.revistalogistec.com\/index.php\/2023\/08\/24\/chile-lidera-iniciativas-de-movilidad-sostenible-y-descarbonizacion-en-la-region\/\"},\"wordCount\":753,\"commentCount\":0,\"image\":{\"@id\":\"https:\/\/www.revistalogistec.com\/index.php\/2023\/08\/24\/chile-lidera-iniciativas-de-movilidad-sostenible-y-descarbonizacion-en-la-region\/#primaryimage\"},\"thumbnailUrl\":\"https:\/\/www.revistalogistec.com\/wp-content\/uploads\/2023\/08\/INVITACION-PRENSA-LATAM-MOBILITY-29-Y-30-AGOSTO.jpg\",\"articleSection\":[\"NOTICIAS CLIENTES\"],\"inLanguage\":\"es\"},{\"@type\":\"WebPage\",\"@id\":\"https:\/\/www.revistalogistec.com\/index.php\/2023\/08\/24\/chile-lidera-iniciativas-de-movilidad-sostenible-y-descarbonizacion-en-la-region\/\",\"url\":\"https:\/\/www.revistalogistec.com\/index.php\/2023\/08\/24\/chile-lidera-iniciativas-de-movilidad-sostenible-y-descarbonizacion-en-la-region\/\",\"name\":\"CHILE LIDERA INICIATIVAS DE MOVILIDAD SOSTENIBLE Y DESCARBONIZACI\u00d3N EN LA REGI\u00d3N - Revista Logistec\",\"isPartOf\":{\"@id\":\"https:\/\/www.revistalogistec.com\/#website\"},\"primaryImageOfPage\":{\"@id\":\"https:\/\/www.revistalogistec.com\/index.php\/2023\/08\/24\/chile-lidera-iniciativas-de-movilidad-sostenible-y-descarbonizacion-en-la-region\/#primaryimage\"},\"image\":{\"@id\":\"https:\/\/www.revistalogistec.com\/index.php\/2023\/08\/24\/chile-lidera-iniciativas-de-movilidad-sostenible-y-descarbonizacion-en-la-region\/#primaryimage\"},\"thumbnailUrl\":\"https:\/\/www.revistalogistec.com\/wp-content\/uploads\/2023\/08\/INVITACION-PRENSA-LATAM-MOBILITY-29-Y-30-AGOSTO.jpg\",\"datePublished\":\"2023-08-24T16:55:25+00:00\",\"dateModified\":\"2025-11-07T14:34:41+00:00\",\"author\":{\"@id\":\"https:\/\/www.revistalogistec.com\/#\/schema\/person\/b25cced65507282f3fc6eb806b1db4f0\"},\"breadcrumb\":{\"@id\":\"https:\/\/www.revistalogistec.com\/index.php\/2023\/08\/24\/chile-lidera-iniciativas-de-movilidad-sostenible-y-descarbonizacion-en-la-region\/#breadcrumb\"},\"inLanguage\":\"es\",\"potentialAction\":[{\"@type\":\"ReadAction\",\"target\":[\"https:\/\/www.revistalogistec.com\/index.php\/2023\/08\/24\/chile-lidera-iniciativas-de-movilidad-sostenible-y-descarbonizacion-en-la-region\/\"]}]},{\"@type\":\"ImageObject\",\"inLanguage\":\"es\",\"@id\":\"https:\/\/www.revistalogistec.com\/index.php\/2023\/08\/24\/chile-lidera-iniciativas-de-movilidad-sostenible-y-descarbonizacion-en-la-region\/#primaryimage\",\"url\":\"https:\/\/www.revistalogistec.com\/wp-content\/uploads\/2023\/08\/INVITACION-PRENSA-LATAM-MOBILITY-29-Y-30-AGOSTO.jpg\",\"contentUrl\":\"https:\/\/www.revistalogistec.com\/wp-content\/uploads\/2023\/08\/INVITACION-PRENSA-LATAM-MOBILITY-29-Y-30-AGOSTO.jpg\",\"width\":850,\"height\":530},{\"@type\":\"BreadcrumbList\",\"@id\":\"https:\/\/www.revistalogistec.com\/index.php\/2023\/08\/24\/chile-lidera-iniciativas-de-movilidad-sostenible-y-descarbonizacion-en-la-region\/#breadcrumb\",\"itemListElement\":[{\"@type\":\"ListItem\",\"position\":1,\"name\":\"Portada\",\"item\":\"https:\/\/www.revistalogistec.com\/\"},{\"@type\":\"ListItem\",\"position\":2,\"name\":\"CHILE LIDERA INICIATIVAS DE MOVILIDAD SOSTENIBLE Y DESCARBONIZACI\u00d3N EN LA REGI\u00d3N\"}]},{\"@type\":\"WebSite\",\"@id\":\"https:\/\/www.revistalogistec.com\/#website\",\"url\":\"https:\/\/www.revistalogistec.com\/\",\"name\":\"Revista Logistec\",\"description\":\"\",\"potentialAction\":[{\"@type\":\"SearchAction\",\"target\":{\"@type\":\"EntryPoint\",\"urlTemplate\":\"https:\/\/www.revistalogistec.com\/?s={search_term_string}\"},\"query-input\":{\"@type\":\"PropertyValueSpecification\",\"valueRequired\":true,\"valueName\":\"search_term_string\"}}],\"inLanguage\":\"es\"},{\"@type\":\"Person\",\"@id\":\"https:\/\/www.revistalogistec.com\/#\/schema\/person\/b25cced65507282f3fc6eb806b1db4f0\",\"name\":\"admin\",\"image\":{\"@type\":\"ImageObject\",\"inLanguage\":\"es\",\"@id\":\"https:\/\/secure.gravatar.com\/avatar\/94631f712dee24b50f2f12a7caf62df22b2c346945fcff655ce85b674bebf6fd?s=96&d=mm&r=g\",\"url\":\"https:\/\/secure.gravatar.com\/avatar\/94631f712dee24b50f2f12a7caf62df22b2c346945fcff655ce85b674bebf6fd?s=96&d=mm&r=g\",\"contentUrl\":\"https:\/\/secure.gravatar.com\/avatar\/94631f712dee24b50f2f12a7caf62df22b2c346945fcff655ce85b674bebf6fd?s=96&d=mm&r=g\",\"caption\":\"admin\"},\"sameAs\":[\"https:\/\/www.revistalogistec.com\"],\"url\":\"https:\/\/www.revistalogistec.com\/index.php\/author\/admin_revlog\/\"}]}<\/script>\n<!-- \/ Yoast SEO plugin. -->","yoast_head_json":{"title":"CHILE LIDERA INICIATIVAS DE MOVILIDAD SOSTENIBLE Y DESCARBONIZACI\u00d3N EN LA REGI\u00d3N - Revista Logistec","robots":{"index":"index","follow":"follow","max-snippet":"max-snippet:-1","max-image-preview":"max-image-preview:large","max-video-preview":"max-video-preview:-1"},"canonical":"https:\/\/www.revistalogistec.com\/index.php\/2023\/08\/24\/chile-lidera-iniciativas-de-movilidad-sostenible-y-descarbonizacion-en-la-region\/","og_locale":"es_ES","og_type":"article","og_title":"CHILE LIDERA INICIATIVAS DE MOVILIDAD SOSTENIBLE Y DESCARBONIZACI\u00d3N EN LA REGI\u00d3N - Revista Logistec","og_description":"Durante el pr\u00f3ximo encuentro Latam Mobility Conosur a desarrollarse el 29 y 30 de agosto, se dar\u00e1n a conocer los resultados del informe del estado de la movilidad sostenible en Chile.","og_url":"https:\/\/www.revistalogistec.com\/index.php\/2023\/08\/24\/chile-lidera-iniciativas-de-movilidad-sostenible-y-descarbonizacion-en-la-region\/","og_site_name":"Revista Logistec","article_published_time":"2023-08-24T16:55:25+00:00","article_modified_time":"2025-11-07T14:34:41+00:00","og_image":[{"width":850,"height":530,"url":"https:\/\/www.revistalogistec.com\/wp-content\/uploads\/2023\/08\/INVITACION-PRENSA-LATAM-MOBILITY-29-Y-30-AGOSTO.jpg","type":"image\/jpeg"}],"author":"admin","twitter_card":"summary_large_image","twitter_misc":{"Escrito por":"admin","Tiempo de lectura":"4 minutos"},"schema":{"@context":"https:\/\/schema.org","@graph":[{"@type":"Article","@id":"https:\/\/www.revistalogistec.com\/index.php\/2023\/08\/24\/chile-lidera-iniciativas-de-movilidad-sostenible-y-descarbonizacion-en-la-region\/#article","isPartOf":{"@id":"https:\/\/www.revistalogistec.com\/index.php\/2023\/08\/24\/chile-lidera-iniciativas-de-movilidad-sostenible-y-descarbonizacion-en-la-region\/"},"author":{"name":"admin","@id":"https:\/\/www.revistalogistec.com\/#\/schema\/person\/b25cced65507282f3fc6eb806b1db4f0"},"headline":"CHILE LIDERA INICIATIVAS DE MOVILIDAD SOSTENIBLE Y DESCARBONIZACI\u00d3N EN LA REGI\u00d3N","datePublished":"2023-08-24T16:55:25+00:00","dateModified":"2025-11-07T14:34:41+00:00","mainEntityOfPage":{"@id":"https:\/\/www.revistalogistec.com\/index.php\/2023\/08\/24\/chile-lidera-iniciativas-de-movilidad-sostenible-y-descarbonizacion-en-la-region\/"},"wordCount":753,"commentCount":0,"image":{"@id":"https:\/\/www.revistalogistec.com\/index.php\/2023\/08\/24\/chile-lidera-iniciativas-de-movilidad-sostenible-y-descarbonizacion-en-la-region\/#primaryimage"},"thumbnailUrl":"https:\/\/www.revistalogistec.com\/wp-content\/uploads\/2023\/08\/INVITACION-PRENSA-LATAM-MOBILITY-29-Y-30-AGOSTO.jpg","articleSection":["NOTICIAS CLIENTES"],"inLanguage":"es"},{"@type":"WebPage","@id":"https:\/\/www.revistalogistec.com\/index.php\/2023\/08\/24\/chile-lidera-iniciativas-de-movilidad-sostenible-y-descarbonizacion-en-la-region\/","url":"https:\/\/www.revistalogistec.com\/index.php\/2023\/08\/24\/chile-lidera-iniciativas-de-movilidad-sostenible-y-descarbonizacion-en-la-region\/","name":"CHILE LIDERA INICIATIVAS DE MOVILIDAD SOSTENIBLE Y DESCARBONIZACI\u00d3N EN LA REGI\u00d3N - Revista Logistec","isPartOf":{"@id":"https:\/\/www.revistalogistec.com\/#website"},"primaryImageOfPage":{"@id":"https:\/\/www.revistalogistec.com\/index.php\/2023\/08\/24\/chile-lidera-iniciativas-de-movilidad-sostenible-y-descarbonizacion-en-la-region\/#primaryimage"},"image":{"@id":"https:\/\/www.revistalogistec.com\/index.php\/2023\/08\/24\/chile-lidera-iniciativas-de-movilidad-sostenible-y-descarbonizacion-en-la-region\/#primaryimage"},"thumbnailUrl":"https:\/\/www.revistalogistec.com\/wp-content\/uploads\/2023\/08\/INVITACION-PRENSA-LATAM-MOBILITY-29-Y-30-AGOSTO.jpg","datePublished":"2023-08-24T16:55:25+00:00","dateModified":"2025-11-07T14:34:41+00:00","author":{"@id":"https:\/\/www.revistalogistec.com\/#\/schema\/person\/b25cced65507282f3fc6eb806b1db4f0"},"breadcrumb":{"@id":"https:\/\/www.revistalogistec.com\/index.php\/2023\/08\/24\/chile-lidera-iniciativas-de-movilidad-sostenible-y-descarbonizacion-en-la-region\/#breadcrumb"},"inLanguage":"es","potentialAction":[{"@type":"ReadAction","target":["https:\/\/www.revistalogistec.com\/index.php\/2023\/08\/24\/chile-lidera-iniciativas-de-movilidad-sostenible-y-descarbonizacion-en-la-region\/"]}]},{"@type":"ImageObject","inLanguage":"es","@id":"https:\/\/www.revistalogistec.com\/index.php\/2023\/08\/24\/chile-lidera-iniciativas-de-movilidad-sostenible-y-descarbonizacion-en-la-region\/#primaryimage","url":"https:\/\/www.revistalogistec.com\/wp-content\/uploads\/2023\/08\/INVITACION-PRENSA-LATAM-MOBILITY-29-Y-30-AGOSTO.jpg","contentUrl":"https:\/\/www.revistalogistec.com\/wp-content\/uploads\/2023\/08\/INVITACION-PRENSA-LATAM-MOBILITY-29-Y-30-AGOSTO.jpg","width":850,"height":530},{"@type":"BreadcrumbList","@id":"https:\/\/www.revistalogistec.com\/index.php\/2023\/08\/24\/chile-lidera-iniciativas-de-movilidad-sostenible-y-descarbonizacion-en-la-region\/#breadcrumb","itemListElement":[{"@type":"ListItem","position":1,"name":"Portada","item":"https:\/\/www.revistalogistec.com\/"},{"@type":"ListItem","position":2,"name":"CHILE LIDERA INICIATIVAS DE MOVILIDAD SOSTENIBLE Y DESCARBONIZACI\u00d3N EN LA REGI\u00d3N"}]},{"@type":"WebSite","@id":"https:\/\/www.revistalogistec.com\/#website","url":"https:\/\/www.revistalogistec.com\/","name":"Revista Logistec","description":"","potentialAction":[{"@type":"SearchAction","target":{"@type":"EntryPoint","urlTemplate":"https:\/\/www.revistalogistec.com\/?s={search_term_string}"},"query-input":{"@type":"PropertyValueSpecification","valueRequired":true,"valueName":"search_term_string"}}],"inLanguage":"es"},{"@type":"Person","@id":"https:\/\/www.revistalogistec.com\/#\/schema\/person\/b25cced65507282f3fc6eb806b1db4f0","name":"admin","image":{"@type":"ImageObject","inLanguage":"es","@id":"https:\/\/secure.gravatar.com\/avatar\/94631f712dee24b50f2f12a7caf62df22b2c346945fcff655ce85b674bebf6fd?s=96&d=mm&r=g","url":"https:\/\/secure.gravatar.com\/avatar\/94631f712dee24b50f2f12a7caf62df22b2c346945fcff655ce85b674bebf6fd?s=96&d=mm&r=g","contentUrl":"https:\/\/secure.gravatar.com\/avatar\/94631f712dee24b50f2f12a7caf62df22b2c346945fcff655ce85b674bebf6fd?s=96&d=mm&r=g","caption":"admin"},"sameAs":["https:\/\/www.revistalogistec.com"],"url":"https:\/\/www.revistalogistec.com\/index.php\/author\/admin_revlog\/"}]}},"_links":{"self":[{"href":"https:\/\/www.revistalogistec.com\/index.php\/wp-json\/wp\/v2\/posts\/12698","targetHints":{"allow":["GET"]}}],"collection":[{"href":"https:\/\/www.revistalogistec.com\/index.php\/wp-json\/wp\/v2\/posts"}],"about":[{"href":"https:\/\/www.revistalogistec.com\/index.php\/wp-json\/wp\/v2\/types\/post"}],"author":[{"embeddable":true,"href":"https:\/\/www.revistalogistec.com\/index.php\/wp-json\/wp\/v2\/users\/1"}],"replies":[{"embeddable":true,"href":"https:\/\/www.revistalogistec.com\/index.php\/wp-json\/wp\/v2\/comments?post=12698"}],"version-history":[{"count":0,"href":"https:\/\/www.revistalogistec.com\/index.php\/wp-json\/wp\/v2\/posts\/12698\/revisions"}],"wp:featuredmedia":[{"embeddable":true,"href":"https:\/\/www.revistalogistec.com\/index.php\/wp-json\/wp\/v2\/media\/12695"}],"wp:attachment":[{"href":"https:\/\/www.revistalogistec.com\/index.php\/wp-json\/wp\/v2\/media?parent=12698"}],"wp:term":[{"taxonomy":"category","embeddable":true,"href":"https:\/\/www.revistalogistec.com\/index.php\/wp-json\/wp\/v2\/categories?post=12698"},{"taxonomy":"post_tag","embeddable":true,"href":"https:\/\/www.revistalogistec.com\/index.php\/wp-json\/wp\/v2\/tags?post=12698"}],"curies":[{"name":"wp","href":"https:\/\/api.w.org\/{rel}","templated":true}]}}