{"id":13240,"date":"2023-10-30T15:25:22","date_gmt":"2023-10-30T15:25:22","guid":{"rendered":"https:\/\/www.revistalogistec.com\/index.php\/2023\/10\/30\/el-transporte-del-futuro-esta-mas-cerca-en-europa\/"},"modified":"2023-10-30T15:25:22","modified_gmt":"2023-10-30T15:25:22","slug":"el-transporte-del-futuro-esta-mas-cerca-en-europa","status":"publish","type":"post","link":"https:\/\/www.revistalogistec.com\/index.php\/2023\/10\/30\/el-transporte-del-futuro-esta-mas-cerca-en-europa\/","title":{"rendered":"EL TRANSPORTE DEL FUTURO EST\u00c1 M\u00c1S CERCA EN EUROPA"},"content":{"rendered":"<p style=\"text-align: justify;\">En un importante paso hacia el avance del transporte sostenible y el desarrollo de infraestructuras, la Comisi\u00f3n Europea ha anunciado la apertura de una nueva convocatoria de proyectos en el marco del Mecanismo \u00abConectar Europa\u00bb (CEF) para el Transporte. Esta \u00faltima convocatoria, lanzada el 26 de septiembre, tiene como objetivo fortalecer la conectividad del transporte transfronterizo y respaldar la visi\u00f3n de la Uni\u00f3n Europea de un sistema de transporte m\u00e1s verde e integrado. El periodo de presentaci\u00f3n de propuestas de proyectos est\u00e1 programado para finalizar el 30 de enero de 2024.<\/p>\n<p style=\"text-align: justify;\">Desde la puesta en marcha del Pacto Verde Europeo y con la necesidad de reducir la dependencia energ\u00e9tica de Rusia, la Uni\u00f3n Europea est\u00e1 dirigiendo una importante cantidad de recursos a afrontar la transici\u00f3n verde. Seg\u00fan datos de la Uni\u00f3n Europea, el transporte genera alrededor del 25 % de las emisiones totales de efecto invernadero de la UE. Para reducir esta cifra, se est\u00e1n poniendo sobre la mesa diferentes propuestas, como el reciente paquete de medidas de la Comisi\u00f3n para la ecologizaci\u00f3n del transporte de mercanc\u00edas o la pol\u00e9mica normativa Euro 7, que actualmente se encuentra en fase de negociaci\u00f3n.<\/p>\n<p style=\"text-align: justify;\">En este camino por alcanzar la transici\u00f3n verde, el Mecanismo Conectar Europa es una de las principales herramientas de la Uni\u00f3n Europea para llevar a cabo esta transformaci\u00f3n.<\/p>\n<p style=\"text-align: justify;\">El programa CEF Transport, que es parte del Mecanismo \u00abConectar Europa\u00bb, tiene como objetivo fomentar la conectividad fluida, eficiente y sostenible en todo el continente. Esta nueva convocatoria de proyectos refuerza el compromiso de crear una Europa bien conectada con redes de transporte s\u00f3lidas y respetuosas con el medio ambiente.<\/p>\n<p style=\"text-align: justify;\">Los objetivos clave de la convocatoria CEF Transport 2024 son los siguientes:<\/p>\n<p style=\"text-align: justify;\">\u2022 Movilidad Sostenible: La convocatoria pone un fuerte \u00e9nfasis en proyectos que promuevan modos de transporte sostenibles, como el ferrocarril, el transporte mar\u00edtimo y soluciones de energ\u00eda limpia. Esto incluye el apoyo a la electrificaci\u00f3n y la hibridaci\u00f3n del transporte.<\/p>\n<p style=\"text-align: justify;\">\u2022 Conectividad Transfronteriza: Se fomentan proyectos que mejoren la infraestructura transfronteriza, eliminando cuellos de botella y promoviendo la interoperabilidad entre diferentes modos de transporte.<\/p>\n<p style=\"text-align: justify;\">\u2022 Digitalizaci\u00f3n: La convocatoria promueve la integraci\u00f3n de tecnolog\u00edas digitales en la infraestructura y los servicios de transporte, lo que permite soluciones de transporte m\u00e1s inteligentes y eficientes.<\/p>\n<p style=\"text-align: justify;\">\u2022 Seguridad: Garantizar la seguridad y la protecci\u00f3n de las redes de transporte sigue siendo un objetivo fundamental de esta iniciativa.<\/p>\n<p style=\"text-align: justify;\">La nueva convocatoria de CEF Transport en 2024 asignar\u00e1 m\u00e1s de 6,6 mil millones de euros para proyectos. Por un lado, el 65% del presupuesto se destinar\u00e1 a proyectos en los Corredores de la Red Principal. Estas son rutas clave identificadas para mejorar la fluidez y la conectividad del transporte europeo. Por otro lado, el 35% del presupuesto estar\u00e1 disponible para proyectos fuera de los Corredores de la Red Principal, dise\u00f1ados para mejorar la red de transporte en su conjunto.<\/p>\n<p style=\"text-align: justify;\">Este monto se suma a la convocatoria en curso para el Mecanismo de Infraestructura de Combustibles Alternativos, que se abri\u00f3 en 2021 y asignar\u00e1 este a\u00f1o 525 millones de euros para desplegar infraestructuras de carga r\u00e1pida, apoyar la implementaci\u00f3n de infraestructuras de repostaje de hidr\u00f3geno o el suministro de gas natural licuado para puertos mar\u00edtimos e interiores. Esta convocatoria vence en noviembre de 2023, mientras que la nueva est\u00e1 abierta hasta finales de enero de 2024.<\/p>\n<p style=\"text-align: justify;\">Se aceptar\u00e1n propuestas de proyectos para la convocatoria CEF Transport hasta enero de 2024. Las propuestas ser\u00e1n sometidas a un proceso de evaluaci\u00f3n integral para asegurarse de que se ajusten a los objetivos y prioridades del programa. Los criterios de evaluaci\u00f3n incluir\u00e1n el potencial del proyecto para contribuir a la sostenibilidad, su impacto transfronterizo, su viabilidad t\u00e9cnica y su viabilidad financiera.<\/p>\n<p style=\"text-align: justify;\">Participar en la convocatoria CEF Transport ofrece varias ventajas tanto para entidades p\u00fablicas como privadas involucradas en el sector del transporte:<\/p>\n<p style=\"text-align: justify;\">\u2022 Apoyo Financiero: Los proyectos exitosos recibir\u00e1n financiamiento, reduciendo la carga financiera para los promotores de proyectos y fomentando la innovaci\u00f3n.<\/p>\n<p>\u2022 Mayor Conectividad: Los proyectos pueden mejorar significativamente la conectividad del transporte, facilitando el movimiento de mercanc\u00edas y personas en toda Europa de manera m\u00e1s eficiente.<\/p>\n<p>\u2022 Impacto Ambiental: Centrarse en la sostenibilidad significa que los proyectos tendr\u00e1n un impacto positivo en el medio ambiente, aline\u00e1ndose con el compromiso de la UE de combatir el cambio clim\u00e1tico.<\/p>\n<p style=\"text-align: justify;\">\u2022 Crecimiento Econ\u00f3mico: Las redes de transporte mejoradas contribuir\u00e1n al crecimiento econ\u00f3mico al facilitar el comercio y promover el desarrollo empresarial.<\/p>\n<p style=\"text-align: justify;\">El lanzamiento de la nueva convocatoria de CEF Transport representa una valiosa oportunidad para que organizaciones y autoridades de toda Europa contribuyan a la realizaci\u00f3n de un sistema de transporte m\u00e1s conectado y sostenible. Con un plazo de presentaci\u00f3n en enero de 2024, las partes interesadas deber\u00edan actuar r\u00e1pidamente para presentar proyectos que respalden las principales prioridades del programa. De esta manera, pueden desempe\u00f1ar un papel fundamental en la configuraci\u00f3n del futuro del transporte europeo, haci\u00e9ndolo m\u00e1s eficiente, respetuoso con el medio ambiente y conectado.<\/p>\n<p style=\"text-align: justify;\">David Garc\u00eda Arrate, Senior Project Manager de Euro-Funding<\/p>\n","protected":false},"excerpt":{"rendered":"<p style=\"text-align: justify;\">En un importante paso hacia el avance del transporte sostenible y el desarrollo de infraestructuras, la Comisi\u00f3n Europea ha anunciado la apertura de una nueva convocatoria de proyectos en el marco del Mecanismo \u00abConectar Europa\u00bb (CEF) para el Transporte. Esta \u00faltima convocatoria, lanzada el 26 de septiembre, tiene como objetivo fortalecer la conectividad del transporte transfronterizo y respaldar la visi\u00f3n de la Uni\u00f3n Europea de un sistema de transporte m\u00e1s verde e integrado. El periodo de presentaci\u00f3n de propuestas de proyectos est\u00e1 programado para finalizar el 30 de enero de 2024.<\/p>\n","protected":false},"author":1,"featured_media":13238,"comment_status":"open","ping_status":"open","sticky":false,"template":"","format":"standard","meta":{"_acf_changed":false,"jnews-multi-image_gallery":[],"jnews_single_post":[],"jnews_primary_category":[],"jnews_social_meta":[],"jnews_override_counter":[],"footnotes":""},"categories":[83],"tags":[],"class_list":["post-13240","post","type-post","status-publish","format-standard","has-post-thumbnail","hentry","category-analisis"],"acf":[],"yoast_head":"<!-- This site is optimized with the Yoast SEO plugin v27.2 - https:\/\/yoast.com\/product\/yoast-seo-wordpress\/ -->\n<title>EL TRANSPORTE DEL FUTURO EST\u00c1 M\u00c1S CERCA EN EUROPA - Revista Logistec<\/title>\n<meta name=\"robots\" content=\"index, follow, max-snippet:-1, max-image-preview:large, max-video-preview:-1\" \/>\n<link rel=\"canonical\" href=\"https:\/\/www.revistalogistec.com\/index.php\/2023\/10\/30\/el-transporte-del-futuro-esta-mas-cerca-en-europa\/\" \/>\n<meta property=\"og:locale\" content=\"es_ES\" \/>\n<meta property=\"og:type\" content=\"article\" \/>\n<meta property=\"og:title\" content=\"EL TRANSPORTE DEL FUTURO EST\u00c1 M\u00c1S CERCA EN EUROPA - Revista Logistec\" \/>\n<meta property=\"og:description\" content=\"En un importante paso hacia el avance del transporte sostenible y el desarrollo de infraestructuras, la Comisi\u00f3n Europea ha anunciado la apertura de una nueva convocatoria de proyectos en el marco del Mecanismo &quot;Conectar Europa&quot; (CEF) para el Transporte. Esta \u00faltima convocatoria, lanzada el 26 de septiembre, tiene como objetivo fortalecer la conectividad del transporte transfronterizo y respaldar la visi\u00f3n de la Uni\u00f3n Europea de un sistema de transporte m\u00e1s verde e integrado. El periodo de presentaci\u00f3n de propuestas de proyectos est\u00e1 programado para finalizar el 30 de enero de 2024.\" \/>\n<meta property=\"og:url\" content=\"https:\/\/www.revistalogistec.com\/index.php\/2023\/10\/30\/el-transporte-del-futuro-esta-mas-cerca-en-europa\/\" \/>\n<meta property=\"og:site_name\" content=\"Revista Logistec\" \/>\n<meta property=\"article:published_time\" content=\"2023-10-30T15:25:22+00:00\" \/>\n<meta property=\"og:image\" content=\"https:\/\/www.revistalogistec.com\/wp-content\/uploads\/2023\/10\/David-Garcia-Arrate.jpg\" \/>\n\t<meta property=\"og:image:width\" content=\"850\" \/>\n\t<meta property=\"og:image:height\" content=\"530\" \/>\n\t<meta property=\"og:image:type\" content=\"image\/jpeg\" \/>\n<meta name=\"author\" content=\"admin\" \/>\n<meta name=\"twitter:card\" content=\"summary_large_image\" \/>\n<meta name=\"twitter:label1\" content=\"Escrito por\" \/>\n\t<meta name=\"twitter:data1\" content=\"admin\" \/>\n\t<meta name=\"twitter:label2\" content=\"Tiempo de lectura\" \/>\n\t<meta name=\"twitter:data2\" content=\"4 minutos\" \/>\n<script type=\"application\/ld+json\" class=\"yoast-schema-graph\">{\"@context\":\"https:\/\/schema.org\",\"@graph\":[{\"@type\":\"Article\",\"@id\":\"https:\/\/www.revistalogistec.com\/index.php\/2023\/10\/30\/el-transporte-del-futuro-esta-mas-cerca-en-europa\/#article\",\"isPartOf\":{\"@id\":\"https:\/\/www.revistalogistec.com\/index.php\/2023\/10\/30\/el-transporte-del-futuro-esta-mas-cerca-en-europa\/\"},\"author\":{\"name\":\"admin\",\"@id\":\"https:\/\/www.revistalogistec.com\/#\/schema\/person\/b25cced65507282f3fc6eb806b1db4f0\"},\"headline\":\"EL TRANSPORTE DEL FUTURO EST\u00c1 M\u00c1S CERCA EN EUROPA\",\"datePublished\":\"2023-10-30T15:25:22+00:00\",\"mainEntityOfPage\":{\"@id\":\"https:\/\/www.revistalogistec.com\/index.php\/2023\/10\/30\/el-transporte-del-futuro-esta-mas-cerca-en-europa\/\"},\"wordCount\":872,\"commentCount\":0,\"image\":{\"@id\":\"https:\/\/www.revistalogistec.com\/index.php\/2023\/10\/30\/el-transporte-del-futuro-esta-mas-cerca-en-europa\/#primaryimage\"},\"thumbnailUrl\":\"https:\/\/www.revistalogistec.com\/wp-content\/uploads\/2023\/10\/David-Garcia-Arrate.jpg\",\"articleSection\":[\"AN\u00c1LISIS\"],\"inLanguage\":\"es\"},{\"@type\":\"WebPage\",\"@id\":\"https:\/\/www.revistalogistec.com\/index.php\/2023\/10\/30\/el-transporte-del-futuro-esta-mas-cerca-en-europa\/\",\"url\":\"https:\/\/www.revistalogistec.com\/index.php\/2023\/10\/30\/el-transporte-del-futuro-esta-mas-cerca-en-europa\/\",\"name\":\"EL TRANSPORTE DEL FUTURO EST\u00c1 M\u00c1S CERCA EN EUROPA - Revista Logistec\",\"isPartOf\":{\"@id\":\"https:\/\/www.revistalogistec.com\/#website\"},\"primaryImageOfPage\":{\"@id\":\"https:\/\/www.revistalogistec.com\/index.php\/2023\/10\/30\/el-transporte-del-futuro-esta-mas-cerca-en-europa\/#primaryimage\"},\"image\":{\"@id\":\"https:\/\/www.revistalogistec.com\/index.php\/2023\/10\/30\/el-transporte-del-futuro-esta-mas-cerca-en-europa\/#primaryimage\"},\"thumbnailUrl\":\"https:\/\/www.revistalogistec.com\/wp-content\/uploads\/2023\/10\/David-Garcia-Arrate.jpg\",\"datePublished\":\"2023-10-30T15:25:22+00:00\",\"author\":{\"@id\":\"https:\/\/www.revistalogistec.com\/#\/schema\/person\/b25cced65507282f3fc6eb806b1db4f0\"},\"breadcrumb\":{\"@id\":\"https:\/\/www.revistalogistec.com\/index.php\/2023\/10\/30\/el-transporte-del-futuro-esta-mas-cerca-en-europa\/#breadcrumb\"},\"inLanguage\":\"es\",\"potentialAction\":[{\"@type\":\"ReadAction\",\"target\":[\"https:\/\/www.revistalogistec.com\/index.php\/2023\/10\/30\/el-transporte-del-futuro-esta-mas-cerca-en-europa\/\"]}]},{\"@type\":\"ImageObject\",\"inLanguage\":\"es\",\"@id\":\"https:\/\/www.revistalogistec.com\/index.php\/2023\/10\/30\/el-transporte-del-futuro-esta-mas-cerca-en-europa\/#primaryimage\",\"url\":\"https:\/\/www.revistalogistec.com\/wp-content\/uploads\/2023\/10\/David-Garcia-Arrate.jpg\",\"contentUrl\":\"https:\/\/www.revistalogistec.com\/wp-content\/uploads\/2023\/10\/David-Garcia-Arrate.jpg\",\"width\":850,\"height\":530},{\"@type\":\"BreadcrumbList\",\"@id\":\"https:\/\/www.revistalogistec.com\/index.php\/2023\/10\/30\/el-transporte-del-futuro-esta-mas-cerca-en-europa\/#breadcrumb\",\"itemListElement\":[{\"@type\":\"ListItem\",\"position\":1,\"name\":\"Portada\",\"item\":\"https:\/\/www.revistalogistec.com\/\"},{\"@type\":\"ListItem\",\"position\":2,\"name\":\"EL TRANSPORTE DEL FUTURO EST\u00c1 M\u00c1S CERCA EN EUROPA\"}]},{\"@type\":\"WebSite\",\"@id\":\"https:\/\/www.revistalogistec.com\/#website\",\"url\":\"https:\/\/www.revistalogistec.com\/\",\"name\":\"Revista Logistec\",\"description\":\"\",\"potentialAction\":[{\"@type\":\"SearchAction\",\"target\":{\"@type\":\"EntryPoint\",\"urlTemplate\":\"https:\/\/www.revistalogistec.com\/?s={search_term_string}\"},\"query-input\":{\"@type\":\"PropertyValueSpecification\",\"valueRequired\":true,\"valueName\":\"search_term_string\"}}],\"inLanguage\":\"es\"},{\"@type\":\"Person\",\"@id\":\"https:\/\/www.revistalogistec.com\/#\/schema\/person\/b25cced65507282f3fc6eb806b1db4f0\",\"name\":\"admin\",\"image\":{\"@type\":\"ImageObject\",\"inLanguage\":\"es\",\"@id\":\"https:\/\/secure.gravatar.com\/avatar\/94631f712dee24b50f2f12a7caf62df22b2c346945fcff655ce85b674bebf6fd?s=96&d=mm&r=g\",\"url\":\"https:\/\/secure.gravatar.com\/avatar\/94631f712dee24b50f2f12a7caf62df22b2c346945fcff655ce85b674bebf6fd?s=96&d=mm&r=g\",\"contentUrl\":\"https:\/\/secure.gravatar.com\/avatar\/94631f712dee24b50f2f12a7caf62df22b2c346945fcff655ce85b674bebf6fd?s=96&d=mm&r=g\",\"caption\":\"admin\"},\"sameAs\":[\"https:\/\/www.revistalogistec.com\"],\"url\":\"https:\/\/www.revistalogistec.com\/index.php\/author\/admin_revlog\/\"}]}<\/script>\n<!-- \/ Yoast SEO plugin. -->","yoast_head_json":{"title":"EL TRANSPORTE DEL FUTURO EST\u00c1 M\u00c1S CERCA EN EUROPA - Revista Logistec","robots":{"index":"index","follow":"follow","max-snippet":"max-snippet:-1","max-image-preview":"max-image-preview:large","max-video-preview":"max-video-preview:-1"},"canonical":"https:\/\/www.revistalogistec.com\/index.php\/2023\/10\/30\/el-transporte-del-futuro-esta-mas-cerca-en-europa\/","og_locale":"es_ES","og_type":"article","og_title":"EL TRANSPORTE DEL FUTURO EST\u00c1 M\u00c1S CERCA EN EUROPA - Revista Logistec","og_description":"En un importante paso hacia el avance del transporte sostenible y el desarrollo de infraestructuras, la Comisi\u00f3n Europea ha anunciado la apertura de una nueva convocatoria de proyectos en el marco del Mecanismo \"Conectar Europa\" (CEF) para el Transporte. Esta \u00faltima convocatoria, lanzada el 26 de septiembre, tiene como objetivo fortalecer la conectividad del transporte transfronterizo y respaldar la visi\u00f3n de la Uni\u00f3n Europea de un sistema de transporte m\u00e1s verde e integrado. El periodo de presentaci\u00f3n de propuestas de proyectos est\u00e1 programado para finalizar el 30 de enero de 2024.","og_url":"https:\/\/www.revistalogistec.com\/index.php\/2023\/10\/30\/el-transporte-del-futuro-esta-mas-cerca-en-europa\/","og_site_name":"Revista Logistec","article_published_time":"2023-10-30T15:25:22+00:00","og_image":[{"width":850,"height":530,"url":"https:\/\/www.revistalogistec.com\/wp-content\/uploads\/2023\/10\/David-Garcia-Arrate.jpg","type":"image\/jpeg"}],"author":"admin","twitter_card":"summary_large_image","twitter_misc":{"Escrito por":"admin","Tiempo de lectura":"4 minutos"},"schema":{"@context":"https:\/\/schema.org","@graph":[{"@type":"Article","@id":"https:\/\/www.revistalogistec.com\/index.php\/2023\/10\/30\/el-transporte-del-futuro-esta-mas-cerca-en-europa\/#article","isPartOf":{"@id":"https:\/\/www.revistalogistec.com\/index.php\/2023\/10\/30\/el-transporte-del-futuro-esta-mas-cerca-en-europa\/"},"author":{"name":"admin","@id":"https:\/\/www.revistalogistec.com\/#\/schema\/person\/b25cced65507282f3fc6eb806b1db4f0"},"headline":"EL TRANSPORTE DEL FUTURO EST\u00c1 M\u00c1S CERCA EN EUROPA","datePublished":"2023-10-30T15:25:22+00:00","mainEntityOfPage":{"@id":"https:\/\/www.revistalogistec.com\/index.php\/2023\/10\/30\/el-transporte-del-futuro-esta-mas-cerca-en-europa\/"},"wordCount":872,"commentCount":0,"image":{"@id":"https:\/\/www.revistalogistec.com\/index.php\/2023\/10\/30\/el-transporte-del-futuro-esta-mas-cerca-en-europa\/#primaryimage"},"thumbnailUrl":"https:\/\/www.revistalogistec.com\/wp-content\/uploads\/2023\/10\/David-Garcia-Arrate.jpg","articleSection":["AN\u00c1LISIS"],"inLanguage":"es"},{"@type":"WebPage","@id":"https:\/\/www.revistalogistec.com\/index.php\/2023\/10\/30\/el-transporte-del-futuro-esta-mas-cerca-en-europa\/","url":"https:\/\/www.revistalogistec.com\/index.php\/2023\/10\/30\/el-transporte-del-futuro-esta-mas-cerca-en-europa\/","name":"EL TRANSPORTE DEL FUTURO EST\u00c1 M\u00c1S CERCA EN EUROPA - Revista Logistec","isPartOf":{"@id":"https:\/\/www.revistalogistec.com\/#website"},"primaryImageOfPage":{"@id":"https:\/\/www.revistalogistec.com\/index.php\/2023\/10\/30\/el-transporte-del-futuro-esta-mas-cerca-en-europa\/#primaryimage"},"image":{"@id":"https:\/\/www.revistalogistec.com\/index.php\/2023\/10\/30\/el-transporte-del-futuro-esta-mas-cerca-en-europa\/#primaryimage"},"thumbnailUrl":"https:\/\/www.revistalogistec.com\/wp-content\/uploads\/2023\/10\/David-Garcia-Arrate.jpg","datePublished":"2023-10-30T15:25:22+00:00","author":{"@id":"https:\/\/www.revistalogistec.com\/#\/schema\/person\/b25cced65507282f3fc6eb806b1db4f0"},"breadcrumb":{"@id":"https:\/\/www.revistalogistec.com\/index.php\/2023\/10\/30\/el-transporte-del-futuro-esta-mas-cerca-en-europa\/#breadcrumb"},"inLanguage":"es","potentialAction":[{"@type":"ReadAction","target":["https:\/\/www.revistalogistec.com\/index.php\/2023\/10\/30\/el-transporte-del-futuro-esta-mas-cerca-en-europa\/"]}]},{"@type":"ImageObject","inLanguage":"es","@id":"https:\/\/www.revistalogistec.com\/index.php\/2023\/10\/30\/el-transporte-del-futuro-esta-mas-cerca-en-europa\/#primaryimage","url":"https:\/\/www.revistalogistec.com\/wp-content\/uploads\/2023\/10\/David-Garcia-Arrate.jpg","contentUrl":"https:\/\/www.revistalogistec.com\/wp-content\/uploads\/2023\/10\/David-Garcia-Arrate.jpg","width":850,"height":530},{"@type":"BreadcrumbList","@id":"https:\/\/www.revistalogistec.com\/index.php\/2023\/10\/30\/el-transporte-del-futuro-esta-mas-cerca-en-europa\/#breadcrumb","itemListElement":[{"@type":"ListItem","position":1,"name":"Portada","item":"https:\/\/www.revistalogistec.com\/"},{"@type":"ListItem","position":2,"name":"EL TRANSPORTE DEL FUTURO EST\u00c1 M\u00c1S CERCA EN EUROPA"}]},{"@type":"WebSite","@id":"https:\/\/www.revistalogistec.com\/#website","url":"https:\/\/www.revistalogistec.com\/","name":"Revista Logistec","description":"","potentialAction":[{"@type":"SearchAction","target":{"@type":"EntryPoint","urlTemplate":"https:\/\/www.revistalogistec.com\/?s={search_term_string}"},"query-input":{"@type":"PropertyValueSpecification","valueRequired":true,"valueName":"search_term_string"}}],"inLanguage":"es"},{"@type":"Person","@id":"https:\/\/www.revistalogistec.com\/#\/schema\/person\/b25cced65507282f3fc6eb806b1db4f0","name":"admin","image":{"@type":"ImageObject","inLanguage":"es","@id":"https:\/\/secure.gravatar.com\/avatar\/94631f712dee24b50f2f12a7caf62df22b2c346945fcff655ce85b674bebf6fd?s=96&d=mm&r=g","url":"https:\/\/secure.gravatar.com\/avatar\/94631f712dee24b50f2f12a7caf62df22b2c346945fcff655ce85b674bebf6fd?s=96&d=mm&r=g","contentUrl":"https:\/\/secure.gravatar.com\/avatar\/94631f712dee24b50f2f12a7caf62df22b2c346945fcff655ce85b674bebf6fd?s=96&d=mm&r=g","caption":"admin"},"sameAs":["https:\/\/www.revistalogistec.com"],"url":"https:\/\/www.revistalogistec.com\/index.php\/author\/admin_revlog\/"}]}},"_links":{"self":[{"href":"https:\/\/www.revistalogistec.com\/index.php\/wp-json\/wp\/v2\/posts\/13240","targetHints":{"allow":["GET"]}}],"collection":[{"href":"https:\/\/www.revistalogistec.com\/index.php\/wp-json\/wp\/v2\/posts"}],"about":[{"href":"https:\/\/www.revistalogistec.com\/index.php\/wp-json\/wp\/v2\/types\/post"}],"author":[{"embeddable":true,"href":"https:\/\/www.revistalogistec.com\/index.php\/wp-json\/wp\/v2\/users\/1"}],"replies":[{"embeddable":true,"href":"https:\/\/www.revistalogistec.com\/index.php\/wp-json\/wp\/v2\/comments?post=13240"}],"version-history":[{"count":0,"href":"https:\/\/www.revistalogistec.com\/index.php\/wp-json\/wp\/v2\/posts\/13240\/revisions"}],"wp:featuredmedia":[{"embeddable":true,"href":"https:\/\/www.revistalogistec.com\/index.php\/wp-json\/wp\/v2\/media\/13238"}],"wp:attachment":[{"href":"https:\/\/www.revistalogistec.com\/index.php\/wp-json\/wp\/v2\/media?parent=13240"}],"wp:term":[{"taxonomy":"category","embeddable":true,"href":"https:\/\/www.revistalogistec.com\/index.php\/wp-json\/wp\/v2\/categories?post=13240"},{"taxonomy":"post_tag","embeddable":true,"href":"https:\/\/www.revistalogistec.com\/index.php\/wp-json\/wp\/v2\/tags?post=13240"}],"curies":[{"name":"wp","href":"https:\/\/api.w.org\/{rel}","templated":true}]}}