{"id":13913,"date":"2024-01-03T12:52:06","date_gmt":"2024-01-03T12:52:06","guid":{"rendered":"https:\/\/www.revistalogistec.com\/index.php\/2024\/01\/03\/exito-en-la-implementacion-del-sistema-de-almacenamiento-de-ar-racking-para-ccl-s-a-en-yumbo-2\/"},"modified":"2025-11-07T10:28:46","modified_gmt":"2025-11-07T14:28:46","slug":"exito-en-la-implementacion-del-sistema-de-almacenamiento-de-ar-racking-para-ccl-s-a-en-yumbo-2","status":"publish","type":"post","link":"https:\/\/www.revistalogistec.com\/index.php\/2024\/01\/03\/exito-en-la-implementacion-del-sistema-de-almacenamiento-de-ar-racking-para-ccl-s-a-en-yumbo-2\/","title":{"rendered":"\u00c9XITO EN LA IMPLEMENTACI\u00d3N DEL SISTEMA DE ALMACENAMIENTO DE AR RACKING PARA CCL S.A. EN YUMBO"},"content":{"rendered":"<ul>\n<li><strong>AR Racking y CCL colaboran para dise\u00f1ar la expansi\u00f3n del almac\u00e9n en 1.600 metros cuadrados con estanter\u00edas de doble profundidad que optimizan el espacio y la capacidad.<\/strong><\/li>\n<li><strong>&nbsp;<\/strong><strong>La equipaci\u00f3n para la expansi\u00f3n del almac\u00e9n supone una soluci\u00f3n flexible y eficiente.<\/strong><\/li>\n<\/ul>\n<p style=\"text-align: justify;\"><a href=\"https:\/\/www.linkedin.com\/company\/ar-racking\/\"><strong>AR Racking<\/strong><\/a>, referente mundial en soluciones de almacenaje industrial, ha marcado un hito al equipar la m\u00e1s reciente expansi\u00f3n del almac\u00e9n de <a href=\"https:\/\/www.linkedin.com\/company\/ccl-sa\/\"><strong>CCL<\/strong><\/a>, l\u00edder en servicios log\u00edsticos en Colombia. Ubicado estrat\u00e9gicamente en Yumbo, Colombia, la optimizaci\u00f3n del \u00e1rea del almac\u00e9n en 1.600 metros cuadrados ahora cuenta con un sistema de almacenaje de vanguardia, proporcionado por AR Racking, que optimiza la capacidad y la eficiencia operativa.<\/p>\n<p style=\"text-align: justify;\">El sistema instalado es una estanter\u00eda selectiva de paletizaci\u00f3n convencional de doble profundidad con 7 niveles de viga. Esta innovadora soluci\u00f3n permite a CCL almacenar productos de tres clientes externos distintos, cada uno con requisitos espec\u00edficos de almacenamiento, demostrando la versatilidad del sistema ante la diversidad de productos.<\/p>\n<p style=\"text-align: justify;\">El an\u00e1lisis colaborativo realizado con CCL fue fundamental para el dise\u00f1o de esta soluci\u00f3n de almacenamiento a la medida. AR Racking, en estrecha sinton\u00eda con las necesidades del cliente, optimiz\u00f3 el espacio y la capacidad del almac\u00e9n para maximizar la eficiencia log\u00edstica.<\/p>\n<p style=\"text-align: justify;\">El proyecto se distingue por sus caracter\u00edsticas especiales, entre las que se incluye una estructura de acero galvanizado que proporciona resistencia y durabilidad, asegurando la integridad de los productos almacenados. Adem\u00e1s, cuenta con un sistema de protecci\u00f3n contra incendios que cumple con est\u00e1ndares internacionales, garantizando la seguridad tanto de las instalaciones como de los productos almacenados. Asimismo, se implement\u00f3 un sistema de control de acceso que garantiza la seguridad y facilita la gesti\u00f3n eficiente de los productos almacenados.<\/p>\n<p style=\"text-align: justify;\"><a href=\"https:\/\/www.linkedin.com\/in\/edward-suescun-16723879\/\">Edward Suescun<\/a>, el responsable del proyecto de AR Racking, expres\u00f3 su satisfacci\u00f3n: \u00abEstamos encantados de haber trabajado con CCL en este proyecto. La colaboraci\u00f3n estrecha y el an\u00e1lisis detallado nos permitieron dise\u00f1ar una soluci\u00f3n a medida que cumple con las necesidades espec\u00edficas de almacenamiento de CCL. Este proyecto refleja nuestro compromiso continuo con la excelencia y la adaptabilidad en soluciones de almacenamiento industrial\u00bb.<\/p>\n","protected":false},"excerpt":{"rendered":"<ul>\n<li><strong>AR Racking y CCL colaboran para dise\u00f1ar la expansi\u00f3n del almac\u00e9n en 1.600 metros cuadrados con estanter\u00edas de doble profundidad que optimizan el espacio y la capacidad.<\/strong><\/li>\n<li><strong>&nbsp;<\/strong><strong>La equipaci\u00f3n para la expansi\u00f3n del almac\u00e9n supone una soluci\u00f3n flexible y eficiente.<\/strong><\/li>\n<\/ul>\n","protected":false},"author":48296,"featured_media":13908,"comment_status":"open","ping_status":"open","sticky":false,"template":"","format":"standard","meta":{"_acf_changed":false,"jnews-multi-image_gallery":[],"jnews_single_post":[],"jnews_primary_category":[],"jnews_social_meta":[],"jnews_override_counter":[],"footnotes":""},"categories":[164],"tags":[],"class_list":["post-13913","post","type-post","status-publish","format-standard","has-post-thumbnail","hentry","category-noticias-clientes"],"acf":[],"yoast_head":"<!-- This site is optimized with the Yoast SEO plugin v27.2 - https:\/\/yoast.com\/product\/yoast-seo-wordpress\/ -->\n<title>\u00c9XITO EN LA IMPLEMENTACI\u00d3N DEL SISTEMA DE ALMACENAMIENTO DE AR RACKING PARA CCL S.A. EN YUMBO - Revista Logistec<\/title>\n<meta name=\"robots\" content=\"index, follow, max-snippet:-1, max-image-preview:large, max-video-preview:-1\" \/>\n<link rel=\"canonical\" href=\"https:\/\/www.revistalogistec.com\/index.php\/2024\/01\/03\/exito-en-la-implementacion-del-sistema-de-almacenamiento-de-ar-racking-para-ccl-s-a-en-yumbo-2\/\" \/>\n<meta property=\"og:locale\" content=\"es_ES\" \/>\n<meta property=\"og:type\" content=\"article\" \/>\n<meta property=\"og:title\" content=\"\u00c9XITO EN LA IMPLEMENTACI\u00d3N DEL SISTEMA DE ALMACENAMIENTO DE AR RACKING PARA CCL S.A. EN YUMBO - Revista Logistec\" \/>\n<meta property=\"og:description\" content=\"AR Racking y CCL colaboran para dise\u00f1ar la expansi\u00f3n del almac\u00e9n en 1.600 metros cuadrados con estanter\u00edas de doble profundidad que optimizan el espacio y la capacidad. &nbsp;La equipaci\u00f3n para la expansi\u00f3n del almac\u00e9n supone una soluci\u00f3n flexible y eficiente.\" \/>\n<meta property=\"og:url\" content=\"https:\/\/www.revistalogistec.com\/index.php\/2024\/01\/03\/exito-en-la-implementacion-del-sistema-de-almacenamiento-de-ar-racking-para-ccl-s-a-en-yumbo-2\/\" \/>\n<meta property=\"og:site_name\" content=\"Revista Logistec\" \/>\n<meta property=\"article:published_time\" content=\"2024-01-03T12:52:06+00:00\" \/>\n<meta property=\"article:modified_time\" content=\"2025-11-07T14:28:46+00:00\" \/>\n<meta property=\"og:image\" content=\"https:\/\/www.revistalogistec.com\/wp-content\/uploads\/2024\/01\/jnj.jpeg\" \/>\n\t<meta property=\"og:image:width\" content=\"850\" \/>\n\t<meta property=\"og:image:height\" content=\"637\" \/>\n\t<meta property=\"og:image:type\" content=\"image\/jpeg\" \/>\n<meta name=\"author\" content=\"Paula Cortes\" \/>\n<meta name=\"twitter:card\" content=\"summary_large_image\" \/>\n<meta name=\"twitter:label1\" content=\"Escrito por\" \/>\n\t<meta name=\"twitter:data1\" content=\"Paula Cortes\" \/>\n\t<meta name=\"twitter:label2\" content=\"Tiempo de lectura\" \/>\n\t<meta name=\"twitter:data2\" content=\"2 minutos\" \/>\n<script type=\"application\/ld+json\" class=\"yoast-schema-graph\">{\"@context\":\"https:\/\/schema.org\",\"@graph\":[{\"@type\":\"Article\",\"@id\":\"https:\/\/www.revistalogistec.com\/index.php\/2024\/01\/03\/exito-en-la-implementacion-del-sistema-de-almacenamiento-de-ar-racking-para-ccl-s-a-en-yumbo-2\/#article\",\"isPartOf\":{\"@id\":\"https:\/\/www.revistalogistec.com\/index.php\/2024\/01\/03\/exito-en-la-implementacion-del-sistema-de-almacenamiento-de-ar-racking-para-ccl-s-a-en-yumbo-2\/\"},\"author\":{\"name\":\"Paula Cortes\",\"@id\":\"https:\/\/www.revistalogistec.com\/#\/schema\/person\/6ebda24bed8ddfc6f5e848ee539184e5\"},\"headline\":\"\u00c9XITO EN LA IMPLEMENTACI\u00d3N DEL SISTEMA DE ALMACENAMIENTO DE AR RACKING PARA CCL S.A. EN YUMBO\",\"datePublished\":\"2024-01-03T12:52:06+00:00\",\"dateModified\":\"2025-11-07T14:28:46+00:00\",\"mainEntityOfPage\":{\"@id\":\"https:\/\/www.revistalogistec.com\/index.php\/2024\/01\/03\/exito-en-la-implementacion-del-sistema-de-almacenamiento-de-ar-racking-para-ccl-s-a-en-yumbo-2\/\"},\"wordCount\":389,\"commentCount\":0,\"image\":{\"@id\":\"https:\/\/www.revistalogistec.com\/index.php\/2024\/01\/03\/exito-en-la-implementacion-del-sistema-de-almacenamiento-de-ar-racking-para-ccl-s-a-en-yumbo-2\/#primaryimage\"},\"thumbnailUrl\":\"https:\/\/www.revistalogistec.com\/wp-content\/uploads\/2024\/01\/jnj.jpeg\",\"articleSection\":[\"NOTICIAS CLIENTES\"],\"inLanguage\":\"es\"},{\"@type\":\"WebPage\",\"@id\":\"https:\/\/www.revistalogistec.com\/index.php\/2024\/01\/03\/exito-en-la-implementacion-del-sistema-de-almacenamiento-de-ar-racking-para-ccl-s-a-en-yumbo-2\/\",\"url\":\"https:\/\/www.revistalogistec.com\/index.php\/2024\/01\/03\/exito-en-la-implementacion-del-sistema-de-almacenamiento-de-ar-racking-para-ccl-s-a-en-yumbo-2\/\",\"name\":\"\u00c9XITO EN LA IMPLEMENTACI\u00d3N DEL SISTEMA DE ALMACENAMIENTO DE AR RACKING PARA CCL S.A. EN YUMBO - Revista Logistec\",\"isPartOf\":{\"@id\":\"https:\/\/www.revistalogistec.com\/#website\"},\"primaryImageOfPage\":{\"@id\":\"https:\/\/www.revistalogistec.com\/index.php\/2024\/01\/03\/exito-en-la-implementacion-del-sistema-de-almacenamiento-de-ar-racking-para-ccl-s-a-en-yumbo-2\/#primaryimage\"},\"image\":{\"@id\":\"https:\/\/www.revistalogistec.com\/index.php\/2024\/01\/03\/exito-en-la-implementacion-del-sistema-de-almacenamiento-de-ar-racking-para-ccl-s-a-en-yumbo-2\/#primaryimage\"},\"thumbnailUrl\":\"https:\/\/www.revistalogistec.com\/wp-content\/uploads\/2024\/01\/jnj.jpeg\",\"datePublished\":\"2024-01-03T12:52:06+00:00\",\"dateModified\":\"2025-11-07T14:28:46+00:00\",\"author\":{\"@id\":\"https:\/\/www.revistalogistec.com\/#\/schema\/person\/6ebda24bed8ddfc6f5e848ee539184e5\"},\"breadcrumb\":{\"@id\":\"https:\/\/www.revistalogistec.com\/index.php\/2024\/01\/03\/exito-en-la-implementacion-del-sistema-de-almacenamiento-de-ar-racking-para-ccl-s-a-en-yumbo-2\/#breadcrumb\"},\"inLanguage\":\"es\",\"potentialAction\":[{\"@type\":\"ReadAction\",\"target\":[\"https:\/\/www.revistalogistec.com\/index.php\/2024\/01\/03\/exito-en-la-implementacion-del-sistema-de-almacenamiento-de-ar-racking-para-ccl-s-a-en-yumbo-2\/\"]}]},{\"@type\":\"ImageObject\",\"inLanguage\":\"es\",\"@id\":\"https:\/\/www.revistalogistec.com\/index.php\/2024\/01\/03\/exito-en-la-implementacion-del-sistema-de-almacenamiento-de-ar-racking-para-ccl-s-a-en-yumbo-2\/#primaryimage\",\"url\":\"https:\/\/www.revistalogistec.com\/wp-content\/uploads\/2024\/01\/jnj.jpeg\",\"contentUrl\":\"https:\/\/www.revistalogistec.com\/wp-content\/uploads\/2024\/01\/jnj.jpeg\",\"width\":850,\"height\":637},{\"@type\":\"BreadcrumbList\",\"@id\":\"https:\/\/www.revistalogistec.com\/index.php\/2024\/01\/03\/exito-en-la-implementacion-del-sistema-de-almacenamiento-de-ar-racking-para-ccl-s-a-en-yumbo-2\/#breadcrumb\",\"itemListElement\":[{\"@type\":\"ListItem\",\"position\":1,\"name\":\"Portada\",\"item\":\"https:\/\/www.revistalogistec.com\/\"},{\"@type\":\"ListItem\",\"position\":2,\"name\":\"\u00c9XITO EN LA IMPLEMENTACI\u00d3N DEL SISTEMA DE ALMACENAMIENTO DE AR RACKING PARA CCL S.A. EN YUMBO\"}]},{\"@type\":\"WebSite\",\"@id\":\"https:\/\/www.revistalogistec.com\/#website\",\"url\":\"https:\/\/www.revistalogistec.com\/\",\"name\":\"Revista Logistec\",\"description\":\"\",\"potentialAction\":[{\"@type\":\"SearchAction\",\"target\":{\"@type\":\"EntryPoint\",\"urlTemplate\":\"https:\/\/www.revistalogistec.com\/?s={search_term_string}\"},\"query-input\":{\"@type\":\"PropertyValueSpecification\",\"valueRequired\":true,\"valueName\":\"search_term_string\"}}],\"inLanguage\":\"es\"},{\"@type\":\"Person\",\"@id\":\"https:\/\/www.revistalogistec.com\/#\/schema\/person\/6ebda24bed8ddfc6f5e848ee539184e5\",\"name\":\"Paula Cortes\",\"image\":{\"@type\":\"ImageObject\",\"inLanguage\":\"es\",\"@id\":\"https:\/\/secure.gravatar.com\/avatar\/f9207b46b9e06b63ba9e6f850cbf5de3945e6ce9ba336ad5aa87eee72a5a569c?s=96&d=mm&r=g\",\"url\":\"https:\/\/secure.gravatar.com\/avatar\/f9207b46b9e06b63ba9e6f850cbf5de3945e6ce9ba336ad5aa87eee72a5a569c?s=96&d=mm&r=g\",\"contentUrl\":\"https:\/\/secure.gravatar.com\/avatar\/f9207b46b9e06b63ba9e6f850cbf5de3945e6ce9ba336ad5aa87eee72a5a569c?s=96&d=mm&r=g\",\"caption\":\"Paula Cortes\"},\"url\":\"https:\/\/www.revistalogistec.com\/index.php\/author\/paula-cortes\/\"}]}<\/script>\n<!-- \/ Yoast SEO plugin. -->","yoast_head_json":{"title":"\u00c9XITO EN LA IMPLEMENTACI\u00d3N DEL SISTEMA DE ALMACENAMIENTO DE AR RACKING PARA CCL S.A. EN YUMBO - Revista Logistec","robots":{"index":"index","follow":"follow","max-snippet":"max-snippet:-1","max-image-preview":"max-image-preview:large","max-video-preview":"max-video-preview:-1"},"canonical":"https:\/\/www.revistalogistec.com\/index.php\/2024\/01\/03\/exito-en-la-implementacion-del-sistema-de-almacenamiento-de-ar-racking-para-ccl-s-a-en-yumbo-2\/","og_locale":"es_ES","og_type":"article","og_title":"\u00c9XITO EN LA IMPLEMENTACI\u00d3N DEL SISTEMA DE ALMACENAMIENTO DE AR RACKING PARA CCL S.A. EN YUMBO - Revista Logistec","og_description":"AR Racking y CCL colaboran para dise\u00f1ar la expansi\u00f3n del almac\u00e9n en 1.600 metros cuadrados con estanter\u00edas de doble profundidad que optimizan el espacio y la capacidad. &nbsp;La equipaci\u00f3n para la expansi\u00f3n del almac\u00e9n supone una soluci\u00f3n flexible y eficiente.","og_url":"https:\/\/www.revistalogistec.com\/index.php\/2024\/01\/03\/exito-en-la-implementacion-del-sistema-de-almacenamiento-de-ar-racking-para-ccl-s-a-en-yumbo-2\/","og_site_name":"Revista Logistec","article_published_time":"2024-01-03T12:52:06+00:00","article_modified_time":"2025-11-07T14:28:46+00:00","og_image":[{"width":850,"height":637,"url":"https:\/\/www.revistalogistec.com\/wp-content\/uploads\/2024\/01\/jnj.jpeg","type":"image\/jpeg"}],"author":"Paula Cortes","twitter_card":"summary_large_image","twitter_misc":{"Escrito por":"Paula Cortes","Tiempo de lectura":"2 minutos"},"schema":{"@context":"https:\/\/schema.org","@graph":[{"@type":"Article","@id":"https:\/\/www.revistalogistec.com\/index.php\/2024\/01\/03\/exito-en-la-implementacion-del-sistema-de-almacenamiento-de-ar-racking-para-ccl-s-a-en-yumbo-2\/#article","isPartOf":{"@id":"https:\/\/www.revistalogistec.com\/index.php\/2024\/01\/03\/exito-en-la-implementacion-del-sistema-de-almacenamiento-de-ar-racking-para-ccl-s-a-en-yumbo-2\/"},"author":{"name":"Paula Cortes","@id":"https:\/\/www.revistalogistec.com\/#\/schema\/person\/6ebda24bed8ddfc6f5e848ee539184e5"},"headline":"\u00c9XITO EN LA IMPLEMENTACI\u00d3N DEL SISTEMA DE ALMACENAMIENTO DE AR RACKING PARA CCL S.A. EN YUMBO","datePublished":"2024-01-03T12:52:06+00:00","dateModified":"2025-11-07T14:28:46+00:00","mainEntityOfPage":{"@id":"https:\/\/www.revistalogistec.com\/index.php\/2024\/01\/03\/exito-en-la-implementacion-del-sistema-de-almacenamiento-de-ar-racking-para-ccl-s-a-en-yumbo-2\/"},"wordCount":389,"commentCount":0,"image":{"@id":"https:\/\/www.revistalogistec.com\/index.php\/2024\/01\/03\/exito-en-la-implementacion-del-sistema-de-almacenamiento-de-ar-racking-para-ccl-s-a-en-yumbo-2\/#primaryimage"},"thumbnailUrl":"https:\/\/www.revistalogistec.com\/wp-content\/uploads\/2024\/01\/jnj.jpeg","articleSection":["NOTICIAS CLIENTES"],"inLanguage":"es"},{"@type":"WebPage","@id":"https:\/\/www.revistalogistec.com\/index.php\/2024\/01\/03\/exito-en-la-implementacion-del-sistema-de-almacenamiento-de-ar-racking-para-ccl-s-a-en-yumbo-2\/","url":"https:\/\/www.revistalogistec.com\/index.php\/2024\/01\/03\/exito-en-la-implementacion-del-sistema-de-almacenamiento-de-ar-racking-para-ccl-s-a-en-yumbo-2\/","name":"\u00c9XITO EN LA IMPLEMENTACI\u00d3N DEL SISTEMA DE ALMACENAMIENTO DE AR RACKING PARA CCL S.A. EN YUMBO - Revista Logistec","isPartOf":{"@id":"https:\/\/www.revistalogistec.com\/#website"},"primaryImageOfPage":{"@id":"https:\/\/www.revistalogistec.com\/index.php\/2024\/01\/03\/exito-en-la-implementacion-del-sistema-de-almacenamiento-de-ar-racking-para-ccl-s-a-en-yumbo-2\/#primaryimage"},"image":{"@id":"https:\/\/www.revistalogistec.com\/index.php\/2024\/01\/03\/exito-en-la-implementacion-del-sistema-de-almacenamiento-de-ar-racking-para-ccl-s-a-en-yumbo-2\/#primaryimage"},"thumbnailUrl":"https:\/\/www.revistalogistec.com\/wp-content\/uploads\/2024\/01\/jnj.jpeg","datePublished":"2024-01-03T12:52:06+00:00","dateModified":"2025-11-07T14:28:46+00:00","author":{"@id":"https:\/\/www.revistalogistec.com\/#\/schema\/person\/6ebda24bed8ddfc6f5e848ee539184e5"},"breadcrumb":{"@id":"https:\/\/www.revistalogistec.com\/index.php\/2024\/01\/03\/exito-en-la-implementacion-del-sistema-de-almacenamiento-de-ar-racking-para-ccl-s-a-en-yumbo-2\/#breadcrumb"},"inLanguage":"es","potentialAction":[{"@type":"ReadAction","target":["https:\/\/www.revistalogistec.com\/index.php\/2024\/01\/03\/exito-en-la-implementacion-del-sistema-de-almacenamiento-de-ar-racking-para-ccl-s-a-en-yumbo-2\/"]}]},{"@type":"ImageObject","inLanguage":"es","@id":"https:\/\/www.revistalogistec.com\/index.php\/2024\/01\/03\/exito-en-la-implementacion-del-sistema-de-almacenamiento-de-ar-racking-para-ccl-s-a-en-yumbo-2\/#primaryimage","url":"https:\/\/www.revistalogistec.com\/wp-content\/uploads\/2024\/01\/jnj.jpeg","contentUrl":"https:\/\/www.revistalogistec.com\/wp-content\/uploads\/2024\/01\/jnj.jpeg","width":850,"height":637},{"@type":"BreadcrumbList","@id":"https:\/\/www.revistalogistec.com\/index.php\/2024\/01\/03\/exito-en-la-implementacion-del-sistema-de-almacenamiento-de-ar-racking-para-ccl-s-a-en-yumbo-2\/#breadcrumb","itemListElement":[{"@type":"ListItem","position":1,"name":"Portada","item":"https:\/\/www.revistalogistec.com\/"},{"@type":"ListItem","position":2,"name":"\u00c9XITO EN LA IMPLEMENTACI\u00d3N DEL SISTEMA DE ALMACENAMIENTO DE AR RACKING PARA CCL S.A. EN YUMBO"}]},{"@type":"WebSite","@id":"https:\/\/www.revistalogistec.com\/#website","url":"https:\/\/www.revistalogistec.com\/","name":"Revista Logistec","description":"","potentialAction":[{"@type":"SearchAction","target":{"@type":"EntryPoint","urlTemplate":"https:\/\/www.revistalogistec.com\/?s={search_term_string}"},"query-input":{"@type":"PropertyValueSpecification","valueRequired":true,"valueName":"search_term_string"}}],"inLanguage":"es"},{"@type":"Person","@id":"https:\/\/www.revistalogistec.com\/#\/schema\/person\/6ebda24bed8ddfc6f5e848ee539184e5","name":"Paula Cortes","image":{"@type":"ImageObject","inLanguage":"es","@id":"https:\/\/secure.gravatar.com\/avatar\/f9207b46b9e06b63ba9e6f850cbf5de3945e6ce9ba336ad5aa87eee72a5a569c?s=96&d=mm&r=g","url":"https:\/\/secure.gravatar.com\/avatar\/f9207b46b9e06b63ba9e6f850cbf5de3945e6ce9ba336ad5aa87eee72a5a569c?s=96&d=mm&r=g","contentUrl":"https:\/\/secure.gravatar.com\/avatar\/f9207b46b9e06b63ba9e6f850cbf5de3945e6ce9ba336ad5aa87eee72a5a569c?s=96&d=mm&r=g","caption":"Paula Cortes"},"url":"https:\/\/www.revistalogistec.com\/index.php\/author\/paula-cortes\/"}]}},"_links":{"self":[{"href":"https:\/\/www.revistalogistec.com\/index.php\/wp-json\/wp\/v2\/posts\/13913","targetHints":{"allow":["GET"]}}],"collection":[{"href":"https:\/\/www.revistalogistec.com\/index.php\/wp-json\/wp\/v2\/posts"}],"about":[{"href":"https:\/\/www.revistalogistec.com\/index.php\/wp-json\/wp\/v2\/types\/post"}],"author":[{"embeddable":true,"href":"https:\/\/www.revistalogistec.com\/index.php\/wp-json\/wp\/v2\/users\/48296"}],"replies":[{"embeddable":true,"href":"https:\/\/www.revistalogistec.com\/index.php\/wp-json\/wp\/v2\/comments?post=13913"}],"version-history":[{"count":0,"href":"https:\/\/www.revistalogistec.com\/index.php\/wp-json\/wp\/v2\/posts\/13913\/revisions"}],"wp:featuredmedia":[{"embeddable":true,"href":"https:\/\/www.revistalogistec.com\/index.php\/wp-json\/wp\/v2\/media\/13908"}],"wp:attachment":[{"href":"https:\/\/www.revistalogistec.com\/index.php\/wp-json\/wp\/v2\/media?parent=13913"}],"wp:term":[{"taxonomy":"category","embeddable":true,"href":"https:\/\/www.revistalogistec.com\/index.php\/wp-json\/wp\/v2\/categories?post=13913"},{"taxonomy":"post_tag","embeddable":true,"href":"https:\/\/www.revistalogistec.com\/index.php\/wp-json\/wp\/v2\/tags?post=13913"}],"curies":[{"name":"wp","href":"https:\/\/api.w.org\/{rel}","templated":true}]}}