{"id":13941,"date":"2024-01-08T11:46:20","date_gmt":"2024-01-08T11:46:20","guid":{"rendered":"https:\/\/www.revistalogistec.com\/index.php\/2024\/01\/08\/finning-anuncia-cambios-en-su-equipo-ejecutivo-en-sudamerica-3\/"},"modified":"2024-01-08T11:46:20","modified_gmt":"2024-01-08T11:46:20","slug":"finning-anuncia-cambios-en-su-equipo-ejecutivo-en-sudamerica-3","status":"publish","type":"post","link":"https:\/\/www.revistalogistec.com\/index.php\/2024\/01\/08\/finning-anuncia-cambios-en-su-equipo-ejecutivo-en-sudamerica-3\/","title":{"rendered":"FINNING ANUNCIA CAMBIOS EN SU EQUIPO EJECUTIVO EN SUDAM\u00c9RICA\u2028"},"content":{"rendered":"<p style=\"text-align: justify;\">A partir de 2024, entr\u00f3 en funciones la nueva Vicepresidencia de Operaciones de Servicio, liderada por Marco Berdichevsky, quien asume este desaf\u00edo despu\u00e9s de una d\u00e9cada en Recursos Humanos.&nbsp;En simult\u00e1neo, Trinidad Greene se une a Finning como la nueva vicepresidenta de Recursos Humanos para Sudam\u00e9rica. Estos cambios fortalecer\u00e1n el equipo directivo y contribuir\u00e1n al desarrollo de sus operaciones en la regi\u00f3n.\u2028<\/p>\n<p style=\"text-align: justify;\">Como parte de un redise\u00f1o de su estrategia de negocios global y regional, Finning decidi\u00f3 crear la Vicepresidencia Operaciones de Servicio para Chile y, en l\u00ednea con esto, anunci\u00f3 cambios en su Comit\u00e9 Ejecutivo, los que se hicieron efectivos desde el pasado 02 de enero de 2024.<\/p>\n<p style=\"text-align: justify;\">La nueva \u00e1rea es liderada por Marco Berdichevsky, m\u00e1ster en Administraci\u00f3n de Empresas (MBA) por la Ilades, Loyola College, quien cuenta con m\u00e1s 25 a\u00f1os de experiencia laboral y ha sido vicepresidente de Recursos Humanos de la empresa durante los \u00faltimos 10 a\u00f1os, cumpliendo un rol clave en la estrategia del negocio y desarrollo sostenible de las operaciones en la regi\u00f3n.<\/p>\n<p style=\"text-align: justify;\">En su lugar, asumi\u00f3 Trinidad Greene, psic\u00f3loga de la Pontificia Universidad Cat\u00f3lica de Chile y diplomada en Gesti\u00f3n de Negocios en la Universidad Adolfo Ib\u00e1\u00f1ez, quien posee una robusta trayectoria, liderando por 14 a\u00f1os diferentes \u00e1reas de la gesti\u00f3n de personas en BHP Australia y Chile, como gerenta de recursos humanos, talento, desarrollo, proyectos de transformaci\u00f3n, entre otros cargos. Tambi\u00e9n encabez\u00f3 las \u00e1reas de personas y seguridad en la multinacional inglesa Compass Group y, recientemente, tuvo el mismo rol en la empresa belga Etex.<\/p>\n<h3 style=\"text-align: justify;\">Finning socio de confianza de sus clientes<\/h3>\n<p style=\"text-align: justify;\">Con nueve d\u00e9cadas de experiencia, Finning se ha consolidado como el socio de confianza de sus clientes, destacando por sus altos niveles de productividad y eficiencia, disminuci\u00f3n de la huella de carbono y un trabajo responsable con las comunidades. En Chile, la Compa\u00f1\u00eda cumpli\u00f3 30 a\u00f1os, operando especialmente en las industrias de miner\u00eda, energ\u00eda y construcci\u00f3n.<\/p>\n","protected":false},"excerpt":{"rendered":"<p style=\"text-align: justify;\">A partir de 2024, entr\u00f3 en funciones la nueva Vicepresidencia de Operaciones de Servicio, liderada por Marco Berdichevsky, quien asume este desaf\u00edo despu\u00e9s de una d\u00e9cada en Recursos Humanos.&nbsp;En simult\u00e1neo, Trinidad Greene se une a Finning como la nueva vicepresidenta de Recursos Humanos para Sudam\u00e9rica. Estos cambios fortalecer\u00e1n el equipo directivo y contribuir\u00e1n al desarrollo de sus operaciones en la regi\u00f3n.\u2028<\/p>\n","protected":false},"author":1,"featured_media":13934,"comment_status":"open","ping_status":"open","sticky":false,"template":"","format":"standard","meta":{"_acf_changed":false,"jnews-multi-image_gallery":[],"jnews_single_post":[],"jnews_primary_category":[],"jnews_social_meta":[],"jnews_override_counter":[],"footnotes":""},"categories":[12],"tags":[],"class_list":["post-13941","post","type-post","status-publish","format-standard","has-post-thumbnail","hentry","category-noticias-industria"],"acf":[],"yoast_head":"<!-- This site is optimized with the Yoast SEO plugin v27.2 - https:\/\/yoast.com\/product\/yoast-seo-wordpress\/ -->\n<title>FINNING ANUNCIA CAMBIOS EN SU EQUIPO EJECUTIVO EN SUDAM\u00c9RICA\u2028 - Revista Logistec<\/title>\n<meta name=\"robots\" content=\"index, follow, max-snippet:-1, max-image-preview:large, max-video-preview:-1\" \/>\n<link rel=\"canonical\" href=\"https:\/\/www.revistalogistec.com\/index.php\/2024\/01\/08\/finning-anuncia-cambios-en-su-equipo-ejecutivo-en-sudamerica-3\/\" \/>\n<meta property=\"og:locale\" content=\"es_ES\" \/>\n<meta property=\"og:type\" content=\"article\" \/>\n<meta property=\"og:title\" content=\"FINNING ANUNCIA CAMBIOS EN SU EQUIPO EJECUTIVO EN SUDAM\u00c9RICA\u2028 - Revista Logistec\" \/>\n<meta property=\"og:description\" content=\"A partir de 2024, entr\u00f3 en funciones la nueva Vicepresidencia de Operaciones de Servicio, liderada por Marco Berdichevsky, quien asume este desaf\u00edo despu\u00e9s de una d\u00e9cada en Recursos Humanos.&nbsp;En simult\u00e1neo, Trinidad Greene se une a Finning como la nueva vicepresidenta de Recursos Humanos para Sudam\u00e9rica. Estos cambios fortalecer\u00e1n el equipo directivo y contribuir\u00e1n al desarrollo de sus operaciones en la regi\u00f3n.\u2028\" \/>\n<meta property=\"og:url\" content=\"https:\/\/www.revistalogistec.com\/index.php\/2024\/01\/08\/finning-anuncia-cambios-en-su-equipo-ejecutivo-en-sudamerica-3\/\" \/>\n<meta property=\"og:site_name\" content=\"Revista Logistec\" \/>\n<meta property=\"article:published_time\" content=\"2024-01-08T11:46:20+00:00\" \/>\n<meta property=\"og:image\" content=\"https:\/\/www.revistalogistec.com\/wp-content\/uploads\/2024\/01\/Trinidad-Greene.jpg\" \/>\n\t<meta property=\"og:image:width\" content=\"850\" \/>\n\t<meta property=\"og:image:height\" content=\"530\" \/>\n\t<meta property=\"og:image:type\" content=\"image\/jpeg\" \/>\n<meta name=\"author\" content=\"admin\" \/>\n<meta name=\"twitter:card\" content=\"summary_large_image\" \/>\n<meta name=\"twitter:label1\" content=\"Escrito por\" \/>\n\t<meta name=\"twitter:data1\" content=\"admin\" \/>\n\t<meta name=\"twitter:label2\" content=\"Tiempo de lectura\" \/>\n\t<meta name=\"twitter:data2\" content=\"2 minutos\" \/>\n<script type=\"application\/ld+json\" class=\"yoast-schema-graph\">{\"@context\":\"https:\/\/schema.org\",\"@graph\":[{\"@type\":\"Article\",\"@id\":\"https:\/\/www.revistalogistec.com\/index.php\/2024\/01\/08\/finning-anuncia-cambios-en-su-equipo-ejecutivo-en-sudamerica-3\/#article\",\"isPartOf\":{\"@id\":\"https:\/\/www.revistalogistec.com\/index.php\/2024\/01\/08\/finning-anuncia-cambios-en-su-equipo-ejecutivo-en-sudamerica-3\/\"},\"author\":{\"name\":\"admin\",\"@id\":\"https:\/\/www.revistalogistec.com\/#\/schema\/person\/b25cced65507282f3fc6eb806b1db4f0\"},\"headline\":\"FINNING ANUNCIA CAMBIOS EN SU EQUIPO EJECUTIVO EN SUDAM\u00c9RICA\\u2028\",\"datePublished\":\"2024-01-08T11:46:20+00:00\",\"mainEntityOfPage\":{\"@id\":\"https:\/\/www.revistalogistec.com\/index.php\/2024\/01\/08\/finning-anuncia-cambios-en-su-equipo-ejecutivo-en-sudamerica-3\/\"},\"wordCount\":352,\"commentCount\":0,\"image\":{\"@id\":\"https:\/\/www.revistalogistec.com\/index.php\/2024\/01\/08\/finning-anuncia-cambios-en-su-equipo-ejecutivo-en-sudamerica-3\/#primaryimage\"},\"thumbnailUrl\":\"https:\/\/www.revistalogistec.com\/wp-content\/uploads\/2024\/01\/Trinidad-Greene.jpg\",\"articleSection\":[\"NOTICIAS INDUSTRIA\"],\"inLanguage\":\"es\"},{\"@type\":\"WebPage\",\"@id\":\"https:\/\/www.revistalogistec.com\/index.php\/2024\/01\/08\/finning-anuncia-cambios-en-su-equipo-ejecutivo-en-sudamerica-3\/\",\"url\":\"https:\/\/www.revistalogistec.com\/index.php\/2024\/01\/08\/finning-anuncia-cambios-en-su-equipo-ejecutivo-en-sudamerica-3\/\",\"name\":\"FINNING ANUNCIA CAMBIOS EN SU EQUIPO EJECUTIVO EN SUDAM\u00c9RICA\\u2028 - Revista Logistec\",\"isPartOf\":{\"@id\":\"https:\/\/www.revistalogistec.com\/#website\"},\"primaryImageOfPage\":{\"@id\":\"https:\/\/www.revistalogistec.com\/index.php\/2024\/01\/08\/finning-anuncia-cambios-en-su-equipo-ejecutivo-en-sudamerica-3\/#primaryimage\"},\"image\":{\"@id\":\"https:\/\/www.revistalogistec.com\/index.php\/2024\/01\/08\/finning-anuncia-cambios-en-su-equipo-ejecutivo-en-sudamerica-3\/#primaryimage\"},\"thumbnailUrl\":\"https:\/\/www.revistalogistec.com\/wp-content\/uploads\/2024\/01\/Trinidad-Greene.jpg\",\"datePublished\":\"2024-01-08T11:46:20+00:00\",\"author\":{\"@id\":\"https:\/\/www.revistalogistec.com\/#\/schema\/person\/b25cced65507282f3fc6eb806b1db4f0\"},\"breadcrumb\":{\"@id\":\"https:\/\/www.revistalogistec.com\/index.php\/2024\/01\/08\/finning-anuncia-cambios-en-su-equipo-ejecutivo-en-sudamerica-3\/#breadcrumb\"},\"inLanguage\":\"es\",\"potentialAction\":[{\"@type\":\"ReadAction\",\"target\":[\"https:\/\/www.revistalogistec.com\/index.php\/2024\/01\/08\/finning-anuncia-cambios-en-su-equipo-ejecutivo-en-sudamerica-3\/\"]}]},{\"@type\":\"ImageObject\",\"inLanguage\":\"es\",\"@id\":\"https:\/\/www.revistalogistec.com\/index.php\/2024\/01\/08\/finning-anuncia-cambios-en-su-equipo-ejecutivo-en-sudamerica-3\/#primaryimage\",\"url\":\"https:\/\/www.revistalogistec.com\/wp-content\/uploads\/2024\/01\/Trinidad-Greene.jpg\",\"contentUrl\":\"https:\/\/www.revistalogistec.com\/wp-content\/uploads\/2024\/01\/Trinidad-Greene.jpg\",\"width\":850,\"height\":530},{\"@type\":\"BreadcrumbList\",\"@id\":\"https:\/\/www.revistalogistec.com\/index.php\/2024\/01\/08\/finning-anuncia-cambios-en-su-equipo-ejecutivo-en-sudamerica-3\/#breadcrumb\",\"itemListElement\":[{\"@type\":\"ListItem\",\"position\":1,\"name\":\"Portada\",\"item\":\"https:\/\/www.revistalogistec.com\/\"},{\"@type\":\"ListItem\",\"position\":2,\"name\":\"FINNING ANUNCIA CAMBIOS EN SU EQUIPO EJECUTIVO EN SUDAM\u00c9RICA\\u2028\"}]},{\"@type\":\"WebSite\",\"@id\":\"https:\/\/www.revistalogistec.com\/#website\",\"url\":\"https:\/\/www.revistalogistec.com\/\",\"name\":\"Revista Logistec\",\"description\":\"\",\"potentialAction\":[{\"@type\":\"SearchAction\",\"target\":{\"@type\":\"EntryPoint\",\"urlTemplate\":\"https:\/\/www.revistalogistec.com\/?s={search_term_string}\"},\"query-input\":{\"@type\":\"PropertyValueSpecification\",\"valueRequired\":true,\"valueName\":\"search_term_string\"}}],\"inLanguage\":\"es\"},{\"@type\":\"Person\",\"@id\":\"https:\/\/www.revistalogistec.com\/#\/schema\/person\/b25cced65507282f3fc6eb806b1db4f0\",\"name\":\"admin\",\"image\":{\"@type\":\"ImageObject\",\"inLanguage\":\"es\",\"@id\":\"https:\/\/secure.gravatar.com\/avatar\/94631f712dee24b50f2f12a7caf62df22b2c346945fcff655ce85b674bebf6fd?s=96&d=mm&r=g\",\"url\":\"https:\/\/secure.gravatar.com\/avatar\/94631f712dee24b50f2f12a7caf62df22b2c346945fcff655ce85b674bebf6fd?s=96&d=mm&r=g\",\"contentUrl\":\"https:\/\/secure.gravatar.com\/avatar\/94631f712dee24b50f2f12a7caf62df22b2c346945fcff655ce85b674bebf6fd?s=96&d=mm&r=g\",\"caption\":\"admin\"},\"sameAs\":[\"https:\/\/www.revistalogistec.com\"],\"url\":\"https:\/\/www.revistalogistec.com\/index.php\/author\/admin_revlog\/\"}]}<\/script>\n<!-- \/ Yoast SEO plugin. -->","yoast_head_json":{"title":"FINNING ANUNCIA CAMBIOS EN SU EQUIPO EJECUTIVO EN SUDAM\u00c9RICA\u2028 - Revista Logistec","robots":{"index":"index","follow":"follow","max-snippet":"max-snippet:-1","max-image-preview":"max-image-preview:large","max-video-preview":"max-video-preview:-1"},"canonical":"https:\/\/www.revistalogistec.com\/index.php\/2024\/01\/08\/finning-anuncia-cambios-en-su-equipo-ejecutivo-en-sudamerica-3\/","og_locale":"es_ES","og_type":"article","og_title":"FINNING ANUNCIA CAMBIOS EN SU EQUIPO EJECUTIVO EN SUDAM\u00c9RICA\u2028 - Revista Logistec","og_description":"A partir de 2024, entr\u00f3 en funciones la nueva Vicepresidencia de Operaciones de Servicio, liderada por Marco Berdichevsky, quien asume este desaf\u00edo despu\u00e9s de una d\u00e9cada en Recursos Humanos.&nbsp;En simult\u00e1neo, Trinidad Greene se une a Finning como la nueva vicepresidenta de Recursos Humanos para Sudam\u00e9rica. Estos cambios fortalecer\u00e1n el equipo directivo y contribuir\u00e1n al desarrollo de sus operaciones en la regi\u00f3n.\u2028","og_url":"https:\/\/www.revistalogistec.com\/index.php\/2024\/01\/08\/finning-anuncia-cambios-en-su-equipo-ejecutivo-en-sudamerica-3\/","og_site_name":"Revista Logistec","article_published_time":"2024-01-08T11:46:20+00:00","og_image":[{"width":850,"height":530,"url":"https:\/\/www.revistalogistec.com\/wp-content\/uploads\/2024\/01\/Trinidad-Greene.jpg","type":"image\/jpeg"}],"author":"admin","twitter_card":"summary_large_image","twitter_misc":{"Escrito por":"admin","Tiempo de lectura":"2 minutos"},"schema":{"@context":"https:\/\/schema.org","@graph":[{"@type":"Article","@id":"https:\/\/www.revistalogistec.com\/index.php\/2024\/01\/08\/finning-anuncia-cambios-en-su-equipo-ejecutivo-en-sudamerica-3\/#article","isPartOf":{"@id":"https:\/\/www.revistalogistec.com\/index.php\/2024\/01\/08\/finning-anuncia-cambios-en-su-equipo-ejecutivo-en-sudamerica-3\/"},"author":{"name":"admin","@id":"https:\/\/www.revistalogistec.com\/#\/schema\/person\/b25cced65507282f3fc6eb806b1db4f0"},"headline":"FINNING ANUNCIA CAMBIOS EN SU EQUIPO EJECUTIVO EN SUDAM\u00c9RICA\u2028","datePublished":"2024-01-08T11:46:20+00:00","mainEntityOfPage":{"@id":"https:\/\/www.revistalogistec.com\/index.php\/2024\/01\/08\/finning-anuncia-cambios-en-su-equipo-ejecutivo-en-sudamerica-3\/"},"wordCount":352,"commentCount":0,"image":{"@id":"https:\/\/www.revistalogistec.com\/index.php\/2024\/01\/08\/finning-anuncia-cambios-en-su-equipo-ejecutivo-en-sudamerica-3\/#primaryimage"},"thumbnailUrl":"https:\/\/www.revistalogistec.com\/wp-content\/uploads\/2024\/01\/Trinidad-Greene.jpg","articleSection":["NOTICIAS INDUSTRIA"],"inLanguage":"es"},{"@type":"WebPage","@id":"https:\/\/www.revistalogistec.com\/index.php\/2024\/01\/08\/finning-anuncia-cambios-en-su-equipo-ejecutivo-en-sudamerica-3\/","url":"https:\/\/www.revistalogistec.com\/index.php\/2024\/01\/08\/finning-anuncia-cambios-en-su-equipo-ejecutivo-en-sudamerica-3\/","name":"FINNING ANUNCIA CAMBIOS EN SU EQUIPO EJECUTIVO EN SUDAM\u00c9RICA\u2028 - Revista Logistec","isPartOf":{"@id":"https:\/\/www.revistalogistec.com\/#website"},"primaryImageOfPage":{"@id":"https:\/\/www.revistalogistec.com\/index.php\/2024\/01\/08\/finning-anuncia-cambios-en-su-equipo-ejecutivo-en-sudamerica-3\/#primaryimage"},"image":{"@id":"https:\/\/www.revistalogistec.com\/index.php\/2024\/01\/08\/finning-anuncia-cambios-en-su-equipo-ejecutivo-en-sudamerica-3\/#primaryimage"},"thumbnailUrl":"https:\/\/www.revistalogistec.com\/wp-content\/uploads\/2024\/01\/Trinidad-Greene.jpg","datePublished":"2024-01-08T11:46:20+00:00","author":{"@id":"https:\/\/www.revistalogistec.com\/#\/schema\/person\/b25cced65507282f3fc6eb806b1db4f0"},"breadcrumb":{"@id":"https:\/\/www.revistalogistec.com\/index.php\/2024\/01\/08\/finning-anuncia-cambios-en-su-equipo-ejecutivo-en-sudamerica-3\/#breadcrumb"},"inLanguage":"es","potentialAction":[{"@type":"ReadAction","target":["https:\/\/www.revistalogistec.com\/index.php\/2024\/01\/08\/finning-anuncia-cambios-en-su-equipo-ejecutivo-en-sudamerica-3\/"]}]},{"@type":"ImageObject","inLanguage":"es","@id":"https:\/\/www.revistalogistec.com\/index.php\/2024\/01\/08\/finning-anuncia-cambios-en-su-equipo-ejecutivo-en-sudamerica-3\/#primaryimage","url":"https:\/\/www.revistalogistec.com\/wp-content\/uploads\/2024\/01\/Trinidad-Greene.jpg","contentUrl":"https:\/\/www.revistalogistec.com\/wp-content\/uploads\/2024\/01\/Trinidad-Greene.jpg","width":850,"height":530},{"@type":"BreadcrumbList","@id":"https:\/\/www.revistalogistec.com\/index.php\/2024\/01\/08\/finning-anuncia-cambios-en-su-equipo-ejecutivo-en-sudamerica-3\/#breadcrumb","itemListElement":[{"@type":"ListItem","position":1,"name":"Portada","item":"https:\/\/www.revistalogistec.com\/"},{"@type":"ListItem","position":2,"name":"FINNING ANUNCIA CAMBIOS EN SU EQUIPO EJECUTIVO EN SUDAM\u00c9RICA\u2028"}]},{"@type":"WebSite","@id":"https:\/\/www.revistalogistec.com\/#website","url":"https:\/\/www.revistalogistec.com\/","name":"Revista Logistec","description":"","potentialAction":[{"@type":"SearchAction","target":{"@type":"EntryPoint","urlTemplate":"https:\/\/www.revistalogistec.com\/?s={search_term_string}"},"query-input":{"@type":"PropertyValueSpecification","valueRequired":true,"valueName":"search_term_string"}}],"inLanguage":"es"},{"@type":"Person","@id":"https:\/\/www.revistalogistec.com\/#\/schema\/person\/b25cced65507282f3fc6eb806b1db4f0","name":"admin","image":{"@type":"ImageObject","inLanguage":"es","@id":"https:\/\/secure.gravatar.com\/avatar\/94631f712dee24b50f2f12a7caf62df22b2c346945fcff655ce85b674bebf6fd?s=96&d=mm&r=g","url":"https:\/\/secure.gravatar.com\/avatar\/94631f712dee24b50f2f12a7caf62df22b2c346945fcff655ce85b674bebf6fd?s=96&d=mm&r=g","contentUrl":"https:\/\/secure.gravatar.com\/avatar\/94631f712dee24b50f2f12a7caf62df22b2c346945fcff655ce85b674bebf6fd?s=96&d=mm&r=g","caption":"admin"},"sameAs":["https:\/\/www.revistalogistec.com"],"url":"https:\/\/www.revistalogistec.com\/index.php\/author\/admin_revlog\/"}]}},"_links":{"self":[{"href":"https:\/\/www.revistalogistec.com\/index.php\/wp-json\/wp\/v2\/posts\/13941","targetHints":{"allow":["GET"]}}],"collection":[{"href":"https:\/\/www.revistalogistec.com\/index.php\/wp-json\/wp\/v2\/posts"}],"about":[{"href":"https:\/\/www.revistalogistec.com\/index.php\/wp-json\/wp\/v2\/types\/post"}],"author":[{"embeddable":true,"href":"https:\/\/www.revistalogistec.com\/index.php\/wp-json\/wp\/v2\/users\/1"}],"replies":[{"embeddable":true,"href":"https:\/\/www.revistalogistec.com\/index.php\/wp-json\/wp\/v2\/comments?post=13941"}],"version-history":[{"count":0,"href":"https:\/\/www.revistalogistec.com\/index.php\/wp-json\/wp\/v2\/posts\/13941\/revisions"}],"wp:featuredmedia":[{"embeddable":true,"href":"https:\/\/www.revistalogistec.com\/index.php\/wp-json\/wp\/v2\/media\/13934"}],"wp:attachment":[{"href":"https:\/\/www.revistalogistec.com\/index.php\/wp-json\/wp\/v2\/media?parent=13941"}],"wp:term":[{"taxonomy":"category","embeddable":true,"href":"https:\/\/www.revistalogistec.com\/index.php\/wp-json\/wp\/v2\/categories?post=13941"},{"taxonomy":"post_tag","embeddable":true,"href":"https:\/\/www.revistalogistec.com\/index.php\/wp-json\/wp\/v2\/tags?post=13941"}],"curies":[{"name":"wp","href":"https:\/\/api.w.org\/{rel}","templated":true}]}}