{"id":14430,"date":"2024-03-08T19:34:04","date_gmt":"2024-03-08T19:34:04","guid":{"rendered":"https:\/\/www.revistalogistec.com\/index.php\/2024\/03\/08\/la-eficiencia-energetica-como-clave-para-el-progreso\/"},"modified":"2024-03-08T19:34:04","modified_gmt":"2024-03-08T19:34:04","slug":"la-eficiencia-energetica-como-clave-para-el-progreso","status":"publish","type":"post","link":"https:\/\/www.revistalogistec.com\/index.php\/2024\/03\/08\/la-eficiencia-energetica-como-clave-para-el-progreso\/","title":{"rendered":"LA EFICIENCIA ENERG\u00c9TICA COMO CLAVE PARA EL PROGRESO"},"content":{"rendered":"<p style=\"text-align: justify;\">En un mundo donde la preocupaci\u00f3n por la sostenibilidad y la conservaci\u00f3n de los recursos naturales est\u00e1 en constante aumento, el cuidado y la gesti\u00f3n eficiente de la energ\u00eda se han vuelto m\u00e1s cruciales que nunca. En este contexto, es fundamental reconocer el papel que desempe\u00f1amos como personas en la preservaci\u00f3n del medio ambiente y en la b\u00fasqueda de un futuro m\u00e1s sostenible, en donde las etiquetas de eficiencia energ\u00e9tica en los electrodom\u00e9sticos emergen como una herramienta esencial en nuestra b\u00fasqueda colectiva por un uso responsable de los recursos energ\u00e9ticos.<\/p>\n<p style=\"text-align: justify;\">Estas tablas descriptivas no solo nos brindan informaci\u00f3n sobre el consumo de electricidad de un aparato, sino que tambi\u00e9n nos ofrecen la oportunidad de tomar decisiones informadas y conscientes al momento de adquirir nuevos dispositivos para nuestro hogar. Desde la escala que va desde A+++ hasta G, estas etiquetas son una gu\u00eda invaluable para elegir productos que sean tanto amigables con el medio ambiente como econ\u00f3micos a largo plazo.<\/p>\n<p style=\"text-align: justify;\">Sin embargo, m\u00e1s all\u00e1 de las etiquetas, debemos adoptar h\u00e1bitos espec\u00edficos para usar de manera eficiente electrodom\u00e9sticos como refrigeradores, lavadoras, entre otros. Por ejemplo, podemos maximizar la eficiencia energ\u00e9tica manteniendo las puertas del refrigerador cerradas y ajustando las temperaturas adecuadamente. En cuanto a las lavadoras, optar por ciclos de lavado en fr\u00edo y usar la carga completa de ropa son pr\u00e1cticas que ahorran energ\u00eda y agua, siendo parte de peque\u00f1os cambios que pueden marcar una gran diferencia en nuestro consumo energ\u00e9tico y en la promoci\u00f3n de un estilo de vida m\u00e1s sostenible.<\/p>\n<p style=\"text-align: justify;\">En este sentido, es fundamental recordar y reflexionar sobre la importancia de nuestras acciones diarias en la gesti\u00f3n eficiente de la energ\u00eda, que pueden ir desde la selecci\u00f3n de electrodom\u00e9sticos energ\u00e9ticamente eficientes hasta la adopci\u00f3n de pr\u00e1cticas simples, siendo conscientes de que cada peque\u00f1a decisi\u00f3n contribuye a un impacto positivo en la preservaci\u00f3n de nuestro planeta. Nosotros, como individuos, tenemos el poder de iniciar el cambio hacia un futuro m\u00e1s sostenible, y juntos podemos hacer una diferencia significativa para las generaciones venideras.<\/p>\n<p style=\"text-align: justify;\">Por Pamela Castro, Marketing Manager de LG Electronics Chile<\/p>\n","protected":false},"excerpt":{"rendered":"<p style=\"text-align: justify;\">En un mundo donde la preocupaci\u00f3n por la sostenibilidad y la conservaci\u00f3n de los recursos naturales est\u00e1 en constante aumento, el cuidado y la gesti\u00f3n eficiente de la energ\u00eda se han vuelto m\u00e1s cruciales que nunca. En este contexto, es fundamental reconocer el papel que desempe\u00f1amos como personas en la preservaci\u00f3n del medio ambiente y en la b\u00fasqueda de un futuro m\u00e1s sostenible, en donde las etiquetas de eficiencia energ\u00e9tica en los electrodom\u00e9sticos emergen como una herramienta esencial en nuestra b\u00fasqueda colectiva por un uso responsable de los recursos energ\u00e9ticos.<\/p>\n","protected":false},"author":1,"featured_media":14427,"comment_status":"open","ping_status":"open","sticky":false,"template":"","format":"standard","meta":{"_acf_changed":false,"jnews-multi-image_gallery":[],"jnews_single_post":[],"jnews_primary_category":[],"jnews_social_meta":[],"jnews_override_counter":[],"footnotes":""},"categories":[12],"tags":[],"class_list":["post-14430","post","type-post","status-publish","format-standard","has-post-thumbnail","hentry","category-noticias-industria"],"acf":[],"yoast_head":"<!-- This site is optimized with the Yoast SEO plugin v27.2 - https:\/\/yoast.com\/product\/yoast-seo-wordpress\/ -->\n<title>LA EFICIENCIA ENERG\u00c9TICA COMO CLAVE PARA EL PROGRESO - Revista Logistec<\/title>\n<meta name=\"robots\" content=\"index, follow, max-snippet:-1, max-image-preview:large, max-video-preview:-1\" \/>\n<link rel=\"canonical\" href=\"https:\/\/www.revistalogistec.com\/index.php\/2024\/03\/08\/la-eficiencia-energetica-como-clave-para-el-progreso\/\" \/>\n<meta property=\"og:locale\" content=\"es_ES\" \/>\n<meta property=\"og:type\" content=\"article\" \/>\n<meta property=\"og:title\" content=\"LA EFICIENCIA ENERG\u00c9TICA COMO CLAVE PARA EL PROGRESO - Revista Logistec\" \/>\n<meta property=\"og:description\" content=\"En un mundo donde la preocupaci\u00f3n por la sostenibilidad y la conservaci\u00f3n de los recursos naturales est\u00e1 en constante aumento, el cuidado y la gesti\u00f3n eficiente de la energ\u00eda se han vuelto m\u00e1s cruciales que nunca. En este contexto, es fundamental reconocer el papel que desempe\u00f1amos como personas en la preservaci\u00f3n del medio ambiente y en la b\u00fasqueda de un futuro m\u00e1s sostenible, en donde las etiquetas de eficiencia energ\u00e9tica en los electrodom\u00e9sticos emergen como una herramienta esencial en nuestra b\u00fasqueda colectiva por un uso responsable de los recursos energ\u00e9ticos.\" \/>\n<meta property=\"og:url\" content=\"https:\/\/www.revistalogistec.com\/index.php\/2024\/03\/08\/la-eficiencia-energetica-como-clave-para-el-progreso\/\" \/>\n<meta property=\"og:site_name\" content=\"Revista Logistec\" \/>\n<meta property=\"article:published_time\" content=\"2024-03-08T19:34:04+00:00\" \/>\n<meta property=\"og:image\" content=\"https:\/\/www.revistalogistec.com\/wp-content\/uploads\/2024\/03\/Pamela-Castro.jpg\" \/>\n\t<meta property=\"og:image:width\" content=\"850\" \/>\n\t<meta property=\"og:image:height\" content=\"530\" \/>\n\t<meta property=\"og:image:type\" content=\"image\/jpeg\" \/>\n<meta name=\"author\" content=\"admin\" \/>\n<meta name=\"twitter:card\" content=\"summary_large_image\" \/>\n<meta name=\"twitter:label1\" content=\"Escrito por\" \/>\n\t<meta name=\"twitter:data1\" content=\"admin\" \/>\n\t<meta name=\"twitter:label2\" content=\"Tiempo de lectura\" \/>\n\t<meta name=\"twitter:data2\" content=\"2 minutos\" \/>\n<script type=\"application\/ld+json\" class=\"yoast-schema-graph\">{\"@context\":\"https:\/\/schema.org\",\"@graph\":[{\"@type\":\"Article\",\"@id\":\"https:\/\/www.revistalogistec.com\/index.php\/2024\/03\/08\/la-eficiencia-energetica-como-clave-para-el-progreso\/#article\",\"isPartOf\":{\"@id\":\"https:\/\/www.revistalogistec.com\/index.php\/2024\/03\/08\/la-eficiencia-energetica-como-clave-para-el-progreso\/\"},\"author\":{\"name\":\"admin\",\"@id\":\"https:\/\/www.revistalogistec.com\/#\/schema\/person\/b25cced65507282f3fc6eb806b1db4f0\"},\"headline\":\"LA EFICIENCIA ENERG\u00c9TICA COMO CLAVE PARA EL PROGRESO\",\"datePublished\":\"2024-03-08T19:34:04+00:00\",\"mainEntityOfPage\":{\"@id\":\"https:\/\/www.revistalogistec.com\/index.php\/2024\/03\/08\/la-eficiencia-energetica-como-clave-para-el-progreso\/\"},\"wordCount\":391,\"commentCount\":0,\"image\":{\"@id\":\"https:\/\/www.revistalogistec.com\/index.php\/2024\/03\/08\/la-eficiencia-energetica-como-clave-para-el-progreso\/#primaryimage\"},\"thumbnailUrl\":\"https:\/\/www.revistalogistec.com\/wp-content\/uploads\/2024\/03\/Pamela-Castro.jpg\",\"articleSection\":[\"NOTICIAS INDUSTRIA\"],\"inLanguage\":\"es\"},{\"@type\":\"WebPage\",\"@id\":\"https:\/\/www.revistalogistec.com\/index.php\/2024\/03\/08\/la-eficiencia-energetica-como-clave-para-el-progreso\/\",\"url\":\"https:\/\/www.revistalogistec.com\/index.php\/2024\/03\/08\/la-eficiencia-energetica-como-clave-para-el-progreso\/\",\"name\":\"LA EFICIENCIA ENERG\u00c9TICA COMO CLAVE PARA EL PROGRESO - Revista Logistec\",\"isPartOf\":{\"@id\":\"https:\/\/www.revistalogistec.com\/#website\"},\"primaryImageOfPage\":{\"@id\":\"https:\/\/www.revistalogistec.com\/index.php\/2024\/03\/08\/la-eficiencia-energetica-como-clave-para-el-progreso\/#primaryimage\"},\"image\":{\"@id\":\"https:\/\/www.revistalogistec.com\/index.php\/2024\/03\/08\/la-eficiencia-energetica-como-clave-para-el-progreso\/#primaryimage\"},\"thumbnailUrl\":\"https:\/\/www.revistalogistec.com\/wp-content\/uploads\/2024\/03\/Pamela-Castro.jpg\",\"datePublished\":\"2024-03-08T19:34:04+00:00\",\"author\":{\"@id\":\"https:\/\/www.revistalogistec.com\/#\/schema\/person\/b25cced65507282f3fc6eb806b1db4f0\"},\"breadcrumb\":{\"@id\":\"https:\/\/www.revistalogistec.com\/index.php\/2024\/03\/08\/la-eficiencia-energetica-como-clave-para-el-progreso\/#breadcrumb\"},\"inLanguage\":\"es\",\"potentialAction\":[{\"@type\":\"ReadAction\",\"target\":[\"https:\/\/www.revistalogistec.com\/index.php\/2024\/03\/08\/la-eficiencia-energetica-como-clave-para-el-progreso\/\"]}]},{\"@type\":\"ImageObject\",\"inLanguage\":\"es\",\"@id\":\"https:\/\/www.revistalogistec.com\/index.php\/2024\/03\/08\/la-eficiencia-energetica-como-clave-para-el-progreso\/#primaryimage\",\"url\":\"https:\/\/www.revistalogistec.com\/wp-content\/uploads\/2024\/03\/Pamela-Castro.jpg\",\"contentUrl\":\"https:\/\/www.revistalogistec.com\/wp-content\/uploads\/2024\/03\/Pamela-Castro.jpg\",\"width\":850,\"height\":530},{\"@type\":\"BreadcrumbList\",\"@id\":\"https:\/\/www.revistalogistec.com\/index.php\/2024\/03\/08\/la-eficiencia-energetica-como-clave-para-el-progreso\/#breadcrumb\",\"itemListElement\":[{\"@type\":\"ListItem\",\"position\":1,\"name\":\"Portada\",\"item\":\"https:\/\/www.revistalogistec.com\/\"},{\"@type\":\"ListItem\",\"position\":2,\"name\":\"LA EFICIENCIA ENERG\u00c9TICA COMO CLAVE PARA EL PROGRESO\"}]},{\"@type\":\"WebSite\",\"@id\":\"https:\/\/www.revistalogistec.com\/#website\",\"url\":\"https:\/\/www.revistalogistec.com\/\",\"name\":\"Revista Logistec\",\"description\":\"\",\"potentialAction\":[{\"@type\":\"SearchAction\",\"target\":{\"@type\":\"EntryPoint\",\"urlTemplate\":\"https:\/\/www.revistalogistec.com\/?s={search_term_string}\"},\"query-input\":{\"@type\":\"PropertyValueSpecification\",\"valueRequired\":true,\"valueName\":\"search_term_string\"}}],\"inLanguage\":\"es\"},{\"@type\":\"Person\",\"@id\":\"https:\/\/www.revistalogistec.com\/#\/schema\/person\/b25cced65507282f3fc6eb806b1db4f0\",\"name\":\"admin\",\"image\":{\"@type\":\"ImageObject\",\"inLanguage\":\"es\",\"@id\":\"https:\/\/secure.gravatar.com\/avatar\/94631f712dee24b50f2f12a7caf62df22b2c346945fcff655ce85b674bebf6fd?s=96&d=mm&r=g\",\"url\":\"https:\/\/secure.gravatar.com\/avatar\/94631f712dee24b50f2f12a7caf62df22b2c346945fcff655ce85b674bebf6fd?s=96&d=mm&r=g\",\"contentUrl\":\"https:\/\/secure.gravatar.com\/avatar\/94631f712dee24b50f2f12a7caf62df22b2c346945fcff655ce85b674bebf6fd?s=96&d=mm&r=g\",\"caption\":\"admin\"},\"sameAs\":[\"https:\/\/www.revistalogistec.com\"],\"url\":\"https:\/\/www.revistalogistec.com\/index.php\/author\/admin_revlog\/\"}]}<\/script>\n<!-- \/ Yoast SEO plugin. -->","yoast_head_json":{"title":"LA EFICIENCIA ENERG\u00c9TICA COMO CLAVE PARA EL PROGRESO - Revista Logistec","robots":{"index":"index","follow":"follow","max-snippet":"max-snippet:-1","max-image-preview":"max-image-preview:large","max-video-preview":"max-video-preview:-1"},"canonical":"https:\/\/www.revistalogistec.com\/index.php\/2024\/03\/08\/la-eficiencia-energetica-como-clave-para-el-progreso\/","og_locale":"es_ES","og_type":"article","og_title":"LA EFICIENCIA ENERG\u00c9TICA COMO CLAVE PARA EL PROGRESO - Revista Logistec","og_description":"En un mundo donde la preocupaci\u00f3n por la sostenibilidad y la conservaci\u00f3n de los recursos naturales est\u00e1 en constante aumento, el cuidado y la gesti\u00f3n eficiente de la energ\u00eda se han vuelto m\u00e1s cruciales que nunca. En este contexto, es fundamental reconocer el papel que desempe\u00f1amos como personas en la preservaci\u00f3n del medio ambiente y en la b\u00fasqueda de un futuro m\u00e1s sostenible, en donde las etiquetas de eficiencia energ\u00e9tica en los electrodom\u00e9sticos emergen como una herramienta esencial en nuestra b\u00fasqueda colectiva por un uso responsable de los recursos energ\u00e9ticos.","og_url":"https:\/\/www.revistalogistec.com\/index.php\/2024\/03\/08\/la-eficiencia-energetica-como-clave-para-el-progreso\/","og_site_name":"Revista Logistec","article_published_time":"2024-03-08T19:34:04+00:00","og_image":[{"width":850,"height":530,"url":"https:\/\/www.revistalogistec.com\/wp-content\/uploads\/2024\/03\/Pamela-Castro.jpg","type":"image\/jpeg"}],"author":"admin","twitter_card":"summary_large_image","twitter_misc":{"Escrito por":"admin","Tiempo de lectura":"2 minutos"},"schema":{"@context":"https:\/\/schema.org","@graph":[{"@type":"Article","@id":"https:\/\/www.revistalogistec.com\/index.php\/2024\/03\/08\/la-eficiencia-energetica-como-clave-para-el-progreso\/#article","isPartOf":{"@id":"https:\/\/www.revistalogistec.com\/index.php\/2024\/03\/08\/la-eficiencia-energetica-como-clave-para-el-progreso\/"},"author":{"name":"admin","@id":"https:\/\/www.revistalogistec.com\/#\/schema\/person\/b25cced65507282f3fc6eb806b1db4f0"},"headline":"LA EFICIENCIA ENERG\u00c9TICA COMO CLAVE PARA EL PROGRESO","datePublished":"2024-03-08T19:34:04+00:00","mainEntityOfPage":{"@id":"https:\/\/www.revistalogistec.com\/index.php\/2024\/03\/08\/la-eficiencia-energetica-como-clave-para-el-progreso\/"},"wordCount":391,"commentCount":0,"image":{"@id":"https:\/\/www.revistalogistec.com\/index.php\/2024\/03\/08\/la-eficiencia-energetica-como-clave-para-el-progreso\/#primaryimage"},"thumbnailUrl":"https:\/\/www.revistalogistec.com\/wp-content\/uploads\/2024\/03\/Pamela-Castro.jpg","articleSection":["NOTICIAS INDUSTRIA"],"inLanguage":"es"},{"@type":"WebPage","@id":"https:\/\/www.revistalogistec.com\/index.php\/2024\/03\/08\/la-eficiencia-energetica-como-clave-para-el-progreso\/","url":"https:\/\/www.revistalogistec.com\/index.php\/2024\/03\/08\/la-eficiencia-energetica-como-clave-para-el-progreso\/","name":"LA EFICIENCIA ENERG\u00c9TICA COMO CLAVE PARA EL PROGRESO - Revista Logistec","isPartOf":{"@id":"https:\/\/www.revistalogistec.com\/#website"},"primaryImageOfPage":{"@id":"https:\/\/www.revistalogistec.com\/index.php\/2024\/03\/08\/la-eficiencia-energetica-como-clave-para-el-progreso\/#primaryimage"},"image":{"@id":"https:\/\/www.revistalogistec.com\/index.php\/2024\/03\/08\/la-eficiencia-energetica-como-clave-para-el-progreso\/#primaryimage"},"thumbnailUrl":"https:\/\/www.revistalogistec.com\/wp-content\/uploads\/2024\/03\/Pamela-Castro.jpg","datePublished":"2024-03-08T19:34:04+00:00","author":{"@id":"https:\/\/www.revistalogistec.com\/#\/schema\/person\/b25cced65507282f3fc6eb806b1db4f0"},"breadcrumb":{"@id":"https:\/\/www.revistalogistec.com\/index.php\/2024\/03\/08\/la-eficiencia-energetica-como-clave-para-el-progreso\/#breadcrumb"},"inLanguage":"es","potentialAction":[{"@type":"ReadAction","target":["https:\/\/www.revistalogistec.com\/index.php\/2024\/03\/08\/la-eficiencia-energetica-como-clave-para-el-progreso\/"]}]},{"@type":"ImageObject","inLanguage":"es","@id":"https:\/\/www.revistalogistec.com\/index.php\/2024\/03\/08\/la-eficiencia-energetica-como-clave-para-el-progreso\/#primaryimage","url":"https:\/\/www.revistalogistec.com\/wp-content\/uploads\/2024\/03\/Pamela-Castro.jpg","contentUrl":"https:\/\/www.revistalogistec.com\/wp-content\/uploads\/2024\/03\/Pamela-Castro.jpg","width":850,"height":530},{"@type":"BreadcrumbList","@id":"https:\/\/www.revistalogistec.com\/index.php\/2024\/03\/08\/la-eficiencia-energetica-como-clave-para-el-progreso\/#breadcrumb","itemListElement":[{"@type":"ListItem","position":1,"name":"Portada","item":"https:\/\/www.revistalogistec.com\/"},{"@type":"ListItem","position":2,"name":"LA EFICIENCIA ENERG\u00c9TICA COMO CLAVE PARA EL PROGRESO"}]},{"@type":"WebSite","@id":"https:\/\/www.revistalogistec.com\/#website","url":"https:\/\/www.revistalogistec.com\/","name":"Revista Logistec","description":"","potentialAction":[{"@type":"SearchAction","target":{"@type":"EntryPoint","urlTemplate":"https:\/\/www.revistalogistec.com\/?s={search_term_string}"},"query-input":{"@type":"PropertyValueSpecification","valueRequired":true,"valueName":"search_term_string"}}],"inLanguage":"es"},{"@type":"Person","@id":"https:\/\/www.revistalogistec.com\/#\/schema\/person\/b25cced65507282f3fc6eb806b1db4f0","name":"admin","image":{"@type":"ImageObject","inLanguage":"es","@id":"https:\/\/secure.gravatar.com\/avatar\/94631f712dee24b50f2f12a7caf62df22b2c346945fcff655ce85b674bebf6fd?s=96&d=mm&r=g","url":"https:\/\/secure.gravatar.com\/avatar\/94631f712dee24b50f2f12a7caf62df22b2c346945fcff655ce85b674bebf6fd?s=96&d=mm&r=g","contentUrl":"https:\/\/secure.gravatar.com\/avatar\/94631f712dee24b50f2f12a7caf62df22b2c346945fcff655ce85b674bebf6fd?s=96&d=mm&r=g","caption":"admin"},"sameAs":["https:\/\/www.revistalogistec.com"],"url":"https:\/\/www.revistalogistec.com\/index.php\/author\/admin_revlog\/"}]}},"_links":{"self":[{"href":"https:\/\/www.revistalogistec.com\/index.php\/wp-json\/wp\/v2\/posts\/14430","targetHints":{"allow":["GET"]}}],"collection":[{"href":"https:\/\/www.revistalogistec.com\/index.php\/wp-json\/wp\/v2\/posts"}],"about":[{"href":"https:\/\/www.revistalogistec.com\/index.php\/wp-json\/wp\/v2\/types\/post"}],"author":[{"embeddable":true,"href":"https:\/\/www.revistalogistec.com\/index.php\/wp-json\/wp\/v2\/users\/1"}],"replies":[{"embeddable":true,"href":"https:\/\/www.revistalogistec.com\/index.php\/wp-json\/wp\/v2\/comments?post=14430"}],"version-history":[{"count":0,"href":"https:\/\/www.revistalogistec.com\/index.php\/wp-json\/wp\/v2\/posts\/14430\/revisions"}],"wp:featuredmedia":[{"embeddable":true,"href":"https:\/\/www.revistalogistec.com\/index.php\/wp-json\/wp\/v2\/media\/14427"}],"wp:attachment":[{"href":"https:\/\/www.revistalogistec.com\/index.php\/wp-json\/wp\/v2\/media?parent=14430"}],"wp:term":[{"taxonomy":"category","embeddable":true,"href":"https:\/\/www.revistalogistec.com\/index.php\/wp-json\/wp\/v2\/categories?post=14430"},{"taxonomy":"post_tag","embeddable":true,"href":"https:\/\/www.revistalogistec.com\/index.php\/wp-json\/wp\/v2\/tags?post=14430"}],"curies":[{"name":"wp","href":"https:\/\/api.w.org\/{rel}","templated":true}]}}