{"id":15206,"date":"2024-06-16T17:23:33","date_gmt":"2024-06-16T17:23:33","guid":{"rendered":"https:\/\/www.revistalogistec.com\/index.php\/2024\/06\/16\/tu-negocio-es-unico-y-tu-logistica-tambien-15-anos-de-silo-logistica-brindando-un-servicio-integral\/"},"modified":"2024-06-16T17:23:33","modified_gmt":"2024-06-16T17:23:33","slug":"tu-negocio-es-unico-y-tu-logistica-tambien-15-anos-de-silo-logistica-brindando-un-servicio-integral","status":"publish","type":"post","link":"https:\/\/www.revistalogistec.com\/index.php\/2024\/06\/16\/tu-negocio-es-unico-y-tu-logistica-tambien-15-anos-de-silo-logistica-brindando-un-servicio-integral\/","title":{"rendered":"TU NEGOCIO ES \u00daNICO Y TU LOG\u00cdSTICA TAMBI\u00c9N: 15 A\u00d1OS DE SILO LOG\u00cdSTICA BRINDANDO UN SERVICIO INTEGRAL"},"content":{"rendered":"<p style=\"text-align: justify;\">Celebrando 15 a\u00f1os de excelencia en el sector log\u00edstico, SILO se ha convertido en un referente clave en la log\u00edstica asociada al comercio exterior en Chile. Desde sus inicios, la empresa ha trabajado arduamente para proporcionar soluciones log\u00edsticas \u00e1giles y eficientes que se adapten a las necesidades espec\u00edficas de cada cliente. Esta dedicaci\u00f3n y compromiso le ha permitido posicionarse como un actor relevante y competitivo en el mercado.<\/p>\n<p><figure><figcaption>Escucha el Art\u00edculo Aqu\u00ed:<\/figcaption><audio controls src=\"https:\/\/www.revistalogistec.com\/audios_articulos\/edicion_142\/logistec_proveedores_ed142_silo.mp3\"><br \/>\n    <a href=\"https:\/\/www.revistalogistec.com\/audios_articulos\/edicion_142\/logistec_proveedores_ed142_silo.mp3\"> Download audio <\/a><br \/>\n  <\/audio><br \/>\n<\/figure>\n<\/p>\n<p style=\"text-align: justify;\">Silo Log\u00edstica (SILO) naci\u00f3 desde Austrade, empresa familiar comercializadora de materias primas para la industria del pl\u00e1stico con m\u00e1s de 30 a\u00f1os de experiencia en el comercio exterior, liderada por los empresarios Guillermo Undurraga B. y \u00c1lvaro Mej\u00eda D. Inspirados por las pr\u00e1cticas de log\u00edstica integral en otros pa\u00edses, Austrade vio una oportunidad para innovar y mejorar la cadena de suministro de materias primas en Chile.<\/p>\n<p style=\"text-align: justify;\">En 2009, esta visi\u00f3n se materializ\u00f3 con la creaci\u00f3n de Silo Log\u00edstica como una entidad independiente, enfocada en ofrecer servicios log\u00edsticos de alto valor agregado, la que, siguiendo el legado familiar, comenz\u00f3 a ser liderada por Guillermo Undurraga T. y Jos\u00e9 Joaqu\u00edn Undurraga J. Desde entonces, la empresa ha crecido y se ha especializado en servicios log\u00edsticos de entrada, integrando agentes de aduana, operadores log\u00edsticos portuarios, almacenes y transportistas calificados para ofrecer un servicio completo, de calidad y a tarifas competitivas.<\/p>\n<p style=\"text-align: justify;\">\u201cHace quince a\u00f1os comenzamos con la visi\u00f3n de mejorar la log\u00edstica para nuestros clientes, enfrentando numerosos desaf\u00edos y aprendiendo en el camino. Hoy, desde mi rol m\u00e1s estrat\u00e9gico puedo decir que fue un gran acierto. Detectamos una necesidad y la hemos podido cubrir con \u00e9xito. Esto gracias al trabajo de un equipo excepcional. Aunque todav\u00eda hay espacio para perfeccionar, estamos muy contentos de lo que hemos logrado y de c\u00f3mo hemos evolucionado\u201d recalc\u00f3 uno de los fundadores de SILO, \u00c1lvaro Mej\u00eda D.<\/p>\n<h3 style=\"text-align: justify;\">CASABLANCA: LOG\u00cdSTICA Y UBICACI\u00d3N ESTRAT\u00c9GICA COMO N\u00daCLEO DE EXPANSI\u00d3N<\/h3>\n<p style=\"text-align: justify;\">Uno de los hitos en la historia de Silo Log\u00edstica, fue la adquisici\u00f3n de un terreno en Casablanca y la compra de su primer cami\u00f3n silo semiremolque en 2014. Estas inversiones no solo marcaron el comienzo de una expansi\u00f3n significativa, sino que tambi\u00e9n cimentaron la capacidad de este operador estrat\u00e9gico para manejar grandes vol\u00famenes de carga con eficiencia.<\/p>\n<p style=\"text-align: justify;\">En 2022, la empresa inaugur\u00f3 la cuarta etapa de su centro de almacenaje, sumando m\u00e1s de 13,000 m\u00b2 de bodega en un total de 40,000 m\u00b2 de terreno. Este crecimiento refleja no solo la expansi\u00f3n f\u00edsica de la empresa, sino tambi\u00e9n su evoluci\u00f3n contin\u00faa como l\u00edder en log\u00edstica integral.<\/p>\n<p style=\"text-align: justify;\"><img decoding=\"async\" class=\" alignleft size-full wp-image-15205\" src=\"https:\/\/www.revistalogistec.com\/wp-content\/uploads\/2024\/06\/guillermo_undurraga.jpg\" alt=\"guillermo undurraga\" width=\"200\" style=\"margin: 10px; float: left;\" srcset=\"https:\/\/www.revistalogistec.com\/wp-content\/uploads\/2024\/06\/guillermo_undurraga.jpg 200w, https:\/\/www.revistalogistec.com\/wp-content\/uploads\/2024\/06\/guillermo_undurraga-150x150.jpg 150w, https:\/\/www.revistalogistec.com\/wp-content\/uploads\/2024\/06\/guillermo_undurraga-75x75.jpg 75w\" sizes=\"(max-width: 200px) 100vw, 200px\" \/>\u201cNuestro centro log\u00edstico en Casablanca, estrat\u00e9gicamente ubicado entre los puertos de San Antonio y Valpara\u00edso y la zona industrial de Santiago, facilita el almacenaje de cargas de alto volumen preservando su integridad y trazabilidad. Adicionalmente, la flexibilidad operacional que brindamos, siendo un factor clave de diferenciaci\u00f3n, permitiendo a los clientes ajustar sus operaciones seg\u00fan las demandas del mercado, reduciendo riesgos y asegurando la continuidad operacional\u201d, recalc\u00f3 el Gerente de Operaciones de Silo Log\u00edstica, Jos\u00e9 Joaqu\u00edn Undurraga.<\/p>\n<h3 style=\"text-align: justify;\">LA METODOLOG\u00cdA INTEGRAL DE SILO QUE BENEFICIA A SUS CLIENTES<\/h3>\n<p style=\"text-align: justify;\">Para los clientes de SILO, la confianza y la calidad de los servicios son los atributos m\u00e1s valorados. El 95% de sus clientes destacaron la fiabilidad y la seguridad que sienten al trabajar con Silo Log\u00edstica. La alta calidad de los servicios, la competitividad en los precios y la capacidad de respuesta \u00e1gil han sido fundamentales para establecer relaciones duraderas y satisfactorias con los clientes. Este nivel de confianza es un reflejo del compromiso y la dedicaci\u00f3n de Silo Log\u00edstica hacia sus clientes.<\/p>\n<p style=\"text-align: justify;\">Hans Schwarzenberg, Gerente General de Petroflex, resalta la importancia de Silo Log\u00edstica en sus operaciones diarias: \u201cHemos trabajado con Silo Log\u00edstica desde sus inicios y hoy en d\u00eda dir\u00eda que pr\u00e1cticamente el 100% de nuestra operativa de importaci\u00f3n y manejo de materiales la efect\u00faan ellos. Decidimos externalizar la log\u00edstica para concentrarnos en nuestra actividad principal, la fabricaci\u00f3n de tubos de PVC y polietileno, y dejar esta tarea a expertos como SILO. Lo que m\u00e1s destacar\u00eda de ellos, es su transparencia en la operaci\u00f3n, la pulcritud en los horarios de despacho y su capacidad para solucionar problemas de manera eficiente\u201d.<\/p>\n<p style=\"text-align: justify;\">Uno de los servicios que Schwarzenberg destaca, fue la implementaci\u00f3n de una log\u00edstica de entrada automatizada (just in time) para su materia prima. Hans a\u00f1ade: \u201cSILO nos permiti\u00f3 recibir, acopiar y trasvasar sacos de materia prima a nuestros silos de almacenaje. Esto fue crucial ya que nuestras instalaciones ten\u00edan limitaciones de espacio, y SILO proporcion\u00f3 un servicio eficiente de resguardo, manejo y despacho de materiales. Este proceso ha reducido las mermas y ha hecho nuestra operaci\u00f3n m\u00e1s fluida, optimizando as\u00ed los costos y tiempos\u201d, asegur\u00f3.<\/p>\n<p style=\"text-align: justify;\">Otro testimonio viene de Tom\u00e1s Vigouroux, Gerente de Administraci\u00f3n y Finanzas de Envases CMF, empresa que trabaja con SILO desde el 2019, quien coment\u00f3: \u201cNosotros comenzamos a trabajar con Silo Log\u00edstica buscando una soluci\u00f3n m\u00e1s eficiente para la log\u00edstica de nuestras operaciones, que estaban siendo gestionadas desde Santiago. La ubicaci\u00f3n estrat\u00e9gica de SILO en Casablanca result\u00f3 ser ideal para nuestras necesidades, ya que facilita la recepci\u00f3n y devoluci\u00f3n de contenedores desde los puertos de Valpara\u00edso y San Antonio, reduciendo costos significativos asociados al transporte y manejo de contenedores\u201d.<\/p>\n<p style=\"text-align: justify;\">Vigouroux, destac\u00f3 c\u00f3mo Silo Log\u00edstica se adapt\u00f3 y gestion\u00f3 durante la pandemia la descarga de materias primas desde China a un sistema de barcos break bulk. Este sistema implicaba recibir cargas sueltas en lugar de contenedores, acumulando la demanda de varios meses en un solo buque, lo que requer\u00eda una descarga r\u00e1pida y eficiente desde el puerto de Valpara\u00edso para evitar costos adicionales.<\/p>\n<p style=\"text-align: justify;\">\u201cFue una operaci\u00f3n que requiri\u00f3 una coordinaci\u00f3n precisa y eficiente ya que correspond\u00eda a una carga entre 8.000 y 10.000 toneladas, SILO demostr\u00f3 su capacidad para adaptarse r\u00e1pidamente, ampliando sus instalaciones y ajustando sus procesos para manejar grandes vol\u00famenes de carga de manera efectiva\u201d, valor\u00f3 el Gerente de Administraci\u00f3n y Finanzas de Envases CMF.<\/p>\n<h3 style=\"text-align: justify;\">UNA VISI\u00d3N SOSTENIBLE<\/h3>\n<p style=\"text-align: justify;\">En estos 15 a\u00f1os, Silo Log\u00edstica ha demostrado que la dedicaci\u00f3n, la innovaci\u00f3n y la flexibilidad son claves para el \u00e9xito. Su capacidad para adaptarse a las necesidades de sus clientes y ofrecer soluciones personalizadas ha sido fundamental para su crecimiento y reputaci\u00f3n en la industria. Con una visi\u00f3n clara hacia el futuro, Silo Log\u00edstica contin\u00faa avanzando, comprometi\u00e9ndose a seguir siendo un socio estrat\u00e9gico para sus clientes y un l\u00edder en el campo de la log\u00edstica integral.<\/p>\n<p style=\"text-align: justify;\">\u201cMirando hacia el futuro, buscamos que Silo Log\u00edstica siga expandiendo su alcance y profundizando su compromiso con la calidad del servicio, simplificando la log\u00edstica, haci\u00e9ndola m\u00e1s eficiente y cercana para nuestros clientes, y poder seguir fomentando una colaboraci\u00f3n que propicie beneficios mutuos duraderos\u201d, destac\u00f3 el Gerente Comercial de Silo Log\u00edstica, Guillermo Undurraga T.<\/p>\n<p style=\"text-align: justify;\">A su vez, el Gerente de Operaciones de Silo Log\u00edstica, Jos\u00e9 Joaqu\u00edn Undurraga, resalt\u00f3 la importancia de seguir apuntando a la sostenibilidad de la industria y del negocio, \u201cHoy nuestros focos principales en \u00e1mbitos de sostenibilidad han estado puestos en la optimizaci\u00f3n de procesos log\u00edsticos para nuestros clientes, en acercar la log\u00edstica a centros educacionales de la regi\u00f3n, como tambi\u00e9n en la gesti\u00f3n de residuos, generando alianzas para el desarrollo local y siendo parte de programas como \u201cCero P\u00e9rdida de Pellets\u201d de la Asociaci\u00f3n Gremial del Pl\u00e1sticos (ASIPLA), entre muchas otras. Sin embargo, queremos seguir profundizando e ir m\u00e1s all\u00e1\u201d.<\/p>\n<p style=\"text-align: justify;\">En conclusi\u00f3n, la historia de Silo Log\u00edstica es un testimonio de c\u00f3mo una empresa familiar puede convertirse en un referente en su sector a trav\u00e9s de la innovaci\u00f3n, la calidad y el compromiso no solo con sus clientes, sino que con sus grupos de inter\u00e9s.<\/p>\n<p style=\"text-align: justify;\">A medida que la empresa celebra su decimoquinto aniversario, contin\u00faa mirando hacia el futuro con la misma pasi\u00f3n y dedicaci\u00f3n que ha guiado su trayectoria hasta ahora. Con un enfoque en la satisfacci\u00f3n al cliente, la excelencia operacional y la sostenibilidad, SILO reafirma su compromiso de dar un servicio a medida e integral porque, as\u00ed como cada negocio es \u00fanico, su log\u00edstica tambi\u00e9n lo es.<\/p>\n","protected":false},"excerpt":{"rendered":"<p style=\"text-align: justify;\">Celebrando 15 a\u00f1os de excelencia en el sector log\u00edstico, SILO se ha convertido en un referente clave en la log\u00edstica asociada al comercio exterior en Chile. Desde sus inicios, la empresa ha trabajado arduamente para proporcionar soluciones log\u00edsticas \u00e1giles y eficientes que se adapten a las necesidades espec\u00edficas de cada cliente. Esta dedicaci\u00f3n y compromiso le ha permitido posicionarse como un actor relevante y competitivo en el mercado.<\/p>\n<p><figure><figcaption>Escucha el Art\u00edculo Aqu\u00ed:<\/figcaption><audio controls src=\"https:\/\/www.revistalogistec.com\/audios_articulos\/edicion_142\/logistec_proveedores_ed142_silo.mp3\"><br \/>\n    <a href=\"https:\/\/www.revistalogistec.com\/audios_articulos\/edicion_142\/logistec_proveedores_ed142_silo.mp3\"> Download audio <\/a><br \/>\n  <\/audio><br \/>\n<\/figure><\/p>\n","protected":false},"author":1,"featured_media":15203,"comment_status":"open","ping_status":"open","sticky":false,"template":"","format":"standard","meta":{"_acf_changed":false,"jnews-multi-image_gallery":[],"jnews_single_post":[],"jnews_primary_category":[],"jnews_social_meta":[],"jnews_override_counter":[],"footnotes":""},"categories":[70],"tags":[],"class_list":["post-15206","post","type-post","status-publish","format-standard","has-post-thumbnail","hentry","category-proveedores-estrategicos"],"acf":[],"yoast_head":"<!-- This site is optimized with the Yoast SEO plugin v27.2 - https:\/\/yoast.com\/product\/yoast-seo-wordpress\/ -->\n<title>TU NEGOCIO ES \u00daNICO Y TU LOG\u00cdSTICA TAMBI\u00c9N: 15 A\u00d1OS DE SILO LOG\u00cdSTICA BRINDANDO UN SERVICIO INTEGRAL - Revista Logistec<\/title>\n<meta name=\"robots\" content=\"index, follow, max-snippet:-1, max-image-preview:large, max-video-preview:-1\" \/>\n<link rel=\"canonical\" href=\"https:\/\/www.revistalogistec.com\/index.php\/2024\/06\/16\/tu-negocio-es-unico-y-tu-logistica-tambien-15-anos-de-silo-logistica-brindando-un-servicio-integral\/\" \/>\n<meta property=\"og:locale\" content=\"es_ES\" \/>\n<meta property=\"og:type\" content=\"article\" \/>\n<meta property=\"og:title\" content=\"TU NEGOCIO ES \u00daNICO Y TU LOG\u00cdSTICA TAMBI\u00c9N: 15 A\u00d1OS DE SILO LOG\u00cdSTICA BRINDANDO UN SERVICIO INTEGRAL - Revista Logistec\" \/>\n<meta property=\"og:description\" content=\"Celebrando 15 a\u00f1os de excelencia en el sector log\u00edstico, SILO se ha convertido en un referente clave en la log\u00edstica asociada al comercio exterior en Chile. Desde sus inicios, la empresa ha trabajado arduamente para proporcionar soluciones log\u00edsticas \u00e1giles y eficientes que se adapten a las necesidades espec\u00edficas de cada cliente. Esta dedicaci\u00f3n y compromiso le ha permitido posicionarse como un actor relevante y competitivo en el mercado.   Escucha el Art\u00edculo Aqu\u00ed:      Download audio\" \/>\n<meta property=\"og:url\" content=\"https:\/\/www.revistalogistec.com\/index.php\/2024\/06\/16\/tu-negocio-es-unico-y-tu-logistica-tambien-15-anos-de-silo-logistica-brindando-un-servicio-integral\/\" \/>\n<meta property=\"og:site_name\" content=\"Revista Logistec\" \/>\n<meta property=\"article:published_time\" content=\"2024-06-16T17:23:33+00:00\" \/>\n<meta property=\"og:image\" content=\"https:\/\/www.revistalogistec.com\/wp-content\/uploads\/2024\/06\/silo_ed142_logistec_equipo.jpg\" \/>\n\t<meta property=\"og:image:width\" content=\"850\" \/>\n\t<meta property=\"og:image:height\" content=\"530\" \/>\n\t<meta property=\"og:image:type\" content=\"image\/jpeg\" \/>\n<meta name=\"author\" content=\"admin\" \/>\n<meta name=\"twitter:card\" content=\"summary_large_image\" \/>\n<meta name=\"twitter:label1\" content=\"Escrito por\" \/>\n\t<meta name=\"twitter:data1\" content=\"admin\" \/>\n\t<meta name=\"twitter:label2\" content=\"Tiempo de lectura\" \/>\n\t<meta name=\"twitter:data2\" content=\"7 minutos\" \/>\n<script type=\"application\/ld+json\" class=\"yoast-schema-graph\">{\"@context\":\"https:\/\/schema.org\",\"@graph\":[{\"@type\":\"Article\",\"@id\":\"https:\/\/www.revistalogistec.com\/index.php\/2024\/06\/16\/tu-negocio-es-unico-y-tu-logistica-tambien-15-anos-de-silo-logistica-brindando-un-servicio-integral\/#article\",\"isPartOf\":{\"@id\":\"https:\/\/www.revistalogistec.com\/index.php\/2024\/06\/16\/tu-negocio-es-unico-y-tu-logistica-tambien-15-anos-de-silo-logistica-brindando-un-servicio-integral\/\"},\"author\":{\"name\":\"admin\",\"@id\":\"https:\/\/www.revistalogistec.com\/#\/schema\/person\/b25cced65507282f3fc6eb806b1db4f0\"},\"headline\":\"TU NEGOCIO ES \u00daNICO Y TU LOG\u00cdSTICA TAMBI\u00c9N: 15 A\u00d1OS DE SILO LOG\u00cdSTICA BRINDANDO UN SERVICIO INTEGRAL\",\"datePublished\":\"2024-06-16T17:23:33+00:00\",\"mainEntityOfPage\":{\"@id\":\"https:\/\/www.revistalogistec.com\/index.php\/2024\/06\/16\/tu-negocio-es-unico-y-tu-logistica-tambien-15-anos-de-silo-logistica-brindando-un-servicio-integral\/\"},\"wordCount\":1473,\"commentCount\":0,\"image\":{\"@id\":\"https:\/\/www.revistalogistec.com\/index.php\/2024\/06\/16\/tu-negocio-es-unico-y-tu-logistica-tambien-15-anos-de-silo-logistica-brindando-un-servicio-integral\/#primaryimage\"},\"thumbnailUrl\":\"https:\/\/www.revistalogistec.com\/wp-content\/uploads\/2024\/06\/silo_ed142_logistec_equipo.jpg\",\"articleSection\":[\"PROVEEDORES ESTRAT\u00c9GICOS\"],\"inLanguage\":\"es\"},{\"@type\":\"WebPage\",\"@id\":\"https:\/\/www.revistalogistec.com\/index.php\/2024\/06\/16\/tu-negocio-es-unico-y-tu-logistica-tambien-15-anos-de-silo-logistica-brindando-un-servicio-integral\/\",\"url\":\"https:\/\/www.revistalogistec.com\/index.php\/2024\/06\/16\/tu-negocio-es-unico-y-tu-logistica-tambien-15-anos-de-silo-logistica-brindando-un-servicio-integral\/\",\"name\":\"TU NEGOCIO ES \u00daNICO Y TU LOG\u00cdSTICA TAMBI\u00c9N: 15 A\u00d1OS DE SILO LOG\u00cdSTICA BRINDANDO UN SERVICIO INTEGRAL - Revista Logistec\",\"isPartOf\":{\"@id\":\"https:\/\/www.revistalogistec.com\/#website\"},\"primaryImageOfPage\":{\"@id\":\"https:\/\/www.revistalogistec.com\/index.php\/2024\/06\/16\/tu-negocio-es-unico-y-tu-logistica-tambien-15-anos-de-silo-logistica-brindando-un-servicio-integral\/#primaryimage\"},\"image\":{\"@id\":\"https:\/\/www.revistalogistec.com\/index.php\/2024\/06\/16\/tu-negocio-es-unico-y-tu-logistica-tambien-15-anos-de-silo-logistica-brindando-un-servicio-integral\/#primaryimage\"},\"thumbnailUrl\":\"https:\/\/www.revistalogistec.com\/wp-content\/uploads\/2024\/06\/silo_ed142_logistec_equipo.jpg\",\"datePublished\":\"2024-06-16T17:23:33+00:00\",\"author\":{\"@id\":\"https:\/\/www.revistalogistec.com\/#\/schema\/person\/b25cced65507282f3fc6eb806b1db4f0\"},\"breadcrumb\":{\"@id\":\"https:\/\/www.revistalogistec.com\/index.php\/2024\/06\/16\/tu-negocio-es-unico-y-tu-logistica-tambien-15-anos-de-silo-logistica-brindando-un-servicio-integral\/#breadcrumb\"},\"inLanguage\":\"es\",\"potentialAction\":[{\"@type\":\"ReadAction\",\"target\":[\"https:\/\/www.revistalogistec.com\/index.php\/2024\/06\/16\/tu-negocio-es-unico-y-tu-logistica-tambien-15-anos-de-silo-logistica-brindando-un-servicio-integral\/\"]}]},{\"@type\":\"ImageObject\",\"inLanguage\":\"es\",\"@id\":\"https:\/\/www.revistalogistec.com\/index.php\/2024\/06\/16\/tu-negocio-es-unico-y-tu-logistica-tambien-15-anos-de-silo-logistica-brindando-un-servicio-integral\/#primaryimage\",\"url\":\"https:\/\/www.revistalogistec.com\/wp-content\/uploads\/2024\/06\/silo_ed142_logistec_equipo.jpg\",\"contentUrl\":\"https:\/\/www.revistalogistec.com\/wp-content\/uploads\/2024\/06\/silo_ed142_logistec_equipo.jpg\",\"width\":850,\"height\":530},{\"@type\":\"BreadcrumbList\",\"@id\":\"https:\/\/www.revistalogistec.com\/index.php\/2024\/06\/16\/tu-negocio-es-unico-y-tu-logistica-tambien-15-anos-de-silo-logistica-brindando-un-servicio-integral\/#breadcrumb\",\"itemListElement\":[{\"@type\":\"ListItem\",\"position\":1,\"name\":\"Portada\",\"item\":\"https:\/\/www.revistalogistec.com\/\"},{\"@type\":\"ListItem\",\"position\":2,\"name\":\"TU NEGOCIO ES \u00daNICO Y TU LOG\u00cdSTICA TAMBI\u00c9N: 15 A\u00d1OS DE SILO LOG\u00cdSTICA BRINDANDO UN SERVICIO INTEGRAL\"}]},{\"@type\":\"WebSite\",\"@id\":\"https:\/\/www.revistalogistec.com\/#website\",\"url\":\"https:\/\/www.revistalogistec.com\/\",\"name\":\"Revista Logistec\",\"description\":\"\",\"potentialAction\":[{\"@type\":\"SearchAction\",\"target\":{\"@type\":\"EntryPoint\",\"urlTemplate\":\"https:\/\/www.revistalogistec.com\/?s={search_term_string}\"},\"query-input\":{\"@type\":\"PropertyValueSpecification\",\"valueRequired\":true,\"valueName\":\"search_term_string\"}}],\"inLanguage\":\"es\"},{\"@type\":\"Person\",\"@id\":\"https:\/\/www.revistalogistec.com\/#\/schema\/person\/b25cced65507282f3fc6eb806b1db4f0\",\"name\":\"admin\",\"image\":{\"@type\":\"ImageObject\",\"inLanguage\":\"es\",\"@id\":\"https:\/\/secure.gravatar.com\/avatar\/94631f712dee24b50f2f12a7caf62df22b2c346945fcff655ce85b674bebf6fd?s=96&d=mm&r=g\",\"url\":\"https:\/\/secure.gravatar.com\/avatar\/94631f712dee24b50f2f12a7caf62df22b2c346945fcff655ce85b674bebf6fd?s=96&d=mm&r=g\",\"contentUrl\":\"https:\/\/secure.gravatar.com\/avatar\/94631f712dee24b50f2f12a7caf62df22b2c346945fcff655ce85b674bebf6fd?s=96&d=mm&r=g\",\"caption\":\"admin\"},\"sameAs\":[\"https:\/\/www.revistalogistec.com\"],\"url\":\"https:\/\/www.revistalogistec.com\/index.php\/author\/admin_revlog\/\"}]}<\/script>\n<!-- \/ Yoast SEO plugin. -->","yoast_head_json":{"title":"TU NEGOCIO ES \u00daNICO Y TU LOG\u00cdSTICA TAMBI\u00c9N: 15 A\u00d1OS DE SILO LOG\u00cdSTICA BRINDANDO UN SERVICIO INTEGRAL - Revista Logistec","robots":{"index":"index","follow":"follow","max-snippet":"max-snippet:-1","max-image-preview":"max-image-preview:large","max-video-preview":"max-video-preview:-1"},"canonical":"https:\/\/www.revistalogistec.com\/index.php\/2024\/06\/16\/tu-negocio-es-unico-y-tu-logistica-tambien-15-anos-de-silo-logistica-brindando-un-servicio-integral\/","og_locale":"es_ES","og_type":"article","og_title":"TU NEGOCIO ES \u00daNICO Y TU LOG\u00cdSTICA TAMBI\u00c9N: 15 A\u00d1OS DE SILO LOG\u00cdSTICA BRINDANDO UN SERVICIO INTEGRAL - Revista Logistec","og_description":"Celebrando 15 a\u00f1os de excelencia en el sector log\u00edstico, SILO se ha convertido en un referente clave en la log\u00edstica asociada al comercio exterior en Chile. Desde sus inicios, la empresa ha trabajado arduamente para proporcionar soluciones log\u00edsticas \u00e1giles y eficientes que se adapten a las necesidades espec\u00edficas de cada cliente. Esta dedicaci\u00f3n y compromiso le ha permitido posicionarse como un actor relevante y competitivo en el mercado.   Escucha el Art\u00edculo Aqu\u00ed:      Download audio","og_url":"https:\/\/www.revistalogistec.com\/index.php\/2024\/06\/16\/tu-negocio-es-unico-y-tu-logistica-tambien-15-anos-de-silo-logistica-brindando-un-servicio-integral\/","og_site_name":"Revista Logistec","article_published_time":"2024-06-16T17:23:33+00:00","og_image":[{"width":850,"height":530,"url":"https:\/\/www.revistalogistec.com\/wp-content\/uploads\/2024\/06\/silo_ed142_logistec_equipo.jpg","type":"image\/jpeg"}],"author":"admin","twitter_card":"summary_large_image","twitter_misc":{"Escrito por":"admin","Tiempo de lectura":"7 minutos"},"schema":{"@context":"https:\/\/schema.org","@graph":[{"@type":"Article","@id":"https:\/\/www.revistalogistec.com\/index.php\/2024\/06\/16\/tu-negocio-es-unico-y-tu-logistica-tambien-15-anos-de-silo-logistica-brindando-un-servicio-integral\/#article","isPartOf":{"@id":"https:\/\/www.revistalogistec.com\/index.php\/2024\/06\/16\/tu-negocio-es-unico-y-tu-logistica-tambien-15-anos-de-silo-logistica-brindando-un-servicio-integral\/"},"author":{"name":"admin","@id":"https:\/\/www.revistalogistec.com\/#\/schema\/person\/b25cced65507282f3fc6eb806b1db4f0"},"headline":"TU NEGOCIO ES \u00daNICO Y TU LOG\u00cdSTICA TAMBI\u00c9N: 15 A\u00d1OS DE SILO LOG\u00cdSTICA BRINDANDO UN SERVICIO INTEGRAL","datePublished":"2024-06-16T17:23:33+00:00","mainEntityOfPage":{"@id":"https:\/\/www.revistalogistec.com\/index.php\/2024\/06\/16\/tu-negocio-es-unico-y-tu-logistica-tambien-15-anos-de-silo-logistica-brindando-un-servicio-integral\/"},"wordCount":1473,"commentCount":0,"image":{"@id":"https:\/\/www.revistalogistec.com\/index.php\/2024\/06\/16\/tu-negocio-es-unico-y-tu-logistica-tambien-15-anos-de-silo-logistica-brindando-un-servicio-integral\/#primaryimage"},"thumbnailUrl":"https:\/\/www.revistalogistec.com\/wp-content\/uploads\/2024\/06\/silo_ed142_logistec_equipo.jpg","articleSection":["PROVEEDORES ESTRAT\u00c9GICOS"],"inLanguage":"es"},{"@type":"WebPage","@id":"https:\/\/www.revistalogistec.com\/index.php\/2024\/06\/16\/tu-negocio-es-unico-y-tu-logistica-tambien-15-anos-de-silo-logistica-brindando-un-servicio-integral\/","url":"https:\/\/www.revistalogistec.com\/index.php\/2024\/06\/16\/tu-negocio-es-unico-y-tu-logistica-tambien-15-anos-de-silo-logistica-brindando-un-servicio-integral\/","name":"TU NEGOCIO ES \u00daNICO Y TU LOG\u00cdSTICA TAMBI\u00c9N: 15 A\u00d1OS DE SILO LOG\u00cdSTICA BRINDANDO UN SERVICIO INTEGRAL - Revista Logistec","isPartOf":{"@id":"https:\/\/www.revistalogistec.com\/#website"},"primaryImageOfPage":{"@id":"https:\/\/www.revistalogistec.com\/index.php\/2024\/06\/16\/tu-negocio-es-unico-y-tu-logistica-tambien-15-anos-de-silo-logistica-brindando-un-servicio-integral\/#primaryimage"},"image":{"@id":"https:\/\/www.revistalogistec.com\/index.php\/2024\/06\/16\/tu-negocio-es-unico-y-tu-logistica-tambien-15-anos-de-silo-logistica-brindando-un-servicio-integral\/#primaryimage"},"thumbnailUrl":"https:\/\/www.revistalogistec.com\/wp-content\/uploads\/2024\/06\/silo_ed142_logistec_equipo.jpg","datePublished":"2024-06-16T17:23:33+00:00","author":{"@id":"https:\/\/www.revistalogistec.com\/#\/schema\/person\/b25cced65507282f3fc6eb806b1db4f0"},"breadcrumb":{"@id":"https:\/\/www.revistalogistec.com\/index.php\/2024\/06\/16\/tu-negocio-es-unico-y-tu-logistica-tambien-15-anos-de-silo-logistica-brindando-un-servicio-integral\/#breadcrumb"},"inLanguage":"es","potentialAction":[{"@type":"ReadAction","target":["https:\/\/www.revistalogistec.com\/index.php\/2024\/06\/16\/tu-negocio-es-unico-y-tu-logistica-tambien-15-anos-de-silo-logistica-brindando-un-servicio-integral\/"]}]},{"@type":"ImageObject","inLanguage":"es","@id":"https:\/\/www.revistalogistec.com\/index.php\/2024\/06\/16\/tu-negocio-es-unico-y-tu-logistica-tambien-15-anos-de-silo-logistica-brindando-un-servicio-integral\/#primaryimage","url":"https:\/\/www.revistalogistec.com\/wp-content\/uploads\/2024\/06\/silo_ed142_logistec_equipo.jpg","contentUrl":"https:\/\/www.revistalogistec.com\/wp-content\/uploads\/2024\/06\/silo_ed142_logistec_equipo.jpg","width":850,"height":530},{"@type":"BreadcrumbList","@id":"https:\/\/www.revistalogistec.com\/index.php\/2024\/06\/16\/tu-negocio-es-unico-y-tu-logistica-tambien-15-anos-de-silo-logistica-brindando-un-servicio-integral\/#breadcrumb","itemListElement":[{"@type":"ListItem","position":1,"name":"Portada","item":"https:\/\/www.revistalogistec.com\/"},{"@type":"ListItem","position":2,"name":"TU NEGOCIO ES \u00daNICO Y TU LOG\u00cdSTICA TAMBI\u00c9N: 15 A\u00d1OS DE SILO LOG\u00cdSTICA BRINDANDO UN SERVICIO INTEGRAL"}]},{"@type":"WebSite","@id":"https:\/\/www.revistalogistec.com\/#website","url":"https:\/\/www.revistalogistec.com\/","name":"Revista Logistec","description":"","potentialAction":[{"@type":"SearchAction","target":{"@type":"EntryPoint","urlTemplate":"https:\/\/www.revistalogistec.com\/?s={search_term_string}"},"query-input":{"@type":"PropertyValueSpecification","valueRequired":true,"valueName":"search_term_string"}}],"inLanguage":"es"},{"@type":"Person","@id":"https:\/\/www.revistalogistec.com\/#\/schema\/person\/b25cced65507282f3fc6eb806b1db4f0","name":"admin","image":{"@type":"ImageObject","inLanguage":"es","@id":"https:\/\/secure.gravatar.com\/avatar\/94631f712dee24b50f2f12a7caf62df22b2c346945fcff655ce85b674bebf6fd?s=96&d=mm&r=g","url":"https:\/\/secure.gravatar.com\/avatar\/94631f712dee24b50f2f12a7caf62df22b2c346945fcff655ce85b674bebf6fd?s=96&d=mm&r=g","contentUrl":"https:\/\/secure.gravatar.com\/avatar\/94631f712dee24b50f2f12a7caf62df22b2c346945fcff655ce85b674bebf6fd?s=96&d=mm&r=g","caption":"admin"},"sameAs":["https:\/\/www.revistalogistec.com"],"url":"https:\/\/www.revistalogistec.com\/index.php\/author\/admin_revlog\/"}]}},"_links":{"self":[{"href":"https:\/\/www.revistalogistec.com\/index.php\/wp-json\/wp\/v2\/posts\/15206","targetHints":{"allow":["GET"]}}],"collection":[{"href":"https:\/\/www.revistalogistec.com\/index.php\/wp-json\/wp\/v2\/posts"}],"about":[{"href":"https:\/\/www.revistalogistec.com\/index.php\/wp-json\/wp\/v2\/types\/post"}],"author":[{"embeddable":true,"href":"https:\/\/www.revistalogistec.com\/index.php\/wp-json\/wp\/v2\/users\/1"}],"replies":[{"embeddable":true,"href":"https:\/\/www.revistalogistec.com\/index.php\/wp-json\/wp\/v2\/comments?post=15206"}],"version-history":[{"count":0,"href":"https:\/\/www.revistalogistec.com\/index.php\/wp-json\/wp\/v2\/posts\/15206\/revisions"}],"wp:featuredmedia":[{"embeddable":true,"href":"https:\/\/www.revistalogistec.com\/index.php\/wp-json\/wp\/v2\/media\/15203"}],"wp:attachment":[{"href":"https:\/\/www.revistalogistec.com\/index.php\/wp-json\/wp\/v2\/media?parent=15206"}],"wp:term":[{"taxonomy":"category","embeddable":true,"href":"https:\/\/www.revistalogistec.com\/index.php\/wp-json\/wp\/v2\/categories?post=15206"},{"taxonomy":"post_tag","embeddable":true,"href":"https:\/\/www.revistalogistec.com\/index.php\/wp-json\/wp\/v2\/tags?post=15206"}],"curies":[{"name":"wp","href":"https:\/\/api.w.org\/{rel}","templated":true}]}}