{"id":15458,"date":"2024-06-19T16:01:20","date_gmt":"2024-06-19T16:01:20","guid":{"rendered":"https:\/\/www.revistalogistec.com\/index.php\/2024\/06\/19\/la-inteligencia-artificial-empieza-a-conquistar-a-las-cadenas-de-suministro\/"},"modified":"2024-06-19T16:01:20","modified_gmt":"2024-06-19T16:01:20","slug":"la-inteligencia-artificial-empieza-a-conquistar-a-las-cadenas-de-suministro","status":"publish","type":"post","link":"https:\/\/www.revistalogistec.com\/index.php\/2024\/06\/19\/la-inteligencia-artificial-empieza-a-conquistar-a-las-cadenas-de-suministro\/","title":{"rendered":"LA INTELIGENCIA ARTIFICIAL EMPIEZA A CONQUISTAR A LAS CADENAS DE SUMINISTRO"},"content":{"rendered":"<p style=\"text-align: justify;\"><strong><em>*Por Ariel Abramoff, CEO de Simbuy.<\/em><\/strong><\/p>\n<p style=\"text-align: justify;\">En un mundo impulsado por la innovaci\u00f3n, atado a la inmediatez y empujado por la globalizaci\u00f3n, se necesita un m\u00e9todo de adaptaci\u00f3n constante para la cadena de suministro, donde las nuevas tendencias digitales como la inteligencia artificial se avizoran en el horizonte del negocio.<\/p>\n<p style=\"text-align: justify;\">Seg\u00fan la consultora Gartner, el <strong>50% de las organizaciones relacionadas a la cadena de suministro invertir\u00e1 en aplicaciones y an\u00e1lisis avanzados basados en IA durante el 2024<\/strong>. Este indicador nos permite afirmar que el presente y futuro de cada eslab\u00f3n de nuestra <em>supply chain <\/em>estar\u00e1 influido por un proceso digital o de inteligencia artificial.<\/p>\n<p style=\"text-align: justify;\">En este sentido, la digitalizaci\u00f3n a trav\u00e9s de la IA ofrece una visi\u00f3n sin precedentes de toda la cadena de suministro, desde las materias primas hasta los productos terminados, permitiendo an\u00e1lisis predictivos, b\u00fasqueda de proveedores y gesti\u00f3n de presupuestos en tiempo real, ahorrando hasta un 45% en costos. <strong>Y parte de esta revoluci\u00f3n de IA la est\u00e1n liderando las startups y las PYMES, <\/strong>que hoy juegan un papel fundamental para las grandes empresas que buscan eficientizar procesos y automatizar tareas, por ejemplo, en los departamentos de compras, donde existe <strong>un gap muy claro entre oferta y demanda y una necesidad muy grande de centralizar la informaci\u00f3n.<\/strong><\/p>\n<p style=\"text-align: justify;\">Sin embargo, este cambio hacia la IA tambi\u00e9n plantea desaf\u00edos significativos porque no cualquier empresa est\u00e1 capacitada para aplicar inteligencia artificial in house y a medida sus necesidades. La implementaci\u00f3n exitosa de soluciones impulsadas por IA requiere una gran cantidad de datos estructurados y procesables, lo que puede ser un desaf\u00edo para muchas organizaciones, tanto en tiempo como en dinero.<\/p>\n<p style=\"text-align: justify;\"><strong>No es casualidad que la compa\u00f1\u00eda tecnol\u00f3gica estadounidense Cisco haya anunciado hace unas semanas que invertir\u00e1 1.000 millones de d\u00f3lares en iniciativas de inteligencia artificial <\/strong>e impulsando a startups que utilicen IA generativa para soluciones de todo tipo. Entre ellas, las relacionadas a la cadena de suministro.<\/p>\n<p style=\"text-align: justify;\">Retomando esta idea de c\u00f3mo los decisores en \u00e1reas de compras pueden verse beneficiados por la digitalizaci\u00f3n de sus tareas, <strong>las startups que hoy desarrollan soluciones IA se han convertido en el epicentro de esta transformaci\u00f3n hacia lo que se ha denominado \u201cLog\u00edstica 4.0\u201d<\/strong>. Seg\u00fan la OBS Business School, este t\u00e9rmino se refiere a crear redes de suministro m\u00e1s \u00e1giles, eficientes y adaptativas, capaces de responder r\u00e1pidamente a las demandas del mercado y de satisfacer las expectativas crecientes de los clientes.<\/p>\n<p style=\"text-align: justify;\">Y en este contexto de agilidad, capacidad de responder r\u00e1pido y ahorrar grandes costos, hoy las grandes corporaciones ven con buenos ojos inclinarse por los emprendimientos y startups que utilizan IA generativa. Esta \u00faltima se refiere a un tipo de inteligencia artificial que puede<\/p>\n<p style=\"text-align: justify;\">crear ideas y contenidos nuevos, como conversaciones, historias, im\u00e1genes, videos y m\u00fasica, y aplicarlas en todas las l\u00edneas de negocio.<\/p>\n<p style=\"text-align: justify;\">Una encuesta de Deloitte (2023) a m\u00e1s de 350 Directores de Producto (CPO) de 40 pa\u00edses, indic\u00f3 que el 70% de los entrevistados reconocen que el riesgo relacionado con las compras y la interrupci\u00f3n de la cadena de suministro ha aumentado en los \u00faltimos 12 meses. Y esto se debe a la falta de herramientas para supervisar continuamente los factores de riesgo externos, procesar gran cantidad de datos y realizar an\u00e1lisis avanzados para predecir\/prescribir indicadores clave de riesgo y gesti\u00f3n preventiva. La IA Generativa agregar\u00eda un valor enorme al ofrecer informaci\u00f3n procesada de forma inmediata basada en tendencias hist\u00f3ricas, perfiles de demanda, rendimiento de los proveedores y que pueda ser cruzada con datos internos y externos para elaborar mejores estrategias de negociaci\u00f3n.<\/p>\n<p style=\"text-align: justify;\">Por lo tanto, la idea de apostar por startups o emprendimientos especializados en IA Generativa, con gran capacidad para pensar fuera de la caja, tener ideas frescas y adaptarse r\u00e1pidamente a los cambios del mercado puede ser un factor primordial para multiempresas que buscan mantenerse competitivas en un entorno empresarial en constante evoluci\u00f3n.<\/p>\n","protected":false},"excerpt":{"rendered":"<p style=\"text-align: justify;\"><strong><em>*Por Ariel Abramoff, CEO de Simbuy.<\/em><\/strong><\/p>\n","protected":false},"author":48296,"featured_media":15456,"comment_status":"open","ping_status":"open","sticky":false,"template":"","format":"standard","meta":{"_acf_changed":false,"jnews-multi-image_gallery":[],"jnews_single_post":[],"jnews_primary_category":[],"jnews_social_meta":[],"jnews_override_counter":[],"footnotes":""},"categories":[12],"tags":[],"class_list":["post-15458","post","type-post","status-publish","format-standard","has-post-thumbnail","hentry","category-noticias-industria"],"acf":[],"yoast_head":"<!-- This site is optimized with the Yoast SEO plugin v27.2 - https:\/\/yoast.com\/product\/yoast-seo-wordpress\/ -->\n<title>LA INTELIGENCIA ARTIFICIAL EMPIEZA A CONQUISTAR A LAS CADENAS DE SUMINISTRO - Revista Logistec<\/title>\n<meta name=\"robots\" content=\"index, follow, max-snippet:-1, max-image-preview:large, max-video-preview:-1\" \/>\n<link rel=\"canonical\" href=\"https:\/\/www.revistalogistec.com\/index.php\/2024\/06\/19\/la-inteligencia-artificial-empieza-a-conquistar-a-las-cadenas-de-suministro\/\" \/>\n<meta property=\"og:locale\" content=\"es_ES\" \/>\n<meta property=\"og:type\" content=\"article\" \/>\n<meta property=\"og:title\" content=\"LA INTELIGENCIA ARTIFICIAL EMPIEZA A CONQUISTAR A LAS CADENAS DE SUMINISTRO - Revista Logistec\" \/>\n<meta property=\"og:description\" content=\"*Por Ariel Abramoff, CEO de Simbuy.\" \/>\n<meta property=\"og:url\" content=\"https:\/\/www.revistalogistec.com\/index.php\/2024\/06\/19\/la-inteligencia-artificial-empieza-a-conquistar-a-las-cadenas-de-suministro\/\" \/>\n<meta property=\"og:site_name\" content=\"Revista Logistec\" \/>\n<meta property=\"article:published_time\" content=\"2024-06-19T16:01:20+00:00\" \/>\n<meta property=\"og:image\" content=\"https:\/\/www.revistalogistec.com\/wp-content\/uploads\/2024\/06\/Ariel_Abramoff.jpg\" \/>\n\t<meta property=\"og:image:width\" content=\"850\" \/>\n\t<meta property=\"og:image:height\" content=\"567\" \/>\n\t<meta property=\"og:image:type\" content=\"image\/jpeg\" \/>\n<meta name=\"author\" content=\"Paula Cortes\" \/>\n<meta name=\"twitter:card\" content=\"summary_large_image\" \/>\n<meta name=\"twitter:label1\" content=\"Escrito por\" \/>\n\t<meta name=\"twitter:data1\" content=\"Paula Cortes\" \/>\n\t<meta name=\"twitter:label2\" content=\"Tiempo de lectura\" \/>\n\t<meta name=\"twitter:data2\" content=\"3 minutos\" \/>\n<script type=\"application\/ld+json\" class=\"yoast-schema-graph\">{\"@context\":\"https:\/\/schema.org\",\"@graph\":[{\"@type\":\"Article\",\"@id\":\"https:\/\/www.revistalogistec.com\/index.php\/2024\/06\/19\/la-inteligencia-artificial-empieza-a-conquistar-a-las-cadenas-de-suministro\/#article\",\"isPartOf\":{\"@id\":\"https:\/\/www.revistalogistec.com\/index.php\/2024\/06\/19\/la-inteligencia-artificial-empieza-a-conquistar-a-las-cadenas-de-suministro\/\"},\"author\":{\"name\":\"Paula Cortes\",\"@id\":\"https:\/\/www.revistalogistec.com\/#\/schema\/person\/6ebda24bed8ddfc6f5e848ee539184e5\"},\"headline\":\"LA INTELIGENCIA ARTIFICIAL EMPIEZA A CONQUISTAR A LAS CADENAS DE SUMINISTRO\",\"datePublished\":\"2024-06-19T16:01:20+00:00\",\"mainEntityOfPage\":{\"@id\":\"https:\/\/www.revistalogistec.com\/index.php\/2024\/06\/19\/la-inteligencia-artificial-empieza-a-conquistar-a-las-cadenas-de-suministro\/\"},\"wordCount\":685,\"commentCount\":0,\"image\":{\"@id\":\"https:\/\/www.revistalogistec.com\/index.php\/2024\/06\/19\/la-inteligencia-artificial-empieza-a-conquistar-a-las-cadenas-de-suministro\/#primaryimage\"},\"thumbnailUrl\":\"https:\/\/www.revistalogistec.com\/wp-content\/uploads\/2024\/06\/Ariel_Abramoff.jpg\",\"articleSection\":[\"NOTICIAS INDUSTRIA\"],\"inLanguage\":\"es\"},{\"@type\":\"WebPage\",\"@id\":\"https:\/\/www.revistalogistec.com\/index.php\/2024\/06\/19\/la-inteligencia-artificial-empieza-a-conquistar-a-las-cadenas-de-suministro\/\",\"url\":\"https:\/\/www.revistalogistec.com\/index.php\/2024\/06\/19\/la-inteligencia-artificial-empieza-a-conquistar-a-las-cadenas-de-suministro\/\",\"name\":\"LA INTELIGENCIA ARTIFICIAL EMPIEZA A CONQUISTAR A LAS CADENAS DE SUMINISTRO - Revista Logistec\",\"isPartOf\":{\"@id\":\"https:\/\/www.revistalogistec.com\/#website\"},\"primaryImageOfPage\":{\"@id\":\"https:\/\/www.revistalogistec.com\/index.php\/2024\/06\/19\/la-inteligencia-artificial-empieza-a-conquistar-a-las-cadenas-de-suministro\/#primaryimage\"},\"image\":{\"@id\":\"https:\/\/www.revistalogistec.com\/index.php\/2024\/06\/19\/la-inteligencia-artificial-empieza-a-conquistar-a-las-cadenas-de-suministro\/#primaryimage\"},\"thumbnailUrl\":\"https:\/\/www.revistalogistec.com\/wp-content\/uploads\/2024\/06\/Ariel_Abramoff.jpg\",\"datePublished\":\"2024-06-19T16:01:20+00:00\",\"author\":{\"@id\":\"https:\/\/www.revistalogistec.com\/#\/schema\/person\/6ebda24bed8ddfc6f5e848ee539184e5\"},\"breadcrumb\":{\"@id\":\"https:\/\/www.revistalogistec.com\/index.php\/2024\/06\/19\/la-inteligencia-artificial-empieza-a-conquistar-a-las-cadenas-de-suministro\/#breadcrumb\"},\"inLanguage\":\"es\",\"potentialAction\":[{\"@type\":\"ReadAction\",\"target\":[\"https:\/\/www.revistalogistec.com\/index.php\/2024\/06\/19\/la-inteligencia-artificial-empieza-a-conquistar-a-las-cadenas-de-suministro\/\"]}]},{\"@type\":\"ImageObject\",\"inLanguage\":\"es\",\"@id\":\"https:\/\/www.revistalogistec.com\/index.php\/2024\/06\/19\/la-inteligencia-artificial-empieza-a-conquistar-a-las-cadenas-de-suministro\/#primaryimage\",\"url\":\"https:\/\/www.revistalogistec.com\/wp-content\/uploads\/2024\/06\/Ariel_Abramoff.jpg\",\"contentUrl\":\"https:\/\/www.revistalogistec.com\/wp-content\/uploads\/2024\/06\/Ariel_Abramoff.jpg\",\"width\":850,\"height\":567},{\"@type\":\"BreadcrumbList\",\"@id\":\"https:\/\/www.revistalogistec.com\/index.php\/2024\/06\/19\/la-inteligencia-artificial-empieza-a-conquistar-a-las-cadenas-de-suministro\/#breadcrumb\",\"itemListElement\":[{\"@type\":\"ListItem\",\"position\":1,\"name\":\"Portada\",\"item\":\"https:\/\/www.revistalogistec.com\/\"},{\"@type\":\"ListItem\",\"position\":2,\"name\":\"LA INTELIGENCIA ARTIFICIAL EMPIEZA A CONQUISTAR A LAS CADENAS DE SUMINISTRO\"}]},{\"@type\":\"WebSite\",\"@id\":\"https:\/\/www.revistalogistec.com\/#website\",\"url\":\"https:\/\/www.revistalogistec.com\/\",\"name\":\"Revista Logistec\",\"description\":\"\",\"potentialAction\":[{\"@type\":\"SearchAction\",\"target\":{\"@type\":\"EntryPoint\",\"urlTemplate\":\"https:\/\/www.revistalogistec.com\/?s={search_term_string}\"},\"query-input\":{\"@type\":\"PropertyValueSpecification\",\"valueRequired\":true,\"valueName\":\"search_term_string\"}}],\"inLanguage\":\"es\"},{\"@type\":\"Person\",\"@id\":\"https:\/\/www.revistalogistec.com\/#\/schema\/person\/6ebda24bed8ddfc6f5e848ee539184e5\",\"name\":\"Paula Cortes\",\"image\":{\"@type\":\"ImageObject\",\"inLanguage\":\"es\",\"@id\":\"https:\/\/secure.gravatar.com\/avatar\/f9207b46b9e06b63ba9e6f850cbf5de3945e6ce9ba336ad5aa87eee72a5a569c?s=96&d=mm&r=g\",\"url\":\"https:\/\/secure.gravatar.com\/avatar\/f9207b46b9e06b63ba9e6f850cbf5de3945e6ce9ba336ad5aa87eee72a5a569c?s=96&d=mm&r=g\",\"contentUrl\":\"https:\/\/secure.gravatar.com\/avatar\/f9207b46b9e06b63ba9e6f850cbf5de3945e6ce9ba336ad5aa87eee72a5a569c?s=96&d=mm&r=g\",\"caption\":\"Paula Cortes\"},\"url\":\"https:\/\/www.revistalogistec.com\/index.php\/author\/paula-cortes\/\"}]}<\/script>\n<!-- \/ Yoast SEO plugin. -->","yoast_head_json":{"title":"LA INTELIGENCIA ARTIFICIAL EMPIEZA A CONQUISTAR A LAS CADENAS DE SUMINISTRO - Revista Logistec","robots":{"index":"index","follow":"follow","max-snippet":"max-snippet:-1","max-image-preview":"max-image-preview:large","max-video-preview":"max-video-preview:-1"},"canonical":"https:\/\/www.revistalogistec.com\/index.php\/2024\/06\/19\/la-inteligencia-artificial-empieza-a-conquistar-a-las-cadenas-de-suministro\/","og_locale":"es_ES","og_type":"article","og_title":"LA INTELIGENCIA ARTIFICIAL EMPIEZA A CONQUISTAR A LAS CADENAS DE SUMINISTRO - Revista Logistec","og_description":"*Por Ariel Abramoff, CEO de Simbuy.","og_url":"https:\/\/www.revistalogistec.com\/index.php\/2024\/06\/19\/la-inteligencia-artificial-empieza-a-conquistar-a-las-cadenas-de-suministro\/","og_site_name":"Revista Logistec","article_published_time":"2024-06-19T16:01:20+00:00","og_image":[{"width":850,"height":567,"url":"https:\/\/www.revistalogistec.com\/wp-content\/uploads\/2024\/06\/Ariel_Abramoff.jpg","type":"image\/jpeg"}],"author":"Paula Cortes","twitter_card":"summary_large_image","twitter_misc":{"Escrito por":"Paula Cortes","Tiempo de lectura":"3 minutos"},"schema":{"@context":"https:\/\/schema.org","@graph":[{"@type":"Article","@id":"https:\/\/www.revistalogistec.com\/index.php\/2024\/06\/19\/la-inteligencia-artificial-empieza-a-conquistar-a-las-cadenas-de-suministro\/#article","isPartOf":{"@id":"https:\/\/www.revistalogistec.com\/index.php\/2024\/06\/19\/la-inteligencia-artificial-empieza-a-conquistar-a-las-cadenas-de-suministro\/"},"author":{"name":"Paula Cortes","@id":"https:\/\/www.revistalogistec.com\/#\/schema\/person\/6ebda24bed8ddfc6f5e848ee539184e5"},"headline":"LA INTELIGENCIA ARTIFICIAL EMPIEZA A CONQUISTAR A LAS CADENAS DE SUMINISTRO","datePublished":"2024-06-19T16:01:20+00:00","mainEntityOfPage":{"@id":"https:\/\/www.revistalogistec.com\/index.php\/2024\/06\/19\/la-inteligencia-artificial-empieza-a-conquistar-a-las-cadenas-de-suministro\/"},"wordCount":685,"commentCount":0,"image":{"@id":"https:\/\/www.revistalogistec.com\/index.php\/2024\/06\/19\/la-inteligencia-artificial-empieza-a-conquistar-a-las-cadenas-de-suministro\/#primaryimage"},"thumbnailUrl":"https:\/\/www.revistalogistec.com\/wp-content\/uploads\/2024\/06\/Ariel_Abramoff.jpg","articleSection":["NOTICIAS INDUSTRIA"],"inLanguage":"es"},{"@type":"WebPage","@id":"https:\/\/www.revistalogistec.com\/index.php\/2024\/06\/19\/la-inteligencia-artificial-empieza-a-conquistar-a-las-cadenas-de-suministro\/","url":"https:\/\/www.revistalogistec.com\/index.php\/2024\/06\/19\/la-inteligencia-artificial-empieza-a-conquistar-a-las-cadenas-de-suministro\/","name":"LA INTELIGENCIA ARTIFICIAL EMPIEZA A CONQUISTAR A LAS CADENAS DE SUMINISTRO - Revista Logistec","isPartOf":{"@id":"https:\/\/www.revistalogistec.com\/#website"},"primaryImageOfPage":{"@id":"https:\/\/www.revistalogistec.com\/index.php\/2024\/06\/19\/la-inteligencia-artificial-empieza-a-conquistar-a-las-cadenas-de-suministro\/#primaryimage"},"image":{"@id":"https:\/\/www.revistalogistec.com\/index.php\/2024\/06\/19\/la-inteligencia-artificial-empieza-a-conquistar-a-las-cadenas-de-suministro\/#primaryimage"},"thumbnailUrl":"https:\/\/www.revistalogistec.com\/wp-content\/uploads\/2024\/06\/Ariel_Abramoff.jpg","datePublished":"2024-06-19T16:01:20+00:00","author":{"@id":"https:\/\/www.revistalogistec.com\/#\/schema\/person\/6ebda24bed8ddfc6f5e848ee539184e5"},"breadcrumb":{"@id":"https:\/\/www.revistalogistec.com\/index.php\/2024\/06\/19\/la-inteligencia-artificial-empieza-a-conquistar-a-las-cadenas-de-suministro\/#breadcrumb"},"inLanguage":"es","potentialAction":[{"@type":"ReadAction","target":["https:\/\/www.revistalogistec.com\/index.php\/2024\/06\/19\/la-inteligencia-artificial-empieza-a-conquistar-a-las-cadenas-de-suministro\/"]}]},{"@type":"ImageObject","inLanguage":"es","@id":"https:\/\/www.revistalogistec.com\/index.php\/2024\/06\/19\/la-inteligencia-artificial-empieza-a-conquistar-a-las-cadenas-de-suministro\/#primaryimage","url":"https:\/\/www.revistalogistec.com\/wp-content\/uploads\/2024\/06\/Ariel_Abramoff.jpg","contentUrl":"https:\/\/www.revistalogistec.com\/wp-content\/uploads\/2024\/06\/Ariel_Abramoff.jpg","width":850,"height":567},{"@type":"BreadcrumbList","@id":"https:\/\/www.revistalogistec.com\/index.php\/2024\/06\/19\/la-inteligencia-artificial-empieza-a-conquistar-a-las-cadenas-de-suministro\/#breadcrumb","itemListElement":[{"@type":"ListItem","position":1,"name":"Portada","item":"https:\/\/www.revistalogistec.com\/"},{"@type":"ListItem","position":2,"name":"LA INTELIGENCIA ARTIFICIAL EMPIEZA A CONQUISTAR A LAS CADENAS DE SUMINISTRO"}]},{"@type":"WebSite","@id":"https:\/\/www.revistalogistec.com\/#website","url":"https:\/\/www.revistalogistec.com\/","name":"Revista Logistec","description":"","potentialAction":[{"@type":"SearchAction","target":{"@type":"EntryPoint","urlTemplate":"https:\/\/www.revistalogistec.com\/?s={search_term_string}"},"query-input":{"@type":"PropertyValueSpecification","valueRequired":true,"valueName":"search_term_string"}}],"inLanguage":"es"},{"@type":"Person","@id":"https:\/\/www.revistalogistec.com\/#\/schema\/person\/6ebda24bed8ddfc6f5e848ee539184e5","name":"Paula Cortes","image":{"@type":"ImageObject","inLanguage":"es","@id":"https:\/\/secure.gravatar.com\/avatar\/f9207b46b9e06b63ba9e6f850cbf5de3945e6ce9ba336ad5aa87eee72a5a569c?s=96&d=mm&r=g","url":"https:\/\/secure.gravatar.com\/avatar\/f9207b46b9e06b63ba9e6f850cbf5de3945e6ce9ba336ad5aa87eee72a5a569c?s=96&d=mm&r=g","contentUrl":"https:\/\/secure.gravatar.com\/avatar\/f9207b46b9e06b63ba9e6f850cbf5de3945e6ce9ba336ad5aa87eee72a5a569c?s=96&d=mm&r=g","caption":"Paula Cortes"},"url":"https:\/\/www.revistalogistec.com\/index.php\/author\/paula-cortes\/"}]}},"_links":{"self":[{"href":"https:\/\/www.revistalogistec.com\/index.php\/wp-json\/wp\/v2\/posts\/15458","targetHints":{"allow":["GET"]}}],"collection":[{"href":"https:\/\/www.revistalogistec.com\/index.php\/wp-json\/wp\/v2\/posts"}],"about":[{"href":"https:\/\/www.revistalogistec.com\/index.php\/wp-json\/wp\/v2\/types\/post"}],"author":[{"embeddable":true,"href":"https:\/\/www.revistalogistec.com\/index.php\/wp-json\/wp\/v2\/users\/48296"}],"replies":[{"embeddable":true,"href":"https:\/\/www.revistalogistec.com\/index.php\/wp-json\/wp\/v2\/comments?post=15458"}],"version-history":[{"count":0,"href":"https:\/\/www.revistalogistec.com\/index.php\/wp-json\/wp\/v2\/posts\/15458\/revisions"}],"wp:featuredmedia":[{"embeddable":true,"href":"https:\/\/www.revistalogistec.com\/index.php\/wp-json\/wp\/v2\/media\/15456"}],"wp:attachment":[{"href":"https:\/\/www.revistalogistec.com\/index.php\/wp-json\/wp\/v2\/media?parent=15458"}],"wp:term":[{"taxonomy":"category","embeddable":true,"href":"https:\/\/www.revistalogistec.com\/index.php\/wp-json\/wp\/v2\/categories?post=15458"},{"taxonomy":"post_tag","embeddable":true,"href":"https:\/\/www.revistalogistec.com\/index.php\/wp-json\/wp\/v2\/tags?post=15458"}],"curies":[{"name":"wp","href":"https:\/\/api.w.org\/{rel}","templated":true}]}}