{"id":15505,"date":"2024-06-26T14:17:37","date_gmt":"2024-06-26T14:17:37","guid":{"rendered":"https:\/\/www.revistalogistec.com\/index.php\/2024\/06\/26\/retencion-del-personal-gestion-multicanal-y-tecnologia-rezagada-retos-en-las-operaciones-de-almacen\/"},"modified":"2024-06-26T14:17:37","modified_gmt":"2024-06-26T14:17:37","slug":"retencion-del-personal-gestion-multicanal-y-tecnologia-rezagada-retos-en-las-operaciones-de-almacen","status":"publish","type":"post","link":"https:\/\/www.revistalogistec.com\/index.php\/2024\/06\/26\/retencion-del-personal-gestion-multicanal-y-tecnologia-rezagada-retos-en-las-operaciones-de-almacen\/","title":{"rendered":"RETENCI\u00d3N DEL PERSONAL, GESTI\u00d3N MULTICANAL Y TECNOLOG\u00cdA REZAGADA, RETOS EN LAS OPERACIONES DE ALMAC\u00c9N"},"content":{"rendered":"<p style=\"text-align: justify;\">Destaca estudio en colaboraci\u00f3n con Vanson Bourne oportunidades para cadena de suministro. 59% de las organizaciones de M\u00e9xico ve margen de mejora en operaciones de almac\u00e9n.<\/p>\n<p style=\"text-align: justify;\">Manhattan Associates Inc. (NASDAQ: MANH) present\u00f3 los resultados de su investigaci\u00f3n &#8216;Estado de las Operaciones de Almac\u00e9n 2024&#8217;, realizada en colaboraci\u00f3n con Vanson Bourne. El informe destaca los desaf\u00edos actuales y las principales oportunidades para el sector de la cadena de suministro.<\/p>\n<p style=\"text-align: justify;\">A medida que la econom\u00eda global se ajusta tras una serie de eventos macroecon\u00f3micos y geopol\u00edticos, los profesionales de adquisiciones y cadenas de suministro contin\u00faan enfrentando desaf\u00edos \u00fanicos. Entre ellos, la retenci\u00f3n y compromiso del personal, preocupaciones ambientales, avances tecnol\u00f3gicos, escasez de materias primas y la necesidad de cumplir con las altas expectativas de los consumidores a trav\u00e9s de m\u00faltiples canales. Estas fuerzas diversas y poderosas est\u00e1n moldeando el comercio y las operaciones de la cadena de suministro.<\/p>\n<p style=\"text-align: justify;\">Vanson Bourne entrevist\u00f3 a 2,000 profesionales de la cadena de suministro en la primavera de 2024. La encuesta abarc\u00f3 Alemania, Australia, B\u00e9lgica, Brasil, Espa\u00f1a, Francia, Italia, M\u00e9xico, Noruega, Pa\u00edses Bajos, Reino Unido y Suecia. Los participantes inclu\u00edan tanto a la alta direcci\u00f3n como al personal operativo de sectores como fabricaci\u00f3n y producci\u00f3n, log\u00edstica, farmac\u00e9uticos, retail, automotriz y bienes de consumo empaquetados (CPG).<\/p>\n<h3 style=\"text-align: justify;\">Desaf\u00edos Predominantes<\/h3>\n<p style=\"text-align: justify;\">Casi todos los encuestados (97%) coincidieron en que la infraestructura de TI de sus operaciones de almac\u00e9n requiere modernizaci\u00f3n. El 84% report\u00f3 dificultades para retener al personal, mientras que el 73% not\u00f3 un aumento en el volumen de bienes que pasan por los almacenes en los \u00faltimos 12 meses, exacerbando los problemas existentes.<\/p>\n<p style=\"text-align: justify;\">A pesar de estos retos, las organizaciones mantienen una visi\u00f3n optimista del futuro. El 75% y el 72% de los encuestados esperan que la IA generativa y la rob\u00f3tica, respectivamente, mejoren la satisfacci\u00f3n laboral y las funciones, reduciendo operaciones manuales, aumentando la automatizaci\u00f3n, simplificando flujos de trabajo y disminuyendo el papeleo. La innovaci\u00f3n continua en la cadena de suministro ser\u00e1 crucial para enfrentar los riesgos emergentes y aprovechar nuevas oportunidades.<\/p>\n<h3 style=\"text-align: justify;\">Conclusiones Clave del Informe<\/h3>\n<p style=\"text-align: justify;\">\u2022 <strong>Compromiso del Personal:<\/strong> Las operaciones de almac\u00e9n se est\u00e1n volviendo m\u00e1s desafiantes, por lo que es crucial que el personal se sienta escuchado, comprometido y valorado. Un n\u00famero considerable de encuestados se\u00f1al\u00f3 que los desaf\u00edos relacionados con el personal, como el reclutamiento y la formaci\u00f3n de trabajadores temporales (41%) y asegurar la productividad (40%), han aumentado significativamente en los \u00faltimos 12 meses.<\/p>\n<p style=\"text-align: justify;\">\u2022 <strong>Modernizaci\u00f3n de TI:<\/strong> El 28% de las organizaciones destac\u00f3 que el hardware y software de TI obsoleto es el desaf\u00edo m\u00e1s urgente que enfrentan actualmente, representando una carga fiscal y tecnol\u00f3gica significativa.<\/p>\n<p style=\"text-align: justify;\">\u2022 <strong>Gesti\u00f3n Multicanal:<\/strong> El 26% de los encuestados enfrenta dificultades para gestionar pedidos de diferentes canales, y el 23% encuentra complicado cumplir con las altas expectativas de los clientes en cuanto a tiempos de entrega.<\/p>\n<p style=\"text-align: justify;\">\u2022 <strong>Mejoras en Almacenamiento:<\/strong> El 59% de las organizaciones de M\u00e9xico ve un margen de mejora en sus operaciones de almac\u00e9n. Dado que el almacenamiento es una parte vital de las cadenas de suministro, esto podr\u00eda afectar la capacidad de las organizaciones para cumplir con las expectativas y demandas de los clientes o aprovechar nuevas oportunidades. Esto, a su vez, aumenta los costos y reduce la rentabilidad, coloc\u00e1ndolas en desventaja competitiva frente a quienes ya han adoptado las \u00faltimas soluciones.<\/p>\n<p style=\"text-align: justify;\">\u2022 <strong>Demanda de Espacio de Almac\u00e9n:<\/strong> El 73% de las organizaciones ha experimentado un aumento en el volumen de bienes en los \u00faltimos 12 meses, y espec\u00edficamente en M\u00e9xico, este aumento fue del 63%, lo que exacerba los desaf\u00edos que enfrentan las organizaciones. Dado que la demanda de almacenamiento probablemente siga creciendo a medida que mejore el entorno econ\u00f3mico, esto hace que la necesidad de operaciones preparadas para el futuro sea cada vez m\u00e1s urgente.<\/p>\n<p style=\"text-align: justify;\">Stefan Furtado, Gerente Regional de Manhattan Associates, coment\u00f3: \u201cLos almacenes son el coraz\u00f3n de una cadena de suministro unificada y el centro del universo del fulfillment. Abordar los desaf\u00edos destacados en el informe es clave para la competitividad y el \u00e9xito a largo plazo de las empresas. Los hallazgos subrayan la importancia de mirar hacia adelante e incorporar nuevas tecnolog\u00edas como los microservicios y la IA generativa, preparando las cadenas de suministro para el futuro y permiti\u00e9ndoles convertirse en generadores de ingresos y servicio al cliente por derecho propio.<\/p>\n<p style=\"text-align: justify;\">\u201cEn \u00faltima instancia, una estrategia de cadena de suministro m\u00e1s unificada crea eficiencia, lo que genera sostenibilidad tanto econ\u00f3mica como ambiental. Esto solo puede ser positivo tanto para los resultados financieros como para el planeta\u201d, concluy\u00f3 Furtado.<\/p>\n","protected":false},"excerpt":{"rendered":"<p style=\"text-align: justify;\">Destaca estudio en colaboraci\u00f3n con Vanson Bourne oportunidades para cadena de suministro. 59% de las organizaciones de M\u00e9xico ve margen de mejora en operaciones de almac\u00e9n.<\/p>\n","protected":false},"author":1,"featured_media":15503,"comment_status":"open","ping_status":"open","sticky":false,"template":"","format":"standard","meta":{"_acf_changed":false,"jnews-multi-image_gallery":[],"jnews_single_post":[],"jnews_primary_category":[],"jnews_social_meta":[],"jnews_override_counter":[],"footnotes":""},"categories":[12],"tags":[],"class_list":["post-15505","post","type-post","status-publish","format-standard","has-post-thumbnail","hentry","category-noticias-industria"],"acf":[],"yoast_head":"<!-- This site is optimized with the Yoast SEO plugin v27.2 - https:\/\/yoast.com\/product\/yoast-seo-wordpress\/ -->\n<title>RETENCI\u00d3N DEL PERSONAL, GESTI\u00d3N MULTICANAL Y TECNOLOG\u00cdA REZAGADA, RETOS EN LAS OPERACIONES DE ALMAC\u00c9N - Revista Logistec<\/title>\n<meta name=\"robots\" content=\"index, follow, max-snippet:-1, max-image-preview:large, max-video-preview:-1\" \/>\n<link rel=\"canonical\" href=\"https:\/\/www.revistalogistec.com\/index.php\/2024\/06\/26\/retencion-del-personal-gestion-multicanal-y-tecnologia-rezagada-retos-en-las-operaciones-de-almacen\/\" \/>\n<meta property=\"og:locale\" content=\"es_ES\" \/>\n<meta property=\"og:type\" content=\"article\" \/>\n<meta property=\"og:title\" content=\"RETENCI\u00d3N DEL PERSONAL, GESTI\u00d3N MULTICANAL Y TECNOLOG\u00cdA REZAGADA, RETOS EN LAS OPERACIONES DE ALMAC\u00c9N - Revista Logistec\" \/>\n<meta property=\"og:description\" content=\"Destaca estudio en colaboraci\u00f3n con Vanson Bourne oportunidades para cadena de suministro. 59% de las organizaciones de M\u00e9xico ve margen de mejora en operaciones de almac\u00e9n.\" \/>\n<meta property=\"og:url\" content=\"https:\/\/www.revistalogistec.com\/index.php\/2024\/06\/26\/retencion-del-personal-gestion-multicanal-y-tecnologia-rezagada-retos-en-las-operaciones-de-almacen\/\" \/>\n<meta property=\"og:site_name\" content=\"Revista Logistec\" \/>\n<meta property=\"article:published_time\" content=\"2024-06-26T14:17:37+00:00\" \/>\n<meta property=\"og:image\" content=\"https:\/\/www.revistalogistec.com\/wp-content\/uploads\/2024\/06\/State-of-Warehouse-Operations-2024-FINAL-1.jpg\" \/>\n\t<meta property=\"og:image:width\" content=\"850\" \/>\n\t<meta property=\"og:image:height\" content=\"530\" \/>\n\t<meta property=\"og:image:type\" content=\"image\/jpeg\" \/>\n<meta name=\"author\" content=\"admin\" \/>\n<meta name=\"twitter:card\" content=\"summary_large_image\" \/>\n<meta name=\"twitter:label1\" content=\"Escrito por\" \/>\n\t<meta name=\"twitter:data1\" content=\"admin\" \/>\n\t<meta name=\"twitter:label2\" content=\"Tiempo de lectura\" \/>\n\t<meta name=\"twitter:data2\" content=\"4 minutos\" \/>\n<script type=\"application\/ld+json\" class=\"yoast-schema-graph\">{\"@context\":\"https:\/\/schema.org\",\"@graph\":[{\"@type\":\"Article\",\"@id\":\"https:\/\/www.revistalogistec.com\/index.php\/2024\/06\/26\/retencion-del-personal-gestion-multicanal-y-tecnologia-rezagada-retos-en-las-operaciones-de-almacen\/#article\",\"isPartOf\":{\"@id\":\"https:\/\/www.revistalogistec.com\/index.php\/2024\/06\/26\/retencion-del-personal-gestion-multicanal-y-tecnologia-rezagada-retos-en-las-operaciones-de-almacen\/\"},\"author\":{\"name\":\"admin\",\"@id\":\"https:\/\/www.revistalogistec.com\/#\/schema\/person\/b25cced65507282f3fc6eb806b1db4f0\"},\"headline\":\"RETENCI\u00d3N DEL PERSONAL, GESTI\u00d3N MULTICANAL Y TECNOLOG\u00cdA REZAGADA, RETOS EN LAS OPERACIONES DE ALMAC\u00c9N\",\"datePublished\":\"2024-06-26T14:17:37+00:00\",\"mainEntityOfPage\":{\"@id\":\"https:\/\/www.revistalogistec.com\/index.php\/2024\/06\/26\/retencion-del-personal-gestion-multicanal-y-tecnologia-rezagada-retos-en-las-operaciones-de-almacen\/\"},\"wordCount\":805,\"commentCount\":0,\"image\":{\"@id\":\"https:\/\/www.revistalogistec.com\/index.php\/2024\/06\/26\/retencion-del-personal-gestion-multicanal-y-tecnologia-rezagada-retos-en-las-operaciones-de-almacen\/#primaryimage\"},\"thumbnailUrl\":\"https:\/\/www.revistalogistec.com\/wp-content\/uploads\/2024\/06\/State-of-Warehouse-Operations-2024-FINAL-1.jpg\",\"articleSection\":[\"NOTICIAS INDUSTRIA\"],\"inLanguage\":\"es\"},{\"@type\":\"WebPage\",\"@id\":\"https:\/\/www.revistalogistec.com\/index.php\/2024\/06\/26\/retencion-del-personal-gestion-multicanal-y-tecnologia-rezagada-retos-en-las-operaciones-de-almacen\/\",\"url\":\"https:\/\/www.revistalogistec.com\/index.php\/2024\/06\/26\/retencion-del-personal-gestion-multicanal-y-tecnologia-rezagada-retos-en-las-operaciones-de-almacen\/\",\"name\":\"RETENCI\u00d3N DEL PERSONAL, GESTI\u00d3N MULTICANAL Y TECNOLOG\u00cdA REZAGADA, RETOS EN LAS OPERACIONES DE ALMAC\u00c9N - Revista Logistec\",\"isPartOf\":{\"@id\":\"https:\/\/www.revistalogistec.com\/#website\"},\"primaryImageOfPage\":{\"@id\":\"https:\/\/www.revistalogistec.com\/index.php\/2024\/06\/26\/retencion-del-personal-gestion-multicanal-y-tecnologia-rezagada-retos-en-las-operaciones-de-almacen\/#primaryimage\"},\"image\":{\"@id\":\"https:\/\/www.revistalogistec.com\/index.php\/2024\/06\/26\/retencion-del-personal-gestion-multicanal-y-tecnologia-rezagada-retos-en-las-operaciones-de-almacen\/#primaryimage\"},\"thumbnailUrl\":\"https:\/\/www.revistalogistec.com\/wp-content\/uploads\/2024\/06\/State-of-Warehouse-Operations-2024-FINAL-1.jpg\",\"datePublished\":\"2024-06-26T14:17:37+00:00\",\"author\":{\"@id\":\"https:\/\/www.revistalogistec.com\/#\/schema\/person\/b25cced65507282f3fc6eb806b1db4f0\"},\"breadcrumb\":{\"@id\":\"https:\/\/www.revistalogistec.com\/index.php\/2024\/06\/26\/retencion-del-personal-gestion-multicanal-y-tecnologia-rezagada-retos-en-las-operaciones-de-almacen\/#breadcrumb\"},\"inLanguage\":\"es\",\"potentialAction\":[{\"@type\":\"ReadAction\",\"target\":[\"https:\/\/www.revistalogistec.com\/index.php\/2024\/06\/26\/retencion-del-personal-gestion-multicanal-y-tecnologia-rezagada-retos-en-las-operaciones-de-almacen\/\"]}]},{\"@type\":\"ImageObject\",\"inLanguage\":\"es\",\"@id\":\"https:\/\/www.revistalogistec.com\/index.php\/2024\/06\/26\/retencion-del-personal-gestion-multicanal-y-tecnologia-rezagada-retos-en-las-operaciones-de-almacen\/#primaryimage\",\"url\":\"https:\/\/www.revistalogistec.com\/wp-content\/uploads\/2024\/06\/State-of-Warehouse-Operations-2024-FINAL-1.jpg\",\"contentUrl\":\"https:\/\/www.revistalogistec.com\/wp-content\/uploads\/2024\/06\/State-of-Warehouse-Operations-2024-FINAL-1.jpg\",\"width\":850,\"height\":530},{\"@type\":\"BreadcrumbList\",\"@id\":\"https:\/\/www.revistalogistec.com\/index.php\/2024\/06\/26\/retencion-del-personal-gestion-multicanal-y-tecnologia-rezagada-retos-en-las-operaciones-de-almacen\/#breadcrumb\",\"itemListElement\":[{\"@type\":\"ListItem\",\"position\":1,\"name\":\"Portada\",\"item\":\"https:\/\/www.revistalogistec.com\/\"},{\"@type\":\"ListItem\",\"position\":2,\"name\":\"RETENCI\u00d3N DEL PERSONAL, GESTI\u00d3N MULTICANAL Y TECNOLOG\u00cdA REZAGADA, RETOS EN LAS OPERACIONES DE ALMAC\u00c9N\"}]},{\"@type\":\"WebSite\",\"@id\":\"https:\/\/www.revistalogistec.com\/#website\",\"url\":\"https:\/\/www.revistalogistec.com\/\",\"name\":\"Revista Logistec\",\"description\":\"\",\"potentialAction\":[{\"@type\":\"SearchAction\",\"target\":{\"@type\":\"EntryPoint\",\"urlTemplate\":\"https:\/\/www.revistalogistec.com\/?s={search_term_string}\"},\"query-input\":{\"@type\":\"PropertyValueSpecification\",\"valueRequired\":true,\"valueName\":\"search_term_string\"}}],\"inLanguage\":\"es\"},{\"@type\":\"Person\",\"@id\":\"https:\/\/www.revistalogistec.com\/#\/schema\/person\/b25cced65507282f3fc6eb806b1db4f0\",\"name\":\"admin\",\"image\":{\"@type\":\"ImageObject\",\"inLanguage\":\"es\",\"@id\":\"https:\/\/secure.gravatar.com\/avatar\/94631f712dee24b50f2f12a7caf62df22b2c346945fcff655ce85b674bebf6fd?s=96&d=mm&r=g\",\"url\":\"https:\/\/secure.gravatar.com\/avatar\/94631f712dee24b50f2f12a7caf62df22b2c346945fcff655ce85b674bebf6fd?s=96&d=mm&r=g\",\"contentUrl\":\"https:\/\/secure.gravatar.com\/avatar\/94631f712dee24b50f2f12a7caf62df22b2c346945fcff655ce85b674bebf6fd?s=96&d=mm&r=g\",\"caption\":\"admin\"},\"sameAs\":[\"https:\/\/www.revistalogistec.com\"],\"url\":\"https:\/\/www.revistalogistec.com\/index.php\/author\/admin_revlog\/\"}]}<\/script>\n<!-- \/ Yoast SEO plugin. -->","yoast_head_json":{"title":"RETENCI\u00d3N DEL PERSONAL, GESTI\u00d3N MULTICANAL Y TECNOLOG\u00cdA REZAGADA, RETOS EN LAS OPERACIONES DE ALMAC\u00c9N - Revista Logistec","robots":{"index":"index","follow":"follow","max-snippet":"max-snippet:-1","max-image-preview":"max-image-preview:large","max-video-preview":"max-video-preview:-1"},"canonical":"https:\/\/www.revistalogistec.com\/index.php\/2024\/06\/26\/retencion-del-personal-gestion-multicanal-y-tecnologia-rezagada-retos-en-las-operaciones-de-almacen\/","og_locale":"es_ES","og_type":"article","og_title":"RETENCI\u00d3N DEL PERSONAL, GESTI\u00d3N MULTICANAL Y TECNOLOG\u00cdA REZAGADA, RETOS EN LAS OPERACIONES DE ALMAC\u00c9N - Revista Logistec","og_description":"Destaca estudio en colaboraci\u00f3n con Vanson Bourne oportunidades para cadena de suministro. 59% de las organizaciones de M\u00e9xico ve margen de mejora en operaciones de almac\u00e9n.","og_url":"https:\/\/www.revistalogistec.com\/index.php\/2024\/06\/26\/retencion-del-personal-gestion-multicanal-y-tecnologia-rezagada-retos-en-las-operaciones-de-almacen\/","og_site_name":"Revista Logistec","article_published_time":"2024-06-26T14:17:37+00:00","og_image":[{"width":850,"height":530,"url":"https:\/\/www.revistalogistec.com\/wp-content\/uploads\/2024\/06\/State-of-Warehouse-Operations-2024-FINAL-1.jpg","type":"image\/jpeg"}],"author":"admin","twitter_card":"summary_large_image","twitter_misc":{"Escrito por":"admin","Tiempo de lectura":"4 minutos"},"schema":{"@context":"https:\/\/schema.org","@graph":[{"@type":"Article","@id":"https:\/\/www.revistalogistec.com\/index.php\/2024\/06\/26\/retencion-del-personal-gestion-multicanal-y-tecnologia-rezagada-retos-en-las-operaciones-de-almacen\/#article","isPartOf":{"@id":"https:\/\/www.revistalogistec.com\/index.php\/2024\/06\/26\/retencion-del-personal-gestion-multicanal-y-tecnologia-rezagada-retos-en-las-operaciones-de-almacen\/"},"author":{"name":"admin","@id":"https:\/\/www.revistalogistec.com\/#\/schema\/person\/b25cced65507282f3fc6eb806b1db4f0"},"headline":"RETENCI\u00d3N DEL PERSONAL, GESTI\u00d3N MULTICANAL Y TECNOLOG\u00cdA REZAGADA, RETOS EN LAS OPERACIONES DE ALMAC\u00c9N","datePublished":"2024-06-26T14:17:37+00:00","mainEntityOfPage":{"@id":"https:\/\/www.revistalogistec.com\/index.php\/2024\/06\/26\/retencion-del-personal-gestion-multicanal-y-tecnologia-rezagada-retos-en-las-operaciones-de-almacen\/"},"wordCount":805,"commentCount":0,"image":{"@id":"https:\/\/www.revistalogistec.com\/index.php\/2024\/06\/26\/retencion-del-personal-gestion-multicanal-y-tecnologia-rezagada-retos-en-las-operaciones-de-almacen\/#primaryimage"},"thumbnailUrl":"https:\/\/www.revistalogistec.com\/wp-content\/uploads\/2024\/06\/State-of-Warehouse-Operations-2024-FINAL-1.jpg","articleSection":["NOTICIAS INDUSTRIA"],"inLanguage":"es"},{"@type":"WebPage","@id":"https:\/\/www.revistalogistec.com\/index.php\/2024\/06\/26\/retencion-del-personal-gestion-multicanal-y-tecnologia-rezagada-retos-en-las-operaciones-de-almacen\/","url":"https:\/\/www.revistalogistec.com\/index.php\/2024\/06\/26\/retencion-del-personal-gestion-multicanal-y-tecnologia-rezagada-retos-en-las-operaciones-de-almacen\/","name":"RETENCI\u00d3N DEL PERSONAL, GESTI\u00d3N MULTICANAL Y TECNOLOG\u00cdA REZAGADA, RETOS EN LAS OPERACIONES DE ALMAC\u00c9N - Revista Logistec","isPartOf":{"@id":"https:\/\/www.revistalogistec.com\/#website"},"primaryImageOfPage":{"@id":"https:\/\/www.revistalogistec.com\/index.php\/2024\/06\/26\/retencion-del-personal-gestion-multicanal-y-tecnologia-rezagada-retos-en-las-operaciones-de-almacen\/#primaryimage"},"image":{"@id":"https:\/\/www.revistalogistec.com\/index.php\/2024\/06\/26\/retencion-del-personal-gestion-multicanal-y-tecnologia-rezagada-retos-en-las-operaciones-de-almacen\/#primaryimage"},"thumbnailUrl":"https:\/\/www.revistalogistec.com\/wp-content\/uploads\/2024\/06\/State-of-Warehouse-Operations-2024-FINAL-1.jpg","datePublished":"2024-06-26T14:17:37+00:00","author":{"@id":"https:\/\/www.revistalogistec.com\/#\/schema\/person\/b25cced65507282f3fc6eb806b1db4f0"},"breadcrumb":{"@id":"https:\/\/www.revistalogistec.com\/index.php\/2024\/06\/26\/retencion-del-personal-gestion-multicanal-y-tecnologia-rezagada-retos-en-las-operaciones-de-almacen\/#breadcrumb"},"inLanguage":"es","potentialAction":[{"@type":"ReadAction","target":["https:\/\/www.revistalogistec.com\/index.php\/2024\/06\/26\/retencion-del-personal-gestion-multicanal-y-tecnologia-rezagada-retos-en-las-operaciones-de-almacen\/"]}]},{"@type":"ImageObject","inLanguage":"es","@id":"https:\/\/www.revistalogistec.com\/index.php\/2024\/06\/26\/retencion-del-personal-gestion-multicanal-y-tecnologia-rezagada-retos-en-las-operaciones-de-almacen\/#primaryimage","url":"https:\/\/www.revistalogistec.com\/wp-content\/uploads\/2024\/06\/State-of-Warehouse-Operations-2024-FINAL-1.jpg","contentUrl":"https:\/\/www.revistalogistec.com\/wp-content\/uploads\/2024\/06\/State-of-Warehouse-Operations-2024-FINAL-1.jpg","width":850,"height":530},{"@type":"BreadcrumbList","@id":"https:\/\/www.revistalogistec.com\/index.php\/2024\/06\/26\/retencion-del-personal-gestion-multicanal-y-tecnologia-rezagada-retos-en-las-operaciones-de-almacen\/#breadcrumb","itemListElement":[{"@type":"ListItem","position":1,"name":"Portada","item":"https:\/\/www.revistalogistec.com\/"},{"@type":"ListItem","position":2,"name":"RETENCI\u00d3N DEL PERSONAL, GESTI\u00d3N MULTICANAL Y TECNOLOG\u00cdA REZAGADA, RETOS EN LAS OPERACIONES DE ALMAC\u00c9N"}]},{"@type":"WebSite","@id":"https:\/\/www.revistalogistec.com\/#website","url":"https:\/\/www.revistalogistec.com\/","name":"Revista Logistec","description":"","potentialAction":[{"@type":"SearchAction","target":{"@type":"EntryPoint","urlTemplate":"https:\/\/www.revistalogistec.com\/?s={search_term_string}"},"query-input":{"@type":"PropertyValueSpecification","valueRequired":true,"valueName":"search_term_string"}}],"inLanguage":"es"},{"@type":"Person","@id":"https:\/\/www.revistalogistec.com\/#\/schema\/person\/b25cced65507282f3fc6eb806b1db4f0","name":"admin","image":{"@type":"ImageObject","inLanguage":"es","@id":"https:\/\/secure.gravatar.com\/avatar\/94631f712dee24b50f2f12a7caf62df22b2c346945fcff655ce85b674bebf6fd?s=96&d=mm&r=g","url":"https:\/\/secure.gravatar.com\/avatar\/94631f712dee24b50f2f12a7caf62df22b2c346945fcff655ce85b674bebf6fd?s=96&d=mm&r=g","contentUrl":"https:\/\/secure.gravatar.com\/avatar\/94631f712dee24b50f2f12a7caf62df22b2c346945fcff655ce85b674bebf6fd?s=96&d=mm&r=g","caption":"admin"},"sameAs":["https:\/\/www.revistalogistec.com"],"url":"https:\/\/www.revistalogistec.com\/index.php\/author\/admin_revlog\/"}]}},"_links":{"self":[{"href":"https:\/\/www.revistalogistec.com\/index.php\/wp-json\/wp\/v2\/posts\/15505","targetHints":{"allow":["GET"]}}],"collection":[{"href":"https:\/\/www.revistalogistec.com\/index.php\/wp-json\/wp\/v2\/posts"}],"about":[{"href":"https:\/\/www.revistalogistec.com\/index.php\/wp-json\/wp\/v2\/types\/post"}],"author":[{"embeddable":true,"href":"https:\/\/www.revistalogistec.com\/index.php\/wp-json\/wp\/v2\/users\/1"}],"replies":[{"embeddable":true,"href":"https:\/\/www.revistalogistec.com\/index.php\/wp-json\/wp\/v2\/comments?post=15505"}],"version-history":[{"count":0,"href":"https:\/\/www.revistalogistec.com\/index.php\/wp-json\/wp\/v2\/posts\/15505\/revisions"}],"wp:featuredmedia":[{"embeddable":true,"href":"https:\/\/www.revistalogistec.com\/index.php\/wp-json\/wp\/v2\/media\/15503"}],"wp:attachment":[{"href":"https:\/\/www.revistalogistec.com\/index.php\/wp-json\/wp\/v2\/media?parent=15505"}],"wp:term":[{"taxonomy":"category","embeddable":true,"href":"https:\/\/www.revistalogistec.com\/index.php\/wp-json\/wp\/v2\/categories?post=15505"},{"taxonomy":"post_tag","embeddable":true,"href":"https:\/\/www.revistalogistec.com\/index.php\/wp-json\/wp\/v2\/tags?post=15505"}],"curies":[{"name":"wp","href":"https:\/\/api.w.org\/{rel}","templated":true}]}}