{"id":16004,"date":"2024-09-11T15:08:25","date_gmt":"2024-09-11T15:08:25","guid":{"rendered":"https:\/\/www.revistalogistec.com\/index.php\/2024\/09\/11\/comunidad-logistica-de-san-antonio-coordina-acciones-para-mantener-la-seguridad-y-operacion-del-puerto-en-los-dias-pre-y-post-fiestas-patrias\/"},"modified":"2025-11-07T10:14:05","modified_gmt":"2025-11-07T14:14:05","slug":"comunidad-logistica-de-san-antonio-coordina-acciones-para-mantener-la-seguridad-y-operacion-del-puerto-en-los-dias-pre-y-post-fiestas-patrias","status":"publish","type":"post","link":"https:\/\/www.revistalogistec.com\/index.php\/2024\/09\/11\/comunidad-logistica-de-san-antonio-coordina-acciones-para-mantener-la-seguridad-y-operacion-del-puerto-en-los-dias-pre-y-post-fiestas-patrias\/","title":{"rendered":"COMUNIDAD LOG\u00cdSTICA DE SAN ANTONIO COORDINA ACCIONES PARA MANTENER LA SEGURIDAD Y OPERACI\u00d3N DEL PUERTO EN LOS D\u00cdAS PRE Y POST FIESTAS PATRIAS"},"content":{"rendered":"<p style=\"text-align: justify;\">El Comit\u00e9 de Coordinaci\u00f3n Organismos P\u00fablicos (CCOP) sesion\u00f3 en las oficinas de la Empresa Portuaria San Antonio con el fin de planificar y coordinar las medidas para mantener la seguridad y la continuidad operacional del puerto en los d\u00edas previos y posteriores a los d\u00edas feriados de las Fiestas Patrias.<\/p>\n<p style=\"text-align: justify;\">Esta instancia, que fue convocada por Puerto San Antonio y la <a href=\"https:\/\/www.colsa.cl\/\" target=\"_blank\" rel=\"noopener\">Comunidad Log\u00edstica de San Antonio (COLSA)<\/a>, reuni\u00f3 a concesionarios portuarios, Delegaci\u00f3n Presidencial, transportistas, empresas de dep\u00f3sitos y recintos extraportuarios, Carabineros, PDI, Aduanas, Armada, Servicio de Salud, Inspecci\u00f3n Fiscal del MOP y el concesionario de la Ruta 78.<\/p>\n<p style=\"text-align: justify;\">En la cita, los diferentes actores expusieron sus visiones de c\u00f3mo se podr\u00e1 garantizar el flujo eficiente de las operaciones portuarias y, a la vez, minimizar el impacto en la comunidad de San Antonio. De esa manera, concesionarios, transportistas y dep\u00f3sitos informaron flujos estimados tanto de importaci\u00f3n como de exportaci\u00f3n y d\u00edas clave de operaci\u00f3n a fin de planificar de mejor forma el tr\u00e1nsito de camiones en las v\u00edas de acceso a puerto.<\/p>\n<p style=\"text-align: justify;\">Pilar Larra\u00edn, gerente de COLSA, destac\u00f3 la importancia de la colaboraci\u00f3n entre todos los actores involucrados. \u201cCada a\u00f1o, realizamos esta reuni\u00f3n de coordinaci\u00f3n para las festividades, especialmente en los feriados muy prolongados como este a\u00f1o, el cual genera una acumulaci\u00f3n de contenedores y un aumento del flujo de camiones al puerto en d\u00edas posteriores. El objetivo es estimar y programar los flujos de forma coordinada entre terminales, transportistas, almacenes y dep\u00f3sitos, evitando as\u00ed congestiones tanto para los transportistas como para la ciudad\u201d, subray\u00f3.<\/p>\n<p style=\"text-align: justify;\">En este sentido, la participaci\u00f3n de organismos como Carabineros, la Autoridad Mar\u00edtima, PDI, y los servicios de salud fue crucial. \u201cTodos debemos estar alineados para enfrentar cualquier eventualidad durante este periodo festivo, asegurando que tanto las operaciones portuarias como la seguridad vial se mantengan controladas\u201d, a\u00f1adi\u00f3.<\/p>\n<p style=\"text-align: justify;\">El subprefecto de los Servicios de la Prefectura de Carabineros de San Antonio, teniente coronel Patricio G\u00f3mez, detall\u00f3 las medidas de seguridad que se implementar\u00e1n. \u201cDesde el 13 de septiembre hemos establecido controles vehiculares que continuar\u00e1n durante los d\u00edas festivos. Nuestra prioridad es garantizar la seguridad de los conductores y la comunidad, enfoc\u00e1ndonos en puntos cr\u00edticos de las rutas que conectan con el puerto\u201d, se\u00f1al\u00f3.<\/p>\n<p style=\"text-align: justify;\">Adem\u00e1s, el jefe policial hizo un llamado a la responsabilidad de los transportistas, subrayando que, aunque se disponga de recursos para el control, la colaboraci\u00f3n de los conductores es esencial para evitar accidentes y congestiones.<\/p>\n<p style=\"text-align: justify;\">Fernando Gajardo, gerente de Explotaci\u00f3n e Infraestructura de EPSA, explic\u00f3 la magnitud del desaf\u00edo que enfrentan durante estas festividades. \u201cLa operaci\u00f3n portuaria se ver\u00e1 especialmente demandada debido a los d\u00edas festivos. Estamos coordinando con todos los actores para que las actividades fluyan sin interrupciones y sin generar un impacto negativo en la comunidad\u201d, coment\u00f3 Gajardo.<\/p>\n<p style=\"text-align: justify;\">Una de las principales preocupaciones es el aumento del tr\u00e1nsito de camiones en la regi\u00f3n. En respuesta a esa realidad, EPSA ha implementado un plan de contingencia en caso de incidentes viales. \u201cHemos dispuesto \u00e1reas de descongesti\u00f3n como el regulador de flujo de camiones Alto San Antonio para poder manejar posibles filas de camiones y as\u00ed evitar atochamientos en la ciudad\u201d, explic\u00f3.<\/p>\n<p style=\"text-align: justify;\">EPSA, adem\u00e1s, como lo hace durante todo el a\u00f1o, dispondr\u00e1 del servicio de gr\u00faa para colaborar con el despeje de las v\u00edas en los accesos al puerto en la eventualidad que un cami\u00f3n de carga portuaria protagonice un accidente que obstaculice el tr\u00e1nsito vehicular.<\/p>\n<p style=\"text-align: justify;\">Hern\u00e1n Hern\u00e1ndez, vicepresidente de Asociaci\u00f3n Gremial de Transportistas de San Antonio, resalt\u00f3 la importancia de la coordinaci\u00f3n entre transportistas y terminales portuarios para garantizar la fluidez en las operaciones. \u201cEs fundamental que tanto las empresas portuarias como las autoridades p\u00fablicas trabajen juntas para asegurar el tr\u00e1fico de veh\u00edculos pesados, evitando los cuellos de botella que afectan tanto a la operaci\u00f3n portuaria como a la comunidad\u201d, afirm\u00f3.<\/p>\n<p style=\"text-align: justify;\">El jefe de Gabinete de la Delegaci\u00f3n Presidencial, Ivo Gonz\u00e1lez, celebr\u00f3 los avances en la coordinaci\u00f3n entre los distintos actores log\u00edsticos y de seguridad. \u201cEstamos satisfechos con la participaci\u00f3n de todos los involucrados y confiamos en que podremos enfrentar los desaf\u00edos de estas Fiestas Patrias de manera segura y eficiente. Nuestro objetivo es que las actividades se desarrollen sin accidentes y con la menor interrupci\u00f3n posible\u201d, se\u00f1al\u00f3.<\/p>\n<p style=\"text-align: justify;\">Con estas medidas, San Antonio se prepara para enfrentar un periodo de alta actividad log\u00edstica y festiva, asegurando que las operaciones del puerto contin\u00faen con normalidad y minimizando el impacto en la comunidad local.<\/p>\n","protected":false},"excerpt":{"rendered":"<p style=\"text-align: justify;\">El Comit\u00e9 de Coordinaci\u00f3n Organismos P\u00fablicos (CCOP) sesion\u00f3 en las oficinas de la Empresa Portuaria San Antonio con el fin de planificar y coordinar las medidas para mantener la seguridad y la continuidad operacional del puerto en los d\u00edas previos y posteriores a los d\u00edas feriados de las Fiestas Patrias.<\/p>\n","protected":false},"author":1,"featured_media":16003,"comment_status":"open","ping_status":"open","sticky":false,"template":"","format":"standard","meta":{"_acf_changed":false,"jnews-multi-image_gallery":[],"jnews_single_post":[],"jnews_primary_category":[],"jnews_social_meta":[],"jnews_override_counter":[],"footnotes":""},"categories":[164],"tags":[],"class_list":["post-16004","post","type-post","status-publish","format-standard","has-post-thumbnail","hentry","category-noticias-clientes"],"acf":[],"yoast_head":"<!-- This site is optimized with the Yoast SEO plugin v27.2 - https:\/\/yoast.com\/product\/yoast-seo-wordpress\/ -->\n<title>COMUNIDAD LOG\u00cdSTICA DE SAN ANTONIO COORDINA ACCIONES PARA MANTENER LA SEGURIDAD Y OPERACI\u00d3N DEL PUERTO EN LOS D\u00cdAS PRE Y POST FIESTAS PATRIAS - Revista Logistec<\/title>\n<meta name=\"robots\" content=\"index, follow, max-snippet:-1, max-image-preview:large, max-video-preview:-1\" \/>\n<link rel=\"canonical\" href=\"https:\/\/www.revistalogistec.com\/index.php\/2024\/09\/11\/comunidad-logistica-de-san-antonio-coordina-acciones-para-mantener-la-seguridad-y-operacion-del-puerto-en-los-dias-pre-y-post-fiestas-patrias\/\" \/>\n<meta property=\"og:locale\" content=\"es_ES\" \/>\n<meta property=\"og:type\" content=\"article\" \/>\n<meta property=\"og:title\" content=\"COMUNIDAD LOG\u00cdSTICA DE SAN ANTONIO COORDINA ACCIONES PARA MANTENER LA SEGURIDAD Y OPERACI\u00d3N DEL PUERTO EN LOS D\u00cdAS PRE Y POST FIESTAS PATRIAS - Revista Logistec\" \/>\n<meta property=\"og:description\" content=\"El Comit\u00e9 de Coordinaci\u00f3n Organismos P\u00fablicos (CCOP) sesion\u00f3 en las oficinas de la Empresa Portuaria San Antonio con el fin de planificar y coordinar las medidas para mantener la seguridad y la continuidad operacional del puerto en los d\u00edas previos y posteriores a los d\u00edas feriados de las Fiestas Patrias.\" \/>\n<meta property=\"og:url\" content=\"https:\/\/www.revistalogistec.com\/index.php\/2024\/09\/11\/comunidad-logistica-de-san-antonio-coordina-acciones-para-mantener-la-seguridad-y-operacion-del-puerto-en-los-dias-pre-y-post-fiestas-patrias\/\" \/>\n<meta property=\"og:site_name\" content=\"Revista Logistec\" \/>\n<meta property=\"article:published_time\" content=\"2024-09-11T15:08:25+00:00\" \/>\n<meta property=\"article:modified_time\" content=\"2025-11-07T14:14:05+00:00\" \/>\n<meta property=\"og:image\" content=\"https:\/\/www.revistalogistec.com\/wp-content\/uploads\/2024\/09\/CCOP-AGOSTO-2024.jpg\" \/>\n\t<meta property=\"og:image:width\" content=\"850\" \/>\n\t<meta property=\"og:image:height\" content=\"530\" \/>\n\t<meta property=\"og:image:type\" content=\"image\/jpeg\" \/>\n<meta name=\"author\" content=\"admin\" \/>\n<meta name=\"twitter:card\" content=\"summary_large_image\" \/>\n<meta name=\"twitter:label1\" content=\"Escrito por\" \/>\n\t<meta name=\"twitter:data1\" content=\"admin\" \/>\n\t<meta name=\"twitter:label2\" content=\"Tiempo de lectura\" \/>\n\t<meta name=\"twitter:data2\" content=\"4 minutos\" \/>\n<script type=\"application\/ld+json\" class=\"yoast-schema-graph\">{\"@context\":\"https:\/\/schema.org\",\"@graph\":[{\"@type\":\"Article\",\"@id\":\"https:\/\/www.revistalogistec.com\/index.php\/2024\/09\/11\/comunidad-logistica-de-san-antonio-coordina-acciones-para-mantener-la-seguridad-y-operacion-del-puerto-en-los-dias-pre-y-post-fiestas-patrias\/#article\",\"isPartOf\":{\"@id\":\"https:\/\/www.revistalogistec.com\/index.php\/2024\/09\/11\/comunidad-logistica-de-san-antonio-coordina-acciones-para-mantener-la-seguridad-y-operacion-del-puerto-en-los-dias-pre-y-post-fiestas-patrias\/\"},\"author\":{\"name\":\"admin\",\"@id\":\"https:\/\/www.revistalogistec.com\/#\/schema\/person\/b25cced65507282f3fc6eb806b1db4f0\"},\"headline\":\"COMUNIDAD LOG\u00cdSTICA DE SAN ANTONIO COORDINA ACCIONES PARA MANTENER LA SEGURIDAD Y OPERACI\u00d3N DEL PUERTO EN LOS D\u00cdAS PRE Y POST FIESTAS PATRIAS\",\"datePublished\":\"2024-09-11T15:08:25+00:00\",\"dateModified\":\"2025-11-07T14:14:05+00:00\",\"mainEntityOfPage\":{\"@id\":\"https:\/\/www.revistalogistec.com\/index.php\/2024\/09\/11\/comunidad-logistica-de-san-antonio-coordina-acciones-para-mantener-la-seguridad-y-operacion-del-puerto-en-los-dias-pre-y-post-fiestas-patrias\/\"},\"wordCount\":820,\"commentCount\":0,\"image\":{\"@id\":\"https:\/\/www.revistalogistec.com\/index.php\/2024\/09\/11\/comunidad-logistica-de-san-antonio-coordina-acciones-para-mantener-la-seguridad-y-operacion-del-puerto-en-los-dias-pre-y-post-fiestas-patrias\/#primaryimage\"},\"thumbnailUrl\":\"https:\/\/www.revistalogistec.com\/wp-content\/uploads\/2024\/09\/CCOP-AGOSTO-2024.jpg\",\"articleSection\":[\"NOTICIAS CLIENTES\"],\"inLanguage\":\"es\"},{\"@type\":\"WebPage\",\"@id\":\"https:\/\/www.revistalogistec.com\/index.php\/2024\/09\/11\/comunidad-logistica-de-san-antonio-coordina-acciones-para-mantener-la-seguridad-y-operacion-del-puerto-en-los-dias-pre-y-post-fiestas-patrias\/\",\"url\":\"https:\/\/www.revistalogistec.com\/index.php\/2024\/09\/11\/comunidad-logistica-de-san-antonio-coordina-acciones-para-mantener-la-seguridad-y-operacion-del-puerto-en-los-dias-pre-y-post-fiestas-patrias\/\",\"name\":\"COMUNIDAD LOG\u00cdSTICA DE SAN ANTONIO COORDINA ACCIONES PARA MANTENER LA SEGURIDAD Y OPERACI\u00d3N DEL PUERTO EN LOS D\u00cdAS PRE Y POST FIESTAS PATRIAS - Revista Logistec\",\"isPartOf\":{\"@id\":\"https:\/\/www.revistalogistec.com\/#website\"},\"primaryImageOfPage\":{\"@id\":\"https:\/\/www.revistalogistec.com\/index.php\/2024\/09\/11\/comunidad-logistica-de-san-antonio-coordina-acciones-para-mantener-la-seguridad-y-operacion-del-puerto-en-los-dias-pre-y-post-fiestas-patrias\/#primaryimage\"},\"image\":{\"@id\":\"https:\/\/www.revistalogistec.com\/index.php\/2024\/09\/11\/comunidad-logistica-de-san-antonio-coordina-acciones-para-mantener-la-seguridad-y-operacion-del-puerto-en-los-dias-pre-y-post-fiestas-patrias\/#primaryimage\"},\"thumbnailUrl\":\"https:\/\/www.revistalogistec.com\/wp-content\/uploads\/2024\/09\/CCOP-AGOSTO-2024.jpg\",\"datePublished\":\"2024-09-11T15:08:25+00:00\",\"dateModified\":\"2025-11-07T14:14:05+00:00\",\"author\":{\"@id\":\"https:\/\/www.revistalogistec.com\/#\/schema\/person\/b25cced65507282f3fc6eb806b1db4f0\"},\"breadcrumb\":{\"@id\":\"https:\/\/www.revistalogistec.com\/index.php\/2024\/09\/11\/comunidad-logistica-de-san-antonio-coordina-acciones-para-mantener-la-seguridad-y-operacion-del-puerto-en-los-dias-pre-y-post-fiestas-patrias\/#breadcrumb\"},\"inLanguage\":\"es\",\"potentialAction\":[{\"@type\":\"ReadAction\",\"target\":[\"https:\/\/www.revistalogistec.com\/index.php\/2024\/09\/11\/comunidad-logistica-de-san-antonio-coordina-acciones-para-mantener-la-seguridad-y-operacion-del-puerto-en-los-dias-pre-y-post-fiestas-patrias\/\"]}]},{\"@type\":\"ImageObject\",\"inLanguage\":\"es\",\"@id\":\"https:\/\/www.revistalogistec.com\/index.php\/2024\/09\/11\/comunidad-logistica-de-san-antonio-coordina-acciones-para-mantener-la-seguridad-y-operacion-del-puerto-en-los-dias-pre-y-post-fiestas-patrias\/#primaryimage\",\"url\":\"https:\/\/www.revistalogistec.com\/wp-content\/uploads\/2024\/09\/CCOP-AGOSTO-2024.jpg\",\"contentUrl\":\"https:\/\/www.revistalogistec.com\/wp-content\/uploads\/2024\/09\/CCOP-AGOSTO-2024.jpg\",\"width\":850,\"height\":530},{\"@type\":\"BreadcrumbList\",\"@id\":\"https:\/\/www.revistalogistec.com\/index.php\/2024\/09\/11\/comunidad-logistica-de-san-antonio-coordina-acciones-para-mantener-la-seguridad-y-operacion-del-puerto-en-los-dias-pre-y-post-fiestas-patrias\/#breadcrumb\",\"itemListElement\":[{\"@type\":\"ListItem\",\"position\":1,\"name\":\"Portada\",\"item\":\"https:\/\/www.revistalogistec.com\/\"},{\"@type\":\"ListItem\",\"position\":2,\"name\":\"COMUNIDAD LOG\u00cdSTICA DE SAN ANTONIO COORDINA ACCIONES PARA MANTENER LA SEGURIDAD Y OPERACI\u00d3N DEL PUERTO EN LOS D\u00cdAS PRE Y POST FIESTAS PATRIAS\"}]},{\"@type\":\"WebSite\",\"@id\":\"https:\/\/www.revistalogistec.com\/#website\",\"url\":\"https:\/\/www.revistalogistec.com\/\",\"name\":\"Revista Logistec\",\"description\":\"\",\"potentialAction\":[{\"@type\":\"SearchAction\",\"target\":{\"@type\":\"EntryPoint\",\"urlTemplate\":\"https:\/\/www.revistalogistec.com\/?s={search_term_string}\"},\"query-input\":{\"@type\":\"PropertyValueSpecification\",\"valueRequired\":true,\"valueName\":\"search_term_string\"}}],\"inLanguage\":\"es\"},{\"@type\":\"Person\",\"@id\":\"https:\/\/www.revistalogistec.com\/#\/schema\/person\/b25cced65507282f3fc6eb806b1db4f0\",\"name\":\"admin\",\"image\":{\"@type\":\"ImageObject\",\"inLanguage\":\"es\",\"@id\":\"https:\/\/secure.gravatar.com\/avatar\/94631f712dee24b50f2f12a7caf62df22b2c346945fcff655ce85b674bebf6fd?s=96&d=mm&r=g\",\"url\":\"https:\/\/secure.gravatar.com\/avatar\/94631f712dee24b50f2f12a7caf62df22b2c346945fcff655ce85b674bebf6fd?s=96&d=mm&r=g\",\"contentUrl\":\"https:\/\/secure.gravatar.com\/avatar\/94631f712dee24b50f2f12a7caf62df22b2c346945fcff655ce85b674bebf6fd?s=96&d=mm&r=g\",\"caption\":\"admin\"},\"sameAs\":[\"https:\/\/www.revistalogistec.com\"],\"url\":\"https:\/\/www.revistalogistec.com\/index.php\/author\/admin_revlog\/\"}]}<\/script>\n<!-- \/ Yoast SEO plugin. -->","yoast_head_json":{"title":"COMUNIDAD LOG\u00cdSTICA DE SAN ANTONIO COORDINA ACCIONES PARA MANTENER LA SEGURIDAD Y OPERACI\u00d3N DEL PUERTO EN LOS D\u00cdAS PRE Y POST FIESTAS PATRIAS - Revista Logistec","robots":{"index":"index","follow":"follow","max-snippet":"max-snippet:-1","max-image-preview":"max-image-preview:large","max-video-preview":"max-video-preview:-1"},"canonical":"https:\/\/www.revistalogistec.com\/index.php\/2024\/09\/11\/comunidad-logistica-de-san-antonio-coordina-acciones-para-mantener-la-seguridad-y-operacion-del-puerto-en-los-dias-pre-y-post-fiestas-patrias\/","og_locale":"es_ES","og_type":"article","og_title":"COMUNIDAD LOG\u00cdSTICA DE SAN ANTONIO COORDINA ACCIONES PARA MANTENER LA SEGURIDAD Y OPERACI\u00d3N DEL PUERTO EN LOS D\u00cdAS PRE Y POST FIESTAS PATRIAS - Revista Logistec","og_description":"El Comit\u00e9 de Coordinaci\u00f3n Organismos P\u00fablicos (CCOP) sesion\u00f3 en las oficinas de la Empresa Portuaria San Antonio con el fin de planificar y coordinar las medidas para mantener la seguridad y la continuidad operacional del puerto en los d\u00edas previos y posteriores a los d\u00edas feriados de las Fiestas Patrias.","og_url":"https:\/\/www.revistalogistec.com\/index.php\/2024\/09\/11\/comunidad-logistica-de-san-antonio-coordina-acciones-para-mantener-la-seguridad-y-operacion-del-puerto-en-los-dias-pre-y-post-fiestas-patrias\/","og_site_name":"Revista Logistec","article_published_time":"2024-09-11T15:08:25+00:00","article_modified_time":"2025-11-07T14:14:05+00:00","og_image":[{"width":850,"height":530,"url":"https:\/\/www.revistalogistec.com\/wp-content\/uploads\/2024\/09\/CCOP-AGOSTO-2024.jpg","type":"image\/jpeg"}],"author":"admin","twitter_card":"summary_large_image","twitter_misc":{"Escrito por":"admin","Tiempo de lectura":"4 minutos"},"schema":{"@context":"https:\/\/schema.org","@graph":[{"@type":"Article","@id":"https:\/\/www.revistalogistec.com\/index.php\/2024\/09\/11\/comunidad-logistica-de-san-antonio-coordina-acciones-para-mantener-la-seguridad-y-operacion-del-puerto-en-los-dias-pre-y-post-fiestas-patrias\/#article","isPartOf":{"@id":"https:\/\/www.revistalogistec.com\/index.php\/2024\/09\/11\/comunidad-logistica-de-san-antonio-coordina-acciones-para-mantener-la-seguridad-y-operacion-del-puerto-en-los-dias-pre-y-post-fiestas-patrias\/"},"author":{"name":"admin","@id":"https:\/\/www.revistalogistec.com\/#\/schema\/person\/b25cced65507282f3fc6eb806b1db4f0"},"headline":"COMUNIDAD LOG\u00cdSTICA DE SAN ANTONIO COORDINA ACCIONES PARA MANTENER LA SEGURIDAD Y OPERACI\u00d3N DEL PUERTO EN LOS D\u00cdAS PRE Y POST FIESTAS PATRIAS","datePublished":"2024-09-11T15:08:25+00:00","dateModified":"2025-11-07T14:14:05+00:00","mainEntityOfPage":{"@id":"https:\/\/www.revistalogistec.com\/index.php\/2024\/09\/11\/comunidad-logistica-de-san-antonio-coordina-acciones-para-mantener-la-seguridad-y-operacion-del-puerto-en-los-dias-pre-y-post-fiestas-patrias\/"},"wordCount":820,"commentCount":0,"image":{"@id":"https:\/\/www.revistalogistec.com\/index.php\/2024\/09\/11\/comunidad-logistica-de-san-antonio-coordina-acciones-para-mantener-la-seguridad-y-operacion-del-puerto-en-los-dias-pre-y-post-fiestas-patrias\/#primaryimage"},"thumbnailUrl":"https:\/\/www.revistalogistec.com\/wp-content\/uploads\/2024\/09\/CCOP-AGOSTO-2024.jpg","articleSection":["NOTICIAS CLIENTES"],"inLanguage":"es"},{"@type":"WebPage","@id":"https:\/\/www.revistalogistec.com\/index.php\/2024\/09\/11\/comunidad-logistica-de-san-antonio-coordina-acciones-para-mantener-la-seguridad-y-operacion-del-puerto-en-los-dias-pre-y-post-fiestas-patrias\/","url":"https:\/\/www.revistalogistec.com\/index.php\/2024\/09\/11\/comunidad-logistica-de-san-antonio-coordina-acciones-para-mantener-la-seguridad-y-operacion-del-puerto-en-los-dias-pre-y-post-fiestas-patrias\/","name":"COMUNIDAD LOG\u00cdSTICA DE SAN ANTONIO COORDINA ACCIONES PARA MANTENER LA SEGURIDAD Y OPERACI\u00d3N DEL PUERTO EN LOS D\u00cdAS PRE Y POST FIESTAS PATRIAS - Revista Logistec","isPartOf":{"@id":"https:\/\/www.revistalogistec.com\/#website"},"primaryImageOfPage":{"@id":"https:\/\/www.revistalogistec.com\/index.php\/2024\/09\/11\/comunidad-logistica-de-san-antonio-coordina-acciones-para-mantener-la-seguridad-y-operacion-del-puerto-en-los-dias-pre-y-post-fiestas-patrias\/#primaryimage"},"image":{"@id":"https:\/\/www.revistalogistec.com\/index.php\/2024\/09\/11\/comunidad-logistica-de-san-antonio-coordina-acciones-para-mantener-la-seguridad-y-operacion-del-puerto-en-los-dias-pre-y-post-fiestas-patrias\/#primaryimage"},"thumbnailUrl":"https:\/\/www.revistalogistec.com\/wp-content\/uploads\/2024\/09\/CCOP-AGOSTO-2024.jpg","datePublished":"2024-09-11T15:08:25+00:00","dateModified":"2025-11-07T14:14:05+00:00","author":{"@id":"https:\/\/www.revistalogistec.com\/#\/schema\/person\/b25cced65507282f3fc6eb806b1db4f0"},"breadcrumb":{"@id":"https:\/\/www.revistalogistec.com\/index.php\/2024\/09\/11\/comunidad-logistica-de-san-antonio-coordina-acciones-para-mantener-la-seguridad-y-operacion-del-puerto-en-los-dias-pre-y-post-fiestas-patrias\/#breadcrumb"},"inLanguage":"es","potentialAction":[{"@type":"ReadAction","target":["https:\/\/www.revistalogistec.com\/index.php\/2024\/09\/11\/comunidad-logistica-de-san-antonio-coordina-acciones-para-mantener-la-seguridad-y-operacion-del-puerto-en-los-dias-pre-y-post-fiestas-patrias\/"]}]},{"@type":"ImageObject","inLanguage":"es","@id":"https:\/\/www.revistalogistec.com\/index.php\/2024\/09\/11\/comunidad-logistica-de-san-antonio-coordina-acciones-para-mantener-la-seguridad-y-operacion-del-puerto-en-los-dias-pre-y-post-fiestas-patrias\/#primaryimage","url":"https:\/\/www.revistalogistec.com\/wp-content\/uploads\/2024\/09\/CCOP-AGOSTO-2024.jpg","contentUrl":"https:\/\/www.revistalogistec.com\/wp-content\/uploads\/2024\/09\/CCOP-AGOSTO-2024.jpg","width":850,"height":530},{"@type":"BreadcrumbList","@id":"https:\/\/www.revistalogistec.com\/index.php\/2024\/09\/11\/comunidad-logistica-de-san-antonio-coordina-acciones-para-mantener-la-seguridad-y-operacion-del-puerto-en-los-dias-pre-y-post-fiestas-patrias\/#breadcrumb","itemListElement":[{"@type":"ListItem","position":1,"name":"Portada","item":"https:\/\/www.revistalogistec.com\/"},{"@type":"ListItem","position":2,"name":"COMUNIDAD LOG\u00cdSTICA DE SAN ANTONIO COORDINA ACCIONES PARA MANTENER LA SEGURIDAD Y OPERACI\u00d3N DEL PUERTO EN LOS D\u00cdAS PRE Y POST FIESTAS PATRIAS"}]},{"@type":"WebSite","@id":"https:\/\/www.revistalogistec.com\/#website","url":"https:\/\/www.revistalogistec.com\/","name":"Revista Logistec","description":"","potentialAction":[{"@type":"SearchAction","target":{"@type":"EntryPoint","urlTemplate":"https:\/\/www.revistalogistec.com\/?s={search_term_string}"},"query-input":{"@type":"PropertyValueSpecification","valueRequired":true,"valueName":"search_term_string"}}],"inLanguage":"es"},{"@type":"Person","@id":"https:\/\/www.revistalogistec.com\/#\/schema\/person\/b25cced65507282f3fc6eb806b1db4f0","name":"admin","image":{"@type":"ImageObject","inLanguage":"es","@id":"https:\/\/secure.gravatar.com\/avatar\/94631f712dee24b50f2f12a7caf62df22b2c346945fcff655ce85b674bebf6fd?s=96&d=mm&r=g","url":"https:\/\/secure.gravatar.com\/avatar\/94631f712dee24b50f2f12a7caf62df22b2c346945fcff655ce85b674bebf6fd?s=96&d=mm&r=g","contentUrl":"https:\/\/secure.gravatar.com\/avatar\/94631f712dee24b50f2f12a7caf62df22b2c346945fcff655ce85b674bebf6fd?s=96&d=mm&r=g","caption":"admin"},"sameAs":["https:\/\/www.revistalogistec.com"],"url":"https:\/\/www.revistalogistec.com\/index.php\/author\/admin_revlog\/"}]}},"_links":{"self":[{"href":"https:\/\/www.revistalogistec.com\/index.php\/wp-json\/wp\/v2\/posts\/16004","targetHints":{"allow":["GET"]}}],"collection":[{"href":"https:\/\/www.revistalogistec.com\/index.php\/wp-json\/wp\/v2\/posts"}],"about":[{"href":"https:\/\/www.revistalogistec.com\/index.php\/wp-json\/wp\/v2\/types\/post"}],"author":[{"embeddable":true,"href":"https:\/\/www.revistalogistec.com\/index.php\/wp-json\/wp\/v2\/users\/1"}],"replies":[{"embeddable":true,"href":"https:\/\/www.revistalogistec.com\/index.php\/wp-json\/wp\/v2\/comments?post=16004"}],"version-history":[{"count":0,"href":"https:\/\/www.revistalogistec.com\/index.php\/wp-json\/wp\/v2\/posts\/16004\/revisions"}],"wp:featuredmedia":[{"embeddable":true,"href":"https:\/\/www.revistalogistec.com\/index.php\/wp-json\/wp\/v2\/media\/16003"}],"wp:attachment":[{"href":"https:\/\/www.revistalogistec.com\/index.php\/wp-json\/wp\/v2\/media?parent=16004"}],"wp:term":[{"taxonomy":"category","embeddable":true,"href":"https:\/\/www.revistalogistec.com\/index.php\/wp-json\/wp\/v2\/categories?post=16004"},{"taxonomy":"post_tag","embeddable":true,"href":"https:\/\/www.revistalogistec.com\/index.php\/wp-json\/wp\/v2\/tags?post=16004"}],"curies":[{"name":"wp","href":"https:\/\/api.w.org\/{rel}","templated":true}]}}