{"id":16374,"date":"2024-11-19T16:19:20","date_gmt":"2024-11-19T16:19:20","guid":{"rendered":"https:\/\/www.revistalogistec.com\/index.php\/2024\/11\/19\/prorep-aun-estamos-a-tiempo-de-corregir-las-distorsiones-asociadas-a-la-ley-rep\/"},"modified":"2024-11-19T16:19:20","modified_gmt":"2024-11-19T16:19:20","slug":"prorep-aun-estamos-a-tiempo-de-corregir-las-distorsiones-asociadas-a-la-ley-rep","status":"publish","type":"post","link":"https:\/\/www.revistalogistec.com\/index.php\/2024\/11\/19\/prorep-aun-estamos-a-tiempo-de-corregir-las-distorsiones-asociadas-a-la-ley-rep\/","title":{"rendered":"PROREP: \u201cA\u00daN ESTAMOS A TIEMPO DE CORREGIR LAS DISTORSIONES ASOCIADAS A LA LEY REP\u201d"},"content":{"rendered":"<p style=\"text-align: justify;\">Pedro \u00c1lamos, Gerente General del Sistema de Gesti\u00f3n exclusivo para Envases y Embalajes no domiciliarios, propone reforzar la adhesi\u00f3n de las empresas afectas a trav\u00e9s de una mayor comunicaci\u00f3n de la normativa, fiscalizaciones e incentivos.<\/p>\n<p style=\"text-align: justify;\">La etapa de Envases y Embalajes de la Ley 20.920 de Responsabilidad Extendida del Productor y Fomento al Reciclaje (REP) cumpli\u00f3 en septiembre un a\u00f1o calendario desde su implementaci\u00f3n, normativa que estableci\u00f3 obligaciones y metas ambiciosas para el sector industrial, que es responsable del 40% del total de los residuos de Envases y Embalajes generados en el pa\u00eds.<\/p>\n<p style=\"text-align: justify;\">Por ser el \u00fanico Sistema de Gesti\u00f3n en Chile dedicado exclusivamente para Envases y Embalajes no domiciliarios, ProREP tiene un diagn\u00f3stico especializado de lo que est\u00e1 sucediendo en el sector industrial. \u201cEl 2023 fue un periodo de declaraci\u00f3n corto de tres meses y sirvi\u00f3 de aprendizaje tanto para la autoridad como para los actores regulados. Este 2024 entramos a una fase de ajuste que requiere la participaci\u00f3n de todos los involucrados. Nuestra opini\u00f3n es que a\u00fan estamos a tiempo de corregir las distorsiones asociadas a la Ley REP\u201d, sostiene su Gerente General, Pedro \u00c1lamos.<\/p>\n<p style=\"text-align: justify;\">El ejecutivo advierte sobre la distorsi\u00f3n de mercado que se puede generar debido a la baja adhesi\u00f3n de las empresas afectas, que son los Productores que ponen Envases y Embalajes en el mercado. Por lo tanto, regula a miles de empresas en casi todas las industrias, a diferencia de otros productos prioritarios que involucra solo a unos cientos en nichos espec\u00edficos. \u201cQue un 85% de estas empresas se est\u00e9 restando, impide que tengamos una buena l\u00ednea base para medir c\u00f3mo vamos en las metas de valorizaci\u00f3n.<\/p>\n<p style=\"text-align: justify;\">Adem\u00e1s, hace que las empresas que s\u00ed est\u00e1n dentro de los Sistemas de Gesti\u00f3n autorizados est\u00e9n absorbiendo el costo y el esfuerzo del cumplimiento de la normativa, lo que no es sostenible en el tiempo\u201d.<\/p>\n<p style=\"text-align: justify;\">El an\u00e1lisis de ProREP es que esto ocurre por desconocimiento o por omisi\u00f3n de las empresas afectas. \u201cMuchas de ellas sienten que cumplir con la Ley REP es un costo o un impuesto adicional\u201d, se\u00f1ala \u00c1lamos. Para resolverlo, recomienda fortalecer la comunicaci\u00f3n e informaci\u00f3n desde una perspectiva positiva de la econom\u00eda circular, destacando sus beneficios econ\u00f3micos y ambientales. \u201cHasta ahora creemos que esta responsabilidad se ha delegado solo en los Sistema de Gesti\u00f3n, y aqu\u00ed debe estar la autoridad, en un esfuerzo mancomunado y robusto, donde tambi\u00e9n pueden colaborar los gremios\u201d.<\/p>\n<p style=\"text-align: justify;\">As\u00ed como la ley considera incentivos para ayudar a los Consumidores Industriales a mejorar sus tasas de reciclaje, \u00c1lamos propone que se establezcan tambi\u00e9n incentivos de parte de la autoridad para los Productores que s\u00ed cumplan la normativa, a trav\u00e9s de subsidios o subvenciones.<\/p>\n<p style=\"text-align: justify;\">Se\u00f1ala que otro aspecto importante para abordar en el sector industrial es mejorar la segregaci\u00f3n y trazabilidad de los residuos. \u201cMuchas empresas que son Consumidores Industriales no est\u00e1n realizando una correcta segregaci\u00f3n de residuos, lo que tiene un impacto negativo dado que residuos potencialmente valorizables est\u00e1n terminando en un vertedero\u201d, asegura.<\/p>\n<p style=\"text-align: justify;\">El apoyo t\u00e9cnico y la capacitaci\u00f3n aqu\u00ed es fundamental, considerando las distintas materialidades y complejidades de cada industria, que es una tarea que desde ProREP ya est\u00e1n abordando a trav\u00e9s de su participaci\u00f3n en el Acuerdo de Producci\u00f3n Limpia de \u00abIndustria de Manejo y Valorizaci\u00f3n de Residuos de Envases No Domiciliarios en Chile\u00bb y los Proyectos Circulares que est\u00e1 desarrollando en conjunto con sus empresas socias para abordar los desaf\u00edos para la industria en materia de cumplimiento de la Ley REP.<\/p>\n<p style=\"text-align: justify;\">\u201cCreemos firmemente que activar instancias colaborativas multisectoriales p\u00fablico-privadas, son el camino correcto para cumplir el objetivo final, que es aumentar las tasas de reciclaje del pa\u00eds\u201d.<\/p>\n<p style=\"text-align: justify;\">Uno de los temas que el ejecutivo descarta es la revisi\u00f3n de metas y plazos ya establecidos para Envases y Embalajes no domiciliarios, una alternativa que considera la Ley REP cada cinco a\u00f1os. \u201cSer\u00eda una muy mala se\u00f1al porque desincentivar\u00eda las inversiones y la instalaci\u00f3n de capacidades que nuestro pa\u00eds requiere con urgencia, sobre todo en regiones\u201d. Por el contrario, plantea la necesidad de que la autoridad ambiental comience las fiscalizaciones para que el riesgo de las multas \u2014que pueden llegar hasta 10 mil Unidades Tributarias Anuales (UTA) \u2014 sea una realidad tangible.<\/p>\n<p style=\"text-align: justify;\">Finalmente, Pedro \u00c1lamos advierte sobre el peligro de caer en la sobrerregulaci\u00f3n. \u201cUn ejemplo de ello es art\u00edculo 2.084 que impone a los Sistemas de Gesti\u00f3n una declaraci\u00f3n mensual que no tiene mucha raz\u00f3n de solicitarse, ya que duplica informaci\u00f3n que ya se entrega por otras v\u00edas\u201d. En este sentido, enfatiza la necesidad de reenfocar los esfuerzos en elaborar los reglamentos que est\u00e1n pendientes del dise\u00f1o normativo, que son claves para que la Ley REP tenga \u00e9xito, como aquellos asociados a ecodise\u00f1o, proyectos para la reducci\u00f3n de residuos, entre otros.<\/p>\n<p style=\"text-align: justify;\">Sobre ProREP: \u00danico Sistema de Gesti\u00f3n exclusivo de Envases y Embalajes Industriales, que cumple el rol de ser el instrumento para que las empresas afectas a la Ley REP cumplan con las metas de valorizaci\u00f3n y otras obligaciones que exige la normativa. Es una corporaci\u00f3n sin fines de lucro que cuenta actualmente con m\u00e1s de 550 empresas socias, \u00fanico Sistema de Gesti\u00f3n de Latinoam\u00e9rica miembro de la Asociaci\u00f3n Europea de Organizaciones de Reciclado y Recuperaci\u00f3n de Pl\u00e1sticos (EPRO) y cuenta con el respaldo internacional de RIGK y Valipac, dos Sistemas de Gesti\u00f3n consolidados en Europa.<\/p>\n","protected":false},"excerpt":{"rendered":"<p style=\"text-align: justify;\">Pedro \u00c1lamos, Gerente General del Sistema de Gesti\u00f3n exclusivo para Envases y Embalajes no domiciliarios, propone reforzar la adhesi\u00f3n de las empresas afectas a trav\u00e9s de una mayor comunicaci\u00f3n de la normativa, fiscalizaciones e incentivos.<\/p>\n","protected":false},"author":1,"featured_media":16373,"comment_status":"open","ping_status":"open","sticky":false,"template":"","format":"standard","meta":{"_acf_changed":false,"jnews-multi-image_gallery":[],"jnews_single_post":[],"jnews_primary_category":[],"jnews_social_meta":[],"jnews_override_counter":[],"footnotes":""},"categories":[12],"tags":[],"class_list":["post-16374","post","type-post","status-publish","format-standard","has-post-thumbnail","hentry","category-noticias-industria"],"acf":[],"yoast_head":"<!-- This site is optimized with the Yoast SEO plugin v27.2 - https:\/\/yoast.com\/product\/yoast-seo-wordpress\/ -->\n<title>PROREP: \u201cA\u00daN ESTAMOS A TIEMPO DE CORREGIR LAS DISTORSIONES ASOCIADAS A LA LEY REP\u201d - Revista Logistec<\/title>\n<meta name=\"robots\" content=\"index, follow, max-snippet:-1, max-image-preview:large, max-video-preview:-1\" \/>\n<link rel=\"canonical\" href=\"https:\/\/www.revistalogistec.com\/index.php\/2024\/11\/19\/prorep-aun-estamos-a-tiempo-de-corregir-las-distorsiones-asociadas-a-la-ley-rep\/\" \/>\n<meta property=\"og:locale\" content=\"es_ES\" \/>\n<meta property=\"og:type\" content=\"article\" \/>\n<meta property=\"og:title\" content=\"PROREP: \u201cA\u00daN ESTAMOS A TIEMPO DE CORREGIR LAS DISTORSIONES ASOCIADAS A LA LEY REP\u201d - Revista Logistec\" \/>\n<meta property=\"og:description\" content=\"Pedro \u00c1lamos, Gerente General del Sistema de Gesti\u00f3n exclusivo para Envases y Embalajes no domiciliarios, propone reforzar la adhesi\u00f3n de las empresas afectas a trav\u00e9s de una mayor comunicaci\u00f3n de la normativa, fiscalizaciones e incentivos.\" \/>\n<meta property=\"og:url\" content=\"https:\/\/www.revistalogistec.com\/index.php\/2024\/11\/19\/prorep-aun-estamos-a-tiempo-de-corregir-las-distorsiones-asociadas-a-la-ley-rep\/\" \/>\n<meta property=\"og:site_name\" content=\"Revista Logistec\" \/>\n<meta property=\"article:published_time\" content=\"2024-11-19T16:19:20+00:00\" \/>\n<meta property=\"og:image\" content=\"https:\/\/www.revistalogistec.com\/wp-content\/uploads\/2024\/11\/operador-montacargas.jpg\" \/>\n\t<meta property=\"og:image:width\" content=\"850\" \/>\n\t<meta property=\"og:image:height\" content=\"530\" \/>\n\t<meta property=\"og:image:type\" content=\"image\/jpeg\" \/>\n<meta name=\"author\" content=\"admin\" \/>\n<meta name=\"twitter:card\" content=\"summary_large_image\" \/>\n<meta name=\"twitter:label1\" content=\"Escrito por\" \/>\n\t<meta name=\"twitter:data1\" content=\"admin\" \/>\n\t<meta name=\"twitter:label2\" content=\"Tiempo de lectura\" \/>\n\t<meta name=\"twitter:data2\" content=\"5 minutos\" \/>\n<script type=\"application\/ld+json\" class=\"yoast-schema-graph\">{\"@context\":\"https:\/\/schema.org\",\"@graph\":[{\"@type\":\"Article\",\"@id\":\"https:\/\/www.revistalogistec.com\/index.php\/2024\/11\/19\/prorep-aun-estamos-a-tiempo-de-corregir-las-distorsiones-asociadas-a-la-ley-rep\/#article\",\"isPartOf\":{\"@id\":\"https:\/\/www.revistalogistec.com\/index.php\/2024\/11\/19\/prorep-aun-estamos-a-tiempo-de-corregir-las-distorsiones-asociadas-a-la-ley-rep\/\"},\"author\":{\"name\":\"admin\",\"@id\":\"https:\/\/www.revistalogistec.com\/#\/schema\/person\/b25cced65507282f3fc6eb806b1db4f0\"},\"headline\":\"PROREP: \u201cA\u00daN ESTAMOS A TIEMPO DE CORREGIR LAS DISTORSIONES ASOCIADAS A LA LEY REP\u201d\",\"datePublished\":\"2024-11-19T16:19:20+00:00\",\"mainEntityOfPage\":{\"@id\":\"https:\/\/www.revistalogistec.com\/index.php\/2024\/11\/19\/prorep-aun-estamos-a-tiempo-de-corregir-las-distorsiones-asociadas-a-la-ley-rep\/\"},\"wordCount\":962,\"commentCount\":0,\"image\":{\"@id\":\"https:\/\/www.revistalogistec.com\/index.php\/2024\/11\/19\/prorep-aun-estamos-a-tiempo-de-corregir-las-distorsiones-asociadas-a-la-ley-rep\/#primaryimage\"},\"thumbnailUrl\":\"https:\/\/www.revistalogistec.com\/wp-content\/uploads\/2024\/11\/operador-montacargas.jpg\",\"articleSection\":[\"NOTICIAS INDUSTRIA\"],\"inLanguage\":\"es\"},{\"@type\":\"WebPage\",\"@id\":\"https:\/\/www.revistalogistec.com\/index.php\/2024\/11\/19\/prorep-aun-estamos-a-tiempo-de-corregir-las-distorsiones-asociadas-a-la-ley-rep\/\",\"url\":\"https:\/\/www.revistalogistec.com\/index.php\/2024\/11\/19\/prorep-aun-estamos-a-tiempo-de-corregir-las-distorsiones-asociadas-a-la-ley-rep\/\",\"name\":\"PROREP: \u201cA\u00daN ESTAMOS A TIEMPO DE CORREGIR LAS DISTORSIONES ASOCIADAS A LA LEY REP\u201d - Revista Logistec\",\"isPartOf\":{\"@id\":\"https:\/\/www.revistalogistec.com\/#website\"},\"primaryImageOfPage\":{\"@id\":\"https:\/\/www.revistalogistec.com\/index.php\/2024\/11\/19\/prorep-aun-estamos-a-tiempo-de-corregir-las-distorsiones-asociadas-a-la-ley-rep\/#primaryimage\"},\"image\":{\"@id\":\"https:\/\/www.revistalogistec.com\/index.php\/2024\/11\/19\/prorep-aun-estamos-a-tiempo-de-corregir-las-distorsiones-asociadas-a-la-ley-rep\/#primaryimage\"},\"thumbnailUrl\":\"https:\/\/www.revistalogistec.com\/wp-content\/uploads\/2024\/11\/operador-montacargas.jpg\",\"datePublished\":\"2024-11-19T16:19:20+00:00\",\"author\":{\"@id\":\"https:\/\/www.revistalogistec.com\/#\/schema\/person\/b25cced65507282f3fc6eb806b1db4f0\"},\"breadcrumb\":{\"@id\":\"https:\/\/www.revistalogistec.com\/index.php\/2024\/11\/19\/prorep-aun-estamos-a-tiempo-de-corregir-las-distorsiones-asociadas-a-la-ley-rep\/#breadcrumb\"},\"inLanguage\":\"es\",\"potentialAction\":[{\"@type\":\"ReadAction\",\"target\":[\"https:\/\/www.revistalogistec.com\/index.php\/2024\/11\/19\/prorep-aun-estamos-a-tiempo-de-corregir-las-distorsiones-asociadas-a-la-ley-rep\/\"]}]},{\"@type\":\"ImageObject\",\"inLanguage\":\"es\",\"@id\":\"https:\/\/www.revistalogistec.com\/index.php\/2024\/11\/19\/prorep-aun-estamos-a-tiempo-de-corregir-las-distorsiones-asociadas-a-la-ley-rep\/#primaryimage\",\"url\":\"https:\/\/www.revistalogistec.com\/wp-content\/uploads\/2024\/11\/operador-montacargas.jpg\",\"contentUrl\":\"https:\/\/www.revistalogistec.com\/wp-content\/uploads\/2024\/11\/operador-montacargas.jpg\",\"width\":850,\"height\":530},{\"@type\":\"BreadcrumbList\",\"@id\":\"https:\/\/www.revistalogistec.com\/index.php\/2024\/11\/19\/prorep-aun-estamos-a-tiempo-de-corregir-las-distorsiones-asociadas-a-la-ley-rep\/#breadcrumb\",\"itemListElement\":[{\"@type\":\"ListItem\",\"position\":1,\"name\":\"Portada\",\"item\":\"https:\/\/www.revistalogistec.com\/\"},{\"@type\":\"ListItem\",\"position\":2,\"name\":\"PROREP: \u201cA\u00daN ESTAMOS A TIEMPO DE CORREGIR LAS DISTORSIONES ASOCIADAS A LA LEY REP\u201d\"}]},{\"@type\":\"WebSite\",\"@id\":\"https:\/\/www.revistalogistec.com\/#website\",\"url\":\"https:\/\/www.revistalogistec.com\/\",\"name\":\"Revista Logistec\",\"description\":\"\",\"potentialAction\":[{\"@type\":\"SearchAction\",\"target\":{\"@type\":\"EntryPoint\",\"urlTemplate\":\"https:\/\/www.revistalogistec.com\/?s={search_term_string}\"},\"query-input\":{\"@type\":\"PropertyValueSpecification\",\"valueRequired\":true,\"valueName\":\"search_term_string\"}}],\"inLanguage\":\"es\"},{\"@type\":\"Person\",\"@id\":\"https:\/\/www.revistalogistec.com\/#\/schema\/person\/b25cced65507282f3fc6eb806b1db4f0\",\"name\":\"admin\",\"image\":{\"@type\":\"ImageObject\",\"inLanguage\":\"es\",\"@id\":\"https:\/\/secure.gravatar.com\/avatar\/94631f712dee24b50f2f12a7caf62df22b2c346945fcff655ce85b674bebf6fd?s=96&d=mm&r=g\",\"url\":\"https:\/\/secure.gravatar.com\/avatar\/94631f712dee24b50f2f12a7caf62df22b2c346945fcff655ce85b674bebf6fd?s=96&d=mm&r=g\",\"contentUrl\":\"https:\/\/secure.gravatar.com\/avatar\/94631f712dee24b50f2f12a7caf62df22b2c346945fcff655ce85b674bebf6fd?s=96&d=mm&r=g\",\"caption\":\"admin\"},\"sameAs\":[\"https:\/\/www.revistalogistec.com\"],\"url\":\"https:\/\/www.revistalogistec.com\/index.php\/author\/admin_revlog\/\"}]}<\/script>\n<!-- \/ Yoast SEO plugin. -->","yoast_head_json":{"title":"PROREP: \u201cA\u00daN ESTAMOS A TIEMPO DE CORREGIR LAS DISTORSIONES ASOCIADAS A LA LEY REP\u201d - Revista Logistec","robots":{"index":"index","follow":"follow","max-snippet":"max-snippet:-1","max-image-preview":"max-image-preview:large","max-video-preview":"max-video-preview:-1"},"canonical":"https:\/\/www.revistalogistec.com\/index.php\/2024\/11\/19\/prorep-aun-estamos-a-tiempo-de-corregir-las-distorsiones-asociadas-a-la-ley-rep\/","og_locale":"es_ES","og_type":"article","og_title":"PROREP: \u201cA\u00daN ESTAMOS A TIEMPO DE CORREGIR LAS DISTORSIONES ASOCIADAS A LA LEY REP\u201d - Revista Logistec","og_description":"Pedro \u00c1lamos, Gerente General del Sistema de Gesti\u00f3n exclusivo para Envases y Embalajes no domiciliarios, propone reforzar la adhesi\u00f3n de las empresas afectas a trav\u00e9s de una mayor comunicaci\u00f3n de la normativa, fiscalizaciones e incentivos.","og_url":"https:\/\/www.revistalogistec.com\/index.php\/2024\/11\/19\/prorep-aun-estamos-a-tiempo-de-corregir-las-distorsiones-asociadas-a-la-ley-rep\/","og_site_name":"Revista Logistec","article_published_time":"2024-11-19T16:19:20+00:00","og_image":[{"width":850,"height":530,"url":"https:\/\/www.revistalogistec.com\/wp-content\/uploads\/2024\/11\/operador-montacargas.jpg","type":"image\/jpeg"}],"author":"admin","twitter_card":"summary_large_image","twitter_misc":{"Escrito por":"admin","Tiempo de lectura":"5 minutos"},"schema":{"@context":"https:\/\/schema.org","@graph":[{"@type":"Article","@id":"https:\/\/www.revistalogistec.com\/index.php\/2024\/11\/19\/prorep-aun-estamos-a-tiempo-de-corregir-las-distorsiones-asociadas-a-la-ley-rep\/#article","isPartOf":{"@id":"https:\/\/www.revistalogistec.com\/index.php\/2024\/11\/19\/prorep-aun-estamos-a-tiempo-de-corregir-las-distorsiones-asociadas-a-la-ley-rep\/"},"author":{"name":"admin","@id":"https:\/\/www.revistalogistec.com\/#\/schema\/person\/b25cced65507282f3fc6eb806b1db4f0"},"headline":"PROREP: \u201cA\u00daN ESTAMOS A TIEMPO DE CORREGIR LAS DISTORSIONES ASOCIADAS A LA LEY REP\u201d","datePublished":"2024-11-19T16:19:20+00:00","mainEntityOfPage":{"@id":"https:\/\/www.revistalogistec.com\/index.php\/2024\/11\/19\/prorep-aun-estamos-a-tiempo-de-corregir-las-distorsiones-asociadas-a-la-ley-rep\/"},"wordCount":962,"commentCount":0,"image":{"@id":"https:\/\/www.revistalogistec.com\/index.php\/2024\/11\/19\/prorep-aun-estamos-a-tiempo-de-corregir-las-distorsiones-asociadas-a-la-ley-rep\/#primaryimage"},"thumbnailUrl":"https:\/\/www.revistalogistec.com\/wp-content\/uploads\/2024\/11\/operador-montacargas.jpg","articleSection":["NOTICIAS INDUSTRIA"],"inLanguage":"es"},{"@type":"WebPage","@id":"https:\/\/www.revistalogistec.com\/index.php\/2024\/11\/19\/prorep-aun-estamos-a-tiempo-de-corregir-las-distorsiones-asociadas-a-la-ley-rep\/","url":"https:\/\/www.revistalogistec.com\/index.php\/2024\/11\/19\/prorep-aun-estamos-a-tiempo-de-corregir-las-distorsiones-asociadas-a-la-ley-rep\/","name":"PROREP: \u201cA\u00daN ESTAMOS A TIEMPO DE CORREGIR LAS DISTORSIONES ASOCIADAS A LA LEY REP\u201d - Revista Logistec","isPartOf":{"@id":"https:\/\/www.revistalogistec.com\/#website"},"primaryImageOfPage":{"@id":"https:\/\/www.revistalogistec.com\/index.php\/2024\/11\/19\/prorep-aun-estamos-a-tiempo-de-corregir-las-distorsiones-asociadas-a-la-ley-rep\/#primaryimage"},"image":{"@id":"https:\/\/www.revistalogistec.com\/index.php\/2024\/11\/19\/prorep-aun-estamos-a-tiempo-de-corregir-las-distorsiones-asociadas-a-la-ley-rep\/#primaryimage"},"thumbnailUrl":"https:\/\/www.revistalogistec.com\/wp-content\/uploads\/2024\/11\/operador-montacargas.jpg","datePublished":"2024-11-19T16:19:20+00:00","author":{"@id":"https:\/\/www.revistalogistec.com\/#\/schema\/person\/b25cced65507282f3fc6eb806b1db4f0"},"breadcrumb":{"@id":"https:\/\/www.revistalogistec.com\/index.php\/2024\/11\/19\/prorep-aun-estamos-a-tiempo-de-corregir-las-distorsiones-asociadas-a-la-ley-rep\/#breadcrumb"},"inLanguage":"es","potentialAction":[{"@type":"ReadAction","target":["https:\/\/www.revistalogistec.com\/index.php\/2024\/11\/19\/prorep-aun-estamos-a-tiempo-de-corregir-las-distorsiones-asociadas-a-la-ley-rep\/"]}]},{"@type":"ImageObject","inLanguage":"es","@id":"https:\/\/www.revistalogistec.com\/index.php\/2024\/11\/19\/prorep-aun-estamos-a-tiempo-de-corregir-las-distorsiones-asociadas-a-la-ley-rep\/#primaryimage","url":"https:\/\/www.revistalogistec.com\/wp-content\/uploads\/2024\/11\/operador-montacargas.jpg","contentUrl":"https:\/\/www.revistalogistec.com\/wp-content\/uploads\/2024\/11\/operador-montacargas.jpg","width":850,"height":530},{"@type":"BreadcrumbList","@id":"https:\/\/www.revistalogistec.com\/index.php\/2024\/11\/19\/prorep-aun-estamos-a-tiempo-de-corregir-las-distorsiones-asociadas-a-la-ley-rep\/#breadcrumb","itemListElement":[{"@type":"ListItem","position":1,"name":"Portada","item":"https:\/\/www.revistalogistec.com\/"},{"@type":"ListItem","position":2,"name":"PROREP: \u201cA\u00daN ESTAMOS A TIEMPO DE CORREGIR LAS DISTORSIONES ASOCIADAS A LA LEY REP\u201d"}]},{"@type":"WebSite","@id":"https:\/\/www.revistalogistec.com\/#website","url":"https:\/\/www.revistalogistec.com\/","name":"Revista Logistec","description":"","potentialAction":[{"@type":"SearchAction","target":{"@type":"EntryPoint","urlTemplate":"https:\/\/www.revistalogistec.com\/?s={search_term_string}"},"query-input":{"@type":"PropertyValueSpecification","valueRequired":true,"valueName":"search_term_string"}}],"inLanguage":"es"},{"@type":"Person","@id":"https:\/\/www.revistalogistec.com\/#\/schema\/person\/b25cced65507282f3fc6eb806b1db4f0","name":"admin","image":{"@type":"ImageObject","inLanguage":"es","@id":"https:\/\/secure.gravatar.com\/avatar\/94631f712dee24b50f2f12a7caf62df22b2c346945fcff655ce85b674bebf6fd?s=96&d=mm&r=g","url":"https:\/\/secure.gravatar.com\/avatar\/94631f712dee24b50f2f12a7caf62df22b2c346945fcff655ce85b674bebf6fd?s=96&d=mm&r=g","contentUrl":"https:\/\/secure.gravatar.com\/avatar\/94631f712dee24b50f2f12a7caf62df22b2c346945fcff655ce85b674bebf6fd?s=96&d=mm&r=g","caption":"admin"},"sameAs":["https:\/\/www.revistalogistec.com"],"url":"https:\/\/www.revistalogistec.com\/index.php\/author\/admin_revlog\/"}]}},"_links":{"self":[{"href":"https:\/\/www.revistalogistec.com\/index.php\/wp-json\/wp\/v2\/posts\/16374","targetHints":{"allow":["GET"]}}],"collection":[{"href":"https:\/\/www.revistalogistec.com\/index.php\/wp-json\/wp\/v2\/posts"}],"about":[{"href":"https:\/\/www.revistalogistec.com\/index.php\/wp-json\/wp\/v2\/types\/post"}],"author":[{"embeddable":true,"href":"https:\/\/www.revistalogistec.com\/index.php\/wp-json\/wp\/v2\/users\/1"}],"replies":[{"embeddable":true,"href":"https:\/\/www.revistalogistec.com\/index.php\/wp-json\/wp\/v2\/comments?post=16374"}],"version-history":[{"count":0,"href":"https:\/\/www.revistalogistec.com\/index.php\/wp-json\/wp\/v2\/posts\/16374\/revisions"}],"wp:featuredmedia":[{"embeddable":true,"href":"https:\/\/www.revistalogistec.com\/index.php\/wp-json\/wp\/v2\/media\/16373"}],"wp:attachment":[{"href":"https:\/\/www.revistalogistec.com\/index.php\/wp-json\/wp\/v2\/media?parent=16374"}],"wp:term":[{"taxonomy":"category","embeddable":true,"href":"https:\/\/www.revistalogistec.com\/index.php\/wp-json\/wp\/v2\/categories?post=16374"},{"taxonomy":"post_tag","embeddable":true,"href":"https:\/\/www.revistalogistec.com\/index.php\/wp-json\/wp\/v2\/tags?post=16374"}],"curies":[{"name":"wp","href":"https:\/\/api.w.org\/{rel}","templated":true}]}}