{"id":16376,"date":"2024-11-19T16:37:29","date_gmt":"2024-11-19T16:37:29","guid":{"rendered":"https:\/\/www.revistalogistec.com\/index.php\/2024\/11\/19\/mark-bindhoff-asume-como-nuevo-gerente-general-de-ati\/"},"modified":"2024-11-19T16:37:29","modified_gmt":"2024-11-19T16:37:29","slug":"mark-bindhoff-asume-como-nuevo-gerente-general-de-ati","status":"publish","type":"post","link":"https:\/\/www.revistalogistec.com\/index.php\/2024\/11\/19\/mark-bindhoff-asume-como-nuevo-gerente-general-de-ati\/","title":{"rendered":"MARK BINDHOFF ASUME COMO NUEVO GERENTE GENERAL DE ATI"},"content":{"rendered":"<p style=\"text-align: justify;\">Ingeniero Civil Mec\u00e1nico, con m\u00e1s de 22 a\u00f1os de experiencia profesional y m\u00e1s de una d\u00e9cada de trayectoria en la Regi\u00f3n de Antofagasta.<\/p>\n<p style=\"text-align: justify;\">El directorio de Antofagasta Terminal Internacional (ATI) inform\u00f3 la designaci\u00f3n Mark Bindhoff como nuevo gerente general del terminal, cargo que asumir\u00e1 a partir del 1ro de enero de 2025.<\/p>\n<p style=\"text-align: justify;\">Bindhoff es ingeniero Civil Mec\u00e1nico de la U. T\u00e9cnica Federico Santa Mar\u00eda (UTFSM), cuenta con m\u00e1s de 22 a\u00f1os de experiencia profesional. Hace m\u00e1s de una d\u00e9cada est\u00e1 asentado en Antofagasta, donde hasta ahora se desempe\u00f1aba como gerente de Operaciones de FCAB y director suplente de ATI, por lo que conoce en profundidad la regi\u00f3n y el terminal.<\/p>\n<p style=\"text-align: justify;\">\u201cEn los \u00faltimos a\u00f1os, este puerto ha atravesado un proceso de modernizaci\u00f3n significativa, mejorando la eficiencia y sostenibilidad de sus operaciones y ampliando la diversificaci\u00f3n de las cargas. Asimismo, hemos logrado fortalecer nuestros lazos con la comunidad local. Esa es la l\u00ednea de trabajo que continuaremos impulsando. Mark no solo tiene vasta experiencia en operaciones, sino tambi\u00e9n en \u00e1reas comerciales y en la formaci\u00f3n de equipos de trabajo, lo que nos da plena confianza en que ser\u00e1 un valioso aporte para ATI\u201d, dijo el presidente del directorio de ATI, Mauricio Carrasco.<\/p>\n","protected":false},"excerpt":{"rendered":"<p style=\"text-align: justify;\">Ingeniero Civil Mec\u00e1nico, con m\u00e1s de 22 a\u00f1os de experiencia profesional y m\u00e1s de una d\u00e9cada de trayectoria en la Regi\u00f3n de Antofagasta.<\/p>\n","protected":false},"author":1,"featured_media":16375,"comment_status":"open","ping_status":"open","sticky":false,"template":"","format":"standard","meta":{"_acf_changed":false,"jnews-multi-image_gallery":[],"jnews_single_post":[],"jnews_primary_category":[],"jnews_social_meta":[],"jnews_override_counter":[],"footnotes":""},"categories":[12],"tags":[],"class_list":["post-16376","post","type-post","status-publish","format-standard","has-post-thumbnail","hentry","category-noticias-industria"],"acf":[],"yoast_head":"<!-- This site is optimized with the Yoast SEO plugin v27.2 - https:\/\/yoast.com\/product\/yoast-seo-wordpress\/ -->\n<title>MARK BINDHOFF ASUME COMO NUEVO GERENTE GENERAL DE ATI - Revista Logistec<\/title>\n<meta name=\"robots\" content=\"index, follow, max-snippet:-1, max-image-preview:large, max-video-preview:-1\" \/>\n<link rel=\"canonical\" href=\"https:\/\/www.revistalogistec.com\/index.php\/2024\/11\/19\/mark-bindhoff-asume-como-nuevo-gerente-general-de-ati\/\" \/>\n<meta property=\"og:locale\" content=\"es_ES\" \/>\n<meta property=\"og:type\" content=\"article\" \/>\n<meta property=\"og:title\" content=\"MARK BINDHOFF ASUME COMO NUEVO GERENTE GENERAL DE ATI - Revista Logistec\" \/>\n<meta property=\"og:description\" content=\"Ingeniero Civil Mec\u00e1nico, con m\u00e1s de 22 a\u00f1os de experiencia profesional y m\u00e1s de una d\u00e9cada de trayectoria en la Regi\u00f3n de Antofagasta.\" \/>\n<meta property=\"og:url\" content=\"https:\/\/www.revistalogistec.com\/index.php\/2024\/11\/19\/mark-bindhoff-asume-como-nuevo-gerente-general-de-ati\/\" \/>\n<meta property=\"og:site_name\" content=\"Revista Logistec\" \/>\n<meta property=\"article:published_time\" content=\"2024-11-19T16:37:29+00:00\" \/>\n<meta property=\"og:image\" content=\"https:\/\/www.revistalogistec.com\/wp-content\/uploads\/2024\/11\/Nuevo-Gerente-General-Mark-Bindhoff.jpg\" \/>\n\t<meta property=\"og:image:width\" content=\"850\" \/>\n\t<meta property=\"og:image:height\" content=\"530\" \/>\n\t<meta property=\"og:image:type\" content=\"image\/jpeg\" \/>\n<meta name=\"author\" content=\"admin\" \/>\n<meta name=\"twitter:card\" content=\"summary_large_image\" \/>\n<meta name=\"twitter:label1\" content=\"Escrito por\" \/>\n\t<meta name=\"twitter:data1\" content=\"admin\" \/>\n\t<meta name=\"twitter:label2\" content=\"Tiempo de lectura\" \/>\n\t<meta name=\"twitter:data2\" content=\"1 minuto\" \/>\n<script type=\"application\/ld+json\" class=\"yoast-schema-graph\">{\"@context\":\"https:\/\/schema.org\",\"@graph\":[{\"@type\":\"Article\",\"@id\":\"https:\/\/www.revistalogistec.com\/index.php\/2024\/11\/19\/mark-bindhoff-asume-como-nuevo-gerente-general-de-ati\/#article\",\"isPartOf\":{\"@id\":\"https:\/\/www.revistalogistec.com\/index.php\/2024\/11\/19\/mark-bindhoff-asume-como-nuevo-gerente-general-de-ati\/\"},\"author\":{\"name\":\"admin\",\"@id\":\"https:\/\/www.revistalogistec.com\/#\/schema\/person\/b25cced65507282f3fc6eb806b1db4f0\"},\"headline\":\"MARK BINDHOFF ASUME COMO NUEVO GERENTE GENERAL DE ATI\",\"datePublished\":\"2024-11-19T16:37:29+00:00\",\"mainEntityOfPage\":{\"@id\":\"https:\/\/www.revistalogistec.com\/index.php\/2024\/11\/19\/mark-bindhoff-asume-como-nuevo-gerente-general-de-ati\/\"},\"wordCount\":229,\"commentCount\":0,\"image\":{\"@id\":\"https:\/\/www.revistalogistec.com\/index.php\/2024\/11\/19\/mark-bindhoff-asume-como-nuevo-gerente-general-de-ati\/#primaryimage\"},\"thumbnailUrl\":\"https:\/\/www.revistalogistec.com\/wp-content\/uploads\/2024\/11\/Nuevo-Gerente-General-Mark-Bindhoff.jpg\",\"articleSection\":[\"NOTICIAS INDUSTRIA\"],\"inLanguage\":\"es\"},{\"@type\":\"WebPage\",\"@id\":\"https:\/\/www.revistalogistec.com\/index.php\/2024\/11\/19\/mark-bindhoff-asume-como-nuevo-gerente-general-de-ati\/\",\"url\":\"https:\/\/www.revistalogistec.com\/index.php\/2024\/11\/19\/mark-bindhoff-asume-como-nuevo-gerente-general-de-ati\/\",\"name\":\"MARK BINDHOFF ASUME COMO NUEVO GERENTE GENERAL DE ATI - Revista Logistec\",\"isPartOf\":{\"@id\":\"https:\/\/www.revistalogistec.com\/#website\"},\"primaryImageOfPage\":{\"@id\":\"https:\/\/www.revistalogistec.com\/index.php\/2024\/11\/19\/mark-bindhoff-asume-como-nuevo-gerente-general-de-ati\/#primaryimage\"},\"image\":{\"@id\":\"https:\/\/www.revistalogistec.com\/index.php\/2024\/11\/19\/mark-bindhoff-asume-como-nuevo-gerente-general-de-ati\/#primaryimage\"},\"thumbnailUrl\":\"https:\/\/www.revistalogistec.com\/wp-content\/uploads\/2024\/11\/Nuevo-Gerente-General-Mark-Bindhoff.jpg\",\"datePublished\":\"2024-11-19T16:37:29+00:00\",\"author\":{\"@id\":\"https:\/\/www.revistalogistec.com\/#\/schema\/person\/b25cced65507282f3fc6eb806b1db4f0\"},\"breadcrumb\":{\"@id\":\"https:\/\/www.revistalogistec.com\/index.php\/2024\/11\/19\/mark-bindhoff-asume-como-nuevo-gerente-general-de-ati\/#breadcrumb\"},\"inLanguage\":\"es\",\"potentialAction\":[{\"@type\":\"ReadAction\",\"target\":[\"https:\/\/www.revistalogistec.com\/index.php\/2024\/11\/19\/mark-bindhoff-asume-como-nuevo-gerente-general-de-ati\/\"]}]},{\"@type\":\"ImageObject\",\"inLanguage\":\"es\",\"@id\":\"https:\/\/www.revistalogistec.com\/index.php\/2024\/11\/19\/mark-bindhoff-asume-como-nuevo-gerente-general-de-ati\/#primaryimage\",\"url\":\"https:\/\/www.revistalogistec.com\/wp-content\/uploads\/2024\/11\/Nuevo-Gerente-General-Mark-Bindhoff.jpg\",\"contentUrl\":\"https:\/\/www.revistalogistec.com\/wp-content\/uploads\/2024\/11\/Nuevo-Gerente-General-Mark-Bindhoff.jpg\",\"width\":850,\"height\":530},{\"@type\":\"BreadcrumbList\",\"@id\":\"https:\/\/www.revistalogistec.com\/index.php\/2024\/11\/19\/mark-bindhoff-asume-como-nuevo-gerente-general-de-ati\/#breadcrumb\",\"itemListElement\":[{\"@type\":\"ListItem\",\"position\":1,\"name\":\"Portada\",\"item\":\"https:\/\/www.revistalogistec.com\/\"},{\"@type\":\"ListItem\",\"position\":2,\"name\":\"MARK BINDHOFF ASUME COMO NUEVO GERENTE GENERAL DE ATI\"}]},{\"@type\":\"WebSite\",\"@id\":\"https:\/\/www.revistalogistec.com\/#website\",\"url\":\"https:\/\/www.revistalogistec.com\/\",\"name\":\"Revista Logistec\",\"description\":\"\",\"potentialAction\":[{\"@type\":\"SearchAction\",\"target\":{\"@type\":\"EntryPoint\",\"urlTemplate\":\"https:\/\/www.revistalogistec.com\/?s={search_term_string}\"},\"query-input\":{\"@type\":\"PropertyValueSpecification\",\"valueRequired\":true,\"valueName\":\"search_term_string\"}}],\"inLanguage\":\"es\"},{\"@type\":\"Person\",\"@id\":\"https:\/\/www.revistalogistec.com\/#\/schema\/person\/b25cced65507282f3fc6eb806b1db4f0\",\"name\":\"admin\",\"image\":{\"@type\":\"ImageObject\",\"inLanguage\":\"es\",\"@id\":\"https:\/\/secure.gravatar.com\/avatar\/94631f712dee24b50f2f12a7caf62df22b2c346945fcff655ce85b674bebf6fd?s=96&d=mm&r=g\",\"url\":\"https:\/\/secure.gravatar.com\/avatar\/94631f712dee24b50f2f12a7caf62df22b2c346945fcff655ce85b674bebf6fd?s=96&d=mm&r=g\",\"contentUrl\":\"https:\/\/secure.gravatar.com\/avatar\/94631f712dee24b50f2f12a7caf62df22b2c346945fcff655ce85b674bebf6fd?s=96&d=mm&r=g\",\"caption\":\"admin\"},\"sameAs\":[\"https:\/\/www.revistalogistec.com\"],\"url\":\"https:\/\/www.revistalogistec.com\/index.php\/author\/admin_revlog\/\"}]}<\/script>\n<!-- \/ Yoast SEO plugin. -->","yoast_head_json":{"title":"MARK BINDHOFF ASUME COMO NUEVO GERENTE GENERAL DE ATI - Revista Logistec","robots":{"index":"index","follow":"follow","max-snippet":"max-snippet:-1","max-image-preview":"max-image-preview:large","max-video-preview":"max-video-preview:-1"},"canonical":"https:\/\/www.revistalogistec.com\/index.php\/2024\/11\/19\/mark-bindhoff-asume-como-nuevo-gerente-general-de-ati\/","og_locale":"es_ES","og_type":"article","og_title":"MARK BINDHOFF ASUME COMO NUEVO GERENTE GENERAL DE ATI - Revista Logistec","og_description":"Ingeniero Civil Mec\u00e1nico, con m\u00e1s de 22 a\u00f1os de experiencia profesional y m\u00e1s de una d\u00e9cada de trayectoria en la Regi\u00f3n de Antofagasta.","og_url":"https:\/\/www.revistalogistec.com\/index.php\/2024\/11\/19\/mark-bindhoff-asume-como-nuevo-gerente-general-de-ati\/","og_site_name":"Revista Logistec","article_published_time":"2024-11-19T16:37:29+00:00","og_image":[{"width":850,"height":530,"url":"https:\/\/www.revistalogistec.com\/wp-content\/uploads\/2024\/11\/Nuevo-Gerente-General-Mark-Bindhoff.jpg","type":"image\/jpeg"}],"author":"admin","twitter_card":"summary_large_image","twitter_misc":{"Escrito por":"admin","Tiempo de lectura":"1 minuto"},"schema":{"@context":"https:\/\/schema.org","@graph":[{"@type":"Article","@id":"https:\/\/www.revistalogistec.com\/index.php\/2024\/11\/19\/mark-bindhoff-asume-como-nuevo-gerente-general-de-ati\/#article","isPartOf":{"@id":"https:\/\/www.revistalogistec.com\/index.php\/2024\/11\/19\/mark-bindhoff-asume-como-nuevo-gerente-general-de-ati\/"},"author":{"name":"admin","@id":"https:\/\/www.revistalogistec.com\/#\/schema\/person\/b25cced65507282f3fc6eb806b1db4f0"},"headline":"MARK BINDHOFF ASUME COMO NUEVO GERENTE GENERAL DE ATI","datePublished":"2024-11-19T16:37:29+00:00","mainEntityOfPage":{"@id":"https:\/\/www.revistalogistec.com\/index.php\/2024\/11\/19\/mark-bindhoff-asume-como-nuevo-gerente-general-de-ati\/"},"wordCount":229,"commentCount":0,"image":{"@id":"https:\/\/www.revistalogistec.com\/index.php\/2024\/11\/19\/mark-bindhoff-asume-como-nuevo-gerente-general-de-ati\/#primaryimage"},"thumbnailUrl":"https:\/\/www.revistalogistec.com\/wp-content\/uploads\/2024\/11\/Nuevo-Gerente-General-Mark-Bindhoff.jpg","articleSection":["NOTICIAS INDUSTRIA"],"inLanguage":"es"},{"@type":"WebPage","@id":"https:\/\/www.revistalogistec.com\/index.php\/2024\/11\/19\/mark-bindhoff-asume-como-nuevo-gerente-general-de-ati\/","url":"https:\/\/www.revistalogistec.com\/index.php\/2024\/11\/19\/mark-bindhoff-asume-como-nuevo-gerente-general-de-ati\/","name":"MARK BINDHOFF ASUME COMO NUEVO GERENTE GENERAL DE ATI - Revista Logistec","isPartOf":{"@id":"https:\/\/www.revistalogistec.com\/#website"},"primaryImageOfPage":{"@id":"https:\/\/www.revistalogistec.com\/index.php\/2024\/11\/19\/mark-bindhoff-asume-como-nuevo-gerente-general-de-ati\/#primaryimage"},"image":{"@id":"https:\/\/www.revistalogistec.com\/index.php\/2024\/11\/19\/mark-bindhoff-asume-como-nuevo-gerente-general-de-ati\/#primaryimage"},"thumbnailUrl":"https:\/\/www.revistalogistec.com\/wp-content\/uploads\/2024\/11\/Nuevo-Gerente-General-Mark-Bindhoff.jpg","datePublished":"2024-11-19T16:37:29+00:00","author":{"@id":"https:\/\/www.revistalogistec.com\/#\/schema\/person\/b25cced65507282f3fc6eb806b1db4f0"},"breadcrumb":{"@id":"https:\/\/www.revistalogistec.com\/index.php\/2024\/11\/19\/mark-bindhoff-asume-como-nuevo-gerente-general-de-ati\/#breadcrumb"},"inLanguage":"es","potentialAction":[{"@type":"ReadAction","target":["https:\/\/www.revistalogistec.com\/index.php\/2024\/11\/19\/mark-bindhoff-asume-como-nuevo-gerente-general-de-ati\/"]}]},{"@type":"ImageObject","inLanguage":"es","@id":"https:\/\/www.revistalogistec.com\/index.php\/2024\/11\/19\/mark-bindhoff-asume-como-nuevo-gerente-general-de-ati\/#primaryimage","url":"https:\/\/www.revistalogistec.com\/wp-content\/uploads\/2024\/11\/Nuevo-Gerente-General-Mark-Bindhoff.jpg","contentUrl":"https:\/\/www.revistalogistec.com\/wp-content\/uploads\/2024\/11\/Nuevo-Gerente-General-Mark-Bindhoff.jpg","width":850,"height":530},{"@type":"BreadcrumbList","@id":"https:\/\/www.revistalogistec.com\/index.php\/2024\/11\/19\/mark-bindhoff-asume-como-nuevo-gerente-general-de-ati\/#breadcrumb","itemListElement":[{"@type":"ListItem","position":1,"name":"Portada","item":"https:\/\/www.revistalogistec.com\/"},{"@type":"ListItem","position":2,"name":"MARK BINDHOFF ASUME COMO NUEVO GERENTE GENERAL DE ATI"}]},{"@type":"WebSite","@id":"https:\/\/www.revistalogistec.com\/#website","url":"https:\/\/www.revistalogistec.com\/","name":"Revista Logistec","description":"","potentialAction":[{"@type":"SearchAction","target":{"@type":"EntryPoint","urlTemplate":"https:\/\/www.revistalogistec.com\/?s={search_term_string}"},"query-input":{"@type":"PropertyValueSpecification","valueRequired":true,"valueName":"search_term_string"}}],"inLanguage":"es"},{"@type":"Person","@id":"https:\/\/www.revistalogistec.com\/#\/schema\/person\/b25cced65507282f3fc6eb806b1db4f0","name":"admin","image":{"@type":"ImageObject","inLanguage":"es","@id":"https:\/\/secure.gravatar.com\/avatar\/94631f712dee24b50f2f12a7caf62df22b2c346945fcff655ce85b674bebf6fd?s=96&d=mm&r=g","url":"https:\/\/secure.gravatar.com\/avatar\/94631f712dee24b50f2f12a7caf62df22b2c346945fcff655ce85b674bebf6fd?s=96&d=mm&r=g","contentUrl":"https:\/\/secure.gravatar.com\/avatar\/94631f712dee24b50f2f12a7caf62df22b2c346945fcff655ce85b674bebf6fd?s=96&d=mm&r=g","caption":"admin"},"sameAs":["https:\/\/www.revistalogistec.com"],"url":"https:\/\/www.revistalogistec.com\/index.php\/author\/admin_revlog\/"}]}},"_links":{"self":[{"href":"https:\/\/www.revistalogistec.com\/index.php\/wp-json\/wp\/v2\/posts\/16376","targetHints":{"allow":["GET"]}}],"collection":[{"href":"https:\/\/www.revistalogistec.com\/index.php\/wp-json\/wp\/v2\/posts"}],"about":[{"href":"https:\/\/www.revistalogistec.com\/index.php\/wp-json\/wp\/v2\/types\/post"}],"author":[{"embeddable":true,"href":"https:\/\/www.revistalogistec.com\/index.php\/wp-json\/wp\/v2\/users\/1"}],"replies":[{"embeddable":true,"href":"https:\/\/www.revistalogistec.com\/index.php\/wp-json\/wp\/v2\/comments?post=16376"}],"version-history":[{"count":0,"href":"https:\/\/www.revistalogistec.com\/index.php\/wp-json\/wp\/v2\/posts\/16376\/revisions"}],"wp:featuredmedia":[{"embeddable":true,"href":"https:\/\/www.revistalogistec.com\/index.php\/wp-json\/wp\/v2\/media\/16375"}],"wp:attachment":[{"href":"https:\/\/www.revistalogistec.com\/index.php\/wp-json\/wp\/v2\/media?parent=16376"}],"wp:term":[{"taxonomy":"category","embeddable":true,"href":"https:\/\/www.revistalogistec.com\/index.php\/wp-json\/wp\/v2\/categories?post=16376"},{"taxonomy":"post_tag","embeddable":true,"href":"https:\/\/www.revistalogistec.com\/index.php\/wp-json\/wp\/v2\/tags?post=16376"}],"curies":[{"name":"wp","href":"https:\/\/api.w.org\/{rel}","templated":true}]}}