{"id":16920,"date":"2025-02-28T13:53:34","date_gmt":"2025-02-28T13:53:34","guid":{"rendered":"https:\/\/www.revistalogistec.com\/index.php\/2025\/02\/28\/trump-desafios-y-oportunidades-para-el-comercio-internacional\/"},"modified":"2025-02-28T13:53:34","modified_gmt":"2025-02-28T13:53:34","slug":"trump-desafios-y-oportunidades-para-el-comercio-internacional","status":"publish","type":"post","link":"https:\/\/www.revistalogistec.com\/index.php\/2025\/02\/28\/trump-desafios-y-oportunidades-para-el-comercio-internacional\/","title":{"rendered":"TRUMP: DESAF\u00cdOS Y OPORTUNIDADES PARA EL COMERCIO INTERNACIONAL"},"content":{"rendered":"<p style=\"text-align: justify;\">El regreso de Donald Trump a la presidencia de Estados Unidos podr\u00eda traer desaf\u00edos y oportunidades para el comercio internacional en la regi\u00f3n. Entre los puntos m\u00e1s relevantes desde la perspectiva de importadores y exportadores, se encuentran:&nbsp;M\u00e9xico y Brasil: mayores barreras arancelarias.&nbsp;Trump planea imponer aranceles del 10% a las exportaciones de M\u00e9xico y 5% a las de Brasil, lo que afectar\u00e1 los costos y vol\u00famenes del comercio. En respuesta, esos pa\u00edses podr\u00edan aplicar medidas similares a las importaciones estadounidenses.<\/p>\n<p style=\"text-align: justify;\">La inestabilidad derivada de estas pol\u00edticas podr\u00eda devaluar sus monedas (peso mexicano y real brasile\u00f1o) entre un 7% y 8%, impactando tanto importaciones como exportaciones. Se prev\u00e9 un rebrote inflacionario en ambas econom\u00edas que podr\u00eda extenderse a otros pa\u00edses de la regi\u00f3n, generando un entorno m\u00e1s costoso para las transacciones comerciales.<\/p>\n<h3 style=\"text-align: justify;\">Argentina: posible beneficiado<\/h3>\n<p style=\"text-align: justify;\">La cercan\u00eda entre Trump y el presidente argentino, Javier Milei, facilitar\u00eda acuerdos favorables, incluyendo la eliminaci\u00f3n gradual de controles de capital. Esto podr\u00eda dinamizar la econom\u00eda argentina y favorecer a los exportadores que trabajan con este mercado.<\/p>\n<h3 style=\"text-align: justify;\">Panam\u00e1: incertidumbre por el Canal<\/h3>\n<p style=\"text-align: justify;\">Trump busca renegociar o recuperar el control del Canal de Panam\u00e1, argumentando desequilibrios en los costos y una supuesta influencia de China en su administraci\u00f3n.<\/p>\n<p style=\"text-align: justify;\">Dado que m\u00e1s del 70% del tr\u00e1nsito en el Canal tiene como destino puertos estadounidenses, cualquier cambio en su administraci\u00f3n podr\u00eda generar nuevas condiciones o costos log\u00edsticos que impacten al comercio mar\u00edtimo en toda la regi\u00f3n, incluidos los exportadores e importadores chilenos.<\/p>\n<h3 style=\"text-align: justify;\">China: tarifas portuarias<\/h3>\n<p style=\"text-align: justify;\">Estados Unidos propone tarifas portuarias millonarias para buques y operadores chinos. Se plantearon tasas de hasta US$1,5 millones para naves construidas en China que recalen en los puertos estadounidenses. Aunque a\u00fan no se ha definido, el escenario se torna bastante incierto a este respecto.<\/p>\n<h3 style=\"text-align: justify;\">Conclusi\u00f3n para Chile<\/h3>\n<p style=\"text-align: justify;\">Para los actores del comercio exterior chileno, no solo es clave monitorear los desarrollos en la regi\u00f3n, sino tambi\u00e9n diversificar los mercados y reducir la dependencia de aquellos afectados, como M\u00e9xico y Brasil, en la medida de lo posible.<\/p>\n<p style=\"text-align: justify;\">Es fundamental evaluar los costos log\u00edsticos y anticiparse a posibles cambios en los costos y condiciones del tr\u00e1nsito por el Canal de Panam\u00e1, as\u00ed como tambi\u00e9n aprovechar las oportunidades en Argentina y explorar nuevas oportunidades en este mercado que podr\u00eda beneficiarse de un entorno m\u00e1s estable y atractivo.<\/p>\n<p style=\"text-align: justify;\">Por \u00faltimo, mantenerse informado y ajustar las estrategias comerciales ser\u00e1 esencial en este escenario en evoluci\u00f3n.<\/p>\n<p style=\"text-align: justify;\">Por \u00c9rika S\u00e1enz, comercial manager de International Line &#8211;&nbsp;www.international-line.cl<\/p>\n","protected":false},"excerpt":{"rendered":"<p style=\"text-align: justify;\">El regreso de Donald Trump a la presidencia de Estados Unidos podr\u00eda traer desaf\u00edos y oportunidades para el comercio internacional en la regi\u00f3n. Entre los puntos m\u00e1s relevantes desde la perspectiva de importadores y exportadores, se encuentran:&nbsp;M\u00e9xico y Brasil: mayores barreras arancelarias.&nbsp;Trump planea imponer aranceles del 10% a las exportaciones de M\u00e9xico y 5% a las de Brasil, lo que afectar\u00e1 los costos y vol\u00famenes del comercio. En respuesta, esos pa\u00edses podr\u00edan aplicar medidas similares a las importaciones estadounidenses.<\/p>\n","protected":false},"author":1,"featured_media":16919,"comment_status":"open","ping_status":"open","sticky":false,"template":"","format":"standard","meta":{"_acf_changed":false,"jnews-multi-image_gallery":[],"jnews_single_post":[],"jnews_primary_category":[],"jnews_social_meta":[],"jnews_override_counter":[],"footnotes":""},"categories":[83],"tags":[],"class_list":["post-16920","post","type-post","status-publish","format-standard","has-post-thumbnail","hentry","category-analisis"],"acf":[],"yoast_head":"<!-- This site is optimized with the Yoast SEO plugin v27.2 - https:\/\/yoast.com\/product\/yoast-seo-wordpress\/ -->\n<title>TRUMP: DESAF\u00cdOS Y OPORTUNIDADES PARA EL COMERCIO INTERNACIONAL - Revista Logistec<\/title>\n<meta name=\"robots\" content=\"index, follow, max-snippet:-1, max-image-preview:large, max-video-preview:-1\" \/>\n<link rel=\"canonical\" href=\"https:\/\/www.revistalogistec.com\/index.php\/2025\/02\/28\/trump-desafios-y-oportunidades-para-el-comercio-internacional\/\" \/>\n<meta property=\"og:locale\" content=\"es_ES\" \/>\n<meta property=\"og:type\" content=\"article\" \/>\n<meta property=\"og:title\" content=\"TRUMP: DESAF\u00cdOS Y OPORTUNIDADES PARA EL COMERCIO INTERNACIONAL - Revista Logistec\" \/>\n<meta property=\"og:description\" content=\"El regreso de Donald Trump a la presidencia de Estados Unidos podr\u00eda traer desaf\u00edos y oportunidades para el comercio internacional en la regi\u00f3n. Entre los puntos m\u00e1s relevantes desde la perspectiva de importadores y exportadores, se encuentran:&nbsp;M\u00e9xico y Brasil: mayores barreras arancelarias.&nbsp;Trump planea imponer aranceles del 10% a las exportaciones de M\u00e9xico y 5% a las de Brasil, lo que afectar\u00e1 los costos y vol\u00famenes del comercio. En respuesta, esos pa\u00edses podr\u00edan aplicar medidas similares a las importaciones estadounidenses.\" \/>\n<meta property=\"og:url\" content=\"https:\/\/www.revistalogistec.com\/index.php\/2025\/02\/28\/trump-desafios-y-oportunidades-para-el-comercio-internacional\/\" \/>\n<meta property=\"og:site_name\" content=\"Revista Logistec\" \/>\n<meta property=\"article:published_time\" content=\"2025-02-28T13:53:34+00:00\" \/>\n<meta property=\"og:image\" content=\"https:\/\/www.revistalogistec.com\/wp-content\/uploads\/2025\/02\/Erika_Saenz.jpg\" \/>\n\t<meta property=\"og:image:width\" content=\"850\" \/>\n\t<meta property=\"og:image:height\" content=\"530\" \/>\n\t<meta property=\"og:image:type\" content=\"image\/jpeg\" \/>\n<meta name=\"author\" content=\"admin\" \/>\n<meta name=\"twitter:card\" content=\"summary_large_image\" \/>\n<meta name=\"twitter:label1\" content=\"Escrito por\" \/>\n\t<meta name=\"twitter:data1\" content=\"admin\" \/>\n\t<meta name=\"twitter:label2\" content=\"Tiempo de lectura\" \/>\n\t<meta name=\"twitter:data2\" content=\"2 minutos\" \/>\n<script type=\"application\/ld+json\" class=\"yoast-schema-graph\">{\"@context\":\"https:\/\/schema.org\",\"@graph\":[{\"@type\":\"Article\",\"@id\":\"https:\/\/www.revistalogistec.com\/index.php\/2025\/02\/28\/trump-desafios-y-oportunidades-para-el-comercio-internacional\/#article\",\"isPartOf\":{\"@id\":\"https:\/\/www.revistalogistec.com\/index.php\/2025\/02\/28\/trump-desafios-y-oportunidades-para-el-comercio-internacional\/\"},\"author\":{\"name\":\"admin\",\"@id\":\"https:\/\/www.revistalogistec.com\/#\/schema\/person\/b25cced65507282f3fc6eb806b1db4f0\"},\"headline\":\"TRUMP: DESAF\u00cdOS Y OPORTUNIDADES PARA EL COMERCIO INTERNACIONAL\",\"datePublished\":\"2025-02-28T13:53:34+00:00\",\"mainEntityOfPage\":{\"@id\":\"https:\/\/www.revistalogistec.com\/index.php\/2025\/02\/28\/trump-desafios-y-oportunidades-para-el-comercio-internacional\/\"},\"wordCount\":458,\"commentCount\":0,\"image\":{\"@id\":\"https:\/\/www.revistalogistec.com\/index.php\/2025\/02\/28\/trump-desafios-y-oportunidades-para-el-comercio-internacional\/#primaryimage\"},\"thumbnailUrl\":\"https:\/\/www.revistalogistec.com\/wp-content\/uploads\/2025\/02\/Erika_Saenz.jpg\",\"articleSection\":[\"AN\u00c1LISIS\"],\"inLanguage\":\"es\"},{\"@type\":\"WebPage\",\"@id\":\"https:\/\/www.revistalogistec.com\/index.php\/2025\/02\/28\/trump-desafios-y-oportunidades-para-el-comercio-internacional\/\",\"url\":\"https:\/\/www.revistalogistec.com\/index.php\/2025\/02\/28\/trump-desafios-y-oportunidades-para-el-comercio-internacional\/\",\"name\":\"TRUMP: DESAF\u00cdOS Y OPORTUNIDADES PARA EL COMERCIO INTERNACIONAL - Revista Logistec\",\"isPartOf\":{\"@id\":\"https:\/\/www.revistalogistec.com\/#website\"},\"primaryImageOfPage\":{\"@id\":\"https:\/\/www.revistalogistec.com\/index.php\/2025\/02\/28\/trump-desafios-y-oportunidades-para-el-comercio-internacional\/#primaryimage\"},\"image\":{\"@id\":\"https:\/\/www.revistalogistec.com\/index.php\/2025\/02\/28\/trump-desafios-y-oportunidades-para-el-comercio-internacional\/#primaryimage\"},\"thumbnailUrl\":\"https:\/\/www.revistalogistec.com\/wp-content\/uploads\/2025\/02\/Erika_Saenz.jpg\",\"datePublished\":\"2025-02-28T13:53:34+00:00\",\"author\":{\"@id\":\"https:\/\/www.revistalogistec.com\/#\/schema\/person\/b25cced65507282f3fc6eb806b1db4f0\"},\"breadcrumb\":{\"@id\":\"https:\/\/www.revistalogistec.com\/index.php\/2025\/02\/28\/trump-desafios-y-oportunidades-para-el-comercio-internacional\/#breadcrumb\"},\"inLanguage\":\"es\",\"potentialAction\":[{\"@type\":\"ReadAction\",\"target\":[\"https:\/\/www.revistalogistec.com\/index.php\/2025\/02\/28\/trump-desafios-y-oportunidades-para-el-comercio-internacional\/\"]}]},{\"@type\":\"ImageObject\",\"inLanguage\":\"es\",\"@id\":\"https:\/\/www.revistalogistec.com\/index.php\/2025\/02\/28\/trump-desafios-y-oportunidades-para-el-comercio-internacional\/#primaryimage\",\"url\":\"https:\/\/www.revistalogistec.com\/wp-content\/uploads\/2025\/02\/Erika_Saenz.jpg\",\"contentUrl\":\"https:\/\/www.revistalogistec.com\/wp-content\/uploads\/2025\/02\/Erika_Saenz.jpg\",\"width\":850,\"height\":530},{\"@type\":\"BreadcrumbList\",\"@id\":\"https:\/\/www.revistalogistec.com\/index.php\/2025\/02\/28\/trump-desafios-y-oportunidades-para-el-comercio-internacional\/#breadcrumb\",\"itemListElement\":[{\"@type\":\"ListItem\",\"position\":1,\"name\":\"Portada\",\"item\":\"https:\/\/www.revistalogistec.com\/\"},{\"@type\":\"ListItem\",\"position\":2,\"name\":\"TRUMP: DESAF\u00cdOS Y OPORTUNIDADES PARA EL COMERCIO INTERNACIONAL\"}]},{\"@type\":\"WebSite\",\"@id\":\"https:\/\/www.revistalogistec.com\/#website\",\"url\":\"https:\/\/www.revistalogistec.com\/\",\"name\":\"Revista Logistec\",\"description\":\"\",\"potentialAction\":[{\"@type\":\"SearchAction\",\"target\":{\"@type\":\"EntryPoint\",\"urlTemplate\":\"https:\/\/www.revistalogistec.com\/?s={search_term_string}\"},\"query-input\":{\"@type\":\"PropertyValueSpecification\",\"valueRequired\":true,\"valueName\":\"search_term_string\"}}],\"inLanguage\":\"es\"},{\"@type\":\"Person\",\"@id\":\"https:\/\/www.revistalogistec.com\/#\/schema\/person\/b25cced65507282f3fc6eb806b1db4f0\",\"name\":\"admin\",\"image\":{\"@type\":\"ImageObject\",\"inLanguage\":\"es\",\"@id\":\"https:\/\/secure.gravatar.com\/avatar\/94631f712dee24b50f2f12a7caf62df22b2c346945fcff655ce85b674bebf6fd?s=96&d=mm&r=g\",\"url\":\"https:\/\/secure.gravatar.com\/avatar\/94631f712dee24b50f2f12a7caf62df22b2c346945fcff655ce85b674bebf6fd?s=96&d=mm&r=g\",\"contentUrl\":\"https:\/\/secure.gravatar.com\/avatar\/94631f712dee24b50f2f12a7caf62df22b2c346945fcff655ce85b674bebf6fd?s=96&d=mm&r=g\",\"caption\":\"admin\"},\"sameAs\":[\"https:\/\/www.revistalogistec.com\"],\"url\":\"https:\/\/www.revistalogistec.com\/index.php\/author\/admin_revlog\/\"}]}<\/script>\n<!-- \/ Yoast SEO plugin. -->","yoast_head_json":{"title":"TRUMP: DESAF\u00cdOS Y OPORTUNIDADES PARA EL COMERCIO INTERNACIONAL - Revista Logistec","robots":{"index":"index","follow":"follow","max-snippet":"max-snippet:-1","max-image-preview":"max-image-preview:large","max-video-preview":"max-video-preview:-1"},"canonical":"https:\/\/www.revistalogistec.com\/index.php\/2025\/02\/28\/trump-desafios-y-oportunidades-para-el-comercio-internacional\/","og_locale":"es_ES","og_type":"article","og_title":"TRUMP: DESAF\u00cdOS Y OPORTUNIDADES PARA EL COMERCIO INTERNACIONAL - Revista Logistec","og_description":"El regreso de Donald Trump a la presidencia de Estados Unidos podr\u00eda traer desaf\u00edos y oportunidades para el comercio internacional en la regi\u00f3n. Entre los puntos m\u00e1s relevantes desde la perspectiva de importadores y exportadores, se encuentran:&nbsp;M\u00e9xico y Brasil: mayores barreras arancelarias.&nbsp;Trump planea imponer aranceles del 10% a las exportaciones de M\u00e9xico y 5% a las de Brasil, lo que afectar\u00e1 los costos y vol\u00famenes del comercio. En respuesta, esos pa\u00edses podr\u00edan aplicar medidas similares a las importaciones estadounidenses.","og_url":"https:\/\/www.revistalogistec.com\/index.php\/2025\/02\/28\/trump-desafios-y-oportunidades-para-el-comercio-internacional\/","og_site_name":"Revista Logistec","article_published_time":"2025-02-28T13:53:34+00:00","og_image":[{"width":850,"height":530,"url":"https:\/\/www.revistalogistec.com\/wp-content\/uploads\/2025\/02\/Erika_Saenz.jpg","type":"image\/jpeg"}],"author":"admin","twitter_card":"summary_large_image","twitter_misc":{"Escrito por":"admin","Tiempo de lectura":"2 minutos"},"schema":{"@context":"https:\/\/schema.org","@graph":[{"@type":"Article","@id":"https:\/\/www.revistalogistec.com\/index.php\/2025\/02\/28\/trump-desafios-y-oportunidades-para-el-comercio-internacional\/#article","isPartOf":{"@id":"https:\/\/www.revistalogistec.com\/index.php\/2025\/02\/28\/trump-desafios-y-oportunidades-para-el-comercio-internacional\/"},"author":{"name":"admin","@id":"https:\/\/www.revistalogistec.com\/#\/schema\/person\/b25cced65507282f3fc6eb806b1db4f0"},"headline":"TRUMP: DESAF\u00cdOS Y OPORTUNIDADES PARA EL COMERCIO INTERNACIONAL","datePublished":"2025-02-28T13:53:34+00:00","mainEntityOfPage":{"@id":"https:\/\/www.revistalogistec.com\/index.php\/2025\/02\/28\/trump-desafios-y-oportunidades-para-el-comercio-internacional\/"},"wordCount":458,"commentCount":0,"image":{"@id":"https:\/\/www.revistalogistec.com\/index.php\/2025\/02\/28\/trump-desafios-y-oportunidades-para-el-comercio-internacional\/#primaryimage"},"thumbnailUrl":"https:\/\/www.revistalogistec.com\/wp-content\/uploads\/2025\/02\/Erika_Saenz.jpg","articleSection":["AN\u00c1LISIS"],"inLanguage":"es"},{"@type":"WebPage","@id":"https:\/\/www.revistalogistec.com\/index.php\/2025\/02\/28\/trump-desafios-y-oportunidades-para-el-comercio-internacional\/","url":"https:\/\/www.revistalogistec.com\/index.php\/2025\/02\/28\/trump-desafios-y-oportunidades-para-el-comercio-internacional\/","name":"TRUMP: DESAF\u00cdOS Y OPORTUNIDADES PARA EL COMERCIO INTERNACIONAL - Revista Logistec","isPartOf":{"@id":"https:\/\/www.revistalogistec.com\/#website"},"primaryImageOfPage":{"@id":"https:\/\/www.revistalogistec.com\/index.php\/2025\/02\/28\/trump-desafios-y-oportunidades-para-el-comercio-internacional\/#primaryimage"},"image":{"@id":"https:\/\/www.revistalogistec.com\/index.php\/2025\/02\/28\/trump-desafios-y-oportunidades-para-el-comercio-internacional\/#primaryimage"},"thumbnailUrl":"https:\/\/www.revistalogistec.com\/wp-content\/uploads\/2025\/02\/Erika_Saenz.jpg","datePublished":"2025-02-28T13:53:34+00:00","author":{"@id":"https:\/\/www.revistalogistec.com\/#\/schema\/person\/b25cced65507282f3fc6eb806b1db4f0"},"breadcrumb":{"@id":"https:\/\/www.revistalogistec.com\/index.php\/2025\/02\/28\/trump-desafios-y-oportunidades-para-el-comercio-internacional\/#breadcrumb"},"inLanguage":"es","potentialAction":[{"@type":"ReadAction","target":["https:\/\/www.revistalogistec.com\/index.php\/2025\/02\/28\/trump-desafios-y-oportunidades-para-el-comercio-internacional\/"]}]},{"@type":"ImageObject","inLanguage":"es","@id":"https:\/\/www.revistalogistec.com\/index.php\/2025\/02\/28\/trump-desafios-y-oportunidades-para-el-comercio-internacional\/#primaryimage","url":"https:\/\/www.revistalogistec.com\/wp-content\/uploads\/2025\/02\/Erika_Saenz.jpg","contentUrl":"https:\/\/www.revistalogistec.com\/wp-content\/uploads\/2025\/02\/Erika_Saenz.jpg","width":850,"height":530},{"@type":"BreadcrumbList","@id":"https:\/\/www.revistalogistec.com\/index.php\/2025\/02\/28\/trump-desafios-y-oportunidades-para-el-comercio-internacional\/#breadcrumb","itemListElement":[{"@type":"ListItem","position":1,"name":"Portada","item":"https:\/\/www.revistalogistec.com\/"},{"@type":"ListItem","position":2,"name":"TRUMP: DESAF\u00cdOS Y OPORTUNIDADES PARA EL COMERCIO INTERNACIONAL"}]},{"@type":"WebSite","@id":"https:\/\/www.revistalogistec.com\/#website","url":"https:\/\/www.revistalogistec.com\/","name":"Revista Logistec","description":"","potentialAction":[{"@type":"SearchAction","target":{"@type":"EntryPoint","urlTemplate":"https:\/\/www.revistalogistec.com\/?s={search_term_string}"},"query-input":{"@type":"PropertyValueSpecification","valueRequired":true,"valueName":"search_term_string"}}],"inLanguage":"es"},{"@type":"Person","@id":"https:\/\/www.revistalogistec.com\/#\/schema\/person\/b25cced65507282f3fc6eb806b1db4f0","name":"admin","image":{"@type":"ImageObject","inLanguage":"es","@id":"https:\/\/secure.gravatar.com\/avatar\/94631f712dee24b50f2f12a7caf62df22b2c346945fcff655ce85b674bebf6fd?s=96&d=mm&r=g","url":"https:\/\/secure.gravatar.com\/avatar\/94631f712dee24b50f2f12a7caf62df22b2c346945fcff655ce85b674bebf6fd?s=96&d=mm&r=g","contentUrl":"https:\/\/secure.gravatar.com\/avatar\/94631f712dee24b50f2f12a7caf62df22b2c346945fcff655ce85b674bebf6fd?s=96&d=mm&r=g","caption":"admin"},"sameAs":["https:\/\/www.revistalogistec.com"],"url":"https:\/\/www.revistalogistec.com\/index.php\/author\/admin_revlog\/"}]}},"_links":{"self":[{"href":"https:\/\/www.revistalogistec.com\/index.php\/wp-json\/wp\/v2\/posts\/16920","targetHints":{"allow":["GET"]}}],"collection":[{"href":"https:\/\/www.revistalogistec.com\/index.php\/wp-json\/wp\/v2\/posts"}],"about":[{"href":"https:\/\/www.revistalogistec.com\/index.php\/wp-json\/wp\/v2\/types\/post"}],"author":[{"embeddable":true,"href":"https:\/\/www.revistalogistec.com\/index.php\/wp-json\/wp\/v2\/users\/1"}],"replies":[{"embeddable":true,"href":"https:\/\/www.revistalogistec.com\/index.php\/wp-json\/wp\/v2\/comments?post=16920"}],"version-history":[{"count":0,"href":"https:\/\/www.revistalogistec.com\/index.php\/wp-json\/wp\/v2\/posts\/16920\/revisions"}],"wp:featuredmedia":[{"embeddable":true,"href":"https:\/\/www.revistalogistec.com\/index.php\/wp-json\/wp\/v2\/media\/16919"}],"wp:attachment":[{"href":"https:\/\/www.revistalogistec.com\/index.php\/wp-json\/wp\/v2\/media?parent=16920"}],"wp:term":[{"taxonomy":"category","embeddable":true,"href":"https:\/\/www.revistalogistec.com\/index.php\/wp-json\/wp\/v2\/categories?post=16920"},{"taxonomy":"post_tag","embeddable":true,"href":"https:\/\/www.revistalogistec.com\/index.php\/wp-json\/wp\/v2\/tags?post=16920"}],"curies":[{"name":"wp","href":"https:\/\/api.w.org\/{rel}","templated":true}]}}