{"id":17382,"date":"2025-07-07T16:03:38","date_gmt":"2025-07-07T16:03:38","guid":{"rendered":"https:\/\/www.revistalogistec.com\/index.php\/2025\/07\/07\/peugeot-fortalece-su-gama-comercial-en-chile-con-los-nuevos-expert-y-traveller\/"},"modified":"2025-07-07T16:03:38","modified_gmt":"2025-07-07T16:03:38","slug":"peugeot-fortalece-su-gama-comercial-en-chile-con-los-nuevos-expert-y-traveller","status":"publish","type":"post","link":"https:\/\/www.revistalogistec.com\/index.php\/2025\/07\/07\/peugeot-fortalece-su-gama-comercial-en-chile-con-los-nuevos-expert-y-traveller\/","title":{"rendered":"PEUGEOT FORTALECE SU GAMA COMERCIAL EN CHILE CON LOS NUEVOS EXPERT Y TRAVELLER"},"content":{"rendered":"<p style=\"text-align: justify;\">La marca del le\u00f3n actualiza de forma simult\u00e1nea sus modelos Expert y Traveller, fortaleciendo su gama utilitaria con m\u00e1s equipamiento, conectividad y asistencias a la conducci\u00f3n.<\/p>\n<p style=\"text-align: justify;\">Peugeot presenta en Chile la renovaci\u00f3n de parte de su gama de veh\u00edculos utilitarios con el estreno de los nuevos Expert y Traveller, dos modelos clave en el portafolio comercial de la marca que ahora incorporan m\u00e1s tecnolog\u00eda, seguridad y confort para responder a las necesidades actuales del mundo laboral y del transporte de pasajeros.&nbsp;<\/p>\n<p style=\"text-align: justify;\">El nuevo Peugeot Expert mantiene su reconocida capacidad de carga de 1.360 kg y volumen de 6 m\u00b3, integrando ahora una pantalla t\u00e1ctil de 10 pulgadas, cl\u00faster digital, sensor de estacionamiento trasero, c\u00e1mara de retroceso y detector de punto ciego, entre otras asistencias que elevan la seguridad y comodidad para el conductor.<\/p>\n<p style=\"text-align: justify;\">\u201cEsta renovaci\u00f3n de nuestra gama utilitaria responde directamente a lo que nos han pedido nuestros clientes: mayor seguridad, conectividad y equipamiento para hacer m\u00e1s eficiente y c\u00f3modo su trabajo diario. Expert y Traveller reflejan la evoluci\u00f3n de Peugeot como marca en el \u00e1rea del segmento comercial\u201d, destaca Jimmy Green, brand manager de Peugeot en Chile.<\/p>\n<p style=\"text-align: justify;\">El modelo Expert conserva su motor 2.0 BlueHDi de 145 HP, con caja manual de seis velocidades y tracci\u00f3n delantera, junto al sistema Moduwork, que permite transportar objetos largos al abatir el asiento del copiloto. Se suman tambi\u00e9n elementos de confort como aire acondicionado con separaci\u00f3n de habit\u00e1culo, volante regulable en altura y profundidad, alza vidrios el\u00e9ctricos, espacios portaobjetos m\u00faltiples y conectividad Bluetooth con mandos al volante.<\/p>\n<h3 style=\"text-align: justify;\">Traveller: m\u00e1s espacio y tecnolog\u00eda para el transporte de personas<\/h3>\n<p style=\"text-align: justify;\">Junto al modelo Expert debuta en Chile el nuevo Peugeot Traveller, una alternativa pensada para quienes requieren transportar hasta 8 o 9 pasajeros con comodidad, eficiencia y conectividad. Est\u00e1 disponible exclusivamente con transmisi\u00f3n autom\u00e1tica de ocho velocidades (EAT8) y motor 2.0 BlueHDi de 180 HP y 400 Nm de torque, con un consumo mixto de 13 km\/l.<\/p>\n<p style=\"text-align: justify;\">La renovaci\u00f3n incluye importantes mejoras en multimedia y seguridad. Integra ahora un cl\u00faster digital de 10 pulgadas, pantalla t\u00e1ctil multimedia de 10 pulgadas con conexi\u00f3n a Android Auto y Apple CarPlay, Bluetooth, radio con mandos al volante, toma USB y comando por voz. En seguridad, incorpora asistente de mantenimiento de carril, detector de punto ciego con se\u00f1alizaci\u00f3n LED, c\u00e1mara de retroceso, sensores de lluvia y luz, funci\u00f3n Follow-me Home, luces diurnas LED (DRL) y frenos ABS, Sistema el\u00e9ctrico de estabilidad,&nbsp; Asistencia frenado de urgencia y&nbsp; Regulaci\u00f3n antideslizante.<\/p>\n<p style=\"text-align: justify;\">Est\u00e1 equipado con&nbsp; seis airbags (frontales, laterales, de cabeza y t\u00f3rax), cierre centralizado con mando a distancia, y anclajes Isofix en las tres plazas de la segunda y tercera fila. Ofrece distintas configuraciones de asientos, incluyendo acceso facilitado a la tercera fila mediante el sistema \u201ceasy-entry\u201d.<\/p>\n<h3 style=\"text-align: justify;\">Liderazgo en el mercado de veh\u00edculos comerciales<\/h3>\n<p style=\"text-align: justify;\">El lanzamiento conjunto de Expert y Traveller llega en un momento clave para la marca en Chile. Seg\u00fan el informe de mayo de la Asociaci\u00f3n Nacional Automotriz de Chile (ANAC), Peugeot lidera el segmento de veh\u00edculos comerciales livianos con un 24,3% de participaci\u00f3n de mercado acumulada entre enero y junio de 2025, reafirmando la confianza del p\u00fablico profesional en su oferta.<\/p>\n<p style=\"text-align: justify;\">Con esta doble renovaci\u00f3n, Peugeot reafirma su compromiso con ofrecer soluciones modernas, robustas y eficientes para quienes hacen del movimiento su herramienta de trabajo, desde repartidores hasta transportistas, pasando por empresas, flotas y operadores tur\u00edsticos.<\/p>\n","protected":false},"excerpt":{"rendered":"<p style=\"text-align: justify;\">La marca del le\u00f3n actualiza de forma simult\u00e1nea sus modelos Expert y Traveller, fortaleciendo su gama utilitaria con m\u00e1s equipamiento, conectividad y asistencias a la conducci\u00f3n.<\/p>\n","protected":false},"author":1,"featured_media":17381,"comment_status":"open","ping_status":"open","sticky":false,"template":"","format":"standard","meta":{"_acf_changed":false,"jnews-multi-image_gallery":[],"jnews_single_post":[],"jnews_primary_category":[],"jnews_social_meta":[],"jnews_override_counter":[],"footnotes":""},"categories":[12],"tags":[],"class_list":["post-17382","post","type-post","status-publish","format-standard","has-post-thumbnail","hentry","category-noticias-industria"],"acf":[],"yoast_head":"<!-- This site is optimized with the Yoast SEO plugin v27.2 - https:\/\/yoast.com\/product\/yoast-seo-wordpress\/ -->\n<title>PEUGEOT FORTALECE SU GAMA COMERCIAL EN CHILE CON LOS NUEVOS EXPERT Y TRAVELLER - Revista Logistec<\/title>\n<meta name=\"robots\" content=\"index, follow, max-snippet:-1, max-image-preview:large, max-video-preview:-1\" \/>\n<link rel=\"canonical\" href=\"https:\/\/www.revistalogistec.com\/index.php\/2025\/07\/07\/peugeot-fortalece-su-gama-comercial-en-chile-con-los-nuevos-expert-y-traveller\/\" \/>\n<meta property=\"og:locale\" content=\"es_ES\" \/>\n<meta property=\"og:type\" content=\"article\" \/>\n<meta property=\"og:title\" content=\"PEUGEOT FORTALECE SU GAMA COMERCIAL EN CHILE CON LOS NUEVOS EXPERT Y TRAVELLER - Revista Logistec\" \/>\n<meta property=\"og:description\" content=\"La marca del le\u00f3n actualiza de forma simult\u00e1nea sus modelos Expert y Traveller, fortaleciendo su gama utilitaria con m\u00e1s equipamiento, conectividad y asistencias a la conducci\u00f3n.\" \/>\n<meta property=\"og:url\" content=\"https:\/\/www.revistalogistec.com\/index.php\/2025\/07\/07\/peugeot-fortalece-su-gama-comercial-en-chile-con-los-nuevos-expert-y-traveller\/\" \/>\n<meta property=\"og:site_name\" content=\"Revista Logistec\" \/>\n<meta property=\"article:published_time\" content=\"2025-07-07T16:03:38+00:00\" \/>\n<meta property=\"og:image\" content=\"https:\/\/www.revistalogistec.com\/wp-content\/uploads\/2025\/07\/PEUGEOT_TRAVEL_2405STYP_100.jpg\" \/>\n\t<meta property=\"og:image:width\" content=\"850\" \/>\n\t<meta property=\"og:image:height\" content=\"530\" \/>\n\t<meta property=\"og:image:type\" content=\"image\/jpeg\" \/>\n<meta name=\"author\" content=\"admin\" \/>\n<meta name=\"twitter:card\" content=\"summary_large_image\" \/>\n<meta name=\"twitter:label1\" content=\"Escrito por\" \/>\n\t<meta name=\"twitter:data1\" content=\"admin\" \/>\n\t<meta name=\"twitter:label2\" content=\"Tiempo de lectura\" \/>\n\t<meta name=\"twitter:data2\" content=\"3 minutos\" \/>\n<script type=\"application\/ld+json\" class=\"yoast-schema-graph\">{\"@context\":\"https:\/\/schema.org\",\"@graph\":[{\"@type\":\"Article\",\"@id\":\"https:\/\/www.revistalogistec.com\/index.php\/2025\/07\/07\/peugeot-fortalece-su-gama-comercial-en-chile-con-los-nuevos-expert-y-traveller\/#article\",\"isPartOf\":{\"@id\":\"https:\/\/www.revistalogistec.com\/index.php\/2025\/07\/07\/peugeot-fortalece-su-gama-comercial-en-chile-con-los-nuevos-expert-y-traveller\/\"},\"author\":{\"name\":\"admin\",\"@id\":\"https:\/\/www.revistalogistec.com\/#\/schema\/person\/b25cced65507282f3fc6eb806b1db4f0\"},\"headline\":\"PEUGEOT FORTALECE SU GAMA COMERCIAL EN CHILE CON LOS NUEVOS EXPERT Y TRAVELLER\",\"datePublished\":\"2025-07-07T16:03:38+00:00\",\"mainEntityOfPage\":{\"@id\":\"https:\/\/www.revistalogistec.com\/index.php\/2025\/07\/07\/peugeot-fortalece-su-gama-comercial-en-chile-con-los-nuevos-expert-y-traveller\/\"},\"wordCount\":605,\"commentCount\":0,\"image\":{\"@id\":\"https:\/\/www.revistalogistec.com\/index.php\/2025\/07\/07\/peugeot-fortalece-su-gama-comercial-en-chile-con-los-nuevos-expert-y-traveller\/#primaryimage\"},\"thumbnailUrl\":\"https:\/\/www.revistalogistec.com\/wp-content\/uploads\/2025\/07\/PEUGEOT_TRAVEL_2405STYP_100.jpg\",\"articleSection\":[\"NOTICIAS INDUSTRIA\"],\"inLanguage\":\"es\"},{\"@type\":\"WebPage\",\"@id\":\"https:\/\/www.revistalogistec.com\/index.php\/2025\/07\/07\/peugeot-fortalece-su-gama-comercial-en-chile-con-los-nuevos-expert-y-traveller\/\",\"url\":\"https:\/\/www.revistalogistec.com\/index.php\/2025\/07\/07\/peugeot-fortalece-su-gama-comercial-en-chile-con-los-nuevos-expert-y-traveller\/\",\"name\":\"PEUGEOT FORTALECE SU GAMA COMERCIAL EN CHILE CON LOS NUEVOS EXPERT Y TRAVELLER - Revista Logistec\",\"isPartOf\":{\"@id\":\"https:\/\/www.revistalogistec.com\/#website\"},\"primaryImageOfPage\":{\"@id\":\"https:\/\/www.revistalogistec.com\/index.php\/2025\/07\/07\/peugeot-fortalece-su-gama-comercial-en-chile-con-los-nuevos-expert-y-traveller\/#primaryimage\"},\"image\":{\"@id\":\"https:\/\/www.revistalogistec.com\/index.php\/2025\/07\/07\/peugeot-fortalece-su-gama-comercial-en-chile-con-los-nuevos-expert-y-traveller\/#primaryimage\"},\"thumbnailUrl\":\"https:\/\/www.revistalogistec.com\/wp-content\/uploads\/2025\/07\/PEUGEOT_TRAVEL_2405STYP_100.jpg\",\"datePublished\":\"2025-07-07T16:03:38+00:00\",\"author\":{\"@id\":\"https:\/\/www.revistalogistec.com\/#\/schema\/person\/b25cced65507282f3fc6eb806b1db4f0\"},\"breadcrumb\":{\"@id\":\"https:\/\/www.revistalogistec.com\/index.php\/2025\/07\/07\/peugeot-fortalece-su-gama-comercial-en-chile-con-los-nuevos-expert-y-traveller\/#breadcrumb\"},\"inLanguage\":\"es\",\"potentialAction\":[{\"@type\":\"ReadAction\",\"target\":[\"https:\/\/www.revistalogistec.com\/index.php\/2025\/07\/07\/peugeot-fortalece-su-gama-comercial-en-chile-con-los-nuevos-expert-y-traveller\/\"]}]},{\"@type\":\"ImageObject\",\"inLanguage\":\"es\",\"@id\":\"https:\/\/www.revistalogistec.com\/index.php\/2025\/07\/07\/peugeot-fortalece-su-gama-comercial-en-chile-con-los-nuevos-expert-y-traveller\/#primaryimage\",\"url\":\"https:\/\/www.revistalogistec.com\/wp-content\/uploads\/2025\/07\/PEUGEOT_TRAVEL_2405STYP_100.jpg\",\"contentUrl\":\"https:\/\/www.revistalogistec.com\/wp-content\/uploads\/2025\/07\/PEUGEOT_TRAVEL_2405STYP_100.jpg\",\"width\":850,\"height\":530},{\"@type\":\"BreadcrumbList\",\"@id\":\"https:\/\/www.revistalogistec.com\/index.php\/2025\/07\/07\/peugeot-fortalece-su-gama-comercial-en-chile-con-los-nuevos-expert-y-traveller\/#breadcrumb\",\"itemListElement\":[{\"@type\":\"ListItem\",\"position\":1,\"name\":\"Portada\",\"item\":\"https:\/\/www.revistalogistec.com\/\"},{\"@type\":\"ListItem\",\"position\":2,\"name\":\"PEUGEOT FORTALECE SU GAMA COMERCIAL EN CHILE CON LOS NUEVOS EXPERT Y TRAVELLER\"}]},{\"@type\":\"WebSite\",\"@id\":\"https:\/\/www.revistalogistec.com\/#website\",\"url\":\"https:\/\/www.revistalogistec.com\/\",\"name\":\"Revista Logistec\",\"description\":\"\",\"potentialAction\":[{\"@type\":\"SearchAction\",\"target\":{\"@type\":\"EntryPoint\",\"urlTemplate\":\"https:\/\/www.revistalogistec.com\/?s={search_term_string}\"},\"query-input\":{\"@type\":\"PropertyValueSpecification\",\"valueRequired\":true,\"valueName\":\"search_term_string\"}}],\"inLanguage\":\"es\"},{\"@type\":\"Person\",\"@id\":\"https:\/\/www.revistalogistec.com\/#\/schema\/person\/b25cced65507282f3fc6eb806b1db4f0\",\"name\":\"admin\",\"image\":{\"@type\":\"ImageObject\",\"inLanguage\":\"es\",\"@id\":\"https:\/\/secure.gravatar.com\/avatar\/94631f712dee24b50f2f12a7caf62df22b2c346945fcff655ce85b674bebf6fd?s=96&d=mm&r=g\",\"url\":\"https:\/\/secure.gravatar.com\/avatar\/94631f712dee24b50f2f12a7caf62df22b2c346945fcff655ce85b674bebf6fd?s=96&d=mm&r=g\",\"contentUrl\":\"https:\/\/secure.gravatar.com\/avatar\/94631f712dee24b50f2f12a7caf62df22b2c346945fcff655ce85b674bebf6fd?s=96&d=mm&r=g\",\"caption\":\"admin\"},\"sameAs\":[\"https:\/\/www.revistalogistec.com\"],\"url\":\"https:\/\/www.revistalogistec.com\/index.php\/author\/admin_revlog\/\"}]}<\/script>\n<!-- \/ Yoast SEO plugin. -->","yoast_head_json":{"title":"PEUGEOT FORTALECE SU GAMA COMERCIAL EN CHILE CON LOS NUEVOS EXPERT Y TRAVELLER - Revista Logistec","robots":{"index":"index","follow":"follow","max-snippet":"max-snippet:-1","max-image-preview":"max-image-preview:large","max-video-preview":"max-video-preview:-1"},"canonical":"https:\/\/www.revistalogistec.com\/index.php\/2025\/07\/07\/peugeot-fortalece-su-gama-comercial-en-chile-con-los-nuevos-expert-y-traveller\/","og_locale":"es_ES","og_type":"article","og_title":"PEUGEOT FORTALECE SU GAMA COMERCIAL EN CHILE CON LOS NUEVOS EXPERT Y TRAVELLER - Revista Logistec","og_description":"La marca del le\u00f3n actualiza de forma simult\u00e1nea sus modelos Expert y Traveller, fortaleciendo su gama utilitaria con m\u00e1s equipamiento, conectividad y asistencias a la conducci\u00f3n.","og_url":"https:\/\/www.revistalogistec.com\/index.php\/2025\/07\/07\/peugeot-fortalece-su-gama-comercial-en-chile-con-los-nuevos-expert-y-traveller\/","og_site_name":"Revista Logistec","article_published_time":"2025-07-07T16:03:38+00:00","og_image":[{"width":850,"height":530,"url":"https:\/\/www.revistalogistec.com\/wp-content\/uploads\/2025\/07\/PEUGEOT_TRAVEL_2405STYP_100.jpg","type":"image\/jpeg"}],"author":"admin","twitter_card":"summary_large_image","twitter_misc":{"Escrito por":"admin","Tiempo de lectura":"3 minutos"},"schema":{"@context":"https:\/\/schema.org","@graph":[{"@type":"Article","@id":"https:\/\/www.revistalogistec.com\/index.php\/2025\/07\/07\/peugeot-fortalece-su-gama-comercial-en-chile-con-los-nuevos-expert-y-traveller\/#article","isPartOf":{"@id":"https:\/\/www.revistalogistec.com\/index.php\/2025\/07\/07\/peugeot-fortalece-su-gama-comercial-en-chile-con-los-nuevos-expert-y-traveller\/"},"author":{"name":"admin","@id":"https:\/\/www.revistalogistec.com\/#\/schema\/person\/b25cced65507282f3fc6eb806b1db4f0"},"headline":"PEUGEOT FORTALECE SU GAMA COMERCIAL EN CHILE CON LOS NUEVOS EXPERT Y TRAVELLER","datePublished":"2025-07-07T16:03:38+00:00","mainEntityOfPage":{"@id":"https:\/\/www.revistalogistec.com\/index.php\/2025\/07\/07\/peugeot-fortalece-su-gama-comercial-en-chile-con-los-nuevos-expert-y-traveller\/"},"wordCount":605,"commentCount":0,"image":{"@id":"https:\/\/www.revistalogistec.com\/index.php\/2025\/07\/07\/peugeot-fortalece-su-gama-comercial-en-chile-con-los-nuevos-expert-y-traveller\/#primaryimage"},"thumbnailUrl":"https:\/\/www.revistalogistec.com\/wp-content\/uploads\/2025\/07\/PEUGEOT_TRAVEL_2405STYP_100.jpg","articleSection":["NOTICIAS INDUSTRIA"],"inLanguage":"es"},{"@type":"WebPage","@id":"https:\/\/www.revistalogistec.com\/index.php\/2025\/07\/07\/peugeot-fortalece-su-gama-comercial-en-chile-con-los-nuevos-expert-y-traveller\/","url":"https:\/\/www.revistalogistec.com\/index.php\/2025\/07\/07\/peugeot-fortalece-su-gama-comercial-en-chile-con-los-nuevos-expert-y-traveller\/","name":"PEUGEOT FORTALECE SU GAMA COMERCIAL EN CHILE CON LOS NUEVOS EXPERT Y TRAVELLER - Revista Logistec","isPartOf":{"@id":"https:\/\/www.revistalogistec.com\/#website"},"primaryImageOfPage":{"@id":"https:\/\/www.revistalogistec.com\/index.php\/2025\/07\/07\/peugeot-fortalece-su-gama-comercial-en-chile-con-los-nuevos-expert-y-traveller\/#primaryimage"},"image":{"@id":"https:\/\/www.revistalogistec.com\/index.php\/2025\/07\/07\/peugeot-fortalece-su-gama-comercial-en-chile-con-los-nuevos-expert-y-traveller\/#primaryimage"},"thumbnailUrl":"https:\/\/www.revistalogistec.com\/wp-content\/uploads\/2025\/07\/PEUGEOT_TRAVEL_2405STYP_100.jpg","datePublished":"2025-07-07T16:03:38+00:00","author":{"@id":"https:\/\/www.revistalogistec.com\/#\/schema\/person\/b25cced65507282f3fc6eb806b1db4f0"},"breadcrumb":{"@id":"https:\/\/www.revistalogistec.com\/index.php\/2025\/07\/07\/peugeot-fortalece-su-gama-comercial-en-chile-con-los-nuevos-expert-y-traveller\/#breadcrumb"},"inLanguage":"es","potentialAction":[{"@type":"ReadAction","target":["https:\/\/www.revistalogistec.com\/index.php\/2025\/07\/07\/peugeot-fortalece-su-gama-comercial-en-chile-con-los-nuevos-expert-y-traveller\/"]}]},{"@type":"ImageObject","inLanguage":"es","@id":"https:\/\/www.revistalogistec.com\/index.php\/2025\/07\/07\/peugeot-fortalece-su-gama-comercial-en-chile-con-los-nuevos-expert-y-traveller\/#primaryimage","url":"https:\/\/www.revistalogistec.com\/wp-content\/uploads\/2025\/07\/PEUGEOT_TRAVEL_2405STYP_100.jpg","contentUrl":"https:\/\/www.revistalogistec.com\/wp-content\/uploads\/2025\/07\/PEUGEOT_TRAVEL_2405STYP_100.jpg","width":850,"height":530},{"@type":"BreadcrumbList","@id":"https:\/\/www.revistalogistec.com\/index.php\/2025\/07\/07\/peugeot-fortalece-su-gama-comercial-en-chile-con-los-nuevos-expert-y-traveller\/#breadcrumb","itemListElement":[{"@type":"ListItem","position":1,"name":"Portada","item":"https:\/\/www.revistalogistec.com\/"},{"@type":"ListItem","position":2,"name":"PEUGEOT FORTALECE SU GAMA COMERCIAL EN CHILE CON LOS NUEVOS EXPERT Y TRAVELLER"}]},{"@type":"WebSite","@id":"https:\/\/www.revistalogistec.com\/#website","url":"https:\/\/www.revistalogistec.com\/","name":"Revista Logistec","description":"","potentialAction":[{"@type":"SearchAction","target":{"@type":"EntryPoint","urlTemplate":"https:\/\/www.revistalogistec.com\/?s={search_term_string}"},"query-input":{"@type":"PropertyValueSpecification","valueRequired":true,"valueName":"search_term_string"}}],"inLanguage":"es"},{"@type":"Person","@id":"https:\/\/www.revistalogistec.com\/#\/schema\/person\/b25cced65507282f3fc6eb806b1db4f0","name":"admin","image":{"@type":"ImageObject","inLanguage":"es","@id":"https:\/\/secure.gravatar.com\/avatar\/94631f712dee24b50f2f12a7caf62df22b2c346945fcff655ce85b674bebf6fd?s=96&d=mm&r=g","url":"https:\/\/secure.gravatar.com\/avatar\/94631f712dee24b50f2f12a7caf62df22b2c346945fcff655ce85b674bebf6fd?s=96&d=mm&r=g","contentUrl":"https:\/\/secure.gravatar.com\/avatar\/94631f712dee24b50f2f12a7caf62df22b2c346945fcff655ce85b674bebf6fd?s=96&d=mm&r=g","caption":"admin"},"sameAs":["https:\/\/www.revistalogistec.com"],"url":"https:\/\/www.revistalogistec.com\/index.php\/author\/admin_revlog\/"}]}},"_links":{"self":[{"href":"https:\/\/www.revistalogistec.com\/index.php\/wp-json\/wp\/v2\/posts\/17382","targetHints":{"allow":["GET"]}}],"collection":[{"href":"https:\/\/www.revistalogistec.com\/index.php\/wp-json\/wp\/v2\/posts"}],"about":[{"href":"https:\/\/www.revistalogistec.com\/index.php\/wp-json\/wp\/v2\/types\/post"}],"author":[{"embeddable":true,"href":"https:\/\/www.revistalogistec.com\/index.php\/wp-json\/wp\/v2\/users\/1"}],"replies":[{"embeddable":true,"href":"https:\/\/www.revistalogistec.com\/index.php\/wp-json\/wp\/v2\/comments?post=17382"}],"version-history":[{"count":0,"href":"https:\/\/www.revistalogistec.com\/index.php\/wp-json\/wp\/v2\/posts\/17382\/revisions"}],"wp:featuredmedia":[{"embeddable":true,"href":"https:\/\/www.revistalogistec.com\/index.php\/wp-json\/wp\/v2\/media\/17381"}],"wp:attachment":[{"href":"https:\/\/www.revistalogistec.com\/index.php\/wp-json\/wp\/v2\/media?parent=17382"}],"wp:term":[{"taxonomy":"category","embeddable":true,"href":"https:\/\/www.revistalogistec.com\/index.php\/wp-json\/wp\/v2\/categories?post=17382"},{"taxonomy":"post_tag","embeddable":true,"href":"https:\/\/www.revistalogistec.com\/index.php\/wp-json\/wp\/v2\/tags?post=17382"}],"curies":[{"name":"wp","href":"https:\/\/api.w.org\/{rel}","templated":true}]}}