{"id":17394,"date":"2025-07-07T22:18:38","date_gmt":"2025-07-07T22:18:38","guid":{"rendered":"https:\/\/www.revistalogistec.com\/index.php\/2025\/07\/07\/merck-chile-instala-nuevo-sistema-de-energia-solar-en-centro-logistico-de-pudahuel\/"},"modified":"2025-07-07T22:18:38","modified_gmt":"2025-07-07T22:18:38","slug":"merck-chile-instala-nuevo-sistema-de-energia-solar-en-centro-logistico-de-pudahuel","status":"publish","type":"post","link":"https:\/\/www.revistalogistec.com\/index.php\/2025\/07\/07\/merck-chile-instala-nuevo-sistema-de-energia-solar-en-centro-logistico-de-pudahuel\/","title":{"rendered":"MERCK CHILE INSTALA NUEVO SISTEMA DE ENERG\u00cdA SOLAR EN CENTRO LOG\u00cdSTICO DE PUDAHUEL"},"content":{"rendered":"<p style=\"text-align: justify;\">La iniciativa, que busca impulsar la sostenibilidad energ\u00e9tica, fue seleccionada entre m\u00e1s de 100 proyectos presentados a nivel global y permitir\u00e1 reducir significativamente la huella de carbono de la compa\u00f1\u00eda.<\/p>\n<p style=\"text-align: justify;\">Como parte de su compromiso global con la sostenibilidad, Merck Chile puso en marcha un sistema de generaci\u00f3n de energ\u00eda solar en su Centro de Distribuci\u00f3n ubicado en la comuna de Pudahuel.<\/p>\n<p style=\"text-align: justify;\">Se trata de una iniciativa pionera en el pa\u00eds para la filial local, que permitir\u00e1 abastecer energ\u00e9ticamente la operaci\u00f3n mediante fuentes renovables, inyectando adem\u00e1s el excedente a la red el\u00e9ctrica nacional.<\/p>\n<p style=\"text-align: justify;\">El proyecto fue seleccionado dentro del programa global Edison, una convocatoria interna de la compa\u00f1\u00eda a nivel corporativo que busca identificar e impulsar las mejores iniciativas sustentables presentadas por sus filiales en todo el mundo. La propuesta chilena fue una de las elegidas entre m\u00e1s de 100 postulaciones, consolid\u00e1ndose como una de las m\u00e1s prometedoras en t\u00e9rminos de impacto ambiental y viabilidad t\u00e9cnica.<\/p>\n<p style=\"text-align: justify;\">\u201cLa implementaci\u00f3n de este sistema representa un hito para Merck Chile, no solo por su impacto positivo en el medioambiente, sino tambi\u00e9n porque refleja nuestro compromiso con una operaci\u00f3n m\u00e1s sustentable. Este avance se alinea plenamente con nuestra estrategia global de alcanzar la neutralidad clim\u00e1tica al a\u00f1o 2040 y refuerza nuestra adhesi\u00f3n a los Objetivos de Desarrollo Sostenible de las Naciones Unidas\u201d, destac\u00f3 Iryna Harustovich, Managing Director &amp; General Manager Healthcare.<\/p>\n<p style=\"text-align: justify;\">La instalaci\u00f3n contempla 576 paneles solares con una capacidad total de 300 kWp, apoyados por tres inversores Huawei de 100 kVA cada uno. La generaci\u00f3n estimada alcanza los 440 kWh al a\u00f1o, lo que permitir\u00e1 evitar la emisi\u00f3n de aproximadamente 234,6 toneladas de CO\u2082e anuales.<\/p>\n<p style=\"text-align: justify;\">Toda la energ\u00eda generada ser\u00e1 utilizada para abastecer directamente las necesidades del centro de distribuci\u00f3n, mediante un sistema de netbilling o Generaci\u00f3n Distribuida, que permite compensar el consumo energ\u00e9tico con la energ\u00eda producida. Adem\u00e1s, los excedentes no consumidos podr\u00e1n ser inyectados a la red p\u00fablica, contribuyendo al sistema el\u00e9ctrico nacional.<\/p>\n<p style=\"text-align: justify;\">La iniciativa, que implic\u00f3 una inversi\u00f3n de 286.200 euros, fue adjudicado a la empresa Solcor, tras un proceso de licitaci\u00f3n que se extendi\u00f3 entre noviembre de 2023 y mayo de 2024. La iniciativa contempla un retorno estimado de la inversi\u00f3n del 88% y un per\u00edodo de recuperaci\u00f3n de 5,5 a\u00f1os.<\/p>\n<p style=\"text-align: justify;\">\u201cEste proyecto con Merck demuestra c\u00f3mo la energ\u00eda solar puede integrarse de manera eficiente en industrias como la farmac\u00e9utica, sin afectar su operaci\u00f3n y aportando directamente a sus objetivos de sostenibilidad. En Solcor, ponemos a disposici\u00f3n nuestra experiencia para impulsar soluciones energ\u00e9ticas reales\u201d, coment\u00f3 Alexander Decock, Co-fundador de Solcor.<\/p>\n","protected":false},"excerpt":{"rendered":"<p style=\"text-align: justify;\">La iniciativa, que busca impulsar la sostenibilidad energ\u00e9tica, fue seleccionada entre m\u00e1s de 100 proyectos presentados a nivel global y permitir\u00e1 reducir significativamente la huella de carbono de la compa\u00f1\u00eda.<\/p>\n","protected":false},"author":1,"featured_media":17393,"comment_status":"open","ping_status":"open","sticky":false,"template":"","format":"standard","meta":{"_acf_changed":false,"jnews-multi-image_gallery":[],"jnews_single_post":[],"jnews_primary_category":[],"jnews_social_meta":[],"jnews_override_counter":[],"footnotes":""},"categories":[12],"tags":[],"class_list":["post-17394","post","type-post","status-publish","format-standard","has-post-thumbnail","hentry","category-noticias-industria"],"acf":[],"yoast_head":"<!-- This site is optimized with the Yoast SEO plugin v27.2 - https:\/\/yoast.com\/product\/yoast-seo-wordpress\/ -->\n<title>MERCK CHILE INSTALA NUEVO SISTEMA DE ENERG\u00cdA SOLAR EN CENTRO LOG\u00cdSTICO DE PUDAHUEL - Revista Logistec<\/title>\n<meta name=\"robots\" content=\"index, follow, max-snippet:-1, max-image-preview:large, max-video-preview:-1\" \/>\n<link rel=\"canonical\" href=\"https:\/\/www.revistalogistec.com\/index.php\/2025\/07\/07\/merck-chile-instala-nuevo-sistema-de-energia-solar-en-centro-logistico-de-pudahuel\/\" \/>\n<meta property=\"og:locale\" content=\"es_ES\" \/>\n<meta property=\"og:type\" content=\"article\" \/>\n<meta property=\"og:title\" content=\"MERCK CHILE INSTALA NUEVO SISTEMA DE ENERG\u00cdA SOLAR EN CENTRO LOG\u00cdSTICO DE PUDAHUEL - Revista Logistec\" \/>\n<meta property=\"og:description\" content=\"La iniciativa, que busca impulsar la sostenibilidad energ\u00e9tica, fue seleccionada entre m\u00e1s de 100 proyectos presentados a nivel global y permitir\u00e1 reducir significativamente la huella de carbono de la compa\u00f1\u00eda.\" \/>\n<meta property=\"og:url\" content=\"https:\/\/www.revistalogistec.com\/index.php\/2025\/07\/07\/merck-chile-instala-nuevo-sistema-de-energia-solar-en-centro-logistico-de-pudahuel\/\" \/>\n<meta property=\"og:site_name\" content=\"Revista Logistec\" \/>\n<meta property=\"article:published_time\" content=\"2025-07-07T22:18:38+00:00\" \/>\n<meta property=\"og:image\" content=\"https:\/\/www.revistalogistec.com\/wp-content\/uploads\/2025\/07\/Paneles-2.jpg\" \/>\n\t<meta property=\"og:image:width\" content=\"850\" \/>\n\t<meta property=\"og:image:height\" content=\"530\" \/>\n\t<meta property=\"og:image:type\" content=\"image\/jpeg\" \/>\n<meta name=\"author\" content=\"admin\" \/>\n<meta name=\"twitter:card\" content=\"summary_large_image\" \/>\n<meta name=\"twitter:label1\" content=\"Escrito por\" \/>\n\t<meta name=\"twitter:data1\" content=\"admin\" \/>\n\t<meta name=\"twitter:label2\" content=\"Tiempo de lectura\" \/>\n\t<meta name=\"twitter:data2\" content=\"2 minutos\" \/>\n<script type=\"application\/ld+json\" class=\"yoast-schema-graph\">{\"@context\":\"https:\/\/schema.org\",\"@graph\":[{\"@type\":\"Article\",\"@id\":\"https:\/\/www.revistalogistec.com\/index.php\/2025\/07\/07\/merck-chile-instala-nuevo-sistema-de-energia-solar-en-centro-logistico-de-pudahuel\/#article\",\"isPartOf\":{\"@id\":\"https:\/\/www.revistalogistec.com\/index.php\/2025\/07\/07\/merck-chile-instala-nuevo-sistema-de-energia-solar-en-centro-logistico-de-pudahuel\/\"},\"author\":{\"name\":\"admin\",\"@id\":\"https:\/\/www.revistalogistec.com\/#\/schema\/person\/b25cced65507282f3fc6eb806b1db4f0\"},\"headline\":\"MERCK CHILE INSTALA NUEVO SISTEMA DE ENERG\u00cdA SOLAR EN CENTRO LOG\u00cdSTICO DE PUDAHUEL\",\"datePublished\":\"2025-07-07T22:18:38+00:00\",\"mainEntityOfPage\":{\"@id\":\"https:\/\/www.revistalogistec.com\/index.php\/2025\/07\/07\/merck-chile-instala-nuevo-sistema-de-energia-solar-en-centro-logistico-de-pudahuel\/\"},\"wordCount\":473,\"commentCount\":0,\"image\":{\"@id\":\"https:\/\/www.revistalogistec.com\/index.php\/2025\/07\/07\/merck-chile-instala-nuevo-sistema-de-energia-solar-en-centro-logistico-de-pudahuel\/#primaryimage\"},\"thumbnailUrl\":\"https:\/\/www.revistalogistec.com\/wp-content\/uploads\/2025\/07\/Paneles-2.jpg\",\"articleSection\":[\"NOTICIAS INDUSTRIA\"],\"inLanguage\":\"es\"},{\"@type\":\"WebPage\",\"@id\":\"https:\/\/www.revistalogistec.com\/index.php\/2025\/07\/07\/merck-chile-instala-nuevo-sistema-de-energia-solar-en-centro-logistico-de-pudahuel\/\",\"url\":\"https:\/\/www.revistalogistec.com\/index.php\/2025\/07\/07\/merck-chile-instala-nuevo-sistema-de-energia-solar-en-centro-logistico-de-pudahuel\/\",\"name\":\"MERCK CHILE INSTALA NUEVO SISTEMA DE ENERG\u00cdA SOLAR EN CENTRO LOG\u00cdSTICO DE PUDAHUEL - Revista Logistec\",\"isPartOf\":{\"@id\":\"https:\/\/www.revistalogistec.com\/#website\"},\"primaryImageOfPage\":{\"@id\":\"https:\/\/www.revistalogistec.com\/index.php\/2025\/07\/07\/merck-chile-instala-nuevo-sistema-de-energia-solar-en-centro-logistico-de-pudahuel\/#primaryimage\"},\"image\":{\"@id\":\"https:\/\/www.revistalogistec.com\/index.php\/2025\/07\/07\/merck-chile-instala-nuevo-sistema-de-energia-solar-en-centro-logistico-de-pudahuel\/#primaryimage\"},\"thumbnailUrl\":\"https:\/\/www.revistalogistec.com\/wp-content\/uploads\/2025\/07\/Paneles-2.jpg\",\"datePublished\":\"2025-07-07T22:18:38+00:00\",\"author\":{\"@id\":\"https:\/\/www.revistalogistec.com\/#\/schema\/person\/b25cced65507282f3fc6eb806b1db4f0\"},\"breadcrumb\":{\"@id\":\"https:\/\/www.revistalogistec.com\/index.php\/2025\/07\/07\/merck-chile-instala-nuevo-sistema-de-energia-solar-en-centro-logistico-de-pudahuel\/#breadcrumb\"},\"inLanguage\":\"es\",\"potentialAction\":[{\"@type\":\"ReadAction\",\"target\":[\"https:\/\/www.revistalogistec.com\/index.php\/2025\/07\/07\/merck-chile-instala-nuevo-sistema-de-energia-solar-en-centro-logistico-de-pudahuel\/\"]}]},{\"@type\":\"ImageObject\",\"inLanguage\":\"es\",\"@id\":\"https:\/\/www.revistalogistec.com\/index.php\/2025\/07\/07\/merck-chile-instala-nuevo-sistema-de-energia-solar-en-centro-logistico-de-pudahuel\/#primaryimage\",\"url\":\"https:\/\/www.revistalogistec.com\/wp-content\/uploads\/2025\/07\/Paneles-2.jpg\",\"contentUrl\":\"https:\/\/www.revistalogistec.com\/wp-content\/uploads\/2025\/07\/Paneles-2.jpg\",\"width\":850,\"height\":530},{\"@type\":\"BreadcrumbList\",\"@id\":\"https:\/\/www.revistalogistec.com\/index.php\/2025\/07\/07\/merck-chile-instala-nuevo-sistema-de-energia-solar-en-centro-logistico-de-pudahuel\/#breadcrumb\",\"itemListElement\":[{\"@type\":\"ListItem\",\"position\":1,\"name\":\"Portada\",\"item\":\"https:\/\/www.revistalogistec.com\/\"},{\"@type\":\"ListItem\",\"position\":2,\"name\":\"MERCK CHILE INSTALA NUEVO SISTEMA DE ENERG\u00cdA SOLAR EN CENTRO LOG\u00cdSTICO DE PUDAHUEL\"}]},{\"@type\":\"WebSite\",\"@id\":\"https:\/\/www.revistalogistec.com\/#website\",\"url\":\"https:\/\/www.revistalogistec.com\/\",\"name\":\"Revista Logistec\",\"description\":\"\",\"potentialAction\":[{\"@type\":\"SearchAction\",\"target\":{\"@type\":\"EntryPoint\",\"urlTemplate\":\"https:\/\/www.revistalogistec.com\/?s={search_term_string}\"},\"query-input\":{\"@type\":\"PropertyValueSpecification\",\"valueRequired\":true,\"valueName\":\"search_term_string\"}}],\"inLanguage\":\"es\"},{\"@type\":\"Person\",\"@id\":\"https:\/\/www.revistalogistec.com\/#\/schema\/person\/b25cced65507282f3fc6eb806b1db4f0\",\"name\":\"admin\",\"image\":{\"@type\":\"ImageObject\",\"inLanguage\":\"es\",\"@id\":\"https:\/\/secure.gravatar.com\/avatar\/94631f712dee24b50f2f12a7caf62df22b2c346945fcff655ce85b674bebf6fd?s=96&d=mm&r=g\",\"url\":\"https:\/\/secure.gravatar.com\/avatar\/94631f712dee24b50f2f12a7caf62df22b2c346945fcff655ce85b674bebf6fd?s=96&d=mm&r=g\",\"contentUrl\":\"https:\/\/secure.gravatar.com\/avatar\/94631f712dee24b50f2f12a7caf62df22b2c346945fcff655ce85b674bebf6fd?s=96&d=mm&r=g\",\"caption\":\"admin\"},\"sameAs\":[\"https:\/\/www.revistalogistec.com\"],\"url\":\"https:\/\/www.revistalogistec.com\/index.php\/author\/admin_revlog\/\"}]}<\/script>\n<!-- \/ Yoast SEO plugin. -->","yoast_head_json":{"title":"MERCK CHILE INSTALA NUEVO SISTEMA DE ENERG\u00cdA SOLAR EN CENTRO LOG\u00cdSTICO DE PUDAHUEL - Revista Logistec","robots":{"index":"index","follow":"follow","max-snippet":"max-snippet:-1","max-image-preview":"max-image-preview:large","max-video-preview":"max-video-preview:-1"},"canonical":"https:\/\/www.revistalogistec.com\/index.php\/2025\/07\/07\/merck-chile-instala-nuevo-sistema-de-energia-solar-en-centro-logistico-de-pudahuel\/","og_locale":"es_ES","og_type":"article","og_title":"MERCK CHILE INSTALA NUEVO SISTEMA DE ENERG\u00cdA SOLAR EN CENTRO LOG\u00cdSTICO DE PUDAHUEL - Revista Logistec","og_description":"La iniciativa, que busca impulsar la sostenibilidad energ\u00e9tica, fue seleccionada entre m\u00e1s de 100 proyectos presentados a nivel global y permitir\u00e1 reducir significativamente la huella de carbono de la compa\u00f1\u00eda.","og_url":"https:\/\/www.revistalogistec.com\/index.php\/2025\/07\/07\/merck-chile-instala-nuevo-sistema-de-energia-solar-en-centro-logistico-de-pudahuel\/","og_site_name":"Revista Logistec","article_published_time":"2025-07-07T22:18:38+00:00","og_image":[{"width":850,"height":530,"url":"https:\/\/www.revistalogistec.com\/wp-content\/uploads\/2025\/07\/Paneles-2.jpg","type":"image\/jpeg"}],"author":"admin","twitter_card":"summary_large_image","twitter_misc":{"Escrito por":"admin","Tiempo de lectura":"2 minutos"},"schema":{"@context":"https:\/\/schema.org","@graph":[{"@type":"Article","@id":"https:\/\/www.revistalogistec.com\/index.php\/2025\/07\/07\/merck-chile-instala-nuevo-sistema-de-energia-solar-en-centro-logistico-de-pudahuel\/#article","isPartOf":{"@id":"https:\/\/www.revistalogistec.com\/index.php\/2025\/07\/07\/merck-chile-instala-nuevo-sistema-de-energia-solar-en-centro-logistico-de-pudahuel\/"},"author":{"name":"admin","@id":"https:\/\/www.revistalogistec.com\/#\/schema\/person\/b25cced65507282f3fc6eb806b1db4f0"},"headline":"MERCK CHILE INSTALA NUEVO SISTEMA DE ENERG\u00cdA SOLAR EN CENTRO LOG\u00cdSTICO DE PUDAHUEL","datePublished":"2025-07-07T22:18:38+00:00","mainEntityOfPage":{"@id":"https:\/\/www.revistalogistec.com\/index.php\/2025\/07\/07\/merck-chile-instala-nuevo-sistema-de-energia-solar-en-centro-logistico-de-pudahuel\/"},"wordCount":473,"commentCount":0,"image":{"@id":"https:\/\/www.revistalogistec.com\/index.php\/2025\/07\/07\/merck-chile-instala-nuevo-sistema-de-energia-solar-en-centro-logistico-de-pudahuel\/#primaryimage"},"thumbnailUrl":"https:\/\/www.revistalogistec.com\/wp-content\/uploads\/2025\/07\/Paneles-2.jpg","articleSection":["NOTICIAS INDUSTRIA"],"inLanguage":"es"},{"@type":"WebPage","@id":"https:\/\/www.revistalogistec.com\/index.php\/2025\/07\/07\/merck-chile-instala-nuevo-sistema-de-energia-solar-en-centro-logistico-de-pudahuel\/","url":"https:\/\/www.revistalogistec.com\/index.php\/2025\/07\/07\/merck-chile-instala-nuevo-sistema-de-energia-solar-en-centro-logistico-de-pudahuel\/","name":"MERCK CHILE INSTALA NUEVO SISTEMA DE ENERG\u00cdA SOLAR EN CENTRO LOG\u00cdSTICO DE PUDAHUEL - Revista Logistec","isPartOf":{"@id":"https:\/\/www.revistalogistec.com\/#website"},"primaryImageOfPage":{"@id":"https:\/\/www.revistalogistec.com\/index.php\/2025\/07\/07\/merck-chile-instala-nuevo-sistema-de-energia-solar-en-centro-logistico-de-pudahuel\/#primaryimage"},"image":{"@id":"https:\/\/www.revistalogistec.com\/index.php\/2025\/07\/07\/merck-chile-instala-nuevo-sistema-de-energia-solar-en-centro-logistico-de-pudahuel\/#primaryimage"},"thumbnailUrl":"https:\/\/www.revistalogistec.com\/wp-content\/uploads\/2025\/07\/Paneles-2.jpg","datePublished":"2025-07-07T22:18:38+00:00","author":{"@id":"https:\/\/www.revistalogistec.com\/#\/schema\/person\/b25cced65507282f3fc6eb806b1db4f0"},"breadcrumb":{"@id":"https:\/\/www.revistalogistec.com\/index.php\/2025\/07\/07\/merck-chile-instala-nuevo-sistema-de-energia-solar-en-centro-logistico-de-pudahuel\/#breadcrumb"},"inLanguage":"es","potentialAction":[{"@type":"ReadAction","target":["https:\/\/www.revistalogistec.com\/index.php\/2025\/07\/07\/merck-chile-instala-nuevo-sistema-de-energia-solar-en-centro-logistico-de-pudahuel\/"]}]},{"@type":"ImageObject","inLanguage":"es","@id":"https:\/\/www.revistalogistec.com\/index.php\/2025\/07\/07\/merck-chile-instala-nuevo-sistema-de-energia-solar-en-centro-logistico-de-pudahuel\/#primaryimage","url":"https:\/\/www.revistalogistec.com\/wp-content\/uploads\/2025\/07\/Paneles-2.jpg","contentUrl":"https:\/\/www.revistalogistec.com\/wp-content\/uploads\/2025\/07\/Paneles-2.jpg","width":850,"height":530},{"@type":"BreadcrumbList","@id":"https:\/\/www.revistalogistec.com\/index.php\/2025\/07\/07\/merck-chile-instala-nuevo-sistema-de-energia-solar-en-centro-logistico-de-pudahuel\/#breadcrumb","itemListElement":[{"@type":"ListItem","position":1,"name":"Portada","item":"https:\/\/www.revistalogistec.com\/"},{"@type":"ListItem","position":2,"name":"MERCK CHILE INSTALA NUEVO SISTEMA DE ENERG\u00cdA SOLAR EN CENTRO LOG\u00cdSTICO DE PUDAHUEL"}]},{"@type":"WebSite","@id":"https:\/\/www.revistalogistec.com\/#website","url":"https:\/\/www.revistalogistec.com\/","name":"Revista Logistec","description":"","potentialAction":[{"@type":"SearchAction","target":{"@type":"EntryPoint","urlTemplate":"https:\/\/www.revistalogistec.com\/?s={search_term_string}"},"query-input":{"@type":"PropertyValueSpecification","valueRequired":true,"valueName":"search_term_string"}}],"inLanguage":"es"},{"@type":"Person","@id":"https:\/\/www.revistalogistec.com\/#\/schema\/person\/b25cced65507282f3fc6eb806b1db4f0","name":"admin","image":{"@type":"ImageObject","inLanguage":"es","@id":"https:\/\/secure.gravatar.com\/avatar\/94631f712dee24b50f2f12a7caf62df22b2c346945fcff655ce85b674bebf6fd?s=96&d=mm&r=g","url":"https:\/\/secure.gravatar.com\/avatar\/94631f712dee24b50f2f12a7caf62df22b2c346945fcff655ce85b674bebf6fd?s=96&d=mm&r=g","contentUrl":"https:\/\/secure.gravatar.com\/avatar\/94631f712dee24b50f2f12a7caf62df22b2c346945fcff655ce85b674bebf6fd?s=96&d=mm&r=g","caption":"admin"},"sameAs":["https:\/\/www.revistalogistec.com"],"url":"https:\/\/www.revistalogistec.com\/index.php\/author\/admin_revlog\/"}]}},"_links":{"self":[{"href":"https:\/\/www.revistalogistec.com\/index.php\/wp-json\/wp\/v2\/posts\/17394","targetHints":{"allow":["GET"]}}],"collection":[{"href":"https:\/\/www.revistalogistec.com\/index.php\/wp-json\/wp\/v2\/posts"}],"about":[{"href":"https:\/\/www.revistalogistec.com\/index.php\/wp-json\/wp\/v2\/types\/post"}],"author":[{"embeddable":true,"href":"https:\/\/www.revistalogistec.com\/index.php\/wp-json\/wp\/v2\/users\/1"}],"replies":[{"embeddable":true,"href":"https:\/\/www.revistalogistec.com\/index.php\/wp-json\/wp\/v2\/comments?post=17394"}],"version-history":[{"count":0,"href":"https:\/\/www.revistalogistec.com\/index.php\/wp-json\/wp\/v2\/posts\/17394\/revisions"}],"wp:featuredmedia":[{"embeddable":true,"href":"https:\/\/www.revistalogistec.com\/index.php\/wp-json\/wp\/v2\/media\/17393"}],"wp:attachment":[{"href":"https:\/\/www.revistalogistec.com\/index.php\/wp-json\/wp\/v2\/media?parent=17394"}],"wp:term":[{"taxonomy":"category","embeddable":true,"href":"https:\/\/www.revistalogistec.com\/index.php\/wp-json\/wp\/v2\/categories?post=17394"},{"taxonomy":"post_tag","embeddable":true,"href":"https:\/\/www.revistalogistec.com\/index.php\/wp-json\/wp\/v2\/tags?post=17394"}],"curies":[{"name":"wp","href":"https:\/\/api.w.org\/{rel}","templated":true}]}}