{"id":17396,"date":"2025-07-07T22:23:21","date_gmt":"2025-07-07T22:23:21","guid":{"rendered":"https:\/\/www.revistalogistec.com\/index.php\/2025\/07\/07\/seminario-electromovilidad-mitos-y-desafios-para-chile-reune-a-expertos-para-debatir-sobre-el-futuro-de-la-movilidad-sustentable\/"},"modified":"2025-07-07T22:23:21","modified_gmt":"2025-07-07T22:23:21","slug":"seminario-electromovilidad-mitos-y-desafios-para-chile-reune-a-expertos-para-debatir-sobre-el-futuro-de-la-movilidad-sustentable","status":"publish","type":"post","link":"https:\/\/www.revistalogistec.com\/index.php\/2025\/07\/07\/seminario-electromovilidad-mitos-y-desafios-para-chile-reune-a-expertos-para-debatir-sobre-el-futuro-de-la-movilidad-sustentable\/","title":{"rendered":"SEMINARIO \u201cELECTROMOVILIDAD: MITOS Y DESAF\u00cdOS PARA CHILE\u201d RE\u00daNE A EXPERTOS PARA DEBATIR SOBRE EL FUTURO DE LA MOVILIDAD SUSTENTABLE"},"content":{"rendered":"<p style=\"text-align: justify;\">Kia auspici\u00f3 el seminario \u201cElectromovilidad: Mitos y desaf\u00edos para Chile\u201d, un espacio de di\u00e1logo t\u00e9cnico y pr\u00e1ctico orientado a abordar los retos y oportunidades del proceso de transici\u00f3n energ\u00e9tica en nuestro pa\u00eds, realizado en el Club Deportivo de la Universidad San Sebasti\u00e1n (USS).<\/p>\n<p style=\"text-align: justify;\">Organizado por Kia Chile, con la colaboraci\u00f3n del Centro de Transici\u00f3n Energ\u00e9tica de la Universidad San Sebasti\u00e1n y Copec Voltex, el evento reuni\u00f3 a representantes del mundo acad\u00e9mico, clientes, potenciales clientes y actores del sector energ\u00e9tico para analizar el estado actual de la electromovilidad, su proyecci\u00f3n en Chile y los avances en infraestructura de carga.<\/p>\n<p style=\"text-align: justify;\">La jornada comenz\u00f3 con tres exposiciones te\u00f3ricas a cargo de destacados expertos en el \u00e1rea: Dr. Jos\u00e9 Rodr\u00edguez, Director del Centro de Transici\u00f3n Energ\u00e9tica de la USS, con la charla \u201cTransici\u00f3n energ\u00e9tica y electromovilidad\u201d; Rodrigo Covarrubias, Jefe de Pricing y Electromovilidad de Kia Chile, con la presentaci\u00f3n \u201cVeh\u00edculos el\u00e9ctricos, presente y futuro en Chile\u201d y Tom\u00e1s Vicu\u00f1a, Subgerente Comercial de Electromovilidad B2C de Copec Voltex, quien abord\u00f3 la \u201cRespuesta al desaf\u00edo de infraestructura de carga\u201d.<\/p>\n<p style=\"text-align: justify;\">\u201cInstancias como este seminario son fundamentales para abrir el debate en torno a la electromovilidad y derribar los mitos que hoy frenan su adopci\u00f3n. Como academia, tenemos el deber de impulsar el conocimiento y articular soluciones concretas que aceleren una transici\u00f3n hacia energ\u00edas m\u00e1s limpias, eficientes y sostenibles para Chile y la regi\u00f3n\u201d, sostuvo el Dr. Jos\u00e9 Rodr\u00edguez, Director del Centro de Transici\u00f3n Energ\u00e9tica de la Facultad de Ingenier\u00eda de la Universidad San Sebasti\u00e1n (USS).<\/p>\n<p style=\"text-align: justify;\">En tanto, Rodrigo Covarrubias, Jefe de Pricing y Electromovilidad de Kia Chile, se\u00f1al\u00f3: \u201cHoy estamos frente a una gran oportunidad para transformar la movilidad en Chile. Los veh\u00edculos el\u00e9ctricos no solo representan una alternativa m\u00e1s limpia, sino tambi\u00e9n una soluci\u00f3n concreta frente a los desaf\u00edos energ\u00e9ticos y medioambientales que enfrentamos como pa\u00eds. En Kia, estamos comprometidos con liderar esta transici\u00f3n, desarrollando tecnolog\u00edas accesibles, eficientes y adaptadas a las necesidades del mercado local.\u201d<\/p>\n<p style=\"text-align: justify;\">Tom\u00e1s Vicu\u00f1a, Subgerente Comercial de Electromovilidad B2C de Copec Voltex, por su parte, coment\u00f3: \u00abEn Copec Voltex, trabajamos de manera constante para responder al desaf\u00edo de la infraestructura de carga, asegurando que nuestros clientes puedan disfrutar de una experiencia de movilidad el\u00e9ctrica accesible y eficiente. Sabemos que la transici\u00f3n hacia un modelo de transporte m\u00e1s limpio y sustentable depende de soluciones tecnol\u00f3gicas que respondan a las necesidades del mercado. Desde Copec, seguimos comprometidos con el futuro de la electromovilidad, contribuyendo con una infraestructura de carga de calidad que apoya tanto a los veh\u00edculos como a la adopci\u00f3n masiva de la electromovilidad en Chile.\u00bb<\/p>\n<p style=\"text-align: justify;\">Luego de esta primera parte, realizada en el Club Deportivo de la USS, el cual fue acondicionado especialmente para la ocasi\u00f3n, los asistentes participaron de una exposici\u00f3n din\u00e1mica protagonizada por el modelo Kia EV5, donde se explicaron en terreno las principales caracter\u00edsticas del veh\u00edculo y su sistema de carga. Esta demostraci\u00f3n fue liderada por Rodrigo Covarrubias y transmitida en una pantalla ubicada junto al veh\u00edculo para una mejor visualizaci\u00f3n.<\/p>\n<p style=\"text-align: justify;\">Al finalizar la jornada, los asistentes tuvieron la oportunidad de manejar un Kia EV5, lo que les permiti\u00f3 vivir en primera persona la electromovilidad.<\/p>\n<p style=\"text-align: justify;\">Este encuentro permiti\u00f3 no solo derribar mitos comunes sobre movilidad el\u00e9ctrica, sino tambi\u00e9n generar un espacio de vinculaci\u00f3n entre la academia, la industria automotriz y el sector energ\u00e9tico, fundamentales para avanzar hacia un modelo de transporte m\u00e1s limpio y sostenible.<\/p>\n<p style=\"text-align: justify;\">Para agendar un test drive de los modelos de Kia y para revisar m\u00e1s noticias&nbsp; visita&nbsp;www.kia.cl.<\/p>\n","protected":false},"excerpt":{"rendered":"<p style=\"text-align: justify;\">Kia auspici\u00f3 el seminario \u201cElectromovilidad: Mitos y desaf\u00edos para Chile\u201d, un espacio de di\u00e1logo t\u00e9cnico y pr\u00e1ctico orientado a abordar los retos y oportunidades del proceso de transici\u00f3n energ\u00e9tica en nuestro pa\u00eds, realizado en el Club Deportivo de la Universidad San Sebasti\u00e1n (USS).<\/p>\n","protected":false},"author":1,"featured_media":17395,"comment_status":"open","ping_status":"open","sticky":false,"template":"","format":"standard","meta":{"_acf_changed":false,"jnews-multi-image_gallery":[],"jnews_single_post":[],"jnews_primary_category":[],"jnews_social_meta":[],"jnews_override_counter":[],"footnotes":""},"categories":[12],"tags":[],"class_list":["post-17396","post","type-post","status-publish","format-standard","has-post-thumbnail","hentry","category-noticias-industria"],"acf":[],"yoast_head":"<!-- This site is optimized with the Yoast SEO plugin v27.2 - https:\/\/yoast.com\/product\/yoast-seo-wordpress\/ -->\n<title>SEMINARIO \u201cELECTROMOVILIDAD: MITOS Y DESAF\u00cdOS PARA CHILE\u201d RE\u00daNE A EXPERTOS PARA DEBATIR SOBRE EL FUTURO DE LA MOVILIDAD SUSTENTABLE - Revista Logistec<\/title>\n<meta name=\"robots\" content=\"index, follow, max-snippet:-1, max-image-preview:large, max-video-preview:-1\" \/>\n<link rel=\"canonical\" href=\"https:\/\/www.revistalogistec.com\/index.php\/2025\/07\/07\/seminario-electromovilidad-mitos-y-desafios-para-chile-reune-a-expertos-para-debatir-sobre-el-futuro-de-la-movilidad-sustentable\/\" \/>\n<meta property=\"og:locale\" content=\"es_ES\" \/>\n<meta property=\"og:type\" content=\"article\" \/>\n<meta property=\"og:title\" content=\"SEMINARIO \u201cELECTROMOVILIDAD: MITOS Y DESAF\u00cdOS PARA CHILE\u201d RE\u00daNE A EXPERTOS PARA DEBATIR SOBRE EL FUTURO DE LA MOVILIDAD SUSTENTABLE - Revista Logistec\" \/>\n<meta property=\"og:description\" content=\"Kia auspici\u00f3 el seminario \u201cElectromovilidad: Mitos y desaf\u00edos para Chile\u201d, un espacio de di\u00e1logo t\u00e9cnico y pr\u00e1ctico orientado a abordar los retos y oportunidades del proceso de transici\u00f3n energ\u00e9tica en nuestro pa\u00eds, realizado en el Club Deportivo de la Universidad San Sebasti\u00e1n (USS).\" \/>\n<meta property=\"og:url\" content=\"https:\/\/www.revistalogistec.com\/index.php\/2025\/07\/07\/seminario-electromovilidad-mitos-y-desafios-para-chile-reune-a-expertos-para-debatir-sobre-el-futuro-de-la-movilidad-sustentable\/\" \/>\n<meta property=\"og:site_name\" content=\"Revista Logistec\" \/>\n<meta property=\"article:published_time\" content=\"2025-07-07T22:23:21+00:00\" \/>\n<meta property=\"og:image\" content=\"https:\/\/www.revistalogistec.com\/wp-content\/uploads\/2025\/07\/Kia-Chile-Seminario-electromovilidad-Kia_2.jpg\" \/>\n\t<meta property=\"og:image:width\" content=\"850\" \/>\n\t<meta property=\"og:image:height\" content=\"530\" \/>\n\t<meta property=\"og:image:type\" content=\"image\/jpeg\" \/>\n<meta name=\"author\" content=\"admin\" \/>\n<meta name=\"twitter:card\" content=\"summary_large_image\" \/>\n<meta name=\"twitter:label1\" content=\"Escrito por\" \/>\n\t<meta name=\"twitter:data1\" content=\"admin\" \/>\n\t<meta name=\"twitter:label2\" content=\"Tiempo de lectura\" \/>\n\t<meta name=\"twitter:data2\" content=\"3 minutos\" \/>\n<script type=\"application\/ld+json\" class=\"yoast-schema-graph\">{\"@context\":\"https:\/\/schema.org\",\"@graph\":[{\"@type\":\"Article\",\"@id\":\"https:\/\/www.revistalogistec.com\/index.php\/2025\/07\/07\/seminario-electromovilidad-mitos-y-desafios-para-chile-reune-a-expertos-para-debatir-sobre-el-futuro-de-la-movilidad-sustentable\/#article\",\"isPartOf\":{\"@id\":\"https:\/\/www.revistalogistec.com\/index.php\/2025\/07\/07\/seminario-electromovilidad-mitos-y-desafios-para-chile-reune-a-expertos-para-debatir-sobre-el-futuro-de-la-movilidad-sustentable\/\"},\"author\":{\"name\":\"admin\",\"@id\":\"https:\/\/www.revistalogistec.com\/#\/schema\/person\/b25cced65507282f3fc6eb806b1db4f0\"},\"headline\":\"SEMINARIO \u201cELECTROMOVILIDAD: MITOS Y DESAF\u00cdOS PARA CHILE\u201d RE\u00daNE A EXPERTOS PARA DEBATIR SOBRE EL FUTURO DE LA MOVILIDAD SUSTENTABLE\",\"datePublished\":\"2025-07-07T22:23:21+00:00\",\"mainEntityOfPage\":{\"@id\":\"https:\/\/www.revistalogistec.com\/index.php\/2025\/07\/07\/seminario-electromovilidad-mitos-y-desafios-para-chile-reune-a-expertos-para-debatir-sobre-el-futuro-de-la-movilidad-sustentable\/\"},\"wordCount\":671,\"commentCount\":0,\"image\":{\"@id\":\"https:\/\/www.revistalogistec.com\/index.php\/2025\/07\/07\/seminario-electromovilidad-mitos-y-desafios-para-chile-reune-a-expertos-para-debatir-sobre-el-futuro-de-la-movilidad-sustentable\/#primaryimage\"},\"thumbnailUrl\":\"https:\/\/www.revistalogistec.com\/wp-content\/uploads\/2025\/07\/Kia-Chile-Seminario-electromovilidad-Kia_2.jpg\",\"articleSection\":[\"NOTICIAS INDUSTRIA\"],\"inLanguage\":\"es\"},{\"@type\":\"WebPage\",\"@id\":\"https:\/\/www.revistalogistec.com\/index.php\/2025\/07\/07\/seminario-electromovilidad-mitos-y-desafios-para-chile-reune-a-expertos-para-debatir-sobre-el-futuro-de-la-movilidad-sustentable\/\",\"url\":\"https:\/\/www.revistalogistec.com\/index.php\/2025\/07\/07\/seminario-electromovilidad-mitos-y-desafios-para-chile-reune-a-expertos-para-debatir-sobre-el-futuro-de-la-movilidad-sustentable\/\",\"name\":\"SEMINARIO \u201cELECTROMOVILIDAD: MITOS Y DESAF\u00cdOS PARA CHILE\u201d RE\u00daNE A EXPERTOS PARA DEBATIR SOBRE EL FUTURO DE LA MOVILIDAD SUSTENTABLE - Revista Logistec\",\"isPartOf\":{\"@id\":\"https:\/\/www.revistalogistec.com\/#website\"},\"primaryImageOfPage\":{\"@id\":\"https:\/\/www.revistalogistec.com\/index.php\/2025\/07\/07\/seminario-electromovilidad-mitos-y-desafios-para-chile-reune-a-expertos-para-debatir-sobre-el-futuro-de-la-movilidad-sustentable\/#primaryimage\"},\"image\":{\"@id\":\"https:\/\/www.revistalogistec.com\/index.php\/2025\/07\/07\/seminario-electromovilidad-mitos-y-desafios-para-chile-reune-a-expertos-para-debatir-sobre-el-futuro-de-la-movilidad-sustentable\/#primaryimage\"},\"thumbnailUrl\":\"https:\/\/www.revistalogistec.com\/wp-content\/uploads\/2025\/07\/Kia-Chile-Seminario-electromovilidad-Kia_2.jpg\",\"datePublished\":\"2025-07-07T22:23:21+00:00\",\"author\":{\"@id\":\"https:\/\/www.revistalogistec.com\/#\/schema\/person\/b25cced65507282f3fc6eb806b1db4f0\"},\"breadcrumb\":{\"@id\":\"https:\/\/www.revistalogistec.com\/index.php\/2025\/07\/07\/seminario-electromovilidad-mitos-y-desafios-para-chile-reune-a-expertos-para-debatir-sobre-el-futuro-de-la-movilidad-sustentable\/#breadcrumb\"},\"inLanguage\":\"es\",\"potentialAction\":[{\"@type\":\"ReadAction\",\"target\":[\"https:\/\/www.revistalogistec.com\/index.php\/2025\/07\/07\/seminario-electromovilidad-mitos-y-desafios-para-chile-reune-a-expertos-para-debatir-sobre-el-futuro-de-la-movilidad-sustentable\/\"]}]},{\"@type\":\"ImageObject\",\"inLanguage\":\"es\",\"@id\":\"https:\/\/www.revistalogistec.com\/index.php\/2025\/07\/07\/seminario-electromovilidad-mitos-y-desafios-para-chile-reune-a-expertos-para-debatir-sobre-el-futuro-de-la-movilidad-sustentable\/#primaryimage\",\"url\":\"https:\/\/www.revistalogistec.com\/wp-content\/uploads\/2025\/07\/Kia-Chile-Seminario-electromovilidad-Kia_2.jpg\",\"contentUrl\":\"https:\/\/www.revistalogistec.com\/wp-content\/uploads\/2025\/07\/Kia-Chile-Seminario-electromovilidad-Kia_2.jpg\",\"width\":850,\"height\":530},{\"@type\":\"BreadcrumbList\",\"@id\":\"https:\/\/www.revistalogistec.com\/index.php\/2025\/07\/07\/seminario-electromovilidad-mitos-y-desafios-para-chile-reune-a-expertos-para-debatir-sobre-el-futuro-de-la-movilidad-sustentable\/#breadcrumb\",\"itemListElement\":[{\"@type\":\"ListItem\",\"position\":1,\"name\":\"Portada\",\"item\":\"https:\/\/www.revistalogistec.com\/\"},{\"@type\":\"ListItem\",\"position\":2,\"name\":\"SEMINARIO \u201cELECTROMOVILIDAD: MITOS Y DESAF\u00cdOS PARA CHILE\u201d RE\u00daNE A EXPERTOS PARA DEBATIR SOBRE EL FUTURO DE LA MOVILIDAD SUSTENTABLE\"}]},{\"@type\":\"WebSite\",\"@id\":\"https:\/\/www.revistalogistec.com\/#website\",\"url\":\"https:\/\/www.revistalogistec.com\/\",\"name\":\"Revista Logistec\",\"description\":\"\",\"potentialAction\":[{\"@type\":\"SearchAction\",\"target\":{\"@type\":\"EntryPoint\",\"urlTemplate\":\"https:\/\/www.revistalogistec.com\/?s={search_term_string}\"},\"query-input\":{\"@type\":\"PropertyValueSpecification\",\"valueRequired\":true,\"valueName\":\"search_term_string\"}}],\"inLanguage\":\"es\"},{\"@type\":\"Person\",\"@id\":\"https:\/\/www.revistalogistec.com\/#\/schema\/person\/b25cced65507282f3fc6eb806b1db4f0\",\"name\":\"admin\",\"image\":{\"@type\":\"ImageObject\",\"inLanguage\":\"es\",\"@id\":\"https:\/\/secure.gravatar.com\/avatar\/94631f712dee24b50f2f12a7caf62df22b2c346945fcff655ce85b674bebf6fd?s=96&d=mm&r=g\",\"url\":\"https:\/\/secure.gravatar.com\/avatar\/94631f712dee24b50f2f12a7caf62df22b2c346945fcff655ce85b674bebf6fd?s=96&d=mm&r=g\",\"contentUrl\":\"https:\/\/secure.gravatar.com\/avatar\/94631f712dee24b50f2f12a7caf62df22b2c346945fcff655ce85b674bebf6fd?s=96&d=mm&r=g\",\"caption\":\"admin\"},\"sameAs\":[\"https:\/\/www.revistalogistec.com\"],\"url\":\"https:\/\/www.revistalogistec.com\/index.php\/author\/admin_revlog\/\"}]}<\/script>\n<!-- \/ Yoast SEO plugin. -->","yoast_head_json":{"title":"SEMINARIO \u201cELECTROMOVILIDAD: MITOS Y DESAF\u00cdOS PARA CHILE\u201d RE\u00daNE A EXPERTOS PARA DEBATIR SOBRE EL FUTURO DE LA MOVILIDAD SUSTENTABLE - Revista Logistec","robots":{"index":"index","follow":"follow","max-snippet":"max-snippet:-1","max-image-preview":"max-image-preview:large","max-video-preview":"max-video-preview:-1"},"canonical":"https:\/\/www.revistalogistec.com\/index.php\/2025\/07\/07\/seminario-electromovilidad-mitos-y-desafios-para-chile-reune-a-expertos-para-debatir-sobre-el-futuro-de-la-movilidad-sustentable\/","og_locale":"es_ES","og_type":"article","og_title":"SEMINARIO \u201cELECTROMOVILIDAD: MITOS Y DESAF\u00cdOS PARA CHILE\u201d RE\u00daNE A EXPERTOS PARA DEBATIR SOBRE EL FUTURO DE LA MOVILIDAD SUSTENTABLE - Revista Logistec","og_description":"Kia auspici\u00f3 el seminario \u201cElectromovilidad: Mitos y desaf\u00edos para Chile\u201d, un espacio de di\u00e1logo t\u00e9cnico y pr\u00e1ctico orientado a abordar los retos y oportunidades del proceso de transici\u00f3n energ\u00e9tica en nuestro pa\u00eds, realizado en el Club Deportivo de la Universidad San Sebasti\u00e1n (USS).","og_url":"https:\/\/www.revistalogistec.com\/index.php\/2025\/07\/07\/seminario-electromovilidad-mitos-y-desafios-para-chile-reune-a-expertos-para-debatir-sobre-el-futuro-de-la-movilidad-sustentable\/","og_site_name":"Revista Logistec","article_published_time":"2025-07-07T22:23:21+00:00","og_image":[{"width":850,"height":530,"url":"https:\/\/www.revistalogistec.com\/wp-content\/uploads\/2025\/07\/Kia-Chile-Seminario-electromovilidad-Kia_2.jpg","type":"image\/jpeg"}],"author":"admin","twitter_card":"summary_large_image","twitter_misc":{"Escrito por":"admin","Tiempo de lectura":"3 minutos"},"schema":{"@context":"https:\/\/schema.org","@graph":[{"@type":"Article","@id":"https:\/\/www.revistalogistec.com\/index.php\/2025\/07\/07\/seminario-electromovilidad-mitos-y-desafios-para-chile-reune-a-expertos-para-debatir-sobre-el-futuro-de-la-movilidad-sustentable\/#article","isPartOf":{"@id":"https:\/\/www.revistalogistec.com\/index.php\/2025\/07\/07\/seminario-electromovilidad-mitos-y-desafios-para-chile-reune-a-expertos-para-debatir-sobre-el-futuro-de-la-movilidad-sustentable\/"},"author":{"name":"admin","@id":"https:\/\/www.revistalogistec.com\/#\/schema\/person\/b25cced65507282f3fc6eb806b1db4f0"},"headline":"SEMINARIO \u201cELECTROMOVILIDAD: MITOS Y DESAF\u00cdOS PARA CHILE\u201d RE\u00daNE A EXPERTOS PARA DEBATIR SOBRE EL FUTURO DE LA MOVILIDAD SUSTENTABLE","datePublished":"2025-07-07T22:23:21+00:00","mainEntityOfPage":{"@id":"https:\/\/www.revistalogistec.com\/index.php\/2025\/07\/07\/seminario-electromovilidad-mitos-y-desafios-para-chile-reune-a-expertos-para-debatir-sobre-el-futuro-de-la-movilidad-sustentable\/"},"wordCount":671,"commentCount":0,"image":{"@id":"https:\/\/www.revistalogistec.com\/index.php\/2025\/07\/07\/seminario-electromovilidad-mitos-y-desafios-para-chile-reune-a-expertos-para-debatir-sobre-el-futuro-de-la-movilidad-sustentable\/#primaryimage"},"thumbnailUrl":"https:\/\/www.revistalogistec.com\/wp-content\/uploads\/2025\/07\/Kia-Chile-Seminario-electromovilidad-Kia_2.jpg","articleSection":["NOTICIAS INDUSTRIA"],"inLanguage":"es"},{"@type":"WebPage","@id":"https:\/\/www.revistalogistec.com\/index.php\/2025\/07\/07\/seminario-electromovilidad-mitos-y-desafios-para-chile-reune-a-expertos-para-debatir-sobre-el-futuro-de-la-movilidad-sustentable\/","url":"https:\/\/www.revistalogistec.com\/index.php\/2025\/07\/07\/seminario-electromovilidad-mitos-y-desafios-para-chile-reune-a-expertos-para-debatir-sobre-el-futuro-de-la-movilidad-sustentable\/","name":"SEMINARIO \u201cELECTROMOVILIDAD: MITOS Y DESAF\u00cdOS PARA CHILE\u201d RE\u00daNE A EXPERTOS PARA DEBATIR SOBRE EL FUTURO DE LA MOVILIDAD SUSTENTABLE - Revista Logistec","isPartOf":{"@id":"https:\/\/www.revistalogistec.com\/#website"},"primaryImageOfPage":{"@id":"https:\/\/www.revistalogistec.com\/index.php\/2025\/07\/07\/seminario-electromovilidad-mitos-y-desafios-para-chile-reune-a-expertos-para-debatir-sobre-el-futuro-de-la-movilidad-sustentable\/#primaryimage"},"image":{"@id":"https:\/\/www.revistalogistec.com\/index.php\/2025\/07\/07\/seminario-electromovilidad-mitos-y-desafios-para-chile-reune-a-expertos-para-debatir-sobre-el-futuro-de-la-movilidad-sustentable\/#primaryimage"},"thumbnailUrl":"https:\/\/www.revistalogistec.com\/wp-content\/uploads\/2025\/07\/Kia-Chile-Seminario-electromovilidad-Kia_2.jpg","datePublished":"2025-07-07T22:23:21+00:00","author":{"@id":"https:\/\/www.revistalogistec.com\/#\/schema\/person\/b25cced65507282f3fc6eb806b1db4f0"},"breadcrumb":{"@id":"https:\/\/www.revistalogistec.com\/index.php\/2025\/07\/07\/seminario-electromovilidad-mitos-y-desafios-para-chile-reune-a-expertos-para-debatir-sobre-el-futuro-de-la-movilidad-sustentable\/#breadcrumb"},"inLanguage":"es","potentialAction":[{"@type":"ReadAction","target":["https:\/\/www.revistalogistec.com\/index.php\/2025\/07\/07\/seminario-electromovilidad-mitos-y-desafios-para-chile-reune-a-expertos-para-debatir-sobre-el-futuro-de-la-movilidad-sustentable\/"]}]},{"@type":"ImageObject","inLanguage":"es","@id":"https:\/\/www.revistalogistec.com\/index.php\/2025\/07\/07\/seminario-electromovilidad-mitos-y-desafios-para-chile-reune-a-expertos-para-debatir-sobre-el-futuro-de-la-movilidad-sustentable\/#primaryimage","url":"https:\/\/www.revistalogistec.com\/wp-content\/uploads\/2025\/07\/Kia-Chile-Seminario-electromovilidad-Kia_2.jpg","contentUrl":"https:\/\/www.revistalogistec.com\/wp-content\/uploads\/2025\/07\/Kia-Chile-Seminario-electromovilidad-Kia_2.jpg","width":850,"height":530},{"@type":"BreadcrumbList","@id":"https:\/\/www.revistalogistec.com\/index.php\/2025\/07\/07\/seminario-electromovilidad-mitos-y-desafios-para-chile-reune-a-expertos-para-debatir-sobre-el-futuro-de-la-movilidad-sustentable\/#breadcrumb","itemListElement":[{"@type":"ListItem","position":1,"name":"Portada","item":"https:\/\/www.revistalogistec.com\/"},{"@type":"ListItem","position":2,"name":"SEMINARIO \u201cELECTROMOVILIDAD: MITOS Y DESAF\u00cdOS PARA CHILE\u201d RE\u00daNE A EXPERTOS PARA DEBATIR SOBRE EL FUTURO DE LA MOVILIDAD SUSTENTABLE"}]},{"@type":"WebSite","@id":"https:\/\/www.revistalogistec.com\/#website","url":"https:\/\/www.revistalogistec.com\/","name":"Revista Logistec","description":"","potentialAction":[{"@type":"SearchAction","target":{"@type":"EntryPoint","urlTemplate":"https:\/\/www.revistalogistec.com\/?s={search_term_string}"},"query-input":{"@type":"PropertyValueSpecification","valueRequired":true,"valueName":"search_term_string"}}],"inLanguage":"es"},{"@type":"Person","@id":"https:\/\/www.revistalogistec.com\/#\/schema\/person\/b25cced65507282f3fc6eb806b1db4f0","name":"admin","image":{"@type":"ImageObject","inLanguage":"es","@id":"https:\/\/secure.gravatar.com\/avatar\/94631f712dee24b50f2f12a7caf62df22b2c346945fcff655ce85b674bebf6fd?s=96&d=mm&r=g","url":"https:\/\/secure.gravatar.com\/avatar\/94631f712dee24b50f2f12a7caf62df22b2c346945fcff655ce85b674bebf6fd?s=96&d=mm&r=g","contentUrl":"https:\/\/secure.gravatar.com\/avatar\/94631f712dee24b50f2f12a7caf62df22b2c346945fcff655ce85b674bebf6fd?s=96&d=mm&r=g","caption":"admin"},"sameAs":["https:\/\/www.revistalogistec.com"],"url":"https:\/\/www.revistalogistec.com\/index.php\/author\/admin_revlog\/"}]}},"_links":{"self":[{"href":"https:\/\/www.revistalogistec.com\/index.php\/wp-json\/wp\/v2\/posts\/17396","targetHints":{"allow":["GET"]}}],"collection":[{"href":"https:\/\/www.revistalogistec.com\/index.php\/wp-json\/wp\/v2\/posts"}],"about":[{"href":"https:\/\/www.revistalogistec.com\/index.php\/wp-json\/wp\/v2\/types\/post"}],"author":[{"embeddable":true,"href":"https:\/\/www.revistalogistec.com\/index.php\/wp-json\/wp\/v2\/users\/1"}],"replies":[{"embeddable":true,"href":"https:\/\/www.revistalogistec.com\/index.php\/wp-json\/wp\/v2\/comments?post=17396"}],"version-history":[{"count":0,"href":"https:\/\/www.revistalogistec.com\/index.php\/wp-json\/wp\/v2\/posts\/17396\/revisions"}],"wp:featuredmedia":[{"embeddable":true,"href":"https:\/\/www.revistalogistec.com\/index.php\/wp-json\/wp\/v2\/media\/17395"}],"wp:attachment":[{"href":"https:\/\/www.revistalogistec.com\/index.php\/wp-json\/wp\/v2\/media?parent=17396"}],"wp:term":[{"taxonomy":"category","embeddable":true,"href":"https:\/\/www.revistalogistec.com\/index.php\/wp-json\/wp\/v2\/categories?post=17396"},{"taxonomy":"post_tag","embeddable":true,"href":"https:\/\/www.revistalogistec.com\/index.php\/wp-json\/wp\/v2\/tags?post=17396"}],"curies":[{"name":"wp","href":"https:\/\/api.w.org\/{rel}","templated":true}]}}