{"id":17400,"date":"2025-07-07T22:28:46","date_gmt":"2025-07-07T22:28:46","guid":{"rendered":"https:\/\/www.revistalogistec.com\/index.php\/2025\/07\/07\/exportaciones-lacteas-chilenas-crecen-envios-en-valor-y-volumen\/"},"modified":"2025-07-07T22:28:46","modified_gmt":"2025-07-07T22:28:46","slug":"exportaciones-lacteas-chilenas-crecen-envios-en-valor-y-volumen","status":"publish","type":"post","link":"https:\/\/www.revistalogistec.com\/index.php\/2025\/07\/07\/exportaciones-lacteas-chilenas-crecen-envios-en-valor-y-volumen\/","title":{"rendered":"EXPORTACIONES L\u00c1CTEAS CHILENAS CRECEN ENV\u00cdOS EN VALOR Y VOLUMEN"},"content":{"rendered":"<p style=\"text-align: justify;\">N\u00fameros auspiciosos presenta el sector l\u00e1cteo exportador chileno, presentados en el reciente bolet\u00edn Indicadores Sector L\u00e1cteo 2024 Comercio Exterior.&nbsp;Esta publicaci\u00f3n es desarrollada por el Centro de Informaci\u00f3n L\u00e1ctea, CIL, sobre la base del trabajo de sus socios Fedeleche, Exporlac y Consorcio Lechero, con el respaldo de la Oficina de Estudios y Pol\u00edticas Agropecuarias, Odepa.<\/p>\n<p style=\"text-align: justify;\">El documento presenta la estad\u00edstica sectorial m\u00e1s reciente y, a la vez, muestra la diversificaci\u00f3n creciente de los productos l\u00e1cteos que exporta Chile, basado en la calidad de la materia prima nacional como tambi\u00e9n de la calidad, &nbsp;industrializaci\u00f3n y b\u00fasqueda de mercados.<\/p>\n<p style=\"text-align: justify;\">En 2024, Chile alcanz\u00f3 exportaciones de productos l\u00e1cteos por un total de 261,1 millones de d\u00f3lares, lo que represent\u00f3 un crecimiento nominal del 16% en comparaci\u00f3n con 2023. Este resultado posiciona al a\u00f1o 2024 como el tercero con mayor valor hist\u00f3rico de exportaciones, solo por detr\u00e1s de 2013 y 2014, cuando se alcanzaron los 291 millones de d\u00f3lares. En t\u00e9rminos de volumen, se exportaron 380 millones de litros equivalentes, lo que implica un aumento del 38% respecto al a\u00f1o anterior.<\/p>\n<p style=\"text-align: justify;\">Desde el Centro de Informaci\u00f3n L\u00e1ctea, CIL, su coordinadora, quien es coordinadora del \u00e1rea de Informaci\u00f3n e I+D del Consorcio Lechero, Caterina Juri, sostuvo que \u201ceste trabajo permite contar con informaci\u00f3n valiosa y reciente, la cual refleja el dinamismo del sector exportador l\u00e1cteo y, sobre todo, permite conocer de manera muy pr\u00e1ctica lo que ocurre en los mercados mundiales y regionales. Entregar informaci\u00f3n a tiempo se logra a trav\u00e9s de un trabajo colaborativo y bien estructurado, el que permite generar datos nacionales e internacionales de alto valor\u201d<\/p>\n<p style=\"text-align: justify;\">Guillermo Iturrieta, presidente de Exporlac, destac\u00f3 el \u201ccrecimiento sostenido del valor exportado total gracias a una recuperaci\u00f3n importante del mercado latinoamericano a trav\u00e9s de Colombia y Brasil en las leches en polvo\u201d. Ambos mercados mantienen perspectivas alentadoras para 2025 \u201cy si logramos sumar nuevas exportaciones al Asean (Asociaci\u00f3n de Naciones de Asia Sudoriental), es posible augurar perspectivas a\u00fan m\u00e1s alentadoras. De hecho hasta Mayo de este a\u00f1o se aprecia un crecimiento adicional del 9% en dolares y de casi 11% en litros equivalentes\u201d.<\/p>\n<p style=\"text-align: justify;\">Los planes de diversificaci\u00f3n de productos exportados por las empresas socias de Exporlac, concluye Iturrieta, &nbsp;ya est\u00e1n dando frutos y \u201cnos preparamos para una incursi\u00f3n a\u00fan m\u00e1s relevante en el retail de nuestros mercados m\u00e1s tradicionales\u00bb.<\/p>\n<p style=\"text-align: justify;\">Desde Fedeleche, su gerente, Carlos Arancibia, explic\u00f3 que desde el punto de vista del gremio de productores lecheros \u201cestos resultados reflejan el esfuerzo colaborativo por posicionar los productos l\u00e1cteos chilenos en mercados internacionales, destacando la calidad. sostenibilidad y apertura de nuevos mercados y tambi\u00e9n reflejan la necesidad de seguir fortaleciendo la asociatividad y la innovaci\u00f3n para mantener esta tendencia positiva. En este sentido, es fundamental continuar trabajando unidos para enfrentar los desaf\u00edos y aprovechar las oportunidades que nos ofrece el comercio exterior.\u00bb<\/p>\n<p style=\"text-align: justify;\">Durante 2024 se mantuvieron activos 36 destinos de exportaci\u00f3n, de los cuales los 10 principales concentraron el 85% del total exportado. Entre los mercados con mayor crecimiento destacaron Brasil, con un alza del 177% y superando por primera vez los 20 millones de d\u00f3lares; M\u00e9xico, con un incremento del 31% al superar los 40 millones de d\u00f3lares; y Estados Unidos, que, pese a ser el mercado m\u00e1s consolidado, creci\u00f3 un 15%, alcanzando los 59 millones de d\u00f3lares.<\/p>\n<p style=\"text-align: justify;\">En los \u00faltimos dos a\u00f1os, los dos principales productos exportados (leche condensada y preparados alimenticios infantiles, ambos de alto valor agregado) han mantenido vol\u00famenes estables, representando en conjunto cerca del 50% del total de las exportaciones l\u00e1cteas del pa\u00eds, alrededor de US$127 millones exportados en 2024.<\/p>\n<p style=\"text-align: justify;\">Los Indicadores Sectoriales puede ser descargados desde <a href=\"https:\/\/consorciolechero.cl\/wp-content\/uploads\/2025\/06\/13-junio-CAPITULO2-2024.pdf\">https:\/\/consorciolechero.cl\/wp-content\/uploads\/2025\/06\/13-junio-CAPITULO2-2024.pdf<\/a><\/p>\n","protected":false},"excerpt":{"rendered":"<p style=\"text-align: justify;\">N\u00fameros auspiciosos presenta el sector l\u00e1cteo exportador chileno, presentados en el reciente bolet\u00edn Indicadores Sector L\u00e1cteo 2024 Comercio Exterior.&nbsp;Esta publicaci\u00f3n es desarrollada por el Centro de Informaci\u00f3n L\u00e1ctea, CIL, sobre la base del trabajo de sus socios Fedeleche, Exporlac y Consorcio Lechero, con el respaldo de la Oficina de Estudios y Pol\u00edticas Agropecuarias, Odepa.<\/p>\n","protected":false},"author":1,"featured_media":17399,"comment_status":"open","ping_status":"open","sticky":false,"template":"","format":"standard","meta":{"_acf_changed":false,"jnews-multi-image_gallery":[],"jnews_single_post":[],"jnews_primary_category":[],"jnews_social_meta":[],"jnews_override_counter":[],"footnotes":""},"categories":[12],"tags":[],"class_list":["post-17400","post","type-post","status-publish","format-standard","has-post-thumbnail","hentry","category-noticias-industria"],"acf":[],"yoast_head":"<!-- This site is optimized with the Yoast SEO plugin v27.2 - https:\/\/yoast.com\/product\/yoast-seo-wordpress\/ -->\n<title>EXPORTACIONES L\u00c1CTEAS CHILENAS CRECEN ENV\u00cdOS EN VALOR Y VOLUMEN - Revista Logistec<\/title>\n<meta name=\"robots\" content=\"index, follow, max-snippet:-1, max-image-preview:large, max-video-preview:-1\" \/>\n<link rel=\"canonical\" href=\"https:\/\/www.revistalogistec.com\/index.php\/2025\/07\/07\/exportaciones-lacteas-chilenas-crecen-envios-en-valor-y-volumen\/\" \/>\n<meta property=\"og:locale\" content=\"es_ES\" \/>\n<meta property=\"og:type\" content=\"article\" \/>\n<meta property=\"og:title\" content=\"EXPORTACIONES L\u00c1CTEAS CHILENAS CRECEN ENV\u00cdOS EN VALOR Y VOLUMEN - Revista Logistec\" \/>\n<meta property=\"og:description\" content=\"N\u00fameros auspiciosos presenta el sector l\u00e1cteo exportador chileno, presentados en el reciente bolet\u00edn Indicadores Sector L\u00e1cteo 2024 Comercio Exterior.&nbsp;Esta publicaci\u00f3n es desarrollada por el Centro de Informaci\u00f3n L\u00e1ctea, CIL, sobre la base del trabajo de sus socios Fedeleche, Exporlac y Consorcio Lechero, con el respaldo de la Oficina de Estudios y Pol\u00edticas Agropecuarias, Odepa.\" \/>\n<meta property=\"og:url\" content=\"https:\/\/www.revistalogistec.com\/index.php\/2025\/07\/07\/exportaciones-lacteas-chilenas-crecen-envios-en-valor-y-volumen\/\" \/>\n<meta property=\"og:site_name\" content=\"Revista Logistec\" \/>\n<meta property=\"article:published_time\" content=\"2025-07-07T22:28:46+00:00\" \/>\n<meta property=\"og:image\" content=\"https:\/\/www.revistalogistec.com\/wp-content\/uploads\/2025\/07\/indicadores-comercio-exterior.jpg\" \/>\n\t<meta property=\"og:image:width\" content=\"850\" \/>\n\t<meta property=\"og:image:height\" content=\"530\" \/>\n\t<meta property=\"og:image:type\" content=\"image\/jpeg\" \/>\n<meta name=\"author\" content=\"admin\" \/>\n<meta name=\"twitter:card\" content=\"summary_large_image\" \/>\n<meta name=\"twitter:label1\" content=\"Escrito por\" \/>\n\t<meta name=\"twitter:data1\" content=\"admin\" \/>\n\t<meta name=\"twitter:label2\" content=\"Tiempo de lectura\" \/>\n\t<meta name=\"twitter:data2\" content=\"3 minutos\" \/>\n<script type=\"application\/ld+json\" class=\"yoast-schema-graph\">{\"@context\":\"https:\/\/schema.org\",\"@graph\":[{\"@type\":\"Article\",\"@id\":\"https:\/\/www.revistalogistec.com\/index.php\/2025\/07\/07\/exportaciones-lacteas-chilenas-crecen-envios-en-valor-y-volumen\/#article\",\"isPartOf\":{\"@id\":\"https:\/\/www.revistalogistec.com\/index.php\/2025\/07\/07\/exportaciones-lacteas-chilenas-crecen-envios-en-valor-y-volumen\/\"},\"author\":{\"name\":\"admin\",\"@id\":\"https:\/\/www.revistalogistec.com\/#\/schema\/person\/b25cced65507282f3fc6eb806b1db4f0\"},\"headline\":\"EXPORTACIONES L\u00c1CTEAS CHILENAS CRECEN ENV\u00cdOS EN VALOR Y VOLUMEN\",\"datePublished\":\"2025-07-07T22:28:46+00:00\",\"mainEntityOfPage\":{\"@id\":\"https:\/\/www.revistalogistec.com\/index.php\/2025\/07\/07\/exportaciones-lacteas-chilenas-crecen-envios-en-valor-y-volumen\/\"},\"wordCount\":650,\"commentCount\":0,\"image\":{\"@id\":\"https:\/\/www.revistalogistec.com\/index.php\/2025\/07\/07\/exportaciones-lacteas-chilenas-crecen-envios-en-valor-y-volumen\/#primaryimage\"},\"thumbnailUrl\":\"https:\/\/www.revistalogistec.com\/wp-content\/uploads\/2025\/07\/indicadores-comercio-exterior.jpg\",\"articleSection\":[\"NOTICIAS INDUSTRIA\"],\"inLanguage\":\"es\"},{\"@type\":\"WebPage\",\"@id\":\"https:\/\/www.revistalogistec.com\/index.php\/2025\/07\/07\/exportaciones-lacteas-chilenas-crecen-envios-en-valor-y-volumen\/\",\"url\":\"https:\/\/www.revistalogistec.com\/index.php\/2025\/07\/07\/exportaciones-lacteas-chilenas-crecen-envios-en-valor-y-volumen\/\",\"name\":\"EXPORTACIONES L\u00c1CTEAS CHILENAS CRECEN ENV\u00cdOS EN VALOR Y VOLUMEN - Revista Logistec\",\"isPartOf\":{\"@id\":\"https:\/\/www.revistalogistec.com\/#website\"},\"primaryImageOfPage\":{\"@id\":\"https:\/\/www.revistalogistec.com\/index.php\/2025\/07\/07\/exportaciones-lacteas-chilenas-crecen-envios-en-valor-y-volumen\/#primaryimage\"},\"image\":{\"@id\":\"https:\/\/www.revistalogistec.com\/index.php\/2025\/07\/07\/exportaciones-lacteas-chilenas-crecen-envios-en-valor-y-volumen\/#primaryimage\"},\"thumbnailUrl\":\"https:\/\/www.revistalogistec.com\/wp-content\/uploads\/2025\/07\/indicadores-comercio-exterior.jpg\",\"datePublished\":\"2025-07-07T22:28:46+00:00\",\"author\":{\"@id\":\"https:\/\/www.revistalogistec.com\/#\/schema\/person\/b25cced65507282f3fc6eb806b1db4f0\"},\"breadcrumb\":{\"@id\":\"https:\/\/www.revistalogistec.com\/index.php\/2025\/07\/07\/exportaciones-lacteas-chilenas-crecen-envios-en-valor-y-volumen\/#breadcrumb\"},\"inLanguage\":\"es\",\"potentialAction\":[{\"@type\":\"ReadAction\",\"target\":[\"https:\/\/www.revistalogistec.com\/index.php\/2025\/07\/07\/exportaciones-lacteas-chilenas-crecen-envios-en-valor-y-volumen\/\"]}]},{\"@type\":\"ImageObject\",\"inLanguage\":\"es\",\"@id\":\"https:\/\/www.revistalogistec.com\/index.php\/2025\/07\/07\/exportaciones-lacteas-chilenas-crecen-envios-en-valor-y-volumen\/#primaryimage\",\"url\":\"https:\/\/www.revistalogistec.com\/wp-content\/uploads\/2025\/07\/indicadores-comercio-exterior.jpg\",\"contentUrl\":\"https:\/\/www.revistalogistec.com\/wp-content\/uploads\/2025\/07\/indicadores-comercio-exterior.jpg\",\"width\":850,\"height\":530},{\"@type\":\"BreadcrumbList\",\"@id\":\"https:\/\/www.revistalogistec.com\/index.php\/2025\/07\/07\/exportaciones-lacteas-chilenas-crecen-envios-en-valor-y-volumen\/#breadcrumb\",\"itemListElement\":[{\"@type\":\"ListItem\",\"position\":1,\"name\":\"Portada\",\"item\":\"https:\/\/www.revistalogistec.com\/\"},{\"@type\":\"ListItem\",\"position\":2,\"name\":\"EXPORTACIONES L\u00c1CTEAS CHILENAS CRECEN ENV\u00cdOS EN VALOR Y VOLUMEN\"}]},{\"@type\":\"WebSite\",\"@id\":\"https:\/\/www.revistalogistec.com\/#website\",\"url\":\"https:\/\/www.revistalogistec.com\/\",\"name\":\"Revista Logistec\",\"description\":\"\",\"potentialAction\":[{\"@type\":\"SearchAction\",\"target\":{\"@type\":\"EntryPoint\",\"urlTemplate\":\"https:\/\/www.revistalogistec.com\/?s={search_term_string}\"},\"query-input\":{\"@type\":\"PropertyValueSpecification\",\"valueRequired\":true,\"valueName\":\"search_term_string\"}}],\"inLanguage\":\"es\"},{\"@type\":\"Person\",\"@id\":\"https:\/\/www.revistalogistec.com\/#\/schema\/person\/b25cced65507282f3fc6eb806b1db4f0\",\"name\":\"admin\",\"image\":{\"@type\":\"ImageObject\",\"inLanguage\":\"es\",\"@id\":\"https:\/\/secure.gravatar.com\/avatar\/94631f712dee24b50f2f12a7caf62df22b2c346945fcff655ce85b674bebf6fd?s=96&d=mm&r=g\",\"url\":\"https:\/\/secure.gravatar.com\/avatar\/94631f712dee24b50f2f12a7caf62df22b2c346945fcff655ce85b674bebf6fd?s=96&d=mm&r=g\",\"contentUrl\":\"https:\/\/secure.gravatar.com\/avatar\/94631f712dee24b50f2f12a7caf62df22b2c346945fcff655ce85b674bebf6fd?s=96&d=mm&r=g\",\"caption\":\"admin\"},\"sameAs\":[\"https:\/\/www.revistalogistec.com\"],\"url\":\"https:\/\/www.revistalogistec.com\/index.php\/author\/admin_revlog\/\"}]}<\/script>\n<!-- \/ Yoast SEO plugin. -->","yoast_head_json":{"title":"EXPORTACIONES L\u00c1CTEAS CHILENAS CRECEN ENV\u00cdOS EN VALOR Y VOLUMEN - Revista Logistec","robots":{"index":"index","follow":"follow","max-snippet":"max-snippet:-1","max-image-preview":"max-image-preview:large","max-video-preview":"max-video-preview:-1"},"canonical":"https:\/\/www.revistalogistec.com\/index.php\/2025\/07\/07\/exportaciones-lacteas-chilenas-crecen-envios-en-valor-y-volumen\/","og_locale":"es_ES","og_type":"article","og_title":"EXPORTACIONES L\u00c1CTEAS CHILENAS CRECEN ENV\u00cdOS EN VALOR Y VOLUMEN - Revista Logistec","og_description":"N\u00fameros auspiciosos presenta el sector l\u00e1cteo exportador chileno, presentados en el reciente bolet\u00edn Indicadores Sector L\u00e1cteo 2024 Comercio Exterior.&nbsp;Esta publicaci\u00f3n es desarrollada por el Centro de Informaci\u00f3n L\u00e1ctea, CIL, sobre la base del trabajo de sus socios Fedeleche, Exporlac y Consorcio Lechero, con el respaldo de la Oficina de Estudios y Pol\u00edticas Agropecuarias, Odepa.","og_url":"https:\/\/www.revistalogistec.com\/index.php\/2025\/07\/07\/exportaciones-lacteas-chilenas-crecen-envios-en-valor-y-volumen\/","og_site_name":"Revista Logistec","article_published_time":"2025-07-07T22:28:46+00:00","og_image":[{"width":850,"height":530,"url":"https:\/\/www.revistalogistec.com\/wp-content\/uploads\/2025\/07\/indicadores-comercio-exterior.jpg","type":"image\/jpeg"}],"author":"admin","twitter_card":"summary_large_image","twitter_misc":{"Escrito por":"admin","Tiempo de lectura":"3 minutos"},"schema":{"@context":"https:\/\/schema.org","@graph":[{"@type":"Article","@id":"https:\/\/www.revistalogistec.com\/index.php\/2025\/07\/07\/exportaciones-lacteas-chilenas-crecen-envios-en-valor-y-volumen\/#article","isPartOf":{"@id":"https:\/\/www.revistalogistec.com\/index.php\/2025\/07\/07\/exportaciones-lacteas-chilenas-crecen-envios-en-valor-y-volumen\/"},"author":{"name":"admin","@id":"https:\/\/www.revistalogistec.com\/#\/schema\/person\/b25cced65507282f3fc6eb806b1db4f0"},"headline":"EXPORTACIONES L\u00c1CTEAS CHILENAS CRECEN ENV\u00cdOS EN VALOR Y VOLUMEN","datePublished":"2025-07-07T22:28:46+00:00","mainEntityOfPage":{"@id":"https:\/\/www.revistalogistec.com\/index.php\/2025\/07\/07\/exportaciones-lacteas-chilenas-crecen-envios-en-valor-y-volumen\/"},"wordCount":650,"commentCount":0,"image":{"@id":"https:\/\/www.revistalogistec.com\/index.php\/2025\/07\/07\/exportaciones-lacteas-chilenas-crecen-envios-en-valor-y-volumen\/#primaryimage"},"thumbnailUrl":"https:\/\/www.revistalogistec.com\/wp-content\/uploads\/2025\/07\/indicadores-comercio-exterior.jpg","articleSection":["NOTICIAS INDUSTRIA"],"inLanguage":"es"},{"@type":"WebPage","@id":"https:\/\/www.revistalogistec.com\/index.php\/2025\/07\/07\/exportaciones-lacteas-chilenas-crecen-envios-en-valor-y-volumen\/","url":"https:\/\/www.revistalogistec.com\/index.php\/2025\/07\/07\/exportaciones-lacteas-chilenas-crecen-envios-en-valor-y-volumen\/","name":"EXPORTACIONES L\u00c1CTEAS CHILENAS CRECEN ENV\u00cdOS EN VALOR Y VOLUMEN - Revista Logistec","isPartOf":{"@id":"https:\/\/www.revistalogistec.com\/#website"},"primaryImageOfPage":{"@id":"https:\/\/www.revistalogistec.com\/index.php\/2025\/07\/07\/exportaciones-lacteas-chilenas-crecen-envios-en-valor-y-volumen\/#primaryimage"},"image":{"@id":"https:\/\/www.revistalogistec.com\/index.php\/2025\/07\/07\/exportaciones-lacteas-chilenas-crecen-envios-en-valor-y-volumen\/#primaryimage"},"thumbnailUrl":"https:\/\/www.revistalogistec.com\/wp-content\/uploads\/2025\/07\/indicadores-comercio-exterior.jpg","datePublished":"2025-07-07T22:28:46+00:00","author":{"@id":"https:\/\/www.revistalogistec.com\/#\/schema\/person\/b25cced65507282f3fc6eb806b1db4f0"},"breadcrumb":{"@id":"https:\/\/www.revistalogistec.com\/index.php\/2025\/07\/07\/exportaciones-lacteas-chilenas-crecen-envios-en-valor-y-volumen\/#breadcrumb"},"inLanguage":"es","potentialAction":[{"@type":"ReadAction","target":["https:\/\/www.revistalogistec.com\/index.php\/2025\/07\/07\/exportaciones-lacteas-chilenas-crecen-envios-en-valor-y-volumen\/"]}]},{"@type":"ImageObject","inLanguage":"es","@id":"https:\/\/www.revistalogistec.com\/index.php\/2025\/07\/07\/exportaciones-lacteas-chilenas-crecen-envios-en-valor-y-volumen\/#primaryimage","url":"https:\/\/www.revistalogistec.com\/wp-content\/uploads\/2025\/07\/indicadores-comercio-exterior.jpg","contentUrl":"https:\/\/www.revistalogistec.com\/wp-content\/uploads\/2025\/07\/indicadores-comercio-exterior.jpg","width":850,"height":530},{"@type":"BreadcrumbList","@id":"https:\/\/www.revistalogistec.com\/index.php\/2025\/07\/07\/exportaciones-lacteas-chilenas-crecen-envios-en-valor-y-volumen\/#breadcrumb","itemListElement":[{"@type":"ListItem","position":1,"name":"Portada","item":"https:\/\/www.revistalogistec.com\/"},{"@type":"ListItem","position":2,"name":"EXPORTACIONES L\u00c1CTEAS CHILENAS CRECEN ENV\u00cdOS EN VALOR Y VOLUMEN"}]},{"@type":"WebSite","@id":"https:\/\/www.revistalogistec.com\/#website","url":"https:\/\/www.revistalogistec.com\/","name":"Revista Logistec","description":"","potentialAction":[{"@type":"SearchAction","target":{"@type":"EntryPoint","urlTemplate":"https:\/\/www.revistalogistec.com\/?s={search_term_string}"},"query-input":{"@type":"PropertyValueSpecification","valueRequired":true,"valueName":"search_term_string"}}],"inLanguage":"es"},{"@type":"Person","@id":"https:\/\/www.revistalogistec.com\/#\/schema\/person\/b25cced65507282f3fc6eb806b1db4f0","name":"admin","image":{"@type":"ImageObject","inLanguage":"es","@id":"https:\/\/secure.gravatar.com\/avatar\/94631f712dee24b50f2f12a7caf62df22b2c346945fcff655ce85b674bebf6fd?s=96&d=mm&r=g","url":"https:\/\/secure.gravatar.com\/avatar\/94631f712dee24b50f2f12a7caf62df22b2c346945fcff655ce85b674bebf6fd?s=96&d=mm&r=g","contentUrl":"https:\/\/secure.gravatar.com\/avatar\/94631f712dee24b50f2f12a7caf62df22b2c346945fcff655ce85b674bebf6fd?s=96&d=mm&r=g","caption":"admin"},"sameAs":["https:\/\/www.revistalogistec.com"],"url":"https:\/\/www.revistalogistec.com\/index.php\/author\/admin_revlog\/"}]}},"_links":{"self":[{"href":"https:\/\/www.revistalogistec.com\/index.php\/wp-json\/wp\/v2\/posts\/17400","targetHints":{"allow":["GET"]}}],"collection":[{"href":"https:\/\/www.revistalogistec.com\/index.php\/wp-json\/wp\/v2\/posts"}],"about":[{"href":"https:\/\/www.revistalogistec.com\/index.php\/wp-json\/wp\/v2\/types\/post"}],"author":[{"embeddable":true,"href":"https:\/\/www.revistalogistec.com\/index.php\/wp-json\/wp\/v2\/users\/1"}],"replies":[{"embeddable":true,"href":"https:\/\/www.revistalogistec.com\/index.php\/wp-json\/wp\/v2\/comments?post=17400"}],"version-history":[{"count":0,"href":"https:\/\/www.revistalogistec.com\/index.php\/wp-json\/wp\/v2\/posts\/17400\/revisions"}],"wp:featuredmedia":[{"embeddable":true,"href":"https:\/\/www.revistalogistec.com\/index.php\/wp-json\/wp\/v2\/media\/17399"}],"wp:attachment":[{"href":"https:\/\/www.revistalogistec.com\/index.php\/wp-json\/wp\/v2\/media?parent=17400"}],"wp:term":[{"taxonomy":"category","embeddable":true,"href":"https:\/\/www.revistalogistec.com\/index.php\/wp-json\/wp\/v2\/categories?post=17400"},{"taxonomy":"post_tag","embeddable":true,"href":"https:\/\/www.revistalogistec.com\/index.php\/wp-json\/wp\/v2\/tags?post=17400"}],"curies":[{"name":"wp","href":"https:\/\/api.w.org\/{rel}","templated":true}]}}