{"id":175,"date":"2019-12-12T16:45:31","date_gmt":"2019-12-12T16:45:31","guid":{"rendered":"https:\/\/www.revistalogistec.com\/index.php\/2019\/12\/12\/ian-taylor-agencia-a-m-n-tortugas-de-eukor-trajo-buses-electricos-para-transantiago\/"},"modified":"2019-12-12T16:45:31","modified_gmt":"2019-12-12T16:45:31","slug":"ian-taylor-agencia-a-m-n-tortugas-de-eukor-trajo-buses-electricos-para-transantiago","status":"publish","type":"post","link":"https:\/\/www.revistalogistec.com\/index.php\/2019\/12\/12\/ian-taylor-agencia-a-m-n-tortugas-de-eukor-trajo-buses-electricos-para-transantiago\/","title":{"rendered":"IAN TAYLOR AGENCIA A M\/N TORTUGAS DE EUKOR TRAJO BUSES EL\u00c9CTRICOS PARA TRANSANTIAGO"},"content":{"rendered":"<p style=\"text-align: justify;\">El pasado 17 de enero, Ian Taylor, filial de Empresas Taylor, agenci\u00f3 a la M\/N Tortugas de EUKOR en Puerto Central, San Antonio, nave que trajo la segunda partida de 100 buses el\u00e9ctricos Yutong modelo E12 que operar\u00e1n en el Transantiago (de un total de 500 buses, los cuales fueron cargados en Shanghai, China, a nombre del consignatario Gildemeister.<\/p>\n<p style=\"text-align: justify;\">\u201cIan Taylor es agente oficial en Chile de la naviera surcoreana EUKOR, l\u00edder a nivel mundial en el transporte de rodados, empresa en la cual Gildemeister ha confiado para que realice el trasporte de estos 100 buses ecol\u00f3gicos a nuestro pa\u00eds. Los buses fueron descargados por Puerto Central con sus reconocidos est\u00e1ndares de seguridad y eficiencia\u201c, afirm\u00f3 Juan Carlos Jim\u00e9nez, Chief Corporate Affairs Officer de Empresas Taylor.<\/p>\n<p style=\"text-align: justify;\">El modelo E12 de \u00faltima tecnolog\u00eda tiene una potencia de 324 kWh, con un bajo consumo de energ\u00eda y una autonom\u00eda m\u00e1xima de 300 kil\u00f3metros. Estos buses cuentan con una capacidad para 85 pasajeros, aire acondicionado, cargadores USB y m\u00f3dulos Wi-Fi, adem\u00e1s de c\u00e1maras de control interno y plataformas de acceso para personas con movilidad reducida.<\/p>\n<p style=\"text-align: justify;\">En Puerto Central, San Antonio, un grupo de t\u00e9cnicos y mec\u00e1nicos de Gildemeister subieron a bordo de la M\/N Tortugas con la finalidad de revisar la parte el\u00e9ctrica, dar movilidad a los buses y as\u00ed dejarlos listos para su descarga y pronto traslado a Santiago.<\/p>\n<p style=\"text-align: justify;\">Esta operaci\u00f3n log\u00edstica, permite a Ian Taylor aportar con su trabajo para un Chile sustentable, con un transporte p\u00fablico limpio y una matriz energ\u00e9tica basada en energ\u00edas renovables.<\/p>\n","protected":false},"excerpt":{"rendered":"<p style=\"text-align: justify;\">El pasado 17 de enero, Ian Taylor, filial de Empresas Taylor, agenci\u00f3 a la M\/N Tortugas de EUKOR en Puerto Central, San Antonio, nave que trajo la segunda partida de 100 buses el\u00e9ctricos Yutong modelo E12 que operar\u00e1n en el Transantiago (de un total de 500 buses, los cuales fueron cargados en Shanghai, China, a nombre del consignatario Gildemeister.<\/p>\n","protected":false},"author":1,"featured_media":174,"comment_status":"open","ping_status":"open","sticky":false,"template":"","format":"standard","meta":{"_acf_changed":false,"jnews-multi-image_gallery":[],"jnews_single_post":[],"jnews_primary_category":[],"jnews_social_meta":[],"jnews_override_counter":[],"footnotes":""},"categories":[12],"tags":[],"class_list":["post-175","post","type-post","status-publish","format-standard","has-post-thumbnail","hentry","category-noticias-industria"],"acf":[],"yoast_head":"<!-- This site is optimized with the Yoast SEO plugin v27.2 - https:\/\/yoast.com\/product\/yoast-seo-wordpress\/ -->\n<title>IAN TAYLOR AGENCIA A M\/N TORTUGAS DE EUKOR TRAJO BUSES EL\u00c9CTRICOS PARA TRANSANTIAGO - Revista Logistec<\/title>\n<meta name=\"robots\" content=\"index, follow, max-snippet:-1, max-image-preview:large, max-video-preview:-1\" \/>\n<link rel=\"canonical\" href=\"https:\/\/www.revistalogistec.com\/index.php\/2019\/12\/12\/ian-taylor-agencia-a-m-n-tortugas-de-eukor-trajo-buses-electricos-para-transantiago\/\" \/>\n<meta property=\"og:locale\" content=\"es_ES\" \/>\n<meta property=\"og:type\" content=\"article\" \/>\n<meta property=\"og:title\" content=\"IAN TAYLOR AGENCIA A M\/N TORTUGAS DE EUKOR TRAJO BUSES EL\u00c9CTRICOS PARA TRANSANTIAGO - Revista Logistec\" \/>\n<meta property=\"og:description\" content=\"El pasado 17 de enero, Ian Taylor, filial de Empresas Taylor, agenci\u00f3 a la M\/N Tortugas de EUKOR en Puerto Central, San Antonio, nave que trajo la segunda partida de 100 buses el\u00e9ctricos Yutong modelo E12 que operar\u00e1n en el Transantiago (de un total de 500 buses, los cuales fueron cargados en Shanghai, China, a nombre del consignatario Gildemeister.\" \/>\n<meta property=\"og:url\" content=\"https:\/\/www.revistalogistec.com\/index.php\/2019\/12\/12\/ian-taylor-agencia-a-m-n-tortugas-de-eukor-trajo-buses-electricos-para-transantiago\/\" \/>\n<meta property=\"og:site_name\" content=\"Revista Logistec\" \/>\n<meta property=\"article:published_time\" content=\"2019-12-12T16:45:31+00:00\" \/>\n<meta property=\"og:image\" content=\"https:\/\/www.revistalogistec.com\/wp-content\/uploads\/2019\/12\/yutong_logistec_ed110.jpg\" \/>\n\t<meta property=\"og:image:width\" content=\"850\" \/>\n\t<meta property=\"og:image:height\" content=\"567\" \/>\n\t<meta property=\"og:image:type\" content=\"image\/jpeg\" \/>\n<meta name=\"author\" content=\"admin\" \/>\n<meta name=\"twitter:card\" content=\"summary_large_image\" \/>\n<meta name=\"twitter:label1\" content=\"Escrito por\" \/>\n\t<meta name=\"twitter:data1\" content=\"admin\" \/>\n\t<meta name=\"twitter:label2\" content=\"Tiempo de lectura\" \/>\n\t<meta name=\"twitter:data2\" content=\"1 minuto\" \/>\n<script type=\"application\/ld+json\" class=\"yoast-schema-graph\">{\"@context\":\"https:\/\/schema.org\",\"@graph\":[{\"@type\":\"Article\",\"@id\":\"https:\/\/www.revistalogistec.com\/index.php\/2019\/12\/12\/ian-taylor-agencia-a-m-n-tortugas-de-eukor-trajo-buses-electricos-para-transantiago\/#article\",\"isPartOf\":{\"@id\":\"https:\/\/www.revistalogistec.com\/index.php\/2019\/12\/12\/ian-taylor-agencia-a-m-n-tortugas-de-eukor-trajo-buses-electricos-para-transantiago\/\"},\"author\":{\"name\":\"admin\",\"@id\":\"https:\/\/www.revistalogistec.com\/#\/schema\/person\/b25cced65507282f3fc6eb806b1db4f0\"},\"headline\":\"IAN TAYLOR AGENCIA A M\/N TORTUGAS DE EUKOR TRAJO BUSES EL\u00c9CTRICOS PARA TRANSANTIAGO\",\"datePublished\":\"2019-12-12T16:45:31+00:00\",\"mainEntityOfPage\":{\"@id\":\"https:\/\/www.revistalogistec.com\/index.php\/2019\/12\/12\/ian-taylor-agencia-a-m-n-tortugas-de-eukor-trajo-buses-electricos-para-transantiago\/\"},\"wordCount\":288,\"commentCount\":0,\"image\":{\"@id\":\"https:\/\/www.revistalogistec.com\/index.php\/2019\/12\/12\/ian-taylor-agencia-a-m-n-tortugas-de-eukor-trajo-buses-electricos-para-transantiago\/#primaryimage\"},\"thumbnailUrl\":\"https:\/\/www.revistalogistec.com\/wp-content\/uploads\/2019\/12\/yutong_logistec_ed110.jpg\",\"articleSection\":[\"NOTICIAS INDUSTRIA\"],\"inLanguage\":\"es\"},{\"@type\":\"WebPage\",\"@id\":\"https:\/\/www.revistalogistec.com\/index.php\/2019\/12\/12\/ian-taylor-agencia-a-m-n-tortugas-de-eukor-trajo-buses-electricos-para-transantiago\/\",\"url\":\"https:\/\/www.revistalogistec.com\/index.php\/2019\/12\/12\/ian-taylor-agencia-a-m-n-tortugas-de-eukor-trajo-buses-electricos-para-transantiago\/\",\"name\":\"IAN TAYLOR AGENCIA A M\/N TORTUGAS DE EUKOR TRAJO BUSES EL\u00c9CTRICOS PARA TRANSANTIAGO - Revista Logistec\",\"isPartOf\":{\"@id\":\"https:\/\/www.revistalogistec.com\/#website\"},\"primaryImageOfPage\":{\"@id\":\"https:\/\/www.revistalogistec.com\/index.php\/2019\/12\/12\/ian-taylor-agencia-a-m-n-tortugas-de-eukor-trajo-buses-electricos-para-transantiago\/#primaryimage\"},\"image\":{\"@id\":\"https:\/\/www.revistalogistec.com\/index.php\/2019\/12\/12\/ian-taylor-agencia-a-m-n-tortugas-de-eukor-trajo-buses-electricos-para-transantiago\/#primaryimage\"},\"thumbnailUrl\":\"https:\/\/www.revistalogistec.com\/wp-content\/uploads\/2019\/12\/yutong_logistec_ed110.jpg\",\"datePublished\":\"2019-12-12T16:45:31+00:00\",\"author\":{\"@id\":\"https:\/\/www.revistalogistec.com\/#\/schema\/person\/b25cced65507282f3fc6eb806b1db4f0\"},\"breadcrumb\":{\"@id\":\"https:\/\/www.revistalogistec.com\/index.php\/2019\/12\/12\/ian-taylor-agencia-a-m-n-tortugas-de-eukor-trajo-buses-electricos-para-transantiago\/#breadcrumb\"},\"inLanguage\":\"es\",\"potentialAction\":[{\"@type\":\"ReadAction\",\"target\":[\"https:\/\/www.revistalogistec.com\/index.php\/2019\/12\/12\/ian-taylor-agencia-a-m-n-tortugas-de-eukor-trajo-buses-electricos-para-transantiago\/\"]}]},{\"@type\":\"ImageObject\",\"inLanguage\":\"es\",\"@id\":\"https:\/\/www.revistalogistec.com\/index.php\/2019\/12\/12\/ian-taylor-agencia-a-m-n-tortugas-de-eukor-trajo-buses-electricos-para-transantiago\/#primaryimage\",\"url\":\"https:\/\/www.revistalogistec.com\/wp-content\/uploads\/2019\/12\/yutong_logistec_ed110.jpg\",\"contentUrl\":\"https:\/\/www.revistalogistec.com\/wp-content\/uploads\/2019\/12\/yutong_logistec_ed110.jpg\",\"width\":850,\"height\":567},{\"@type\":\"BreadcrumbList\",\"@id\":\"https:\/\/www.revistalogistec.com\/index.php\/2019\/12\/12\/ian-taylor-agencia-a-m-n-tortugas-de-eukor-trajo-buses-electricos-para-transantiago\/#breadcrumb\",\"itemListElement\":[{\"@type\":\"ListItem\",\"position\":1,\"name\":\"Portada\",\"item\":\"https:\/\/www.revistalogistec.com\/\"},{\"@type\":\"ListItem\",\"position\":2,\"name\":\"IAN TAYLOR AGENCIA A M\/N TORTUGAS DE EUKOR TRAJO BUSES EL\u00c9CTRICOS PARA TRANSANTIAGO\"}]},{\"@type\":\"WebSite\",\"@id\":\"https:\/\/www.revistalogistec.com\/#website\",\"url\":\"https:\/\/www.revistalogistec.com\/\",\"name\":\"Revista Logistec\",\"description\":\"\",\"potentialAction\":[{\"@type\":\"SearchAction\",\"target\":{\"@type\":\"EntryPoint\",\"urlTemplate\":\"https:\/\/www.revistalogistec.com\/?s={search_term_string}\"},\"query-input\":{\"@type\":\"PropertyValueSpecification\",\"valueRequired\":true,\"valueName\":\"search_term_string\"}}],\"inLanguage\":\"es\"},{\"@type\":\"Person\",\"@id\":\"https:\/\/www.revistalogistec.com\/#\/schema\/person\/b25cced65507282f3fc6eb806b1db4f0\",\"name\":\"admin\",\"image\":{\"@type\":\"ImageObject\",\"inLanguage\":\"es\",\"@id\":\"https:\/\/secure.gravatar.com\/avatar\/94631f712dee24b50f2f12a7caf62df22b2c346945fcff655ce85b674bebf6fd?s=96&d=mm&r=g\",\"url\":\"https:\/\/secure.gravatar.com\/avatar\/94631f712dee24b50f2f12a7caf62df22b2c346945fcff655ce85b674bebf6fd?s=96&d=mm&r=g\",\"contentUrl\":\"https:\/\/secure.gravatar.com\/avatar\/94631f712dee24b50f2f12a7caf62df22b2c346945fcff655ce85b674bebf6fd?s=96&d=mm&r=g\",\"caption\":\"admin\"},\"sameAs\":[\"https:\/\/www.revistalogistec.com\"],\"url\":\"https:\/\/www.revistalogistec.com\/index.php\/author\/admin_revlog\/\"}]}<\/script>\n<!-- \/ Yoast SEO plugin. -->","yoast_head_json":{"title":"IAN TAYLOR AGENCIA A M\/N TORTUGAS DE EUKOR TRAJO BUSES EL\u00c9CTRICOS PARA TRANSANTIAGO - Revista Logistec","robots":{"index":"index","follow":"follow","max-snippet":"max-snippet:-1","max-image-preview":"max-image-preview:large","max-video-preview":"max-video-preview:-1"},"canonical":"https:\/\/www.revistalogistec.com\/index.php\/2019\/12\/12\/ian-taylor-agencia-a-m-n-tortugas-de-eukor-trajo-buses-electricos-para-transantiago\/","og_locale":"es_ES","og_type":"article","og_title":"IAN TAYLOR AGENCIA A M\/N TORTUGAS DE EUKOR TRAJO BUSES EL\u00c9CTRICOS PARA TRANSANTIAGO - Revista Logistec","og_description":"El pasado 17 de enero, Ian Taylor, filial de Empresas Taylor, agenci\u00f3 a la M\/N Tortugas de EUKOR en Puerto Central, San Antonio, nave que trajo la segunda partida de 100 buses el\u00e9ctricos Yutong modelo E12 que operar\u00e1n en el Transantiago (de un total de 500 buses, los cuales fueron cargados en Shanghai, China, a nombre del consignatario Gildemeister.","og_url":"https:\/\/www.revistalogistec.com\/index.php\/2019\/12\/12\/ian-taylor-agencia-a-m-n-tortugas-de-eukor-trajo-buses-electricos-para-transantiago\/","og_site_name":"Revista Logistec","article_published_time":"2019-12-12T16:45:31+00:00","og_image":[{"width":850,"height":567,"url":"https:\/\/www.revistalogistec.com\/wp-content\/uploads\/2019\/12\/yutong_logistec_ed110.jpg","type":"image\/jpeg"}],"author":"admin","twitter_card":"summary_large_image","twitter_misc":{"Escrito por":"admin","Tiempo de lectura":"1 minuto"},"schema":{"@context":"https:\/\/schema.org","@graph":[{"@type":"Article","@id":"https:\/\/www.revistalogistec.com\/index.php\/2019\/12\/12\/ian-taylor-agencia-a-m-n-tortugas-de-eukor-trajo-buses-electricos-para-transantiago\/#article","isPartOf":{"@id":"https:\/\/www.revistalogistec.com\/index.php\/2019\/12\/12\/ian-taylor-agencia-a-m-n-tortugas-de-eukor-trajo-buses-electricos-para-transantiago\/"},"author":{"name":"admin","@id":"https:\/\/www.revistalogistec.com\/#\/schema\/person\/b25cced65507282f3fc6eb806b1db4f0"},"headline":"IAN TAYLOR AGENCIA A M\/N TORTUGAS DE EUKOR TRAJO BUSES EL\u00c9CTRICOS PARA TRANSANTIAGO","datePublished":"2019-12-12T16:45:31+00:00","mainEntityOfPage":{"@id":"https:\/\/www.revistalogistec.com\/index.php\/2019\/12\/12\/ian-taylor-agencia-a-m-n-tortugas-de-eukor-trajo-buses-electricos-para-transantiago\/"},"wordCount":288,"commentCount":0,"image":{"@id":"https:\/\/www.revistalogistec.com\/index.php\/2019\/12\/12\/ian-taylor-agencia-a-m-n-tortugas-de-eukor-trajo-buses-electricos-para-transantiago\/#primaryimage"},"thumbnailUrl":"https:\/\/www.revistalogistec.com\/wp-content\/uploads\/2019\/12\/yutong_logistec_ed110.jpg","articleSection":["NOTICIAS INDUSTRIA"],"inLanguage":"es"},{"@type":"WebPage","@id":"https:\/\/www.revistalogistec.com\/index.php\/2019\/12\/12\/ian-taylor-agencia-a-m-n-tortugas-de-eukor-trajo-buses-electricos-para-transantiago\/","url":"https:\/\/www.revistalogistec.com\/index.php\/2019\/12\/12\/ian-taylor-agencia-a-m-n-tortugas-de-eukor-trajo-buses-electricos-para-transantiago\/","name":"IAN TAYLOR AGENCIA A M\/N TORTUGAS DE EUKOR TRAJO BUSES EL\u00c9CTRICOS PARA TRANSANTIAGO - Revista Logistec","isPartOf":{"@id":"https:\/\/www.revistalogistec.com\/#website"},"primaryImageOfPage":{"@id":"https:\/\/www.revistalogistec.com\/index.php\/2019\/12\/12\/ian-taylor-agencia-a-m-n-tortugas-de-eukor-trajo-buses-electricos-para-transantiago\/#primaryimage"},"image":{"@id":"https:\/\/www.revistalogistec.com\/index.php\/2019\/12\/12\/ian-taylor-agencia-a-m-n-tortugas-de-eukor-trajo-buses-electricos-para-transantiago\/#primaryimage"},"thumbnailUrl":"https:\/\/www.revistalogistec.com\/wp-content\/uploads\/2019\/12\/yutong_logistec_ed110.jpg","datePublished":"2019-12-12T16:45:31+00:00","author":{"@id":"https:\/\/www.revistalogistec.com\/#\/schema\/person\/b25cced65507282f3fc6eb806b1db4f0"},"breadcrumb":{"@id":"https:\/\/www.revistalogistec.com\/index.php\/2019\/12\/12\/ian-taylor-agencia-a-m-n-tortugas-de-eukor-trajo-buses-electricos-para-transantiago\/#breadcrumb"},"inLanguage":"es","potentialAction":[{"@type":"ReadAction","target":["https:\/\/www.revistalogistec.com\/index.php\/2019\/12\/12\/ian-taylor-agencia-a-m-n-tortugas-de-eukor-trajo-buses-electricos-para-transantiago\/"]}]},{"@type":"ImageObject","inLanguage":"es","@id":"https:\/\/www.revistalogistec.com\/index.php\/2019\/12\/12\/ian-taylor-agencia-a-m-n-tortugas-de-eukor-trajo-buses-electricos-para-transantiago\/#primaryimage","url":"https:\/\/www.revistalogistec.com\/wp-content\/uploads\/2019\/12\/yutong_logistec_ed110.jpg","contentUrl":"https:\/\/www.revistalogistec.com\/wp-content\/uploads\/2019\/12\/yutong_logistec_ed110.jpg","width":850,"height":567},{"@type":"BreadcrumbList","@id":"https:\/\/www.revistalogistec.com\/index.php\/2019\/12\/12\/ian-taylor-agencia-a-m-n-tortugas-de-eukor-trajo-buses-electricos-para-transantiago\/#breadcrumb","itemListElement":[{"@type":"ListItem","position":1,"name":"Portada","item":"https:\/\/www.revistalogistec.com\/"},{"@type":"ListItem","position":2,"name":"IAN TAYLOR AGENCIA A M\/N TORTUGAS DE EUKOR TRAJO BUSES EL\u00c9CTRICOS PARA TRANSANTIAGO"}]},{"@type":"WebSite","@id":"https:\/\/www.revistalogistec.com\/#website","url":"https:\/\/www.revistalogistec.com\/","name":"Revista Logistec","description":"","potentialAction":[{"@type":"SearchAction","target":{"@type":"EntryPoint","urlTemplate":"https:\/\/www.revistalogistec.com\/?s={search_term_string}"},"query-input":{"@type":"PropertyValueSpecification","valueRequired":true,"valueName":"search_term_string"}}],"inLanguage":"es"},{"@type":"Person","@id":"https:\/\/www.revistalogistec.com\/#\/schema\/person\/b25cced65507282f3fc6eb806b1db4f0","name":"admin","image":{"@type":"ImageObject","inLanguage":"es","@id":"https:\/\/secure.gravatar.com\/avatar\/94631f712dee24b50f2f12a7caf62df22b2c346945fcff655ce85b674bebf6fd?s=96&d=mm&r=g","url":"https:\/\/secure.gravatar.com\/avatar\/94631f712dee24b50f2f12a7caf62df22b2c346945fcff655ce85b674bebf6fd?s=96&d=mm&r=g","contentUrl":"https:\/\/secure.gravatar.com\/avatar\/94631f712dee24b50f2f12a7caf62df22b2c346945fcff655ce85b674bebf6fd?s=96&d=mm&r=g","caption":"admin"},"sameAs":["https:\/\/www.revistalogistec.com"],"url":"https:\/\/www.revistalogistec.com\/index.php\/author\/admin_revlog\/"}]}},"_links":{"self":[{"href":"https:\/\/www.revistalogistec.com\/index.php\/wp-json\/wp\/v2\/posts\/175","targetHints":{"allow":["GET"]}}],"collection":[{"href":"https:\/\/www.revistalogistec.com\/index.php\/wp-json\/wp\/v2\/posts"}],"about":[{"href":"https:\/\/www.revistalogistec.com\/index.php\/wp-json\/wp\/v2\/types\/post"}],"author":[{"embeddable":true,"href":"https:\/\/www.revistalogistec.com\/index.php\/wp-json\/wp\/v2\/users\/1"}],"replies":[{"embeddable":true,"href":"https:\/\/www.revistalogistec.com\/index.php\/wp-json\/wp\/v2\/comments?post=175"}],"version-history":[{"count":0,"href":"https:\/\/www.revistalogistec.com\/index.php\/wp-json\/wp\/v2\/posts\/175\/revisions"}],"wp:featuredmedia":[{"embeddable":true,"href":"https:\/\/www.revistalogistec.com\/index.php\/wp-json\/wp\/v2\/media\/174"}],"wp:attachment":[{"href":"https:\/\/www.revistalogistec.com\/index.php\/wp-json\/wp\/v2\/media?parent=175"}],"wp:term":[{"taxonomy":"category","embeddable":true,"href":"https:\/\/www.revistalogistec.com\/index.php\/wp-json\/wp\/v2\/categories?post=175"},{"taxonomy":"post_tag","embeddable":true,"href":"https:\/\/www.revistalogistec.com\/index.php\/wp-json\/wp\/v2\/tags?post=175"}],"curies":[{"name":"wp","href":"https:\/\/api.w.org\/{rel}","templated":true}]}}