{"id":17981,"date":"2025-10-21T16:37:27","date_gmt":"2025-10-21T16:37:27","guid":{"rendered":"https:\/\/www.revistalogistec.com\/index.php\/2025\/10\/21\/logistec-25-anos-aportando-al-desarrollo-logistico\/"},"modified":"2025-10-21T16:37:27","modified_gmt":"2025-10-21T16:37:27","slug":"logistec-25-anos-aportando-al-desarrollo-logistico","status":"publish","type":"post","link":"https:\/\/www.revistalogistec.com\/index.php\/2025\/10\/21\/logistec-25-anos-aportando-al-desarrollo-logistico\/","title":{"rendered":"LOGISTEC: 25 A\u00d1OS APORTANDO AL DESARROLLO LOG\u00cdSTICO"},"content":{"rendered":"<p style=\"text-align: justify;\">Una historia que comenz\u00f3 cuando la log\u00edstica a\u00fan no era protagonista, con el sue\u00f1o de crear un medio especializado. Hoy, 25 a\u00f1os despu\u00e9s, LOGISTEC es una plataforma consolidada que da voz, visibilidad y proyecci\u00f3n a toda una industria clave para el desarrollo nacional, gracias al talento y compromiso del equipo de profesionales que lo conforman.<\/p>\n<p style=\"text-align: justify;\">Hace un cuarto de siglo hablar de log\u00edstica en Chile era casi un tema de nicho. Pocas empresas ve\u00edan en este \u00e1mbito un \u00e1rea estrat\u00e9gica para su competitividad, y menos a\u00fan exist\u00edan medios especializados que abordaran sus desaf\u00edos, tendencias y oportunidades. En ese contexto naci\u00f3 LOGISTEC, con la convicci\u00f3n de que la log\u00edstica ser\u00eda uno de los motores de crecimiento del pa\u00eds.<\/p>\n<p style=\"text-align: justify;\">\u201cCuando partimos, no era f\u00e1cil hablar de log\u00edstica. No era un tema que estuviera en las agendas empresariales, ni en la conversaci\u00f3n p\u00fablica. Sin embargo, ten\u00edamos la certeza de que tarde o temprano se transformar\u00eda en un factor decisivo para el desarrollo de Chile\u201d, recuerda Fernando R\u00edos, director ejecutivo de Logistec.<\/p>\n<p style=\"text-align: justify;\">Hoy, 25 a\u00f1os despu\u00e9s, la historia les ha dado la raz\u00f3n. La log\u00edstica es reconocida como un pilar estrat\u00e9gico en la operaci\u00f3n de las empresas, un habilitador del comercio internacional y un componente clave de la competitividad nacional. Y en ese camino, LOGISTEC ha estado presente como un actor de referencia, acompa\u00f1ando, difundiendo y proyectando el desarrollo de toda una industria.<\/p>\n<h3 style=\"text-align: justify;\">LOS HITOS DE UNA HISTORIA DE PERSEVERANCIA Y VISI\u00d3N<\/h3>\n<p style=\"text-align: justify;\">La trayectoria de la empresa no ha estado exenta de desaf\u00edos. Como todo proyecto pionero, ha debido enfrentar momentos de incertidumbre, cambios de mercado, crisis econ\u00f3micas e incluso una pandemia que transform\u00f3 radicalmente la forma de ver el mundo y a la cual, LOGISTEC se adapt\u00f3 con flexibilidad, agilidad y tambi\u00e9n asumiendo riesgos, apuntando fuertemente al mundo online como una plataforma para vincularse con clientes y lectores.&nbsp;<\/p>\n<p style=\"text-align: justify;\">A lo largo de esta historia, tambi\u00e9n ha cosechado grandes satisfacciones y reconocimientos que marcan un legado.<\/p>\n<p style=\"text-align: justify;\"><strong>Nacimiento de la revista:<\/strong> En 2000 se lanz\u00f3 el primer n\u00famero de LOGISTEC, una edici\u00f3n en papel que buscaba acercar la log\u00edstica a empresarios, ejecutivos y especialistas. Era un medio disruptivo, que hablaba de un tema a\u00fan incipiente en Chile.<\/p>\n<p style=\"text-align: justify;\"><strong>Consolidaci\u00f3n editorial:<\/strong> Durante la d\u00e9cada de los 2000, la revista se posicion\u00f3 como referente editorial, siendo testigo de los grandes cambios de la log\u00edstica: la globalizaci\u00f3n, el auge de las cadenas de suministro integradas, el impacto del e-Commerce y la incorporaci\u00f3n de tecnolog\u00edas digitales.<\/p>\n<p style=\"text-align: justify;\"><strong>Diversificaci\u00f3n de plataformas:<\/strong> El crecimiento no se limit\u00f3 al papel. LOGISTEC entendi\u00f3 que los tiempos demandaban nuevos formatos y canales. As\u00ed nacieron proyectos como Logistec TV, con contenidos audiovisuales, y las plataformas digitales que ampliaron la llegada de la marca a toda Latinoam\u00e9rica.<\/p>\n<p style=\"text-align: justify;\"><strong>La feria:<\/strong> Uno de los grandes hitos ha sido la creaci\u00f3n de Logistec Show, la feria internacional de la log\u00edstica que este 2026 celebrar\u00e1 su d\u00e9cima versi\u00f3n. Un espacio que se consolid\u00f3 como punto de encuentro de empresas, ejecutivos, proveedores y tomadores de decisiones, y que ha reunido durante m\u00e1s de una d\u00e9cada a lo mejor de la industria local.<\/p>\n<p style=\"text-align: justify;\"><strong>Expansi\u00f3n regional:<\/strong> LOGISTEC ha proyectado su influencia m\u00e1s all\u00e1 de Chile, convirti\u00e9ndose en un medio reconocido en Am\u00e9rica Latina y consolidando su rol como puente entre tendencias globales y realidades locales conformando una red de contacto de m\u00e1s de XXX lectores, de diversos pa\u00edses, tales como:<\/p>\n<p style=\"text-align: justify;\">\u201cHan sido a\u00f1os de mucho esfuerzo, de sobreponerse a escenarios dif\u00edciles, pero tambi\u00e9n de construir con pasi\u00f3n un espacio que la industria necesitaba. Hoy podemos mirar hacia atr\u00e1s con orgullo, porque hemos contribuido a dar visibilidad y fortalecer un sector que es vital para el pa\u00eds\u201d, afirma Paula Cort\u00e9s, directora comercial.<\/p>\n<h3 style=\"text-align: justify;\">LO QUE VIENE: FUTURO Y DESAF\u00cdOS INMEDIATOS<\/h3>\n<p style=\"text-align: justify;\">Si en sus inicios LOGISTEC hablaba de un tema poco explorado, hoy enfrenta el desaf\u00edo contrario: la log\u00edstica est\u00e1 en el centro de la estrategia de negocios, es cada vez m\u00e1s compleja y vive transformaciones permanentes. Digitalizaci\u00f3n, inteligencia artificial, sustentabilidad, electromovilidad, ciberseguridad y resiliencia de las cadenas globales son solo algunos de los desaf\u00edos que marcar\u00e1n el futuro.<\/p>\n<p style=\"text-align: justify;\">\u201cLo que nos motiva es que la log\u00edstica nunca se queda quieta. Cada a\u00f1o trae nuevas tendencias, nuevos aprendizajes y tambi\u00e9n nuevas exigencias. Ese dinamismo es el que nos impulsa a estar siempre atentos, generando contenidos y espacios que acompa\u00f1en a la industria\u201d, comenta Fernando.<\/p>\n<p style=\"text-align: justify;\">En este contexto, LOGISTEC se proyecta con la misma convicci\u00f3n que en su fundaci\u00f3n: ser un aliado estrat\u00e9gico de la industria, anticipar tendencias, abrir espacios de discusi\u00f3n y dar visibilidad a quienes construyen el futuro log\u00edstico del pa\u00eds.<\/p>\n<p style=\"text-align: justify;\">Los pr\u00f3ximos a\u00f1os estar\u00e1n marcados por:<\/p>\n<ul style=\"text-align: justify;\">\n<li>La consolidaci\u00f3n de LOGISTEC Show como hub regional, que conecte a Chile y Latinoam\u00e9rica con la innovaci\u00f3n y la tecnolog\u00eda global.<\/li>\n<li>La expansi\u00f3n de Logistec TV y plataformas digitales, con contenidos especializados y de alto valor para ejecutivos y empresas.<\/li>\n<li>El fortalecimiento de la comunidad log\u00edstica, articulando redes de colaboraci\u00f3n y conocimiento que impulsen el desarrollo sostenible y competitivo del sector.<\/li>\n<\/ul>\n<h3 style=\"text-align: justify;\">MIRAR M\u00c1S ALL\u00c1<\/h3>\n<p style=\"text-align: justify;\">El aniversario no solo invita a mirar lo recorrido, sino tambi\u00e9n a proyectar lo que viene. \u00bfC\u00f3mo ser\u00e1 la log\u00edstica dentro de otros 25 a\u00f1os? \u00bfQu\u00e9 papel cumplir\u00e1 en la vida de las personas y en la competitividad de los pa\u00edses?<\/p>\n<p style=\"text-align: justify;\">Las pr\u00f3ximas d\u00e9cadas estar\u00e1n marcadas por un nivel de integraci\u00f3n total entre tecnolog\u00eda y operaci\u00f3n, donde conceptos como automatizaci\u00f3n total, digital twins, inteligencia artificial aplicada a toda la cadena de suministro y cadenas de cero emisiones ser\u00e1n parte del d\u00eda a d\u00eda. Adem\u00e1s, la log\u00edstica jugar\u00e1 un rol decisivo en los objetivos de sustentabilidad, en la competitividad de los pa\u00edses y en la seguridad del abastecimiento global.<\/p>\n<p style=\"text-align: justify;\">En este escenario, LOGISTEC proyecta su misi\u00f3n: seguir siendo un referente regional que d\u00e9 visibilidad a las transformaciones, impulse la conversaci\u00f3n sobre el futuro de la industria y conecte a los actores que har\u00e1n posible una log\u00edstica m\u00e1s humana, sostenible y competitiva.<\/p>\n<p style=\"text-align: justify;\">\u201cCumplir 25 a\u00f1os nos llena de orgullo, pero lo que realmente nos mueve es pensar en los pr\u00f3ximos 25. La historia de la log\u00edstica reci\u00e9n comienza, y nosotros queremos seguir siendo parte de ella\u201d, concluye Fernando R\u00edos.<\/p>\n<h3 style=\"text-align: justify;\">UNA HISTORIA COMPARTIDA<\/h3>\n<p style=\"text-align: justify;\">Los 25 a\u00f1os de LOGISTEC no solo son la historia de una revista, sino tambi\u00e9n de una comunidad. Empresas, profesionales, acad\u00e9micos, proveedores y clientes han sido parte de esta construcci\u00f3n. Cada edici\u00f3n, cada reportaje y cada feria han sido posibles gracias a la confianza y apoyo de una industria que entendi\u00f3 que la log\u00edstica deb\u00eda tener un espacio propio para crecer y proyectarse.<\/p>\n<p style=\"text-align: justify;\">En este aniversario, LOGISTEC extiende una invitaci\u00f3n a todas las empresas y actores del sector a ser parte de esta comunidad. En nuestras p\u00e1ginas, ferias y plataformas encontrar\u00e1n un espacio a su medida para mostrarse al mundo log\u00edstico, compartir su visi\u00f3n, visibilizar sus soluciones y conectar con quienes est\u00e1n construyendo el presente y el futuro de la industria. Porque LOGISTEC no solo informa: tambi\u00e9n impulsa, articula y abre caminos para que cada compa\u00f1\u00eda pueda potenciar su presencia y liderazgo en el ecosistema log\u00edstico.<\/p>\n<p style=\"text-align: justify;\">Hoy, cuando la log\u00edstica es reconocida como un pilar clave del \u00e9xito empresarial y del desarrollo nacional, la empresa reafirma su compromiso: seguir contando la historia de una industria que no se detiene, que evoluciona d\u00eda a d\u00eda y que seguir\u00e1 siendo decisiva en los pr\u00f3ximos 25 a\u00f1os\u2026 y m\u00e1s all\u00e1.<\/p>\n<h3 style=\"text-align: justify;\">GRACIAS A TODOS LOS SALUDOS!<\/h3>\n<p style=\"text-align: justify;\">25 a\u00f1os? Incre\u00edble. Sin duda han sido testigos del crecimiento de nuestra industria y, a la vez, la industria ha sido testigos de vuestro aporte, profesionalismo, desarrollo, tecnologizaci\u00f3n y m\u00e1s. Siempre se los he dicho: son geniales. Vaya mi saludo a todo el equipo por el excelente trabajo que desarrollan. Felicidades.&nbsp;Y que cumplan muchos a\u00f1os m\u00e1s. Germ\u00e1n Flores Miranda, Director Comercial de Latinoam\u00e9rica en AR Racking.<\/p>\n<p style=\"text-align: justify;\">\u00a1Bodas de Plata! La industria ha experimentado una metamorfosis en las \u00faltimas dos d\u00e9cadas y media, evolucionando desde un sector predominantemente manual y fragmentado hacia un ecosistema digital, interconectado y altamente eficiente. LOGISTEC ha sido testigo y se ha convertido en l\u00edder de informaci\u00f3n, opini\u00f3n y un pilar de conexi\u00f3n para los distintos actores. \u00a1FELIZ 25 A\u00d1OS! Marcia Carrasco R. Procurement Director. Precision.<\/p>\n<p style=\"text-align: justify;\">\u00a1Felicitaciones por esos 25 a\u00f1os incre\u00edbles! He visto como se han convertido en un puente esencial entre la innovaci\u00f3n log\u00edstica y quienes lideramos operaciones. Su contenido ilumina los desaf\u00edos reales, inspira mejoras y fortalece el tejido profesional de nuestra industria. Gracias por mantener ese compromiso constante con la excelencia y la evoluci\u00f3n. Alejandro Campusano &#8211; Head Centro Fulfillment Lo Boza en Infracommerce Latam.<\/p>\n<p style=\"text-align: justify;\">\u00a1Much\u00edsimas felicidades en el 25\u00b0 aniversario! Es un honor ver c\u00f3mo han crecido y consolidado una presencia tan s\u00f3lida en la industria. Como siempre, su dedicaci\u00f3n y visi\u00f3n innovadora se reflejan en el enorme impacto que han tenido en la log\u00edstica y el almacenaje. \u00a1Es un placer trabajar con ustedes y ser testigos del aporte que hacen al desarrollo del sector! Un gran abrazo. Juan Jos\u00e9 \u00c1lvarez,&nbsp;Gerente de Ventas en Esnova Racks.<\/p>\n<p style=\"text-align: justify;\">Felicitaciones por sus 25 a\u00f1os de trayectoria. Han sido un referente clave en el desarrollo de la industria log\u00edstica en Chile. Su labor ha impulsado el conocimiento, la innovaci\u00f3n y la colaboraci\u00f3n en el sector. Agradecemos su permanente contribuci\u00f3n al crecimiento del ecosistema log\u00edstico. Gerardo Zamora Lira y el equipo de SLI GROUP.<\/p>\n<p style=\"text-align: justify;\">Muchos saludos a Revista Logistec por sus 25 a\u00f1os de vida. Han sido una parte importante del desarrollo log\u00edstico en el pa\u00eds, a trav\u00e9s de un trabajo serio e incansable de divulgaci\u00f3n e integraci\u00f3n. Un abrazo al equipo. Dario Morchio, Country Manager Chile en TRG LATAM.<\/p>\n<p style=\"text-align: justify;\">Felicitaciones por sus 25 a\u00f1os, siendo un referente clave en la difusi\u00f3n de conocimiento y tecnolog\u00eda para el sector log\u00edstico. Desde Techfy destacamos su aporte constante a la profesionalizaci\u00f3n y modernizaci\u00f3n de la industria. Les deseamos muchos m\u00e1s a\u00f1os de \u00e9xito, crecimiento e innovaci\u00f3n. Kris Maharaj, Regional Manager \u2013 E-commerce, SaaS &amp; Technology Solutions en Techfy.<\/p>\n<p style=\"text-align: justify;\">Quiero saludar cordialmente al equipo de Logistec y destacar el impacto que han tenido en la industria. Su trabajo ha aportado informaci\u00f3n clave y una mirada actualizada que ha sido de gran valor para todos los que impulsamos la innovaci\u00f3n en el sector. Es un gusto ver como siguen creciendo y aportando. Javier Bravo CEO en Symple.<\/p>\n<p style=\"text-align: justify;\">Saludo afectuosamente a Paula y Fernando por los 25 a\u00f1os de Logistec. Desde sus inicios han sido un referente de los temas log\u00edsticos y nos han alimentado de informaci\u00f3n y tendencias de los principales actores de la industria Log\u00edstica. Quiero destacar la gran capacidad t\u00e9cnica y humana de los profesionales de Logistec, quienes han ayudado mucho al desarrollo y transmisi\u00f3n del conocimiento en nuestra industria. Les env\u00edo un gran abrazo. Nelson Campos Rebolledo, Gerente General en Intersystems Chile.<\/p>\n<p style=\"text-align: justify;\">Extendemos un reconocimiento a Revista Logistec por sus 25 a\u00f1os de destacada trayectoria al servicio de la log\u00edstica nacional. A lo largo de los a\u00f1os, Logistec ha acompa\u00f1ado de manera constante a INACAP, compartiendo contenidos que fortalecen nuestros recursos acad\u00e9micos y fomentando v\u00ednculos con empresas y organizaciones del sector. Su compromiso ha contribuido significativamente a enriquecer la formaci\u00f3n de nuestros estudiantes y al desarrollo de una comunidad log\u00edstica m\u00e1s integrada y profesionalizada. Agradecemos su permanente apoyo y su aporte al crecimiento del ecosistema log\u00edstico de Chile. Miguel Valencia Herrera, Director \u00c1rea Log\u00edstica en INACAP.<\/p>\n<p style=\"text-align: justify;\">Enviamos un afectuoso saludo a Logistec por su 25\u00b0 aniversario. Destacamos su valioso trabajo como medio especializado, el cual ha permitido visibilizar el rol estrat\u00e9gico del sector log\u00edstico. Con ello, han contribuido a acercar y enriquecer el conocimiento del rubro log\u00edstico chileno entre distintas audiencias. Agradecemos su constante aporte al desarrollo del sector y les deseamos muchos m\u00e1s a\u00f1os de \u00e9xitos. \u00a1Felicitaciones! Alexis Michea, Gerente General en ALOG.<\/p>\n<p style=\"text-align: justify;\">En representaci\u00f3n del SCCC, queremos saludar en este aniversario 25 a nuestro hist\u00f3rico partner Logistec. El Supply Chain Council de Chile, desde sus inicios ha encontrado en Logistec un socio en qui\u00e9n apoyarse y lograr amplificar las iniciativas y proyectos que realizamos, buscando en conjunto el desarrollo de esta linda y dura industria. \u00a1Que sean much\u00edsimos a\u00f1os m\u00e1s juntos! Tom\u00e1s Cox, Presidente del Supply Chain Council de Chile.<\/p>\n<p style=\"text-align: justify;\">Desde Logisfashion queremos felicitar a Logistec por sus 25 a\u00f1os de trayectoria informando, conectando y fortaleciendo a la comunidad log\u00edstica en Chile y Latinoam\u00e9rica. Su compromiso con la calidad editorial, la rigurosidad informativa y la promoci\u00f3n de buenas pr\u00e1cticas y eventos ha convertido a Logistec en un referente indispensable para todos los que formamos parte de esta industria. Celebramos su capacidad de adaptaci\u00f3n, su mirada estrat\u00e9gica y su contribuci\u00f3n constante al desarrollo del sector. Gracias por ser una fuente confiable, por visibilizar los avances y desaf\u00edos de la log\u00edstica moderna, y por acompa\u00f1ar a empresas, profesionales y l\u00edderes en su evoluci\u00f3n. \u00a1Que vengan muchos a\u00f1os m\u00e1s de \u00e9xitos, innovaci\u00f3n y liderazgo editorial! Liliana Labarthe Couto, Directora de Marketing Corporativo.<\/p>\n<p style=\"text-align: justify;\">Celebrar 25 a\u00f1os no s\u00f3lo es un aniversario, es el reflejo de una trayectoria comprometida con la excelencia y la visi\u00f3n de futuro. Revista Logistec ha sido testigo y protagonista de la evoluci\u00f3n de la log\u00edstica en Chile, contribuyendo a profesionalizar el sector y a construir una comunidad informada y conectada. \u00a1Felicidades por este nuevo cap\u00edtulo de liderazgo y compromiso! Mabel Leva, Directora Ejecutiva en Conecta Log\u00edstica.<\/p>\n<p style=\"text-align: justify;\">Felicitamos a Revista Logistec por sus 25 a\u00f1os de trayectoria. En Megacentro valoramos su constante aporte al desarrollo del sector inmobiliario y log\u00edstico en Chile, as\u00ed como su compromiso con la difusi\u00f3n de conocimiento y buenas pr\u00e1cticas. Su labor ha sido clave para fortalecer nuestra industria. Les deseamos mucho \u00e9xito en los nuevos desaf\u00edos que vienen. Diego Casta\u00f1eda, Country Manager en Megacentro.<\/p>\n<p style=\"text-align: justify;\">LOGISTEC es uno de los medios mas importantes de Latin America, aportando informaci\u00f3n siempre actualizada de las soluciones mas avanzada, y la problem\u00e1tica de un sector tan ic\u00f3nico como es la Logistica. Nuestras felicitaciones por estos 25 a\u00f1os de Trayectoria! Fabian Audisio, Vice Presidente de Ventas en TRG Latin America.<\/p>\n<p style=\"text-align: justify;\">Felicitamos a la revista Logistec por sus 25 a\u00f1os de trayectoria, consolid\u00e1ndose como un referente en el \u00e1mbito de la log\u00edstica. Su compromiso con la excelencia, la innovaci\u00f3n y la difusi\u00f3n del conocimiento ha contribuido de manera invaluable al desarrollo y profesionalizaci\u00f3n del sector. \u00a1Felicidades por este importante aniversario y por seguir impulsando el liderazgo log\u00edstico en la regi\u00f3n! Paola Espinoza, Directora &amp; Founder en SCHGroup.<\/p>\n<p style=\"text-align: justify;\">Felices 25 a\u00f1os! Es impresionante ver c\u00f3mo Logistec ha crecido y contribuido tanto al desarrollo log\u00edstico del pa\u00eds. Su trayectoria es un reflejo de trabajo serio, innovaci\u00f3n y visi\u00f3n de futuro. Desde Minduga les mandamos un tremendo abrazo y agradecimientos por todo lo que han hecho por la industria de la log\u00edstica. Les deseo que los pr\u00f3ximos 25 a\u00f1os vengan lleno de nuevos logros y desaf\u00edos apasionantes. Sebasti\u00e1n Garc\u00eda Saba , CEO en Mindugar.<\/p>\n<p style=\"text-align: justify;\">Quiero felicitar con especial cari\u00f1o a Revista Logistec por estos 25 a\u00f1os de trayectoria, siendo un referente y un punto de encuentro clave para todos quienes formamos parte del mundo de la log\u00edstica. Durante mis m\u00e1s de 26 a\u00f1os en esta industria, he visto c\u00f3mo Logistec ha acompa\u00f1ado nuestro crecimiento, compartiendo conocimiento, innovaci\u00f3n y visi\u00f3n. Y, por sobre todo, quiero reconocer a su directora, Paula Cort\u00e9s, una profesional apasionada, comprometida y con un liderazgo inspirador, a quien tengo el privilegio de llamar amiga. Gracias a ella y a su equipo, la revista y la Logistec Show han logrado reunir a\u00f1o a a\u00f1o a los m\u00e1s destacados actores del sector, fortaleciendo nuestra comunidad log\u00edstica y generando espacios que impulsan nuevas oportunidades. \u00a1Felices 25 a\u00f1os, Logistec! Que sigan los \u00e9xitos y las historias que nos inspiran a todos los que amamos esta \u00e1rea. Macela Pozo, Senior Sales Account Executive en Hillebrand Gori.<\/p>\n<p style=\"text-align: justify;\">Felicidades en estos 25 a\u00f1os de Logistec, una publicaci\u00f3n emblem\u00e1tica y referente en log\u00edstica y supply chain en la regi\u00f3n. Como director del m\u00e1ster en Supply Chain Management de la UAI, quiero expresar mi sincero reconocimiento por su apoyo constante y colaboraci\u00f3n, que han sido fundamentales para potenciar la formaci\u00f3n y el conocimiento en nuestro sector. Su trabajo inspira innovaci\u00f3n, mejores pr\u00e1cticas y el desarrollo de una comunidad cada vez m\u00e1s s\u00f3lida y comprometida. Espero que esta historia de \u00e9xito contin\u00fae enriqueciendo y fortaleciendo a toda la industria. \u00a1Muchas felicitaciones y mucho \u00e9xito en los a\u00f1os por venir! Dr. Jorge Hern\u00e1ndez H. Profesor Titular en Operations &amp; Supply Chain Management. Director de Investigacion, PhD in Management y Master en supply Chain Management.<\/p>\n","protected":false},"excerpt":{"rendered":"<p style=\"text-align: justify;\">Una historia que comenz\u00f3 cuando la log\u00edstica a\u00fan no era protagonista, con el sue\u00f1o de crear un medio especializado. Hoy, 25 a\u00f1os despu\u00e9s, LOGISTEC es una plataforma consolidada que da voz, visibilidad y proyecci\u00f3n a toda una industria clave para el desarrollo nacional, gracias al talento y compromiso del equipo de profesionales que lo conforman.<\/p>\n","protected":false},"author":1,"featured_media":17980,"comment_status":"open","ping_status":"open","sticky":false,"template":"","format":"standard","meta":{"_acf_changed":false,"jnews-multi-image_gallery":[],"jnews_single_post":[],"jnews_primary_category":[],"jnews_social_meta":[],"jnews_override_counter":[],"footnotes":""},"categories":[75],"tags":[],"class_list":["post-17981","post","type-post","status-publish","format-standard","has-post-thumbnail","hentry","category-perfil"],"acf":[],"yoast_head":"<!-- This site is optimized with the Yoast SEO plugin v27.2 - https:\/\/yoast.com\/product\/yoast-seo-wordpress\/ -->\n<title>LOGISTEC: 25 A\u00d1OS APORTANDO AL DESARROLLO LOG\u00cdSTICO - Revista Logistec<\/title>\n<meta name=\"robots\" content=\"index, follow, max-snippet:-1, max-image-preview:large, max-video-preview:-1\" \/>\n<link rel=\"canonical\" href=\"https:\/\/www.revistalogistec.com\/index.php\/2025\/10\/21\/logistec-25-anos-aportando-al-desarrollo-logistico\/\" \/>\n<meta property=\"og:locale\" content=\"es_ES\" \/>\n<meta property=\"og:type\" content=\"article\" \/>\n<meta property=\"og:title\" content=\"LOGISTEC: 25 A\u00d1OS APORTANDO AL DESARROLLO LOG\u00cdSTICO - Revista Logistec\" \/>\n<meta property=\"og:description\" content=\"Una historia que comenz\u00f3 cuando la log\u00edstica a\u00fan no era protagonista, con el sue\u00f1o de crear un medio especializado. Hoy, 25 a\u00f1os despu\u00e9s, LOGISTEC es una plataforma consolidada que da voz, visibilidad y proyecci\u00f3n a toda una industria clave para el desarrollo nacional, gracias al talento y compromiso del equipo de profesionales que lo conforman.\" \/>\n<meta property=\"og:url\" content=\"https:\/\/www.revistalogistec.com\/index.php\/2025\/10\/21\/logistec-25-anos-aportando-al-desarrollo-logistico\/\" \/>\n<meta property=\"og:site_name\" content=\"Revista Logistec\" \/>\n<meta property=\"article:published_time\" content=\"2025-10-21T16:37:27+00:00\" \/>\n<meta property=\"og:image\" content=\"https:\/\/www.revistalogistec.com\/wp-content\/uploads\/2025\/10\/portada_logistec_2.jpg\" \/>\n\t<meta property=\"og:image:width\" content=\"850\" \/>\n\t<meta property=\"og:image:height\" content=\"530\" \/>\n\t<meta property=\"og:image:type\" content=\"image\/jpeg\" \/>\n<meta name=\"author\" content=\"admin\" \/>\n<meta name=\"twitter:card\" content=\"summary_large_image\" \/>\n<meta name=\"twitter:label1\" content=\"Escrito por\" \/>\n\t<meta name=\"twitter:data1\" content=\"admin\" \/>\n\t<meta name=\"twitter:label2\" content=\"Tiempo de lectura\" \/>\n\t<meta name=\"twitter:data2\" content=\"15 minutos\" \/>\n<script type=\"application\/ld+json\" class=\"yoast-schema-graph\">{\"@context\":\"https:\/\/schema.org\",\"@graph\":[{\"@type\":\"Article\",\"@id\":\"https:\/\/www.revistalogistec.com\/index.php\/2025\/10\/21\/logistec-25-anos-aportando-al-desarrollo-logistico\/#article\",\"isPartOf\":{\"@id\":\"https:\/\/www.revistalogistec.com\/index.php\/2025\/10\/21\/logistec-25-anos-aportando-al-desarrollo-logistico\/\"},\"author\":{\"name\":\"admin\",\"@id\":\"https:\/\/www.revistalogistec.com\/#\/schema\/person\/b25cced65507282f3fc6eb806b1db4f0\"},\"headline\":\"LOGISTEC: 25 A\u00d1OS APORTANDO AL DESARROLLO LOG\u00cdSTICO\",\"datePublished\":\"2025-10-21T16:37:27+00:00\",\"mainEntityOfPage\":{\"@id\":\"https:\/\/www.revistalogistec.com\/index.php\/2025\/10\/21\/logistec-25-anos-aportando-al-desarrollo-logistico\/\"},\"wordCount\":2995,\"commentCount\":0,\"image\":{\"@id\":\"https:\/\/www.revistalogistec.com\/index.php\/2025\/10\/21\/logistec-25-anos-aportando-al-desarrollo-logistico\/#primaryimage\"},\"thumbnailUrl\":\"https:\/\/www.revistalogistec.com\/wp-content\/uploads\/2025\/10\/portada_logistec_2.jpg\",\"articleSection\":[\"PERFIL\"],\"inLanguage\":\"es\"},{\"@type\":\"WebPage\",\"@id\":\"https:\/\/www.revistalogistec.com\/index.php\/2025\/10\/21\/logistec-25-anos-aportando-al-desarrollo-logistico\/\",\"url\":\"https:\/\/www.revistalogistec.com\/index.php\/2025\/10\/21\/logistec-25-anos-aportando-al-desarrollo-logistico\/\",\"name\":\"LOGISTEC: 25 A\u00d1OS APORTANDO AL DESARROLLO LOG\u00cdSTICO - Revista Logistec\",\"isPartOf\":{\"@id\":\"https:\/\/www.revistalogistec.com\/#website\"},\"primaryImageOfPage\":{\"@id\":\"https:\/\/www.revistalogistec.com\/index.php\/2025\/10\/21\/logistec-25-anos-aportando-al-desarrollo-logistico\/#primaryimage\"},\"image\":{\"@id\":\"https:\/\/www.revistalogistec.com\/index.php\/2025\/10\/21\/logistec-25-anos-aportando-al-desarrollo-logistico\/#primaryimage\"},\"thumbnailUrl\":\"https:\/\/www.revistalogistec.com\/wp-content\/uploads\/2025\/10\/portada_logistec_2.jpg\",\"datePublished\":\"2025-10-21T16:37:27+00:00\",\"author\":{\"@id\":\"https:\/\/www.revistalogistec.com\/#\/schema\/person\/b25cced65507282f3fc6eb806b1db4f0\"},\"breadcrumb\":{\"@id\":\"https:\/\/www.revistalogistec.com\/index.php\/2025\/10\/21\/logistec-25-anos-aportando-al-desarrollo-logistico\/#breadcrumb\"},\"inLanguage\":\"es\",\"potentialAction\":[{\"@type\":\"ReadAction\",\"target\":[\"https:\/\/www.revistalogistec.com\/index.php\/2025\/10\/21\/logistec-25-anos-aportando-al-desarrollo-logistico\/\"]}]},{\"@type\":\"ImageObject\",\"inLanguage\":\"es\",\"@id\":\"https:\/\/www.revistalogistec.com\/index.php\/2025\/10\/21\/logistec-25-anos-aportando-al-desarrollo-logistico\/#primaryimage\",\"url\":\"https:\/\/www.revistalogistec.com\/wp-content\/uploads\/2025\/10\/portada_logistec_2.jpg\",\"contentUrl\":\"https:\/\/www.revistalogistec.com\/wp-content\/uploads\/2025\/10\/portada_logistec_2.jpg\",\"width\":850,\"height\":530},{\"@type\":\"BreadcrumbList\",\"@id\":\"https:\/\/www.revistalogistec.com\/index.php\/2025\/10\/21\/logistec-25-anos-aportando-al-desarrollo-logistico\/#breadcrumb\",\"itemListElement\":[{\"@type\":\"ListItem\",\"position\":1,\"name\":\"Portada\",\"item\":\"https:\/\/www.revistalogistec.com\/\"},{\"@type\":\"ListItem\",\"position\":2,\"name\":\"LOGISTEC: 25 A\u00d1OS APORTANDO AL DESARROLLO LOG\u00cdSTICO\"}]},{\"@type\":\"WebSite\",\"@id\":\"https:\/\/www.revistalogistec.com\/#website\",\"url\":\"https:\/\/www.revistalogistec.com\/\",\"name\":\"Revista Logistec\",\"description\":\"\",\"potentialAction\":[{\"@type\":\"SearchAction\",\"target\":{\"@type\":\"EntryPoint\",\"urlTemplate\":\"https:\/\/www.revistalogistec.com\/?s={search_term_string}\"},\"query-input\":{\"@type\":\"PropertyValueSpecification\",\"valueRequired\":true,\"valueName\":\"search_term_string\"}}],\"inLanguage\":\"es\"},{\"@type\":\"Person\",\"@id\":\"https:\/\/www.revistalogistec.com\/#\/schema\/person\/b25cced65507282f3fc6eb806b1db4f0\",\"name\":\"admin\",\"image\":{\"@type\":\"ImageObject\",\"inLanguage\":\"es\",\"@id\":\"https:\/\/secure.gravatar.com\/avatar\/94631f712dee24b50f2f12a7caf62df22b2c346945fcff655ce85b674bebf6fd?s=96&d=mm&r=g\",\"url\":\"https:\/\/secure.gravatar.com\/avatar\/94631f712dee24b50f2f12a7caf62df22b2c346945fcff655ce85b674bebf6fd?s=96&d=mm&r=g\",\"contentUrl\":\"https:\/\/secure.gravatar.com\/avatar\/94631f712dee24b50f2f12a7caf62df22b2c346945fcff655ce85b674bebf6fd?s=96&d=mm&r=g\",\"caption\":\"admin\"},\"sameAs\":[\"https:\/\/www.revistalogistec.com\"],\"url\":\"https:\/\/www.revistalogistec.com\/index.php\/author\/admin_revlog\/\"}]}<\/script>\n<!-- \/ Yoast SEO plugin. -->","yoast_head_json":{"title":"LOGISTEC: 25 A\u00d1OS APORTANDO AL DESARROLLO LOG\u00cdSTICO - Revista Logistec","robots":{"index":"index","follow":"follow","max-snippet":"max-snippet:-1","max-image-preview":"max-image-preview:large","max-video-preview":"max-video-preview:-1"},"canonical":"https:\/\/www.revistalogistec.com\/index.php\/2025\/10\/21\/logistec-25-anos-aportando-al-desarrollo-logistico\/","og_locale":"es_ES","og_type":"article","og_title":"LOGISTEC: 25 A\u00d1OS APORTANDO AL DESARROLLO LOG\u00cdSTICO - Revista Logistec","og_description":"Una historia que comenz\u00f3 cuando la log\u00edstica a\u00fan no era protagonista, con el sue\u00f1o de crear un medio especializado. Hoy, 25 a\u00f1os despu\u00e9s, LOGISTEC es una plataforma consolidada que da voz, visibilidad y proyecci\u00f3n a toda una industria clave para el desarrollo nacional, gracias al talento y compromiso del equipo de profesionales que lo conforman.","og_url":"https:\/\/www.revistalogistec.com\/index.php\/2025\/10\/21\/logistec-25-anos-aportando-al-desarrollo-logistico\/","og_site_name":"Revista Logistec","article_published_time":"2025-10-21T16:37:27+00:00","og_image":[{"width":850,"height":530,"url":"https:\/\/www.revistalogistec.com\/wp-content\/uploads\/2025\/10\/portada_logistec_2.jpg","type":"image\/jpeg"}],"author":"admin","twitter_card":"summary_large_image","twitter_misc":{"Escrito por":"admin","Tiempo de lectura":"15 minutos"},"schema":{"@context":"https:\/\/schema.org","@graph":[{"@type":"Article","@id":"https:\/\/www.revistalogistec.com\/index.php\/2025\/10\/21\/logistec-25-anos-aportando-al-desarrollo-logistico\/#article","isPartOf":{"@id":"https:\/\/www.revistalogistec.com\/index.php\/2025\/10\/21\/logistec-25-anos-aportando-al-desarrollo-logistico\/"},"author":{"name":"admin","@id":"https:\/\/www.revistalogistec.com\/#\/schema\/person\/b25cced65507282f3fc6eb806b1db4f0"},"headline":"LOGISTEC: 25 A\u00d1OS APORTANDO AL DESARROLLO LOG\u00cdSTICO","datePublished":"2025-10-21T16:37:27+00:00","mainEntityOfPage":{"@id":"https:\/\/www.revistalogistec.com\/index.php\/2025\/10\/21\/logistec-25-anos-aportando-al-desarrollo-logistico\/"},"wordCount":2995,"commentCount":0,"image":{"@id":"https:\/\/www.revistalogistec.com\/index.php\/2025\/10\/21\/logistec-25-anos-aportando-al-desarrollo-logistico\/#primaryimage"},"thumbnailUrl":"https:\/\/www.revistalogistec.com\/wp-content\/uploads\/2025\/10\/portada_logistec_2.jpg","articleSection":["PERFIL"],"inLanguage":"es"},{"@type":"WebPage","@id":"https:\/\/www.revistalogistec.com\/index.php\/2025\/10\/21\/logistec-25-anos-aportando-al-desarrollo-logistico\/","url":"https:\/\/www.revistalogistec.com\/index.php\/2025\/10\/21\/logistec-25-anos-aportando-al-desarrollo-logistico\/","name":"LOGISTEC: 25 A\u00d1OS APORTANDO AL DESARROLLO LOG\u00cdSTICO - Revista Logistec","isPartOf":{"@id":"https:\/\/www.revistalogistec.com\/#website"},"primaryImageOfPage":{"@id":"https:\/\/www.revistalogistec.com\/index.php\/2025\/10\/21\/logistec-25-anos-aportando-al-desarrollo-logistico\/#primaryimage"},"image":{"@id":"https:\/\/www.revistalogistec.com\/index.php\/2025\/10\/21\/logistec-25-anos-aportando-al-desarrollo-logistico\/#primaryimage"},"thumbnailUrl":"https:\/\/www.revistalogistec.com\/wp-content\/uploads\/2025\/10\/portada_logistec_2.jpg","datePublished":"2025-10-21T16:37:27+00:00","author":{"@id":"https:\/\/www.revistalogistec.com\/#\/schema\/person\/b25cced65507282f3fc6eb806b1db4f0"},"breadcrumb":{"@id":"https:\/\/www.revistalogistec.com\/index.php\/2025\/10\/21\/logistec-25-anos-aportando-al-desarrollo-logistico\/#breadcrumb"},"inLanguage":"es","potentialAction":[{"@type":"ReadAction","target":["https:\/\/www.revistalogistec.com\/index.php\/2025\/10\/21\/logistec-25-anos-aportando-al-desarrollo-logistico\/"]}]},{"@type":"ImageObject","inLanguage":"es","@id":"https:\/\/www.revistalogistec.com\/index.php\/2025\/10\/21\/logistec-25-anos-aportando-al-desarrollo-logistico\/#primaryimage","url":"https:\/\/www.revistalogistec.com\/wp-content\/uploads\/2025\/10\/portada_logistec_2.jpg","contentUrl":"https:\/\/www.revistalogistec.com\/wp-content\/uploads\/2025\/10\/portada_logistec_2.jpg","width":850,"height":530},{"@type":"BreadcrumbList","@id":"https:\/\/www.revistalogistec.com\/index.php\/2025\/10\/21\/logistec-25-anos-aportando-al-desarrollo-logistico\/#breadcrumb","itemListElement":[{"@type":"ListItem","position":1,"name":"Portada","item":"https:\/\/www.revistalogistec.com\/"},{"@type":"ListItem","position":2,"name":"LOGISTEC: 25 A\u00d1OS APORTANDO AL DESARROLLO LOG\u00cdSTICO"}]},{"@type":"WebSite","@id":"https:\/\/www.revistalogistec.com\/#website","url":"https:\/\/www.revistalogistec.com\/","name":"Revista Logistec","description":"","potentialAction":[{"@type":"SearchAction","target":{"@type":"EntryPoint","urlTemplate":"https:\/\/www.revistalogistec.com\/?s={search_term_string}"},"query-input":{"@type":"PropertyValueSpecification","valueRequired":true,"valueName":"search_term_string"}}],"inLanguage":"es"},{"@type":"Person","@id":"https:\/\/www.revistalogistec.com\/#\/schema\/person\/b25cced65507282f3fc6eb806b1db4f0","name":"admin","image":{"@type":"ImageObject","inLanguage":"es","@id":"https:\/\/secure.gravatar.com\/avatar\/94631f712dee24b50f2f12a7caf62df22b2c346945fcff655ce85b674bebf6fd?s=96&d=mm&r=g","url":"https:\/\/secure.gravatar.com\/avatar\/94631f712dee24b50f2f12a7caf62df22b2c346945fcff655ce85b674bebf6fd?s=96&d=mm&r=g","contentUrl":"https:\/\/secure.gravatar.com\/avatar\/94631f712dee24b50f2f12a7caf62df22b2c346945fcff655ce85b674bebf6fd?s=96&d=mm&r=g","caption":"admin"},"sameAs":["https:\/\/www.revistalogistec.com"],"url":"https:\/\/www.revistalogistec.com\/index.php\/author\/admin_revlog\/"}]}},"_links":{"self":[{"href":"https:\/\/www.revistalogistec.com\/index.php\/wp-json\/wp\/v2\/posts\/17981","targetHints":{"allow":["GET"]}}],"collection":[{"href":"https:\/\/www.revistalogistec.com\/index.php\/wp-json\/wp\/v2\/posts"}],"about":[{"href":"https:\/\/www.revistalogistec.com\/index.php\/wp-json\/wp\/v2\/types\/post"}],"author":[{"embeddable":true,"href":"https:\/\/www.revistalogistec.com\/index.php\/wp-json\/wp\/v2\/users\/1"}],"replies":[{"embeddable":true,"href":"https:\/\/www.revistalogistec.com\/index.php\/wp-json\/wp\/v2\/comments?post=17981"}],"version-history":[{"count":0,"href":"https:\/\/www.revistalogistec.com\/index.php\/wp-json\/wp\/v2\/posts\/17981\/revisions"}],"wp:featuredmedia":[{"embeddable":true,"href":"https:\/\/www.revistalogistec.com\/index.php\/wp-json\/wp\/v2\/media\/17980"}],"wp:attachment":[{"href":"https:\/\/www.revistalogistec.com\/index.php\/wp-json\/wp\/v2\/media?parent=17981"}],"wp:term":[{"taxonomy":"category","embeddable":true,"href":"https:\/\/www.revistalogistec.com\/index.php\/wp-json\/wp\/v2\/categories?post=17981"},{"taxonomy":"post_tag","embeddable":true,"href":"https:\/\/www.revistalogistec.com\/index.php\/wp-json\/wp\/v2\/tags?post=17981"}],"curies":[{"name":"wp","href":"https:\/\/api.w.org\/{rel}","templated":true}]}}