{"id":18067,"date":"2025-10-29T13:04:00","date_gmt":"2025-10-29T13:04:00","guid":{"rendered":"https:\/\/www.revistalogistec.com\/index.php\/2025\/10\/29\/40-horas-laborales-oportunidad-para-innovar-y-mejorar\/"},"modified":"2025-10-29T13:04:00","modified_gmt":"2025-10-29T13:04:00","slug":"40-horas-laborales-oportunidad-para-innovar-y-mejorar","status":"publish","type":"post","link":"https:\/\/www.revistalogistec.com\/index.php\/2025\/10\/29\/40-horas-laborales-oportunidad-para-innovar-y-mejorar\/","title":{"rendered":"40 HORAS LABORALES: OPORTUNIDAD PARA INNOVAR Y MEJORAR"},"content":{"rendered":"<p style=\"text-align: justify;\">Sea bueno o malo, seg\u00fan cada perspectiva, la jornada laboral de 40 horas va a reducir el tiempo disponible de trabajo que tiene cada persona. Eso es un hecho y eso va a suceder.<\/p>\n<p style=\"text-align: justify;\">En este escenario, las empresas hoy en Chile tienen que saber responder si lo har\u00e1n ahora o dentro de los pr\u00f3ximos 3 a\u00f1os, seg\u00fan indica la ley. Lo cierto es que muchas organizaciones est\u00e1n aplicando la gradualidad, asumiendo que minimizan un impacto negativo en sus indicadores de productividad y as\u00ed pueden descubrir c\u00f3mo ir adapt\u00e1ndose a esa nueva realidad laboral.<\/p>\n<p style=\"text-align: justify;\">\u00bfEs la forma correcta? Sin duda es un camino para cumplir con la norma, pero para innovar y encontrar espacios de mejora no. Las empresas est\u00e1n viendo la flexibilidad que implican estas 40 horas como un enemigo, en p\u00e1nico de las posibilidades inciertas que generar\u00e1 este cambio, en vez de considerar esta modificaci\u00f3n como una oportunidad de innovar y fortalecer las condiciones laborales de sus trabajadores.<\/p>\n<p style=\"text-align: justify;\">Porque pretender desempe\u00f1arse de la misma forma con 5 horas menos cada semana es un error de muchas compa\u00f1\u00edas de no aprovechar la oportunidad, no solo de sobrellevar este cambio legislativo con \u00e9xito, sino que tambi\u00e9n de encontrar nuevas alternativas para fortalecer la operaci\u00f3n, aumentar la productividad laboral y, en el proceso, mejorar la calidad de vida de sus equipos humanos.<\/p>\n<p style=\"text-align: justify;\">Las jornadas 4&#215;3, o las 40 horas semanales en promedio, son herramientas que podr\u00edan ajustarse mejor a la forma en la que se trabaja hoy, distribuyendo la carga laboral de los equipos en los momentos donde genuinamente son necesarios, permitiendo no perder ventas ni clientes, o disminuir los indicadores de productividad que tanto atemorizan.<\/p>\n<p style=\"text-align: justify;\">Con todo, aquellas empresas que no est\u00e1n considerando esta flexibilidad que posibilitan estas 40 horas y se limitan \u00fanicamente a la simple reducci\u00f3n horaria, est\u00e1n perdiendo oportunidades, rentabilidad y bienestar.<\/p>\n<p style=\"text-align: justify;\">Por Claudio Fuentes, Head of Workforce Consultancy en SCM Latam<\/p>\n","protected":false},"excerpt":{"rendered":"<p style=\"text-align: justify;\">Sea bueno o malo, seg\u00fan cada perspectiva, la jornada laboral de 40 horas va a reducir el tiempo disponible de trabajo que tiene cada persona. Eso es un hecho y eso va a suceder.<\/p>\n","protected":false},"author":1,"featured_media":18066,"comment_status":"open","ping_status":"open","sticky":false,"template":"","format":"standard","meta":{"_acf_changed":false,"jnews-multi-image_gallery":[],"jnews_single_post":[],"jnews_primary_category":[],"jnews_social_meta":[],"jnews_override_counter":[],"footnotes":""},"categories":[83],"tags":[],"class_list":["post-18067","post","type-post","status-publish","format-standard","has-post-thumbnail","hentry","category-analisis"],"acf":[],"yoast_head":"<!-- This site is optimized with the Yoast SEO plugin v27.2 - https:\/\/yoast.com\/product\/yoast-seo-wordpress\/ -->\n<title>40 HORAS LABORALES: OPORTUNIDAD PARA INNOVAR Y MEJORAR - Revista Logistec<\/title>\n<meta name=\"robots\" content=\"index, follow, max-snippet:-1, max-image-preview:large, max-video-preview:-1\" \/>\n<link rel=\"canonical\" href=\"https:\/\/www.revistalogistec.com\/index.php\/2025\/10\/29\/40-horas-laborales-oportunidad-para-innovar-y-mejorar\/\" \/>\n<meta property=\"og:locale\" content=\"es_ES\" \/>\n<meta property=\"og:type\" content=\"article\" \/>\n<meta property=\"og:title\" content=\"40 HORAS LABORALES: OPORTUNIDAD PARA INNOVAR Y MEJORAR - Revista Logistec\" \/>\n<meta property=\"og:description\" content=\"Sea bueno o malo, seg\u00fan cada perspectiva, la jornada laboral de 40 horas va a reducir el tiempo disponible de trabajo que tiene cada persona. Eso es un hecho y eso va a suceder.\" \/>\n<meta property=\"og:url\" content=\"https:\/\/www.revistalogistec.com\/index.php\/2025\/10\/29\/40-horas-laborales-oportunidad-para-innovar-y-mejorar\/\" \/>\n<meta property=\"og:site_name\" content=\"Revista Logistec\" \/>\n<meta property=\"article:published_time\" content=\"2025-10-29T13:04:00+00:00\" \/>\n<meta property=\"og:image\" content=\"https:\/\/www.revistalogistec.com\/wp-content\/uploads\/2025\/10\/Claudio-Fuentes.jpg\" \/>\n\t<meta property=\"og:image:width\" content=\"850\" \/>\n\t<meta property=\"og:image:height\" content=\"530\" \/>\n\t<meta property=\"og:image:type\" content=\"image\/jpeg\" \/>\n<meta name=\"author\" content=\"admin\" \/>\n<meta name=\"twitter:card\" content=\"summary_large_image\" \/>\n<meta name=\"twitter:label1\" content=\"Escrito por\" \/>\n\t<meta name=\"twitter:data1\" content=\"admin\" \/>\n\t<meta name=\"twitter:label2\" content=\"Tiempo de lectura\" \/>\n\t<meta name=\"twitter:data2\" content=\"2 minutos\" \/>\n<script type=\"application\/ld+json\" class=\"yoast-schema-graph\">{\"@context\":\"https:\/\/schema.org\",\"@graph\":[{\"@type\":\"Article\",\"@id\":\"https:\/\/www.revistalogistec.com\/index.php\/2025\/10\/29\/40-horas-laborales-oportunidad-para-innovar-y-mejorar\/#article\",\"isPartOf\":{\"@id\":\"https:\/\/www.revistalogistec.com\/index.php\/2025\/10\/29\/40-horas-laborales-oportunidad-para-innovar-y-mejorar\/\"},\"author\":{\"name\":\"admin\",\"@id\":\"https:\/\/www.revistalogistec.com\/#\/schema\/person\/b25cced65507282f3fc6eb806b1db4f0\"},\"headline\":\"40 HORAS LABORALES: OPORTUNIDAD PARA INNOVAR Y MEJORAR\",\"datePublished\":\"2025-10-29T13:04:00+00:00\",\"mainEntityOfPage\":{\"@id\":\"https:\/\/www.revistalogistec.com\/index.php\/2025\/10\/29\/40-horas-laborales-oportunidad-para-innovar-y-mejorar\/\"},\"wordCount\":335,\"commentCount\":0,\"image\":{\"@id\":\"https:\/\/www.revistalogistec.com\/index.php\/2025\/10\/29\/40-horas-laborales-oportunidad-para-innovar-y-mejorar\/#primaryimage\"},\"thumbnailUrl\":\"https:\/\/www.revistalogistec.com\/wp-content\/uploads\/2025\/10\/Claudio-Fuentes.jpg\",\"articleSection\":[\"AN\u00c1LISIS\"],\"inLanguage\":\"es\"},{\"@type\":\"WebPage\",\"@id\":\"https:\/\/www.revistalogistec.com\/index.php\/2025\/10\/29\/40-horas-laborales-oportunidad-para-innovar-y-mejorar\/\",\"url\":\"https:\/\/www.revistalogistec.com\/index.php\/2025\/10\/29\/40-horas-laborales-oportunidad-para-innovar-y-mejorar\/\",\"name\":\"40 HORAS LABORALES: OPORTUNIDAD PARA INNOVAR Y MEJORAR - Revista Logistec\",\"isPartOf\":{\"@id\":\"https:\/\/www.revistalogistec.com\/#website\"},\"primaryImageOfPage\":{\"@id\":\"https:\/\/www.revistalogistec.com\/index.php\/2025\/10\/29\/40-horas-laborales-oportunidad-para-innovar-y-mejorar\/#primaryimage\"},\"image\":{\"@id\":\"https:\/\/www.revistalogistec.com\/index.php\/2025\/10\/29\/40-horas-laborales-oportunidad-para-innovar-y-mejorar\/#primaryimage\"},\"thumbnailUrl\":\"https:\/\/www.revistalogistec.com\/wp-content\/uploads\/2025\/10\/Claudio-Fuentes.jpg\",\"datePublished\":\"2025-10-29T13:04:00+00:00\",\"author\":{\"@id\":\"https:\/\/www.revistalogistec.com\/#\/schema\/person\/b25cced65507282f3fc6eb806b1db4f0\"},\"breadcrumb\":{\"@id\":\"https:\/\/www.revistalogistec.com\/index.php\/2025\/10\/29\/40-horas-laborales-oportunidad-para-innovar-y-mejorar\/#breadcrumb\"},\"inLanguage\":\"es\",\"potentialAction\":[{\"@type\":\"ReadAction\",\"target\":[\"https:\/\/www.revistalogistec.com\/index.php\/2025\/10\/29\/40-horas-laborales-oportunidad-para-innovar-y-mejorar\/\"]}]},{\"@type\":\"ImageObject\",\"inLanguage\":\"es\",\"@id\":\"https:\/\/www.revistalogistec.com\/index.php\/2025\/10\/29\/40-horas-laborales-oportunidad-para-innovar-y-mejorar\/#primaryimage\",\"url\":\"https:\/\/www.revistalogistec.com\/wp-content\/uploads\/2025\/10\/Claudio-Fuentes.jpg\",\"contentUrl\":\"https:\/\/www.revistalogistec.com\/wp-content\/uploads\/2025\/10\/Claudio-Fuentes.jpg\",\"width\":850,\"height\":530},{\"@type\":\"BreadcrumbList\",\"@id\":\"https:\/\/www.revistalogistec.com\/index.php\/2025\/10\/29\/40-horas-laborales-oportunidad-para-innovar-y-mejorar\/#breadcrumb\",\"itemListElement\":[{\"@type\":\"ListItem\",\"position\":1,\"name\":\"Portada\",\"item\":\"https:\/\/www.revistalogistec.com\/\"},{\"@type\":\"ListItem\",\"position\":2,\"name\":\"40 HORAS LABORALES: OPORTUNIDAD PARA INNOVAR Y MEJORAR\"}]},{\"@type\":\"WebSite\",\"@id\":\"https:\/\/www.revistalogistec.com\/#website\",\"url\":\"https:\/\/www.revistalogistec.com\/\",\"name\":\"Revista Logistec\",\"description\":\"\",\"potentialAction\":[{\"@type\":\"SearchAction\",\"target\":{\"@type\":\"EntryPoint\",\"urlTemplate\":\"https:\/\/www.revistalogistec.com\/?s={search_term_string}\"},\"query-input\":{\"@type\":\"PropertyValueSpecification\",\"valueRequired\":true,\"valueName\":\"search_term_string\"}}],\"inLanguage\":\"es\"},{\"@type\":\"Person\",\"@id\":\"https:\/\/www.revistalogistec.com\/#\/schema\/person\/b25cced65507282f3fc6eb806b1db4f0\",\"name\":\"admin\",\"image\":{\"@type\":\"ImageObject\",\"inLanguage\":\"es\",\"@id\":\"https:\/\/secure.gravatar.com\/avatar\/94631f712dee24b50f2f12a7caf62df22b2c346945fcff655ce85b674bebf6fd?s=96&d=mm&r=g\",\"url\":\"https:\/\/secure.gravatar.com\/avatar\/94631f712dee24b50f2f12a7caf62df22b2c346945fcff655ce85b674bebf6fd?s=96&d=mm&r=g\",\"contentUrl\":\"https:\/\/secure.gravatar.com\/avatar\/94631f712dee24b50f2f12a7caf62df22b2c346945fcff655ce85b674bebf6fd?s=96&d=mm&r=g\",\"caption\":\"admin\"},\"sameAs\":[\"https:\/\/www.revistalogistec.com\"],\"url\":\"https:\/\/www.revistalogistec.com\/index.php\/author\/admin_revlog\/\"}]}<\/script>\n<!-- \/ Yoast SEO plugin. -->","yoast_head_json":{"title":"40 HORAS LABORALES: OPORTUNIDAD PARA INNOVAR Y MEJORAR - Revista Logistec","robots":{"index":"index","follow":"follow","max-snippet":"max-snippet:-1","max-image-preview":"max-image-preview:large","max-video-preview":"max-video-preview:-1"},"canonical":"https:\/\/www.revistalogistec.com\/index.php\/2025\/10\/29\/40-horas-laborales-oportunidad-para-innovar-y-mejorar\/","og_locale":"es_ES","og_type":"article","og_title":"40 HORAS LABORALES: OPORTUNIDAD PARA INNOVAR Y MEJORAR - Revista Logistec","og_description":"Sea bueno o malo, seg\u00fan cada perspectiva, la jornada laboral de 40 horas va a reducir el tiempo disponible de trabajo que tiene cada persona. Eso es un hecho y eso va a suceder.","og_url":"https:\/\/www.revistalogistec.com\/index.php\/2025\/10\/29\/40-horas-laborales-oportunidad-para-innovar-y-mejorar\/","og_site_name":"Revista Logistec","article_published_time":"2025-10-29T13:04:00+00:00","og_image":[{"width":850,"height":530,"url":"https:\/\/www.revistalogistec.com\/wp-content\/uploads\/2025\/10\/Claudio-Fuentes.jpg","type":"image\/jpeg"}],"author":"admin","twitter_card":"summary_large_image","twitter_misc":{"Escrito por":"admin","Tiempo de lectura":"2 minutos"},"schema":{"@context":"https:\/\/schema.org","@graph":[{"@type":"Article","@id":"https:\/\/www.revistalogistec.com\/index.php\/2025\/10\/29\/40-horas-laborales-oportunidad-para-innovar-y-mejorar\/#article","isPartOf":{"@id":"https:\/\/www.revistalogistec.com\/index.php\/2025\/10\/29\/40-horas-laborales-oportunidad-para-innovar-y-mejorar\/"},"author":{"name":"admin","@id":"https:\/\/www.revistalogistec.com\/#\/schema\/person\/b25cced65507282f3fc6eb806b1db4f0"},"headline":"40 HORAS LABORALES: OPORTUNIDAD PARA INNOVAR Y MEJORAR","datePublished":"2025-10-29T13:04:00+00:00","mainEntityOfPage":{"@id":"https:\/\/www.revistalogistec.com\/index.php\/2025\/10\/29\/40-horas-laborales-oportunidad-para-innovar-y-mejorar\/"},"wordCount":335,"commentCount":0,"image":{"@id":"https:\/\/www.revistalogistec.com\/index.php\/2025\/10\/29\/40-horas-laborales-oportunidad-para-innovar-y-mejorar\/#primaryimage"},"thumbnailUrl":"https:\/\/www.revistalogistec.com\/wp-content\/uploads\/2025\/10\/Claudio-Fuentes.jpg","articleSection":["AN\u00c1LISIS"],"inLanguage":"es"},{"@type":"WebPage","@id":"https:\/\/www.revistalogistec.com\/index.php\/2025\/10\/29\/40-horas-laborales-oportunidad-para-innovar-y-mejorar\/","url":"https:\/\/www.revistalogistec.com\/index.php\/2025\/10\/29\/40-horas-laborales-oportunidad-para-innovar-y-mejorar\/","name":"40 HORAS LABORALES: OPORTUNIDAD PARA INNOVAR Y MEJORAR - Revista Logistec","isPartOf":{"@id":"https:\/\/www.revistalogistec.com\/#website"},"primaryImageOfPage":{"@id":"https:\/\/www.revistalogistec.com\/index.php\/2025\/10\/29\/40-horas-laborales-oportunidad-para-innovar-y-mejorar\/#primaryimage"},"image":{"@id":"https:\/\/www.revistalogistec.com\/index.php\/2025\/10\/29\/40-horas-laborales-oportunidad-para-innovar-y-mejorar\/#primaryimage"},"thumbnailUrl":"https:\/\/www.revistalogistec.com\/wp-content\/uploads\/2025\/10\/Claudio-Fuentes.jpg","datePublished":"2025-10-29T13:04:00+00:00","author":{"@id":"https:\/\/www.revistalogistec.com\/#\/schema\/person\/b25cced65507282f3fc6eb806b1db4f0"},"breadcrumb":{"@id":"https:\/\/www.revistalogistec.com\/index.php\/2025\/10\/29\/40-horas-laborales-oportunidad-para-innovar-y-mejorar\/#breadcrumb"},"inLanguage":"es","potentialAction":[{"@type":"ReadAction","target":["https:\/\/www.revistalogistec.com\/index.php\/2025\/10\/29\/40-horas-laborales-oportunidad-para-innovar-y-mejorar\/"]}]},{"@type":"ImageObject","inLanguage":"es","@id":"https:\/\/www.revistalogistec.com\/index.php\/2025\/10\/29\/40-horas-laborales-oportunidad-para-innovar-y-mejorar\/#primaryimage","url":"https:\/\/www.revistalogistec.com\/wp-content\/uploads\/2025\/10\/Claudio-Fuentes.jpg","contentUrl":"https:\/\/www.revistalogistec.com\/wp-content\/uploads\/2025\/10\/Claudio-Fuentes.jpg","width":850,"height":530},{"@type":"BreadcrumbList","@id":"https:\/\/www.revistalogistec.com\/index.php\/2025\/10\/29\/40-horas-laborales-oportunidad-para-innovar-y-mejorar\/#breadcrumb","itemListElement":[{"@type":"ListItem","position":1,"name":"Portada","item":"https:\/\/www.revistalogistec.com\/"},{"@type":"ListItem","position":2,"name":"40 HORAS LABORALES: OPORTUNIDAD PARA INNOVAR Y MEJORAR"}]},{"@type":"WebSite","@id":"https:\/\/www.revistalogistec.com\/#website","url":"https:\/\/www.revistalogistec.com\/","name":"Revista Logistec","description":"","potentialAction":[{"@type":"SearchAction","target":{"@type":"EntryPoint","urlTemplate":"https:\/\/www.revistalogistec.com\/?s={search_term_string}"},"query-input":{"@type":"PropertyValueSpecification","valueRequired":true,"valueName":"search_term_string"}}],"inLanguage":"es"},{"@type":"Person","@id":"https:\/\/www.revistalogistec.com\/#\/schema\/person\/b25cced65507282f3fc6eb806b1db4f0","name":"admin","image":{"@type":"ImageObject","inLanguage":"es","@id":"https:\/\/secure.gravatar.com\/avatar\/94631f712dee24b50f2f12a7caf62df22b2c346945fcff655ce85b674bebf6fd?s=96&d=mm&r=g","url":"https:\/\/secure.gravatar.com\/avatar\/94631f712dee24b50f2f12a7caf62df22b2c346945fcff655ce85b674bebf6fd?s=96&d=mm&r=g","contentUrl":"https:\/\/secure.gravatar.com\/avatar\/94631f712dee24b50f2f12a7caf62df22b2c346945fcff655ce85b674bebf6fd?s=96&d=mm&r=g","caption":"admin"},"sameAs":["https:\/\/www.revistalogistec.com"],"url":"https:\/\/www.revistalogistec.com\/index.php\/author\/admin_revlog\/"}]}},"_links":{"self":[{"href":"https:\/\/www.revistalogistec.com\/index.php\/wp-json\/wp\/v2\/posts\/18067","targetHints":{"allow":["GET"]}}],"collection":[{"href":"https:\/\/www.revistalogistec.com\/index.php\/wp-json\/wp\/v2\/posts"}],"about":[{"href":"https:\/\/www.revistalogistec.com\/index.php\/wp-json\/wp\/v2\/types\/post"}],"author":[{"embeddable":true,"href":"https:\/\/www.revistalogistec.com\/index.php\/wp-json\/wp\/v2\/users\/1"}],"replies":[{"embeddable":true,"href":"https:\/\/www.revistalogistec.com\/index.php\/wp-json\/wp\/v2\/comments?post=18067"}],"version-history":[{"count":0,"href":"https:\/\/www.revistalogistec.com\/index.php\/wp-json\/wp\/v2\/posts\/18067\/revisions"}],"wp:featuredmedia":[{"embeddable":true,"href":"https:\/\/www.revistalogistec.com\/index.php\/wp-json\/wp\/v2\/media\/18066"}],"wp:attachment":[{"href":"https:\/\/www.revistalogistec.com\/index.php\/wp-json\/wp\/v2\/media?parent=18067"}],"wp:term":[{"taxonomy":"category","embeddable":true,"href":"https:\/\/www.revistalogistec.com\/index.php\/wp-json\/wp\/v2\/categories?post=18067"},{"taxonomy":"post_tag","embeddable":true,"href":"https:\/\/www.revistalogistec.com\/index.php\/wp-json\/wp\/v2\/tags?post=18067"}],"curies":[{"name":"wp","href":"https:\/\/api.w.org\/{rel}","templated":true}]}}