{"id":18076,"date":"2025-11-03T15:40:24","date_gmt":"2025-11-03T15:40:24","guid":{"rendered":"https:\/\/www.revistalogistec.com\/index.php\/2025\/11\/03\/ar-racking-y-pm-steele-impulsan-el-cedis-de-refacciones-acquaroni-2\/"},"modified":"2025-11-07T10:02:05","modified_gmt":"2025-11-07T14:02:05","slug":"ar-racking-y-pm-steele-impulsan-el-cedis-de-refacciones-acquaroni-2","status":"publish","type":"post","link":"https:\/\/www.revistalogistec.com\/index.php\/2025\/11\/03\/ar-racking-y-pm-steele-impulsan-el-cedis-de-refacciones-acquaroni-2\/","title":{"rendered":"AR RACKING Y PM STEELE\u00ae IMPULSAN EL CEDIS DE REFACCIONES ACQUARONI"},"content":{"rendered":"<ul>\n<li style=\"text-align: justify;\"><em><strong>Cuatro sistemas en 8 semanas maximizan el espacio del nuevo CEDIS.<\/strong><\/em><\/li>\n<li style=\"text-align: justify;\"><em><strong>Hito conjunto dentro del programa #GrowingTogether de AR Racking.<\/strong><\/em><\/li>\n<\/ul>\n<p style=\"text-align: justify;\"><a href=\"https:\/\/www.ar-racking.com\/es\/\">AR Racking<\/a>, en alianza con su distribuidor oficial en M\u00e9xico, <a href=\"https:\/\/www.pmsteele.com.mx\/\">PM STEELE\u00ae<\/a>, ha culminado la instalaci\u00f3n de un sistema de almacenaje a medida para <strong>Refacciones Acquaroni<\/strong> en el Central Business Park de la carretera M\u00e9rida. El proyecto, <strong>ejecutado en solo ocho semanas<\/strong>, integra <a href=\"https:\/\/www.ar-racking.com\/es\/sistemas-almacenaje\/estanterias-industriales\/paletizacion\/convencional\/\">estanter\u00eda selectiva<\/a> y <a href=\"https:\/\/www.ar-racking.com\/es\/sistemas-almacenaje\/estanterias-industriales\/cajas\/picking\/\">sistemas de picking suministrados por PM STEELE\u00ae, adem\u00e1s de un mezzanine<\/a> y una espiral de gravedad aportados por otro aliado comercial<strong>, para optimizar m\u00e1s de 840 m\u00b2 <\/strong>del nuevo centro de distribuci\u00f3n especializado en refacciones de automotriz.<\/p>\n<p style=\"text-align: justify;\">La soluci\u00f3n \u2014que aprovecha al m\u00e1ximo la huella vertical y horizontal\u2014 dota a <a href=\"https:\/\/refaccionesacquaroni.com.mx\/\">Acquaroni <\/a>de un <strong>CEDIS \u00e1gil, ordenado y preparado<\/strong> para elevar su cobertura log\u00edstica en todo el territorio mexicano. \u201cEstamos muy satisfechos con la rapidez y la calidad de la instalaci\u00f3n de los sistemas: selectivo y picking; ahora gestionamos nuestro inventario con mayor eficiencia y podemos llegar antes a nuestros clientes\u201d, se\u00f1alan desde Refacciones Acquaroni.<\/p>\n<p style=\"text-align: justify;\">La ingenier\u00eda de detalle, liderada por <strong>Arturo Esparza, Mauricio Pascasio, Rina Hern\u00e1ndez y Enrique&nbsp;Burgos <\/strong>responsables del proyecto de PM STEELE\u00ae, se apoy\u00f3 en la fabricaci\u00f3n certificada de la compa\u00f1\u00eda espa\u00f1ola y en la experiencia local de PM STEELE\u00ae. Para PM STEELE\u00ae, la obra consolida su <strong>liderazgo como integrador de soluciones log\u00edsticas en la regi\u00f3<\/strong>n: \u201cEl respaldo tecnol\u00f3gico de AR Racking y nuestra experiencia local han resultado en un proyecto ejemplar para la industria automotriz de Yucat\u00e1n\u201d, destaca el equipo directivo de la compa\u00f1\u00eda.<\/p>\n<p style=\"text-align: justify;\">El proyecto se enmarca en el programa <strong>#GrowingTogether,<\/strong> la iniciativa con la que AR Racking potencia la competitividad de su red global de distribuidores. Con este nuevo hito, la firma reafirma su compromiso de dise\u00f1ar y fabricar sistemas de almacenaje innovadores que respondan a los retos log\u00edsticos de cada cliente, mientras fortalece la presencia de socios estrat\u00e9gicos como PM STEELE\u00ae en el mercado mexicano.<\/p>\n<p><strong>&nbsp;<\/strong><\/p>\n","protected":false},"excerpt":{"rendered":"<ul>\n<li style=\"text-align: justify;\"><em><strong>Cuatro sistemas en 8 semanas maximizan el espacio del nuevo CEDIS.<\/strong><\/em><\/li>\n<li style=\"text-align: justify;\"><em><strong>Hito conjunto dentro del programa #GrowingTogether de AR Racking.<\/strong><\/em><\/li>\n<\/ul>\n","protected":false},"author":48296,"featured_media":18060,"comment_status":"open","ping_status":"open","sticky":false,"template":"","format":"standard","meta":{"_acf_changed":false,"jnews-multi-image_gallery":[],"jnews_single_post":[],"jnews_primary_category":[],"jnews_social_meta":[],"jnews_override_counter":[],"footnotes":""},"categories":[164],"tags":[],"class_list":["post-18076","post","type-post","status-publish","format-standard","has-post-thumbnail","hentry","category-noticias-clientes"],"acf":[],"yoast_head":"<!-- This site is optimized with the Yoast SEO plugin v27.2 - https:\/\/yoast.com\/product\/yoast-seo-wordpress\/ -->\n<title>AR RACKING Y PM STEELE\u00ae IMPULSAN EL CEDIS DE REFACCIONES ACQUARONI - Revista Logistec<\/title>\n<meta name=\"robots\" content=\"index, follow, max-snippet:-1, max-image-preview:large, max-video-preview:-1\" \/>\n<link rel=\"canonical\" href=\"https:\/\/www.revistalogistec.com\/index.php\/2025\/11\/03\/ar-racking-y-pm-steele-impulsan-el-cedis-de-refacciones-acquaroni-2\/\" \/>\n<meta property=\"og:locale\" content=\"es_ES\" \/>\n<meta property=\"og:type\" content=\"article\" \/>\n<meta property=\"og:title\" content=\"AR RACKING Y PM STEELE\u00ae IMPULSAN EL CEDIS DE REFACCIONES ACQUARONI - Revista Logistec\" \/>\n<meta property=\"og:description\" content=\"Cuatro sistemas en 8 semanas maximizan el espacio del nuevo CEDIS. Hito conjunto dentro del programa #GrowingTogether de AR Racking.\" \/>\n<meta property=\"og:url\" content=\"https:\/\/www.revistalogistec.com\/index.php\/2025\/11\/03\/ar-racking-y-pm-steele-impulsan-el-cedis-de-refacciones-acquaroni-2\/\" \/>\n<meta property=\"og:site_name\" content=\"Revista Logistec\" \/>\n<meta property=\"article:published_time\" content=\"2025-11-03T15:40:24+00:00\" \/>\n<meta property=\"article:modified_time\" content=\"2025-11-07T14:02:05+00:00\" \/>\n<meta property=\"og:image\" content=\"https:\/\/www.revistalogistec.com\/wp-content\/uploads\/2025\/10\/Aquaroni-2.jpg\" \/>\n\t<meta property=\"og:image:width\" content=\"850\" \/>\n\t<meta property=\"og:image:height\" content=\"530\" \/>\n\t<meta property=\"og:image:type\" content=\"image\/jpeg\" \/>\n<meta name=\"author\" content=\"Paula Cortes\" \/>\n<meta name=\"twitter:card\" content=\"summary_large_image\" \/>\n<meta name=\"twitter:label1\" content=\"Escrito por\" \/>\n\t<meta name=\"twitter:data1\" content=\"Paula Cortes\" \/>\n\t<meta name=\"twitter:label2\" content=\"Tiempo de lectura\" \/>\n\t<meta name=\"twitter:data2\" content=\"2 minutos\" \/>\n<script type=\"application\/ld+json\" class=\"yoast-schema-graph\">{\"@context\":\"https:\/\/schema.org\",\"@graph\":[{\"@type\":\"Article\",\"@id\":\"https:\/\/www.revistalogistec.com\/index.php\/2025\/11\/03\/ar-racking-y-pm-steele-impulsan-el-cedis-de-refacciones-acquaroni-2\/#article\",\"isPartOf\":{\"@id\":\"https:\/\/www.revistalogistec.com\/index.php\/2025\/11\/03\/ar-racking-y-pm-steele-impulsan-el-cedis-de-refacciones-acquaroni-2\/\"},\"author\":{\"name\":\"Paula Cortes\",\"@id\":\"https:\/\/www.revistalogistec.com\/#\/schema\/person\/6ebda24bed8ddfc6f5e848ee539184e5\"},\"headline\":\"AR RACKING Y PM STEELE\u00ae IMPULSAN EL CEDIS DE REFACCIONES ACQUARONI\",\"datePublished\":\"2025-11-03T15:40:24+00:00\",\"dateModified\":\"2025-11-07T14:02:05+00:00\",\"mainEntityOfPage\":{\"@id\":\"https:\/\/www.revistalogistec.com\/index.php\/2025\/11\/03\/ar-racking-y-pm-steele-impulsan-el-cedis-de-refacciones-acquaroni-2\/\"},\"wordCount\":354,\"commentCount\":0,\"image\":{\"@id\":\"https:\/\/www.revistalogistec.com\/index.php\/2025\/11\/03\/ar-racking-y-pm-steele-impulsan-el-cedis-de-refacciones-acquaroni-2\/#primaryimage\"},\"thumbnailUrl\":\"https:\/\/www.revistalogistec.com\/wp-content\/uploads\/2025\/10\/Aquaroni-2.jpg\",\"articleSection\":[\"NOTICIAS CLIENTES\"],\"inLanguage\":\"es\"},{\"@type\":\"WebPage\",\"@id\":\"https:\/\/www.revistalogistec.com\/index.php\/2025\/11\/03\/ar-racking-y-pm-steele-impulsan-el-cedis-de-refacciones-acquaroni-2\/\",\"url\":\"https:\/\/www.revistalogistec.com\/index.php\/2025\/11\/03\/ar-racking-y-pm-steele-impulsan-el-cedis-de-refacciones-acquaroni-2\/\",\"name\":\"AR RACKING Y PM STEELE\u00ae IMPULSAN EL CEDIS DE REFACCIONES ACQUARONI - Revista Logistec\",\"isPartOf\":{\"@id\":\"https:\/\/www.revistalogistec.com\/#website\"},\"primaryImageOfPage\":{\"@id\":\"https:\/\/www.revistalogistec.com\/index.php\/2025\/11\/03\/ar-racking-y-pm-steele-impulsan-el-cedis-de-refacciones-acquaroni-2\/#primaryimage\"},\"image\":{\"@id\":\"https:\/\/www.revistalogistec.com\/index.php\/2025\/11\/03\/ar-racking-y-pm-steele-impulsan-el-cedis-de-refacciones-acquaroni-2\/#primaryimage\"},\"thumbnailUrl\":\"https:\/\/www.revistalogistec.com\/wp-content\/uploads\/2025\/10\/Aquaroni-2.jpg\",\"datePublished\":\"2025-11-03T15:40:24+00:00\",\"dateModified\":\"2025-11-07T14:02:05+00:00\",\"author\":{\"@id\":\"https:\/\/www.revistalogistec.com\/#\/schema\/person\/6ebda24bed8ddfc6f5e848ee539184e5\"},\"breadcrumb\":{\"@id\":\"https:\/\/www.revistalogistec.com\/index.php\/2025\/11\/03\/ar-racking-y-pm-steele-impulsan-el-cedis-de-refacciones-acquaroni-2\/#breadcrumb\"},\"inLanguage\":\"es\",\"potentialAction\":[{\"@type\":\"ReadAction\",\"target\":[\"https:\/\/www.revistalogistec.com\/index.php\/2025\/11\/03\/ar-racking-y-pm-steele-impulsan-el-cedis-de-refacciones-acquaroni-2\/\"]}]},{\"@type\":\"ImageObject\",\"inLanguage\":\"es\",\"@id\":\"https:\/\/www.revistalogistec.com\/index.php\/2025\/11\/03\/ar-racking-y-pm-steele-impulsan-el-cedis-de-refacciones-acquaroni-2\/#primaryimage\",\"url\":\"https:\/\/www.revistalogistec.com\/wp-content\/uploads\/2025\/10\/Aquaroni-2.jpg\",\"contentUrl\":\"https:\/\/www.revistalogistec.com\/wp-content\/uploads\/2025\/10\/Aquaroni-2.jpg\",\"width\":850,\"height\":530},{\"@type\":\"BreadcrumbList\",\"@id\":\"https:\/\/www.revistalogistec.com\/index.php\/2025\/11\/03\/ar-racking-y-pm-steele-impulsan-el-cedis-de-refacciones-acquaroni-2\/#breadcrumb\",\"itemListElement\":[{\"@type\":\"ListItem\",\"position\":1,\"name\":\"Portada\",\"item\":\"https:\/\/www.revistalogistec.com\/\"},{\"@type\":\"ListItem\",\"position\":2,\"name\":\"AR RACKING Y PM STEELE\u00ae IMPULSAN EL CEDIS DE REFACCIONES ACQUARONI\"}]},{\"@type\":\"WebSite\",\"@id\":\"https:\/\/www.revistalogistec.com\/#website\",\"url\":\"https:\/\/www.revistalogistec.com\/\",\"name\":\"Revista Logistec\",\"description\":\"\",\"potentialAction\":[{\"@type\":\"SearchAction\",\"target\":{\"@type\":\"EntryPoint\",\"urlTemplate\":\"https:\/\/www.revistalogistec.com\/?s={search_term_string}\"},\"query-input\":{\"@type\":\"PropertyValueSpecification\",\"valueRequired\":true,\"valueName\":\"search_term_string\"}}],\"inLanguage\":\"es\"},{\"@type\":\"Person\",\"@id\":\"https:\/\/www.revistalogistec.com\/#\/schema\/person\/6ebda24bed8ddfc6f5e848ee539184e5\",\"name\":\"Paula Cortes\",\"image\":{\"@type\":\"ImageObject\",\"inLanguage\":\"es\",\"@id\":\"https:\/\/secure.gravatar.com\/avatar\/f9207b46b9e06b63ba9e6f850cbf5de3945e6ce9ba336ad5aa87eee72a5a569c?s=96&d=mm&r=g\",\"url\":\"https:\/\/secure.gravatar.com\/avatar\/f9207b46b9e06b63ba9e6f850cbf5de3945e6ce9ba336ad5aa87eee72a5a569c?s=96&d=mm&r=g\",\"contentUrl\":\"https:\/\/secure.gravatar.com\/avatar\/f9207b46b9e06b63ba9e6f850cbf5de3945e6ce9ba336ad5aa87eee72a5a569c?s=96&d=mm&r=g\",\"caption\":\"Paula Cortes\"},\"url\":\"https:\/\/www.revistalogistec.com\/index.php\/author\/paula-cortes\/\"}]}<\/script>\n<!-- \/ Yoast SEO plugin. -->","yoast_head_json":{"title":"AR RACKING Y PM STEELE\u00ae IMPULSAN EL CEDIS DE REFACCIONES ACQUARONI - Revista Logistec","robots":{"index":"index","follow":"follow","max-snippet":"max-snippet:-1","max-image-preview":"max-image-preview:large","max-video-preview":"max-video-preview:-1"},"canonical":"https:\/\/www.revistalogistec.com\/index.php\/2025\/11\/03\/ar-racking-y-pm-steele-impulsan-el-cedis-de-refacciones-acquaroni-2\/","og_locale":"es_ES","og_type":"article","og_title":"AR RACKING Y PM STEELE\u00ae IMPULSAN EL CEDIS DE REFACCIONES ACQUARONI - Revista Logistec","og_description":"Cuatro sistemas en 8 semanas maximizan el espacio del nuevo CEDIS. Hito conjunto dentro del programa #GrowingTogether de AR Racking.","og_url":"https:\/\/www.revistalogistec.com\/index.php\/2025\/11\/03\/ar-racking-y-pm-steele-impulsan-el-cedis-de-refacciones-acquaroni-2\/","og_site_name":"Revista Logistec","article_published_time":"2025-11-03T15:40:24+00:00","article_modified_time":"2025-11-07T14:02:05+00:00","og_image":[{"width":850,"height":530,"url":"https:\/\/www.revistalogistec.com\/wp-content\/uploads\/2025\/10\/Aquaroni-2.jpg","type":"image\/jpeg"}],"author":"Paula Cortes","twitter_card":"summary_large_image","twitter_misc":{"Escrito por":"Paula Cortes","Tiempo de lectura":"2 minutos"},"schema":{"@context":"https:\/\/schema.org","@graph":[{"@type":"Article","@id":"https:\/\/www.revistalogistec.com\/index.php\/2025\/11\/03\/ar-racking-y-pm-steele-impulsan-el-cedis-de-refacciones-acquaroni-2\/#article","isPartOf":{"@id":"https:\/\/www.revistalogistec.com\/index.php\/2025\/11\/03\/ar-racking-y-pm-steele-impulsan-el-cedis-de-refacciones-acquaroni-2\/"},"author":{"name":"Paula Cortes","@id":"https:\/\/www.revistalogistec.com\/#\/schema\/person\/6ebda24bed8ddfc6f5e848ee539184e5"},"headline":"AR RACKING Y PM STEELE\u00ae IMPULSAN EL CEDIS DE REFACCIONES ACQUARONI","datePublished":"2025-11-03T15:40:24+00:00","dateModified":"2025-11-07T14:02:05+00:00","mainEntityOfPage":{"@id":"https:\/\/www.revistalogistec.com\/index.php\/2025\/11\/03\/ar-racking-y-pm-steele-impulsan-el-cedis-de-refacciones-acquaroni-2\/"},"wordCount":354,"commentCount":0,"image":{"@id":"https:\/\/www.revistalogistec.com\/index.php\/2025\/11\/03\/ar-racking-y-pm-steele-impulsan-el-cedis-de-refacciones-acquaroni-2\/#primaryimage"},"thumbnailUrl":"https:\/\/www.revistalogistec.com\/wp-content\/uploads\/2025\/10\/Aquaroni-2.jpg","articleSection":["NOTICIAS CLIENTES"],"inLanguage":"es"},{"@type":"WebPage","@id":"https:\/\/www.revistalogistec.com\/index.php\/2025\/11\/03\/ar-racking-y-pm-steele-impulsan-el-cedis-de-refacciones-acquaroni-2\/","url":"https:\/\/www.revistalogistec.com\/index.php\/2025\/11\/03\/ar-racking-y-pm-steele-impulsan-el-cedis-de-refacciones-acquaroni-2\/","name":"AR RACKING Y PM STEELE\u00ae IMPULSAN EL CEDIS DE REFACCIONES ACQUARONI - Revista Logistec","isPartOf":{"@id":"https:\/\/www.revistalogistec.com\/#website"},"primaryImageOfPage":{"@id":"https:\/\/www.revistalogistec.com\/index.php\/2025\/11\/03\/ar-racking-y-pm-steele-impulsan-el-cedis-de-refacciones-acquaroni-2\/#primaryimage"},"image":{"@id":"https:\/\/www.revistalogistec.com\/index.php\/2025\/11\/03\/ar-racking-y-pm-steele-impulsan-el-cedis-de-refacciones-acquaroni-2\/#primaryimage"},"thumbnailUrl":"https:\/\/www.revistalogistec.com\/wp-content\/uploads\/2025\/10\/Aquaroni-2.jpg","datePublished":"2025-11-03T15:40:24+00:00","dateModified":"2025-11-07T14:02:05+00:00","author":{"@id":"https:\/\/www.revistalogistec.com\/#\/schema\/person\/6ebda24bed8ddfc6f5e848ee539184e5"},"breadcrumb":{"@id":"https:\/\/www.revistalogistec.com\/index.php\/2025\/11\/03\/ar-racking-y-pm-steele-impulsan-el-cedis-de-refacciones-acquaroni-2\/#breadcrumb"},"inLanguage":"es","potentialAction":[{"@type":"ReadAction","target":["https:\/\/www.revistalogistec.com\/index.php\/2025\/11\/03\/ar-racking-y-pm-steele-impulsan-el-cedis-de-refacciones-acquaroni-2\/"]}]},{"@type":"ImageObject","inLanguage":"es","@id":"https:\/\/www.revistalogistec.com\/index.php\/2025\/11\/03\/ar-racking-y-pm-steele-impulsan-el-cedis-de-refacciones-acquaroni-2\/#primaryimage","url":"https:\/\/www.revistalogistec.com\/wp-content\/uploads\/2025\/10\/Aquaroni-2.jpg","contentUrl":"https:\/\/www.revistalogistec.com\/wp-content\/uploads\/2025\/10\/Aquaroni-2.jpg","width":850,"height":530},{"@type":"BreadcrumbList","@id":"https:\/\/www.revistalogistec.com\/index.php\/2025\/11\/03\/ar-racking-y-pm-steele-impulsan-el-cedis-de-refacciones-acquaroni-2\/#breadcrumb","itemListElement":[{"@type":"ListItem","position":1,"name":"Portada","item":"https:\/\/www.revistalogistec.com\/"},{"@type":"ListItem","position":2,"name":"AR RACKING Y PM STEELE\u00ae IMPULSAN EL CEDIS DE REFACCIONES ACQUARONI"}]},{"@type":"WebSite","@id":"https:\/\/www.revistalogistec.com\/#website","url":"https:\/\/www.revistalogistec.com\/","name":"Revista Logistec","description":"","potentialAction":[{"@type":"SearchAction","target":{"@type":"EntryPoint","urlTemplate":"https:\/\/www.revistalogistec.com\/?s={search_term_string}"},"query-input":{"@type":"PropertyValueSpecification","valueRequired":true,"valueName":"search_term_string"}}],"inLanguage":"es"},{"@type":"Person","@id":"https:\/\/www.revistalogistec.com\/#\/schema\/person\/6ebda24bed8ddfc6f5e848ee539184e5","name":"Paula Cortes","image":{"@type":"ImageObject","inLanguage":"es","@id":"https:\/\/secure.gravatar.com\/avatar\/f9207b46b9e06b63ba9e6f850cbf5de3945e6ce9ba336ad5aa87eee72a5a569c?s=96&d=mm&r=g","url":"https:\/\/secure.gravatar.com\/avatar\/f9207b46b9e06b63ba9e6f850cbf5de3945e6ce9ba336ad5aa87eee72a5a569c?s=96&d=mm&r=g","contentUrl":"https:\/\/secure.gravatar.com\/avatar\/f9207b46b9e06b63ba9e6f850cbf5de3945e6ce9ba336ad5aa87eee72a5a569c?s=96&d=mm&r=g","caption":"Paula Cortes"},"url":"https:\/\/www.revistalogistec.com\/index.php\/author\/paula-cortes\/"}]}},"_links":{"self":[{"href":"https:\/\/www.revistalogistec.com\/index.php\/wp-json\/wp\/v2\/posts\/18076","targetHints":{"allow":["GET"]}}],"collection":[{"href":"https:\/\/www.revistalogistec.com\/index.php\/wp-json\/wp\/v2\/posts"}],"about":[{"href":"https:\/\/www.revistalogistec.com\/index.php\/wp-json\/wp\/v2\/types\/post"}],"author":[{"embeddable":true,"href":"https:\/\/www.revistalogistec.com\/index.php\/wp-json\/wp\/v2\/users\/48296"}],"replies":[{"embeddable":true,"href":"https:\/\/www.revistalogistec.com\/index.php\/wp-json\/wp\/v2\/comments?post=18076"}],"version-history":[{"count":0,"href":"https:\/\/www.revistalogistec.com\/index.php\/wp-json\/wp\/v2\/posts\/18076\/revisions"}],"wp:featuredmedia":[{"embeddable":true,"href":"https:\/\/www.revistalogistec.com\/index.php\/wp-json\/wp\/v2\/media\/18060"}],"wp:attachment":[{"href":"https:\/\/www.revistalogistec.com\/index.php\/wp-json\/wp\/v2\/media?parent=18076"}],"wp:term":[{"taxonomy":"category","embeddable":true,"href":"https:\/\/www.revistalogistec.com\/index.php\/wp-json\/wp\/v2\/categories?post=18076"},{"taxonomy":"post_tag","embeddable":true,"href":"https:\/\/www.revistalogistec.com\/index.php\/wp-json\/wp\/v2\/tags?post=18076"}],"curies":[{"name":"wp","href":"https:\/\/api.w.org\/{rel}","templated":true}]}}