{"id":1861,"date":"2020-03-30T17:19:58","date_gmt":"2020-03-30T17:19:58","guid":{"rendered":"https:\/\/www.revistalogistec.com\/index.php\/2020\/03\/30\/proyecto-de-valle-grande-asoma-como-alternativas-para-las-pymes-2\/"},"modified":"2025-11-07T13:55:47","modified_gmt":"2025-11-07T17:55:47","slug":"proyecto-de-valle-grande-asoma-como-alternativas-para-las-pymes-2","status":"publish","type":"post","link":"https:\/\/www.revistalogistec.com\/index.php\/2020\/03\/30\/proyecto-de-valle-grande-asoma-como-alternativas-para-las-pymes-2\/","title":{"rendered":"PROYECTO DE VALLE GRANDE ASOMA COMO ALTERNATIVAS PARA LAS PYMES"},"content":{"rendered":"<p style=\"text-align: justify;\">\u201cEstamos constatando que el Parque Empresarial del proyecto urbano Valle Grande es tambi\u00e9n una opci\u00f3n atractiva para las Pymes\u201d, afirma Mar\u00eda Jos\u00e9 Balmaceda, gerenta comercial, quien destac\u00f3 que a la fecha ya son tres las empresas que han decido comprar un terreno para sus futuras instalaciones en este parque exclusivo para industrias inofensivas.<\/p>\n<p style=\"text-align: justify;\">\u201cUn porcentaje importante de las consultas y visitas que recibimos corresponde a propietarios, socios o ejecutivos de empresas Pyme, algunas del tipo familiares, las que han llegado a un nivel de desarrollo que las obliga a buscar nuevas ubicaciones para mejorar su producci\u00f3n en infraestructuras, especialmente dise\u00f1adas para ellas\u201d, comenta la Gerenta.<\/p>\n<p style=\"text-align: justify;\">Estas empresas Pyme han escriturado o promesado lotes en el Parque Empresarial motivadas por la ubicaci\u00f3n del loteo industrial en un sector urbano ya consolidado como es Valle Grande, que cuenta con una gran conectividad vial; y que tiene equipamientos, comercio, servicios y transporte p\u00fablico, en el que hoy ya residen m\u00e1s de 9 mil familias.<\/p>\n<p style=\"text-align: justify;\">Otras razones son la oferta de lotes de superficie de 5.000 metros cuadrados, adecuados para el funcionamiento de empresas de este tama\u00f1o y el valor promedio de los terrenos, con un precio desde UF 3,0 el metro cuadrado, una cifra atractiva si se la compara con otras ofertas similares de loteos industriales en el sector norte de Santiago.<\/p>\n<p style=\"text-align: justify;\">El Parque Empresarial del proyecto urbano Valle Grande, exclusivo para bodegas, centros de distribuci\u00f3n y log\u00edstica, puso a la venta en su primera etapa un total de 17 lotes urbanizados, con tama\u00f1os desde 0,5 a 1,7 hect\u00e1reas, contando con todos los atributos necesarios para acoger a las empresas Pymes.<\/p>\n<p><a href=\"https:\/\/www.logistecshow.cl\/tickets\" target=\"_blank\" rel=\"noopener\"><img decoding=\"async\" src=\"https:\/\/www.revistalogistec.com\/wp-content\/uploads\/2020\/03\/slide_articulos.gif\" alt=\"slide articulos\" style=\"display: block; margin-left: auto; margin-right: auto;\" \/><\/a><\/p>\n","protected":false},"excerpt":{"rendered":"<p style=\"text-align: justify;\">\u201cEstamos constatando que el Parque Empresarial del proyecto urbano Valle Grande es tambi\u00e9n una opci\u00f3n atractiva para las Pymes\u201d, afirma Mar\u00eda Jos\u00e9 Balmaceda, gerenta comercial, quien destac\u00f3 que a la fecha ya son tres las empresas que han decido comprar un terreno para sus futuras instalaciones en este parque exclusivo para industrias inofensivas.<\/p>\n","protected":false},"author":1,"featured_media":1856,"comment_status":"open","ping_status":"open","sticky":false,"template":"","format":"standard","meta":{"_acf_changed":false,"jnews-multi-image_gallery":[],"jnews_single_post":[],"jnews_primary_category":[],"jnews_social_meta":[],"jnews_override_counter":[],"footnotes":""},"categories":[164],"tags":[],"class_list":["post-1861","post","type-post","status-publish","format-standard","has-post-thumbnail","hentry","category-noticias-clientes"],"acf":[],"yoast_head":"<!-- This site is optimized with the Yoast SEO plugin v27.2 - https:\/\/yoast.com\/product\/yoast-seo-wordpress\/ -->\n<title>PROYECTO DE VALLE GRANDE ASOMA COMO ALTERNATIVAS PARA LAS PYMES - Revista Logistec<\/title>\n<meta name=\"robots\" content=\"index, follow, max-snippet:-1, max-image-preview:large, max-video-preview:-1\" \/>\n<link rel=\"canonical\" href=\"https:\/\/www.revistalogistec.com\/index.php\/2020\/03\/30\/proyecto-de-valle-grande-asoma-como-alternativas-para-las-pymes-2\/\" \/>\n<meta property=\"og:locale\" content=\"es_ES\" \/>\n<meta property=\"og:type\" content=\"article\" \/>\n<meta property=\"og:title\" content=\"PROYECTO DE VALLE GRANDE ASOMA COMO ALTERNATIVAS PARA LAS PYMES - Revista Logistec\" \/>\n<meta property=\"og:description\" content=\"\u201cEstamos constatando que el Parque Empresarial del proyecto urbano Valle Grande es tambi\u00e9n una opci\u00f3n atractiva para las Pymes\u201d, afirma Mar\u00eda Jos\u00e9 Balmaceda, gerenta comercial, quien destac\u00f3 que a la fecha ya son tres las empresas que han decido comprar un terreno para sus futuras instalaciones en este parque exclusivo para industrias inofensivas.\" \/>\n<meta property=\"og:url\" content=\"https:\/\/www.revistalogistec.com\/index.php\/2020\/03\/30\/proyecto-de-valle-grande-asoma-como-alternativas-para-las-pymes-2\/\" \/>\n<meta property=\"og:site_name\" content=\"Revista Logistec\" \/>\n<meta property=\"article:published_time\" content=\"2020-03-30T17:19:58+00:00\" \/>\n<meta property=\"article:modified_time\" content=\"2025-11-07T17:55:47+00:00\" \/>\n<meta property=\"og:image\" content=\"https:\/\/www.revistalogistec.com\/wp-content\/uploads\/2020\/03\/Maria_jose_Balmaceda_VG_.jpg\" \/>\n\t<meta property=\"og:image:width\" content=\"850\" \/>\n\t<meta property=\"og:image:height\" content=\"596\" \/>\n\t<meta property=\"og:image:type\" content=\"image\/jpeg\" \/>\n<meta name=\"author\" content=\"admin\" \/>\n<meta name=\"twitter:card\" content=\"summary_large_image\" \/>\n<meta name=\"twitter:label1\" content=\"Escrito por\" \/>\n\t<meta name=\"twitter:data1\" content=\"admin\" \/>\n\t<meta name=\"twitter:label2\" content=\"Tiempo de lectura\" \/>\n\t<meta name=\"twitter:data2\" content=\"1 minuto\" \/>\n<script type=\"application\/ld+json\" class=\"yoast-schema-graph\">{\"@context\":\"https:\/\/schema.org\",\"@graph\":[{\"@type\":\"Article\",\"@id\":\"https:\/\/www.revistalogistec.com\/index.php\/2020\/03\/30\/proyecto-de-valle-grande-asoma-como-alternativas-para-las-pymes-2\/#article\",\"isPartOf\":{\"@id\":\"https:\/\/www.revistalogistec.com\/index.php\/2020\/03\/30\/proyecto-de-valle-grande-asoma-como-alternativas-para-las-pymes-2\/\"},\"author\":{\"name\":\"admin\",\"@id\":\"https:\/\/www.revistalogistec.com\/#\/schema\/person\/b25cced65507282f3fc6eb806b1db4f0\"},\"headline\":\"PROYECTO DE VALLE GRANDE ASOMA COMO ALTERNATIVAS PARA LAS PYMES\",\"datePublished\":\"2020-03-30T17:19:58+00:00\",\"dateModified\":\"2025-11-07T17:55:47+00:00\",\"mainEntityOfPage\":{\"@id\":\"https:\/\/www.revistalogistec.com\/index.php\/2020\/03\/30\/proyecto-de-valle-grande-asoma-como-alternativas-para-las-pymes-2\/\"},\"wordCount\":285,\"commentCount\":0,\"image\":{\"@id\":\"https:\/\/www.revistalogistec.com\/index.php\/2020\/03\/30\/proyecto-de-valle-grande-asoma-como-alternativas-para-las-pymes-2\/#primaryimage\"},\"thumbnailUrl\":\"https:\/\/www.revistalogistec.com\/wp-content\/uploads\/2020\/03\/Maria_jose_Balmaceda_VG_.jpg\",\"articleSection\":[\"NOTICIAS CLIENTES\"],\"inLanguage\":\"es\"},{\"@type\":\"WebPage\",\"@id\":\"https:\/\/www.revistalogistec.com\/index.php\/2020\/03\/30\/proyecto-de-valle-grande-asoma-como-alternativas-para-las-pymes-2\/\",\"url\":\"https:\/\/www.revistalogistec.com\/index.php\/2020\/03\/30\/proyecto-de-valle-grande-asoma-como-alternativas-para-las-pymes-2\/\",\"name\":\"PROYECTO DE VALLE GRANDE ASOMA COMO ALTERNATIVAS PARA LAS PYMES - Revista Logistec\",\"isPartOf\":{\"@id\":\"https:\/\/www.revistalogistec.com\/#website\"},\"primaryImageOfPage\":{\"@id\":\"https:\/\/www.revistalogistec.com\/index.php\/2020\/03\/30\/proyecto-de-valle-grande-asoma-como-alternativas-para-las-pymes-2\/#primaryimage\"},\"image\":{\"@id\":\"https:\/\/www.revistalogistec.com\/index.php\/2020\/03\/30\/proyecto-de-valle-grande-asoma-como-alternativas-para-las-pymes-2\/#primaryimage\"},\"thumbnailUrl\":\"https:\/\/www.revistalogistec.com\/wp-content\/uploads\/2020\/03\/Maria_jose_Balmaceda_VG_.jpg\",\"datePublished\":\"2020-03-30T17:19:58+00:00\",\"dateModified\":\"2025-11-07T17:55:47+00:00\",\"author\":{\"@id\":\"https:\/\/www.revistalogistec.com\/#\/schema\/person\/b25cced65507282f3fc6eb806b1db4f0\"},\"breadcrumb\":{\"@id\":\"https:\/\/www.revistalogistec.com\/index.php\/2020\/03\/30\/proyecto-de-valle-grande-asoma-como-alternativas-para-las-pymes-2\/#breadcrumb\"},\"inLanguage\":\"es\",\"potentialAction\":[{\"@type\":\"ReadAction\",\"target\":[\"https:\/\/www.revistalogistec.com\/index.php\/2020\/03\/30\/proyecto-de-valle-grande-asoma-como-alternativas-para-las-pymes-2\/\"]}]},{\"@type\":\"ImageObject\",\"inLanguage\":\"es\",\"@id\":\"https:\/\/www.revistalogistec.com\/index.php\/2020\/03\/30\/proyecto-de-valle-grande-asoma-como-alternativas-para-las-pymes-2\/#primaryimage\",\"url\":\"https:\/\/www.revistalogistec.com\/wp-content\/uploads\/2020\/03\/Maria_jose_Balmaceda_VG_.jpg\",\"contentUrl\":\"https:\/\/www.revistalogistec.com\/wp-content\/uploads\/2020\/03\/Maria_jose_Balmaceda_VG_.jpg\",\"width\":850,\"height\":596},{\"@type\":\"BreadcrumbList\",\"@id\":\"https:\/\/www.revistalogistec.com\/index.php\/2020\/03\/30\/proyecto-de-valle-grande-asoma-como-alternativas-para-las-pymes-2\/#breadcrumb\",\"itemListElement\":[{\"@type\":\"ListItem\",\"position\":1,\"name\":\"Portada\",\"item\":\"https:\/\/www.revistalogistec.com\/\"},{\"@type\":\"ListItem\",\"position\":2,\"name\":\"PROYECTO DE VALLE GRANDE ASOMA COMO ALTERNATIVAS PARA LAS PYMES\"}]},{\"@type\":\"WebSite\",\"@id\":\"https:\/\/www.revistalogistec.com\/#website\",\"url\":\"https:\/\/www.revistalogistec.com\/\",\"name\":\"Revista Logistec\",\"description\":\"\",\"potentialAction\":[{\"@type\":\"SearchAction\",\"target\":{\"@type\":\"EntryPoint\",\"urlTemplate\":\"https:\/\/www.revistalogistec.com\/?s={search_term_string}\"},\"query-input\":{\"@type\":\"PropertyValueSpecification\",\"valueRequired\":true,\"valueName\":\"search_term_string\"}}],\"inLanguage\":\"es\"},{\"@type\":\"Person\",\"@id\":\"https:\/\/www.revistalogistec.com\/#\/schema\/person\/b25cced65507282f3fc6eb806b1db4f0\",\"name\":\"admin\",\"image\":{\"@type\":\"ImageObject\",\"inLanguage\":\"es\",\"@id\":\"https:\/\/secure.gravatar.com\/avatar\/94631f712dee24b50f2f12a7caf62df22b2c346945fcff655ce85b674bebf6fd?s=96&d=mm&r=g\",\"url\":\"https:\/\/secure.gravatar.com\/avatar\/94631f712dee24b50f2f12a7caf62df22b2c346945fcff655ce85b674bebf6fd?s=96&d=mm&r=g\",\"contentUrl\":\"https:\/\/secure.gravatar.com\/avatar\/94631f712dee24b50f2f12a7caf62df22b2c346945fcff655ce85b674bebf6fd?s=96&d=mm&r=g\",\"caption\":\"admin\"},\"sameAs\":[\"https:\/\/www.revistalogistec.com\"],\"url\":\"https:\/\/www.revistalogistec.com\/index.php\/author\/admin_revlog\/\"}]}<\/script>\n<!-- \/ Yoast SEO plugin. -->","yoast_head_json":{"title":"PROYECTO DE VALLE GRANDE ASOMA COMO ALTERNATIVAS PARA LAS PYMES - Revista Logistec","robots":{"index":"index","follow":"follow","max-snippet":"max-snippet:-1","max-image-preview":"max-image-preview:large","max-video-preview":"max-video-preview:-1"},"canonical":"https:\/\/www.revistalogistec.com\/index.php\/2020\/03\/30\/proyecto-de-valle-grande-asoma-como-alternativas-para-las-pymes-2\/","og_locale":"es_ES","og_type":"article","og_title":"PROYECTO DE VALLE GRANDE ASOMA COMO ALTERNATIVAS PARA LAS PYMES - Revista Logistec","og_description":"\u201cEstamos constatando que el Parque Empresarial del proyecto urbano Valle Grande es tambi\u00e9n una opci\u00f3n atractiva para las Pymes\u201d, afirma Mar\u00eda Jos\u00e9 Balmaceda, gerenta comercial, quien destac\u00f3 que a la fecha ya son tres las empresas que han decido comprar un terreno para sus futuras instalaciones en este parque exclusivo para industrias inofensivas.","og_url":"https:\/\/www.revistalogistec.com\/index.php\/2020\/03\/30\/proyecto-de-valle-grande-asoma-como-alternativas-para-las-pymes-2\/","og_site_name":"Revista Logistec","article_published_time":"2020-03-30T17:19:58+00:00","article_modified_time":"2025-11-07T17:55:47+00:00","og_image":[{"width":850,"height":596,"url":"https:\/\/www.revistalogistec.com\/wp-content\/uploads\/2020\/03\/Maria_jose_Balmaceda_VG_.jpg","type":"image\/jpeg"}],"author":"admin","twitter_card":"summary_large_image","twitter_misc":{"Escrito por":"admin","Tiempo de lectura":"1 minuto"},"schema":{"@context":"https:\/\/schema.org","@graph":[{"@type":"Article","@id":"https:\/\/www.revistalogistec.com\/index.php\/2020\/03\/30\/proyecto-de-valle-grande-asoma-como-alternativas-para-las-pymes-2\/#article","isPartOf":{"@id":"https:\/\/www.revistalogistec.com\/index.php\/2020\/03\/30\/proyecto-de-valle-grande-asoma-como-alternativas-para-las-pymes-2\/"},"author":{"name":"admin","@id":"https:\/\/www.revistalogistec.com\/#\/schema\/person\/b25cced65507282f3fc6eb806b1db4f0"},"headline":"PROYECTO DE VALLE GRANDE ASOMA COMO ALTERNATIVAS PARA LAS PYMES","datePublished":"2020-03-30T17:19:58+00:00","dateModified":"2025-11-07T17:55:47+00:00","mainEntityOfPage":{"@id":"https:\/\/www.revistalogistec.com\/index.php\/2020\/03\/30\/proyecto-de-valle-grande-asoma-como-alternativas-para-las-pymes-2\/"},"wordCount":285,"commentCount":0,"image":{"@id":"https:\/\/www.revistalogistec.com\/index.php\/2020\/03\/30\/proyecto-de-valle-grande-asoma-como-alternativas-para-las-pymes-2\/#primaryimage"},"thumbnailUrl":"https:\/\/www.revistalogistec.com\/wp-content\/uploads\/2020\/03\/Maria_jose_Balmaceda_VG_.jpg","articleSection":["NOTICIAS CLIENTES"],"inLanguage":"es"},{"@type":"WebPage","@id":"https:\/\/www.revistalogistec.com\/index.php\/2020\/03\/30\/proyecto-de-valle-grande-asoma-como-alternativas-para-las-pymes-2\/","url":"https:\/\/www.revistalogistec.com\/index.php\/2020\/03\/30\/proyecto-de-valle-grande-asoma-como-alternativas-para-las-pymes-2\/","name":"PROYECTO DE VALLE GRANDE ASOMA COMO ALTERNATIVAS PARA LAS PYMES - Revista Logistec","isPartOf":{"@id":"https:\/\/www.revistalogistec.com\/#website"},"primaryImageOfPage":{"@id":"https:\/\/www.revistalogistec.com\/index.php\/2020\/03\/30\/proyecto-de-valle-grande-asoma-como-alternativas-para-las-pymes-2\/#primaryimage"},"image":{"@id":"https:\/\/www.revistalogistec.com\/index.php\/2020\/03\/30\/proyecto-de-valle-grande-asoma-como-alternativas-para-las-pymes-2\/#primaryimage"},"thumbnailUrl":"https:\/\/www.revistalogistec.com\/wp-content\/uploads\/2020\/03\/Maria_jose_Balmaceda_VG_.jpg","datePublished":"2020-03-30T17:19:58+00:00","dateModified":"2025-11-07T17:55:47+00:00","author":{"@id":"https:\/\/www.revistalogistec.com\/#\/schema\/person\/b25cced65507282f3fc6eb806b1db4f0"},"breadcrumb":{"@id":"https:\/\/www.revistalogistec.com\/index.php\/2020\/03\/30\/proyecto-de-valle-grande-asoma-como-alternativas-para-las-pymes-2\/#breadcrumb"},"inLanguage":"es","potentialAction":[{"@type":"ReadAction","target":["https:\/\/www.revistalogistec.com\/index.php\/2020\/03\/30\/proyecto-de-valle-grande-asoma-como-alternativas-para-las-pymes-2\/"]}]},{"@type":"ImageObject","inLanguage":"es","@id":"https:\/\/www.revistalogistec.com\/index.php\/2020\/03\/30\/proyecto-de-valle-grande-asoma-como-alternativas-para-las-pymes-2\/#primaryimage","url":"https:\/\/www.revistalogistec.com\/wp-content\/uploads\/2020\/03\/Maria_jose_Balmaceda_VG_.jpg","contentUrl":"https:\/\/www.revistalogistec.com\/wp-content\/uploads\/2020\/03\/Maria_jose_Balmaceda_VG_.jpg","width":850,"height":596},{"@type":"BreadcrumbList","@id":"https:\/\/www.revistalogistec.com\/index.php\/2020\/03\/30\/proyecto-de-valle-grande-asoma-como-alternativas-para-las-pymes-2\/#breadcrumb","itemListElement":[{"@type":"ListItem","position":1,"name":"Portada","item":"https:\/\/www.revistalogistec.com\/"},{"@type":"ListItem","position":2,"name":"PROYECTO DE VALLE GRANDE ASOMA COMO ALTERNATIVAS PARA LAS PYMES"}]},{"@type":"WebSite","@id":"https:\/\/www.revistalogistec.com\/#website","url":"https:\/\/www.revistalogistec.com\/","name":"Revista Logistec","description":"","potentialAction":[{"@type":"SearchAction","target":{"@type":"EntryPoint","urlTemplate":"https:\/\/www.revistalogistec.com\/?s={search_term_string}"},"query-input":{"@type":"PropertyValueSpecification","valueRequired":true,"valueName":"search_term_string"}}],"inLanguage":"es"},{"@type":"Person","@id":"https:\/\/www.revistalogistec.com\/#\/schema\/person\/b25cced65507282f3fc6eb806b1db4f0","name":"admin","image":{"@type":"ImageObject","inLanguage":"es","@id":"https:\/\/secure.gravatar.com\/avatar\/94631f712dee24b50f2f12a7caf62df22b2c346945fcff655ce85b674bebf6fd?s=96&d=mm&r=g","url":"https:\/\/secure.gravatar.com\/avatar\/94631f712dee24b50f2f12a7caf62df22b2c346945fcff655ce85b674bebf6fd?s=96&d=mm&r=g","contentUrl":"https:\/\/secure.gravatar.com\/avatar\/94631f712dee24b50f2f12a7caf62df22b2c346945fcff655ce85b674bebf6fd?s=96&d=mm&r=g","caption":"admin"},"sameAs":["https:\/\/www.revistalogistec.com"],"url":"https:\/\/www.revistalogistec.com\/index.php\/author\/admin_revlog\/"}]}},"_links":{"self":[{"href":"https:\/\/www.revistalogistec.com\/index.php\/wp-json\/wp\/v2\/posts\/1861","targetHints":{"allow":["GET"]}}],"collection":[{"href":"https:\/\/www.revistalogistec.com\/index.php\/wp-json\/wp\/v2\/posts"}],"about":[{"href":"https:\/\/www.revistalogistec.com\/index.php\/wp-json\/wp\/v2\/types\/post"}],"author":[{"embeddable":true,"href":"https:\/\/www.revistalogistec.com\/index.php\/wp-json\/wp\/v2\/users\/1"}],"replies":[{"embeddable":true,"href":"https:\/\/www.revistalogistec.com\/index.php\/wp-json\/wp\/v2\/comments?post=1861"}],"version-history":[{"count":0,"href":"https:\/\/www.revistalogistec.com\/index.php\/wp-json\/wp\/v2\/posts\/1861\/revisions"}],"wp:featuredmedia":[{"embeddable":true,"href":"https:\/\/www.revistalogistec.com\/index.php\/wp-json\/wp\/v2\/media\/1856"}],"wp:attachment":[{"href":"https:\/\/www.revistalogistec.com\/index.php\/wp-json\/wp\/v2\/media?parent=1861"}],"wp:term":[{"taxonomy":"category","embeddable":true,"href":"https:\/\/www.revistalogistec.com\/index.php\/wp-json\/wp\/v2\/categories?post=1861"},{"taxonomy":"post_tag","embeddable":true,"href":"https:\/\/www.revistalogistec.com\/index.php\/wp-json\/wp\/v2\/tags?post=1861"}],"curies":[{"name":"wp","href":"https:\/\/api.w.org\/{rel}","templated":true}]}}