{"id":1967,"date":"2020-04-16T19:02:38","date_gmt":"2020-04-16T19:02:38","guid":{"rendered":"https:\/\/www.revistalogistec.com\/index.php\/2020\/04\/16\/apoyameaqui-cl-lanzan-campana-para-sumar-a-pequenas-empresas-al-e-commerce\/"},"modified":"2025-11-05T17:10:30","modified_gmt":"2025-11-05T21:10:30","slug":"apoyameaqui-cl-lanzan-campana-para-sumar-a-pequenas-empresas-al-e-commerce","status":"publish","type":"post","link":"https:\/\/www.revistalogistec.com\/index.php\/2020\/04\/16\/apoyameaqui-cl-lanzan-campana-para-sumar-a-pequenas-empresas-al-e-commerce\/","title":{"rendered":"APOYAMEAQUI.CL: LANZAN CAMPA\u00d1A PARA SUMAR A PEQUE\u00d1AS EMPRESAS AL E-COMMERCE"},"content":{"rendered":"<p style=\"text-align: justify;\">Los efectos de la pandemia en las micro, peque\u00f1as y medianas empresas no ha dejado a nadie indiferentes y decenas han sido las iniciativas y llamados para salir en ayuda de este sector. En esta l\u00ednea, el ministro de Econom\u00eda, Fomento y Turismo, Lucas Palacios, junto al presidente de la C\u00e1mara de Comercio de Santiago, Peter Hill, anunciaron un programa que busca subir al comercio electr\u00f3nico a todas las tiendas que han debido cerrar producto de la crisis que enfrenta el pa\u00eds.<\/p>\n<p style=\"text-align: justify;\">La iniciativa permitir\u00e1 que todos los afectados abran una tienda online en los principales marketplaces de comercio electr\u00f3nico asociados a la CCS, accediendo a herramientas de \u00faltima generaci\u00f3n en materia de seguridad, gesti\u00f3n transaccional, marketing, medios de pago, log\u00edstica de distribuci\u00f3n y, tal vez lo m\u00e1s importante, a grandes flujos de consumidores.<\/p>\n<p style=\"text-align: justify;\">La importancia de iniciativas como esta radica en las cifras que se conocen del impacto de esta pandemia en el comercio pyme. De acuerdo una encuesta de la CCS se estima que cerca del 70% de los locales de comercios pyme se encuentran cerrados y, por tanto, sin ventas. Seg\u00fan las propias empresas, sus ventas habr\u00edan ca\u00eddo un 35% en marzo, pero cerraron la \u00faltima semana de ese mes con contracciones superiores al 90%, situaci\u00f3n que se habr\u00eda extendido a la primera quincena de abril. La condici\u00f3n en la que han quedado es mucho m\u00e1s grave si se considera que la mayor\u00eda de ellas no tiene canal de ventas online, y que casi el 30% se declara en alto riesgo de desaparecer.<\/p>\n<p style=\"text-align: justify;\">Seg\u00fan el presidente de la CCS, Peter Hill, \u201cen estas circunstancias, la posibilidad de llevar sus operaciones r\u00e1pidamente al comercio electr\u00f3nico representa un verdadero salvavidas para muchas pymes, teniendo en cuenta adem\u00e1s que las ventas online se duplicaron durante la \u00faltima semana de marzo\u201d. Adem\u00e1s, destac\u00f3 que \u201cesta iniciativa ha sido posible gracias a la solidaridad de los grandes operadores que siempre ha caracterizado al mercado chileno de comercio electr\u00f3nico\u201d.<\/p>\n<p style=\"text-align: justify;\">A partir de este momento, las pymes minoristas pueden acceder al portal www.apoyameaqui.cl, donde encontrar\u00e1n a todos los marketplace que participan de la iniciativa, junto a los servicios disponibles, requisitos, condiciones y plazos, as\u00ed como un enlace de inscripci\u00f3n a cada sistema. Podr\u00e1n elegir una o cuantas plataformas deseen para comenzar a vender online, accediendo adem\u00e1s a las condiciones especiales que la mayor\u00eda de los sitios han puesto a su disposici\u00f3n.<\/p>\n<p style=\"text-align: justify;\">Los marketplaces participantes corresponden a Cuponatic, Dafiti, Falabella Marketplace, Linio, Mercado Libre, Mercado Ripley, Paris Marketplace, Sodimac Marketplace y Sumar. En conjunto, estas plataformas reciben m\u00e1s de dos millones de visitas diarias.<\/p>\n","protected":false},"excerpt":{"rendered":"<p style=\"text-align: justify;\">Los efectos de la pandemia en las micro, peque\u00f1as y medianas empresas no ha dejado a nadie indiferentes y decenas han sido las iniciativas y llamados para salir en ayuda de este sector. En esta l\u00ednea, el ministro de Econom\u00eda, Fomento y Turismo, Lucas Palacios, junto al presidente de la C\u00e1mara de Comercio de Santiago, Peter Hill, anunciaron un programa que busca subir al comercio electr\u00f3nico a todas las tiendas que han debido cerrar producto de la crisis que enfrenta el pa\u00eds.<\/p>\n","protected":false},"author":1,"featured_media":1964,"comment_status":"open","ping_status":"open","sticky":false,"template":"","format":"standard","meta":{"_acf_changed":false,"jnews-multi-image_gallery":[],"jnews_single_post":[],"jnews_primary_category":[],"jnews_social_meta":[],"jnews_override_counter":[],"footnotes":""},"categories":[98],"tags":[],"class_list":["post-1967","post","type-post","status-publish","format-standard","has-post-thumbnail","hentry","category-ecosistema-3"],"acf":[],"yoast_head":"<!-- This site is optimized with the Yoast SEO plugin v27.2 - https:\/\/yoast.com\/product\/yoast-seo-wordpress\/ -->\n<title>APOYAMEAQUI.CL: LANZAN CAMPA\u00d1A PARA SUMAR A PEQUE\u00d1AS EMPRESAS AL E-COMMERCE - Revista Logistec<\/title>\n<meta name=\"robots\" content=\"index, follow, max-snippet:-1, max-image-preview:large, max-video-preview:-1\" \/>\n<link rel=\"canonical\" href=\"https:\/\/www.revistalogistec.com\/index.php\/2020\/04\/16\/apoyameaqui-cl-lanzan-campana-para-sumar-a-pequenas-empresas-al-e-commerce\/\" \/>\n<meta property=\"og:locale\" content=\"es_ES\" \/>\n<meta property=\"og:type\" content=\"article\" \/>\n<meta property=\"og:title\" content=\"APOYAMEAQUI.CL: LANZAN CAMPA\u00d1A PARA SUMAR A PEQUE\u00d1AS EMPRESAS AL E-COMMERCE - Revista Logistec\" \/>\n<meta property=\"og:description\" content=\"Los efectos de la pandemia en las micro, peque\u00f1as y medianas empresas no ha dejado a nadie indiferentes y decenas han sido las iniciativas y llamados para salir en ayuda de este sector. En esta l\u00ednea, el ministro de Econom\u00eda, Fomento y Turismo, Lucas Palacios, junto al presidente de la C\u00e1mara de Comercio de Santiago, Peter Hill, anunciaron un programa que busca subir al comercio electr\u00f3nico a todas las tiendas que han debido cerrar producto de la crisis que enfrenta el pa\u00eds.\" \/>\n<meta property=\"og:url\" content=\"https:\/\/www.revistalogistec.com\/index.php\/2020\/04\/16\/apoyameaqui-cl-lanzan-campana-para-sumar-a-pequenas-empresas-al-e-commerce\/\" \/>\n<meta property=\"og:site_name\" content=\"Revista Logistec\" \/>\n<meta property=\"article:published_time\" content=\"2020-04-16T19:02:38+00:00\" \/>\n<meta property=\"article:modified_time\" content=\"2025-11-05T21:10:30+00:00\" \/>\n<meta property=\"og:image\" content=\"https:\/\/www.revistalogistec.com\/wp-content\/uploads\/2020\/04\/apoyameaqui.jpg\" \/>\n\t<meta property=\"og:image:width\" content=\"850\" \/>\n\t<meta property=\"og:image:height\" content=\"560\" \/>\n\t<meta property=\"og:image:type\" content=\"image\/jpeg\" \/>\n<meta name=\"author\" content=\"admin\" \/>\n<meta name=\"twitter:card\" content=\"summary_large_image\" \/>\n<meta name=\"twitter:label1\" content=\"Escrito por\" \/>\n\t<meta name=\"twitter:data1\" content=\"admin\" \/>\n\t<meta name=\"twitter:label2\" content=\"Tiempo de lectura\" \/>\n\t<meta name=\"twitter:data2\" content=\"2 minutos\" \/>\n<script type=\"application\/ld+json\" class=\"yoast-schema-graph\">{\"@context\":\"https:\/\/schema.org\",\"@graph\":[{\"@type\":\"Article\",\"@id\":\"https:\/\/www.revistalogistec.com\/index.php\/2020\/04\/16\/apoyameaqui-cl-lanzan-campana-para-sumar-a-pequenas-empresas-al-e-commerce\/#article\",\"isPartOf\":{\"@id\":\"https:\/\/www.revistalogistec.com\/index.php\/2020\/04\/16\/apoyameaqui-cl-lanzan-campana-para-sumar-a-pequenas-empresas-al-e-commerce\/\"},\"author\":{\"name\":\"admin\",\"@id\":\"https:\/\/www.revistalogistec.com\/#\/schema\/person\/b25cced65507282f3fc6eb806b1db4f0\"},\"headline\":\"APOYAMEAQUI.CL: LANZAN CAMPA\u00d1A PARA SUMAR A PEQUE\u00d1AS EMPRESAS AL E-COMMERCE\",\"datePublished\":\"2020-04-16T19:02:38+00:00\",\"dateModified\":\"2025-11-05T21:10:30+00:00\",\"mainEntityOfPage\":{\"@id\":\"https:\/\/www.revistalogistec.com\/index.php\/2020\/04\/16\/apoyameaqui-cl-lanzan-campana-para-sumar-a-pequenas-empresas-al-e-commerce\/\"},\"wordCount\":473,\"commentCount\":0,\"image\":{\"@id\":\"https:\/\/www.revistalogistec.com\/index.php\/2020\/04\/16\/apoyameaqui-cl-lanzan-campana-para-sumar-a-pequenas-empresas-al-e-commerce\/#primaryimage\"},\"thumbnailUrl\":\"https:\/\/www.revistalogistec.com\/wp-content\/uploads\/2020\/04\/apoyameaqui.jpg\",\"articleSection\":[\"ECOSISTEMA\"],\"inLanguage\":\"es\"},{\"@type\":\"WebPage\",\"@id\":\"https:\/\/www.revistalogistec.com\/index.php\/2020\/04\/16\/apoyameaqui-cl-lanzan-campana-para-sumar-a-pequenas-empresas-al-e-commerce\/\",\"url\":\"https:\/\/www.revistalogistec.com\/index.php\/2020\/04\/16\/apoyameaqui-cl-lanzan-campana-para-sumar-a-pequenas-empresas-al-e-commerce\/\",\"name\":\"APOYAMEAQUI.CL: LANZAN CAMPA\u00d1A PARA SUMAR A PEQUE\u00d1AS EMPRESAS AL E-COMMERCE - Revista Logistec\",\"isPartOf\":{\"@id\":\"https:\/\/www.revistalogistec.com\/#website\"},\"primaryImageOfPage\":{\"@id\":\"https:\/\/www.revistalogistec.com\/index.php\/2020\/04\/16\/apoyameaqui-cl-lanzan-campana-para-sumar-a-pequenas-empresas-al-e-commerce\/#primaryimage\"},\"image\":{\"@id\":\"https:\/\/www.revistalogistec.com\/index.php\/2020\/04\/16\/apoyameaqui-cl-lanzan-campana-para-sumar-a-pequenas-empresas-al-e-commerce\/#primaryimage\"},\"thumbnailUrl\":\"https:\/\/www.revistalogistec.com\/wp-content\/uploads\/2020\/04\/apoyameaqui.jpg\",\"datePublished\":\"2020-04-16T19:02:38+00:00\",\"dateModified\":\"2025-11-05T21:10:30+00:00\",\"author\":{\"@id\":\"https:\/\/www.revistalogistec.com\/#\/schema\/person\/b25cced65507282f3fc6eb806b1db4f0\"},\"breadcrumb\":{\"@id\":\"https:\/\/www.revistalogistec.com\/index.php\/2020\/04\/16\/apoyameaqui-cl-lanzan-campana-para-sumar-a-pequenas-empresas-al-e-commerce\/#breadcrumb\"},\"inLanguage\":\"es\",\"potentialAction\":[{\"@type\":\"ReadAction\",\"target\":[\"https:\/\/www.revistalogistec.com\/index.php\/2020\/04\/16\/apoyameaqui-cl-lanzan-campana-para-sumar-a-pequenas-empresas-al-e-commerce\/\"]}]},{\"@type\":\"ImageObject\",\"inLanguage\":\"es\",\"@id\":\"https:\/\/www.revistalogistec.com\/index.php\/2020\/04\/16\/apoyameaqui-cl-lanzan-campana-para-sumar-a-pequenas-empresas-al-e-commerce\/#primaryimage\",\"url\":\"https:\/\/www.revistalogistec.com\/wp-content\/uploads\/2020\/04\/apoyameaqui.jpg\",\"contentUrl\":\"https:\/\/www.revistalogistec.com\/wp-content\/uploads\/2020\/04\/apoyameaqui.jpg\",\"width\":850,\"height\":560},{\"@type\":\"BreadcrumbList\",\"@id\":\"https:\/\/www.revistalogistec.com\/index.php\/2020\/04\/16\/apoyameaqui-cl-lanzan-campana-para-sumar-a-pequenas-empresas-al-e-commerce\/#breadcrumb\",\"itemListElement\":[{\"@type\":\"ListItem\",\"position\":1,\"name\":\"Portada\",\"item\":\"https:\/\/www.revistalogistec.com\/\"},{\"@type\":\"ListItem\",\"position\":2,\"name\":\"APOYAMEAQUI.CL: LANZAN CAMPA\u00d1A PARA SUMAR A PEQUE\u00d1AS EMPRESAS AL E-COMMERCE\"}]},{\"@type\":\"WebSite\",\"@id\":\"https:\/\/www.revistalogistec.com\/#website\",\"url\":\"https:\/\/www.revistalogistec.com\/\",\"name\":\"Revista Logistec\",\"description\":\"\",\"potentialAction\":[{\"@type\":\"SearchAction\",\"target\":{\"@type\":\"EntryPoint\",\"urlTemplate\":\"https:\/\/www.revistalogistec.com\/?s={search_term_string}\"},\"query-input\":{\"@type\":\"PropertyValueSpecification\",\"valueRequired\":true,\"valueName\":\"search_term_string\"}}],\"inLanguage\":\"es\"},{\"@type\":\"Person\",\"@id\":\"https:\/\/www.revistalogistec.com\/#\/schema\/person\/b25cced65507282f3fc6eb806b1db4f0\",\"name\":\"admin\",\"image\":{\"@type\":\"ImageObject\",\"inLanguage\":\"es\",\"@id\":\"https:\/\/secure.gravatar.com\/avatar\/94631f712dee24b50f2f12a7caf62df22b2c346945fcff655ce85b674bebf6fd?s=96&d=mm&r=g\",\"url\":\"https:\/\/secure.gravatar.com\/avatar\/94631f712dee24b50f2f12a7caf62df22b2c346945fcff655ce85b674bebf6fd?s=96&d=mm&r=g\",\"contentUrl\":\"https:\/\/secure.gravatar.com\/avatar\/94631f712dee24b50f2f12a7caf62df22b2c346945fcff655ce85b674bebf6fd?s=96&d=mm&r=g\",\"caption\":\"admin\"},\"sameAs\":[\"https:\/\/www.revistalogistec.com\"],\"url\":\"https:\/\/www.revistalogistec.com\/index.php\/author\/admin_revlog\/\"}]}<\/script>\n<!-- \/ Yoast SEO plugin. -->","yoast_head_json":{"title":"APOYAMEAQUI.CL: LANZAN CAMPA\u00d1A PARA SUMAR A PEQUE\u00d1AS EMPRESAS AL E-COMMERCE - Revista Logistec","robots":{"index":"index","follow":"follow","max-snippet":"max-snippet:-1","max-image-preview":"max-image-preview:large","max-video-preview":"max-video-preview:-1"},"canonical":"https:\/\/www.revistalogistec.com\/index.php\/2020\/04\/16\/apoyameaqui-cl-lanzan-campana-para-sumar-a-pequenas-empresas-al-e-commerce\/","og_locale":"es_ES","og_type":"article","og_title":"APOYAMEAQUI.CL: LANZAN CAMPA\u00d1A PARA SUMAR A PEQUE\u00d1AS EMPRESAS AL E-COMMERCE - Revista Logistec","og_description":"Los efectos de la pandemia en las micro, peque\u00f1as y medianas empresas no ha dejado a nadie indiferentes y decenas han sido las iniciativas y llamados para salir en ayuda de este sector. En esta l\u00ednea, el ministro de Econom\u00eda, Fomento y Turismo, Lucas Palacios, junto al presidente de la C\u00e1mara de Comercio de Santiago, Peter Hill, anunciaron un programa que busca subir al comercio electr\u00f3nico a todas las tiendas que han debido cerrar producto de la crisis que enfrenta el pa\u00eds.","og_url":"https:\/\/www.revistalogistec.com\/index.php\/2020\/04\/16\/apoyameaqui-cl-lanzan-campana-para-sumar-a-pequenas-empresas-al-e-commerce\/","og_site_name":"Revista Logistec","article_published_time":"2020-04-16T19:02:38+00:00","article_modified_time":"2025-11-05T21:10:30+00:00","og_image":[{"width":850,"height":560,"url":"https:\/\/www.revistalogistec.com\/wp-content\/uploads\/2020\/04\/apoyameaqui.jpg","type":"image\/jpeg"}],"author":"admin","twitter_card":"summary_large_image","twitter_misc":{"Escrito por":"admin","Tiempo de lectura":"2 minutos"},"schema":{"@context":"https:\/\/schema.org","@graph":[{"@type":"Article","@id":"https:\/\/www.revistalogistec.com\/index.php\/2020\/04\/16\/apoyameaqui-cl-lanzan-campana-para-sumar-a-pequenas-empresas-al-e-commerce\/#article","isPartOf":{"@id":"https:\/\/www.revistalogistec.com\/index.php\/2020\/04\/16\/apoyameaqui-cl-lanzan-campana-para-sumar-a-pequenas-empresas-al-e-commerce\/"},"author":{"name":"admin","@id":"https:\/\/www.revistalogistec.com\/#\/schema\/person\/b25cced65507282f3fc6eb806b1db4f0"},"headline":"APOYAMEAQUI.CL: LANZAN CAMPA\u00d1A PARA SUMAR A PEQUE\u00d1AS EMPRESAS AL E-COMMERCE","datePublished":"2020-04-16T19:02:38+00:00","dateModified":"2025-11-05T21:10:30+00:00","mainEntityOfPage":{"@id":"https:\/\/www.revistalogistec.com\/index.php\/2020\/04\/16\/apoyameaqui-cl-lanzan-campana-para-sumar-a-pequenas-empresas-al-e-commerce\/"},"wordCount":473,"commentCount":0,"image":{"@id":"https:\/\/www.revistalogistec.com\/index.php\/2020\/04\/16\/apoyameaqui-cl-lanzan-campana-para-sumar-a-pequenas-empresas-al-e-commerce\/#primaryimage"},"thumbnailUrl":"https:\/\/www.revistalogistec.com\/wp-content\/uploads\/2020\/04\/apoyameaqui.jpg","articleSection":["ECOSISTEMA"],"inLanguage":"es"},{"@type":"WebPage","@id":"https:\/\/www.revistalogistec.com\/index.php\/2020\/04\/16\/apoyameaqui-cl-lanzan-campana-para-sumar-a-pequenas-empresas-al-e-commerce\/","url":"https:\/\/www.revistalogistec.com\/index.php\/2020\/04\/16\/apoyameaqui-cl-lanzan-campana-para-sumar-a-pequenas-empresas-al-e-commerce\/","name":"APOYAMEAQUI.CL: LANZAN CAMPA\u00d1A PARA SUMAR A PEQUE\u00d1AS EMPRESAS AL E-COMMERCE - Revista Logistec","isPartOf":{"@id":"https:\/\/www.revistalogistec.com\/#website"},"primaryImageOfPage":{"@id":"https:\/\/www.revistalogistec.com\/index.php\/2020\/04\/16\/apoyameaqui-cl-lanzan-campana-para-sumar-a-pequenas-empresas-al-e-commerce\/#primaryimage"},"image":{"@id":"https:\/\/www.revistalogistec.com\/index.php\/2020\/04\/16\/apoyameaqui-cl-lanzan-campana-para-sumar-a-pequenas-empresas-al-e-commerce\/#primaryimage"},"thumbnailUrl":"https:\/\/www.revistalogistec.com\/wp-content\/uploads\/2020\/04\/apoyameaqui.jpg","datePublished":"2020-04-16T19:02:38+00:00","dateModified":"2025-11-05T21:10:30+00:00","author":{"@id":"https:\/\/www.revistalogistec.com\/#\/schema\/person\/b25cced65507282f3fc6eb806b1db4f0"},"breadcrumb":{"@id":"https:\/\/www.revistalogistec.com\/index.php\/2020\/04\/16\/apoyameaqui-cl-lanzan-campana-para-sumar-a-pequenas-empresas-al-e-commerce\/#breadcrumb"},"inLanguage":"es","potentialAction":[{"@type":"ReadAction","target":["https:\/\/www.revistalogistec.com\/index.php\/2020\/04\/16\/apoyameaqui-cl-lanzan-campana-para-sumar-a-pequenas-empresas-al-e-commerce\/"]}]},{"@type":"ImageObject","inLanguage":"es","@id":"https:\/\/www.revistalogistec.com\/index.php\/2020\/04\/16\/apoyameaqui-cl-lanzan-campana-para-sumar-a-pequenas-empresas-al-e-commerce\/#primaryimage","url":"https:\/\/www.revistalogistec.com\/wp-content\/uploads\/2020\/04\/apoyameaqui.jpg","contentUrl":"https:\/\/www.revistalogistec.com\/wp-content\/uploads\/2020\/04\/apoyameaqui.jpg","width":850,"height":560},{"@type":"BreadcrumbList","@id":"https:\/\/www.revistalogistec.com\/index.php\/2020\/04\/16\/apoyameaqui-cl-lanzan-campana-para-sumar-a-pequenas-empresas-al-e-commerce\/#breadcrumb","itemListElement":[{"@type":"ListItem","position":1,"name":"Portada","item":"https:\/\/www.revistalogistec.com\/"},{"@type":"ListItem","position":2,"name":"APOYAMEAQUI.CL: LANZAN CAMPA\u00d1A PARA SUMAR A PEQUE\u00d1AS EMPRESAS AL E-COMMERCE"}]},{"@type":"WebSite","@id":"https:\/\/www.revistalogistec.com\/#website","url":"https:\/\/www.revistalogistec.com\/","name":"Revista Logistec","description":"","potentialAction":[{"@type":"SearchAction","target":{"@type":"EntryPoint","urlTemplate":"https:\/\/www.revistalogistec.com\/?s={search_term_string}"},"query-input":{"@type":"PropertyValueSpecification","valueRequired":true,"valueName":"search_term_string"}}],"inLanguage":"es"},{"@type":"Person","@id":"https:\/\/www.revistalogistec.com\/#\/schema\/person\/b25cced65507282f3fc6eb806b1db4f0","name":"admin","image":{"@type":"ImageObject","inLanguage":"es","@id":"https:\/\/secure.gravatar.com\/avatar\/94631f712dee24b50f2f12a7caf62df22b2c346945fcff655ce85b674bebf6fd?s=96&d=mm&r=g","url":"https:\/\/secure.gravatar.com\/avatar\/94631f712dee24b50f2f12a7caf62df22b2c346945fcff655ce85b674bebf6fd?s=96&d=mm&r=g","contentUrl":"https:\/\/secure.gravatar.com\/avatar\/94631f712dee24b50f2f12a7caf62df22b2c346945fcff655ce85b674bebf6fd?s=96&d=mm&r=g","caption":"admin"},"sameAs":["https:\/\/www.revistalogistec.com"],"url":"https:\/\/www.revistalogistec.com\/index.php\/author\/admin_revlog\/"}]}},"_links":{"self":[{"href":"https:\/\/www.revistalogistec.com\/index.php\/wp-json\/wp\/v2\/posts\/1967","targetHints":{"allow":["GET"]}}],"collection":[{"href":"https:\/\/www.revistalogistec.com\/index.php\/wp-json\/wp\/v2\/posts"}],"about":[{"href":"https:\/\/www.revistalogistec.com\/index.php\/wp-json\/wp\/v2\/types\/post"}],"author":[{"embeddable":true,"href":"https:\/\/www.revistalogistec.com\/index.php\/wp-json\/wp\/v2\/users\/1"}],"replies":[{"embeddable":true,"href":"https:\/\/www.revistalogistec.com\/index.php\/wp-json\/wp\/v2\/comments?post=1967"}],"version-history":[{"count":0,"href":"https:\/\/www.revistalogistec.com\/index.php\/wp-json\/wp\/v2\/posts\/1967\/revisions"}],"wp:featuredmedia":[{"embeddable":true,"href":"https:\/\/www.revistalogistec.com\/index.php\/wp-json\/wp\/v2\/media\/1964"}],"wp:attachment":[{"href":"https:\/\/www.revistalogistec.com\/index.php\/wp-json\/wp\/v2\/media?parent=1967"}],"wp:term":[{"taxonomy":"category","embeddable":true,"href":"https:\/\/www.revistalogistec.com\/index.php\/wp-json\/wp\/v2\/categories?post=1967"},{"taxonomy":"post_tag","embeddable":true,"href":"https:\/\/www.revistalogistec.com\/index.php\/wp-json\/wp\/v2\/tags?post=1967"}],"curies":[{"name":"wp","href":"https:\/\/api.w.org\/{rel}","templated":true}]}}