{"id":239,"date":"2019-12-12T18:34:43","date_gmt":"2019-12-12T18:34:43","guid":{"rendered":"https:\/\/www.revistalogistec.com\/index.php\/2019\/12\/12\/eit-logistica-presenta-nuevo-centro-de-distribucion-3\/"},"modified":"2019-12-12T18:34:43","modified_gmt":"2019-12-12T18:34:43","slug":"eit-logistica-presenta-nuevo-centro-de-distribucion-3","status":"publish","type":"post","link":"https:\/\/www.revistalogistec.com\/index.php\/2019\/12\/12\/eit-logistica-presenta-nuevo-centro-de-distribucion-3\/","title":{"rendered":"EIT LOG\u00cdSTICA PRESENTA NUEVO CENTRO DE DISTRIBUCI\u00d3N"},"content":{"rendered":"<p style=\"text-align: justify;\">Con foco constante en la flexibilidad y excelencia operacional de sus servicios, este Operador Log\u00edstico-con m\u00e1s de 45 a\u00f1os de trayectoria en transporte de cargas y 22 a\u00f1os en log\u00edstica- se ha consolidado como un aliado operacional de sus clientes. Hoy EIT vive un importante momento de consolidaci\u00f3n y expansi\u00f3n; proceso que se refleja en la inauguraci\u00f3n de su nuevo Centro que contar\u00e1 con m\u00e1s de 22 mil m2 construidos.<\/p>\n<p style=\"text-align: justify;\">Los operadores log\u00edsticos son uno de los sectores m\u00e1s relevante de la cadena operacional y uno de los mercados m\u00e1s competitivos, a nivel nacional. El desarrollo y especializaci\u00f3n de la operaci\u00f3n de los clientes ha obligado a los operadores a iniciar \u2013en los \u00faltimos a\u00f1os- un camino hacia la excelencia operativa y eficiencia constante; ambas herramientas han permitido a los distintos actores de esta industria ir marcando diferencias y posicionarse como un \u201cpartner\u201d estrat\u00e9gicos para el desarrollo de sus clientes.<\/p>\n<p style=\"text-align: justify;\">Alcanzar el reconocimiento de la industria es uno de los objetivos principales de todas compa\u00f1\u00edas. En el caso de los Operadores Log\u00edsticos esto es fundamental, considerando que la relaci\u00f3n comercial con sus clientes est\u00e1 basada en la confianza entre las partes. \u00bfPero c\u00f3mo podemos medir el \u00e9xito comercial de un Operador? Diversos son los factores que se pueden analizar (n\u00famero de clientes, tama\u00f1o de la operaci\u00f3n, nuevos desarrollos, movimientos, etc.), pero tangiblemente uno de los hitos m\u00e1s importantes a nivel de industria es la ampliaci\u00f3n de su superficie operacional como un reflejo de su crecimiento.<\/p>\n<p style=\"text-align: justify;\">En esta l\u00ednea, EIT Log\u00edstica, destacado operador log\u00edstico nacional para productos masivos de retail e industriales con m\u00e1s de 45 a\u00f1os de trayectoria en el mercado, vive un importante momento de consolidaci\u00f3n, tras la inauguraci\u00f3n de su nuevo Centro de Distribuci\u00f3n, ubicado en el reconocido sector empresarial e industrial de ENEA, en la comuna de Pudahuel.<\/p>\n<p style=\"text-align: justify;\">El recinto \u2013 que tiene una construcci\u00f3n en dos etapas- contar\u00e1 con una superficie total de 40 mil m2; transform\u00e1ndose as\u00ed en el hito m\u00e1s importante para la empresa en su plan de expansi\u00f3n. La primera etapa del CD que ya est\u00e1 operativa, desde diciembre pasado, contempla una superficie construida de 9.600 m2 y ha sido reconocido por sus altos est\u00e1ndares de construcci\u00f3n y operaci\u00f3n; atributos con lo que busca responder al crecimiento sostenido que ha tenido la compa\u00f1\u00eda en los \u00faltimos a\u00f1os y a sus proyecciones de desarrollo.<\/p>\n<p style=\"text-align: justify;\">Seg\u00fan Lucas Ballivi\u00e1n, Gerente Comercial de EIT Log\u00edstica, el crecimiento de la empresa ha sido intenso en cuanto a m2 en operaci\u00f3n y en actividad. \u201cDado este crecimiento, hace dos a\u00f1os la compa\u00f1\u00eda decidi\u00f3 iniciar un plan de desarrollo y expansi\u00f3n para responder a las futuras demandas. Este CD es el primer hito de este plan\u201d, afirma el ejecutivo, quien adem\u00e1s agrega que la empresa \u201cvive una etapa de franco crecimiento. Tenemos un nombre en la industria y esta inversi\u00f3n viene a capitalizar esta etapa de desarrollo\u201d.<\/p>\n<p style=\"text-align: justify;\">EL NUEVO CD<\/p>\n<p style=\"text-align: justify;\">El nuevo Centro de Distribuci\u00f3n est\u00e1 ubicado en un lugar estrat\u00e9gico como es el sector de ENEA que se caracteriza por su alto est\u00e1ndar, en materia de seguridad, urbanizaci\u00f3n y ubicaci\u00f3n.<\/p>\n<p style=\"text-align: justify;\">\u201cEste recinto se construy\u00f3 en base a toda la experiencia que tiene la compa\u00f1\u00eda en el manejo de centros de distribuci\u00f3n. Esto es considerando aspectos operativos, de layout, de equipamiento y tambi\u00e9n incorporando elementos sustentables. Lo anterior permite que este Centro cuente con los m\u00e1s altos est\u00e1ndares de la industria\u201d, comenta Gerardo C\u00e1ceres, Gerente de Log\u00edstica.<\/p>\n<p style=\"text-align: justify;\">El moderno almac\u00e9n cuenta actualmente con 4 mil m2 de bodegas para sustancias peligrosas (l\u00edquido inflamable) que cumple con toda las normativas vigentes (DS 43), y 5.600 m2 de bodega com\u00fan; ambas instalaciones conforman la primera etapa de este CD. En cuanto a la segunda fase de desarrollo, la empresa contempla sumar 12 mil m2 de bodega com\u00fan, alcanzando as\u00ed un total de 22 mil m2.<\/p>\n<p style=\"text-align: justify;\">\u201cComo EIT Log\u00edstica entramos a un periodo de crecimiento sostenido que se plasma en este nuevo centro de distribuci\u00f3n con servicios nuevos como es el manejo de una bodega de sustancia peligrosa, pero adem\u00e1s con altos est\u00e1ndares en t\u00e9rminos de construcci\u00f3n, equipamiento y productividad, en armon\u00eda con elementos de una operaci\u00f3n sustentable, como son el uso de paneles solares o iluminaci\u00f3n led con control de encendido. Hemos dise\u00f1ado el Centro con el m\u00e1s alto nivel en Chile\u201d, recalca Ballivi\u00e1n. <\/p>\n<p>Actualmente. EIT Log\u00edstica cuenta con cinco centros en la Regi\u00f3n Metropolitana, los cuales suman m\u00e1s de 60 mil m2. Todos ellos cuentan con excelente conectividad y con servicios de calidad y a la medida de las necesidades operacionales de cada uno de sus clientes.<\/p>\n<p style=\"text-align: justify;\">EXITOSO MOMENTO<\/p>\n<p style=\"text-align: justify;\">A trav\u00e9s de una log\u00edstica especializada, EIT Log\u00edstica se ha ganado un espacio en la industria, fundamentalmente gracias a su equipo humano y a la flexibilidad de sus servicios. Seg\u00fan Gerardo C\u00e1ceres, dada la naturaleza de los clientes, \u201chemos desarrollado una log\u00edstica especializada que requiere un trato diferente y que tiene un enfoque de excelencia, tanto t\u00e9cnica como humana, en todas las etapas log\u00edsticas que componen la cadena. Es as\u00ed como nos hemos diferenciado en este competitivo mundo\u201d.<\/p>\n<p style=\"text-align: justify;\">Por su parte, Ballivi\u00e1n reconoce que sus clientes necesitan una \u201csoluci\u00f3n customizada y en l\u00ednea con su negocio, ya que cada cliente tiene una realidad operacional distinta. Ellos encuentran en EIT un operador que pone una alta capacidad operativa y de servicio a disposici\u00f3n de sus variaciones de volumen. Para concretar esta visi\u00f3n se requiere cercan\u00eda con el cliente y la capacidad de adaptarnos r\u00e1pidamente a los cambios que se requieran\u201d, detalla el gerente comercial.<\/p>\n<p style=\"text-align: justify;\">En tanto, el gerente de log\u00edstica hizo hincapi\u00e9 en la importancia de la excelencia operacional como factor diferenciador. \u201cAtender a un mercado especializado nos obliga a ser prolijos en todo lo que hacemos. Nuestros servicios deben ser eficientes, con equipos y calidad operacional de primer nivel\u201d.<\/p>\n<p style=\"text-align: justify;\">El vertiginoso y constante movimiento de la industria log\u00edstica ha obligado a EIT Log\u00edstica a buscar constantemente mejoras en la forma de hacer las cosas y estar a la vanguardia se ha transformado en uno de sus principales pilares corporativos.<\/p>\n<p style=\"text-align: justify;\">\u201cHace 10 a\u00f1os contar con un WMS era un factor diferenciador en la industria y hoy es \u2018un desde\u2019. La din\u00e1mica de esta industria nos obliga a estar mirando constantemente el mercado en busca de mejoras operacionales que se traspasen, a la vez, en eficiencias a los clientes. Cada vez es m\u00e1s dif\u00edcil encontrar los factores diferenciadores y, actualmente, la tecnolog\u00eda y el recurso humano pueden ser factores relevantes\u201d, coment\u00f3 C\u00e1ceres.<\/p>\n<p style=\"text-align: justify;\">La empresa hoy enfrenta con seguridad los nuevos desaf\u00edos. En esta l\u00ednea, el e-commerce asoma como un nuevo y desafiante servicio. \u201cLlevamos bastante tiempo desarrollando este canal para nuestros clientes y hoy contamos con una soluci\u00f3n que responde a esta creciente demanda con un servicio dedicado y en alianza con operadores de \u00faltima milla de excelencia, orientado estrat\u00e9gicamente a satisfacer las exigencias de este canal, donde la calidad y excelencia operacional es fundamental\u201d, enfatiza el gerente comercial.<\/p>\n<p style=\"text-align: justify;\">SERVICIOS DE PUNTO A PUNTO<\/p>\n<p style=\"text-align: justify;\">Con un portafolio de servicio que van de punto a punto, la empresa se ha consolidado como un aliado de sus clientes. Hoy, EIT Log\u00edstica dispone de soluciones que van desde el transporte de los productos desde el puerto de llegada (mar\u00edtimo o a\u00e9reo, en cualquiera de sus formatos de carga), pasando por las etapas del Centro de Distribuci\u00f3n hasta la distribuci\u00f3n de los productos en su punto final en todo Chile.<\/p>\n<p style=\"text-align: justify;\">En EIT el cliente encuentra la cadena log\u00edstica completa desde que la carga llega a Chile hasta su destino final, ya sea punto de venta o consumo. Para eso, la empresa cuenta con personal altamente calificado, adem\u00e1s de recursos propios en transporte, operaci\u00f3n interna en CD y flota propia de distribuci\u00f3n, lo que les permite ofrecer un est\u00e1ndar a lo largo de toda la cadena de forma transversal, manteniendo siempre un alto nivel de servicio.<\/p>\n<p style=\"text-align: justify;\">\u201cM\u00e1s que un operador que mueve carga, somos un aliado operacional y un factor competitivo diferenciador para nuestros clientes\u201d, enfatiza el gerente comercial.<\/p>\n","protected":false},"excerpt":{"rendered":"<p style=\"text-align: justify;\">Con foco constante en la flexibilidad y excelencia operacional de sus servicios, este Operador Log\u00edstico-con m\u00e1s de 45 a\u00f1os de trayectoria en transporte de cargas y 22 a\u00f1os en log\u00edstica- se ha consolidado como un aliado operacional de sus clientes. Hoy EIT vive un importante momento de consolidaci\u00f3n y expansi\u00f3n; proceso que se refleja en la inauguraci\u00f3n de su nuevo Centro que contar\u00e1 con m\u00e1s de 22 mil m2 construidos.<\/p>\n","protected":false},"author":1,"featured_media":232,"comment_status":"open","ping_status":"open","sticky":false,"template":"","format":"standard","meta":{"_acf_changed":false,"jnews-multi-image_gallery":[],"jnews_single_post":[],"jnews_primary_category":[],"jnews_social_meta":[],"jnews_override_counter":[],"footnotes":""},"categories":[70],"tags":[],"class_list":["post-239","post","type-post","status-publish","format-standard","has-post-thumbnail","hentry","category-proveedores-estrategicos"],"acf":[],"yoast_head":"<!-- This site is optimized with the Yoast SEO plugin v27.2 - https:\/\/yoast.com\/product\/yoast-seo-wordpress\/ -->\n<title>EIT LOG\u00cdSTICA PRESENTA NUEVO CENTRO DE DISTRIBUCI\u00d3N - Revista Logistec<\/title>\n<meta name=\"robots\" content=\"index, follow, max-snippet:-1, max-image-preview:large, max-video-preview:-1\" \/>\n<link rel=\"canonical\" href=\"https:\/\/www.revistalogistec.com\/index.php\/2019\/12\/12\/eit-logistica-presenta-nuevo-centro-de-distribucion-3\/\" \/>\n<meta property=\"og:locale\" content=\"es_ES\" \/>\n<meta property=\"og:type\" content=\"article\" \/>\n<meta property=\"og:title\" content=\"EIT LOG\u00cdSTICA PRESENTA NUEVO CENTRO DE DISTRIBUCI\u00d3N - Revista Logistec\" \/>\n<meta property=\"og:description\" content=\"Con foco constante en la flexibilidad y excelencia operacional de sus servicios, este Operador Log\u00edstico-con m\u00e1s de 45 a\u00f1os de trayectoria en transporte de cargas y 22 a\u00f1os en log\u00edstica- se ha consolidado como un aliado operacional de sus clientes. Hoy EIT vive un importante momento de consolidaci\u00f3n y expansi\u00f3n; proceso que se refleja en la inauguraci\u00f3n de su nuevo Centro que contar\u00e1 con m\u00e1s de 22 mil m2 construidos.\" \/>\n<meta property=\"og:url\" content=\"https:\/\/www.revistalogistec.com\/index.php\/2019\/12\/12\/eit-logistica-presenta-nuevo-centro-de-distribucion-3\/\" \/>\n<meta property=\"og:site_name\" content=\"Revista Logistec\" \/>\n<meta property=\"article:published_time\" content=\"2019-12-12T18:34:43+00:00\" \/>\n<meta property=\"og:image\" content=\"https:\/\/www.revistalogistec.com\/wp-content\/uploads\/2019\/12\/news_eit.jpg\" \/>\n\t<meta property=\"og:image:width\" content=\"850\" \/>\n\t<meta property=\"og:image:height\" content=\"567\" \/>\n\t<meta property=\"og:image:type\" content=\"image\/jpeg\" \/>\n<meta name=\"author\" content=\"admin\" \/>\n<meta name=\"twitter:card\" content=\"summary_large_image\" \/>\n<meta name=\"twitter:label1\" content=\"Escrito por\" \/>\n\t<meta name=\"twitter:data1\" content=\"admin\" \/>\n\t<meta name=\"twitter:label2\" content=\"Tiempo de lectura\" \/>\n\t<meta name=\"twitter:data2\" content=\"7 minutos\" \/>\n<script type=\"application\/ld+json\" class=\"yoast-schema-graph\">{\"@context\":\"https:\/\/schema.org\",\"@graph\":[{\"@type\":\"Article\",\"@id\":\"https:\/\/www.revistalogistec.com\/index.php\/2019\/12\/12\/eit-logistica-presenta-nuevo-centro-de-distribucion-3\/#article\",\"isPartOf\":{\"@id\":\"https:\/\/www.revistalogistec.com\/index.php\/2019\/12\/12\/eit-logistica-presenta-nuevo-centro-de-distribucion-3\/\"},\"author\":{\"name\":\"admin\",\"@id\":\"https:\/\/www.revistalogistec.com\/#\/schema\/person\/b25cced65507282f3fc6eb806b1db4f0\"},\"headline\":\"EIT LOG\u00cdSTICA PRESENTA NUEVO CENTRO DE DISTRIBUCI\u00d3N\",\"datePublished\":\"2019-12-12T18:34:43+00:00\",\"mainEntityOfPage\":{\"@id\":\"https:\/\/www.revistalogistec.com\/index.php\/2019\/12\/12\/eit-logistica-presenta-nuevo-centro-de-distribucion-3\/\"},\"wordCount\":1436,\"commentCount\":0,\"image\":{\"@id\":\"https:\/\/www.revistalogistec.com\/index.php\/2019\/12\/12\/eit-logistica-presenta-nuevo-centro-de-distribucion-3\/#primaryimage\"},\"thumbnailUrl\":\"https:\/\/www.revistalogistec.com\/wp-content\/uploads\/2019\/12\/news_eit.jpg\",\"articleSection\":[\"PROVEEDORES ESTRAT\u00c9GICOS\"],\"inLanguage\":\"es\"},{\"@type\":\"WebPage\",\"@id\":\"https:\/\/www.revistalogistec.com\/index.php\/2019\/12\/12\/eit-logistica-presenta-nuevo-centro-de-distribucion-3\/\",\"url\":\"https:\/\/www.revistalogistec.com\/index.php\/2019\/12\/12\/eit-logistica-presenta-nuevo-centro-de-distribucion-3\/\",\"name\":\"EIT LOG\u00cdSTICA PRESENTA NUEVO CENTRO DE DISTRIBUCI\u00d3N - Revista Logistec\",\"isPartOf\":{\"@id\":\"https:\/\/www.revistalogistec.com\/#website\"},\"primaryImageOfPage\":{\"@id\":\"https:\/\/www.revistalogistec.com\/index.php\/2019\/12\/12\/eit-logistica-presenta-nuevo-centro-de-distribucion-3\/#primaryimage\"},\"image\":{\"@id\":\"https:\/\/www.revistalogistec.com\/index.php\/2019\/12\/12\/eit-logistica-presenta-nuevo-centro-de-distribucion-3\/#primaryimage\"},\"thumbnailUrl\":\"https:\/\/www.revistalogistec.com\/wp-content\/uploads\/2019\/12\/news_eit.jpg\",\"datePublished\":\"2019-12-12T18:34:43+00:00\",\"author\":{\"@id\":\"https:\/\/www.revistalogistec.com\/#\/schema\/person\/b25cced65507282f3fc6eb806b1db4f0\"},\"breadcrumb\":{\"@id\":\"https:\/\/www.revistalogistec.com\/index.php\/2019\/12\/12\/eit-logistica-presenta-nuevo-centro-de-distribucion-3\/#breadcrumb\"},\"inLanguage\":\"es\",\"potentialAction\":[{\"@type\":\"ReadAction\",\"target\":[\"https:\/\/www.revistalogistec.com\/index.php\/2019\/12\/12\/eit-logistica-presenta-nuevo-centro-de-distribucion-3\/\"]}]},{\"@type\":\"ImageObject\",\"inLanguage\":\"es\",\"@id\":\"https:\/\/www.revistalogistec.com\/index.php\/2019\/12\/12\/eit-logistica-presenta-nuevo-centro-de-distribucion-3\/#primaryimage\",\"url\":\"https:\/\/www.revistalogistec.com\/wp-content\/uploads\/2019\/12\/news_eit.jpg\",\"contentUrl\":\"https:\/\/www.revistalogistec.com\/wp-content\/uploads\/2019\/12\/news_eit.jpg\",\"width\":850,\"height\":567},{\"@type\":\"BreadcrumbList\",\"@id\":\"https:\/\/www.revistalogistec.com\/index.php\/2019\/12\/12\/eit-logistica-presenta-nuevo-centro-de-distribucion-3\/#breadcrumb\",\"itemListElement\":[{\"@type\":\"ListItem\",\"position\":1,\"name\":\"Portada\",\"item\":\"https:\/\/www.revistalogistec.com\/\"},{\"@type\":\"ListItem\",\"position\":2,\"name\":\"EIT LOG\u00cdSTICA PRESENTA NUEVO CENTRO DE DISTRIBUCI\u00d3N\"}]},{\"@type\":\"WebSite\",\"@id\":\"https:\/\/www.revistalogistec.com\/#website\",\"url\":\"https:\/\/www.revistalogistec.com\/\",\"name\":\"Revista Logistec\",\"description\":\"\",\"potentialAction\":[{\"@type\":\"SearchAction\",\"target\":{\"@type\":\"EntryPoint\",\"urlTemplate\":\"https:\/\/www.revistalogistec.com\/?s={search_term_string}\"},\"query-input\":{\"@type\":\"PropertyValueSpecification\",\"valueRequired\":true,\"valueName\":\"search_term_string\"}}],\"inLanguage\":\"es\"},{\"@type\":\"Person\",\"@id\":\"https:\/\/www.revistalogistec.com\/#\/schema\/person\/b25cced65507282f3fc6eb806b1db4f0\",\"name\":\"admin\",\"image\":{\"@type\":\"ImageObject\",\"inLanguage\":\"es\",\"@id\":\"https:\/\/secure.gravatar.com\/avatar\/94631f712dee24b50f2f12a7caf62df22b2c346945fcff655ce85b674bebf6fd?s=96&d=mm&r=g\",\"url\":\"https:\/\/secure.gravatar.com\/avatar\/94631f712dee24b50f2f12a7caf62df22b2c346945fcff655ce85b674bebf6fd?s=96&d=mm&r=g\",\"contentUrl\":\"https:\/\/secure.gravatar.com\/avatar\/94631f712dee24b50f2f12a7caf62df22b2c346945fcff655ce85b674bebf6fd?s=96&d=mm&r=g\",\"caption\":\"admin\"},\"sameAs\":[\"https:\/\/www.revistalogistec.com\"],\"url\":\"https:\/\/www.revistalogistec.com\/index.php\/author\/admin_revlog\/\"}]}<\/script>\n<!-- \/ Yoast SEO plugin. -->","yoast_head_json":{"title":"EIT LOG\u00cdSTICA PRESENTA NUEVO CENTRO DE DISTRIBUCI\u00d3N - Revista Logistec","robots":{"index":"index","follow":"follow","max-snippet":"max-snippet:-1","max-image-preview":"max-image-preview:large","max-video-preview":"max-video-preview:-1"},"canonical":"https:\/\/www.revistalogistec.com\/index.php\/2019\/12\/12\/eit-logistica-presenta-nuevo-centro-de-distribucion-3\/","og_locale":"es_ES","og_type":"article","og_title":"EIT LOG\u00cdSTICA PRESENTA NUEVO CENTRO DE DISTRIBUCI\u00d3N - Revista Logistec","og_description":"Con foco constante en la flexibilidad y excelencia operacional de sus servicios, este Operador Log\u00edstico-con m\u00e1s de 45 a\u00f1os de trayectoria en transporte de cargas y 22 a\u00f1os en log\u00edstica- se ha consolidado como un aliado operacional de sus clientes. Hoy EIT vive un importante momento de consolidaci\u00f3n y expansi\u00f3n; proceso que se refleja en la inauguraci\u00f3n de su nuevo Centro que contar\u00e1 con m\u00e1s de 22 mil m2 construidos.","og_url":"https:\/\/www.revistalogistec.com\/index.php\/2019\/12\/12\/eit-logistica-presenta-nuevo-centro-de-distribucion-3\/","og_site_name":"Revista Logistec","article_published_time":"2019-12-12T18:34:43+00:00","og_image":[{"width":850,"height":567,"url":"https:\/\/www.revistalogistec.com\/wp-content\/uploads\/2019\/12\/news_eit.jpg","type":"image\/jpeg"}],"author":"admin","twitter_card":"summary_large_image","twitter_misc":{"Escrito por":"admin","Tiempo de lectura":"7 minutos"},"schema":{"@context":"https:\/\/schema.org","@graph":[{"@type":"Article","@id":"https:\/\/www.revistalogistec.com\/index.php\/2019\/12\/12\/eit-logistica-presenta-nuevo-centro-de-distribucion-3\/#article","isPartOf":{"@id":"https:\/\/www.revistalogistec.com\/index.php\/2019\/12\/12\/eit-logistica-presenta-nuevo-centro-de-distribucion-3\/"},"author":{"name":"admin","@id":"https:\/\/www.revistalogistec.com\/#\/schema\/person\/b25cced65507282f3fc6eb806b1db4f0"},"headline":"EIT LOG\u00cdSTICA PRESENTA NUEVO CENTRO DE DISTRIBUCI\u00d3N","datePublished":"2019-12-12T18:34:43+00:00","mainEntityOfPage":{"@id":"https:\/\/www.revistalogistec.com\/index.php\/2019\/12\/12\/eit-logistica-presenta-nuevo-centro-de-distribucion-3\/"},"wordCount":1436,"commentCount":0,"image":{"@id":"https:\/\/www.revistalogistec.com\/index.php\/2019\/12\/12\/eit-logistica-presenta-nuevo-centro-de-distribucion-3\/#primaryimage"},"thumbnailUrl":"https:\/\/www.revistalogistec.com\/wp-content\/uploads\/2019\/12\/news_eit.jpg","articleSection":["PROVEEDORES ESTRAT\u00c9GICOS"],"inLanguage":"es"},{"@type":"WebPage","@id":"https:\/\/www.revistalogistec.com\/index.php\/2019\/12\/12\/eit-logistica-presenta-nuevo-centro-de-distribucion-3\/","url":"https:\/\/www.revistalogistec.com\/index.php\/2019\/12\/12\/eit-logistica-presenta-nuevo-centro-de-distribucion-3\/","name":"EIT LOG\u00cdSTICA PRESENTA NUEVO CENTRO DE DISTRIBUCI\u00d3N - Revista Logistec","isPartOf":{"@id":"https:\/\/www.revistalogistec.com\/#website"},"primaryImageOfPage":{"@id":"https:\/\/www.revistalogistec.com\/index.php\/2019\/12\/12\/eit-logistica-presenta-nuevo-centro-de-distribucion-3\/#primaryimage"},"image":{"@id":"https:\/\/www.revistalogistec.com\/index.php\/2019\/12\/12\/eit-logistica-presenta-nuevo-centro-de-distribucion-3\/#primaryimage"},"thumbnailUrl":"https:\/\/www.revistalogistec.com\/wp-content\/uploads\/2019\/12\/news_eit.jpg","datePublished":"2019-12-12T18:34:43+00:00","author":{"@id":"https:\/\/www.revistalogistec.com\/#\/schema\/person\/b25cced65507282f3fc6eb806b1db4f0"},"breadcrumb":{"@id":"https:\/\/www.revistalogistec.com\/index.php\/2019\/12\/12\/eit-logistica-presenta-nuevo-centro-de-distribucion-3\/#breadcrumb"},"inLanguage":"es","potentialAction":[{"@type":"ReadAction","target":["https:\/\/www.revistalogistec.com\/index.php\/2019\/12\/12\/eit-logistica-presenta-nuevo-centro-de-distribucion-3\/"]}]},{"@type":"ImageObject","inLanguage":"es","@id":"https:\/\/www.revistalogistec.com\/index.php\/2019\/12\/12\/eit-logistica-presenta-nuevo-centro-de-distribucion-3\/#primaryimage","url":"https:\/\/www.revistalogistec.com\/wp-content\/uploads\/2019\/12\/news_eit.jpg","contentUrl":"https:\/\/www.revistalogistec.com\/wp-content\/uploads\/2019\/12\/news_eit.jpg","width":850,"height":567},{"@type":"BreadcrumbList","@id":"https:\/\/www.revistalogistec.com\/index.php\/2019\/12\/12\/eit-logistica-presenta-nuevo-centro-de-distribucion-3\/#breadcrumb","itemListElement":[{"@type":"ListItem","position":1,"name":"Portada","item":"https:\/\/www.revistalogistec.com\/"},{"@type":"ListItem","position":2,"name":"EIT LOG\u00cdSTICA PRESENTA NUEVO CENTRO DE DISTRIBUCI\u00d3N"}]},{"@type":"WebSite","@id":"https:\/\/www.revistalogistec.com\/#website","url":"https:\/\/www.revistalogistec.com\/","name":"Revista Logistec","description":"","potentialAction":[{"@type":"SearchAction","target":{"@type":"EntryPoint","urlTemplate":"https:\/\/www.revistalogistec.com\/?s={search_term_string}"},"query-input":{"@type":"PropertyValueSpecification","valueRequired":true,"valueName":"search_term_string"}}],"inLanguage":"es"},{"@type":"Person","@id":"https:\/\/www.revistalogistec.com\/#\/schema\/person\/b25cced65507282f3fc6eb806b1db4f0","name":"admin","image":{"@type":"ImageObject","inLanguage":"es","@id":"https:\/\/secure.gravatar.com\/avatar\/94631f712dee24b50f2f12a7caf62df22b2c346945fcff655ce85b674bebf6fd?s=96&d=mm&r=g","url":"https:\/\/secure.gravatar.com\/avatar\/94631f712dee24b50f2f12a7caf62df22b2c346945fcff655ce85b674bebf6fd?s=96&d=mm&r=g","contentUrl":"https:\/\/secure.gravatar.com\/avatar\/94631f712dee24b50f2f12a7caf62df22b2c346945fcff655ce85b674bebf6fd?s=96&d=mm&r=g","caption":"admin"},"sameAs":["https:\/\/www.revistalogistec.com"],"url":"https:\/\/www.revistalogistec.com\/index.php\/author\/admin_revlog\/"}]}},"_links":{"self":[{"href":"https:\/\/www.revistalogistec.com\/index.php\/wp-json\/wp\/v2\/posts\/239","targetHints":{"allow":["GET"]}}],"collection":[{"href":"https:\/\/www.revistalogistec.com\/index.php\/wp-json\/wp\/v2\/posts"}],"about":[{"href":"https:\/\/www.revistalogistec.com\/index.php\/wp-json\/wp\/v2\/types\/post"}],"author":[{"embeddable":true,"href":"https:\/\/www.revistalogistec.com\/index.php\/wp-json\/wp\/v2\/users\/1"}],"replies":[{"embeddable":true,"href":"https:\/\/www.revistalogistec.com\/index.php\/wp-json\/wp\/v2\/comments?post=239"}],"version-history":[{"count":0,"href":"https:\/\/www.revistalogistec.com\/index.php\/wp-json\/wp\/v2\/posts\/239\/revisions"}],"wp:featuredmedia":[{"embeddable":true,"href":"https:\/\/www.revistalogistec.com\/index.php\/wp-json\/wp\/v2\/media\/232"}],"wp:attachment":[{"href":"https:\/\/www.revistalogistec.com\/index.php\/wp-json\/wp\/v2\/media?parent=239"}],"wp:term":[{"taxonomy":"category","embeddable":true,"href":"https:\/\/www.revistalogistec.com\/index.php\/wp-json\/wp\/v2\/categories?post=239"},{"taxonomy":"post_tag","embeddable":true,"href":"https:\/\/www.revistalogistec.com\/index.php\/wp-json\/wp\/v2\/tags?post=239"}],"curies":[{"name":"wp","href":"https:\/\/api.w.org\/{rel}","templated":true}]}}