{"id":2483,"date":"2020-06-23T20:56:00","date_gmt":"2020-06-23T20:56:00","guid":{"rendered":"https:\/\/www.revistalogistec.com\/index.php\/2020\/06\/23\/adelantandonos-a-los-desafios-de-la-cadena-de-suministro-del-futuro-capitulo-ii-2\/"},"modified":"2025-11-12T12:11:57","modified_gmt":"2025-11-12T16:11:57","slug":"adelantandonos-a-los-desafios-de-la-cadena-de-suministro-del-futuro-capitulo-ii-2","status":"publish","type":"post","link":"https:\/\/www.revistalogistec.com\/index.php\/2020\/06\/23\/adelantandonos-a-los-desafios-de-la-cadena-de-suministro-del-futuro-capitulo-ii-2\/","title":{"rendered":"WEBINAR DE PROVEEDORES CAP\u00cdTULO II"},"content":{"rendered":"<p style=\"text-align: justify;\">La log\u00edstica es una de las actividades esenciales en el momento que vivimos mundialmente. La cadena no se detiene y eso ha llevado a muchos a iniciar un proceso de reinvenci\u00f3n de su operaci\u00f3n con la finalidad de asegurar la continuidad operacional de sus empresas que les permita -al final del d\u00eda- mantenerse activos en un mercado cada vez m\u00e1s competitivo y complejo. <!--more--><\/p>\n<div class=\"jeg_video_container jeg_video_content\"><iframe loading=\"lazy\" title=\"Webinar Proveedores Cap\u00edtulo II\" width=\"500\" height=\"281\" src=\"https:\/\/www.youtube.com\/embed\/_uYkmmnDF6E?feature=oembed\" frameborder=\"0\" allow=\"accelerometer; autoplay; clipboard-write; encrypted-media; gyroscope; picture-in-picture; web-share\" referrerpolicy=\"strict-origin-when-cross-origin\" allowfullscreen><\/iframe><\/div>\n<p style=\"text-align: justify;\">En el d\u00eda de hoy se presentar\u00e1n tres empresas quienes nos dar\u00e1n su visi\u00f3n de la realidad actual y hacia donde van los nuevos desaf\u00edos. Nos acompa\u00f1an Jorge Leiva, Gerente Comercial de Estrella Solitaria, Luis Santander &#8211; Co Fundador de Valgreti y Rodrigo Blanco, Gerente Comercial de APL Logistics.<\/p>\n<p style=\"text-align: justify;\">Comenzaremos con Estrella Solitaria S.A. y su presentaci\u00f3n \u00abProductividad y Seguridad en Tiempos de Pandemia\u00bb. Para quienes no la conocen, Estrella Solitaria es una empresa chilena que comercializa productos y servicios para el mercado log\u00edstico entre los que destacan Racks, Barreras Boplan, Carros de autoservicio, Automatizaci\u00f3n y Seguridad.<\/p>\n<p style=\"text-align: justify;\">Continuamos entonces con la presentaci\u00f3n de Valgreti que tiene como titulo \u00abeCommerce y los Cuellos de Botella en la Preparaci\u00f3n de Pedidos en el CD\u00bb. Valgreti es una empresa dedicada a maximizar el valor en la organizaci\u00f3n trav\u00e9s de un servicio integral que considera la gesti\u00f3n, la innovaci\u00f3n, la generaci\u00f3n de eficiencia y la mejora continua en los procesos de: Desarrollo de software, integraci\u00f3n, soporte y mantenimiento de aplicaciones.<\/p>\n<p style=\"text-align: justify;\">Y nuestra ultima presentaci\u00f3n esta a cargo de APL Logistics y tiene como nombre \u00abC\u00f3mo la Log\u00edstica se hace cargo de un Nuevo Escenario Mundial\u00bb &#8211; En Latinoam\u00e9rica, gracias al apoyo de herramientas de tecnolog\u00eda de \u00faltima generaci\u00f3n, APL Logistics tiene la capacidad de gestionar hasta el nivel de SKU. La inversi\u00f3n en esta \u00e1rea ha sido fundamental para estar a ala vanguardia de innovaci\u00f3n en la log\u00edstica de hoy. Lo que nos ha permitido mantener relaciones a largo plazo con nuestros clientes es el esquema de revisi\u00f3n mensual y anual de operaciones.<\/p>\n","protected":false},"excerpt":{"rendered":"<p style=\"text-align: justify;\">La log\u00edstica es una de las actividades esenciales en el momento que vivimos mundialmente. La cadena no se detiene y eso ha llevado a muchos a iniciar un proceso de reinvenci\u00f3n de su operaci\u00f3n con la finalidad de asegurar la continuidad operacional de sus empresas que les permita -al final del d\u00eda- mantenerse activos en un mercado cada vez m\u00e1s competitivo y complejo.&nbsp;<\/p>\n","protected":false},"author":1,"featured_media":27482,"comment_status":"open","ping_status":"open","sticky":false,"template":"","format":"standard","meta":{"_acf_changed":false,"jnews-multi-image_gallery":[],"jnews_single_post":{"format":"standard"},"jnews_primary_category":[],"jnews_social_meta":[],"jnews_override_counter":[],"footnotes":""},"categories":[90],"tags":[],"class_list":["post-2483","post","type-post","status-publish","format-standard","has-post-thumbnail","hentry","category-videos-clientes"],"acf":[],"yoast_head":"<!-- This site is optimized with the Yoast SEO plugin v27.2 - https:\/\/yoast.com\/product\/yoast-seo-wordpress\/ -->\n<title>WEBINAR DE PROVEEDORES CAP\u00cdTULO II - Revista Logistec<\/title>\n<meta name=\"robots\" content=\"index, follow, max-snippet:-1, max-image-preview:large, max-video-preview:-1\" \/>\n<link rel=\"canonical\" href=\"https:\/\/www.revistalogistec.com\/index.php\/2020\/06\/23\/adelantandonos-a-los-desafios-de-la-cadena-de-suministro-del-futuro-capitulo-ii-2\/\" \/>\n<meta property=\"og:locale\" content=\"es_ES\" \/>\n<meta property=\"og:type\" content=\"article\" \/>\n<meta property=\"og:title\" content=\"WEBINAR DE PROVEEDORES CAP\u00cdTULO II - Revista Logistec\" \/>\n<meta property=\"og:description\" content=\"La log\u00edstica es una de las actividades esenciales en el momento que vivimos mundialmente. La cadena no se detiene y eso ha llevado a muchos a iniciar un proceso de reinvenci\u00f3n de su operaci\u00f3n con la finalidad de asegurar la continuidad operacional de sus empresas que les permita -al final del d\u00eda- mantenerse activos en un mercado cada vez m\u00e1s competitivo y complejo.&nbsp;\" \/>\n<meta property=\"og:url\" content=\"https:\/\/www.revistalogistec.com\/index.php\/2020\/06\/23\/adelantandonos-a-los-desafios-de-la-cadena-de-suministro-del-futuro-capitulo-ii-2\/\" \/>\n<meta property=\"og:site_name\" content=\"Revista Logistec\" \/>\n<meta property=\"article:published_time\" content=\"2020-06-23T20:56:00+00:00\" \/>\n<meta property=\"article:modified_time\" content=\"2025-11-12T16:11:57+00:00\" \/>\n<meta property=\"og:image\" content=\"https:\/\/www.revistalogistec.com\/wp-content\/uploads\/2020\/06\/Captura-de-pantalla-2025-11-12-a-las-1.09.59-p.-m.png\" \/>\n\t<meta property=\"og:image:width\" content=\"1818\" \/>\n\t<meta property=\"og:image:height\" content=\"1000\" \/>\n\t<meta property=\"og:image:type\" content=\"image\/png\" \/>\n<meta name=\"author\" content=\"admin\" \/>\n<meta name=\"twitter:card\" content=\"summary_large_image\" \/>\n<meta name=\"twitter:label1\" content=\"Escrito por\" \/>\n\t<meta name=\"twitter:data1\" content=\"admin\" \/>\n\t<meta name=\"twitter:label2\" content=\"Tiempo de lectura\" \/>\n\t<meta name=\"twitter:data2\" content=\"2 minutos\" \/>\n<script type=\"application\/ld+json\" class=\"yoast-schema-graph\">{\"@context\":\"https:\/\/schema.org\",\"@graph\":[{\"@type\":\"Article\",\"@id\":\"https:\/\/www.revistalogistec.com\/index.php\/2020\/06\/23\/adelantandonos-a-los-desafios-de-la-cadena-de-suministro-del-futuro-capitulo-ii-2\/#article\",\"isPartOf\":{\"@id\":\"https:\/\/www.revistalogistec.com\/index.php\/2020\/06\/23\/adelantandonos-a-los-desafios-de-la-cadena-de-suministro-del-futuro-capitulo-ii-2\/\"},\"author\":{\"name\":\"admin\",\"@id\":\"https:\/\/www.revistalogistec.com\/#\/schema\/person\/b25cced65507282f3fc6eb806b1db4f0\"},\"headline\":\"WEBINAR DE PROVEEDORES CAP\u00cdTULO II\",\"datePublished\":\"2020-06-23T20:56:00+00:00\",\"dateModified\":\"2025-11-12T16:11:57+00:00\",\"mainEntityOfPage\":{\"@id\":\"https:\/\/www.revistalogistec.com\/index.php\/2020\/06\/23\/adelantandonos-a-los-desafios-de-la-cadena-de-suministro-del-futuro-capitulo-ii-2\/\"},\"wordCount\":368,\"commentCount\":0,\"image\":{\"@id\":\"https:\/\/www.revistalogistec.com\/index.php\/2020\/06\/23\/adelantandonos-a-los-desafios-de-la-cadena-de-suministro-del-futuro-capitulo-ii-2\/#primaryimage\"},\"thumbnailUrl\":\"https:\/\/www.revistalogistec.com\/wp-content\/uploads\/2020\/06\/Captura-de-pantalla-2025-11-12-a-las-1.09.59-p.-m.png\",\"articleSection\":[\"VIDEOS CLIENTES\"],\"inLanguage\":\"es\"},{\"@type\":\"WebPage\",\"@id\":\"https:\/\/www.revistalogistec.com\/index.php\/2020\/06\/23\/adelantandonos-a-los-desafios-de-la-cadena-de-suministro-del-futuro-capitulo-ii-2\/\",\"url\":\"https:\/\/www.revistalogistec.com\/index.php\/2020\/06\/23\/adelantandonos-a-los-desafios-de-la-cadena-de-suministro-del-futuro-capitulo-ii-2\/\",\"name\":\"WEBINAR DE PROVEEDORES CAP\u00cdTULO II - Revista Logistec\",\"isPartOf\":{\"@id\":\"https:\/\/www.revistalogistec.com\/#website\"},\"primaryImageOfPage\":{\"@id\":\"https:\/\/www.revistalogistec.com\/index.php\/2020\/06\/23\/adelantandonos-a-los-desafios-de-la-cadena-de-suministro-del-futuro-capitulo-ii-2\/#primaryimage\"},\"image\":{\"@id\":\"https:\/\/www.revistalogistec.com\/index.php\/2020\/06\/23\/adelantandonos-a-los-desafios-de-la-cadena-de-suministro-del-futuro-capitulo-ii-2\/#primaryimage\"},\"thumbnailUrl\":\"https:\/\/www.revistalogistec.com\/wp-content\/uploads\/2020\/06\/Captura-de-pantalla-2025-11-12-a-las-1.09.59-p.-m.png\",\"datePublished\":\"2020-06-23T20:56:00+00:00\",\"dateModified\":\"2025-11-12T16:11:57+00:00\",\"author\":{\"@id\":\"https:\/\/www.revistalogistec.com\/#\/schema\/person\/b25cced65507282f3fc6eb806b1db4f0\"},\"breadcrumb\":{\"@id\":\"https:\/\/www.revistalogistec.com\/index.php\/2020\/06\/23\/adelantandonos-a-los-desafios-de-la-cadena-de-suministro-del-futuro-capitulo-ii-2\/#breadcrumb\"},\"inLanguage\":\"es\",\"potentialAction\":[{\"@type\":\"ReadAction\",\"target\":[\"https:\/\/www.revistalogistec.com\/index.php\/2020\/06\/23\/adelantandonos-a-los-desafios-de-la-cadena-de-suministro-del-futuro-capitulo-ii-2\/\"]}]},{\"@type\":\"ImageObject\",\"inLanguage\":\"es\",\"@id\":\"https:\/\/www.revistalogistec.com\/index.php\/2020\/06\/23\/adelantandonos-a-los-desafios-de-la-cadena-de-suministro-del-futuro-capitulo-ii-2\/#primaryimage\",\"url\":\"https:\/\/www.revistalogistec.com\/wp-content\/uploads\/2020\/06\/Captura-de-pantalla-2025-11-12-a-las-1.09.59-p.-m.png\",\"contentUrl\":\"https:\/\/www.revistalogistec.com\/wp-content\/uploads\/2020\/06\/Captura-de-pantalla-2025-11-12-a-las-1.09.59-p.-m.png\",\"width\":1818,\"height\":1000},{\"@type\":\"BreadcrumbList\",\"@id\":\"https:\/\/www.revistalogistec.com\/index.php\/2020\/06\/23\/adelantandonos-a-los-desafios-de-la-cadena-de-suministro-del-futuro-capitulo-ii-2\/#breadcrumb\",\"itemListElement\":[{\"@type\":\"ListItem\",\"position\":1,\"name\":\"Portada\",\"item\":\"https:\/\/www.revistalogistec.com\/\"},{\"@type\":\"ListItem\",\"position\":2,\"name\":\"WEBINAR DE PROVEEDORES CAP\u00cdTULO II\"}]},{\"@type\":\"WebSite\",\"@id\":\"https:\/\/www.revistalogistec.com\/#website\",\"url\":\"https:\/\/www.revistalogistec.com\/\",\"name\":\"Revista Logistec\",\"description\":\"\",\"potentialAction\":[{\"@type\":\"SearchAction\",\"target\":{\"@type\":\"EntryPoint\",\"urlTemplate\":\"https:\/\/www.revistalogistec.com\/?s={search_term_string}\"},\"query-input\":{\"@type\":\"PropertyValueSpecification\",\"valueRequired\":true,\"valueName\":\"search_term_string\"}}],\"inLanguage\":\"es\"},{\"@type\":\"Person\",\"@id\":\"https:\/\/www.revistalogistec.com\/#\/schema\/person\/b25cced65507282f3fc6eb806b1db4f0\",\"name\":\"admin\",\"image\":{\"@type\":\"ImageObject\",\"inLanguage\":\"es\",\"@id\":\"https:\/\/secure.gravatar.com\/avatar\/94631f712dee24b50f2f12a7caf62df22b2c346945fcff655ce85b674bebf6fd?s=96&d=mm&r=g\",\"url\":\"https:\/\/secure.gravatar.com\/avatar\/94631f712dee24b50f2f12a7caf62df22b2c346945fcff655ce85b674bebf6fd?s=96&d=mm&r=g\",\"contentUrl\":\"https:\/\/secure.gravatar.com\/avatar\/94631f712dee24b50f2f12a7caf62df22b2c346945fcff655ce85b674bebf6fd?s=96&d=mm&r=g\",\"caption\":\"admin\"},\"sameAs\":[\"https:\/\/www.revistalogistec.com\"],\"url\":\"https:\/\/www.revistalogistec.com\/index.php\/author\/admin_revlog\/\"}]}<\/script>\n<!-- \/ Yoast SEO plugin. -->","yoast_head_json":{"title":"WEBINAR DE PROVEEDORES CAP\u00cdTULO II - Revista Logistec","robots":{"index":"index","follow":"follow","max-snippet":"max-snippet:-1","max-image-preview":"max-image-preview:large","max-video-preview":"max-video-preview:-1"},"canonical":"https:\/\/www.revistalogistec.com\/index.php\/2020\/06\/23\/adelantandonos-a-los-desafios-de-la-cadena-de-suministro-del-futuro-capitulo-ii-2\/","og_locale":"es_ES","og_type":"article","og_title":"WEBINAR DE PROVEEDORES CAP\u00cdTULO II - Revista Logistec","og_description":"La log\u00edstica es una de las actividades esenciales en el momento que vivimos mundialmente. La cadena no se detiene y eso ha llevado a muchos a iniciar un proceso de reinvenci\u00f3n de su operaci\u00f3n con la finalidad de asegurar la continuidad operacional de sus empresas que les permita -al final del d\u00eda- mantenerse activos en un mercado cada vez m\u00e1s competitivo y complejo.&nbsp;","og_url":"https:\/\/www.revistalogistec.com\/index.php\/2020\/06\/23\/adelantandonos-a-los-desafios-de-la-cadena-de-suministro-del-futuro-capitulo-ii-2\/","og_site_name":"Revista Logistec","article_published_time":"2020-06-23T20:56:00+00:00","article_modified_time":"2025-11-12T16:11:57+00:00","og_image":[{"width":1818,"height":1000,"url":"https:\/\/www.revistalogistec.com\/wp-content\/uploads\/2020\/06\/Captura-de-pantalla-2025-11-12-a-las-1.09.59-p.-m.png","type":"image\/png"}],"author":"admin","twitter_card":"summary_large_image","twitter_misc":{"Escrito por":"admin","Tiempo de lectura":"2 minutos"},"schema":{"@context":"https:\/\/schema.org","@graph":[{"@type":"Article","@id":"https:\/\/www.revistalogistec.com\/index.php\/2020\/06\/23\/adelantandonos-a-los-desafios-de-la-cadena-de-suministro-del-futuro-capitulo-ii-2\/#article","isPartOf":{"@id":"https:\/\/www.revistalogistec.com\/index.php\/2020\/06\/23\/adelantandonos-a-los-desafios-de-la-cadena-de-suministro-del-futuro-capitulo-ii-2\/"},"author":{"name":"admin","@id":"https:\/\/www.revistalogistec.com\/#\/schema\/person\/b25cced65507282f3fc6eb806b1db4f0"},"headline":"WEBINAR DE PROVEEDORES CAP\u00cdTULO II","datePublished":"2020-06-23T20:56:00+00:00","dateModified":"2025-11-12T16:11:57+00:00","mainEntityOfPage":{"@id":"https:\/\/www.revistalogistec.com\/index.php\/2020\/06\/23\/adelantandonos-a-los-desafios-de-la-cadena-de-suministro-del-futuro-capitulo-ii-2\/"},"wordCount":368,"commentCount":0,"image":{"@id":"https:\/\/www.revistalogistec.com\/index.php\/2020\/06\/23\/adelantandonos-a-los-desafios-de-la-cadena-de-suministro-del-futuro-capitulo-ii-2\/#primaryimage"},"thumbnailUrl":"https:\/\/www.revistalogistec.com\/wp-content\/uploads\/2020\/06\/Captura-de-pantalla-2025-11-12-a-las-1.09.59-p.-m.png","articleSection":["VIDEOS CLIENTES"],"inLanguage":"es"},{"@type":"WebPage","@id":"https:\/\/www.revistalogistec.com\/index.php\/2020\/06\/23\/adelantandonos-a-los-desafios-de-la-cadena-de-suministro-del-futuro-capitulo-ii-2\/","url":"https:\/\/www.revistalogistec.com\/index.php\/2020\/06\/23\/adelantandonos-a-los-desafios-de-la-cadena-de-suministro-del-futuro-capitulo-ii-2\/","name":"WEBINAR DE PROVEEDORES CAP\u00cdTULO II - Revista Logistec","isPartOf":{"@id":"https:\/\/www.revistalogistec.com\/#website"},"primaryImageOfPage":{"@id":"https:\/\/www.revistalogistec.com\/index.php\/2020\/06\/23\/adelantandonos-a-los-desafios-de-la-cadena-de-suministro-del-futuro-capitulo-ii-2\/#primaryimage"},"image":{"@id":"https:\/\/www.revistalogistec.com\/index.php\/2020\/06\/23\/adelantandonos-a-los-desafios-de-la-cadena-de-suministro-del-futuro-capitulo-ii-2\/#primaryimage"},"thumbnailUrl":"https:\/\/www.revistalogistec.com\/wp-content\/uploads\/2020\/06\/Captura-de-pantalla-2025-11-12-a-las-1.09.59-p.-m.png","datePublished":"2020-06-23T20:56:00+00:00","dateModified":"2025-11-12T16:11:57+00:00","author":{"@id":"https:\/\/www.revistalogistec.com\/#\/schema\/person\/b25cced65507282f3fc6eb806b1db4f0"},"breadcrumb":{"@id":"https:\/\/www.revistalogistec.com\/index.php\/2020\/06\/23\/adelantandonos-a-los-desafios-de-la-cadena-de-suministro-del-futuro-capitulo-ii-2\/#breadcrumb"},"inLanguage":"es","potentialAction":[{"@type":"ReadAction","target":["https:\/\/www.revistalogistec.com\/index.php\/2020\/06\/23\/adelantandonos-a-los-desafios-de-la-cadena-de-suministro-del-futuro-capitulo-ii-2\/"]}]},{"@type":"ImageObject","inLanguage":"es","@id":"https:\/\/www.revistalogistec.com\/index.php\/2020\/06\/23\/adelantandonos-a-los-desafios-de-la-cadena-de-suministro-del-futuro-capitulo-ii-2\/#primaryimage","url":"https:\/\/www.revistalogistec.com\/wp-content\/uploads\/2020\/06\/Captura-de-pantalla-2025-11-12-a-las-1.09.59-p.-m.png","contentUrl":"https:\/\/www.revistalogistec.com\/wp-content\/uploads\/2020\/06\/Captura-de-pantalla-2025-11-12-a-las-1.09.59-p.-m.png","width":1818,"height":1000},{"@type":"BreadcrumbList","@id":"https:\/\/www.revistalogistec.com\/index.php\/2020\/06\/23\/adelantandonos-a-los-desafios-de-la-cadena-de-suministro-del-futuro-capitulo-ii-2\/#breadcrumb","itemListElement":[{"@type":"ListItem","position":1,"name":"Portada","item":"https:\/\/www.revistalogistec.com\/"},{"@type":"ListItem","position":2,"name":"WEBINAR DE PROVEEDORES CAP\u00cdTULO II"}]},{"@type":"WebSite","@id":"https:\/\/www.revistalogistec.com\/#website","url":"https:\/\/www.revistalogistec.com\/","name":"Revista Logistec","description":"","potentialAction":[{"@type":"SearchAction","target":{"@type":"EntryPoint","urlTemplate":"https:\/\/www.revistalogistec.com\/?s={search_term_string}"},"query-input":{"@type":"PropertyValueSpecification","valueRequired":true,"valueName":"search_term_string"}}],"inLanguage":"es"},{"@type":"Person","@id":"https:\/\/www.revistalogistec.com\/#\/schema\/person\/b25cced65507282f3fc6eb806b1db4f0","name":"admin","image":{"@type":"ImageObject","inLanguage":"es","@id":"https:\/\/secure.gravatar.com\/avatar\/94631f712dee24b50f2f12a7caf62df22b2c346945fcff655ce85b674bebf6fd?s=96&d=mm&r=g","url":"https:\/\/secure.gravatar.com\/avatar\/94631f712dee24b50f2f12a7caf62df22b2c346945fcff655ce85b674bebf6fd?s=96&d=mm&r=g","contentUrl":"https:\/\/secure.gravatar.com\/avatar\/94631f712dee24b50f2f12a7caf62df22b2c346945fcff655ce85b674bebf6fd?s=96&d=mm&r=g","caption":"admin"},"sameAs":["https:\/\/www.revistalogistec.com"],"url":"https:\/\/www.revistalogistec.com\/index.php\/author\/admin_revlog\/"}]}},"_links":{"self":[{"href":"https:\/\/www.revistalogistec.com\/index.php\/wp-json\/wp\/v2\/posts\/2483","targetHints":{"allow":["GET"]}}],"collection":[{"href":"https:\/\/www.revistalogistec.com\/index.php\/wp-json\/wp\/v2\/posts"}],"about":[{"href":"https:\/\/www.revistalogistec.com\/index.php\/wp-json\/wp\/v2\/types\/post"}],"author":[{"embeddable":true,"href":"https:\/\/www.revistalogistec.com\/index.php\/wp-json\/wp\/v2\/users\/1"}],"replies":[{"embeddable":true,"href":"https:\/\/www.revistalogistec.com\/index.php\/wp-json\/wp\/v2\/comments?post=2483"}],"version-history":[{"count":0,"href":"https:\/\/www.revistalogistec.com\/index.php\/wp-json\/wp\/v2\/posts\/2483\/revisions"}],"wp:featuredmedia":[{"embeddable":true,"href":"https:\/\/www.revistalogistec.com\/index.php\/wp-json\/wp\/v2\/media\/27482"}],"wp:attachment":[{"href":"https:\/\/www.revistalogistec.com\/index.php\/wp-json\/wp\/v2\/media?parent=2483"}],"wp:term":[{"taxonomy":"category","embeddable":true,"href":"https:\/\/www.revistalogistec.com\/index.php\/wp-json\/wp\/v2\/categories?post=2483"},{"taxonomy":"post_tag","embeddable":true,"href":"https:\/\/www.revistalogistec.com\/index.php\/wp-json\/wp\/v2\/tags?post=2483"}],"curies":[{"name":"wp","href":"https:\/\/api.w.org\/{rel}","templated":true}]}}