{"id":2644,"date":"2020-07-13T16:55:07","date_gmt":"2020-07-13T16:55:07","guid":{"rendered":"https:\/\/www.revistalogistec.com\/index.php\/2020\/07\/13\/traslado-a-centros-logisticos-propios-provoco-aumento-de-la-vacancia-en-el-mercado-industrial\/"},"modified":"2025-11-07T13:23:09","modified_gmt":"2025-11-07T17:23:09","slug":"traslado-a-centros-logisticos-propios-provoco-aumento-de-la-vacancia-en-el-mercado-industrial","status":"publish","type":"post","link":"https:\/\/www.revistalogistec.com\/index.php\/2020\/07\/13\/traslado-a-centros-logisticos-propios-provoco-aumento-de-la-vacancia-en-el-mercado-industrial\/","title":{"rendered":"TRASLADO A CENTROS LOG\u00cdSTICOS PROPIOS PROVOC\u00d3 AUMENTO DE LA VACANCIA EN EL MERCADO INDUSTRIAL"},"content":{"rendered":"<p style=\"text-align: justify;\">El informe se\u00f1ala que la vacancia aument\u00f3 de 5,4%, del cuarto trimestre de 2019, a un 10,2% al terminar el primer semestre de este a\u00f1o. Las condiciones actuales del mercado sumado a una baja producci\u00f3n provocar\u00edan que la vacancia, al t\u00e9rmino del segundo semestre, se ubique entre 9% y 11% (base), dentro de niveles estables.<\/p>\n<p style=\"text-align: justify;\">La firma especializada en servicios inmobiliarios, JLL, registr\u00f3 en el primer semestre del 2020 una producci\u00f3n de 83.400 m\u00b2 de bodegas clase A y B, principalmente en el submercado Poniente (con casi 65.000 m\u00b2). En esta \u00e1rea se arrend\u00f3 cerca de un 60% al cierre del semestre. Esto representa un crecimiento del 2,4% del stock total en relaci\u00f3n con el trimestre anterior.<\/p>\n<p style=\"text-align: justify;\">De esta manera, el primer semestre de 2020 cerr\u00f3 con una vacancia total de 10,2%, lo que corresponde a 360.500 m\u00b2 disponibles, de los 3.536.000 m\u00b2 del stock total en el Gran Santiago. Esto implica un aumento de 4,8 puntos porcentuales de vacancia semestre contra semestre.<\/p>\n<p style=\"text-align: justify;\">\u201cEl aumento de la vacancia se debe principalmente al t\u00e9rmino de contratos por importantes superficies de metros cuadrados los que se trasladaron a centros de distribuci\u00f3n propios, lo que explica en un 70% el efecto\u201d, coment\u00f3 Felipe Bertolino, Research Consultant de JLL Chile, algo que no se hab\u00eda observado en semejante magnitud en un solo periodo. Un ejemplo de lo anterior es el caso de Walmart, que se traslad\u00f3 a San Bernardo donde desarroll\u00f3 su propio Centro de Distribuci\u00f3n se ubica su nuevo centro de distribuci\u00f3n El Pe\u00f1\u00f3n.<\/p>\n<p style=\"text-align: justify;\">Por otro lado, Bertolino indic\u00f3 que no hay una relaci\u00f3n directa entre el porcentaje de aumento de la venta online con el porcentaje de demanda por superficie de bodegas, debido a que los procesos operacionales de venta se van haciendo m\u00e1s eficientes, sobre todo en el corto plazo, debido a que tambi\u00e9n depende de otras variables, como los canales de venta que tengan las empresas usuarias de estos centros de bodegas. Adem\u00e1s, tambi\u00e9n es posible adaptar los procesos operacionales de venta y hacerlos m\u00e1s eficientes, porque \u201cuna empresa que ya tiene el canal de venta online abierto, y la estructura necesaria, puede tener una rotaci\u00f3n mayor de inventario sin tener que recurrir necesariamente a una mayor cantidad de metros cuadrados en el corto plazo\u201d.<\/p>\n<p style=\"text-align: justify;\">Final del 2020<\/p>\n<p style=\"text-align: justify;\">Para el segundo semestre, el experto estima que la producci\u00f3n se ubicar\u00eda en torno a los 30.000 m\u00b2, por debajo de los 66.600 m\u00b2 que se proyectaban al t\u00e9rmino del a\u00f1o pasado, principalmente debido a la postergaci\u00f3n del desarrollo de algunas etapas.&nbsp;\u201cPor otro lado, no se esperan m\u00e1s movimientos de empresas a centros de distribuci\u00f3n propios por grandes superficies, como los registrados en este periodo\u201d.&nbsp;As\u00ed, JLL prev\u00e9 que la vacancia podr\u00eda ubicarse entre 9% (optimista) y 11% (base), dentro de niveles estables, lo que estar\u00eda influenciado por la condici\u00f3n actual del mercado y la baja producci\u00f3n comentada anteriormente.<\/p>\n<p style=\"text-align: justify;\">Sobre JLL<\/p>\n<p style=\"text-align: justify;\">JLL (NYSE: JLL) JLL (NYSE: JLL) es una firma global de servicios profesionales que se especializa en bienes ra\u00edces y gesti\u00f3n de inversiones inmobiliarias. Se dedican a comprar, construir, ocupar e invertir en una variedad de activos, incluyendo bienes ra\u00edces industriales, comerciales y minoristas.&nbsp;En 2019, JLL tuvo ingresos por US$ 18 mil millones por ventas, adquisiciones y transacciones. Tiene cerca de 300 oficinas corporativas, operaciones en m\u00e1s de 80 pa\u00edses y una fuerza laboral global de m\u00e1s de 93.000 personas. JLL es el nombre comercial, y una marca registrada, de Jones Lang LaSalle Incorporated.<\/p>\n","protected":false},"excerpt":{"rendered":"<p style=\"text-align: justify;\">El informe se\u00f1ala que la vacancia aument\u00f3 de 5,4%, del cuarto trimestre de 2019, a un 10,2% al terminar el primer semestre de este a\u00f1o. Las condiciones actuales del mercado sumado a una baja producci\u00f3n provocar\u00edan que la vacancia, al t\u00e9rmino del segundo semestre, se ubique entre 9% y 11% (base), dentro de niveles estables.<\/p>\n","protected":false},"author":1,"featured_media":2640,"comment_status":"open","ping_status":"open","sticky":false,"template":"","format":"standard","meta":{"_acf_changed":false,"jnews-multi-image_gallery":[],"jnews_single_post":[],"jnews_primary_category":[],"jnews_social_meta":[],"jnews_override_counter":[],"footnotes":""},"categories":[164],"tags":[],"class_list":["post-2644","post","type-post","status-publish","format-standard","has-post-thumbnail","hentry","category-noticias-clientes"],"acf":[],"yoast_head":"<!-- This site is optimized with the Yoast SEO plugin v27.2 - https:\/\/yoast.com\/product\/yoast-seo-wordpress\/ -->\n<title>TRASLADO A CENTROS LOG\u00cdSTICOS PROPIOS PROVOC\u00d3 AUMENTO DE LA VACANCIA EN EL MERCADO INDUSTRIAL - Revista Logistec<\/title>\n<meta name=\"robots\" content=\"index, follow, max-snippet:-1, max-image-preview:large, max-video-preview:-1\" \/>\n<link rel=\"canonical\" href=\"https:\/\/www.revistalogistec.com\/index.php\/2020\/07\/13\/traslado-a-centros-logisticos-propios-provoco-aumento-de-la-vacancia-en-el-mercado-industrial\/\" \/>\n<meta property=\"og:locale\" content=\"es_ES\" \/>\n<meta property=\"og:type\" content=\"article\" \/>\n<meta property=\"og:title\" content=\"TRASLADO A CENTROS LOG\u00cdSTICOS PROPIOS PROVOC\u00d3 AUMENTO DE LA VACANCIA EN EL MERCADO INDUSTRIAL - Revista Logistec\" \/>\n<meta property=\"og:description\" content=\"El informe se\u00f1ala que la vacancia aument\u00f3 de 5,4%, del cuarto trimestre de 2019, a un 10,2% al terminar el primer semestre de este a\u00f1o. Las condiciones actuales del mercado sumado a una baja producci\u00f3n provocar\u00edan que la vacancia, al t\u00e9rmino del segundo semestre, se ubique entre 9% y 11% (base), dentro de niveles estables.\" \/>\n<meta property=\"og:url\" content=\"https:\/\/www.revistalogistec.com\/index.php\/2020\/07\/13\/traslado-a-centros-logisticos-propios-provoco-aumento-de-la-vacancia-en-el-mercado-industrial\/\" \/>\n<meta property=\"og:site_name\" content=\"Revista Logistec\" \/>\n<meta property=\"article:published_time\" content=\"2020-07-13T16:55:07+00:00\" \/>\n<meta property=\"article:modified_time\" content=\"2025-11-07T17:23:09+00:00\" \/>\n<meta property=\"og:image\" content=\"https:\/\/www.revistalogistec.com\/wp-content\/uploads\/2020\/07\/Foto-1.jpg\" \/>\n\t<meta property=\"og:image:width\" content=\"850\" \/>\n\t<meta property=\"og:image:height\" content=\"567\" \/>\n\t<meta property=\"og:image:type\" content=\"image\/jpeg\" \/>\n<meta name=\"author\" content=\"admin\" \/>\n<meta name=\"twitter:card\" content=\"summary_large_image\" \/>\n<meta name=\"twitter:label1\" content=\"Escrito por\" \/>\n\t<meta name=\"twitter:data1\" content=\"admin\" \/>\n\t<meta name=\"twitter:label2\" content=\"Tiempo de lectura\" \/>\n\t<meta name=\"twitter:data2\" content=\"3 minutos\" \/>\n<script type=\"application\/ld+json\" class=\"yoast-schema-graph\">{\"@context\":\"https:\/\/schema.org\",\"@graph\":[{\"@type\":\"Article\",\"@id\":\"https:\/\/www.revistalogistec.com\/index.php\/2020\/07\/13\/traslado-a-centros-logisticos-propios-provoco-aumento-de-la-vacancia-en-el-mercado-industrial\/#article\",\"isPartOf\":{\"@id\":\"https:\/\/www.revistalogistec.com\/index.php\/2020\/07\/13\/traslado-a-centros-logisticos-propios-provoco-aumento-de-la-vacancia-en-el-mercado-industrial\/\"},\"author\":{\"name\":\"admin\",\"@id\":\"https:\/\/www.revistalogistec.com\/#\/schema\/person\/b25cced65507282f3fc6eb806b1db4f0\"},\"headline\":\"TRASLADO A CENTROS LOG\u00cdSTICOS PROPIOS PROVOC\u00d3 AUMENTO DE LA VACANCIA EN EL MERCADO INDUSTRIAL\",\"datePublished\":\"2020-07-13T16:55:07+00:00\",\"dateModified\":\"2025-11-07T17:23:09+00:00\",\"mainEntityOfPage\":{\"@id\":\"https:\/\/www.revistalogistec.com\/index.php\/2020\/07\/13\/traslado-a-centros-logisticos-propios-provoco-aumento-de-la-vacancia-en-el-mercado-industrial\/\"},\"wordCount\":604,\"commentCount\":0,\"image\":{\"@id\":\"https:\/\/www.revistalogistec.com\/index.php\/2020\/07\/13\/traslado-a-centros-logisticos-propios-provoco-aumento-de-la-vacancia-en-el-mercado-industrial\/#primaryimage\"},\"thumbnailUrl\":\"https:\/\/www.revistalogistec.com\/wp-content\/uploads\/2020\/07\/Foto-1.jpg\",\"articleSection\":[\"NOTICIAS CLIENTES\"],\"inLanguage\":\"es\"},{\"@type\":\"WebPage\",\"@id\":\"https:\/\/www.revistalogistec.com\/index.php\/2020\/07\/13\/traslado-a-centros-logisticos-propios-provoco-aumento-de-la-vacancia-en-el-mercado-industrial\/\",\"url\":\"https:\/\/www.revistalogistec.com\/index.php\/2020\/07\/13\/traslado-a-centros-logisticos-propios-provoco-aumento-de-la-vacancia-en-el-mercado-industrial\/\",\"name\":\"TRASLADO A CENTROS LOG\u00cdSTICOS PROPIOS PROVOC\u00d3 AUMENTO DE LA VACANCIA EN EL MERCADO INDUSTRIAL - Revista Logistec\",\"isPartOf\":{\"@id\":\"https:\/\/www.revistalogistec.com\/#website\"},\"primaryImageOfPage\":{\"@id\":\"https:\/\/www.revistalogistec.com\/index.php\/2020\/07\/13\/traslado-a-centros-logisticos-propios-provoco-aumento-de-la-vacancia-en-el-mercado-industrial\/#primaryimage\"},\"image\":{\"@id\":\"https:\/\/www.revistalogistec.com\/index.php\/2020\/07\/13\/traslado-a-centros-logisticos-propios-provoco-aumento-de-la-vacancia-en-el-mercado-industrial\/#primaryimage\"},\"thumbnailUrl\":\"https:\/\/www.revistalogistec.com\/wp-content\/uploads\/2020\/07\/Foto-1.jpg\",\"datePublished\":\"2020-07-13T16:55:07+00:00\",\"dateModified\":\"2025-11-07T17:23:09+00:00\",\"author\":{\"@id\":\"https:\/\/www.revistalogistec.com\/#\/schema\/person\/b25cced65507282f3fc6eb806b1db4f0\"},\"breadcrumb\":{\"@id\":\"https:\/\/www.revistalogistec.com\/index.php\/2020\/07\/13\/traslado-a-centros-logisticos-propios-provoco-aumento-de-la-vacancia-en-el-mercado-industrial\/#breadcrumb\"},\"inLanguage\":\"es\",\"potentialAction\":[{\"@type\":\"ReadAction\",\"target\":[\"https:\/\/www.revistalogistec.com\/index.php\/2020\/07\/13\/traslado-a-centros-logisticos-propios-provoco-aumento-de-la-vacancia-en-el-mercado-industrial\/\"]}]},{\"@type\":\"ImageObject\",\"inLanguage\":\"es\",\"@id\":\"https:\/\/www.revistalogistec.com\/index.php\/2020\/07\/13\/traslado-a-centros-logisticos-propios-provoco-aumento-de-la-vacancia-en-el-mercado-industrial\/#primaryimage\",\"url\":\"https:\/\/www.revistalogistec.com\/wp-content\/uploads\/2020\/07\/Foto-1.jpg\",\"contentUrl\":\"https:\/\/www.revistalogistec.com\/wp-content\/uploads\/2020\/07\/Foto-1.jpg\",\"width\":850,\"height\":567},{\"@type\":\"BreadcrumbList\",\"@id\":\"https:\/\/www.revistalogistec.com\/index.php\/2020\/07\/13\/traslado-a-centros-logisticos-propios-provoco-aumento-de-la-vacancia-en-el-mercado-industrial\/#breadcrumb\",\"itemListElement\":[{\"@type\":\"ListItem\",\"position\":1,\"name\":\"Portada\",\"item\":\"https:\/\/www.revistalogistec.com\/\"},{\"@type\":\"ListItem\",\"position\":2,\"name\":\"TRASLADO A CENTROS LOG\u00cdSTICOS PROPIOS PROVOC\u00d3 AUMENTO DE LA VACANCIA EN EL MERCADO INDUSTRIAL\"}]},{\"@type\":\"WebSite\",\"@id\":\"https:\/\/www.revistalogistec.com\/#website\",\"url\":\"https:\/\/www.revistalogistec.com\/\",\"name\":\"Revista Logistec\",\"description\":\"\",\"potentialAction\":[{\"@type\":\"SearchAction\",\"target\":{\"@type\":\"EntryPoint\",\"urlTemplate\":\"https:\/\/www.revistalogistec.com\/?s={search_term_string}\"},\"query-input\":{\"@type\":\"PropertyValueSpecification\",\"valueRequired\":true,\"valueName\":\"search_term_string\"}}],\"inLanguage\":\"es\"},{\"@type\":\"Person\",\"@id\":\"https:\/\/www.revistalogistec.com\/#\/schema\/person\/b25cced65507282f3fc6eb806b1db4f0\",\"name\":\"admin\",\"image\":{\"@type\":\"ImageObject\",\"inLanguage\":\"es\",\"@id\":\"https:\/\/secure.gravatar.com\/avatar\/94631f712dee24b50f2f12a7caf62df22b2c346945fcff655ce85b674bebf6fd?s=96&d=mm&r=g\",\"url\":\"https:\/\/secure.gravatar.com\/avatar\/94631f712dee24b50f2f12a7caf62df22b2c346945fcff655ce85b674bebf6fd?s=96&d=mm&r=g\",\"contentUrl\":\"https:\/\/secure.gravatar.com\/avatar\/94631f712dee24b50f2f12a7caf62df22b2c346945fcff655ce85b674bebf6fd?s=96&d=mm&r=g\",\"caption\":\"admin\"},\"sameAs\":[\"https:\/\/www.revistalogistec.com\"],\"url\":\"https:\/\/www.revistalogistec.com\/index.php\/author\/admin_revlog\/\"}]}<\/script>\n<!-- \/ Yoast SEO plugin. -->","yoast_head_json":{"title":"TRASLADO A CENTROS LOG\u00cdSTICOS PROPIOS PROVOC\u00d3 AUMENTO DE LA VACANCIA EN EL MERCADO INDUSTRIAL - Revista Logistec","robots":{"index":"index","follow":"follow","max-snippet":"max-snippet:-1","max-image-preview":"max-image-preview:large","max-video-preview":"max-video-preview:-1"},"canonical":"https:\/\/www.revistalogistec.com\/index.php\/2020\/07\/13\/traslado-a-centros-logisticos-propios-provoco-aumento-de-la-vacancia-en-el-mercado-industrial\/","og_locale":"es_ES","og_type":"article","og_title":"TRASLADO A CENTROS LOG\u00cdSTICOS PROPIOS PROVOC\u00d3 AUMENTO DE LA VACANCIA EN EL MERCADO INDUSTRIAL - Revista Logistec","og_description":"El informe se\u00f1ala que la vacancia aument\u00f3 de 5,4%, del cuarto trimestre de 2019, a un 10,2% al terminar el primer semestre de este a\u00f1o. Las condiciones actuales del mercado sumado a una baja producci\u00f3n provocar\u00edan que la vacancia, al t\u00e9rmino del segundo semestre, se ubique entre 9% y 11% (base), dentro de niveles estables.","og_url":"https:\/\/www.revistalogistec.com\/index.php\/2020\/07\/13\/traslado-a-centros-logisticos-propios-provoco-aumento-de-la-vacancia-en-el-mercado-industrial\/","og_site_name":"Revista Logistec","article_published_time":"2020-07-13T16:55:07+00:00","article_modified_time":"2025-11-07T17:23:09+00:00","og_image":[{"width":850,"height":567,"url":"https:\/\/www.revistalogistec.com\/wp-content\/uploads\/2020\/07\/Foto-1.jpg","type":"image\/jpeg"}],"author":"admin","twitter_card":"summary_large_image","twitter_misc":{"Escrito por":"admin","Tiempo de lectura":"3 minutos"},"schema":{"@context":"https:\/\/schema.org","@graph":[{"@type":"Article","@id":"https:\/\/www.revistalogistec.com\/index.php\/2020\/07\/13\/traslado-a-centros-logisticos-propios-provoco-aumento-de-la-vacancia-en-el-mercado-industrial\/#article","isPartOf":{"@id":"https:\/\/www.revistalogistec.com\/index.php\/2020\/07\/13\/traslado-a-centros-logisticos-propios-provoco-aumento-de-la-vacancia-en-el-mercado-industrial\/"},"author":{"name":"admin","@id":"https:\/\/www.revistalogistec.com\/#\/schema\/person\/b25cced65507282f3fc6eb806b1db4f0"},"headline":"TRASLADO A CENTROS LOG\u00cdSTICOS PROPIOS PROVOC\u00d3 AUMENTO DE LA VACANCIA EN EL MERCADO INDUSTRIAL","datePublished":"2020-07-13T16:55:07+00:00","dateModified":"2025-11-07T17:23:09+00:00","mainEntityOfPage":{"@id":"https:\/\/www.revistalogistec.com\/index.php\/2020\/07\/13\/traslado-a-centros-logisticos-propios-provoco-aumento-de-la-vacancia-en-el-mercado-industrial\/"},"wordCount":604,"commentCount":0,"image":{"@id":"https:\/\/www.revistalogistec.com\/index.php\/2020\/07\/13\/traslado-a-centros-logisticos-propios-provoco-aumento-de-la-vacancia-en-el-mercado-industrial\/#primaryimage"},"thumbnailUrl":"https:\/\/www.revistalogistec.com\/wp-content\/uploads\/2020\/07\/Foto-1.jpg","articleSection":["NOTICIAS CLIENTES"],"inLanguage":"es"},{"@type":"WebPage","@id":"https:\/\/www.revistalogistec.com\/index.php\/2020\/07\/13\/traslado-a-centros-logisticos-propios-provoco-aumento-de-la-vacancia-en-el-mercado-industrial\/","url":"https:\/\/www.revistalogistec.com\/index.php\/2020\/07\/13\/traslado-a-centros-logisticos-propios-provoco-aumento-de-la-vacancia-en-el-mercado-industrial\/","name":"TRASLADO A CENTROS LOG\u00cdSTICOS PROPIOS PROVOC\u00d3 AUMENTO DE LA VACANCIA EN EL MERCADO INDUSTRIAL - Revista Logistec","isPartOf":{"@id":"https:\/\/www.revistalogistec.com\/#website"},"primaryImageOfPage":{"@id":"https:\/\/www.revistalogistec.com\/index.php\/2020\/07\/13\/traslado-a-centros-logisticos-propios-provoco-aumento-de-la-vacancia-en-el-mercado-industrial\/#primaryimage"},"image":{"@id":"https:\/\/www.revistalogistec.com\/index.php\/2020\/07\/13\/traslado-a-centros-logisticos-propios-provoco-aumento-de-la-vacancia-en-el-mercado-industrial\/#primaryimage"},"thumbnailUrl":"https:\/\/www.revistalogistec.com\/wp-content\/uploads\/2020\/07\/Foto-1.jpg","datePublished":"2020-07-13T16:55:07+00:00","dateModified":"2025-11-07T17:23:09+00:00","author":{"@id":"https:\/\/www.revistalogistec.com\/#\/schema\/person\/b25cced65507282f3fc6eb806b1db4f0"},"breadcrumb":{"@id":"https:\/\/www.revistalogistec.com\/index.php\/2020\/07\/13\/traslado-a-centros-logisticos-propios-provoco-aumento-de-la-vacancia-en-el-mercado-industrial\/#breadcrumb"},"inLanguage":"es","potentialAction":[{"@type":"ReadAction","target":["https:\/\/www.revistalogistec.com\/index.php\/2020\/07\/13\/traslado-a-centros-logisticos-propios-provoco-aumento-de-la-vacancia-en-el-mercado-industrial\/"]}]},{"@type":"ImageObject","inLanguage":"es","@id":"https:\/\/www.revistalogistec.com\/index.php\/2020\/07\/13\/traslado-a-centros-logisticos-propios-provoco-aumento-de-la-vacancia-en-el-mercado-industrial\/#primaryimage","url":"https:\/\/www.revistalogistec.com\/wp-content\/uploads\/2020\/07\/Foto-1.jpg","contentUrl":"https:\/\/www.revistalogistec.com\/wp-content\/uploads\/2020\/07\/Foto-1.jpg","width":850,"height":567},{"@type":"BreadcrumbList","@id":"https:\/\/www.revistalogistec.com\/index.php\/2020\/07\/13\/traslado-a-centros-logisticos-propios-provoco-aumento-de-la-vacancia-en-el-mercado-industrial\/#breadcrumb","itemListElement":[{"@type":"ListItem","position":1,"name":"Portada","item":"https:\/\/www.revistalogistec.com\/"},{"@type":"ListItem","position":2,"name":"TRASLADO A CENTROS LOG\u00cdSTICOS PROPIOS PROVOC\u00d3 AUMENTO DE LA VACANCIA EN EL MERCADO INDUSTRIAL"}]},{"@type":"WebSite","@id":"https:\/\/www.revistalogistec.com\/#website","url":"https:\/\/www.revistalogistec.com\/","name":"Revista Logistec","description":"","potentialAction":[{"@type":"SearchAction","target":{"@type":"EntryPoint","urlTemplate":"https:\/\/www.revistalogistec.com\/?s={search_term_string}"},"query-input":{"@type":"PropertyValueSpecification","valueRequired":true,"valueName":"search_term_string"}}],"inLanguage":"es"},{"@type":"Person","@id":"https:\/\/www.revistalogistec.com\/#\/schema\/person\/b25cced65507282f3fc6eb806b1db4f0","name":"admin","image":{"@type":"ImageObject","inLanguage":"es","@id":"https:\/\/secure.gravatar.com\/avatar\/94631f712dee24b50f2f12a7caf62df22b2c346945fcff655ce85b674bebf6fd?s=96&d=mm&r=g","url":"https:\/\/secure.gravatar.com\/avatar\/94631f712dee24b50f2f12a7caf62df22b2c346945fcff655ce85b674bebf6fd?s=96&d=mm&r=g","contentUrl":"https:\/\/secure.gravatar.com\/avatar\/94631f712dee24b50f2f12a7caf62df22b2c346945fcff655ce85b674bebf6fd?s=96&d=mm&r=g","caption":"admin"},"sameAs":["https:\/\/www.revistalogistec.com"],"url":"https:\/\/www.revistalogistec.com\/index.php\/author\/admin_revlog\/"}]}},"_links":{"self":[{"href":"https:\/\/www.revistalogistec.com\/index.php\/wp-json\/wp\/v2\/posts\/2644","targetHints":{"allow":["GET"]}}],"collection":[{"href":"https:\/\/www.revistalogistec.com\/index.php\/wp-json\/wp\/v2\/posts"}],"about":[{"href":"https:\/\/www.revistalogistec.com\/index.php\/wp-json\/wp\/v2\/types\/post"}],"author":[{"embeddable":true,"href":"https:\/\/www.revistalogistec.com\/index.php\/wp-json\/wp\/v2\/users\/1"}],"replies":[{"embeddable":true,"href":"https:\/\/www.revistalogistec.com\/index.php\/wp-json\/wp\/v2\/comments?post=2644"}],"version-history":[{"count":0,"href":"https:\/\/www.revistalogistec.com\/index.php\/wp-json\/wp\/v2\/posts\/2644\/revisions"}],"wp:featuredmedia":[{"embeddable":true,"href":"https:\/\/www.revistalogistec.com\/index.php\/wp-json\/wp\/v2\/media\/2640"}],"wp:attachment":[{"href":"https:\/\/www.revistalogistec.com\/index.php\/wp-json\/wp\/v2\/media?parent=2644"}],"wp:term":[{"taxonomy":"category","embeddable":true,"href":"https:\/\/www.revistalogistec.com\/index.php\/wp-json\/wp\/v2\/categories?post=2644"},{"taxonomy":"post_tag","embeddable":true,"href":"https:\/\/www.revistalogistec.com\/index.php\/wp-json\/wp\/v2\/tags?post=2644"}],"curies":[{"name":"wp","href":"https:\/\/api.w.org\/{rel}","templated":true}]}}