{"id":2677,"date":"2020-07-17T16:18:35","date_gmt":"2020-07-17T16:18:35","guid":{"rendered":"https:\/\/www.revistalogistec.com\/index.php\/2020\/07\/17\/minoristas-responden-ligeramente-mejor-a-las-disminuciones-de-la-demanda-que-a-los-aumentos\/"},"modified":"2020-07-17T16:18:35","modified_gmt":"2020-07-17T16:18:35","slug":"minoristas-responden-ligeramente-mejor-a-las-disminuciones-de-la-demanda-que-a-los-aumentos","status":"publish","type":"post","link":"https:\/\/www.revistalogistec.com\/index.php\/2020\/07\/17\/minoristas-responden-ligeramente-mejor-a-las-disminuciones-de-la-demanda-que-a-los-aumentos\/","title":{"rendered":"MINORISTAS RESPONDEN LIGERAMENTE MEJOR A LAS DISMINUCIONES DE LA DEMANDA QUE A LOS AUMENTOS"},"content":{"rendered":"<p style=\"text-align: justify;\">\u00bfC\u00f3mo han respondido los minoristas a la pandemia de COVID-19? Un nuevo estudio realizado por la Universidad de Warwick, del Reino Unido, y Blue Yonder, empresa que entrega soluciones de cumplimiento digital a m\u00e1s del 70% de los principales fabricantes, minoristas y empresas log\u00edsticas del mundo, identific\u00f3 las vulnerabilidades humanas en toda la cadena de suministro y la necesidad de futuras inversiones en flexibilidad, visibilidad y automatizaci\u00f3n para mejorar la capacidad de recuperaci\u00f3n futura.<\/p>\n<p style=\"text-align: justify;\">La encuesta dirigida a altos ejecutivos de cadenas de suministro minoristas en Europa, Asia y Am\u00e9rica, dio como resultado 105 respuestas recibidas con una distribuci\u00f3n relativamente parecida en todas las regiones.<\/p>\n<p style=\"text-align: justify;\">Sus respuestas revelan que han experimentado una combinaci\u00f3n de demanda sin precedentes para algunos productos en particular, mientras que -en contraste-, no hay demanda para otros. Adem\u00e1s, muchas tiendas se han visto obligadas a cerrar o adaptar sus operaciones para acomodar el distanciamiento social; y el fuerte aumento de compras en l\u00ednea presenta sus particulares dificultades y desaf\u00edos operativos.<\/p>\n<p style=\"text-align: justify;\">Hallazgos clave del estudio<\/p>\n<p style=\"text-align: justify;\">Intervenci\u00f3n manual. Seg\u00fan el estudio de la Universidad de Warwick y Blue Yonder, la mayor\u00eda (61%) de los minoristas utilizaron el inventario para amortiguar la interrupci\u00f3n de COVID-19. Los procesos y sistemas de la cadena de suministro fueron efectivos, pero m\u00e1s de la mitad (58%) de los minoristas dijeron que se requer\u00eda un alto grado de intervenci\u00f3n manual para responder a la fluctuaci\u00f3n de la demanda y la oferta.<\/p>\n<p style=\"text-align: justify;\">En contraste, solo un poco m\u00e1s de una cuarta parte (29%) de los minoristas depend\u00eda de proveedores con redes de fabricaci\u00f3n y distribuci\u00f3n m\u00e1s \u00e1giles, lo que es una respuesta potencialmente m\u00e1s eficiente y con mayor capacidad de recuperaci\u00f3n de recursos.<\/p>\n<p style=\"text-align: justify;\">Las fluctuaci\u00f3n o vaivenes de la demanda afectaron a alrededor del 75% al 80% de los productos, y los minoristas -se\u00f1alan- respondieron ligeramente mejor a las disminuciones que a los aumentos de la demanda. <\/p>\n<p style=\"text-align: justify;\">Problemas con la fuerza laboral. Un problema dominante para los minoristas, principalmente operadores de almacenes, se centr\u00f3 en los problemas con la fuerza laboral (59%); en efecto, el 48% de los establecimientos operativos se vieron afectados por cuarentena o enfermedad. Esto a menudo result\u00f3 en el cierre de las operaciones en l\u00ednea y la necesidad de contratar personal temporal. <\/p>\n<p style=\"text-align: justify;\">Pagos a proveedores. Frente a todo lo sucedido, la cadena de pago tambi\u00e9n se ha visto alterada para los minoristas: el pago a proveedores ha tenido un 37% de retraso, aunque por contraste existe un 30% en pagos anticipados. <\/p>\n<p style=\"text-align: justify;\">&nbsp;<\/p>\n","protected":false},"excerpt":{"rendered":"<p style=\"text-align: justify;\">\u00bfC\u00f3mo han respondido los minoristas a la pandemia de COVID-19? Un nuevo estudio realizado por la Universidad de Warwick, del Reino Unido, y Blue Yonder, empresa que entrega soluciones de cumplimiento digital a m\u00e1s del 70% de los principales fabricantes, minoristas y empresas log\u00edsticas del mundo, identific\u00f3 las vulnerabilidades humanas en toda la cadena de suministro y la necesidad de futuras inversiones en flexibilidad, visibilidad y automatizaci\u00f3n para mejorar la capacidad de recuperaci\u00f3n futura.<\/p>\n","protected":false},"author":1,"featured_media":2676,"comment_status":"open","ping_status":"open","sticky":false,"template":"","format":"standard","meta":{"_acf_changed":false,"jnews-multi-image_gallery":[],"jnews_single_post":[],"jnews_primary_category":[],"jnews_social_meta":[],"jnews_override_counter":[],"footnotes":""},"categories":[12],"tags":[],"class_list":["post-2677","post","type-post","status-publish","format-standard","has-post-thumbnail","hentry","category-noticias-industria"],"acf":[],"yoast_head":"<!-- This site is optimized with the Yoast SEO plugin v27.2 - https:\/\/yoast.com\/product\/yoast-seo-wordpress\/ -->\n<title>MINORISTAS RESPONDEN LIGERAMENTE MEJOR A LAS DISMINUCIONES DE LA DEMANDA QUE A LOS AUMENTOS - Revista Logistec<\/title>\n<meta name=\"robots\" content=\"index, follow, max-snippet:-1, max-image-preview:large, max-video-preview:-1\" \/>\n<link rel=\"canonical\" href=\"https:\/\/www.revistalogistec.com\/index.php\/2020\/07\/17\/minoristas-responden-ligeramente-mejor-a-las-disminuciones-de-la-demanda-que-a-los-aumentos\/\" \/>\n<meta property=\"og:locale\" content=\"es_ES\" \/>\n<meta property=\"og:type\" content=\"article\" \/>\n<meta property=\"og:title\" content=\"MINORISTAS RESPONDEN LIGERAMENTE MEJOR A LAS DISMINUCIONES DE LA DEMANDA QUE A LOS AUMENTOS - Revista Logistec\" \/>\n<meta property=\"og:description\" content=\"\u00bfC\u00f3mo han respondido los minoristas a la pandemia de COVID-19? Un nuevo estudio realizado por la Universidad de Warwick, del Reino Unido, y Blue Yonder, empresa que entrega soluciones de cumplimiento digital a m\u00e1s del 70% de los principales fabricantes, minoristas y empresas log\u00edsticas del mundo, identific\u00f3 las vulnerabilidades humanas en toda la cadena de suministro y la necesidad de futuras inversiones en flexibilidad, visibilidad y automatizaci\u00f3n para mejorar la capacidad de recuperaci\u00f3n futura.\" \/>\n<meta property=\"og:url\" content=\"https:\/\/www.revistalogistec.com\/index.php\/2020\/07\/17\/minoristas-responden-ligeramente-mejor-a-las-disminuciones-de-la-demanda-que-a-los-aumentos\/\" \/>\n<meta property=\"og:site_name\" content=\"Revista Logistec\" \/>\n<meta property=\"article:published_time\" content=\"2020-07-17T16:18:35+00:00\" \/>\n<meta property=\"og:image\" content=\"https:\/\/www.revistalogistec.com\/wp-content\/uploads\/2020\/07\/foto-minoristas.jpg\" \/>\n\t<meta property=\"og:image:width\" content=\"850\" \/>\n\t<meta property=\"og:image:height\" content=\"483\" \/>\n\t<meta property=\"og:image:type\" content=\"image\/jpeg\" \/>\n<meta name=\"author\" content=\"admin\" \/>\n<meta name=\"twitter:card\" content=\"summary_large_image\" \/>\n<meta name=\"twitter:label1\" content=\"Escrito por\" \/>\n\t<meta name=\"twitter:data1\" content=\"admin\" \/>\n\t<meta name=\"twitter:label2\" content=\"Tiempo de lectura\" \/>\n\t<meta name=\"twitter:data2\" content=\"2 minutos\" \/>\n<script type=\"application\/ld+json\" class=\"yoast-schema-graph\">{\"@context\":\"https:\/\/schema.org\",\"@graph\":[{\"@type\":\"Article\",\"@id\":\"https:\/\/www.revistalogistec.com\/index.php\/2020\/07\/17\/minoristas-responden-ligeramente-mejor-a-las-disminuciones-de-la-demanda-que-a-los-aumentos\/#article\",\"isPartOf\":{\"@id\":\"https:\/\/www.revistalogistec.com\/index.php\/2020\/07\/17\/minoristas-responden-ligeramente-mejor-a-las-disminuciones-de-la-demanda-que-a-los-aumentos\/\"},\"author\":{\"name\":\"admin\",\"@id\":\"https:\/\/www.revistalogistec.com\/#\/schema\/person\/b25cced65507282f3fc6eb806b1db4f0\"},\"headline\":\"MINORISTAS RESPONDEN LIGERAMENTE MEJOR A LAS DISMINUCIONES DE LA DEMANDA QUE A LOS AUMENTOS\",\"datePublished\":\"2020-07-17T16:18:35+00:00\",\"mainEntityOfPage\":{\"@id\":\"https:\/\/www.revistalogistec.com\/index.php\/2020\/07\/17\/minoristas-responden-ligeramente-mejor-a-las-disminuciones-de-la-demanda-que-a-los-aumentos\/\"},\"wordCount\":444,\"commentCount\":0,\"image\":{\"@id\":\"https:\/\/www.revistalogistec.com\/index.php\/2020\/07\/17\/minoristas-responden-ligeramente-mejor-a-las-disminuciones-de-la-demanda-que-a-los-aumentos\/#primaryimage\"},\"thumbnailUrl\":\"https:\/\/www.revistalogistec.com\/wp-content\/uploads\/2020\/07\/foto-minoristas.jpg\",\"articleSection\":[\"NOTICIAS INDUSTRIA\"],\"inLanguage\":\"es\"},{\"@type\":\"WebPage\",\"@id\":\"https:\/\/www.revistalogistec.com\/index.php\/2020\/07\/17\/minoristas-responden-ligeramente-mejor-a-las-disminuciones-de-la-demanda-que-a-los-aumentos\/\",\"url\":\"https:\/\/www.revistalogistec.com\/index.php\/2020\/07\/17\/minoristas-responden-ligeramente-mejor-a-las-disminuciones-de-la-demanda-que-a-los-aumentos\/\",\"name\":\"MINORISTAS RESPONDEN LIGERAMENTE MEJOR A LAS DISMINUCIONES DE LA DEMANDA QUE A LOS AUMENTOS - Revista Logistec\",\"isPartOf\":{\"@id\":\"https:\/\/www.revistalogistec.com\/#website\"},\"primaryImageOfPage\":{\"@id\":\"https:\/\/www.revistalogistec.com\/index.php\/2020\/07\/17\/minoristas-responden-ligeramente-mejor-a-las-disminuciones-de-la-demanda-que-a-los-aumentos\/#primaryimage\"},\"image\":{\"@id\":\"https:\/\/www.revistalogistec.com\/index.php\/2020\/07\/17\/minoristas-responden-ligeramente-mejor-a-las-disminuciones-de-la-demanda-que-a-los-aumentos\/#primaryimage\"},\"thumbnailUrl\":\"https:\/\/www.revistalogistec.com\/wp-content\/uploads\/2020\/07\/foto-minoristas.jpg\",\"datePublished\":\"2020-07-17T16:18:35+00:00\",\"author\":{\"@id\":\"https:\/\/www.revistalogistec.com\/#\/schema\/person\/b25cced65507282f3fc6eb806b1db4f0\"},\"breadcrumb\":{\"@id\":\"https:\/\/www.revistalogistec.com\/index.php\/2020\/07\/17\/minoristas-responden-ligeramente-mejor-a-las-disminuciones-de-la-demanda-que-a-los-aumentos\/#breadcrumb\"},\"inLanguage\":\"es\",\"potentialAction\":[{\"@type\":\"ReadAction\",\"target\":[\"https:\/\/www.revistalogistec.com\/index.php\/2020\/07\/17\/minoristas-responden-ligeramente-mejor-a-las-disminuciones-de-la-demanda-que-a-los-aumentos\/\"]}]},{\"@type\":\"ImageObject\",\"inLanguage\":\"es\",\"@id\":\"https:\/\/www.revistalogistec.com\/index.php\/2020\/07\/17\/minoristas-responden-ligeramente-mejor-a-las-disminuciones-de-la-demanda-que-a-los-aumentos\/#primaryimage\",\"url\":\"https:\/\/www.revistalogistec.com\/wp-content\/uploads\/2020\/07\/foto-minoristas.jpg\",\"contentUrl\":\"https:\/\/www.revistalogistec.com\/wp-content\/uploads\/2020\/07\/foto-minoristas.jpg\",\"width\":850,\"height\":483},{\"@type\":\"BreadcrumbList\",\"@id\":\"https:\/\/www.revistalogistec.com\/index.php\/2020\/07\/17\/minoristas-responden-ligeramente-mejor-a-las-disminuciones-de-la-demanda-que-a-los-aumentos\/#breadcrumb\",\"itemListElement\":[{\"@type\":\"ListItem\",\"position\":1,\"name\":\"Portada\",\"item\":\"https:\/\/www.revistalogistec.com\/\"},{\"@type\":\"ListItem\",\"position\":2,\"name\":\"MINORISTAS RESPONDEN LIGERAMENTE MEJOR A LAS DISMINUCIONES DE LA DEMANDA QUE A LOS AUMENTOS\"}]},{\"@type\":\"WebSite\",\"@id\":\"https:\/\/www.revistalogistec.com\/#website\",\"url\":\"https:\/\/www.revistalogistec.com\/\",\"name\":\"Revista Logistec\",\"description\":\"\",\"potentialAction\":[{\"@type\":\"SearchAction\",\"target\":{\"@type\":\"EntryPoint\",\"urlTemplate\":\"https:\/\/www.revistalogistec.com\/?s={search_term_string}\"},\"query-input\":{\"@type\":\"PropertyValueSpecification\",\"valueRequired\":true,\"valueName\":\"search_term_string\"}}],\"inLanguage\":\"es\"},{\"@type\":\"Person\",\"@id\":\"https:\/\/www.revistalogistec.com\/#\/schema\/person\/b25cced65507282f3fc6eb806b1db4f0\",\"name\":\"admin\",\"image\":{\"@type\":\"ImageObject\",\"inLanguage\":\"es\",\"@id\":\"https:\/\/secure.gravatar.com\/avatar\/94631f712dee24b50f2f12a7caf62df22b2c346945fcff655ce85b674bebf6fd?s=96&d=mm&r=g\",\"url\":\"https:\/\/secure.gravatar.com\/avatar\/94631f712dee24b50f2f12a7caf62df22b2c346945fcff655ce85b674bebf6fd?s=96&d=mm&r=g\",\"contentUrl\":\"https:\/\/secure.gravatar.com\/avatar\/94631f712dee24b50f2f12a7caf62df22b2c346945fcff655ce85b674bebf6fd?s=96&d=mm&r=g\",\"caption\":\"admin\"},\"sameAs\":[\"https:\/\/www.revistalogistec.com\"],\"url\":\"https:\/\/www.revistalogistec.com\/index.php\/author\/admin_revlog\/\"}]}<\/script>\n<!-- \/ Yoast SEO plugin. -->","yoast_head_json":{"title":"MINORISTAS RESPONDEN LIGERAMENTE MEJOR A LAS DISMINUCIONES DE LA DEMANDA QUE A LOS AUMENTOS - Revista Logistec","robots":{"index":"index","follow":"follow","max-snippet":"max-snippet:-1","max-image-preview":"max-image-preview:large","max-video-preview":"max-video-preview:-1"},"canonical":"https:\/\/www.revistalogistec.com\/index.php\/2020\/07\/17\/minoristas-responden-ligeramente-mejor-a-las-disminuciones-de-la-demanda-que-a-los-aumentos\/","og_locale":"es_ES","og_type":"article","og_title":"MINORISTAS RESPONDEN LIGERAMENTE MEJOR A LAS DISMINUCIONES DE LA DEMANDA QUE A LOS AUMENTOS - Revista Logistec","og_description":"\u00bfC\u00f3mo han respondido los minoristas a la pandemia de COVID-19? Un nuevo estudio realizado por la Universidad de Warwick, del Reino Unido, y Blue Yonder, empresa que entrega soluciones de cumplimiento digital a m\u00e1s del 70% de los principales fabricantes, minoristas y empresas log\u00edsticas del mundo, identific\u00f3 las vulnerabilidades humanas en toda la cadena de suministro y la necesidad de futuras inversiones en flexibilidad, visibilidad y automatizaci\u00f3n para mejorar la capacidad de recuperaci\u00f3n futura.","og_url":"https:\/\/www.revistalogistec.com\/index.php\/2020\/07\/17\/minoristas-responden-ligeramente-mejor-a-las-disminuciones-de-la-demanda-que-a-los-aumentos\/","og_site_name":"Revista Logistec","article_published_time":"2020-07-17T16:18:35+00:00","og_image":[{"width":850,"height":483,"url":"https:\/\/www.revistalogistec.com\/wp-content\/uploads\/2020\/07\/foto-minoristas.jpg","type":"image\/jpeg"}],"author":"admin","twitter_card":"summary_large_image","twitter_misc":{"Escrito por":"admin","Tiempo de lectura":"2 minutos"},"schema":{"@context":"https:\/\/schema.org","@graph":[{"@type":"Article","@id":"https:\/\/www.revistalogistec.com\/index.php\/2020\/07\/17\/minoristas-responden-ligeramente-mejor-a-las-disminuciones-de-la-demanda-que-a-los-aumentos\/#article","isPartOf":{"@id":"https:\/\/www.revistalogistec.com\/index.php\/2020\/07\/17\/minoristas-responden-ligeramente-mejor-a-las-disminuciones-de-la-demanda-que-a-los-aumentos\/"},"author":{"name":"admin","@id":"https:\/\/www.revistalogistec.com\/#\/schema\/person\/b25cced65507282f3fc6eb806b1db4f0"},"headline":"MINORISTAS RESPONDEN LIGERAMENTE MEJOR A LAS DISMINUCIONES DE LA DEMANDA QUE A LOS AUMENTOS","datePublished":"2020-07-17T16:18:35+00:00","mainEntityOfPage":{"@id":"https:\/\/www.revistalogistec.com\/index.php\/2020\/07\/17\/minoristas-responden-ligeramente-mejor-a-las-disminuciones-de-la-demanda-que-a-los-aumentos\/"},"wordCount":444,"commentCount":0,"image":{"@id":"https:\/\/www.revistalogistec.com\/index.php\/2020\/07\/17\/minoristas-responden-ligeramente-mejor-a-las-disminuciones-de-la-demanda-que-a-los-aumentos\/#primaryimage"},"thumbnailUrl":"https:\/\/www.revistalogistec.com\/wp-content\/uploads\/2020\/07\/foto-minoristas.jpg","articleSection":["NOTICIAS INDUSTRIA"],"inLanguage":"es"},{"@type":"WebPage","@id":"https:\/\/www.revistalogistec.com\/index.php\/2020\/07\/17\/minoristas-responden-ligeramente-mejor-a-las-disminuciones-de-la-demanda-que-a-los-aumentos\/","url":"https:\/\/www.revistalogistec.com\/index.php\/2020\/07\/17\/minoristas-responden-ligeramente-mejor-a-las-disminuciones-de-la-demanda-que-a-los-aumentos\/","name":"MINORISTAS RESPONDEN LIGERAMENTE MEJOR A LAS DISMINUCIONES DE LA DEMANDA QUE A LOS AUMENTOS - Revista Logistec","isPartOf":{"@id":"https:\/\/www.revistalogistec.com\/#website"},"primaryImageOfPage":{"@id":"https:\/\/www.revistalogistec.com\/index.php\/2020\/07\/17\/minoristas-responden-ligeramente-mejor-a-las-disminuciones-de-la-demanda-que-a-los-aumentos\/#primaryimage"},"image":{"@id":"https:\/\/www.revistalogistec.com\/index.php\/2020\/07\/17\/minoristas-responden-ligeramente-mejor-a-las-disminuciones-de-la-demanda-que-a-los-aumentos\/#primaryimage"},"thumbnailUrl":"https:\/\/www.revistalogistec.com\/wp-content\/uploads\/2020\/07\/foto-minoristas.jpg","datePublished":"2020-07-17T16:18:35+00:00","author":{"@id":"https:\/\/www.revistalogistec.com\/#\/schema\/person\/b25cced65507282f3fc6eb806b1db4f0"},"breadcrumb":{"@id":"https:\/\/www.revistalogistec.com\/index.php\/2020\/07\/17\/minoristas-responden-ligeramente-mejor-a-las-disminuciones-de-la-demanda-que-a-los-aumentos\/#breadcrumb"},"inLanguage":"es","potentialAction":[{"@type":"ReadAction","target":["https:\/\/www.revistalogistec.com\/index.php\/2020\/07\/17\/minoristas-responden-ligeramente-mejor-a-las-disminuciones-de-la-demanda-que-a-los-aumentos\/"]}]},{"@type":"ImageObject","inLanguage":"es","@id":"https:\/\/www.revistalogistec.com\/index.php\/2020\/07\/17\/minoristas-responden-ligeramente-mejor-a-las-disminuciones-de-la-demanda-que-a-los-aumentos\/#primaryimage","url":"https:\/\/www.revistalogistec.com\/wp-content\/uploads\/2020\/07\/foto-minoristas.jpg","contentUrl":"https:\/\/www.revistalogistec.com\/wp-content\/uploads\/2020\/07\/foto-minoristas.jpg","width":850,"height":483},{"@type":"BreadcrumbList","@id":"https:\/\/www.revistalogistec.com\/index.php\/2020\/07\/17\/minoristas-responden-ligeramente-mejor-a-las-disminuciones-de-la-demanda-que-a-los-aumentos\/#breadcrumb","itemListElement":[{"@type":"ListItem","position":1,"name":"Portada","item":"https:\/\/www.revistalogistec.com\/"},{"@type":"ListItem","position":2,"name":"MINORISTAS RESPONDEN LIGERAMENTE MEJOR A LAS DISMINUCIONES DE LA DEMANDA QUE A LOS AUMENTOS"}]},{"@type":"WebSite","@id":"https:\/\/www.revistalogistec.com\/#website","url":"https:\/\/www.revistalogistec.com\/","name":"Revista Logistec","description":"","potentialAction":[{"@type":"SearchAction","target":{"@type":"EntryPoint","urlTemplate":"https:\/\/www.revistalogistec.com\/?s={search_term_string}"},"query-input":{"@type":"PropertyValueSpecification","valueRequired":true,"valueName":"search_term_string"}}],"inLanguage":"es"},{"@type":"Person","@id":"https:\/\/www.revistalogistec.com\/#\/schema\/person\/b25cced65507282f3fc6eb806b1db4f0","name":"admin","image":{"@type":"ImageObject","inLanguage":"es","@id":"https:\/\/secure.gravatar.com\/avatar\/94631f712dee24b50f2f12a7caf62df22b2c346945fcff655ce85b674bebf6fd?s=96&d=mm&r=g","url":"https:\/\/secure.gravatar.com\/avatar\/94631f712dee24b50f2f12a7caf62df22b2c346945fcff655ce85b674bebf6fd?s=96&d=mm&r=g","contentUrl":"https:\/\/secure.gravatar.com\/avatar\/94631f712dee24b50f2f12a7caf62df22b2c346945fcff655ce85b674bebf6fd?s=96&d=mm&r=g","caption":"admin"},"sameAs":["https:\/\/www.revistalogistec.com"],"url":"https:\/\/www.revistalogistec.com\/index.php\/author\/admin_revlog\/"}]}},"_links":{"self":[{"href":"https:\/\/www.revistalogistec.com\/index.php\/wp-json\/wp\/v2\/posts\/2677","targetHints":{"allow":["GET"]}}],"collection":[{"href":"https:\/\/www.revistalogistec.com\/index.php\/wp-json\/wp\/v2\/posts"}],"about":[{"href":"https:\/\/www.revistalogistec.com\/index.php\/wp-json\/wp\/v2\/types\/post"}],"author":[{"embeddable":true,"href":"https:\/\/www.revistalogistec.com\/index.php\/wp-json\/wp\/v2\/users\/1"}],"replies":[{"embeddable":true,"href":"https:\/\/www.revistalogistec.com\/index.php\/wp-json\/wp\/v2\/comments?post=2677"}],"version-history":[{"count":0,"href":"https:\/\/www.revistalogistec.com\/index.php\/wp-json\/wp\/v2\/posts\/2677\/revisions"}],"wp:featuredmedia":[{"embeddable":true,"href":"https:\/\/www.revistalogistec.com\/index.php\/wp-json\/wp\/v2\/media\/2676"}],"wp:attachment":[{"href":"https:\/\/www.revistalogistec.com\/index.php\/wp-json\/wp\/v2\/media?parent=2677"}],"wp:term":[{"taxonomy":"category","embeddable":true,"href":"https:\/\/www.revistalogistec.com\/index.php\/wp-json\/wp\/v2\/categories?post=2677"},{"taxonomy":"post_tag","embeddable":true,"href":"https:\/\/www.revistalogistec.com\/index.php\/wp-json\/wp\/v2\/tags?post=2677"}],"curies":[{"name":"wp","href":"https:\/\/api.w.org\/{rel}","templated":true}]}}