{"id":28022,"date":"2025-12-09T12:25:37","date_gmt":"2025-12-09T16:25:37","guid":{"rendered":"https:\/\/www.revistalogistec.com\/?p=28022"},"modified":"2025-12-09T12:25:37","modified_gmt":"2025-12-09T16:25:37","slug":"la-logistica-detras-del-inedito-traslado-de-un-rinoceronte-blanco-a-brasil","status":"publish","type":"post","link":"https:\/\/www.revistalogistec.com\/index.php\/2025\/12\/09\/la-logistica-detras-del-inedito-traslado-de-un-rinoceronte-blanco-a-brasil\/","title":{"rendered":"LA LOG\u00cdSTICA DETR\u00c1S DEL IN\u00c9DITO TRASLADO DE UN RINOCERONTE BLANCO A BRASIL"},"content":{"rendered":"<p style=\"text-align: justify;\">Sparx Logistics, operador especializado en la industria de transporte internacional de carga, lider\u00f3 el in\u00e9dito traslado, en una operaci\u00f3n de alta complejidad que combin\u00f3 transporte terrestre, a\u00e9reo y aduanero, bajo estrictos est\u00e1ndares internacionales.<!--more--><\/p>\n<p style=\"text-align: justify;\">Tras m\u00e1s de un a\u00f1o y medio de preparaci\u00f3n, Atanasio, el primer rinoceronte blanco nacido en Chile, viaj\u00f3 hacia Brasil, en el marco de un proyecto de conservaci\u00f3n de especies amenazadas en Sudam\u00e9rica. Sparx Logistics, operador log\u00edstico especializado, lider\u00f3 el in\u00e9dito traslado en una operaci\u00f3n de alta complejidad que combin\u00f3 transporte terrestre, a\u00e9reo y aduanero bajo estrictos est\u00e1ndares internacionales.<\/p>\n<p style=\"text-align: justify;\">El ejemplar, proveniente del Bioparque BuinZoo, viaj\u00f3 el martes 2 de diciembre rumbo al Zooparque de Itatiba (S\u00e3o Paulo), en un operativo que tambi\u00e9n cont\u00f3 con la colaboraci\u00f3n de LATAM Cargo y diversas autoridades de ambos pa\u00edses.<\/p>\n<h3 style=\"text-align: justify;\">Una operaci\u00f3n in\u00e9dita y altamente regulada<\/h3>\n<p style=\"text-align: justify;\">El proyecto \u2014dirigido integralmente por Sparx\u2014 requiri\u00f3 coordinar m\u00faltiples autorizaciones y normativas. Al tratarse de una especie protegida por la Convenci\u00f3n CITES, el traslado exigi\u00f3 permisos de exportaci\u00f3n e importaci\u00f3n tanto de Chile como de Brasil, adem\u00e1s de certificados zoosanitarios y autorizaciones ambientales y aduaneras. Adicionalmente, el transporte a\u00e9reo deb\u00eda cumplir con la normativa internacional IATA Live Animals Regulations, que define el tipo de contenedor permitido, la ventilaci\u00f3n, las condiciones t\u00e9rmicas y los tiempos m\u00e1ximos de exposici\u00f3n durante el vuelo.<\/p>\n<p style=\"text-align: justify;\">\u201cLo m\u00e1s relevante para nosotros fue traducir ese marco regulatorio en un plan log\u00edstico viable, seguro y sin fricciones. Nuestro rol como operador log\u00edstico experto es articular instituciones, especialistas y equipos t\u00e9cnicos bajo un mismo dise\u00f1o operativo, asegurando que cada decisi\u00f3n priorice el bienestar del animal\u201d, explic\u00f3 Juan Manuel Rojas CEO global de Sparx.<\/p>\n<p style=\"text-align: justify;\">Durante el proceso, la compa\u00f1\u00eda tambi\u00e9n facilit\u00f3 la interlocuci\u00f3n con la Embajada de Brasil y con organismos regulatorios para acelerar revisiones clave y asegurar que cada documento estuviera aprobado en los plazos exigidos.<\/p>\n<h3 style=\"text-align: justify;\">Coordinaci\u00f3n t\u00e9cnica y control minuto a minuto<\/h3>\n<p style=\"text-align: justify;\">Desde el punto de vista operativo, Sparx lider\u00f3 la planificaci\u00f3n y supervisi\u00f3n de los procesos aduaneros en origen y destino, as\u00ed como el dise\u00f1o, construcci\u00f3n y mantenci\u00f3n del contenedor especializado: una jaula completamente met\u00e1lica de 3,65 m de largo, 1,65 m de ancho y 2,00 m de alto, dise\u00f1ada para sostener el peso, comportamiento y necesidades de Atanasio.<\/p>\n<p style=\"text-align: justify;\">Cada fase del trayecto fue definida con foco en reducir al m\u00ednimo movimientos, tiempos de espera y variaciones ambientales que pudieran generar estr\u00e9s. Para ello, el equipo de Sparx trabaj\u00f3 de manera estrecha con el equipo veterinario del Bioparque BuinZoo, que defini\u00f3 rutinas de descanso, hidrataci\u00f3n, control de temperatura y manejo del estr\u00e9s, ajustando la operaci\u00f3n minuto a minuto seg\u00fan su evaluaci\u00f3n del comportamiento del animal.<\/p>\n<p style=\"text-align: justify;\">\u201cUna operaci\u00f3n as\u00ed no se puede improvisar: requiere planificaci\u00f3n milim\u00e9trica, capacidad t\u00e9cnica en terreno y equipos altamente especializados. Nuestro compromiso es asegurar que cada metro del recorrido est\u00e9 dise\u00f1ado para proteger al animal\u201d, a\u00f1adi\u00f3 Juan Manuel Rojas.<\/p>\n<h3 style=\"text-align: justify;\">Un trayecto de m\u00e1s de 2.600 kil\u00f3metros<\/h3>\n<p style=\"text-align: justify;\">El recorrido total consider\u00f3 el traslado escoltado desde BuinZoo al Aeropuerto de Santiago, el vuelo carguero a Viracopos (Campinas) y un \u00faltimo tramo terrestre hasta el Zooparque de Itatiba. En total, el viaje tom\u00f3 alrededor de 16 horas y media y super\u00f3 los 2.600 kil\u00f3metros.<\/p>\n<p style=\"text-align: justify;\">Durante todo el trayecto \u2014carga, inspecciones, tr\u00e1nsito y descarga\u2014 se realizaron controles veterinarios permanentes para monitorear hidrataci\u00f3n, temperatura corporal y nivel de estr\u00e9s. Los entrenamientos previos realizados por el Bioparque y Sparx Logistics permitieron que Atanasio reconociera voces, olores y el contenedor como un espacio seguro, facilitando cada maniobra cr\u00edtica.<\/p>\n<h3 style=\"text-align: justify;\">Instituciones involucradas<\/h3>\n<p style=\"text-align: justify;\">La operaci\u00f3n requiri\u00f3 la coordinaci\u00f3n de un amplio ecosistema institucional.<\/p>\n<p style=\"text-align: justify;\">En Chile, participaron el SAG, Aduanas, DGAC, operadores y almacenes del aeropuerto, adem\u00e1s de BuinZoo. En Brasil, los principales actores fueron IBAMA, Aduanas, la administraci\u00f3n del aeropuerto de destino y el Zooparque de Itatiba. LATAM Cargo lider\u00f3 el componente a\u00e9reo cumpliendo con est\u00e1ndares IATA.<\/p>\n<p style=\"text-align: justify;\">Asimismo, Sparx estuvo a cargo de articular a todos estos actores bajo un solo plan log\u00edstico, asegurando consistencia regulatoria, tiempos eficientes y un foco permanente en el bienestar del animal.<\/p>\n","protected":false},"excerpt":{"rendered":"<p>Sparx Logistics, operador especializado en la industria de transporte internacional de carga, lider\u00f3 el in\u00e9dito traslado, en una operaci\u00f3n de alta complejidad que combin\u00f3 transporte terrestre, a\u00e9reo y aduanero, bajo estrictos est\u00e1ndares internacionales.<\/p>\n","protected":false},"author":1,"featured_media":28023,"comment_status":"closed","ping_status":"closed","sticky":false,"template":"","format":"standard","meta":{"_acf_changed":false,"jnews-multi-image_gallery":[],"jnews_single_post":{"subtitle":"","format":"standard","jnews_video_option_group":[[]],"override":[{"template":"1","parallax":"1","fullscreen":"1","layout":"right-sidebar","sidebar":"home-loop","second_sidebar":"default-sidebar","share_position":"top","share_float_style":"share-monocrhome","show_share_counter":"1","show_view_counter":"1","show_featured":"1","show_post_author_image":"1","show_post_date":"1","post_date_format":"default","post_date_format_custom":"Y\/m\/d","show_post_category":"1","show_post_reading_time":"0","post_reading_time_wpm":"300","post_calculate_word_method":"str_word_count","show_zoom_button":"0","zoom_button_out_step":"2","zoom_button_in_step":"3","show_post_tag":"1","show_prev_next_post":"1","show_popup_post":"1","number_popup_post":"1","show_post_related":"1","show_inline_post_related":"1"}],"image_override":[{"single_post_thumbnail_size":"crop-500","single_post_gallery_size":"crop-500"}],"trending_post_position":"meta","trending_post_label":"Trending","sponsored_post_label":"Sponsored by","disable_ad":"0"},"jnews_primary_category":[],"jnews_social_meta":[],"jnews_override_counter":{"view_counter_number":"0","share_counter_number":"0","like_counter_number":"0","dislike_counter_number":"0"},"footnotes":""},"categories":[12],"tags":[],"class_list":["post-28022","post","type-post","status-publish","format-standard","has-post-thumbnail","hentry","category-noticias-industria"],"acf":[],"yoast_head":"<!-- This site is optimized with the Yoast SEO plugin v27.2 - https:\/\/yoast.com\/product\/yoast-seo-wordpress\/ -->\n<title>LA LOG\u00cdSTICA DETR\u00c1S DEL IN\u00c9DITO TRASLADO DE UN RINOCERONTE BLANCO A BRASIL - Revista Logistec<\/title>\n<meta name=\"robots\" content=\"index, follow, max-snippet:-1, max-image-preview:large, max-video-preview:-1\" \/>\n<link rel=\"canonical\" href=\"https:\/\/www.revistalogistec.com\/index.php\/2025\/12\/09\/la-logistica-detras-del-inedito-traslado-de-un-rinoceronte-blanco-a-brasil\/\" \/>\n<meta property=\"og:locale\" content=\"es_ES\" \/>\n<meta property=\"og:type\" content=\"article\" \/>\n<meta property=\"og:title\" content=\"LA LOG\u00cdSTICA DETR\u00c1S DEL IN\u00c9DITO TRASLADO DE UN RINOCERONTE BLANCO A BRASIL - Revista Logistec\" \/>\n<meta property=\"og:description\" content=\"Sparx Logistics, operador especializado en la industria de transporte internacional de carga, lider\u00f3 el in\u00e9dito traslado, en una operaci\u00f3n de alta complejidad que combin\u00f3 transporte terrestre, a\u00e9reo y aduanero, bajo estrictos est\u00e1ndares internacionales.\" \/>\n<meta property=\"og:url\" content=\"https:\/\/www.revistalogistec.com\/index.php\/2025\/12\/09\/la-logistica-detras-del-inedito-traslado-de-un-rinoceronte-blanco-a-brasil\/\" \/>\n<meta property=\"og:site_name\" content=\"Revista Logistec\" \/>\n<meta property=\"article:published_time\" content=\"2025-12-09T16:25:37+00:00\" \/>\n<meta property=\"og:image\" content=\"https:\/\/www.revistalogistec.com\/wp-content\/uploads\/2025\/12\/rino_3.jpg\" \/>\n\t<meta property=\"og:image:width\" content=\"1140\" \/>\n\t<meta property=\"og:image:height\" content=\"760\" \/>\n\t<meta property=\"og:image:type\" content=\"image\/jpeg\" \/>\n<meta name=\"author\" content=\"admin\" \/>\n<meta name=\"twitter:card\" content=\"summary_large_image\" \/>\n<meta name=\"twitter:label1\" content=\"Escrito por\" \/>\n\t<meta name=\"twitter:data1\" content=\"admin\" \/>\n\t<meta name=\"twitter:label2\" content=\"Tiempo de lectura\" \/>\n\t<meta name=\"twitter:data2\" content=\"4 minutos\" \/>\n<script type=\"application\/ld+json\" class=\"yoast-schema-graph\">{\"@context\":\"https:\/\/schema.org\",\"@graph\":[{\"@type\":\"Article\",\"@id\":\"https:\/\/www.revistalogistec.com\/index.php\/2025\/12\/09\/la-logistica-detras-del-inedito-traslado-de-un-rinoceronte-blanco-a-brasil\/#article\",\"isPartOf\":{\"@id\":\"https:\/\/www.revistalogistec.com\/index.php\/2025\/12\/09\/la-logistica-detras-del-inedito-traslado-de-un-rinoceronte-blanco-a-brasil\/\"},\"author\":{\"name\":\"admin\",\"@id\":\"https:\/\/www.revistalogistec.com\/#\/schema\/person\/b25cced65507282f3fc6eb806b1db4f0\"},\"headline\":\"LA LOG\u00cdSTICA DETR\u00c1S DEL IN\u00c9DITO TRASLADO DE UN RINOCERONTE BLANCO A BRASIL\",\"datePublished\":\"2025-12-09T16:25:37+00:00\",\"mainEntityOfPage\":{\"@id\":\"https:\/\/www.revistalogistec.com\/index.php\/2025\/12\/09\/la-logistica-detras-del-inedito-traslado-de-un-rinoceronte-blanco-a-brasil\/\"},\"wordCount\":742,\"image\":{\"@id\":\"https:\/\/www.revistalogistec.com\/index.php\/2025\/12\/09\/la-logistica-detras-del-inedito-traslado-de-un-rinoceronte-blanco-a-brasil\/#primaryimage\"},\"thumbnailUrl\":\"https:\/\/www.revistalogistec.com\/wp-content\/uploads\/2025\/12\/rino_3.jpg\",\"articleSection\":[\"NOTICIAS INDUSTRIA\"],\"inLanguage\":\"es\"},{\"@type\":\"WebPage\",\"@id\":\"https:\/\/www.revistalogistec.com\/index.php\/2025\/12\/09\/la-logistica-detras-del-inedito-traslado-de-un-rinoceronte-blanco-a-brasil\/\",\"url\":\"https:\/\/www.revistalogistec.com\/index.php\/2025\/12\/09\/la-logistica-detras-del-inedito-traslado-de-un-rinoceronte-blanco-a-brasil\/\",\"name\":\"LA LOG\u00cdSTICA DETR\u00c1S DEL IN\u00c9DITO TRASLADO DE UN RINOCERONTE BLANCO A BRASIL - Revista Logistec\",\"isPartOf\":{\"@id\":\"https:\/\/www.revistalogistec.com\/#website\"},\"primaryImageOfPage\":{\"@id\":\"https:\/\/www.revistalogistec.com\/index.php\/2025\/12\/09\/la-logistica-detras-del-inedito-traslado-de-un-rinoceronte-blanco-a-brasil\/#primaryimage\"},\"image\":{\"@id\":\"https:\/\/www.revistalogistec.com\/index.php\/2025\/12\/09\/la-logistica-detras-del-inedito-traslado-de-un-rinoceronte-blanco-a-brasil\/#primaryimage\"},\"thumbnailUrl\":\"https:\/\/www.revistalogistec.com\/wp-content\/uploads\/2025\/12\/rino_3.jpg\",\"datePublished\":\"2025-12-09T16:25:37+00:00\",\"author\":{\"@id\":\"https:\/\/www.revistalogistec.com\/#\/schema\/person\/b25cced65507282f3fc6eb806b1db4f0\"},\"breadcrumb\":{\"@id\":\"https:\/\/www.revistalogistec.com\/index.php\/2025\/12\/09\/la-logistica-detras-del-inedito-traslado-de-un-rinoceronte-blanco-a-brasil\/#breadcrumb\"},\"inLanguage\":\"es\",\"potentialAction\":[{\"@type\":\"ReadAction\",\"target\":[\"https:\/\/www.revistalogistec.com\/index.php\/2025\/12\/09\/la-logistica-detras-del-inedito-traslado-de-un-rinoceronte-blanco-a-brasil\/\"]}]},{\"@type\":\"ImageObject\",\"inLanguage\":\"es\",\"@id\":\"https:\/\/www.revistalogistec.com\/index.php\/2025\/12\/09\/la-logistica-detras-del-inedito-traslado-de-un-rinoceronte-blanco-a-brasil\/#primaryimage\",\"url\":\"https:\/\/www.revistalogistec.com\/wp-content\/uploads\/2025\/12\/rino_3.jpg\",\"contentUrl\":\"https:\/\/www.revistalogistec.com\/wp-content\/uploads\/2025\/12\/rino_3.jpg\",\"width\":1140,\"height\":760},{\"@type\":\"BreadcrumbList\",\"@id\":\"https:\/\/www.revistalogistec.com\/index.php\/2025\/12\/09\/la-logistica-detras-del-inedito-traslado-de-un-rinoceronte-blanco-a-brasil\/#breadcrumb\",\"itemListElement\":[{\"@type\":\"ListItem\",\"position\":1,\"name\":\"Portada\",\"item\":\"https:\/\/www.revistalogistec.com\/\"},{\"@type\":\"ListItem\",\"position\":2,\"name\":\"LA LOG\u00cdSTICA DETR\u00c1S DEL IN\u00c9DITO TRASLADO DE UN RINOCERONTE BLANCO A BRASIL\"}]},{\"@type\":\"WebSite\",\"@id\":\"https:\/\/www.revistalogistec.com\/#website\",\"url\":\"https:\/\/www.revistalogistec.com\/\",\"name\":\"Revista Logistec\",\"description\":\"\",\"potentialAction\":[{\"@type\":\"SearchAction\",\"target\":{\"@type\":\"EntryPoint\",\"urlTemplate\":\"https:\/\/www.revistalogistec.com\/?s={search_term_string}\"},\"query-input\":{\"@type\":\"PropertyValueSpecification\",\"valueRequired\":true,\"valueName\":\"search_term_string\"}}],\"inLanguage\":\"es\"},{\"@type\":\"Person\",\"@id\":\"https:\/\/www.revistalogistec.com\/#\/schema\/person\/b25cced65507282f3fc6eb806b1db4f0\",\"name\":\"admin\",\"image\":{\"@type\":\"ImageObject\",\"inLanguage\":\"es\",\"@id\":\"https:\/\/secure.gravatar.com\/avatar\/94631f712dee24b50f2f12a7caf62df22b2c346945fcff655ce85b674bebf6fd?s=96&d=mm&r=g\",\"url\":\"https:\/\/secure.gravatar.com\/avatar\/94631f712dee24b50f2f12a7caf62df22b2c346945fcff655ce85b674bebf6fd?s=96&d=mm&r=g\",\"contentUrl\":\"https:\/\/secure.gravatar.com\/avatar\/94631f712dee24b50f2f12a7caf62df22b2c346945fcff655ce85b674bebf6fd?s=96&d=mm&r=g\",\"caption\":\"admin\"},\"sameAs\":[\"https:\/\/www.revistalogistec.com\"],\"url\":\"https:\/\/www.revistalogistec.com\/index.php\/author\/admin_revlog\/\"}]}<\/script>\n<!-- \/ Yoast SEO plugin. -->","yoast_head_json":{"title":"LA LOG\u00cdSTICA DETR\u00c1S DEL IN\u00c9DITO TRASLADO DE UN RINOCERONTE BLANCO A BRASIL - Revista Logistec","robots":{"index":"index","follow":"follow","max-snippet":"max-snippet:-1","max-image-preview":"max-image-preview:large","max-video-preview":"max-video-preview:-1"},"canonical":"https:\/\/www.revistalogistec.com\/index.php\/2025\/12\/09\/la-logistica-detras-del-inedito-traslado-de-un-rinoceronte-blanco-a-brasil\/","og_locale":"es_ES","og_type":"article","og_title":"LA LOG\u00cdSTICA DETR\u00c1S DEL IN\u00c9DITO TRASLADO DE UN RINOCERONTE BLANCO A BRASIL - Revista Logistec","og_description":"Sparx Logistics, operador especializado en la industria de transporte internacional de carga, lider\u00f3 el in\u00e9dito traslado, en una operaci\u00f3n de alta complejidad que combin\u00f3 transporte terrestre, a\u00e9reo y aduanero, bajo estrictos est\u00e1ndares internacionales.","og_url":"https:\/\/www.revistalogistec.com\/index.php\/2025\/12\/09\/la-logistica-detras-del-inedito-traslado-de-un-rinoceronte-blanco-a-brasil\/","og_site_name":"Revista Logistec","article_published_time":"2025-12-09T16:25:37+00:00","og_image":[{"width":1140,"height":760,"url":"https:\/\/www.revistalogistec.com\/wp-content\/uploads\/2025\/12\/rino_3.jpg","type":"image\/jpeg"}],"author":"admin","twitter_card":"summary_large_image","twitter_misc":{"Escrito por":"admin","Tiempo de lectura":"4 minutos"},"schema":{"@context":"https:\/\/schema.org","@graph":[{"@type":"Article","@id":"https:\/\/www.revistalogistec.com\/index.php\/2025\/12\/09\/la-logistica-detras-del-inedito-traslado-de-un-rinoceronte-blanco-a-brasil\/#article","isPartOf":{"@id":"https:\/\/www.revistalogistec.com\/index.php\/2025\/12\/09\/la-logistica-detras-del-inedito-traslado-de-un-rinoceronte-blanco-a-brasil\/"},"author":{"name":"admin","@id":"https:\/\/www.revistalogistec.com\/#\/schema\/person\/b25cced65507282f3fc6eb806b1db4f0"},"headline":"LA LOG\u00cdSTICA DETR\u00c1S DEL IN\u00c9DITO TRASLADO DE UN RINOCERONTE BLANCO A BRASIL","datePublished":"2025-12-09T16:25:37+00:00","mainEntityOfPage":{"@id":"https:\/\/www.revistalogistec.com\/index.php\/2025\/12\/09\/la-logistica-detras-del-inedito-traslado-de-un-rinoceronte-blanco-a-brasil\/"},"wordCount":742,"image":{"@id":"https:\/\/www.revistalogistec.com\/index.php\/2025\/12\/09\/la-logistica-detras-del-inedito-traslado-de-un-rinoceronte-blanco-a-brasil\/#primaryimage"},"thumbnailUrl":"https:\/\/www.revistalogistec.com\/wp-content\/uploads\/2025\/12\/rino_3.jpg","articleSection":["NOTICIAS INDUSTRIA"],"inLanguage":"es"},{"@type":"WebPage","@id":"https:\/\/www.revistalogistec.com\/index.php\/2025\/12\/09\/la-logistica-detras-del-inedito-traslado-de-un-rinoceronte-blanco-a-brasil\/","url":"https:\/\/www.revistalogistec.com\/index.php\/2025\/12\/09\/la-logistica-detras-del-inedito-traslado-de-un-rinoceronte-blanco-a-brasil\/","name":"LA LOG\u00cdSTICA DETR\u00c1S DEL IN\u00c9DITO TRASLADO DE UN RINOCERONTE BLANCO A BRASIL - Revista Logistec","isPartOf":{"@id":"https:\/\/www.revistalogistec.com\/#website"},"primaryImageOfPage":{"@id":"https:\/\/www.revistalogistec.com\/index.php\/2025\/12\/09\/la-logistica-detras-del-inedito-traslado-de-un-rinoceronte-blanco-a-brasil\/#primaryimage"},"image":{"@id":"https:\/\/www.revistalogistec.com\/index.php\/2025\/12\/09\/la-logistica-detras-del-inedito-traslado-de-un-rinoceronte-blanco-a-brasil\/#primaryimage"},"thumbnailUrl":"https:\/\/www.revistalogistec.com\/wp-content\/uploads\/2025\/12\/rino_3.jpg","datePublished":"2025-12-09T16:25:37+00:00","author":{"@id":"https:\/\/www.revistalogistec.com\/#\/schema\/person\/b25cced65507282f3fc6eb806b1db4f0"},"breadcrumb":{"@id":"https:\/\/www.revistalogistec.com\/index.php\/2025\/12\/09\/la-logistica-detras-del-inedito-traslado-de-un-rinoceronte-blanco-a-brasil\/#breadcrumb"},"inLanguage":"es","potentialAction":[{"@type":"ReadAction","target":["https:\/\/www.revistalogistec.com\/index.php\/2025\/12\/09\/la-logistica-detras-del-inedito-traslado-de-un-rinoceronte-blanco-a-brasil\/"]}]},{"@type":"ImageObject","inLanguage":"es","@id":"https:\/\/www.revistalogistec.com\/index.php\/2025\/12\/09\/la-logistica-detras-del-inedito-traslado-de-un-rinoceronte-blanco-a-brasil\/#primaryimage","url":"https:\/\/www.revistalogistec.com\/wp-content\/uploads\/2025\/12\/rino_3.jpg","contentUrl":"https:\/\/www.revistalogistec.com\/wp-content\/uploads\/2025\/12\/rino_3.jpg","width":1140,"height":760},{"@type":"BreadcrumbList","@id":"https:\/\/www.revistalogistec.com\/index.php\/2025\/12\/09\/la-logistica-detras-del-inedito-traslado-de-un-rinoceronte-blanco-a-brasil\/#breadcrumb","itemListElement":[{"@type":"ListItem","position":1,"name":"Portada","item":"https:\/\/www.revistalogistec.com\/"},{"@type":"ListItem","position":2,"name":"LA LOG\u00cdSTICA DETR\u00c1S DEL IN\u00c9DITO TRASLADO DE UN RINOCERONTE BLANCO A BRASIL"}]},{"@type":"WebSite","@id":"https:\/\/www.revistalogistec.com\/#website","url":"https:\/\/www.revistalogistec.com\/","name":"Revista Logistec","description":"","potentialAction":[{"@type":"SearchAction","target":{"@type":"EntryPoint","urlTemplate":"https:\/\/www.revistalogistec.com\/?s={search_term_string}"},"query-input":{"@type":"PropertyValueSpecification","valueRequired":true,"valueName":"search_term_string"}}],"inLanguage":"es"},{"@type":"Person","@id":"https:\/\/www.revistalogistec.com\/#\/schema\/person\/b25cced65507282f3fc6eb806b1db4f0","name":"admin","image":{"@type":"ImageObject","inLanguage":"es","@id":"https:\/\/secure.gravatar.com\/avatar\/94631f712dee24b50f2f12a7caf62df22b2c346945fcff655ce85b674bebf6fd?s=96&d=mm&r=g","url":"https:\/\/secure.gravatar.com\/avatar\/94631f712dee24b50f2f12a7caf62df22b2c346945fcff655ce85b674bebf6fd?s=96&d=mm&r=g","contentUrl":"https:\/\/secure.gravatar.com\/avatar\/94631f712dee24b50f2f12a7caf62df22b2c346945fcff655ce85b674bebf6fd?s=96&d=mm&r=g","caption":"admin"},"sameAs":["https:\/\/www.revistalogistec.com"],"url":"https:\/\/www.revistalogistec.com\/index.php\/author\/admin_revlog\/"}]}},"_links":{"self":[{"href":"https:\/\/www.revistalogistec.com\/index.php\/wp-json\/wp\/v2\/posts\/28022","targetHints":{"allow":["GET"]}}],"collection":[{"href":"https:\/\/www.revistalogistec.com\/index.php\/wp-json\/wp\/v2\/posts"}],"about":[{"href":"https:\/\/www.revistalogistec.com\/index.php\/wp-json\/wp\/v2\/types\/post"}],"author":[{"embeddable":true,"href":"https:\/\/www.revistalogistec.com\/index.php\/wp-json\/wp\/v2\/users\/1"}],"replies":[{"embeddable":true,"href":"https:\/\/www.revistalogistec.com\/index.php\/wp-json\/wp\/v2\/comments?post=28022"}],"version-history":[{"count":0,"href":"https:\/\/www.revistalogistec.com\/index.php\/wp-json\/wp\/v2\/posts\/28022\/revisions"}],"wp:featuredmedia":[{"embeddable":true,"href":"https:\/\/www.revistalogistec.com\/index.php\/wp-json\/wp\/v2\/media\/28023"}],"wp:attachment":[{"href":"https:\/\/www.revistalogistec.com\/index.php\/wp-json\/wp\/v2\/media?parent=28022"}],"wp:term":[{"taxonomy":"category","embeddable":true,"href":"https:\/\/www.revistalogistec.com\/index.php\/wp-json\/wp\/v2\/categories?post=28022"},{"taxonomy":"post_tag","embeddable":true,"href":"https:\/\/www.revistalogistec.com\/index.php\/wp-json\/wp\/v2\/tags?post=28022"}],"curies":[{"name":"wp","href":"https:\/\/api.w.org\/{rel}","templated":true}]}}