{"id":28025,"date":"2025-12-09T12:32:38","date_gmt":"2025-12-09T16:32:38","guid":{"rendered":"https:\/\/www.revistalogistec.com\/?p=28025"},"modified":"2025-12-09T12:32:38","modified_gmt":"2025-12-09T16:32:38","slug":"electromovilidad-en-chile-oportunidad-y-desafio-para-el-transporte-refrigerado-de-alimentos","status":"publish","type":"post","link":"https:\/\/www.revistalogistec.com\/index.php\/2025\/12\/09\/electromovilidad-en-chile-oportunidad-y-desafio-para-el-transporte-refrigerado-de-alimentos\/","title":{"rendered":"ELECTROMOVILIDAD EN CHILE: OPORTUNIDAD Y DESAF\u00cdO PARA EL TRANSPORTE REFRIGERADO  DE ALIMENTOS"},"content":{"rendered":"<p style=\"text-align: justify;\">Chile se ha consolidado como uno de los l\u00edderes latinoamericanos en electromovilidad. Durante 2024, se comercializaron alrededor de *4,500 veh\u00edculos el\u00e9ctricos*, un crecimiento interanual cercano al *183%*^1. Adem\u00e1s, el pa\u00eds opera una de las flotas de *buses el\u00e9ctricos m\u00e1s grandes del mundo*, especialmente en Santiago, lo que ha generado experiencia t\u00e9cnica, capacidades locales y un marco regulatorio robusto.<!--more--><\/p>\n<p style=\"text-align: justify;\">A pesar de este liderazgo, la electrificaci\u00f3n del transporte de carga refrigerada avanza lentamente. El segmento contin\u00faa dependiendo del di\u00e9sel, aun cuando su operaci\u00f3n urbana intensiva genera altos niveles de ruido, consumo energ\u00e9tico y emisiones en ciudades densamente pobladas.<\/p>\n<p style=\"text-align: justify;\">En Chile, la creciente participaci\u00f3n de las energ\u00edas renovables en la generaci\u00f3n el\u00e9ctrica del pa\u00eds alcanz\u00f3 en 2019 el 20%, con una producci\u00f3n de 12,915 GWh anuales. Esto ha hecho que un veh\u00edculo el\u00e9ctrico actualmente emita hasta 3 veces menos GEI que uno a combusti\u00f3n equivalente. Es m\u00e1s, si la electricidad que utiliza un veh\u00edculo el\u00e9ctrico proviene en su totalidad de generaci\u00f3n con energ\u00edas renovables, entonces ese veh\u00edculo el\u00e9ctrico tendr\u00eda un ciclo de funcionamiento cero emisiones.^2<\/p>\n<p style=\"text-align: justify;\">\u201cHoy es necesario movernos hacia una log\u00edstica en carga refrigerada con enfoque sustentable, ya que contribuir\u00eda significativamente a reducir la huella ambiental de las ciudades chilenas. Las flotas refrigeradas, por su alto consumo energ\u00e9tico y operaci\u00f3n intensiva en zonas urbanas, deben estar en el centro de esta transformaci\u00f3n\/\u201d, afirma Jos\u00e9 Carlos G\u00f3mez, director de Ventas LAR Norte de Thermo King, empresa especializada en soluciones para el transporte refrigerado.<\/p>\n<p style=\"text-align: justify;\">*Electromovilidad: qu\u00e9 es y que falta en Chile para avanzar hacia un transporte refrigerado sustentable *<\/p>\n<p style=\"text-align: justify;\">La electromovilidad consiste en la adopci\u00f3n de tecnolog\u00edas de transporte basadas en energ\u00eda el\u00e9ctrica en lugar de combustibles f\u00f3siles. Para la industria de alimentos, esto se traduce en unidades refrigeradas el\u00e9ctricas capaces de mantener la temperatura \u00f3ptima de perecederos \u2014como l\u00e1cteos, c\u00e1rnicos, bebidas o alimentos preparados\u2014 sin contaminar el entorno.<\/p>\n<p style=\"text-align: justify;\">La cadena de fr\u00edo es uno de los componentes m\u00e1s intensivos en consumo energ\u00e9tico dentro de la log\u00edstica. Los sistemas de refrigeraci\u00f3n que operan con di\u00e9sel para conservar alimentos &lt;https:\/\/news.lrmcomunicaciones.cl\/l\/5vaPEy2TlGZs5iXKZpcyQw\/J7zQsOn09x0PVt4Sb7UnWA\/lypkzgdyqEjVVMCsd763Gb892Q&gt; y otros perecederos generan una proporci\u00f3n significativa de las emisiones del transporte terrestre. Sustituirlos por sistemas el\u00e9ctricos es, en principio, la soluci\u00f3n m\u00e1s directa, pero tambi\u00e9n una de las m\u00e1s complejas.<\/p>\n<p style=\"text-align: justify;\">Chile posee uno de los marcos regulatorios m\u00e1s avanzados, pero enfrenta retos espec\u00edficos: electrificaci\u00f3n de la carga pesada, disponibilidad comercial de unidades frigor\u00edficas el\u00e9ctricas, infraestructura de carga para flotas operativas y acceso a financiamiento especializado.<\/p>\n<p style=\"text-align: justify;\">\u201c\/El reto, por tanto, no es solo tecnol\u00f3gico: es de planeaci\u00f3n, financiamiento y visi\u00f3n\/\u201d, agrega el directivo de Thermo King.<\/p>\n<p style=\"text-align: justify;\">*Electromovilidad como ventaja competitiva*<\/p>\n<p style=\"text-align: justify;\">El auge del \/nearshoring\/ est\u00e1 impulsando una transformaci\u00f3n en la log\u00edstica regional, donde la sustentabilidad se convierte en un criterio clave para competir. Para la industria alimentaria, donde los est\u00e1ndares de inocuidad, trazabilidad y eficiencia son cada vez m\u00e1s altos, la adopci\u00f3n de tecnolog\u00edas<br \/>\nel\u00e9ctricas &lt;https:\/\/news.lrmcomunicaciones.cl\/l\/5vaPEy2TlGZs5iXKZpcyQw\/kvlUCAXQdirs7634SpB58MsQ\/lypkzgdyqEjVVMCsd763Gb892Q&gt; permite reducir emisiones, disminuir los costos operativos, asegurar el cumplimiento regulatorio, acceder a incentivos y fortalecer las ventajas competitivas frente a est\u00e1ndares ESG cada vez m\u00e1s estrictos.<\/p>\n<p style=\"text-align: justify;\">Estas tecnolog\u00edas no solo reducen emisiones: ofrecen ahorros operativos, menor mantenimiento y operaci\u00f3n silenciosa, clave para entregas urbanas nocturnas. Entre las principales innovaciones clave para el transporte de alimentos refrigerados destacan:<\/p>\n<ul style=\"text-align: justify;\">\n<li>Sistemas de refrigeraci\u00f3n el\u00e9ctrica de cero emisiones*, con capacidad de<br \/>\nmantener temperaturas precisas sin necesidad de motores di\u00e9sel.<\/li>\n<li>Bater\u00edas de alto rendimiento* que eliminan emisiones contaminantes y<br \/>\npermiten operaci\u00f3n continua durante todo el trayecto.<\/li>\n<li>Tecnolog\u00edas de operaci\u00f3n silenciosa*, ideales para entregas nocturnas en<br \/>\nentornos urbanos sin generar contaminaci\u00f3n ac\u00fastica.<\/li>\n<li>Sistemas de energ\u00eda auxiliar el\u00e9ctricos*, que proporcionan autonom\u00eda sin<br \/>\nconsumo de combustible, mejorando el confort del operador.<\/li>\n<li>Modelos log\u00edsticos escalables y adaptables*, compatibles con esquemas de<br \/>\nfinanciamiento verde y certificaciones ambientales.<\/li>\n<li>Acceso a programas de incentivos internacionales*, que apoyan la adopci\u00f3n<br \/>\nde tecnolog\u00edas limpias y reducen barreras de entrada.<\/li>\n<\/ul>\n<p style=\"text-align: justify;\">Estas innovaciones apuntan hacia una *cadena de fr\u00edo m\u00e1s eficiente, silenciosa y sustentable*, capaz de responder a las nuevas exigencias del comercio internacional y de reducir la huella ambiental del transporte con temperatura controlada.<\/p>\n<p style=\"text-align: justify;\">\u201c\/La electromovilidad en Chile representa uno de los cambios m\u00e1s significativos en la historia del transporte de productos sensibles a la temperatura como alimentos. No se trata solo de sustituir motores di\u00e9sel por bater\u00edas, sino de repensar toda la cadena de valor log\u00edstica bajo un enfoque de eficiencia y sustentabilidad\/\u201d, concluye G\u00f3mez.<\/p>\n<p style=\"text-align: justify;\">Fuente: ^1 Informe del mercado automotor 2024 &lt;https:\/\/news.lrmcomunicaciones.cl\/l\/5vaPEy2TlGZs5iXKZpcyQw\/wD4BkEuPTMwrUK1wIZ716Q\/lypkzgdyqEjVVMCsd763Gb892Q&gt;<\/p>\n<p style=\"text-align: justify;\">^2 Plataforma de Electromovilidad en Chile &lt;https:\/\/news.lrmcomunicaciones.cl\/l\/5vaPEy2TlGZs5iXKZpcyQw\/mSzWw8klfvLzx8CzEh892ddw\/lypkzgdyqEjVVMCsd763Gb892Q&gt;<\/p>\n","protected":false},"excerpt":{"rendered":"<p>Chile se ha consolidado como uno de los l\u00edderes latinoamericanos en electromovilidad. Durante 2024, se comercializaron alrededor de *4,500 veh\u00edculos el\u00e9ctricos*, un crecimiento interanual cercano al *183%*^1. Adem\u00e1s, el pa\u00eds opera una de las flotas de *buses el\u00e9ctricos m\u00e1s grandes del mundo*, especialmente en Santiago, lo que ha generado experiencia t\u00e9cnica, capacidades locales y un [&hellip;]<\/p>\n","protected":false},"author":1,"featured_media":28026,"comment_status":"closed","ping_status":"closed","sticky":false,"template":"","format":"standard","meta":{"_acf_changed":false,"jnews-multi-image_gallery":[],"jnews_single_post":{"subtitle":"","format":"standard","jnews_video_option_group":[[]],"override":[{"template":"1","parallax":"1","fullscreen":"1","layout":"right-sidebar","sidebar":"home-loop","second_sidebar":"default-sidebar","share_position":"top","share_float_style":"share-monocrhome","show_share_counter":"1","show_view_counter":"1","show_featured":"1","show_post_author_image":"1","show_post_date":"1","post_date_format":"default","post_date_format_custom":"Y\/m\/d","show_post_category":"1","show_post_reading_time":"0","post_reading_time_wpm":"300","post_calculate_word_method":"str_word_count","show_zoom_button":"0","zoom_button_out_step":"2","zoom_button_in_step":"3","show_post_tag":"1","show_prev_next_post":"1","show_popup_post":"1","number_popup_post":"1","show_post_related":"1","show_inline_post_related":"1"}],"image_override":[{"single_post_thumbnail_size":"crop-500","single_post_gallery_size":"crop-500"}],"trending_post_position":"meta","trending_post_label":"Trending","sponsored_post_label":"Sponsored by","disable_ad":"0"},"jnews_primary_category":[],"jnews_social_meta":[],"jnews_override_counter":{"view_counter_number":"0","share_counter_number":"0","like_counter_number":"0","dislike_counter_number":"0"},"footnotes":""},"categories":[12],"tags":[],"class_list":["post-28025","post","type-post","status-publish","format-standard","has-post-thumbnail","hentry","category-noticias-industria"],"acf":[],"yoast_head":"<!-- This site is optimized with the Yoast SEO plugin v27.2 - https:\/\/yoast.com\/product\/yoast-seo-wordpress\/ -->\n<title>ELECTROMOVILIDAD EN CHILE: OPORTUNIDAD Y DESAF\u00cdO PARA EL TRANSPORTE REFRIGERADO DE ALIMENTOS - Revista Logistec<\/title>\n<meta name=\"robots\" content=\"index, follow, max-snippet:-1, max-image-preview:large, max-video-preview:-1\" \/>\n<link rel=\"canonical\" href=\"https:\/\/www.revistalogistec.com\/index.php\/2025\/12\/09\/electromovilidad-en-chile-oportunidad-y-desafio-para-el-transporte-refrigerado-de-alimentos\/\" \/>\n<meta property=\"og:locale\" content=\"es_ES\" \/>\n<meta property=\"og:type\" content=\"article\" \/>\n<meta property=\"og:title\" content=\"ELECTROMOVILIDAD EN CHILE: OPORTUNIDAD Y DESAF\u00cdO PARA EL TRANSPORTE REFRIGERADO DE ALIMENTOS - Revista Logistec\" \/>\n<meta property=\"og:description\" content=\"Chile se ha consolidado como uno de los l\u00edderes latinoamericanos en electromovilidad. Durante 2024, se comercializaron alrededor de *4,500 veh\u00edculos el\u00e9ctricos*, un crecimiento interanual cercano al *183%*^1. Adem\u00e1s, el pa\u00eds opera una de las flotas de *buses el\u00e9ctricos m\u00e1s grandes del mundo*, especialmente en Santiago, lo que ha generado experiencia t\u00e9cnica, capacidades locales y un [&hellip;]\" \/>\n<meta property=\"og:url\" content=\"https:\/\/www.revistalogistec.com\/index.php\/2025\/12\/09\/electromovilidad-en-chile-oportunidad-y-desafio-para-el-transporte-refrigerado-de-alimentos\/\" \/>\n<meta property=\"og:site_name\" content=\"Revista Logistec\" \/>\n<meta property=\"article:published_time\" content=\"2025-12-09T16:32:38+00:00\" \/>\n<meta property=\"og:image\" content=\"https:\/\/www.revistalogistec.com\/wp-content\/uploads\/2025\/12\/Cadena-de-frio.jpg\" \/>\n\t<meta property=\"og:image:width\" content=\"1140\" \/>\n\t<meta property=\"og:image:height\" content=\"760\" \/>\n\t<meta property=\"og:image:type\" content=\"image\/jpeg\" \/>\n<meta name=\"author\" content=\"admin\" \/>\n<meta name=\"twitter:card\" content=\"summary_large_image\" \/>\n<meta name=\"twitter:label1\" content=\"Escrito por\" \/>\n\t<meta name=\"twitter:data1\" content=\"admin\" \/>\n\t<meta name=\"twitter:label2\" content=\"Tiempo de lectura\" \/>\n\t<meta name=\"twitter:data2\" content=\"4 minutos\" \/>\n<script type=\"application\/ld+json\" class=\"yoast-schema-graph\">{\"@context\":\"https:\/\/schema.org\",\"@graph\":[{\"@type\":\"Article\",\"@id\":\"https:\/\/www.revistalogistec.com\/index.php\/2025\/12\/09\/electromovilidad-en-chile-oportunidad-y-desafio-para-el-transporte-refrigerado-de-alimentos\/#article\",\"isPartOf\":{\"@id\":\"https:\/\/www.revistalogistec.com\/index.php\/2025\/12\/09\/electromovilidad-en-chile-oportunidad-y-desafio-para-el-transporte-refrigerado-de-alimentos\/\"},\"author\":{\"name\":\"admin\",\"@id\":\"https:\/\/www.revistalogistec.com\/#\/schema\/person\/b25cced65507282f3fc6eb806b1db4f0\"},\"headline\":\"ELECTROMOVILIDAD EN CHILE: OPORTUNIDAD Y DESAF\u00cdO PARA EL TRANSPORTE REFRIGERADO DE ALIMENTOS\",\"datePublished\":\"2025-12-09T16:32:38+00:00\",\"mainEntityOfPage\":{\"@id\":\"https:\/\/www.revistalogistec.com\/index.php\/2025\/12\/09\/electromovilidad-en-chile-oportunidad-y-desafio-para-el-transporte-refrigerado-de-alimentos\/\"},\"wordCount\":894,\"image\":{\"@id\":\"https:\/\/www.revistalogistec.com\/index.php\/2025\/12\/09\/electromovilidad-en-chile-oportunidad-y-desafio-para-el-transporte-refrigerado-de-alimentos\/#primaryimage\"},\"thumbnailUrl\":\"https:\/\/www.revistalogistec.com\/wp-content\/uploads\/2025\/12\/Cadena-de-frio.jpg\",\"articleSection\":[\"NOTICIAS INDUSTRIA\"],\"inLanguage\":\"es\"},{\"@type\":\"WebPage\",\"@id\":\"https:\/\/www.revistalogistec.com\/index.php\/2025\/12\/09\/electromovilidad-en-chile-oportunidad-y-desafio-para-el-transporte-refrigerado-de-alimentos\/\",\"url\":\"https:\/\/www.revistalogistec.com\/index.php\/2025\/12\/09\/electromovilidad-en-chile-oportunidad-y-desafio-para-el-transporte-refrigerado-de-alimentos\/\",\"name\":\"ELECTROMOVILIDAD EN CHILE: OPORTUNIDAD Y DESAF\u00cdO PARA EL TRANSPORTE REFRIGERADO DE ALIMENTOS - Revista Logistec\",\"isPartOf\":{\"@id\":\"https:\/\/www.revistalogistec.com\/#website\"},\"primaryImageOfPage\":{\"@id\":\"https:\/\/www.revistalogistec.com\/index.php\/2025\/12\/09\/electromovilidad-en-chile-oportunidad-y-desafio-para-el-transporte-refrigerado-de-alimentos\/#primaryimage\"},\"image\":{\"@id\":\"https:\/\/www.revistalogistec.com\/index.php\/2025\/12\/09\/electromovilidad-en-chile-oportunidad-y-desafio-para-el-transporte-refrigerado-de-alimentos\/#primaryimage\"},\"thumbnailUrl\":\"https:\/\/www.revistalogistec.com\/wp-content\/uploads\/2025\/12\/Cadena-de-frio.jpg\",\"datePublished\":\"2025-12-09T16:32:38+00:00\",\"author\":{\"@id\":\"https:\/\/www.revistalogistec.com\/#\/schema\/person\/b25cced65507282f3fc6eb806b1db4f0\"},\"breadcrumb\":{\"@id\":\"https:\/\/www.revistalogistec.com\/index.php\/2025\/12\/09\/electromovilidad-en-chile-oportunidad-y-desafio-para-el-transporte-refrigerado-de-alimentos\/#breadcrumb\"},\"inLanguage\":\"es\",\"potentialAction\":[{\"@type\":\"ReadAction\",\"target\":[\"https:\/\/www.revistalogistec.com\/index.php\/2025\/12\/09\/electromovilidad-en-chile-oportunidad-y-desafio-para-el-transporte-refrigerado-de-alimentos\/\"]}]},{\"@type\":\"ImageObject\",\"inLanguage\":\"es\",\"@id\":\"https:\/\/www.revistalogistec.com\/index.php\/2025\/12\/09\/electromovilidad-en-chile-oportunidad-y-desafio-para-el-transporte-refrigerado-de-alimentos\/#primaryimage\",\"url\":\"https:\/\/www.revistalogistec.com\/wp-content\/uploads\/2025\/12\/Cadena-de-frio.jpg\",\"contentUrl\":\"https:\/\/www.revistalogistec.com\/wp-content\/uploads\/2025\/12\/Cadena-de-frio.jpg\",\"width\":1140,\"height\":760},{\"@type\":\"BreadcrumbList\",\"@id\":\"https:\/\/www.revistalogistec.com\/index.php\/2025\/12\/09\/electromovilidad-en-chile-oportunidad-y-desafio-para-el-transporte-refrigerado-de-alimentos\/#breadcrumb\",\"itemListElement\":[{\"@type\":\"ListItem\",\"position\":1,\"name\":\"Portada\",\"item\":\"https:\/\/www.revistalogistec.com\/\"},{\"@type\":\"ListItem\",\"position\":2,\"name\":\"ELECTROMOVILIDAD EN CHILE: OPORTUNIDAD Y DESAF\u00cdO PARA EL TRANSPORTE REFRIGERADO DE ALIMENTOS\"}]},{\"@type\":\"WebSite\",\"@id\":\"https:\/\/www.revistalogistec.com\/#website\",\"url\":\"https:\/\/www.revistalogistec.com\/\",\"name\":\"Revista Logistec\",\"description\":\"\",\"potentialAction\":[{\"@type\":\"SearchAction\",\"target\":{\"@type\":\"EntryPoint\",\"urlTemplate\":\"https:\/\/www.revistalogistec.com\/?s={search_term_string}\"},\"query-input\":{\"@type\":\"PropertyValueSpecification\",\"valueRequired\":true,\"valueName\":\"search_term_string\"}}],\"inLanguage\":\"es\"},{\"@type\":\"Person\",\"@id\":\"https:\/\/www.revistalogistec.com\/#\/schema\/person\/b25cced65507282f3fc6eb806b1db4f0\",\"name\":\"admin\",\"image\":{\"@type\":\"ImageObject\",\"inLanguage\":\"es\",\"@id\":\"https:\/\/secure.gravatar.com\/avatar\/94631f712dee24b50f2f12a7caf62df22b2c346945fcff655ce85b674bebf6fd?s=96&d=mm&r=g\",\"url\":\"https:\/\/secure.gravatar.com\/avatar\/94631f712dee24b50f2f12a7caf62df22b2c346945fcff655ce85b674bebf6fd?s=96&d=mm&r=g\",\"contentUrl\":\"https:\/\/secure.gravatar.com\/avatar\/94631f712dee24b50f2f12a7caf62df22b2c346945fcff655ce85b674bebf6fd?s=96&d=mm&r=g\",\"caption\":\"admin\"},\"sameAs\":[\"https:\/\/www.revistalogistec.com\"],\"url\":\"https:\/\/www.revistalogistec.com\/index.php\/author\/admin_revlog\/\"}]}<\/script>\n<!-- \/ Yoast SEO plugin. -->","yoast_head_json":{"title":"ELECTROMOVILIDAD EN CHILE: OPORTUNIDAD Y DESAF\u00cdO PARA EL TRANSPORTE REFRIGERADO DE ALIMENTOS - Revista Logistec","robots":{"index":"index","follow":"follow","max-snippet":"max-snippet:-1","max-image-preview":"max-image-preview:large","max-video-preview":"max-video-preview:-1"},"canonical":"https:\/\/www.revistalogistec.com\/index.php\/2025\/12\/09\/electromovilidad-en-chile-oportunidad-y-desafio-para-el-transporte-refrigerado-de-alimentos\/","og_locale":"es_ES","og_type":"article","og_title":"ELECTROMOVILIDAD EN CHILE: OPORTUNIDAD Y DESAF\u00cdO PARA EL TRANSPORTE REFRIGERADO DE ALIMENTOS - Revista Logistec","og_description":"Chile se ha consolidado como uno de los l\u00edderes latinoamericanos en electromovilidad. Durante 2024, se comercializaron alrededor de *4,500 veh\u00edculos el\u00e9ctricos*, un crecimiento interanual cercano al *183%*^1. Adem\u00e1s, el pa\u00eds opera una de las flotas de *buses el\u00e9ctricos m\u00e1s grandes del mundo*, especialmente en Santiago, lo que ha generado experiencia t\u00e9cnica, capacidades locales y un [&hellip;]","og_url":"https:\/\/www.revistalogistec.com\/index.php\/2025\/12\/09\/electromovilidad-en-chile-oportunidad-y-desafio-para-el-transporte-refrigerado-de-alimentos\/","og_site_name":"Revista Logistec","article_published_time":"2025-12-09T16:32:38+00:00","og_image":[{"width":1140,"height":760,"url":"https:\/\/www.revistalogistec.com\/wp-content\/uploads\/2025\/12\/Cadena-de-frio.jpg","type":"image\/jpeg"}],"author":"admin","twitter_card":"summary_large_image","twitter_misc":{"Escrito por":"admin","Tiempo de lectura":"4 minutos"},"schema":{"@context":"https:\/\/schema.org","@graph":[{"@type":"Article","@id":"https:\/\/www.revistalogistec.com\/index.php\/2025\/12\/09\/electromovilidad-en-chile-oportunidad-y-desafio-para-el-transporte-refrigerado-de-alimentos\/#article","isPartOf":{"@id":"https:\/\/www.revistalogistec.com\/index.php\/2025\/12\/09\/electromovilidad-en-chile-oportunidad-y-desafio-para-el-transporte-refrigerado-de-alimentos\/"},"author":{"name":"admin","@id":"https:\/\/www.revistalogistec.com\/#\/schema\/person\/b25cced65507282f3fc6eb806b1db4f0"},"headline":"ELECTROMOVILIDAD EN CHILE: OPORTUNIDAD Y DESAF\u00cdO PARA EL TRANSPORTE REFRIGERADO DE ALIMENTOS","datePublished":"2025-12-09T16:32:38+00:00","mainEntityOfPage":{"@id":"https:\/\/www.revistalogistec.com\/index.php\/2025\/12\/09\/electromovilidad-en-chile-oportunidad-y-desafio-para-el-transporte-refrigerado-de-alimentos\/"},"wordCount":894,"image":{"@id":"https:\/\/www.revistalogistec.com\/index.php\/2025\/12\/09\/electromovilidad-en-chile-oportunidad-y-desafio-para-el-transporte-refrigerado-de-alimentos\/#primaryimage"},"thumbnailUrl":"https:\/\/www.revistalogistec.com\/wp-content\/uploads\/2025\/12\/Cadena-de-frio.jpg","articleSection":["NOTICIAS INDUSTRIA"],"inLanguage":"es"},{"@type":"WebPage","@id":"https:\/\/www.revistalogistec.com\/index.php\/2025\/12\/09\/electromovilidad-en-chile-oportunidad-y-desafio-para-el-transporte-refrigerado-de-alimentos\/","url":"https:\/\/www.revistalogistec.com\/index.php\/2025\/12\/09\/electromovilidad-en-chile-oportunidad-y-desafio-para-el-transporte-refrigerado-de-alimentos\/","name":"ELECTROMOVILIDAD EN CHILE: OPORTUNIDAD Y DESAF\u00cdO PARA EL TRANSPORTE REFRIGERADO DE ALIMENTOS - Revista Logistec","isPartOf":{"@id":"https:\/\/www.revistalogistec.com\/#website"},"primaryImageOfPage":{"@id":"https:\/\/www.revistalogistec.com\/index.php\/2025\/12\/09\/electromovilidad-en-chile-oportunidad-y-desafio-para-el-transporte-refrigerado-de-alimentos\/#primaryimage"},"image":{"@id":"https:\/\/www.revistalogistec.com\/index.php\/2025\/12\/09\/electromovilidad-en-chile-oportunidad-y-desafio-para-el-transporte-refrigerado-de-alimentos\/#primaryimage"},"thumbnailUrl":"https:\/\/www.revistalogistec.com\/wp-content\/uploads\/2025\/12\/Cadena-de-frio.jpg","datePublished":"2025-12-09T16:32:38+00:00","author":{"@id":"https:\/\/www.revistalogistec.com\/#\/schema\/person\/b25cced65507282f3fc6eb806b1db4f0"},"breadcrumb":{"@id":"https:\/\/www.revistalogistec.com\/index.php\/2025\/12\/09\/electromovilidad-en-chile-oportunidad-y-desafio-para-el-transporte-refrigerado-de-alimentos\/#breadcrumb"},"inLanguage":"es","potentialAction":[{"@type":"ReadAction","target":["https:\/\/www.revistalogistec.com\/index.php\/2025\/12\/09\/electromovilidad-en-chile-oportunidad-y-desafio-para-el-transporte-refrigerado-de-alimentos\/"]}]},{"@type":"ImageObject","inLanguage":"es","@id":"https:\/\/www.revistalogistec.com\/index.php\/2025\/12\/09\/electromovilidad-en-chile-oportunidad-y-desafio-para-el-transporte-refrigerado-de-alimentos\/#primaryimage","url":"https:\/\/www.revistalogistec.com\/wp-content\/uploads\/2025\/12\/Cadena-de-frio.jpg","contentUrl":"https:\/\/www.revistalogistec.com\/wp-content\/uploads\/2025\/12\/Cadena-de-frio.jpg","width":1140,"height":760},{"@type":"BreadcrumbList","@id":"https:\/\/www.revistalogistec.com\/index.php\/2025\/12\/09\/electromovilidad-en-chile-oportunidad-y-desafio-para-el-transporte-refrigerado-de-alimentos\/#breadcrumb","itemListElement":[{"@type":"ListItem","position":1,"name":"Portada","item":"https:\/\/www.revistalogistec.com\/"},{"@type":"ListItem","position":2,"name":"ELECTROMOVILIDAD EN CHILE: OPORTUNIDAD Y DESAF\u00cdO PARA EL TRANSPORTE REFRIGERADO DE ALIMENTOS"}]},{"@type":"WebSite","@id":"https:\/\/www.revistalogistec.com\/#website","url":"https:\/\/www.revistalogistec.com\/","name":"Revista Logistec","description":"","potentialAction":[{"@type":"SearchAction","target":{"@type":"EntryPoint","urlTemplate":"https:\/\/www.revistalogistec.com\/?s={search_term_string}"},"query-input":{"@type":"PropertyValueSpecification","valueRequired":true,"valueName":"search_term_string"}}],"inLanguage":"es"},{"@type":"Person","@id":"https:\/\/www.revistalogistec.com\/#\/schema\/person\/b25cced65507282f3fc6eb806b1db4f0","name":"admin","image":{"@type":"ImageObject","inLanguage":"es","@id":"https:\/\/secure.gravatar.com\/avatar\/94631f712dee24b50f2f12a7caf62df22b2c346945fcff655ce85b674bebf6fd?s=96&d=mm&r=g","url":"https:\/\/secure.gravatar.com\/avatar\/94631f712dee24b50f2f12a7caf62df22b2c346945fcff655ce85b674bebf6fd?s=96&d=mm&r=g","contentUrl":"https:\/\/secure.gravatar.com\/avatar\/94631f712dee24b50f2f12a7caf62df22b2c346945fcff655ce85b674bebf6fd?s=96&d=mm&r=g","caption":"admin"},"sameAs":["https:\/\/www.revistalogistec.com"],"url":"https:\/\/www.revistalogistec.com\/index.php\/author\/admin_revlog\/"}]}},"_links":{"self":[{"href":"https:\/\/www.revistalogistec.com\/index.php\/wp-json\/wp\/v2\/posts\/28025","targetHints":{"allow":["GET"]}}],"collection":[{"href":"https:\/\/www.revistalogistec.com\/index.php\/wp-json\/wp\/v2\/posts"}],"about":[{"href":"https:\/\/www.revistalogistec.com\/index.php\/wp-json\/wp\/v2\/types\/post"}],"author":[{"embeddable":true,"href":"https:\/\/www.revistalogistec.com\/index.php\/wp-json\/wp\/v2\/users\/1"}],"replies":[{"embeddable":true,"href":"https:\/\/www.revistalogistec.com\/index.php\/wp-json\/wp\/v2\/comments?post=28025"}],"version-history":[{"count":0,"href":"https:\/\/www.revistalogistec.com\/index.php\/wp-json\/wp\/v2\/posts\/28025\/revisions"}],"wp:featuredmedia":[{"embeddable":true,"href":"https:\/\/www.revistalogistec.com\/index.php\/wp-json\/wp\/v2\/media\/28026"}],"wp:attachment":[{"href":"https:\/\/www.revistalogistec.com\/index.php\/wp-json\/wp\/v2\/media?parent=28025"}],"wp:term":[{"taxonomy":"category","embeddable":true,"href":"https:\/\/www.revistalogistec.com\/index.php\/wp-json\/wp\/v2\/categories?post=28025"},{"taxonomy":"post_tag","embeddable":true,"href":"https:\/\/www.revistalogistec.com\/index.php\/wp-json\/wp\/v2\/tags?post=28025"}],"curies":[{"name":"wp","href":"https:\/\/api.w.org\/{rel}","templated":true}]}}