{"id":28035,"date":"2025-12-16T09:06:22","date_gmt":"2025-12-16T13:06:22","guid":{"rendered":"https:\/\/www.revistalogistec.com\/?p=28035"},"modified":"2025-12-16T09:11:25","modified_gmt":"2025-12-16T13:11:25","slug":"2025-un-ano-para-recordar-una-industria-en-movimiento-un-futuro-por-escribir","status":"publish","type":"post","link":"https:\/\/www.revistalogistec.com\/index.php\/2025\/12\/16\/2025-un-ano-para-recordar-una-industria-en-movimiento-un-futuro-por-escribir\/","title":{"rendered":"2025: UN A\u00d1O PARA RECORDAR, UNA INDUSTRIA EN MOVIMIENTO, UN FUTURO POR ESCRIBIR"},"content":{"rendered":"<div style=\"position: relative; padding-top: max(60%,326px); height: 0; width: 100%;\"><iframe style=\"position: absolute; border: none; width: 100%; height: 100%; left: 0; right: 0; top: 0; bottom: 0;\" src=\"https:\/\/e.issuu.com\/embed.html?d=logistec_ed151&amp;doAutoflipPages=true&amp;u=303editoriales\" sandbox=\"allow-top-navigation allow-top-navigation-by-user-activation allow-downloads allow-scripts allow-same-origin allow-popups allow-modals allow-popups-to-escape-sandbox allow-forms\" allowfullscreen=\"allowfullscreen\"><\/iframe><\/div>\n<p>&nbsp;<\/p>\n<p style=\"text-align: justify;\">2025 no fue un a\u00f1o cualquiera. Fue un per\u00edodo que nos oblig\u00f3 a estirar capacidades, revisar certezas y aprender en movimiento. Desde las interrupciones repentinas en las cadenas globales y la presi\u00f3n sobre los tiempos de entrega, hasta la aceleraci\u00f3n a veces abrupta de tecnolog\u00edas que ya no son promesa, sino parte del d\u00eda a d\u00eda: automatizaci\u00f3n m\u00e1s accesible, IA generativa integrada a operaciones, sistemas de trazabilidad exigidos por nuevos est\u00e1ndares y clientes m\u00e1s impacientes, informados y cambiantes. Puedes revisar la edici\u00f3n completa en\u00a0<a href=\"https:\/\/issuu.com\/303editoriales\/docs\/logistec_ed151?fr=sNjFmYzg5ODU0OTc\">FORMATO DIGITAL<\/a>\u00a0o\u00a0<a href=\"https:\/\/www.revistalogistec.com\/ediciones_pdf\/Logistec_ed151.pdf\">DESCARGA EN PDF<\/a><!--more--><\/p>\n<p style=\"text-align: justify;\">Tambi\u00e9n fue un a\u00f1o marcado por la escasez de talento especializado, por la necesidad de mayor resiliencia en infraestructura y, en Chile, por debates clave sobre seguridad log\u00edstica, penetraci\u00f3n tecnol\u00f3gica, talento profesional y la sustentabilidad de los procesos como sello de modernidad. Un a\u00f1o intenso, s\u00ed, pero tambi\u00e9n uno que nos record\u00f3 por qu\u00e9 esta industria no se rinde, se adapta, innova y vuelve a avanzar.<\/p>\n<p style=\"text-align: justify;\">En medio de ese torbellino, Logistec cumpli\u00f3 25 a\u00f1os. Y celebrarlo no signific\u00f3 mirar solo al pasado; signific\u00f3 entender el valor de haber construido un medio que crece junto a la industria, que evoluciona con ella y que, hoy m\u00e1s que nunca, asume su responsabilidad en visibilizar desaf\u00edos, tendencias y a los l\u00edderes que empujan la frontera de lo posible. Veinticinco a\u00f1os escuchando, preguntando, narrando y conectando. Veinticinco a\u00f1os siendo testigos de c\u00f3mo la log\u00edstica dej\u00f3 de ser un soporte para convertirse en un motor.<\/p>\n<p style=\"text-align: justify;\">Y si algo nos ense\u00f1\u00f3 2025 es que el futuro jam\u00e1s llega en l\u00ednea recta. No sabemos qu\u00e9 pasar\u00e1 en 2026, pero s\u00ed sabemos que algo pasar\u00e1. Y cuando ocurra, sea una nueva demanda del mercado, un cambio regulatorio, un salto tecnol\u00f3gico, un peak inesperado o una oportunidad que nadie vio venir, estaremos ah\u00ed. Con la industria. Para acompa\u00f1ar, para explicar, para conectar, para dar visibilidad y para destacar a quienes lo est\u00e1n haciendo bien, a quienes marcan pauta e iluminan el camino de la innovaci\u00f3n y las mejores pr\u00e1cticas.<\/p>\n<p style=\"text-align: justify;\">Cerramos esta edici\u00f3n 151 con gratitud, con energ\u00eda y con la convicci\u00f3n de que nuestro rol es m\u00e1s necesario que nunca. Que la log\u00edstica chilena sigue construy\u00e9ndose cada d\u00eda. Y que seguiremos siendo ese puente que une conocimiento, experiencia y visi\u00f3n de futuro.<\/p>\n<p style=\"text-align: justify;\"><strong>Bienvenidos al cierre de un gran a\u00f1o. Bienvenidos a todo lo que viene.<br \/>\nPuedes revisar la edici\u00f3n completa en\u00a0<a href=\"https:\/\/issuu.com\/303editoriales\/docs\/logistec_ed151?fr=sNjFmYzg5ODU0OTc\">FORMATO DIGITAL<\/a>\u00a0o\u00a0<a href=\"https:\/\/www.revistalogistec.com\/ediciones_pdf\/Logistec_ed151.pdf\">DESCARGA EN PDF<\/a><br \/>\n<\/strong><\/p>\n","protected":false},"excerpt":{"rendered":"<p>&nbsp; 2025 no fue un a\u00f1o cualquiera. Fue un per\u00edodo que nos oblig\u00f3 a estirar capacidades, revisar certezas y aprender en movimiento. Desde las interrupciones repentinas en las cadenas globales y la presi\u00f3n sobre los tiempos de entrega, hasta la aceleraci\u00f3n a veces abrupta de tecnolog\u00edas que ya no son promesa, sino parte del d\u00eda [&hellip;]<\/p>\n","protected":false},"author":1,"featured_media":28036,"comment_status":"closed","ping_status":"closed","sticky":false,"template":"","format":"standard","meta":{"_acf_changed":false,"jnews-multi-image_gallery":[],"jnews_single_post":{"subtitle":"","format":"standard","jnews_video_option_group":[[]],"override":[{"template":"1","parallax":"1","fullscreen":"1","layout":"right-sidebar","sidebar":"home-loop","second_sidebar":"default-sidebar","share_position":"top","share_float_style":"share-monocrhome","show_share_counter":"1","show_view_counter":"1","show_featured":"1","show_post_author_image":"1","show_post_date":"1","post_date_format":"default","post_date_format_custom":"Y\/m\/d","show_post_category":"1","show_post_reading_time":"0","post_reading_time_wpm":"300","post_calculate_word_method":"str_word_count","show_zoom_button":"0","zoom_button_out_step":"2","zoom_button_in_step":"3","show_post_tag":"1","show_prev_next_post":"1","show_popup_post":"1","number_popup_post":"1","show_post_related":"1","show_inline_post_related":"1"}],"image_override":[{"single_post_thumbnail_size":"crop-500","single_post_gallery_size":"crop-500"}],"trending_post_position":"meta","trending_post_label":"Trending","sponsored_post_label":"Sponsored by","disable_ad":"0"},"jnews_primary_category":[],"jnews_social_meta":[],"jnews_override_counter":{"view_counter_number":"0","share_counter_number":"0","like_counter_number":"0","dislike_counter_number":"0"},"footnotes":""},"categories":[92],"tags":[],"class_list":["post-28035","post","type-post","status-publish","format-standard","has-post-thumbnail","hentry","category-revista-digital"],"acf":[],"yoast_head":"<!-- This site is optimized with the Yoast SEO plugin v27.2 - https:\/\/yoast.com\/product\/yoast-seo-wordpress\/ -->\n<title>2025: UN A\u00d1O PARA RECORDAR, UNA INDUSTRIA EN MOVIMIENTO, UN FUTURO POR ESCRIBIR - Revista Logistec<\/title>\n<meta name=\"robots\" content=\"index, follow, max-snippet:-1, max-image-preview:large, max-video-preview:-1\" \/>\n<link rel=\"canonical\" href=\"https:\/\/www.revistalogistec.com\/index.php\/2025\/12\/16\/2025-un-ano-para-recordar-una-industria-en-movimiento-un-futuro-por-escribir\/\" \/>\n<meta property=\"og:locale\" content=\"es_ES\" \/>\n<meta property=\"og:type\" content=\"article\" \/>\n<meta property=\"og:title\" content=\"2025: UN A\u00d1O PARA RECORDAR, UNA INDUSTRIA EN MOVIMIENTO, UN FUTURO POR ESCRIBIR - Revista Logistec\" \/>\n<meta property=\"og:description\" content=\"&nbsp; 2025 no fue un a\u00f1o cualquiera. Fue un per\u00edodo que nos oblig\u00f3 a estirar capacidades, revisar certezas y aprender en movimiento. Desde las interrupciones repentinas en las cadenas globales y la presi\u00f3n sobre los tiempos de entrega, hasta la aceleraci\u00f3n a veces abrupta de tecnolog\u00edas que ya no son promesa, sino parte del d\u00eda [&hellip;]\" \/>\n<meta property=\"og:url\" content=\"https:\/\/www.revistalogistec.com\/index.php\/2025\/12\/16\/2025-un-ano-para-recordar-una-industria-en-movimiento-un-futuro-por-escribir\/\" \/>\n<meta property=\"og:site_name\" content=\"Revista Logistec\" \/>\n<meta property=\"article:published_time\" content=\"2025-12-16T13:06:22+00:00\" \/>\n<meta property=\"article:modified_time\" content=\"2025-12-16T13:11:25+00:00\" \/>\n<meta property=\"og:image\" content=\"https:\/\/www.revistalogistec.com\/wp-content\/uploads\/2025\/12\/Portada_ED151.jpg\" \/>\n\t<meta property=\"og:image:width\" content=\"850\" \/>\n\t<meta property=\"og:image:height\" content=\"1087\" \/>\n\t<meta property=\"og:image:type\" content=\"image\/jpeg\" \/>\n<meta name=\"author\" content=\"admin\" \/>\n<meta name=\"twitter:card\" content=\"summary_large_image\" \/>\n<meta name=\"twitter:label1\" content=\"Escrito por\" \/>\n\t<meta name=\"twitter:data1\" content=\"admin\" \/>\n\t<meta name=\"twitter:label2\" content=\"Tiempo de lectura\" \/>\n\t<meta name=\"twitter:data2\" content=\"3 minutos\" \/>\n<script type=\"application\/ld+json\" class=\"yoast-schema-graph\">{\"@context\":\"https:\/\/schema.org\",\"@graph\":[{\"@type\":\"Article\",\"@id\":\"https:\/\/www.revistalogistec.com\/index.php\/2025\/12\/16\/2025-un-ano-para-recordar-una-industria-en-movimiento-un-futuro-por-escribir\/#article\",\"isPartOf\":{\"@id\":\"https:\/\/www.revistalogistec.com\/index.php\/2025\/12\/16\/2025-un-ano-para-recordar-una-industria-en-movimiento-un-futuro-por-escribir\/\"},\"author\":{\"name\":\"admin\",\"@id\":\"https:\/\/www.revistalogistec.com\/#\/schema\/person\/b25cced65507282f3fc6eb806b1db4f0\"},\"headline\":\"2025: UN A\u00d1O PARA RECORDAR, UNA INDUSTRIA EN MOVIMIENTO, UN FUTURO POR ESCRIBIR\",\"datePublished\":\"2025-12-16T13:06:22+00:00\",\"dateModified\":\"2025-12-16T13:11:25+00:00\",\"mainEntityOfPage\":{\"@id\":\"https:\/\/www.revistalogistec.com\/index.php\/2025\/12\/16\/2025-un-ano-para-recordar-una-industria-en-movimiento-un-futuro-por-escribir\/\"},\"wordCount\":452,\"image\":{\"@id\":\"https:\/\/www.revistalogistec.com\/index.php\/2025\/12\/16\/2025-un-ano-para-recordar-una-industria-en-movimiento-un-futuro-por-escribir\/#primaryimage\"},\"thumbnailUrl\":\"https:\/\/www.revistalogistec.com\/wp-content\/uploads\/2025\/12\/Portada_ED151.jpg\",\"articleSection\":[\"REVISTA DIGITAL\"],\"inLanguage\":\"es\"},{\"@type\":\"WebPage\",\"@id\":\"https:\/\/www.revistalogistec.com\/index.php\/2025\/12\/16\/2025-un-ano-para-recordar-una-industria-en-movimiento-un-futuro-por-escribir\/\",\"url\":\"https:\/\/www.revistalogistec.com\/index.php\/2025\/12\/16\/2025-un-ano-para-recordar-una-industria-en-movimiento-un-futuro-por-escribir\/\",\"name\":\"2025: UN A\u00d1O PARA RECORDAR, UNA INDUSTRIA EN MOVIMIENTO, UN FUTURO POR ESCRIBIR - Revista Logistec\",\"isPartOf\":{\"@id\":\"https:\/\/www.revistalogistec.com\/#website\"},\"primaryImageOfPage\":{\"@id\":\"https:\/\/www.revistalogistec.com\/index.php\/2025\/12\/16\/2025-un-ano-para-recordar-una-industria-en-movimiento-un-futuro-por-escribir\/#primaryimage\"},\"image\":{\"@id\":\"https:\/\/www.revistalogistec.com\/index.php\/2025\/12\/16\/2025-un-ano-para-recordar-una-industria-en-movimiento-un-futuro-por-escribir\/#primaryimage\"},\"thumbnailUrl\":\"https:\/\/www.revistalogistec.com\/wp-content\/uploads\/2025\/12\/Portada_ED151.jpg\",\"datePublished\":\"2025-12-16T13:06:22+00:00\",\"dateModified\":\"2025-12-16T13:11:25+00:00\",\"author\":{\"@id\":\"https:\/\/www.revistalogistec.com\/#\/schema\/person\/b25cced65507282f3fc6eb806b1db4f0\"},\"breadcrumb\":{\"@id\":\"https:\/\/www.revistalogistec.com\/index.php\/2025\/12\/16\/2025-un-ano-para-recordar-una-industria-en-movimiento-un-futuro-por-escribir\/#breadcrumb\"},\"inLanguage\":\"es\",\"potentialAction\":[{\"@type\":\"ReadAction\",\"target\":[\"https:\/\/www.revistalogistec.com\/index.php\/2025\/12\/16\/2025-un-ano-para-recordar-una-industria-en-movimiento-un-futuro-por-escribir\/\"]}]},{\"@type\":\"ImageObject\",\"inLanguage\":\"es\",\"@id\":\"https:\/\/www.revistalogistec.com\/index.php\/2025\/12\/16\/2025-un-ano-para-recordar-una-industria-en-movimiento-un-futuro-por-escribir\/#primaryimage\",\"url\":\"https:\/\/www.revistalogistec.com\/wp-content\/uploads\/2025\/12\/Portada_ED151.jpg\",\"contentUrl\":\"https:\/\/www.revistalogistec.com\/wp-content\/uploads\/2025\/12\/Portada_ED151.jpg\",\"width\":850,\"height\":1087},{\"@type\":\"BreadcrumbList\",\"@id\":\"https:\/\/www.revistalogistec.com\/index.php\/2025\/12\/16\/2025-un-ano-para-recordar-una-industria-en-movimiento-un-futuro-por-escribir\/#breadcrumb\",\"itemListElement\":[{\"@type\":\"ListItem\",\"position\":1,\"name\":\"Portada\",\"item\":\"https:\/\/www.revistalogistec.com\/\"},{\"@type\":\"ListItem\",\"position\":2,\"name\":\"2025: UN A\u00d1O PARA RECORDAR, UNA INDUSTRIA EN MOVIMIENTO, UN FUTURO POR ESCRIBIR\"}]},{\"@type\":\"WebSite\",\"@id\":\"https:\/\/www.revistalogistec.com\/#website\",\"url\":\"https:\/\/www.revistalogistec.com\/\",\"name\":\"Revista Logistec\",\"description\":\"\",\"potentialAction\":[{\"@type\":\"SearchAction\",\"target\":{\"@type\":\"EntryPoint\",\"urlTemplate\":\"https:\/\/www.revistalogistec.com\/?s={search_term_string}\"},\"query-input\":{\"@type\":\"PropertyValueSpecification\",\"valueRequired\":true,\"valueName\":\"search_term_string\"}}],\"inLanguage\":\"es\"},{\"@type\":\"Person\",\"@id\":\"https:\/\/www.revistalogistec.com\/#\/schema\/person\/b25cced65507282f3fc6eb806b1db4f0\",\"name\":\"admin\",\"image\":{\"@type\":\"ImageObject\",\"inLanguage\":\"es\",\"@id\":\"https:\/\/secure.gravatar.com\/avatar\/94631f712dee24b50f2f12a7caf62df22b2c346945fcff655ce85b674bebf6fd?s=96&d=mm&r=g\",\"url\":\"https:\/\/secure.gravatar.com\/avatar\/94631f712dee24b50f2f12a7caf62df22b2c346945fcff655ce85b674bebf6fd?s=96&d=mm&r=g\",\"contentUrl\":\"https:\/\/secure.gravatar.com\/avatar\/94631f712dee24b50f2f12a7caf62df22b2c346945fcff655ce85b674bebf6fd?s=96&d=mm&r=g\",\"caption\":\"admin\"},\"sameAs\":[\"https:\/\/www.revistalogistec.com\"],\"url\":\"https:\/\/www.revistalogistec.com\/index.php\/author\/admin_revlog\/\"}]}<\/script>\n<!-- \/ Yoast SEO plugin. -->","yoast_head_json":{"title":"2025: UN A\u00d1O PARA RECORDAR, UNA INDUSTRIA EN MOVIMIENTO, UN FUTURO POR ESCRIBIR - Revista Logistec","robots":{"index":"index","follow":"follow","max-snippet":"max-snippet:-1","max-image-preview":"max-image-preview:large","max-video-preview":"max-video-preview:-1"},"canonical":"https:\/\/www.revistalogistec.com\/index.php\/2025\/12\/16\/2025-un-ano-para-recordar-una-industria-en-movimiento-un-futuro-por-escribir\/","og_locale":"es_ES","og_type":"article","og_title":"2025: UN A\u00d1O PARA RECORDAR, UNA INDUSTRIA EN MOVIMIENTO, UN FUTURO POR ESCRIBIR - Revista Logistec","og_description":"&nbsp; 2025 no fue un a\u00f1o cualquiera. Fue un per\u00edodo que nos oblig\u00f3 a estirar capacidades, revisar certezas y aprender en movimiento. Desde las interrupciones repentinas en las cadenas globales y la presi\u00f3n sobre los tiempos de entrega, hasta la aceleraci\u00f3n a veces abrupta de tecnolog\u00edas que ya no son promesa, sino parte del d\u00eda [&hellip;]","og_url":"https:\/\/www.revistalogistec.com\/index.php\/2025\/12\/16\/2025-un-ano-para-recordar-una-industria-en-movimiento-un-futuro-por-escribir\/","og_site_name":"Revista Logistec","article_published_time":"2025-12-16T13:06:22+00:00","article_modified_time":"2025-12-16T13:11:25+00:00","og_image":[{"width":850,"height":1087,"url":"https:\/\/www.revistalogistec.com\/wp-content\/uploads\/2025\/12\/Portada_ED151.jpg","type":"image\/jpeg"}],"author":"admin","twitter_card":"summary_large_image","twitter_misc":{"Escrito por":"admin","Tiempo de lectura":"3 minutos"},"schema":{"@context":"https:\/\/schema.org","@graph":[{"@type":"Article","@id":"https:\/\/www.revistalogistec.com\/index.php\/2025\/12\/16\/2025-un-ano-para-recordar-una-industria-en-movimiento-un-futuro-por-escribir\/#article","isPartOf":{"@id":"https:\/\/www.revistalogistec.com\/index.php\/2025\/12\/16\/2025-un-ano-para-recordar-una-industria-en-movimiento-un-futuro-por-escribir\/"},"author":{"name":"admin","@id":"https:\/\/www.revistalogistec.com\/#\/schema\/person\/b25cced65507282f3fc6eb806b1db4f0"},"headline":"2025: UN A\u00d1O PARA RECORDAR, UNA INDUSTRIA EN MOVIMIENTO, UN FUTURO POR ESCRIBIR","datePublished":"2025-12-16T13:06:22+00:00","dateModified":"2025-12-16T13:11:25+00:00","mainEntityOfPage":{"@id":"https:\/\/www.revistalogistec.com\/index.php\/2025\/12\/16\/2025-un-ano-para-recordar-una-industria-en-movimiento-un-futuro-por-escribir\/"},"wordCount":452,"image":{"@id":"https:\/\/www.revistalogistec.com\/index.php\/2025\/12\/16\/2025-un-ano-para-recordar-una-industria-en-movimiento-un-futuro-por-escribir\/#primaryimage"},"thumbnailUrl":"https:\/\/www.revistalogistec.com\/wp-content\/uploads\/2025\/12\/Portada_ED151.jpg","articleSection":["REVISTA DIGITAL"],"inLanguage":"es"},{"@type":"WebPage","@id":"https:\/\/www.revistalogistec.com\/index.php\/2025\/12\/16\/2025-un-ano-para-recordar-una-industria-en-movimiento-un-futuro-por-escribir\/","url":"https:\/\/www.revistalogistec.com\/index.php\/2025\/12\/16\/2025-un-ano-para-recordar-una-industria-en-movimiento-un-futuro-por-escribir\/","name":"2025: UN A\u00d1O PARA RECORDAR, UNA INDUSTRIA EN MOVIMIENTO, UN FUTURO POR ESCRIBIR - Revista Logistec","isPartOf":{"@id":"https:\/\/www.revistalogistec.com\/#website"},"primaryImageOfPage":{"@id":"https:\/\/www.revistalogistec.com\/index.php\/2025\/12\/16\/2025-un-ano-para-recordar-una-industria-en-movimiento-un-futuro-por-escribir\/#primaryimage"},"image":{"@id":"https:\/\/www.revistalogistec.com\/index.php\/2025\/12\/16\/2025-un-ano-para-recordar-una-industria-en-movimiento-un-futuro-por-escribir\/#primaryimage"},"thumbnailUrl":"https:\/\/www.revistalogistec.com\/wp-content\/uploads\/2025\/12\/Portada_ED151.jpg","datePublished":"2025-12-16T13:06:22+00:00","dateModified":"2025-12-16T13:11:25+00:00","author":{"@id":"https:\/\/www.revistalogistec.com\/#\/schema\/person\/b25cced65507282f3fc6eb806b1db4f0"},"breadcrumb":{"@id":"https:\/\/www.revistalogistec.com\/index.php\/2025\/12\/16\/2025-un-ano-para-recordar-una-industria-en-movimiento-un-futuro-por-escribir\/#breadcrumb"},"inLanguage":"es","potentialAction":[{"@type":"ReadAction","target":["https:\/\/www.revistalogistec.com\/index.php\/2025\/12\/16\/2025-un-ano-para-recordar-una-industria-en-movimiento-un-futuro-por-escribir\/"]}]},{"@type":"ImageObject","inLanguage":"es","@id":"https:\/\/www.revistalogistec.com\/index.php\/2025\/12\/16\/2025-un-ano-para-recordar-una-industria-en-movimiento-un-futuro-por-escribir\/#primaryimage","url":"https:\/\/www.revistalogistec.com\/wp-content\/uploads\/2025\/12\/Portada_ED151.jpg","contentUrl":"https:\/\/www.revistalogistec.com\/wp-content\/uploads\/2025\/12\/Portada_ED151.jpg","width":850,"height":1087},{"@type":"BreadcrumbList","@id":"https:\/\/www.revistalogistec.com\/index.php\/2025\/12\/16\/2025-un-ano-para-recordar-una-industria-en-movimiento-un-futuro-por-escribir\/#breadcrumb","itemListElement":[{"@type":"ListItem","position":1,"name":"Portada","item":"https:\/\/www.revistalogistec.com\/"},{"@type":"ListItem","position":2,"name":"2025: UN A\u00d1O PARA RECORDAR, UNA INDUSTRIA EN MOVIMIENTO, UN FUTURO POR ESCRIBIR"}]},{"@type":"WebSite","@id":"https:\/\/www.revistalogistec.com\/#website","url":"https:\/\/www.revistalogistec.com\/","name":"Revista Logistec","description":"","potentialAction":[{"@type":"SearchAction","target":{"@type":"EntryPoint","urlTemplate":"https:\/\/www.revistalogistec.com\/?s={search_term_string}"},"query-input":{"@type":"PropertyValueSpecification","valueRequired":true,"valueName":"search_term_string"}}],"inLanguage":"es"},{"@type":"Person","@id":"https:\/\/www.revistalogistec.com\/#\/schema\/person\/b25cced65507282f3fc6eb806b1db4f0","name":"admin","image":{"@type":"ImageObject","inLanguage":"es","@id":"https:\/\/secure.gravatar.com\/avatar\/94631f712dee24b50f2f12a7caf62df22b2c346945fcff655ce85b674bebf6fd?s=96&d=mm&r=g","url":"https:\/\/secure.gravatar.com\/avatar\/94631f712dee24b50f2f12a7caf62df22b2c346945fcff655ce85b674bebf6fd?s=96&d=mm&r=g","contentUrl":"https:\/\/secure.gravatar.com\/avatar\/94631f712dee24b50f2f12a7caf62df22b2c346945fcff655ce85b674bebf6fd?s=96&d=mm&r=g","caption":"admin"},"sameAs":["https:\/\/www.revistalogistec.com"],"url":"https:\/\/www.revistalogistec.com\/index.php\/author\/admin_revlog\/"}]}},"_links":{"self":[{"href":"https:\/\/www.revistalogistec.com\/index.php\/wp-json\/wp\/v2\/posts\/28035","targetHints":{"allow":["GET"]}}],"collection":[{"href":"https:\/\/www.revistalogistec.com\/index.php\/wp-json\/wp\/v2\/posts"}],"about":[{"href":"https:\/\/www.revistalogistec.com\/index.php\/wp-json\/wp\/v2\/types\/post"}],"author":[{"embeddable":true,"href":"https:\/\/www.revistalogistec.com\/index.php\/wp-json\/wp\/v2\/users\/1"}],"replies":[{"embeddable":true,"href":"https:\/\/www.revistalogistec.com\/index.php\/wp-json\/wp\/v2\/comments?post=28035"}],"version-history":[{"count":0,"href":"https:\/\/www.revistalogistec.com\/index.php\/wp-json\/wp\/v2\/posts\/28035\/revisions"}],"wp:featuredmedia":[{"embeddable":true,"href":"https:\/\/www.revistalogistec.com\/index.php\/wp-json\/wp\/v2\/media\/28036"}],"wp:attachment":[{"href":"https:\/\/www.revistalogistec.com\/index.php\/wp-json\/wp\/v2\/media?parent=28035"}],"wp:term":[{"taxonomy":"category","embeddable":true,"href":"https:\/\/www.revistalogistec.com\/index.php\/wp-json\/wp\/v2\/categories?post=28035"},{"taxonomy":"post_tag","embeddable":true,"href":"https:\/\/www.revistalogistec.com\/index.php\/wp-json\/wp\/v2\/tags?post=28035"}],"curies":[{"name":"wp","href":"https:\/\/api.w.org\/{rel}","templated":true}]}}