{"id":28043,"date":"2025-12-16T10:18:30","date_gmt":"2025-12-16T14:18:30","guid":{"rendered":"https:\/\/www.revistalogistec.com\/?p=28043"},"modified":"2025-12-16T10:18:30","modified_gmt":"2025-12-16T14:18:30","slug":"cuatro-anos-de-transformacion-el-balance-estrategico-del-ministro-munoz-en-el-mtt","status":"publish","type":"post","link":"https:\/\/www.revistalogistec.com\/index.php\/2025\/12\/16\/cuatro-anos-de-transformacion-el-balance-estrategico-del-ministro-munoz-en-el-mtt\/","title":{"rendered":"CUATRO A\u00d1OS DE TRANSFORMACI\u00d3N: EL BALANCE ESTRAT\u00c9GICO DEL MINISTRO MU\u00d1OZ EN EL MTT"},"content":{"rendered":"<p style=\"text-align: justify;\">El ministro Juan Carlos Mu\u00f1oz repasa los avances, desaf\u00edos y oportunidades que marcaron estos cuatro a\u00f1os encabezando la cartera de Transporte y Telecomunicaciones en su participaci\u00f3n en la celebraci\u00f3n anual de ALOG y proyect\u00f3 una convicci\u00f3n: la log\u00edstica debe convertirse en una pol\u00edtica de Estado para que Chile pueda competir, integrarse y crecer.<!--more--><\/p>\n<p style=\"text-align: justify;\">Liderar el Ministerio de Transportes y Telecomunicaciones (MTT) durante cuatro a\u00f1os no es un ejercicio administrativo: es conducir una de las carteras m\u00e1s complejas, transversales y expuestas del pa\u00eds. Significa mirar Chile desde sus carreteras, sus puertos, sus ciudades, sus zonas aisladas y sus corredores internacionales. Significa observar el mundo, entender tendencias, leer c\u00f3mo se mueven las econom\u00edas globales y c\u00f3mo la tecnolog\u00eda reconfigura, a gran velocidad, la forma en que las personas y las cargas circulan.<\/p>\n<p style=\"text-align: justify;\">Para un ministro, no basta gestionar; hay que anticipar. No basta ejecutar; hay que interpretar. Porque el transporte, ya sea p\u00fablico, privado, terrestre, ferroviario, a\u00e9reo o mar\u00edtimo, no es un servicio aislado: es una red viva, interdependiente, con luces y sombras, que refleja las tensiones, los avances y las fragilidades de un pa\u00eds.<\/p>\n<p style=\"text-align: justify;\">Y durante la administraci\u00f3n del Presidente Gabriel Boric, ese desaf\u00edo se volvi\u00f3 a\u00fan m\u00e1s n\u00edtido. El pa\u00eds debi\u00f3 responder simult\u00e1neamente a nuevas demandas log\u00edsticas, mayor presi\u00f3n en infraestructura, actores globales m\u00e1s competitivos, exigencias medioambientales hist\u00f3ricas y riesgos crecientes en seguridad. Ah\u00ed, conducir el MTT exigi\u00f3 una mezcla poco com\u00fan de visi\u00f3n estrat\u00e9gica, criterio t\u00e9cnico, di\u00e1logo pol\u00edtico y contacto directo con la industria.<\/p>\n<p style=\"text-align: justify;\">Desde esa posici\u00f3n, el ministro Juan Carlos Mu\u00f1oz ha tenido que gestionar proyectos de alto impacto, enfrentar complejidades que no siempre est\u00e1n a la vista del p\u00fablico y, al mismo tiempo, construir acuerdos que trascienden a un gobierno.<\/p>\n<p style=\"text-align: justify;\">Ser ministro implica recibir cr\u00edticas, evaluar lo que no funciona, corregir, escuchar al sector privado, conversar con gremios, acompa\u00f1ar innovaciones, enfrentar tensiones internas, sostener conversaciones dif\u00edciles y defender transformaciones que pueden incomodar. Tambi\u00e9n implica ver oportunidades donde otros ven problemas: nuevas tecnolog\u00edas, nuevos modelos de transporte, nuevas alianzas. Significa, en definitiva, situar a la log\u00edstica y al transporte en el centro del desarrollo nacional.<\/p>\n<p style=\"text-align: justify;\">Bajo esa l\u00f3gica, y ante los principales actores de la industria reunidos en la celebraci\u00f3n de fin de a\u00f1o de la Asociaci\u00f3n Log\u00edstica de Chile (ALOG), el ministro traz\u00f3 un balance que no solo releva los avances de estos a\u00f1os, sino que proyecta c\u00f3mo Chile debe prepararse para competir, integrarse y operar con est\u00e1ndares internacionales.<\/p>\n<p style=\"text-align: justify;\">Lo que sigui\u00f3 fue un an\u00e1lisis profundo del estado del sector, una radiograf\u00eda de los desaf\u00edos estructurales y un mensaje claro: la log\u00edstica debe ser pol\u00edtica de Estado, una construcci\u00f3n transversal que defina el futuro del pa\u00eds.<\/p>\n<p style=\"text-align: justify;\">\u201cLos desaf\u00edos son enormes, pero tambi\u00e9n lo es el compromiso del pa\u00eds. El sector log\u00edstico es el sistema nervioso de Chile: si no funciona bien, el pa\u00eds no funciona bien\u201d, afirm\u00f3 el ministro durante su intervenci\u00f3n ante m\u00e1s de 80 actores del mundo p\u00fablico y privado reunidos en la ceremonia.<\/p>\n<h4 style=\"text-align: justify;\"><strong>SEGURIDAD: EL DESAF\u00cdO TRANSVERSAL <\/strong><\/h4>\n<p style=\"text-align: justify;\">La seguridad, en todas sus dimensiones, fue uno de los temas m\u00e1s destacados por la autoridad. Aunque reconoce avances, Mu\u00f1oz fue enf\u00e1tico: \u201cLa seguridad sigue siendo un desaf\u00edo, pero estamos avanzando\u201d.<\/p>\n<p style=\"text-align: justify;\">Uno de los ejes prioritarios ha sido la incorporaci\u00f3n de tecnolog\u00edas habilitantes, como la expansi\u00f3n del 5G, que permitir\u00e1 alumbrar las carreteras y asegurar cobertura continua, facilitando que los conductores puedan enviar alertas en tiempo real en cualquier punto del trayecto. \u201cUn transportista debe sentirse seguro en todo momento. No puede haber zonas ciegas\u201d, se\u00f1al\u00f3.<\/p>\n<p style=\"text-align: justify;\">Para enfrentar la falta de conectividad en zonas extremas, muelles o \u00e1reas rurales, el ministerio impuls\u00f3 una alianza con Entel y la empresa de tecnolog\u00eda satelital SpaceX, buscando garantizar comunicaci\u00f3n continua incluso en los puntos m\u00e1s aislados del pa\u00eds.<\/p>\n<p style=\"text-align: justify;\">La seguridad vial tambi\u00e9n preocupa. Aunque las cifras han mejorado, el ministro recuerda que 1.800 personas mueren al a\u00f1o en siniestros viales, un impacto humano que repercute tambi\u00e9n en la log\u00edstica. \u201cNo son n\u00fameros: son vidas. Y afectan directamente al funcionamiento de la cadena log\u00edstica y al transporte\u201d, subray\u00f3.<\/p>\n<h4 style=\"text-align: justify;\"><strong>CAPITAL HUMANO<\/strong><\/h4>\n<p style=\"text-align: justify;\">Uno de los cuellos de botella hist\u00f3ricos del transporte ha sido la falta de conductores. Seg\u00fan el titular de Transporte, el pa\u00eds ha avanzado en dos frentes: la homologaci\u00f3n de licencias de conducir con pa\u00edses vecinos y la incorporaci\u00f3n progresiva de mujeres al sistema de transporte.<\/p>\n<p style=\"text-align: justify;\">\u201cHay una oportunidad preciosa para que el sector log\u00edstico cierre brechas y abra m\u00e1s puertas\u201d, destac\u00f3. Solo en el sistema RED, hoy trabajan 2.000 mujeres, cifra in\u00e9dita que muestra c\u00f3mo se est\u00e1 instalando el empleo formal femenino en el transporte y la log\u00edstica.<\/p>\n<h4 style=\"text-align: justify;\"><strong>LA RUTA HACIA LA CARBONO NEUTRALIDAD <\/strong><\/h4>\n<p style=\"text-align: justify;\">En materia medioambiental, Chile se ha propuesto una de las metas m\u00e1s ambiciosas del continente: alcanzar la carbono-neutralidad al 2050. Seg\u00fan Mu\u00f1oz, esta aspiraci\u00f3n ya no es solo un compromiso declarado, sino una hoja de ruta que est\u00e1 siendo aterrizada con medidas concretas y medibles.<\/p>\n<p style=\"text-align: justify;\">Por ejemplo, el pa\u00eds ya se posiciona como la ciudad, fuera de China, con la mayor flota de buses el\u00e9ctricos del mundo, un hito urbano que no solo transforma el transporte p\u00fablico, sino que tambi\u00e9n revela un horizonte claro para la log\u00edstica y el transporte de carga.<\/p>\n<p style=\"text-align: justify;\">La electromovilidad dej\u00f3 de ser un plan a largo plazo para convertirse en una tendencia inminente, con efectos directos en c\u00f3mo las cadenas de suministro deben prepararse para operar en un escenario bajo en emisiones.<\/p>\n<p style=\"text-align: justify;\">\u201cEstamos haciendo pilotos para que la log\u00edstica avance en la misma direcci\u00f3n\u201d, se\u00f1al\u00f3 el ministro, destacando iniciativas orientadas a descarbonizar parte del transporte de carga, mejorar la eficiencia energ\u00e9tica de los veh\u00edculos y promover tecnolog\u00edas que permitan transitar hacia energ\u00edas m\u00e1s limpias.<\/p>\n<p style=\"text-align: justify;\">Pero Mu\u00f1oz enfatiza que no se trata de una obligaci\u00f3n regulatoria ni de una respuesta reactiva a las metas globales; es una decisi\u00f3n estrat\u00e9gica de futuro. La log\u00edstica, hist\u00f3ricamente vista como un \u00e1rea operativa, hoy tiene la tarea de movilizar al sector privado hacia operaciones m\u00e1s responsables, eficientes y respetuosas con el entorno.<\/p>\n<p style=\"text-align: justify;\">Impulsar modelos m\u00e1s sostenibles no solo eleva los est\u00e1ndares de la industria, sino que tambi\u00e9n abre oportunidades competitivas, desde optimizaci\u00f3n de rutas y reducci\u00f3n de costos energ\u00e9ticos, hasta la preferencia de clientes y mercados que exigen cadenas verdes y verificables.<\/p>\n<p style=\"text-align: justify;\">La sostenibilidad, en esta perspectiva, es un camino que el sector debe recorrer con convicci\u00f3n, no solo para cumplir metas, sino para definir el tipo de industria que Chile quiere construir hacia adelante: una cadena log\u00edstica moderna, consciente de su impacto y capaz de liderar transformaciones que marquen diferencias reales en eficiencia, reputaci\u00f3n y resiliencia.<\/p>\n<h4 style=\"text-align: justify;\"><strong>TRANSFORMACIONES ESTRUCTURALES <\/strong><\/h4>\n<p style=\"text-align: justify;\">El ministro Mu\u00f1oz subray\u00f3 que, aunque gran parte de los avances recientes se han impulsado en esta administraci\u00f3n, muchos responden a procesos de largo plazo, propios de una pol\u00edtica p\u00fablica sostenida con visi\u00f3n estrat\u00e9gica.<\/p>\n<p style=\"text-align: justify;\">Uno de los hitos m\u00e1s relevantes del a\u00f1o, en cuanto al transporte mar\u00edtimo, fue la aprobaci\u00f3n de la Ley de Cabotaje, que facilita el transporte de carga por v\u00eda mar\u00edtima dentro del territorio nacional. Esto, seg\u00fan Mu\u00f1oz, abre oportunidades para reducir costos log\u00edsticos y descongestionar rutas terrestres.<\/p>\n<p style=\"text-align: justify;\">A esto se suma la implementaci\u00f3n de la Ventanilla \u00danica Mar\u00edtima, que permite que cada buque que entra o sale de Chile realice todos sus tr\u00e1mites en una sola plataforma. \u201cEsto disminuye tiempos, mejora costos y pone a Chile al nivel de los est\u00e1ndares internacionales\u201d, dijo el ministro.<\/p>\n<p style=\"text-align: justify;\">En materia de infraestructura, destac\u00f3 el avance del Puerto Exterior de San Antonio, proyecto clave que permitir\u00e1 mover 6 millones de contenedores al a\u00f1o. El proceso de licitaci\u00f3n est\u00e1 en curso y se espera cerrar la recepci\u00f3n de ofertas para el muelle de abrigo pr\u00f3ximamente.<\/p>\n<p style=\"text-align: justify;\">Otro avance importante es el proyecto para aumentar la altura de ola operativa en San Antonio, reduciendo significativamente los d\u00edas en que el puerto debe cerrar por condiciones clim\u00e1ticas.<\/p>\n<p style=\"text-align: justify;\">El ministro detall\u00f3 tambi\u00e9n los esfuerzos en el norte del pa\u00eds, particularmente el impulso al Corredor Bioce\u00e1nico, que conectar\u00e1 el sur de Brasil, Paraguay y el norte de Argentina con los puertos de Antofagasta, Mejillones e Iquique. \u201cEstamos trabajando para hacer realidad una iniciativa que transformar\u00e1 la log\u00edstica regional\u201d, afirm\u00f3.<\/p>\n<p style=\"text-align: justify;\">Adem\u00e1s, destac\u00f3 el trabajo \u201cpuerto a puerto\u201d para mejorar est\u00e1ndares, junto con el fortalecimiento del Puerto de Punta Arenas, pieza clave para el desarrollo industrial y de zonas extremas.<\/p>\n<h4 style=\"text-align: justify;\"><strong>EL RENACER DEL TREN DE CARGA<\/strong><\/h4>\n<p style=\"text-align: justify;\">Quiz\u00e1s el avance m\u00e1s significativo de los \u00faltimos a\u00f1os viene por el lado ferroviario. \u201cEl transporte de carga por tren es donde m\u00e1s hemos trabajado recientemente\u201d, se\u00f1al\u00f3 el ministro.<\/p>\n<p style=\"text-align: justify;\">Entre los proyectos emblem\u00e1ticos destacan:<\/p>\n<ul style=\"text-align: justify;\">\n<li>Ampliaci\u00f3n del Terminal Barrancas en San Antonio, que hoy mueve 50 mil contenedores al a\u00f1o y que, tras la intervenci\u00f3n, se espera quintuplicar su capacidad.<\/li>\n<li>El corredor ferroviario del Puerto Exterior, que conectar\u00e1 con un centro multimodal en Talagante\u2013Pe\u00f1aflor, terreno que ya fue adquirido.<\/li>\n<li>La creaci\u00f3n de la nueva Gerencia Log\u00edstica de EFE, que busca abrir espacio a nuevos operadores ferroviarios de carga a partir de 2028.<\/li>\n<li>La habilitaci\u00f3n del puente ferroviario sobre el r\u00edo Biob\u00edo, infraestructura clave para aumentar la capacidad de transporte hacia el sur del pa\u00eds.\n<p>\u201cSon pasos concretos que permiten cambiar la forma de trabajar en esta industria y abrir nuevos horizontes para el movimiento de carga\u201d, destac\u00f3.<\/li>\n<\/ul>\n<h4 style=\"text-align: justify;\"><strong>UN PA\u00cdS QUE AVANZA, UN SISTEMA QUE EVOLUCIONA<\/strong><\/h4>\n<p style=\"text-align: justify;\">Si bien Mu\u00f1oz reconoce que existen desaf\u00edos relevantes tambi\u00e9n dej\u00f3 un mensaje optimista: \u201cEst\u00e1n pasando cosas, pero a\u00fan quedan desaf\u00edos en la industria\u201d, enfatiz\u00f3.<\/p>\n<p style=\"text-align: justify;\">Finalmente, hizo un llamado al trabajo conjunto entre sector p\u00fablico y privado. \u201cEl desarrollo log\u00edstico del pa\u00eds depende de la colaboraci\u00f3n p\u00fablico-privada. \u00a0Necesitamos una visi\u00f3n compartida, porque la log\u00edstica es el sistema nervioso de Chile y debe funcionar bien\u201d, sentenci\u00f3 el ministro.<\/p>\n<p style=\"text-align: justify;\">Y con ello, dej\u00f3 instalada una idea que atraves\u00f3 toda su intervenci\u00f3n: la log\u00edstica es un proyecto de pa\u00eds, no de un gobierno. Requiere continuidad, visi\u00f3n compartida y la convicci\u00f3n de que modernizar c\u00f3mo Chile se mueve es tambi\u00e9n modernizar c\u00f3mo Chile crece.<\/p>\n","protected":false},"excerpt":{"rendered":"<p>El ministro Juan Carlos Mu\u00f1oz repasa los avances, desaf\u00edos y oportunidades que marcaron estos cuatro a\u00f1os encabezando la cartera de Transporte y Telecomunicaciones en su participaci\u00f3n en la celebraci\u00f3n anual de ALOG y proyect\u00f3 una convicci\u00f3n: la log\u00edstica debe convertirse en una pol\u00edtica de Estado para que Chile pueda competir, integrarse y crecer.<\/p>\n","protected":false},"author":1,"featured_media":28044,"comment_status":"closed","ping_status":"closed","sticky":false,"template":"","format":"gallery","meta":{"_acf_changed":false,"jnews-multi-image_gallery":[],"jnews_single_post":{"format":"gallery","jnews_video_option_group":[[]],"override":[{"template":"1","parallax":"1","fullscreen":"1","layout":"right-sidebar","sidebar":"home-loop","second_sidebar":"default-sidebar","share_position":"top","share_float_style":"share-monocrhome","show_share_counter":"1","show_view_counter":"1","show_featured":"1","show_post_author_image":"1","show_post_date":"1","post_date_format":"default","post_date_format_custom":"Y\/m\/d","show_post_category":"1","show_post_reading_time":"0","post_reading_time_wpm":"300","post_calculate_word_method":"str_word_count","show_zoom_button":"0","zoom_button_out_step":"2","zoom_button_in_step":"3","show_post_tag":"1","show_prev_next_post":"1","show_popup_post":"1","number_popup_post":"1","show_post_related":"1","show_inline_post_related":"1"}],"image_override":[{"single_post_thumbnail_size":"crop-500","single_post_gallery_size":"crop-500"}],"trending_post_position":"meta","trending_post_label":"Trending","sponsored_post_label":"Sponsored by","disable_ad":"0","gallery":"28044,28045,28046,28047,28048,28049","subtitle":""},"jnews_primary_category":[],"jnews_social_meta":[],"jnews_override_counter":{"view_counter_number":"0","share_counter_number":"0","like_counter_number":"0","dislike_counter_number":"0"},"footnotes":""},"categories":[79],"tags":[],"class_list":["post-28043","post","type-post","status-publish","format-gallery","has-post-thumbnail","hentry","category-punto-de-vista","post_format-post-format-gallery"],"acf":[],"yoast_head":"<!-- This site is optimized with the Yoast SEO plugin v27.2 - https:\/\/yoast.com\/product\/yoast-seo-wordpress\/ -->\n<title>CUATRO A\u00d1OS DE TRANSFORMACI\u00d3N: EL BALANCE ESTRAT\u00c9GICO DEL MINISTRO MU\u00d1OZ EN EL MTT - Revista Logistec<\/title>\n<meta name=\"robots\" content=\"index, follow, max-snippet:-1, max-image-preview:large, max-video-preview:-1\" \/>\n<link rel=\"canonical\" href=\"https:\/\/www.revistalogistec.com\/index.php\/2025\/12\/16\/cuatro-anos-de-transformacion-el-balance-estrategico-del-ministro-munoz-en-el-mtt\/\" \/>\n<meta property=\"og:locale\" content=\"es_ES\" \/>\n<meta property=\"og:type\" content=\"article\" \/>\n<meta property=\"og:title\" content=\"CUATRO A\u00d1OS DE TRANSFORMACI\u00d3N: EL BALANCE ESTRAT\u00c9GICO DEL MINISTRO MU\u00d1OZ EN EL MTT - Revista Logistec\" \/>\n<meta property=\"og:description\" content=\"El ministro Juan Carlos Mu\u00f1oz repasa los avances, desaf\u00edos y oportunidades que marcaron estos cuatro a\u00f1os encabezando la cartera de Transporte y Telecomunicaciones en su participaci\u00f3n en la celebraci\u00f3n anual de ALOG y proyect\u00f3 una convicci\u00f3n: la log\u00edstica debe convertirse en una pol\u00edtica de Estado para que Chile pueda competir, integrarse y crecer.\" \/>\n<meta property=\"og:url\" content=\"https:\/\/www.revistalogistec.com\/index.php\/2025\/12\/16\/cuatro-anos-de-transformacion-el-balance-estrategico-del-ministro-munoz-en-el-mtt\/\" \/>\n<meta property=\"og:site_name\" content=\"Revista Logistec\" \/>\n<meta property=\"article:published_time\" content=\"2025-12-16T14:18:30+00:00\" \/>\n<meta property=\"og:image\" content=\"https:\/\/www.revistalogistec.com\/wp-content\/uploads\/2025\/12\/alog_ministro_2025_retrato.jpg\" \/>\n\t<meta property=\"og:image:width\" content=\"1140\" \/>\n\t<meta property=\"og:image:height\" content=\"760\" \/>\n\t<meta property=\"og:image:type\" content=\"image\/jpeg\" \/>\n<meta name=\"author\" content=\"admin\" \/>\n<meta name=\"twitter:card\" content=\"summary_large_image\" \/>\n<meta name=\"twitter:label1\" content=\"Escrito por\" \/>\n\t<meta name=\"twitter:data1\" content=\"admin\" \/>\n\t<meta name=\"twitter:label2\" content=\"Tiempo de lectura\" \/>\n\t<meta name=\"twitter:data2\" content=\"8 minutos\" \/>\n<script type=\"application\/ld+json\" class=\"yoast-schema-graph\">{\"@context\":\"https:\/\/schema.org\",\"@graph\":[{\"@type\":\"Article\",\"@id\":\"https:\/\/www.revistalogistec.com\/index.php\/2025\/12\/16\/cuatro-anos-de-transformacion-el-balance-estrategico-del-ministro-munoz-en-el-mtt\/#article\",\"isPartOf\":{\"@id\":\"https:\/\/www.revistalogistec.com\/index.php\/2025\/12\/16\/cuatro-anos-de-transformacion-el-balance-estrategico-del-ministro-munoz-en-el-mtt\/\"},\"author\":{\"name\":\"admin\",\"@id\":\"https:\/\/www.revistalogistec.com\/#\/schema\/person\/b25cced65507282f3fc6eb806b1db4f0\"},\"headline\":\"CUATRO A\u00d1OS DE TRANSFORMACI\u00d3N: EL BALANCE ESTRAT\u00c9GICO DEL MINISTRO MU\u00d1OZ EN EL MTT\",\"datePublished\":\"2025-12-16T14:18:30+00:00\",\"mainEntityOfPage\":{\"@id\":\"https:\/\/www.revistalogistec.com\/index.php\/2025\/12\/16\/cuatro-anos-de-transformacion-el-balance-estrategico-del-ministro-munoz-en-el-mtt\/\"},\"wordCount\":1847,\"image\":{\"@id\":\"https:\/\/www.revistalogistec.com\/index.php\/2025\/12\/16\/cuatro-anos-de-transformacion-el-balance-estrategico-del-ministro-munoz-en-el-mtt\/#primaryimage\"},\"thumbnailUrl\":\"https:\/\/www.revistalogistec.com\/wp-content\/uploads\/2025\/12\/alog_ministro_2025_retrato.jpg\",\"articleSection\":[\"PUNTO DE VISTA\"],\"inLanguage\":\"es\"},{\"@type\":\"WebPage\",\"@id\":\"https:\/\/www.revistalogistec.com\/index.php\/2025\/12\/16\/cuatro-anos-de-transformacion-el-balance-estrategico-del-ministro-munoz-en-el-mtt\/\",\"url\":\"https:\/\/www.revistalogistec.com\/index.php\/2025\/12\/16\/cuatro-anos-de-transformacion-el-balance-estrategico-del-ministro-munoz-en-el-mtt\/\",\"name\":\"CUATRO A\u00d1OS DE TRANSFORMACI\u00d3N: EL BALANCE ESTRAT\u00c9GICO DEL MINISTRO MU\u00d1OZ EN EL MTT - Revista Logistec\",\"isPartOf\":{\"@id\":\"https:\/\/www.revistalogistec.com\/#website\"},\"primaryImageOfPage\":{\"@id\":\"https:\/\/www.revistalogistec.com\/index.php\/2025\/12\/16\/cuatro-anos-de-transformacion-el-balance-estrategico-del-ministro-munoz-en-el-mtt\/#primaryimage\"},\"image\":{\"@id\":\"https:\/\/www.revistalogistec.com\/index.php\/2025\/12\/16\/cuatro-anos-de-transformacion-el-balance-estrategico-del-ministro-munoz-en-el-mtt\/#primaryimage\"},\"thumbnailUrl\":\"https:\/\/www.revistalogistec.com\/wp-content\/uploads\/2025\/12\/alog_ministro_2025_retrato.jpg\",\"datePublished\":\"2025-12-16T14:18:30+00:00\",\"author\":{\"@id\":\"https:\/\/www.revistalogistec.com\/#\/schema\/person\/b25cced65507282f3fc6eb806b1db4f0\"},\"breadcrumb\":{\"@id\":\"https:\/\/www.revistalogistec.com\/index.php\/2025\/12\/16\/cuatro-anos-de-transformacion-el-balance-estrategico-del-ministro-munoz-en-el-mtt\/#breadcrumb\"},\"inLanguage\":\"es\",\"potentialAction\":[{\"@type\":\"ReadAction\",\"target\":[\"https:\/\/www.revistalogistec.com\/index.php\/2025\/12\/16\/cuatro-anos-de-transformacion-el-balance-estrategico-del-ministro-munoz-en-el-mtt\/\"]}]},{\"@type\":\"ImageObject\",\"inLanguage\":\"es\",\"@id\":\"https:\/\/www.revistalogistec.com\/index.php\/2025\/12\/16\/cuatro-anos-de-transformacion-el-balance-estrategico-del-ministro-munoz-en-el-mtt\/#primaryimage\",\"url\":\"https:\/\/www.revistalogistec.com\/wp-content\/uploads\/2025\/12\/alog_ministro_2025_retrato.jpg\",\"contentUrl\":\"https:\/\/www.revistalogistec.com\/wp-content\/uploads\/2025\/12\/alog_ministro_2025_retrato.jpg\",\"width\":1140,\"height\":760},{\"@type\":\"BreadcrumbList\",\"@id\":\"https:\/\/www.revistalogistec.com\/index.php\/2025\/12\/16\/cuatro-anos-de-transformacion-el-balance-estrategico-del-ministro-munoz-en-el-mtt\/#breadcrumb\",\"itemListElement\":[{\"@type\":\"ListItem\",\"position\":1,\"name\":\"Portada\",\"item\":\"https:\/\/www.revistalogistec.com\/\"},{\"@type\":\"ListItem\",\"position\":2,\"name\":\"CUATRO A\u00d1OS DE TRANSFORMACI\u00d3N: EL BALANCE ESTRAT\u00c9GICO DEL MINISTRO MU\u00d1OZ EN EL MTT\"}]},{\"@type\":\"WebSite\",\"@id\":\"https:\/\/www.revistalogistec.com\/#website\",\"url\":\"https:\/\/www.revistalogistec.com\/\",\"name\":\"Revista Logistec\",\"description\":\"\",\"potentialAction\":[{\"@type\":\"SearchAction\",\"target\":{\"@type\":\"EntryPoint\",\"urlTemplate\":\"https:\/\/www.revistalogistec.com\/?s={search_term_string}\"},\"query-input\":{\"@type\":\"PropertyValueSpecification\",\"valueRequired\":true,\"valueName\":\"search_term_string\"}}],\"inLanguage\":\"es\"},{\"@type\":\"Person\",\"@id\":\"https:\/\/www.revistalogistec.com\/#\/schema\/person\/b25cced65507282f3fc6eb806b1db4f0\",\"name\":\"admin\",\"image\":{\"@type\":\"ImageObject\",\"inLanguage\":\"es\",\"@id\":\"https:\/\/secure.gravatar.com\/avatar\/94631f712dee24b50f2f12a7caf62df22b2c346945fcff655ce85b674bebf6fd?s=96&d=mm&r=g\",\"url\":\"https:\/\/secure.gravatar.com\/avatar\/94631f712dee24b50f2f12a7caf62df22b2c346945fcff655ce85b674bebf6fd?s=96&d=mm&r=g\",\"contentUrl\":\"https:\/\/secure.gravatar.com\/avatar\/94631f712dee24b50f2f12a7caf62df22b2c346945fcff655ce85b674bebf6fd?s=96&d=mm&r=g\",\"caption\":\"admin\"},\"sameAs\":[\"https:\/\/www.revistalogistec.com\"],\"url\":\"https:\/\/www.revistalogistec.com\/index.php\/author\/admin_revlog\/\"}]}<\/script>\n<!-- \/ Yoast SEO plugin. -->","yoast_head_json":{"title":"CUATRO A\u00d1OS DE TRANSFORMACI\u00d3N: EL BALANCE ESTRAT\u00c9GICO DEL MINISTRO MU\u00d1OZ EN EL MTT - Revista Logistec","robots":{"index":"index","follow":"follow","max-snippet":"max-snippet:-1","max-image-preview":"max-image-preview:large","max-video-preview":"max-video-preview:-1"},"canonical":"https:\/\/www.revistalogistec.com\/index.php\/2025\/12\/16\/cuatro-anos-de-transformacion-el-balance-estrategico-del-ministro-munoz-en-el-mtt\/","og_locale":"es_ES","og_type":"article","og_title":"CUATRO A\u00d1OS DE TRANSFORMACI\u00d3N: EL BALANCE ESTRAT\u00c9GICO DEL MINISTRO MU\u00d1OZ EN EL MTT - Revista Logistec","og_description":"El ministro Juan Carlos Mu\u00f1oz repasa los avances, desaf\u00edos y oportunidades que marcaron estos cuatro a\u00f1os encabezando la cartera de Transporte y Telecomunicaciones en su participaci\u00f3n en la celebraci\u00f3n anual de ALOG y proyect\u00f3 una convicci\u00f3n: la log\u00edstica debe convertirse en una pol\u00edtica de Estado para que Chile pueda competir, integrarse y crecer.","og_url":"https:\/\/www.revistalogistec.com\/index.php\/2025\/12\/16\/cuatro-anos-de-transformacion-el-balance-estrategico-del-ministro-munoz-en-el-mtt\/","og_site_name":"Revista Logistec","article_published_time":"2025-12-16T14:18:30+00:00","og_image":[{"width":1140,"height":760,"url":"https:\/\/www.revistalogistec.com\/wp-content\/uploads\/2025\/12\/alog_ministro_2025_retrato.jpg","type":"image\/jpeg"}],"author":"admin","twitter_card":"summary_large_image","twitter_misc":{"Escrito por":"admin","Tiempo de lectura":"8 minutos"},"schema":{"@context":"https:\/\/schema.org","@graph":[{"@type":"Article","@id":"https:\/\/www.revistalogistec.com\/index.php\/2025\/12\/16\/cuatro-anos-de-transformacion-el-balance-estrategico-del-ministro-munoz-en-el-mtt\/#article","isPartOf":{"@id":"https:\/\/www.revistalogistec.com\/index.php\/2025\/12\/16\/cuatro-anos-de-transformacion-el-balance-estrategico-del-ministro-munoz-en-el-mtt\/"},"author":{"name":"admin","@id":"https:\/\/www.revistalogistec.com\/#\/schema\/person\/b25cced65507282f3fc6eb806b1db4f0"},"headline":"CUATRO A\u00d1OS DE TRANSFORMACI\u00d3N: EL BALANCE ESTRAT\u00c9GICO DEL MINISTRO MU\u00d1OZ EN EL MTT","datePublished":"2025-12-16T14:18:30+00:00","mainEntityOfPage":{"@id":"https:\/\/www.revistalogistec.com\/index.php\/2025\/12\/16\/cuatro-anos-de-transformacion-el-balance-estrategico-del-ministro-munoz-en-el-mtt\/"},"wordCount":1847,"image":{"@id":"https:\/\/www.revistalogistec.com\/index.php\/2025\/12\/16\/cuatro-anos-de-transformacion-el-balance-estrategico-del-ministro-munoz-en-el-mtt\/#primaryimage"},"thumbnailUrl":"https:\/\/www.revistalogistec.com\/wp-content\/uploads\/2025\/12\/alog_ministro_2025_retrato.jpg","articleSection":["PUNTO DE VISTA"],"inLanguage":"es"},{"@type":"WebPage","@id":"https:\/\/www.revistalogistec.com\/index.php\/2025\/12\/16\/cuatro-anos-de-transformacion-el-balance-estrategico-del-ministro-munoz-en-el-mtt\/","url":"https:\/\/www.revistalogistec.com\/index.php\/2025\/12\/16\/cuatro-anos-de-transformacion-el-balance-estrategico-del-ministro-munoz-en-el-mtt\/","name":"CUATRO A\u00d1OS DE TRANSFORMACI\u00d3N: EL BALANCE ESTRAT\u00c9GICO DEL MINISTRO MU\u00d1OZ EN EL MTT - Revista Logistec","isPartOf":{"@id":"https:\/\/www.revistalogistec.com\/#website"},"primaryImageOfPage":{"@id":"https:\/\/www.revistalogistec.com\/index.php\/2025\/12\/16\/cuatro-anos-de-transformacion-el-balance-estrategico-del-ministro-munoz-en-el-mtt\/#primaryimage"},"image":{"@id":"https:\/\/www.revistalogistec.com\/index.php\/2025\/12\/16\/cuatro-anos-de-transformacion-el-balance-estrategico-del-ministro-munoz-en-el-mtt\/#primaryimage"},"thumbnailUrl":"https:\/\/www.revistalogistec.com\/wp-content\/uploads\/2025\/12\/alog_ministro_2025_retrato.jpg","datePublished":"2025-12-16T14:18:30+00:00","author":{"@id":"https:\/\/www.revistalogistec.com\/#\/schema\/person\/b25cced65507282f3fc6eb806b1db4f0"},"breadcrumb":{"@id":"https:\/\/www.revistalogistec.com\/index.php\/2025\/12\/16\/cuatro-anos-de-transformacion-el-balance-estrategico-del-ministro-munoz-en-el-mtt\/#breadcrumb"},"inLanguage":"es","potentialAction":[{"@type":"ReadAction","target":["https:\/\/www.revistalogistec.com\/index.php\/2025\/12\/16\/cuatro-anos-de-transformacion-el-balance-estrategico-del-ministro-munoz-en-el-mtt\/"]}]},{"@type":"ImageObject","inLanguage":"es","@id":"https:\/\/www.revistalogistec.com\/index.php\/2025\/12\/16\/cuatro-anos-de-transformacion-el-balance-estrategico-del-ministro-munoz-en-el-mtt\/#primaryimage","url":"https:\/\/www.revistalogistec.com\/wp-content\/uploads\/2025\/12\/alog_ministro_2025_retrato.jpg","contentUrl":"https:\/\/www.revistalogistec.com\/wp-content\/uploads\/2025\/12\/alog_ministro_2025_retrato.jpg","width":1140,"height":760},{"@type":"BreadcrumbList","@id":"https:\/\/www.revistalogistec.com\/index.php\/2025\/12\/16\/cuatro-anos-de-transformacion-el-balance-estrategico-del-ministro-munoz-en-el-mtt\/#breadcrumb","itemListElement":[{"@type":"ListItem","position":1,"name":"Portada","item":"https:\/\/www.revistalogistec.com\/"},{"@type":"ListItem","position":2,"name":"CUATRO A\u00d1OS DE TRANSFORMACI\u00d3N: EL BALANCE ESTRAT\u00c9GICO DEL MINISTRO MU\u00d1OZ EN EL MTT"}]},{"@type":"WebSite","@id":"https:\/\/www.revistalogistec.com\/#website","url":"https:\/\/www.revistalogistec.com\/","name":"Revista Logistec","description":"","potentialAction":[{"@type":"SearchAction","target":{"@type":"EntryPoint","urlTemplate":"https:\/\/www.revistalogistec.com\/?s={search_term_string}"},"query-input":{"@type":"PropertyValueSpecification","valueRequired":true,"valueName":"search_term_string"}}],"inLanguage":"es"},{"@type":"Person","@id":"https:\/\/www.revistalogistec.com\/#\/schema\/person\/b25cced65507282f3fc6eb806b1db4f0","name":"admin","image":{"@type":"ImageObject","inLanguage":"es","@id":"https:\/\/secure.gravatar.com\/avatar\/94631f712dee24b50f2f12a7caf62df22b2c346945fcff655ce85b674bebf6fd?s=96&d=mm&r=g","url":"https:\/\/secure.gravatar.com\/avatar\/94631f712dee24b50f2f12a7caf62df22b2c346945fcff655ce85b674bebf6fd?s=96&d=mm&r=g","contentUrl":"https:\/\/secure.gravatar.com\/avatar\/94631f712dee24b50f2f12a7caf62df22b2c346945fcff655ce85b674bebf6fd?s=96&d=mm&r=g","caption":"admin"},"sameAs":["https:\/\/www.revistalogistec.com"],"url":"https:\/\/www.revistalogistec.com\/index.php\/author\/admin_revlog\/"}]}},"_links":{"self":[{"href":"https:\/\/www.revistalogistec.com\/index.php\/wp-json\/wp\/v2\/posts\/28043","targetHints":{"allow":["GET"]}}],"collection":[{"href":"https:\/\/www.revistalogistec.com\/index.php\/wp-json\/wp\/v2\/posts"}],"about":[{"href":"https:\/\/www.revistalogistec.com\/index.php\/wp-json\/wp\/v2\/types\/post"}],"author":[{"embeddable":true,"href":"https:\/\/www.revistalogistec.com\/index.php\/wp-json\/wp\/v2\/users\/1"}],"replies":[{"embeddable":true,"href":"https:\/\/www.revistalogistec.com\/index.php\/wp-json\/wp\/v2\/comments?post=28043"}],"version-history":[{"count":0,"href":"https:\/\/www.revistalogistec.com\/index.php\/wp-json\/wp\/v2\/posts\/28043\/revisions"}],"wp:featuredmedia":[{"embeddable":true,"href":"https:\/\/www.revistalogistec.com\/index.php\/wp-json\/wp\/v2\/media\/28044"}],"wp:attachment":[{"href":"https:\/\/www.revistalogistec.com\/index.php\/wp-json\/wp\/v2\/media?parent=28043"}],"wp:term":[{"taxonomy":"category","embeddable":true,"href":"https:\/\/www.revistalogistec.com\/index.php\/wp-json\/wp\/v2\/categories?post=28043"},{"taxonomy":"post_tag","embeddable":true,"href":"https:\/\/www.revistalogistec.com\/index.php\/wp-json\/wp\/v2\/tags?post=28043"}],"curies":[{"name":"wp","href":"https:\/\/api.w.org\/{rel}","templated":true}]}}