{"id":28095,"date":"2025-12-16T13:39:17","date_gmt":"2025-12-16T17:39:17","guid":{"rendered":"https:\/\/www.revistalogistec.com\/?p=28095"},"modified":"2026-01-13T09:18:48","modified_gmt":"2026-01-13T13:18:48","slug":"mundo-de-la-moda-una-logistica-marcada-por-la-omnicanalidad-y-la-tecnologia","status":"publish","type":"post","link":"https:\/\/www.revistalogistec.com\/index.php\/2025\/12\/16\/mundo-de-la-moda-una-logistica-marcada-por-la-omnicanalidad-y-la-tecnologia\/","title":{"rendered":"MUNDO DE LA MODA: UNA LOG\u00cdSTICA MARCADA POR LA OMNICANALIDAD Y LA TECNOLOG\u00cdA"},"content":{"rendered":"<p style=\"text-align: justify;\"><strong>La moda se mueve m\u00e1s r\u00e1pido que nunca. <\/strong>La explosi\u00f3n del e-Commerce, la presi\u00f3n por la inmediatez, la omnicanalidad como norma y la sostenibilidad como exigencia global est\u00e1n reescribiendo las reglas del retail. Hoy, la capacidad de integrar datos, tecnolog\u00eda y operaciones es lo que define a las marcas de moda que logran responder a un consumidor m\u00e1s digital, impaciente y consciente.<!--more--><\/p>\n<p style=\"text-align: justify;\">En la industria de la moda, la log\u00edstica dej\u00f3 de ser un soporte operativo para convertirse en un habilitador estrat\u00e9gico. Las colecciones cambian al ritmo de las tendencias digitales, los consumidores exigen inmediatez y la sostenibilidad se consolida como un imperativo global. Hoy, m\u00e1s que nunca, la omnicanalidad y la tecnolog\u00eda son pilares esenciales para competir en este desafiante sector.<\/p>\n<p style=\"text-align: justify;\">La l\u00f3gica del <em>see now<\/em>, <em>buy now<\/em> aceler\u00f3 un ecosistema donde la moda debe reaccionar en horas, no en semanas. La capacidad de procesar miles de SKUs, garantizar trazabilidad y gestionar altos vol\u00famenes de devoluciones exige operaciones integradas y soportadas por informaci\u00f3n en tiempo real.<\/p>\n<p style=\"text-align: justify;\">Pero la velocidad tiene un costo. El reto est\u00e1 en equilibrar la inmediatez con la trazabilidad, la eficiencia del inventario y la reducci\u00f3n de desperdicios. Cada eslab\u00f3n, desde el aprovisionamiento de materias primas hasta la log\u00edstica inversa, se vuelve cr\u00edtico en la ecuaci\u00f3n. Y es justamente ah\u00ed donde la tecnolog\u00eda emerge como un aliado central para esta industria.<\/p>\n<p style=\"text-align: justify;\">La tecnolog\u00eda permite convertir datos en decisiones inmediatas: desde predicciones de demanda hasta reposiciones autom\u00e1ticas, optimizaci\u00f3n de rutas y coordinaci\u00f3n entre m\u00faltiples canales. Este enfoque din\u00e1mico permite mantener competitividad y responder a un consumidor que exige rapidez, visibilidad y confiabilidad en cada interacci\u00f3n.<\/p>\n<h4 style=\"text-align: justify;\"><strong>LA OMNICANALIDAD COMO EJE DEL NUEVO RETAIL DE MODA<\/strong><\/h4>\n<p style=\"text-align: justify;\">El consumidor actual se mueve sin fricciones entre lo f\u00edsico y lo digital. Para \u00e9l, la marca es una sola, independientemente del canal. Esto obliga a que la log\u00edstica evolucione hacia un modelo donde el inventario es \u00fanico, los flujos se integran y la experiencia es coherente en cada punto de contacto.<\/p>\n<p style=\"text-align: justify;\"><img decoding=\"async\" class=\"size-full wp-image-28096 alignleft\" style=\"margin: 20px;\" src=\"https:\/\/www.revistalogistec.com\/wp-content\/uploads\/2025\/12\/Gaston_Flores.jpg\" alt=\"\" width=\"200\" height=\"200\" srcset=\"https:\/\/www.revistalogistec.com\/wp-content\/uploads\/2025\/12\/Gaston_Flores.jpg 200w, https:\/\/www.revistalogistec.com\/wp-content\/uploads\/2025\/12\/Gaston_Flores-150x150.jpg 150w, https:\/\/www.revistalogistec.com\/wp-content\/uploads\/2025\/12\/Gaston_Flores-75x75.jpg 75w\" sizes=\"(max-width: 200px) 100vw, 200px\" \/>Para Gast\u00f3n Flores, eCommerce Lead Andes Levi Strauss &amp; Co, esta transici\u00f3n est\u00e1 siendo impulsada decisivamente por la tecnolog\u00eda, la cual \u201cest\u00e1 colonizando \u00e1reas y permitiendo tener ahorros en los tiempos de trabajo en la cadena completa. Tener el producto correcto en la bodega o tienda correcta es clave, y las herramientas digitales avanzan cada vez m\u00e1s, por lo que son de suma importancia en casos como reposiciones a tiendas o bodegas de e-Commerce\u201d.<\/p>\n<p style=\"text-align: justify;\">Las devoluciones son otro desaf\u00edo cr\u00edtico donde el rol de las soluciones tecnol\u00f3gicas queda en evidencia. Seg\u00fan el ejecutivo de Levi\u2019s, \u201cexisten muchas herramientas hoy para acompa\u00f1ar el proceso de compra del cliente con el fin de aumentar el \u00e9xito en la compra del producto y as\u00ed disminuir las devoluciones\u201d.<\/p>\n<p style=\"text-align: justify;\">Y a\u00f1ade: \u201cel desaf\u00edo de la omnicanalidad sigue presente y las marcas tratan de cerrar ese gap m\u00e1s temprano que tarde. La tecnolog\u00eda ayudar\u00e1 a integrar procesos y a generar flujos sin fricci\u00f3n en cada punto de venta para entregar al cliente un <em>journey<\/em> de compra transparente\u201d.<\/p>\n<p style=\"text-align: justify;\">En este escenario, los centros de distribuci\u00f3n dejan de ser bodegas tradicionales y se convierten en <em>hubs <\/em>inteligentes que orquestan la experiencia de compra. La \u00faltima milla, por su parte, se transforma en un diferenciador estrat\u00e9gico, donde la visibilidad en tiempo real del inventario y la capacidad de respuesta inmediata determinan la satisfacci\u00f3n del consumidor.<\/p>\n<h4 style=\"text-align: justify;\"><strong>PLANIFICACI\u00d3N DIN\u00c1MICA Y TECNOLOG\u00cdA <\/strong><\/h4>\n<p style=\"text-align: justify;\">La moda opera con ciclos cada vez m\u00e1s cortos, alta rotaci\u00f3n y estacionalidad marcada. Rodolfo Sol\u00eds, distribution center manager de H&amp;M Brasil, detalla c\u00f3mo la planificaci\u00f3n y la tecnolog\u00eda se combinan para sostener esta din\u00e1mica:<\/p>\n<p style=\"text-align: justify;\"><img decoding=\"async\" class=\"size-full wp-image-28097 alignright\" style=\"margin: 20px;\" src=\"https:\/\/www.revistalogistec.com\/wp-content\/uploads\/2025\/12\/rodolfo_solis_hm.jpg\" alt=\"\" width=\"200\" height=\"200\" srcset=\"https:\/\/www.revistalogistec.com\/wp-content\/uploads\/2025\/12\/rodolfo_solis_hm.jpg 200w, https:\/\/www.revistalogistec.com\/wp-content\/uploads\/2025\/12\/rodolfo_solis_hm-150x150.jpg 150w, https:\/\/www.revistalogistec.com\/wp-content\/uploads\/2025\/12\/rodolfo_solis_hm-75x75.jpg 75w\" sizes=\"(max-width: 200px) 100vw, 200px\" \/>\u201cDe manera concreta, la planificaci\u00f3n y la tecnolog\u00eda impactan en la alta rotaci\u00f3n y estacionalidad del producto con: pron\u00f3sticos din\u00e1micos, ajustando inventarios seg\u00fan tendencia y ventas hist\u00f3ricas; aplicaci\u00f3n del enfoque <em>Just in Time<\/em>, que minimiza exceso de inventario; Machine Learning y Big Data para analizar patrones de compra y redes sociales para anticipar demanda; sistemas WMS y OMS que sincronizan inventario en tiempo real entre centros de distribuci\u00f3n, cross docking, split point y canales; automatizaci\u00f3n con RPA y Power Automate para agilizar procesos; y simulaci\u00f3n de escenarios con APS para prever impactos y ajustar planes\u201d, asegura Rodolfo.<\/p>\n<p style=\"text-align: justify;\">Estas herramientas permiten que la log\u00edstica deje de ser reactiva y se convierta en un sistema predictivo, adaptable y capaz de tomar decisiones en tiempo real sobre inventarios, reposici\u00f3n y distribuci\u00f3n.<\/p>\n<p style=\"text-align: justify;\">El ejecutivo de H&amp;M Brasil enfatiza que \u201cel consumidor de moda busca rapidez, novedad y visibilidad total de su compra. La log\u00edstica debe ser omnicanal por dise\u00f1o: no pueden existir dos cadenas separadas para f\u00edsico y online\u201d, reforzando la tecnolog\u00eda como columna vertebral de esta integraci\u00f3n.<\/p>\n<h4 style=\"text-align: justify;\"><strong>TECNOLOG\u00cdAS QUE IMPACTAN LA EXPERIENCIA DEL CLIENTE<\/strong><\/h4>\n<p style=\"text-align: justify;\">La tecnolog\u00eda aplicada a la log\u00edstica omnicanal, en el mundo de la moda, tiene un efecto dual: optimiza procesos internos y eleva la experiencia del cliente.<\/p>\n<ul style=\"text-align: justify;\">\n<li>Machine Learning y Big Data: anticipan la demanda, reducen quiebres de stock y aseguran disponibilidad.<\/li>\n<li>Sistemas WMS y OMS: sincronizan inventarios y habilitan click &amp; collect, entregas r\u00e1pidas y devoluciones \u00e1giles.<\/li>\n<li>Automatizaci\u00f3n (RPA \/ Power Automate): mantiene cat\u00e1logos, precios y reposici\u00f3n actualizados en tiempo real.<\/li>\n<li>Simulaci\u00f3n APS: anticipa picos y permite ajustar planes sin afectar la disponibilidad.<\/li>\n<li>Integraci\u00f3n con canales digitales: habilitas recomendaciones personalizadas, alertas de stock y promociones segmentadas.<\/li>\n<\/ul>\n<p style=\"text-align: justify;\">En conjunto, estas herramientas hacen que la log\u00edstica no solo mueva productos, sino tambi\u00e9n expectativas, confianza y fidelidad.<\/p>\n<h4 style=\"text-align: justify;\"><strong>SUSTENTABILIDAD, TRAZABILIDAD Y RESPONSABILIDAD<\/strong><\/h4>\n<p style=\"text-align: justify;\">La presi\u00f3n por reducir la huella ambiental y garantizar trazabilidad total crece a\u00f1o a a\u00f1o. La tecnolog\u00eda permite visibilizar cada movimiento del producto y habilitar estrategias de circularidad y log\u00edstica inversa.<\/p>\n<p style=\"text-align: justify;\">Sol\u00eds lo resume as\u00ed: \u201cM\u00e1s que desaf\u00edos futuros, la moda enfrenta desaf\u00edos presentes impulsados por la velocidad de los cambios. La trazabilidad ser\u00e1 un est\u00e1ndar\u2026 La rapidez ya no es un diferencial; es una obligaci\u00f3n competitiva\u201d. Y agrega la pregunta de fondo: \u201c\u00bfest\u00e1 el consumidor dispuesto a pagar por est\u00e1ndares \u00e9ticos m\u00e1s altos?\u201d.<\/p>\n<p style=\"text-align: justify;\">Se entiende que la moda avanza hacia una log\u00edstica h\u00edbrida: inteligente, automatizada, integrada y circular. La omnicanalidad ser\u00e1 la plataforma sobre la cual se construir\u00e1 todo lo dem\u00e1s, y la tecnolog\u00eda ser\u00e1 el habilitador para que las marcas respondan a un consumidor m\u00e1s informado, exigente y digital.<\/p>\n<p style=\"text-align: justify;\">Entre los desaf\u00edos que ya son presentes destacan:<\/p>\n<ul style=\"text-align: justify;\">\n<li>Sostenibilidad: reducci\u00f3n de huella de carbono, trazabilidad de origen, log\u00edstica inversa, reciclaje y cumplimiento normativo.<\/li>\n<li>Omnicanalidad: inventarios integrados, click &amp; collect, devoluciones \u00e1giles y visibilidad en tiempo real.<\/li>\n<li>Rapidez y flexibilidad: entregas same-day, next-day y centros de micro-fulfillment urbanos.<\/li>\n<li>Digitalizaci\u00f3n y datos: IA para pron\u00f3sticos, gemelos digitales y blockchain para autenticidad.<\/li>\n<li>Desaf\u00edos sociales y \u00e9ticos: transparencia en proveedores y educaci\u00f3n al consumidor.<\/li>\n<\/ul>\n<p style=\"text-align: justify;\">La industria que viene ser\u00e1 r\u00e1pida, precisa, trazable y sustentable. Detr\u00e1s de cada prenda entregada a tiempo habr\u00e1 una red compleja donde innovaci\u00f3n, datos y talento log\u00edstico se entrelazan para sostener el ritmo imparable del retail moderno.<\/p>\n<h4 style=\"text-align: justify;\"><strong>CLAVES DEL ESTADO DE LA MODA 2026 SEG\u00daN MCKINSEY<\/strong><\/h4>\n<p style=\"text-align: justify;\">Seg\u00fan el \u00faltimo informe \u201cEl Estado de la Moda 2026 de Business of Fashion y McKinsey\u201d, la industria de la moda enfrenta un entorno desafiante marcado por la volatilidad econ\u00f3mica, cambios en las prioridades de los consumidores y la r\u00e1pida disrupci\u00f3n tecnol\u00f3gica. Entre los hallazgos m\u00e1s relevantes destacan:<\/p>\n<ul>\n<li style=\"text-align: justify;\">Cambio constante como normalidad: \u201cDesafiante\u201d es la palabra que define la industria para 2026, con los aranceles como principal obst\u00e1culo.<\/li>\n<li style=\"text-align: justify;\">Crecimiento moderado: Se proyecta un aumento bajo de un solo d\u00edgito, afectado por la cautela del consumidor y la incertidumbre macroecon\u00f3mica.<\/li>\n<li style=\"text-align: justify;\">Oportunidades en el lujo: Tras un 2025 complejo, el segmento podr\u00eda mostrar mejoras modestas impulsadas por reajustes creativos y expansi\u00f3n en EE. UU.<\/li>\n<li style=\"text-align: justify;\">IA como necesidad estrat\u00e9gica: M\u00e1s del 35 % de los ejecutivos ya usa IA generativa en atenci\u00f3n al cliente, marketing y contenidos.<\/li>\n<li style=\"text-align: justify;\">Agilidad como ventaja competitiva: Las marcas que se adapten r\u00e1pido a la tecnolog\u00eda, al comercio y al comportamiento del consumidor liderar\u00e1n el nuevo escenario.<\/li>\n<\/ul>\n","protected":false},"excerpt":{"rendered":"<p>La moda se mueve m\u00e1s r\u00e1pido que nunca. La explosi\u00f3n del e-Commerce, la presi\u00f3n por la inmediatez, la omnicanalidad como norma y la sostenibilidad como exigencia global est\u00e1n reescribiendo las reglas del retail. Hoy, la capacidad de integrar datos, tecnolog\u00eda y operaciones es lo que define a las marcas de moda que logran responder a [&hellip;]<\/p>\n","protected":false},"author":1,"featured_media":28098,"comment_status":"closed","ping_status":"closed","sticky":false,"template":"","format":"standard","meta":{"_acf_changed":false,"jnews-multi-image_gallery":[],"jnews_single_post":{"subtitle":"","format":"standard","jnews_video_option_group":[[]],"override":[{"template":"1","parallax":"1","fullscreen":"1","layout":"right-sidebar","sidebar":"home-loop","second_sidebar":"default-sidebar","share_position":"top","share_float_style":"share-monocrhome","show_share_counter":"1","show_view_counter":"1","show_featured":"1","show_post_author_image":"1","show_post_date":"1","post_date_format":"default","post_date_format_custom":"Y\/m\/d","show_post_category":"1","show_post_reading_time":"0","post_reading_time_wpm":"300","post_calculate_word_method":"str_word_count","show_zoom_button":"0","zoom_button_out_step":"2","zoom_button_in_step":"3","show_post_tag":"1","show_prev_next_post":"1","show_popup_post":"1","number_popup_post":"1","show_post_related":"1","show_inline_post_related":"1"}],"image_override":[{"single_post_thumbnail_size":"crop-500","single_post_gallery_size":"crop-500"}],"trending_post_position":"meta","trending_post_label":"Trending","sponsored_post_label":"Sponsored by","disable_ad":"0"},"jnews_primary_category":[],"jnews_social_meta":[],"jnews_override_counter":{"view_counter_number":"0","share_counter_number":"0","like_counter_number":"0","dislike_counter_number":"0"},"footnotes":""},"categories":[96],"tags":[],"class_list":["post-28095","post","type-post","status-publish","format-standard","has-post-thumbnail","hentry","category-omnicanalidad-3"],"acf":[],"yoast_head":"<!-- This site is optimized with the Yoast SEO plugin v27.2 - https:\/\/yoast.com\/product\/yoast-seo-wordpress\/ -->\n<title>MUNDO DE LA MODA: UNA LOG\u00cdSTICA MARCADA POR LA OMNICANALIDAD Y LA TECNOLOG\u00cdA - Revista Logistec<\/title>\n<meta name=\"robots\" content=\"index, follow, max-snippet:-1, max-image-preview:large, max-video-preview:-1\" \/>\n<link rel=\"canonical\" href=\"https:\/\/www.revistalogistec.com\/index.php\/2025\/12\/16\/mundo-de-la-moda-una-logistica-marcada-por-la-omnicanalidad-y-la-tecnologia\/\" \/>\n<meta property=\"og:locale\" content=\"es_ES\" \/>\n<meta property=\"og:type\" content=\"article\" \/>\n<meta property=\"og:title\" content=\"MUNDO DE LA MODA: UNA LOG\u00cdSTICA MARCADA POR LA OMNICANALIDAD Y LA TECNOLOG\u00cdA - Revista Logistec\" \/>\n<meta property=\"og:description\" content=\"La moda se mueve m\u00e1s r\u00e1pido que nunca. La explosi\u00f3n del e-Commerce, la presi\u00f3n por la inmediatez, la omnicanalidad como norma y la sostenibilidad como exigencia global est\u00e1n reescribiendo las reglas del retail. Hoy, la capacidad de integrar datos, tecnolog\u00eda y operaciones es lo que define a las marcas de moda que logran responder a [&hellip;]\" \/>\n<meta property=\"og:url\" content=\"https:\/\/www.revistalogistec.com\/index.php\/2025\/12\/16\/mundo-de-la-moda-una-logistica-marcada-por-la-omnicanalidad-y-la-tecnologia\/\" \/>\n<meta property=\"og:site_name\" content=\"Revista Logistec\" \/>\n<meta property=\"article:published_time\" content=\"2025-12-16T17:39:17+00:00\" \/>\n<meta property=\"article:modified_time\" content=\"2026-01-13T13:18:48+00:00\" \/>\n<meta property=\"og:image\" content=\"https:\/\/www.revistalogistec.com\/wp-content\/uploads\/2025\/12\/logistica_moda_ed151_logistec.jpg\" \/>\n\t<meta property=\"og:image:width\" content=\"1140\" \/>\n\t<meta property=\"og:image:height\" content=\"760\" \/>\n\t<meta property=\"og:image:type\" content=\"image\/jpeg\" \/>\n<meta name=\"author\" content=\"admin\" \/>\n<meta name=\"twitter:card\" content=\"summary_large_image\" \/>\n<meta name=\"twitter:label1\" content=\"Escrito por\" \/>\n\t<meta name=\"twitter:data1\" content=\"admin\" \/>\n\t<meta name=\"twitter:label2\" content=\"Tiempo de lectura\" \/>\n\t<meta name=\"twitter:data2\" content=\"7 minutos\" \/>\n<script type=\"application\/ld+json\" class=\"yoast-schema-graph\">{\"@context\":\"https:\/\/schema.org\",\"@graph\":[{\"@type\":\"Article\",\"@id\":\"https:\/\/www.revistalogistec.com\/index.php\/2025\/12\/16\/mundo-de-la-moda-una-logistica-marcada-por-la-omnicanalidad-y-la-tecnologia\/#article\",\"isPartOf\":{\"@id\":\"https:\/\/www.revistalogistec.com\/index.php\/2025\/12\/16\/mundo-de-la-moda-una-logistica-marcada-por-la-omnicanalidad-y-la-tecnologia\/\"},\"author\":{\"name\":\"admin\",\"@id\":\"https:\/\/www.revistalogistec.com\/#\/schema\/person\/b25cced65507282f3fc6eb806b1db4f0\"},\"headline\":\"MUNDO DE LA MODA: UNA LOG\u00cdSTICA MARCADA POR LA OMNICANALIDAD Y LA TECNOLOG\u00cdA\",\"datePublished\":\"2025-12-16T17:39:17+00:00\",\"dateModified\":\"2026-01-13T13:18:48+00:00\",\"mainEntityOfPage\":{\"@id\":\"https:\/\/www.revistalogistec.com\/index.php\/2025\/12\/16\/mundo-de-la-moda-una-logistica-marcada-por-la-omnicanalidad-y-la-tecnologia\/\"},\"wordCount\":1444,\"image\":{\"@id\":\"https:\/\/www.revistalogistec.com\/index.php\/2025\/12\/16\/mundo-de-la-moda-una-logistica-marcada-por-la-omnicanalidad-y-la-tecnologia\/#primaryimage\"},\"thumbnailUrl\":\"https:\/\/www.revistalogistec.com\/wp-content\/uploads\/2025\/12\/logistica_moda_ed151_logistec.jpg\",\"articleSection\":[\"OMNICANALIDAD\"],\"inLanguage\":\"es\"},{\"@type\":\"WebPage\",\"@id\":\"https:\/\/www.revistalogistec.com\/index.php\/2025\/12\/16\/mundo-de-la-moda-una-logistica-marcada-por-la-omnicanalidad-y-la-tecnologia\/\",\"url\":\"https:\/\/www.revistalogistec.com\/index.php\/2025\/12\/16\/mundo-de-la-moda-una-logistica-marcada-por-la-omnicanalidad-y-la-tecnologia\/\",\"name\":\"MUNDO DE LA MODA: UNA LOG\u00cdSTICA MARCADA POR LA OMNICANALIDAD Y LA TECNOLOG\u00cdA - Revista Logistec\",\"isPartOf\":{\"@id\":\"https:\/\/www.revistalogistec.com\/#website\"},\"primaryImageOfPage\":{\"@id\":\"https:\/\/www.revistalogistec.com\/index.php\/2025\/12\/16\/mundo-de-la-moda-una-logistica-marcada-por-la-omnicanalidad-y-la-tecnologia\/#primaryimage\"},\"image\":{\"@id\":\"https:\/\/www.revistalogistec.com\/index.php\/2025\/12\/16\/mundo-de-la-moda-una-logistica-marcada-por-la-omnicanalidad-y-la-tecnologia\/#primaryimage\"},\"thumbnailUrl\":\"https:\/\/www.revistalogistec.com\/wp-content\/uploads\/2025\/12\/logistica_moda_ed151_logistec.jpg\",\"datePublished\":\"2025-12-16T17:39:17+00:00\",\"dateModified\":\"2026-01-13T13:18:48+00:00\",\"author\":{\"@id\":\"https:\/\/www.revistalogistec.com\/#\/schema\/person\/b25cced65507282f3fc6eb806b1db4f0\"},\"breadcrumb\":{\"@id\":\"https:\/\/www.revistalogistec.com\/index.php\/2025\/12\/16\/mundo-de-la-moda-una-logistica-marcada-por-la-omnicanalidad-y-la-tecnologia\/#breadcrumb\"},\"inLanguage\":\"es\",\"potentialAction\":[{\"@type\":\"ReadAction\",\"target\":[\"https:\/\/www.revistalogistec.com\/index.php\/2025\/12\/16\/mundo-de-la-moda-una-logistica-marcada-por-la-omnicanalidad-y-la-tecnologia\/\"]}]},{\"@type\":\"ImageObject\",\"inLanguage\":\"es\",\"@id\":\"https:\/\/www.revistalogistec.com\/index.php\/2025\/12\/16\/mundo-de-la-moda-una-logistica-marcada-por-la-omnicanalidad-y-la-tecnologia\/#primaryimage\",\"url\":\"https:\/\/www.revistalogistec.com\/wp-content\/uploads\/2025\/12\/logistica_moda_ed151_logistec.jpg\",\"contentUrl\":\"https:\/\/www.revistalogistec.com\/wp-content\/uploads\/2025\/12\/logistica_moda_ed151_logistec.jpg\",\"width\":1140,\"height\":760},{\"@type\":\"BreadcrumbList\",\"@id\":\"https:\/\/www.revistalogistec.com\/index.php\/2025\/12\/16\/mundo-de-la-moda-una-logistica-marcada-por-la-omnicanalidad-y-la-tecnologia\/#breadcrumb\",\"itemListElement\":[{\"@type\":\"ListItem\",\"position\":1,\"name\":\"Portada\",\"item\":\"https:\/\/www.revistalogistec.com\/\"},{\"@type\":\"ListItem\",\"position\":2,\"name\":\"MUNDO DE LA MODA: UNA LOG\u00cdSTICA MARCADA POR LA OMNICANALIDAD Y LA TECNOLOG\u00cdA\"}]},{\"@type\":\"WebSite\",\"@id\":\"https:\/\/www.revistalogistec.com\/#website\",\"url\":\"https:\/\/www.revistalogistec.com\/\",\"name\":\"Revista Logistec\",\"description\":\"\",\"potentialAction\":[{\"@type\":\"SearchAction\",\"target\":{\"@type\":\"EntryPoint\",\"urlTemplate\":\"https:\/\/www.revistalogistec.com\/?s={search_term_string}\"},\"query-input\":{\"@type\":\"PropertyValueSpecification\",\"valueRequired\":true,\"valueName\":\"search_term_string\"}}],\"inLanguage\":\"es\"},{\"@type\":\"Person\",\"@id\":\"https:\/\/www.revistalogistec.com\/#\/schema\/person\/b25cced65507282f3fc6eb806b1db4f0\",\"name\":\"admin\",\"image\":{\"@type\":\"ImageObject\",\"inLanguage\":\"es\",\"@id\":\"https:\/\/secure.gravatar.com\/avatar\/94631f712dee24b50f2f12a7caf62df22b2c346945fcff655ce85b674bebf6fd?s=96&d=mm&r=g\",\"url\":\"https:\/\/secure.gravatar.com\/avatar\/94631f712dee24b50f2f12a7caf62df22b2c346945fcff655ce85b674bebf6fd?s=96&d=mm&r=g\",\"contentUrl\":\"https:\/\/secure.gravatar.com\/avatar\/94631f712dee24b50f2f12a7caf62df22b2c346945fcff655ce85b674bebf6fd?s=96&d=mm&r=g\",\"caption\":\"admin\"},\"sameAs\":[\"https:\/\/www.revistalogistec.com\"],\"url\":\"https:\/\/www.revistalogistec.com\/index.php\/author\/admin_revlog\/\"}]}<\/script>\n<!-- \/ Yoast SEO plugin. -->","yoast_head_json":{"title":"MUNDO DE LA MODA: UNA LOG\u00cdSTICA MARCADA POR LA OMNICANALIDAD Y LA TECNOLOG\u00cdA - Revista Logistec","robots":{"index":"index","follow":"follow","max-snippet":"max-snippet:-1","max-image-preview":"max-image-preview:large","max-video-preview":"max-video-preview:-1"},"canonical":"https:\/\/www.revistalogistec.com\/index.php\/2025\/12\/16\/mundo-de-la-moda-una-logistica-marcada-por-la-omnicanalidad-y-la-tecnologia\/","og_locale":"es_ES","og_type":"article","og_title":"MUNDO DE LA MODA: UNA LOG\u00cdSTICA MARCADA POR LA OMNICANALIDAD Y LA TECNOLOG\u00cdA - Revista Logistec","og_description":"La moda se mueve m\u00e1s r\u00e1pido que nunca. La explosi\u00f3n del e-Commerce, la presi\u00f3n por la inmediatez, la omnicanalidad como norma y la sostenibilidad como exigencia global est\u00e1n reescribiendo las reglas del retail. Hoy, la capacidad de integrar datos, tecnolog\u00eda y operaciones es lo que define a las marcas de moda que logran responder a [&hellip;]","og_url":"https:\/\/www.revistalogistec.com\/index.php\/2025\/12\/16\/mundo-de-la-moda-una-logistica-marcada-por-la-omnicanalidad-y-la-tecnologia\/","og_site_name":"Revista Logistec","article_published_time":"2025-12-16T17:39:17+00:00","article_modified_time":"2026-01-13T13:18:48+00:00","og_image":[{"width":1140,"height":760,"url":"https:\/\/www.revistalogistec.com\/wp-content\/uploads\/2025\/12\/logistica_moda_ed151_logistec.jpg","type":"image\/jpeg"}],"author":"admin","twitter_card":"summary_large_image","twitter_misc":{"Escrito por":"admin","Tiempo de lectura":"7 minutos"},"schema":{"@context":"https:\/\/schema.org","@graph":[{"@type":"Article","@id":"https:\/\/www.revistalogistec.com\/index.php\/2025\/12\/16\/mundo-de-la-moda-una-logistica-marcada-por-la-omnicanalidad-y-la-tecnologia\/#article","isPartOf":{"@id":"https:\/\/www.revistalogistec.com\/index.php\/2025\/12\/16\/mundo-de-la-moda-una-logistica-marcada-por-la-omnicanalidad-y-la-tecnologia\/"},"author":{"name":"admin","@id":"https:\/\/www.revistalogistec.com\/#\/schema\/person\/b25cced65507282f3fc6eb806b1db4f0"},"headline":"MUNDO DE LA MODA: UNA LOG\u00cdSTICA MARCADA POR LA OMNICANALIDAD Y LA TECNOLOG\u00cdA","datePublished":"2025-12-16T17:39:17+00:00","dateModified":"2026-01-13T13:18:48+00:00","mainEntityOfPage":{"@id":"https:\/\/www.revistalogistec.com\/index.php\/2025\/12\/16\/mundo-de-la-moda-una-logistica-marcada-por-la-omnicanalidad-y-la-tecnologia\/"},"wordCount":1444,"image":{"@id":"https:\/\/www.revistalogistec.com\/index.php\/2025\/12\/16\/mundo-de-la-moda-una-logistica-marcada-por-la-omnicanalidad-y-la-tecnologia\/#primaryimage"},"thumbnailUrl":"https:\/\/www.revistalogistec.com\/wp-content\/uploads\/2025\/12\/logistica_moda_ed151_logistec.jpg","articleSection":["OMNICANALIDAD"],"inLanguage":"es"},{"@type":"WebPage","@id":"https:\/\/www.revistalogistec.com\/index.php\/2025\/12\/16\/mundo-de-la-moda-una-logistica-marcada-por-la-omnicanalidad-y-la-tecnologia\/","url":"https:\/\/www.revistalogistec.com\/index.php\/2025\/12\/16\/mundo-de-la-moda-una-logistica-marcada-por-la-omnicanalidad-y-la-tecnologia\/","name":"MUNDO DE LA MODA: UNA LOG\u00cdSTICA MARCADA POR LA OMNICANALIDAD Y LA TECNOLOG\u00cdA - Revista Logistec","isPartOf":{"@id":"https:\/\/www.revistalogistec.com\/#website"},"primaryImageOfPage":{"@id":"https:\/\/www.revistalogistec.com\/index.php\/2025\/12\/16\/mundo-de-la-moda-una-logistica-marcada-por-la-omnicanalidad-y-la-tecnologia\/#primaryimage"},"image":{"@id":"https:\/\/www.revistalogistec.com\/index.php\/2025\/12\/16\/mundo-de-la-moda-una-logistica-marcada-por-la-omnicanalidad-y-la-tecnologia\/#primaryimage"},"thumbnailUrl":"https:\/\/www.revistalogistec.com\/wp-content\/uploads\/2025\/12\/logistica_moda_ed151_logistec.jpg","datePublished":"2025-12-16T17:39:17+00:00","dateModified":"2026-01-13T13:18:48+00:00","author":{"@id":"https:\/\/www.revistalogistec.com\/#\/schema\/person\/b25cced65507282f3fc6eb806b1db4f0"},"breadcrumb":{"@id":"https:\/\/www.revistalogistec.com\/index.php\/2025\/12\/16\/mundo-de-la-moda-una-logistica-marcada-por-la-omnicanalidad-y-la-tecnologia\/#breadcrumb"},"inLanguage":"es","potentialAction":[{"@type":"ReadAction","target":["https:\/\/www.revistalogistec.com\/index.php\/2025\/12\/16\/mundo-de-la-moda-una-logistica-marcada-por-la-omnicanalidad-y-la-tecnologia\/"]}]},{"@type":"ImageObject","inLanguage":"es","@id":"https:\/\/www.revistalogistec.com\/index.php\/2025\/12\/16\/mundo-de-la-moda-una-logistica-marcada-por-la-omnicanalidad-y-la-tecnologia\/#primaryimage","url":"https:\/\/www.revistalogistec.com\/wp-content\/uploads\/2025\/12\/logistica_moda_ed151_logistec.jpg","contentUrl":"https:\/\/www.revistalogistec.com\/wp-content\/uploads\/2025\/12\/logistica_moda_ed151_logistec.jpg","width":1140,"height":760},{"@type":"BreadcrumbList","@id":"https:\/\/www.revistalogistec.com\/index.php\/2025\/12\/16\/mundo-de-la-moda-una-logistica-marcada-por-la-omnicanalidad-y-la-tecnologia\/#breadcrumb","itemListElement":[{"@type":"ListItem","position":1,"name":"Portada","item":"https:\/\/www.revistalogistec.com\/"},{"@type":"ListItem","position":2,"name":"MUNDO DE LA MODA: UNA LOG\u00cdSTICA MARCADA POR LA OMNICANALIDAD Y LA TECNOLOG\u00cdA"}]},{"@type":"WebSite","@id":"https:\/\/www.revistalogistec.com\/#website","url":"https:\/\/www.revistalogistec.com\/","name":"Revista Logistec","description":"","potentialAction":[{"@type":"SearchAction","target":{"@type":"EntryPoint","urlTemplate":"https:\/\/www.revistalogistec.com\/?s={search_term_string}"},"query-input":{"@type":"PropertyValueSpecification","valueRequired":true,"valueName":"search_term_string"}}],"inLanguage":"es"},{"@type":"Person","@id":"https:\/\/www.revistalogistec.com\/#\/schema\/person\/b25cced65507282f3fc6eb806b1db4f0","name":"admin","image":{"@type":"ImageObject","inLanguage":"es","@id":"https:\/\/secure.gravatar.com\/avatar\/94631f712dee24b50f2f12a7caf62df22b2c346945fcff655ce85b674bebf6fd?s=96&d=mm&r=g","url":"https:\/\/secure.gravatar.com\/avatar\/94631f712dee24b50f2f12a7caf62df22b2c346945fcff655ce85b674bebf6fd?s=96&d=mm&r=g","contentUrl":"https:\/\/secure.gravatar.com\/avatar\/94631f712dee24b50f2f12a7caf62df22b2c346945fcff655ce85b674bebf6fd?s=96&d=mm&r=g","caption":"admin"},"sameAs":["https:\/\/www.revistalogistec.com"],"url":"https:\/\/www.revistalogistec.com\/index.php\/author\/admin_revlog\/"}]}},"_links":{"self":[{"href":"https:\/\/www.revistalogistec.com\/index.php\/wp-json\/wp\/v2\/posts\/28095","targetHints":{"allow":["GET"]}}],"collection":[{"href":"https:\/\/www.revistalogistec.com\/index.php\/wp-json\/wp\/v2\/posts"}],"about":[{"href":"https:\/\/www.revistalogistec.com\/index.php\/wp-json\/wp\/v2\/types\/post"}],"author":[{"embeddable":true,"href":"https:\/\/www.revistalogistec.com\/index.php\/wp-json\/wp\/v2\/users\/1"}],"replies":[{"embeddable":true,"href":"https:\/\/www.revistalogistec.com\/index.php\/wp-json\/wp\/v2\/comments?post=28095"}],"version-history":[{"count":1,"href":"https:\/\/www.revistalogistec.com\/index.php\/wp-json\/wp\/v2\/posts\/28095\/revisions"}],"predecessor-version":[{"id":28547,"href":"https:\/\/www.revistalogistec.com\/index.php\/wp-json\/wp\/v2\/posts\/28095\/revisions\/28547"}],"wp:featuredmedia":[{"embeddable":true,"href":"https:\/\/www.revistalogistec.com\/index.php\/wp-json\/wp\/v2\/media\/28098"}],"wp:attachment":[{"href":"https:\/\/www.revistalogistec.com\/index.php\/wp-json\/wp\/v2\/media?parent=28095"}],"wp:term":[{"taxonomy":"category","embeddable":true,"href":"https:\/\/www.revistalogistec.com\/index.php\/wp-json\/wp\/v2\/categories?post=28095"},{"taxonomy":"post_tag","embeddable":true,"href":"https:\/\/www.revistalogistec.com\/index.php\/wp-json\/wp\/v2\/tags?post=28095"}],"curies":[{"name":"wp","href":"https:\/\/api.w.org\/{rel}","templated":true}]}}