{"id":28100,"date":"2025-12-16T14:02:18","date_gmt":"2025-12-16T18:02:18","guid":{"rendered":"https:\/\/www.revistalogistec.com\/?p=28100"},"modified":"2026-01-13T09:20:15","modified_gmt":"2026-01-13T13:20:15","slug":"bsf-amplia-su-centro-logistico-temuco-y-contribuye-a-la-consolidacion-logistica-de-la-araucania","status":"publish","type":"post","link":"https:\/\/www.revistalogistec.com\/index.php\/2025\/12\/16\/bsf-amplia-su-centro-logistico-temuco-y-contribuye-a-la-consolidacion-logistica-de-la-araucania\/","title":{"rendered":"BSF AMPL\u00cdA SU CENTRO LOG\u00cdSTICO TEMUCO Y CONTRIBUYE A LA CONSOLIDACI\u00d3N LOG\u00cdSTICA DE LA ARAUCAN\u00cdA"},"content":{"rendered":"<p style=\"text-align: justify;\">La ampliaci\u00f3n, que contempla 10.000 m\u00b2 adicionales y una inversi\u00f3n de USD 2,5 millones, incluir\u00e1 nuevas bodegas y un centro de distribuci\u00f3n de 5.000 m\u00b2 para responder al crecimiento operativo de la macrozona sur.<!--more--><\/p>\n<p style=\"text-align: justify;\">En la Regi\u00f3n de La Araucan\u00eda, Bodegas San Francisco avanza en uno de sus proyectos m\u00e1s relevantes: la ampliaci\u00f3n del Centro Log\u00edstico Temuco. Con 40 a\u00f1os de trayectoria, m\u00e1s de 2,3 millones de m\u00b2 construidos en Chile y Per\u00fa y m\u00e1s de mil clientes de diversos sectores que conf\u00edan en su infraestructura, la compa\u00f1\u00eda se ha consolidado como un actor clave del abastecimiento y la distribuci\u00f3n en el pa\u00eds.<\/p>\n<p style=\"text-align: justify;\">Reconocida por su modelo de centros multicliente y por relaciones de largo plazo con sus arrendatarios, BSF ha sido un actor clave del desarrollo log\u00edstico del pa\u00eds, acompa\u00f1ando el crecimiento de peque\u00f1as y grandes compa\u00f1\u00edas y contribuyendo diariamente al funcionamiento de la cadena de suministro.<\/p>\n<p style=\"text-align: justify;\">Esa misma realidad se refleja en La Araucan\u00eda, donde la ubicaci\u00f3n del centro -a pasos del Aeropuerto Maquehue y con conexi\u00f3n directa a la Ruta 5 Sur- lo convierte en un nodo estrat\u00e9gico dentro del corredor Santiago\u2013Chill\u00e1n\u2013Temuco, un eje que demanda infraestructura moderna, operaci\u00f3n eficiente y espacios disponibles para acompa\u00f1ar el crecimiento de las empresas.<\/p>\n<p style=\"text-align: justify;\">A esto se suma que Temuco es uno de los centros con mayor ocupaci\u00f3n de toda la red, operando de manera sostenida sobre 95% de ocupaci\u00f3n, lo que ha limitado la posibilidad de recibir nuevos clientes. La ampliaci\u00f3n permitir\u00e1 responder a esa demanda acumulada y abrir capacidad tanto para grandes operadores como para empresas medianas y peque\u00f1as que hoy no pueden ser atendidas por falta de superficie disponible.<\/p>\n<h4 style=\"text-align: justify;\"><strong>UNA AMPLIACI\u00d3N QUE IMPULSA INFRAESTRUCTURA<\/strong><\/h4>\n<p style=\"text-align: justify;\">La ampliaci\u00f3n incorpora 10.000 m\u00b2 adicionales, elevando la capacidad total del centro de 20.000 m\u00b2 a 30.000 m\u00b2. El proyecto incluye nuevas bodegas a piso -dise\u00f1adas para atender la demanda de peque\u00f1as y medianas empresas- y un centro de distribuci\u00f3n de 5.000 m\u00b2 desarrollado bajo el est\u00e1ndar corporativo de BSF, con mejoras en flujos operacionales, altura \u00fatil y maniobras, en l\u00ednea con el dinamismo log\u00edstico de la regi\u00f3n.<\/p>\n<p style=\"text-align: justify;\"><img decoding=\"async\" class=\"size-full wp-image-28105 alignleft\" style=\"margin: 20px;\" src=\"https:\/\/www.revistalogistec.com\/wp-content\/uploads\/2025\/12\/Sergio-BSF.jpg\" alt=\"\" width=\"200\" height=\"200\" srcset=\"https:\/\/www.revistalogistec.com\/wp-content\/uploads\/2025\/12\/Sergio-BSF.jpg 200w, https:\/\/www.revistalogistec.com\/wp-content\/uploads\/2025\/12\/Sergio-BSF-150x150.jpg 150w, https:\/\/www.revistalogistec.com\/wp-content\/uploads\/2025\/12\/Sergio-BSF-75x75.jpg 75w\" sizes=\"(max-width: 200px) 100vw, 200px\" \/>\u201cTemuco es un punto log\u00edstico natural dentro de nuestra red y la ocupaci\u00f3n sostenida del centro confirma su consolidaci\u00f3n como polo estrat\u00e9gico. Esta ampliaci\u00f3n responde a una demanda consistente y al compromiso de ofrecer m\u00e1s capacidad y mejores est\u00e1ndares a las empresas que operan en la macrozona sur, en un territorio que seguir\u00e1 creciendo con fuerza en los pr\u00f3ximos a\u00f1os\u201d, afirm\u00f3 Sergio Barros F., gerente general de BSF.<\/p>\n<p style=\"text-align: justify;\">La inversi\u00f3n total asciende a USD 2,5 millones. La ampliaci\u00f3n es parte del plan de crecimiento regional de BSF, que para 2026 contempla nuevas expansiones en Antofagasta y Chill\u00e1n. \u201cNuestro foco es seguir creciendo en regiones, fortaleciendo una red descentralizada y con est\u00e1ndares que acompa\u00f1en las necesidades de nuestros clientes\u201d, se\u00f1al\u00f3 el ejecutivo.<\/p>\n<p style=\"text-align: justify;\">Seg\u00fan detalla Barros, el movimiento de tierra comenz\u00f3 en noviembre de 2025 y la obra se ejecutar\u00e1 en una \u00fanica etapa, con un plazo total estimado de tres a\u00f1os. \u201cLa planificaci\u00f3n es habilitar cada nave apenas est\u00e9 terminada. Esto nos permitir\u00e1 aumentar la capacidad de inmediato, sin detener la operaci\u00f3n actual del centro. La ampliaci\u00f3n ir\u00e1 entrando en funcionamiento de manera progresiva, a medida que cada unidad est\u00e9 lista\u201d.<\/p>\n<p style=\"text-align: justify;\">El proyecto fue dise\u00f1ado siguiendo criterios de eficiencia y sostenibilidad. Incluye luminarias LED de alto desempe\u00f1o, \u00e1reas verdes y un sistema para el uso de aguas grises para riego, reduciendo consumos y mejorando la operaci\u00f3n futura.<\/p>\n<h4 style=\"text-align: justify;\"><strong>APORTE LABORAL Y COMPROMISO TERRITORIAL DE BSF<\/strong><\/h4>\n<p style=\"text-align: justify;\">En materia laboral, la ampliaci\u00f3n tambi\u00e9n ser\u00e1 un aporte para la zona. Durante la etapa de construcci\u00f3n se movilizar\u00e1n equipos locales de alrededor de 20 personas, y una vez en marcha, la ampliaci\u00f3n generar\u00e1 nuevas oportunidades laborales a partir de las operaciones de los propios arrendatarios. Seg\u00fan estima Barros, \u201cla ampliaci\u00f3n permitir\u00e1 que nuestros clientes incorporen cerca de 250 nuevos puestos de trabajo, creando empleo estable para familias de Padre Las Casas y Temuco y fortaleciendo la actividad econ\u00f3mica local\u201d.<\/p>\n<p style=\"text-align: justify;\">La ampliaci\u00f3n del Centro Log\u00edstico Temuco tambi\u00e9n se articula con el trabajo territorial que BSF desarrolla desde hace a\u00f1os en su entorno inmediato. Andr\u00e9s Illanes, gerente de asuntos corporativos de la compa\u00f1\u00eda, indic\u00f3 que \u201cel administrador del centro y el equipo de sostenibilidad de BSF mantienen una relaci\u00f3n cercana y colaborativa con las comunidades vecinas\u201d, una labor que se expresa en iniciativas permanentes como la entrega de \u00fatiles escolares en marzo y de regalos de Navidad para los ni\u00f1os de las dos comunidades mapuches del sector.<\/p>\n<p style=\"text-align: justify;\">Este a\u00f1o, BSF tambi\u00e9n llev\u00f3 adelante su concurso anual de proyectos comunitarios, una iniciativa que promueve el fortalecimiento de capacidades locales y apoya directamente el desarrollo del territorio. En esta edici\u00f3n, las comunidades Jos\u00e9 Manuel Millap\u00e1n 1 y Jos\u00e9 Manuel Millap\u00e1n 2 resultaron ganadoras con sus iniciativas, reafirmando el trabajo colaborativo que se ha construido en el entorno del centro.<\/p>\n<p style=\"text-align: justify;\">\u201cLa relaci\u00f3n con las comunidades forma parte de nuestra operaci\u00f3n diaria. No se trata solo de ejecutar proyectos, sino de acompa\u00f1ar su crecimiento con iniciativas que generen beneficios reales y sostenibles en el tiempo\u201d, a\u00f1adi\u00f3 Illanes.<\/p>\n<p style=\"text-align: justify;\">A ello se suman nuevas iniciativas vinculadas directamente a la ampliaci\u00f3n. Una de las m\u00e1s relevantes ser\u00e1 la llegada del programa Giro Limpio, ya implementado en Puerto Montt y programado para desarrollarse en Temuco en 2026. Seg\u00fan Illanes, esta iniciativa \u201cpermitir\u00e1 reducir el consumo de combustible y las emisiones de gases de efecto invernadero (CO\u2082e), mejorar la gesti\u00f3n operativa mediante la optimizaci\u00f3n del tiempo de ralent\u00ed y aportar al cumplimiento de las metas de la Estrategia Nacional de Electromovilidad mediante la incorporaci\u00f3n de tecnolog\u00edas limpias\u201d.<\/p>\n<p style=\"text-align: justify;\">As\u00ed, la ampliaci\u00f3n del Centro Log\u00edstico Temuco no solo aumentar\u00e1 la capacidad operativa de BSF en la regi\u00f3n, sino que tambi\u00e9n fortalecer\u00e1 el rol de La Araucan\u00eda como plataforma log\u00edstica del sur de Chile. El proyecto impulsar\u00e1 nuevas oportunidades para empresas y trabajadores, incorporar\u00e1 pr\u00e1cticas ambientales de alto est\u00e1ndar y profundizar\u00e1 un trabajo comunitario que ya forma parte del sello de la compa\u00f1\u00eda.<\/p>\n<p style=\"text-align: justify;\">Con m\u00e1s superficie, mejor infraestructura, sostenibilidad integrada y un v\u00ednculo territorial permanente, BSF est\u00e1 desarrollando un centro preparado para acompa\u00f1ar el crecimiento de sus clientes y el desarrollo sostenido de la regi\u00f3n en los pr\u00f3ximos a\u00f1os.<\/p>\n","protected":false},"excerpt":{"rendered":"<p>La ampliaci\u00f3n, que contempla 10.000 m\u00b2 adicionales y una inversi\u00f3n de USD 2,5 millones, incluir\u00e1 nuevas bodegas y un centro de distribuci\u00f3n de 5.000 m\u00b2 para responder al crecimiento operativo de la macrozona sur.<\/p>\n","protected":false},"author":1,"featured_media":28102,"comment_status":"closed","ping_status":"closed","sticky":false,"template":"","format":"gallery","meta":{"_acf_changed":false,"jnews-multi-image_gallery":[],"jnews_single_post":{"format":"gallery","jnews_video_option_group":[[]],"override":[{"template":"1","parallax":"1","fullscreen":"1","layout":"right-sidebar","sidebar":"home-loop","second_sidebar":"default-sidebar","share_position":"top","share_float_style":"share-monocrhome","show_share_counter":"1","show_view_counter":"1","show_featured":"1","show_post_author_image":"1","show_post_date":"1","post_date_format":"default","post_date_format_custom":"Y\/m\/d","show_post_category":"1","show_post_reading_time":"0","post_reading_time_wpm":"300","post_calculate_word_method":"str_word_count","show_zoom_button":"0","zoom_button_out_step":"2","zoom_button_in_step":"3","show_post_tag":"1","show_prev_next_post":"1","show_popup_post":"1","number_popup_post":"1","show_post_related":"1","show_inline_post_related":"1"}],"image_override":[{"single_post_thumbnail_size":"crop-500","single_post_gallery_size":"crop-500"}],"trending_post_position":"meta","trending_post_label":"Trending","sponsored_post_label":"Sponsored by","disable_ad":"0","gallery":"28101,28102,28103,28104","subtitle":""},"jnews_primary_category":[],"jnews_social_meta":[],"jnews_override_counter":{"view_counter_number":"0","share_counter_number":"0","like_counter_number":"0","dislike_counter_number":"0"},"footnotes":""},"categories":[70],"tags":[],"class_list":["post-28100","post","type-post","status-publish","format-gallery","has-post-thumbnail","hentry","category-proveedores-estrategicos","post_format-post-format-gallery"],"acf":[],"yoast_head":"<!-- This site is optimized with the Yoast SEO plugin v27.2 - https:\/\/yoast.com\/product\/yoast-seo-wordpress\/ -->\n<title>BSF AMPL\u00cdA SU CENTRO LOG\u00cdSTICO TEMUCO Y CONTRIBUYE A LA CONSOLIDACI\u00d3N LOG\u00cdSTICA DE LA ARAUCAN\u00cdA - Revista Logistec<\/title>\n<meta name=\"robots\" content=\"index, follow, max-snippet:-1, max-image-preview:large, max-video-preview:-1\" \/>\n<link rel=\"canonical\" href=\"https:\/\/www.revistalogistec.com\/index.php\/2025\/12\/16\/bsf-amplia-su-centro-logistico-temuco-y-contribuye-a-la-consolidacion-logistica-de-la-araucania\/\" \/>\n<meta property=\"og:locale\" content=\"es_ES\" \/>\n<meta property=\"og:type\" content=\"article\" \/>\n<meta property=\"og:title\" content=\"BSF AMPL\u00cdA SU CENTRO LOG\u00cdSTICO TEMUCO Y CONTRIBUYE A LA CONSOLIDACI\u00d3N LOG\u00cdSTICA DE LA ARAUCAN\u00cdA - Revista Logistec\" \/>\n<meta property=\"og:description\" content=\"La ampliaci\u00f3n, que contempla 10.000 m\u00b2 adicionales y una inversi\u00f3n de USD 2,5 millones, incluir\u00e1 nuevas bodegas y un centro de distribuci\u00f3n de 5.000 m\u00b2 para responder al crecimiento operativo de la macrozona sur.\" \/>\n<meta property=\"og:url\" content=\"https:\/\/www.revistalogistec.com\/index.php\/2025\/12\/16\/bsf-amplia-su-centro-logistico-temuco-y-contribuye-a-la-consolidacion-logistica-de-la-araucania\/\" \/>\n<meta property=\"og:site_name\" content=\"Revista Logistec\" \/>\n<meta property=\"article:published_time\" content=\"2025-12-16T18:02:18+00:00\" \/>\n<meta property=\"article:modified_time\" content=\"2026-01-13T13:20:15+00:00\" \/>\n<meta property=\"og:image\" content=\"https:\/\/www.revistalogistec.com\/wp-content\/uploads\/2025\/12\/bsf_2.jpg\" \/>\n\t<meta property=\"og:image:width\" content=\"1140\" \/>\n\t<meta property=\"og:image:height\" content=\"760\" \/>\n\t<meta property=\"og:image:type\" content=\"image\/jpeg\" \/>\n<meta name=\"author\" content=\"admin\" \/>\n<meta name=\"twitter:card\" content=\"summary_large_image\" \/>\n<meta name=\"twitter:label1\" content=\"Escrito por\" \/>\n\t<meta name=\"twitter:data1\" content=\"admin\" \/>\n\t<meta name=\"twitter:label2\" content=\"Tiempo de lectura\" \/>\n\t<meta name=\"twitter:data2\" content=\"6 minutos\" \/>\n<script type=\"application\/ld+json\" class=\"yoast-schema-graph\">{\"@context\":\"https:\/\/schema.org\",\"@graph\":[{\"@type\":\"Article\",\"@id\":\"https:\/\/www.revistalogistec.com\/index.php\/2025\/12\/16\/bsf-amplia-su-centro-logistico-temuco-y-contribuye-a-la-consolidacion-logistica-de-la-araucania\/#article\",\"isPartOf\":{\"@id\":\"https:\/\/www.revistalogistec.com\/index.php\/2025\/12\/16\/bsf-amplia-su-centro-logistico-temuco-y-contribuye-a-la-consolidacion-logistica-de-la-araucania\/\"},\"author\":{\"name\":\"admin\",\"@id\":\"https:\/\/www.revistalogistec.com\/#\/schema\/person\/b25cced65507282f3fc6eb806b1db4f0\"},\"headline\":\"BSF AMPL\u00cdA SU CENTRO LOG\u00cdSTICO TEMUCO Y CONTRIBUYE A LA CONSOLIDACI\u00d3N LOG\u00cdSTICA DE LA ARAUCAN\u00cdA\",\"datePublished\":\"2025-12-16T18:02:18+00:00\",\"dateModified\":\"2026-01-13T13:20:15+00:00\",\"mainEntityOfPage\":{\"@id\":\"https:\/\/www.revistalogistec.com\/index.php\/2025\/12\/16\/bsf-amplia-su-centro-logistico-temuco-y-contribuye-a-la-consolidacion-logistica-de-la-araucania\/\"},\"wordCount\":1137,\"image\":{\"@id\":\"https:\/\/www.revistalogistec.com\/index.php\/2025\/12\/16\/bsf-amplia-su-centro-logistico-temuco-y-contribuye-a-la-consolidacion-logistica-de-la-araucania\/#primaryimage\"},\"thumbnailUrl\":\"https:\/\/www.revistalogistec.com\/wp-content\/uploads\/2025\/12\/bsf_2.jpg\",\"articleSection\":[\"PROVEEDORES ESTRAT\u00c9GICOS\"],\"inLanguage\":\"es\"},{\"@type\":\"WebPage\",\"@id\":\"https:\/\/www.revistalogistec.com\/index.php\/2025\/12\/16\/bsf-amplia-su-centro-logistico-temuco-y-contribuye-a-la-consolidacion-logistica-de-la-araucania\/\",\"url\":\"https:\/\/www.revistalogistec.com\/index.php\/2025\/12\/16\/bsf-amplia-su-centro-logistico-temuco-y-contribuye-a-la-consolidacion-logistica-de-la-araucania\/\",\"name\":\"BSF AMPL\u00cdA SU CENTRO LOG\u00cdSTICO TEMUCO Y CONTRIBUYE A LA CONSOLIDACI\u00d3N LOG\u00cdSTICA DE LA ARAUCAN\u00cdA - Revista Logistec\",\"isPartOf\":{\"@id\":\"https:\/\/www.revistalogistec.com\/#website\"},\"primaryImageOfPage\":{\"@id\":\"https:\/\/www.revistalogistec.com\/index.php\/2025\/12\/16\/bsf-amplia-su-centro-logistico-temuco-y-contribuye-a-la-consolidacion-logistica-de-la-araucania\/#primaryimage\"},\"image\":{\"@id\":\"https:\/\/www.revistalogistec.com\/index.php\/2025\/12\/16\/bsf-amplia-su-centro-logistico-temuco-y-contribuye-a-la-consolidacion-logistica-de-la-araucania\/#primaryimage\"},\"thumbnailUrl\":\"https:\/\/www.revistalogistec.com\/wp-content\/uploads\/2025\/12\/bsf_2.jpg\",\"datePublished\":\"2025-12-16T18:02:18+00:00\",\"dateModified\":\"2026-01-13T13:20:15+00:00\",\"author\":{\"@id\":\"https:\/\/www.revistalogistec.com\/#\/schema\/person\/b25cced65507282f3fc6eb806b1db4f0\"},\"breadcrumb\":{\"@id\":\"https:\/\/www.revistalogistec.com\/index.php\/2025\/12\/16\/bsf-amplia-su-centro-logistico-temuco-y-contribuye-a-la-consolidacion-logistica-de-la-araucania\/#breadcrumb\"},\"inLanguage\":\"es\",\"potentialAction\":[{\"@type\":\"ReadAction\",\"target\":[\"https:\/\/www.revistalogistec.com\/index.php\/2025\/12\/16\/bsf-amplia-su-centro-logistico-temuco-y-contribuye-a-la-consolidacion-logistica-de-la-araucania\/\"]}]},{\"@type\":\"ImageObject\",\"inLanguage\":\"es\",\"@id\":\"https:\/\/www.revistalogistec.com\/index.php\/2025\/12\/16\/bsf-amplia-su-centro-logistico-temuco-y-contribuye-a-la-consolidacion-logistica-de-la-araucania\/#primaryimage\",\"url\":\"https:\/\/www.revistalogistec.com\/wp-content\/uploads\/2025\/12\/bsf_2.jpg\",\"contentUrl\":\"https:\/\/www.revistalogistec.com\/wp-content\/uploads\/2025\/12\/bsf_2.jpg\",\"width\":1140,\"height\":760},{\"@type\":\"BreadcrumbList\",\"@id\":\"https:\/\/www.revistalogistec.com\/index.php\/2025\/12\/16\/bsf-amplia-su-centro-logistico-temuco-y-contribuye-a-la-consolidacion-logistica-de-la-araucania\/#breadcrumb\",\"itemListElement\":[{\"@type\":\"ListItem\",\"position\":1,\"name\":\"Portada\",\"item\":\"https:\/\/www.revistalogistec.com\/\"},{\"@type\":\"ListItem\",\"position\":2,\"name\":\"BSF AMPL\u00cdA SU CENTRO LOG\u00cdSTICO TEMUCO Y CONTRIBUYE A LA CONSOLIDACI\u00d3N LOG\u00cdSTICA DE LA ARAUCAN\u00cdA\"}]},{\"@type\":\"WebSite\",\"@id\":\"https:\/\/www.revistalogistec.com\/#website\",\"url\":\"https:\/\/www.revistalogistec.com\/\",\"name\":\"Revista Logistec\",\"description\":\"\",\"potentialAction\":[{\"@type\":\"SearchAction\",\"target\":{\"@type\":\"EntryPoint\",\"urlTemplate\":\"https:\/\/www.revistalogistec.com\/?s={search_term_string}\"},\"query-input\":{\"@type\":\"PropertyValueSpecification\",\"valueRequired\":true,\"valueName\":\"search_term_string\"}}],\"inLanguage\":\"es\"},{\"@type\":\"Person\",\"@id\":\"https:\/\/www.revistalogistec.com\/#\/schema\/person\/b25cced65507282f3fc6eb806b1db4f0\",\"name\":\"admin\",\"image\":{\"@type\":\"ImageObject\",\"inLanguage\":\"es\",\"@id\":\"https:\/\/secure.gravatar.com\/avatar\/94631f712dee24b50f2f12a7caf62df22b2c346945fcff655ce85b674bebf6fd?s=96&d=mm&r=g\",\"url\":\"https:\/\/secure.gravatar.com\/avatar\/94631f712dee24b50f2f12a7caf62df22b2c346945fcff655ce85b674bebf6fd?s=96&d=mm&r=g\",\"contentUrl\":\"https:\/\/secure.gravatar.com\/avatar\/94631f712dee24b50f2f12a7caf62df22b2c346945fcff655ce85b674bebf6fd?s=96&d=mm&r=g\",\"caption\":\"admin\"},\"sameAs\":[\"https:\/\/www.revistalogistec.com\"],\"url\":\"https:\/\/www.revistalogistec.com\/index.php\/author\/admin_revlog\/\"}]}<\/script>\n<!-- \/ Yoast SEO plugin. -->","yoast_head_json":{"title":"BSF AMPL\u00cdA SU CENTRO LOG\u00cdSTICO TEMUCO Y CONTRIBUYE A LA CONSOLIDACI\u00d3N LOG\u00cdSTICA DE LA ARAUCAN\u00cdA - Revista Logistec","robots":{"index":"index","follow":"follow","max-snippet":"max-snippet:-1","max-image-preview":"max-image-preview:large","max-video-preview":"max-video-preview:-1"},"canonical":"https:\/\/www.revistalogistec.com\/index.php\/2025\/12\/16\/bsf-amplia-su-centro-logistico-temuco-y-contribuye-a-la-consolidacion-logistica-de-la-araucania\/","og_locale":"es_ES","og_type":"article","og_title":"BSF AMPL\u00cdA SU CENTRO LOG\u00cdSTICO TEMUCO Y CONTRIBUYE A LA CONSOLIDACI\u00d3N LOG\u00cdSTICA DE LA ARAUCAN\u00cdA - Revista Logistec","og_description":"La ampliaci\u00f3n, que contempla 10.000 m\u00b2 adicionales y una inversi\u00f3n de USD 2,5 millones, incluir\u00e1 nuevas bodegas y un centro de distribuci\u00f3n de 5.000 m\u00b2 para responder al crecimiento operativo de la macrozona sur.","og_url":"https:\/\/www.revistalogistec.com\/index.php\/2025\/12\/16\/bsf-amplia-su-centro-logistico-temuco-y-contribuye-a-la-consolidacion-logistica-de-la-araucania\/","og_site_name":"Revista Logistec","article_published_time":"2025-12-16T18:02:18+00:00","article_modified_time":"2026-01-13T13:20:15+00:00","og_image":[{"width":1140,"height":760,"url":"https:\/\/www.revistalogistec.com\/wp-content\/uploads\/2025\/12\/bsf_2.jpg","type":"image\/jpeg"}],"author":"admin","twitter_card":"summary_large_image","twitter_misc":{"Escrito por":"admin","Tiempo de lectura":"6 minutos"},"schema":{"@context":"https:\/\/schema.org","@graph":[{"@type":"Article","@id":"https:\/\/www.revistalogistec.com\/index.php\/2025\/12\/16\/bsf-amplia-su-centro-logistico-temuco-y-contribuye-a-la-consolidacion-logistica-de-la-araucania\/#article","isPartOf":{"@id":"https:\/\/www.revistalogistec.com\/index.php\/2025\/12\/16\/bsf-amplia-su-centro-logistico-temuco-y-contribuye-a-la-consolidacion-logistica-de-la-araucania\/"},"author":{"name":"admin","@id":"https:\/\/www.revistalogistec.com\/#\/schema\/person\/b25cced65507282f3fc6eb806b1db4f0"},"headline":"BSF AMPL\u00cdA SU CENTRO LOG\u00cdSTICO TEMUCO Y CONTRIBUYE A LA CONSOLIDACI\u00d3N LOG\u00cdSTICA DE LA ARAUCAN\u00cdA","datePublished":"2025-12-16T18:02:18+00:00","dateModified":"2026-01-13T13:20:15+00:00","mainEntityOfPage":{"@id":"https:\/\/www.revistalogistec.com\/index.php\/2025\/12\/16\/bsf-amplia-su-centro-logistico-temuco-y-contribuye-a-la-consolidacion-logistica-de-la-araucania\/"},"wordCount":1137,"image":{"@id":"https:\/\/www.revistalogistec.com\/index.php\/2025\/12\/16\/bsf-amplia-su-centro-logistico-temuco-y-contribuye-a-la-consolidacion-logistica-de-la-araucania\/#primaryimage"},"thumbnailUrl":"https:\/\/www.revistalogistec.com\/wp-content\/uploads\/2025\/12\/bsf_2.jpg","articleSection":["PROVEEDORES ESTRAT\u00c9GICOS"],"inLanguage":"es"},{"@type":"WebPage","@id":"https:\/\/www.revistalogistec.com\/index.php\/2025\/12\/16\/bsf-amplia-su-centro-logistico-temuco-y-contribuye-a-la-consolidacion-logistica-de-la-araucania\/","url":"https:\/\/www.revistalogistec.com\/index.php\/2025\/12\/16\/bsf-amplia-su-centro-logistico-temuco-y-contribuye-a-la-consolidacion-logistica-de-la-araucania\/","name":"BSF AMPL\u00cdA SU CENTRO LOG\u00cdSTICO TEMUCO Y CONTRIBUYE A LA CONSOLIDACI\u00d3N LOG\u00cdSTICA DE LA ARAUCAN\u00cdA - Revista Logistec","isPartOf":{"@id":"https:\/\/www.revistalogistec.com\/#website"},"primaryImageOfPage":{"@id":"https:\/\/www.revistalogistec.com\/index.php\/2025\/12\/16\/bsf-amplia-su-centro-logistico-temuco-y-contribuye-a-la-consolidacion-logistica-de-la-araucania\/#primaryimage"},"image":{"@id":"https:\/\/www.revistalogistec.com\/index.php\/2025\/12\/16\/bsf-amplia-su-centro-logistico-temuco-y-contribuye-a-la-consolidacion-logistica-de-la-araucania\/#primaryimage"},"thumbnailUrl":"https:\/\/www.revistalogistec.com\/wp-content\/uploads\/2025\/12\/bsf_2.jpg","datePublished":"2025-12-16T18:02:18+00:00","dateModified":"2026-01-13T13:20:15+00:00","author":{"@id":"https:\/\/www.revistalogistec.com\/#\/schema\/person\/b25cced65507282f3fc6eb806b1db4f0"},"breadcrumb":{"@id":"https:\/\/www.revistalogistec.com\/index.php\/2025\/12\/16\/bsf-amplia-su-centro-logistico-temuco-y-contribuye-a-la-consolidacion-logistica-de-la-araucania\/#breadcrumb"},"inLanguage":"es","potentialAction":[{"@type":"ReadAction","target":["https:\/\/www.revistalogistec.com\/index.php\/2025\/12\/16\/bsf-amplia-su-centro-logistico-temuco-y-contribuye-a-la-consolidacion-logistica-de-la-araucania\/"]}]},{"@type":"ImageObject","inLanguage":"es","@id":"https:\/\/www.revistalogistec.com\/index.php\/2025\/12\/16\/bsf-amplia-su-centro-logistico-temuco-y-contribuye-a-la-consolidacion-logistica-de-la-araucania\/#primaryimage","url":"https:\/\/www.revistalogistec.com\/wp-content\/uploads\/2025\/12\/bsf_2.jpg","contentUrl":"https:\/\/www.revistalogistec.com\/wp-content\/uploads\/2025\/12\/bsf_2.jpg","width":1140,"height":760},{"@type":"BreadcrumbList","@id":"https:\/\/www.revistalogistec.com\/index.php\/2025\/12\/16\/bsf-amplia-su-centro-logistico-temuco-y-contribuye-a-la-consolidacion-logistica-de-la-araucania\/#breadcrumb","itemListElement":[{"@type":"ListItem","position":1,"name":"Portada","item":"https:\/\/www.revistalogistec.com\/"},{"@type":"ListItem","position":2,"name":"BSF AMPL\u00cdA SU CENTRO LOG\u00cdSTICO TEMUCO Y CONTRIBUYE A LA CONSOLIDACI\u00d3N LOG\u00cdSTICA DE LA ARAUCAN\u00cdA"}]},{"@type":"WebSite","@id":"https:\/\/www.revistalogistec.com\/#website","url":"https:\/\/www.revistalogistec.com\/","name":"Revista Logistec","description":"","potentialAction":[{"@type":"SearchAction","target":{"@type":"EntryPoint","urlTemplate":"https:\/\/www.revistalogistec.com\/?s={search_term_string}"},"query-input":{"@type":"PropertyValueSpecification","valueRequired":true,"valueName":"search_term_string"}}],"inLanguage":"es"},{"@type":"Person","@id":"https:\/\/www.revistalogistec.com\/#\/schema\/person\/b25cced65507282f3fc6eb806b1db4f0","name":"admin","image":{"@type":"ImageObject","inLanguage":"es","@id":"https:\/\/secure.gravatar.com\/avatar\/94631f712dee24b50f2f12a7caf62df22b2c346945fcff655ce85b674bebf6fd?s=96&d=mm&r=g","url":"https:\/\/secure.gravatar.com\/avatar\/94631f712dee24b50f2f12a7caf62df22b2c346945fcff655ce85b674bebf6fd?s=96&d=mm&r=g","contentUrl":"https:\/\/secure.gravatar.com\/avatar\/94631f712dee24b50f2f12a7caf62df22b2c346945fcff655ce85b674bebf6fd?s=96&d=mm&r=g","caption":"admin"},"sameAs":["https:\/\/www.revistalogistec.com"],"url":"https:\/\/www.revistalogistec.com\/index.php\/author\/admin_revlog\/"}]}},"_links":{"self":[{"href":"https:\/\/www.revistalogistec.com\/index.php\/wp-json\/wp\/v2\/posts\/28100","targetHints":{"allow":["GET"]}}],"collection":[{"href":"https:\/\/www.revistalogistec.com\/index.php\/wp-json\/wp\/v2\/posts"}],"about":[{"href":"https:\/\/www.revistalogistec.com\/index.php\/wp-json\/wp\/v2\/types\/post"}],"author":[{"embeddable":true,"href":"https:\/\/www.revistalogistec.com\/index.php\/wp-json\/wp\/v2\/users\/1"}],"replies":[{"embeddable":true,"href":"https:\/\/www.revistalogistec.com\/index.php\/wp-json\/wp\/v2\/comments?post=28100"}],"version-history":[{"count":1,"href":"https:\/\/www.revistalogistec.com\/index.php\/wp-json\/wp\/v2\/posts\/28100\/revisions"}],"predecessor-version":[{"id":28548,"href":"https:\/\/www.revistalogistec.com\/index.php\/wp-json\/wp\/v2\/posts\/28100\/revisions\/28548"}],"wp:featuredmedia":[{"embeddable":true,"href":"https:\/\/www.revistalogistec.com\/index.php\/wp-json\/wp\/v2\/media\/28102"}],"wp:attachment":[{"href":"https:\/\/www.revistalogistec.com\/index.php\/wp-json\/wp\/v2\/media?parent=28100"}],"wp:term":[{"taxonomy":"category","embeddable":true,"href":"https:\/\/www.revistalogistec.com\/index.php\/wp-json\/wp\/v2\/categories?post=28100"},{"taxonomy":"post_tag","embeddable":true,"href":"https:\/\/www.revistalogistec.com\/index.php\/wp-json\/wp\/v2\/tags?post=28100"}],"curies":[{"name":"wp","href":"https:\/\/api.w.org\/{rel}","templated":true}]}}