{"id":28107,"date":"2025-12-16T14:49:21","date_gmt":"2025-12-16T18:49:21","guid":{"rendered":"https:\/\/www.revistalogistec.com\/?p=28107"},"modified":"2026-01-13T09:21:09","modified_gmt":"2026-01-13T13:21:09","slug":"jungheinrich-amplia-su-portafolio-con-anton-una-nueva-era-mid-tech-en-intralogistica","status":"publish","type":"post","link":"https:\/\/www.revistalogistec.com\/index.php\/2025\/12\/16\/jungheinrich-amplia-su-portafolio-con-anton-una-nueva-era-mid-tech-en-intralogistica\/","title":{"rendered":"JUNGHEINRICH AMPL\u00cdA SU PORTAFOLIO CON ANTON: UNA NUEVA ERA MID-TECH EN INTRALOG\u00cdSTICA"},"content":{"rendered":"<p style=\"text-align: justify;\">El lanzamiento de la nueva marca de Jungheinrich es una apuesta por la eficiencia, la simplicidad y la sostenibilidad, incorporando al mercado una soluci\u00f3n dise\u00f1ada para operaciones que necesitan equipos confiables, f\u00e1ciles de operar y con respaldo internacional. AntOn ampl\u00eda el alcance de la compa\u00f1\u00eda alemana hacia empresas que buscan electrificaci\u00f3n accesible y desempe\u00f1o diario sin renunciar a calidad ni soporte.<!--more--><\/p>\n<p style=\"text-align: justify;\">La multinacional alemana Jungheinrich ha dado un paso estrat\u00e9gico en la evoluci\u00f3n de su portafolio con el lanzamiento de AntOn by Jungheinrich, una l\u00ednea el\u00e9ctrica costo-eficiente dise\u00f1ada para empresas que buscan equipos simples, robustos y con respaldo global. La presentaci\u00f3n oficial tuvo lugar en Europa el 30 de septiembre de 2025 y marca la entrada de la compa\u00f1\u00eda en el din\u00e1mico mercado Mid-Tech, un segmento que est\u00e1 ganando protagonismo en la intralog\u00edstica mundial y que exige soluciones precisas que aporten calidad operativa.<\/p>\n<p style=\"text-align: justify;\">Este movimiento no solo ampl\u00eda la oferta de la compa\u00f1\u00eda, sino que refuerza su capacidad para adaptarse a realidades log\u00edsticas cada vez m\u00e1s diversas. Con AntOn, Jungheinrich apunta a organizaciones que necesitan equipos confiables, f\u00e1ciles de operar y mantener, pero tambi\u00e9n alineados con est\u00e1ndares modernos de eficiencia energ\u00e9tica y desempe\u00f1o.<\/p>\n<p style=\"text-align: justify;\">Al mismo tiempo, el desarrollo de AntOn refleja la estrategia global de la compa\u00f1\u00eda: combinar innovaci\u00f3n con accesibilidad. Con d\u00e9cadas liderando el segmento premium de equipos intralog\u00edsticos, la empresa reafirma su compromiso con la innovaci\u00f3n y con la transformaci\u00f3n de la log\u00edstica global.<\/p>\n<p style=\"text-align: justify;\"><strong>UNA COLABORACI\u00d3N CON BASES S\u00d3LIDAS<\/strong><\/p>\n<p style=\"text-align: justify;\">El lanzamiento de AntOn est\u00e1 respaldado por una asociaci\u00f3n estrat\u00e9gica con EP Equipment, proveedor l\u00edder de equipos industriales de ion de litio. Ambas compa\u00f1\u00edas comparten una historia corporativa similar y un enfoque en la electrificaci\u00f3n, lo que constituye una base ideal para la colaboraci\u00f3n. EP aporta su amplia experiencia en el sector y ventajas de escala que permiten a Jungheinrich ofrecer precios competitivos sin sacrificar calidad.<\/p>\n<p style=\"text-align: justify;\">Gracias a esta asociaci\u00f3n, Jungheinrich accede r\u00e1pidamente al mercado Mid-Tech, aprovecha capacidades de producci\u00f3n existentes y fortalece su presencia en Asia-Pac\u00edfico y Latinoam\u00e9rica.<\/p>\n<p style=\"text-align: justify;\"><strong>IDENTIDAD PROPIA, RESPALDO GLOBAL<\/strong><\/p>\n<p style=\"text-align: justify;\"><img decoding=\"async\" class=\"size-full wp-image-28111 alignleft\" style=\"margin: 20px;\" src=\"https:\/\/www.revistalogistec.com\/wp-content\/uploads\/2025\/12\/2_AntOn_Maria_Cristina_.jpg\" alt=\"\" width=\"200\" height=\"200\" srcset=\"https:\/\/www.revistalogistec.com\/wp-content\/uploads\/2025\/12\/2_AntOn_Maria_Cristina_.jpg 200w, https:\/\/www.revistalogistec.com\/wp-content\/uploads\/2025\/12\/2_AntOn_Maria_Cristina_-150x150.jpg 150w, https:\/\/www.revistalogistec.com\/wp-content\/uploads\/2025\/12\/2_AntOn_Maria_Cristina_-75x75.jpg 75w\" sizes=\"(max-width: 200px) 100vw, 200px\" \/>\u201cAntOn by Jungheinrich es una l\u00ednea que combina facilidad de uso, fiabilidad y rentabilidad\u201d, afirma Mar\u00eda Cristina Rinc\u00f3n, Inside Sales Manager de la compa\u00f1\u00eda, quien agrega que esta incorporaci\u00f3n permite \u201cofrecer soluciones ajustadas al tama\u00f1o, presupuesto y necesidad real de los clientes, sin renunciar al soporte que nos distingue\u201d.<\/p>\n<p style=\"text-align: justify;\">AntOn est\u00e1 dirigido a compa\u00f1\u00edas que buscan soluciones simples y rentables para tareas habituales de almacenamiento y transporte: ideal para principiantes, flotas peque\u00f1as o como complemento a flotas existentes. Las unidades est\u00e1n preconfiguradas, listas para funcionar y disponibles de inmediato, lo que permite a las empresas comenzar operaciones sin largas preparaciones.<\/p>\n<p style=\"text-align: justify;\">El acceso primario al portafolio se realiza a trav\u00e9s del e-Commerce de Jungheinrich, lo que agiliza la entrega de estos modelos, sujetos a disponibilidad y regi\u00f3n.<\/p>\n<p style=\"text-align: justify;\"><strong>TECNOLOG\u00cdA DE LITIO Y SOSTENIBILIDAD<\/strong><\/p>\n<p style=\"text-align: justify;\">Todas las carretillas AntOn incorporan <strong>bater\u00edas de iones de litio<\/strong>, que ofrecen:<\/p>\n<ul style=\"text-align: justify;\">\n<li>Tiempos de carga cortos<\/li>\n<li>Larga vida \u00fatil<\/li>\n<li>Mantenimiento m\u00ednimo<\/li>\n<\/ul>\n<p style=\"text-align: justify;\">Adem\u00e1s, integran sistemas inteligentes de gesti\u00f3n (BMS) que monitorizan en tiempo real par\u00e1metros como nivel de carga, temperatura y ciclos de vida. Esta informaci\u00f3n puede conectarse con plataformas digitales de gesti\u00f3n de flotas, habilitando planificaci\u00f3n de uso y mantenimiento predictivo.<\/p>\n<p style=\"text-align: justify;\">Los Equipos el\u00e9ctricas no solo sustituyen motores de combusti\u00f3n, reduciendo emisiones directas, sino que tambi\u00e9n act\u00faan como catalizadores de sostenibilidad y digitalizaci\u00f3n en la intralog\u00edstica.<\/p>\n<p style=\"text-align: justify;\"><strong>UNA L\u00cdNEA CREADA PARA EL DESEMPE\u00d1O DIARIO<\/strong><\/p>\n<p style=\"text-align: justify;\">La familia inicial de AntOn incluye:<\/p>\n<ul style=\"text-align: justify;\">\n<li><strong>Gr\u00faas horquillas el\u00e9ctricas CBH 2.5 y CBH 3.0<\/strong>: capacidades de 2.500 y 3.000 kg, velocidades de hasta 17 km\/h y alturas de elevaci\u00f3n de 4.800 mm.<\/li>\n<li><strong>Transpaleta el\u00e9ctrica PTL 1.5<\/strong>: compacta, \u00e1gil y dise\u00f1ada para espacios reducidos, con opci\u00f3n de bater\u00eda adicional para continuidad operativa.<\/li>\n<\/ul>\n<p style=\"text-align: justify;\">Todos los modelos destacan por su fiabilidad, facilidad de uso y bajo costo total de propiedad. Para muchas tareas de mantenimiento y reparaci\u00f3n, el usuario dispondr\u00e1 de videotutoriales, instrucciones paso a paso y kits de reparaci\u00f3n adecuados para la PTL. Esto le permite mantener su independencia y ahorrar costos.<\/p>\n<p style=\"text-align: justify;\"><strong>ATERRIZAJE ESTRAT\u00c9GICO EN LATINOAM\u00c9RICA<\/strong><\/p>\n<p style=\"text-align: justify;\">Tras su lanzamiento en Europa, AntOn iniciar\u00e1 su despliegue en Asia-Pac\u00edfico y Latinoam\u00e9rica a partir de noviembre de 2025. Para el mercado chileno y regional, este arribo representa una oportunidad concreta para acceder a soluciones el\u00e9ctricas con respaldo internacional a precios m\u00e1s accesibles. \u201cEl cliente podr\u00e1 encontrar tanto equipos premium como alternativas m\u00e1s sencillas bajo el mismo est\u00e1ndar de servicio y garant\u00eda\u201d, destaca Rinc\u00f3n.<\/p>\n<p style=\"text-align: justify;\"><strong>BENEFICIOS PARA LAS EMPRESAS<\/strong><\/p>\n<ul style=\"text-align: justify;\">\n<li><strong>Simplicidad operativa<\/strong>: equipos intuitivos y amigables para operadores.<\/li>\n<li><strong>Fiabilidad y robustez<\/strong>: chasis resistente y est\u00e1ndares de calidad consistentes.<\/li>\n<li><strong>Coste total optimizado<\/strong>: gracias a la tecnolog\u00eda de litio y la estrategia multicanal.<\/li>\n<li><strong>Sostenibilidad<\/strong>: soluciones 100% el\u00e9ctricas que apoyan la transici\u00f3n hacia operaciones m\u00e1s limpias.<\/li>\n<\/ul>\n<p style=\"text-align: justify;\">La marca est\u00e1 pensada para centros log\u00edsticos, retail, distribuci\u00f3n, bodegas y empresas de transporte que requieren equipos confiables para flujos de trabajo regulares, pero no intensivos.<\/p>\n<p style=\"text-align: justify;\"><strong>ELECTROMOVILIDAD ACCESIBLE, SIN RENUNCIAR AL RESPALDO<\/strong><\/p>\n<p style=\"text-align: justify;\">Con AntOn, Jungheinrich ampl\u00eda su alcance hacia clientes que buscan eficiencia y electrificaci\u00f3n con presupuestos acotados. As\u00ed, la multinacional fortalece su posici\u00f3n en un mercado competitivo y diversificado, manteniendo su sello de fiabilidad, soporte t\u00e9cnico y calidad.<\/p>\n<p style=\"text-align: justify;\">Para Chile y Latinoam\u00e9rica, AntOn llega como una herramienta para profesionalizar operaciones, reducir costos y avanzar hacia la sostenibilidad, respaldada por la experiencia y garant\u00eda de una de las marcas l\u00edderes en intralog\u00edstica a nivel mundial.<\/p>\n","protected":false},"excerpt":{"rendered":"<p>El lanzamiento de la nueva marca de Jungheinrich es una apuesta por la eficiencia, la simplicidad y la sostenibilidad, incorporando al mercado una soluci\u00f3n dise\u00f1ada para operaciones que necesitan equipos confiables, f\u00e1ciles de operar y con respaldo internacional. AntOn ampl\u00eda el alcance de la compa\u00f1\u00eda alemana hacia empresas que buscan electrificaci\u00f3n accesible y desempe\u00f1o diario [&hellip;]<\/p>\n","protected":false},"author":1,"featured_media":28109,"comment_status":"closed","ping_status":"closed","sticky":false,"template":"","format":"gallery","meta":{"_acf_changed":false,"jnews-multi-image_gallery":[],"jnews_single_post":{"format":"gallery","jnews_video_option_group":[[]],"override":[{"template":"1","parallax":"1","fullscreen":"1","layout":"right-sidebar","sidebar":"home-loop","second_sidebar":"default-sidebar","share_position":"top","share_float_style":"share-monocrhome","show_share_counter":"1","show_view_counter":"1","show_featured":"1","show_post_author_image":"1","show_post_date":"1","post_date_format":"default","post_date_format_custom":"Y\/m\/d","show_post_category":"1","show_post_reading_time":"0","post_reading_time_wpm":"300","post_calculate_word_method":"str_word_count","show_zoom_button":"0","zoom_button_out_step":"2","zoom_button_in_step":"3","show_post_tag":"1","show_prev_next_post":"1","show_popup_post":"1","number_popup_post":"1","show_post_related":"1","show_inline_post_related":"1"}],"image_override":[{"single_post_thumbnail_size":"crop-500","single_post_gallery_size":"crop-500"}],"trending_post_position":"meta","trending_post_label":"Trending","sponsored_post_label":"Sponsored by","disable_ad":"0","gallery":"28108,28109,28110","subtitle":""},"jnews_primary_category":[],"jnews_social_meta":[],"jnews_override_counter":{"view_counter_number":"0","share_counter_number":"0","like_counter_number":"0","dislike_counter_number":"0"},"footnotes":""},"categories":[70],"tags":[],"class_list":["post-28107","post","type-post","status-publish","format-gallery","has-post-thumbnail","hentry","category-proveedores-estrategicos","post_format-post-format-gallery"],"acf":[],"yoast_head":"<!-- This site is optimized with the Yoast SEO plugin v27.2 - https:\/\/yoast.com\/product\/yoast-seo-wordpress\/ -->\n<title>JUNGHEINRICH AMPL\u00cdA SU PORTAFOLIO CON ANTON: UNA NUEVA ERA MID-TECH EN INTRALOG\u00cdSTICA - Revista Logistec<\/title>\n<meta name=\"robots\" content=\"index, follow, max-snippet:-1, max-image-preview:large, max-video-preview:-1\" \/>\n<link rel=\"canonical\" href=\"https:\/\/www.revistalogistec.com\/index.php\/2025\/12\/16\/jungheinrich-amplia-su-portafolio-con-anton-una-nueva-era-mid-tech-en-intralogistica\/\" \/>\n<meta property=\"og:locale\" content=\"es_ES\" \/>\n<meta property=\"og:type\" content=\"article\" \/>\n<meta property=\"og:title\" content=\"JUNGHEINRICH AMPL\u00cdA SU PORTAFOLIO CON ANTON: UNA NUEVA ERA MID-TECH EN INTRALOG\u00cdSTICA - Revista Logistec\" \/>\n<meta property=\"og:description\" content=\"El lanzamiento de la nueva marca de Jungheinrich es una apuesta por la eficiencia, la simplicidad y la sostenibilidad, incorporando al mercado una soluci\u00f3n dise\u00f1ada para operaciones que necesitan equipos confiables, f\u00e1ciles de operar y con respaldo internacional. AntOn ampl\u00eda el alcance de la compa\u00f1\u00eda alemana hacia empresas que buscan electrificaci\u00f3n accesible y desempe\u00f1o diario [&hellip;]\" \/>\n<meta property=\"og:url\" content=\"https:\/\/www.revistalogistec.com\/index.php\/2025\/12\/16\/jungheinrich-amplia-su-portafolio-con-anton-una-nueva-era-mid-tech-en-intralogistica\/\" \/>\n<meta property=\"og:site_name\" content=\"Revista Logistec\" \/>\n<meta property=\"article:published_time\" content=\"2025-12-16T18:49:21+00:00\" \/>\n<meta property=\"article:modified_time\" content=\"2026-01-13T13:21:09+00:00\" \/>\n<meta property=\"og:image\" content=\"https:\/\/www.revistalogistec.com\/wp-content\/uploads\/2025\/12\/AntOn-by-Jungheinrich-PTL_68252.jpg\" \/>\n\t<meta property=\"og:image:width\" content=\"1140\" \/>\n\t<meta property=\"og:image:height\" content=\"760\" \/>\n\t<meta property=\"og:image:type\" content=\"image\/jpeg\" \/>\n<meta name=\"author\" content=\"admin\" \/>\n<meta name=\"twitter:card\" content=\"summary_large_image\" \/>\n<meta name=\"twitter:label1\" content=\"Escrito por\" \/>\n\t<meta name=\"twitter:data1\" content=\"admin\" \/>\n\t<meta name=\"twitter:label2\" content=\"Tiempo de lectura\" \/>\n\t<meta name=\"twitter:data2\" content=\"5 minutos\" \/>\n<script type=\"application\/ld+json\" class=\"yoast-schema-graph\">{\"@context\":\"https:\/\/schema.org\",\"@graph\":[{\"@type\":\"Article\",\"@id\":\"https:\/\/www.revistalogistec.com\/index.php\/2025\/12\/16\/jungheinrich-amplia-su-portafolio-con-anton-una-nueva-era-mid-tech-en-intralogistica\/#article\",\"isPartOf\":{\"@id\":\"https:\/\/www.revistalogistec.com\/index.php\/2025\/12\/16\/jungheinrich-amplia-su-portafolio-con-anton-una-nueva-era-mid-tech-en-intralogistica\/\"},\"author\":{\"name\":\"admin\",\"@id\":\"https:\/\/www.revistalogistec.com\/#\/schema\/person\/b25cced65507282f3fc6eb806b1db4f0\"},\"headline\":\"JUNGHEINRICH AMPL\u00cdA SU PORTAFOLIO CON ANTON: UNA NUEVA ERA MID-TECH EN INTRALOG\u00cdSTICA\",\"datePublished\":\"2025-12-16T18:49:21+00:00\",\"dateModified\":\"2026-01-13T13:21:09+00:00\",\"mainEntityOfPage\":{\"@id\":\"https:\/\/www.revistalogistec.com\/index.php\/2025\/12\/16\/jungheinrich-amplia-su-portafolio-con-anton-una-nueva-era-mid-tech-en-intralogistica\/\"},\"wordCount\":989,\"image\":{\"@id\":\"https:\/\/www.revistalogistec.com\/index.php\/2025\/12\/16\/jungheinrich-amplia-su-portafolio-con-anton-una-nueva-era-mid-tech-en-intralogistica\/#primaryimage\"},\"thumbnailUrl\":\"https:\/\/www.revistalogistec.com\/wp-content\/uploads\/2025\/12\/AntOn-by-Jungheinrich-PTL_68252.jpg\",\"articleSection\":[\"PROVEEDORES ESTRAT\u00c9GICOS\"],\"inLanguage\":\"es\"},{\"@type\":\"WebPage\",\"@id\":\"https:\/\/www.revistalogistec.com\/index.php\/2025\/12\/16\/jungheinrich-amplia-su-portafolio-con-anton-una-nueva-era-mid-tech-en-intralogistica\/\",\"url\":\"https:\/\/www.revistalogistec.com\/index.php\/2025\/12\/16\/jungheinrich-amplia-su-portafolio-con-anton-una-nueva-era-mid-tech-en-intralogistica\/\",\"name\":\"JUNGHEINRICH AMPL\u00cdA SU PORTAFOLIO CON ANTON: UNA NUEVA ERA MID-TECH EN INTRALOG\u00cdSTICA - Revista Logistec\",\"isPartOf\":{\"@id\":\"https:\/\/www.revistalogistec.com\/#website\"},\"primaryImageOfPage\":{\"@id\":\"https:\/\/www.revistalogistec.com\/index.php\/2025\/12\/16\/jungheinrich-amplia-su-portafolio-con-anton-una-nueva-era-mid-tech-en-intralogistica\/#primaryimage\"},\"image\":{\"@id\":\"https:\/\/www.revistalogistec.com\/index.php\/2025\/12\/16\/jungheinrich-amplia-su-portafolio-con-anton-una-nueva-era-mid-tech-en-intralogistica\/#primaryimage\"},\"thumbnailUrl\":\"https:\/\/www.revistalogistec.com\/wp-content\/uploads\/2025\/12\/AntOn-by-Jungheinrich-PTL_68252.jpg\",\"datePublished\":\"2025-12-16T18:49:21+00:00\",\"dateModified\":\"2026-01-13T13:21:09+00:00\",\"author\":{\"@id\":\"https:\/\/www.revistalogistec.com\/#\/schema\/person\/b25cced65507282f3fc6eb806b1db4f0\"},\"breadcrumb\":{\"@id\":\"https:\/\/www.revistalogistec.com\/index.php\/2025\/12\/16\/jungheinrich-amplia-su-portafolio-con-anton-una-nueva-era-mid-tech-en-intralogistica\/#breadcrumb\"},\"inLanguage\":\"es\",\"potentialAction\":[{\"@type\":\"ReadAction\",\"target\":[\"https:\/\/www.revistalogistec.com\/index.php\/2025\/12\/16\/jungheinrich-amplia-su-portafolio-con-anton-una-nueva-era-mid-tech-en-intralogistica\/\"]}]},{\"@type\":\"ImageObject\",\"inLanguage\":\"es\",\"@id\":\"https:\/\/www.revistalogistec.com\/index.php\/2025\/12\/16\/jungheinrich-amplia-su-portafolio-con-anton-una-nueva-era-mid-tech-en-intralogistica\/#primaryimage\",\"url\":\"https:\/\/www.revistalogistec.com\/wp-content\/uploads\/2025\/12\/AntOn-by-Jungheinrich-PTL_68252.jpg\",\"contentUrl\":\"https:\/\/www.revistalogistec.com\/wp-content\/uploads\/2025\/12\/AntOn-by-Jungheinrich-PTL_68252.jpg\",\"width\":1140,\"height\":760},{\"@type\":\"BreadcrumbList\",\"@id\":\"https:\/\/www.revistalogistec.com\/index.php\/2025\/12\/16\/jungheinrich-amplia-su-portafolio-con-anton-una-nueva-era-mid-tech-en-intralogistica\/#breadcrumb\",\"itemListElement\":[{\"@type\":\"ListItem\",\"position\":1,\"name\":\"Portada\",\"item\":\"https:\/\/www.revistalogistec.com\/\"},{\"@type\":\"ListItem\",\"position\":2,\"name\":\"JUNGHEINRICH AMPL\u00cdA SU PORTAFOLIO CON ANTON: UNA NUEVA ERA MID-TECH EN INTRALOG\u00cdSTICA\"}]},{\"@type\":\"WebSite\",\"@id\":\"https:\/\/www.revistalogistec.com\/#website\",\"url\":\"https:\/\/www.revistalogistec.com\/\",\"name\":\"Revista Logistec\",\"description\":\"\",\"potentialAction\":[{\"@type\":\"SearchAction\",\"target\":{\"@type\":\"EntryPoint\",\"urlTemplate\":\"https:\/\/www.revistalogistec.com\/?s={search_term_string}\"},\"query-input\":{\"@type\":\"PropertyValueSpecification\",\"valueRequired\":true,\"valueName\":\"search_term_string\"}}],\"inLanguage\":\"es\"},{\"@type\":\"Person\",\"@id\":\"https:\/\/www.revistalogistec.com\/#\/schema\/person\/b25cced65507282f3fc6eb806b1db4f0\",\"name\":\"admin\",\"image\":{\"@type\":\"ImageObject\",\"inLanguage\":\"es\",\"@id\":\"https:\/\/secure.gravatar.com\/avatar\/94631f712dee24b50f2f12a7caf62df22b2c346945fcff655ce85b674bebf6fd?s=96&d=mm&r=g\",\"url\":\"https:\/\/secure.gravatar.com\/avatar\/94631f712dee24b50f2f12a7caf62df22b2c346945fcff655ce85b674bebf6fd?s=96&d=mm&r=g\",\"contentUrl\":\"https:\/\/secure.gravatar.com\/avatar\/94631f712dee24b50f2f12a7caf62df22b2c346945fcff655ce85b674bebf6fd?s=96&d=mm&r=g\",\"caption\":\"admin\"},\"sameAs\":[\"https:\/\/www.revistalogistec.com\"],\"url\":\"https:\/\/www.revistalogistec.com\/index.php\/author\/admin_revlog\/\"}]}<\/script>\n<!-- \/ Yoast SEO plugin. -->","yoast_head_json":{"title":"JUNGHEINRICH AMPL\u00cdA SU PORTAFOLIO CON ANTON: UNA NUEVA ERA MID-TECH EN INTRALOG\u00cdSTICA - Revista Logistec","robots":{"index":"index","follow":"follow","max-snippet":"max-snippet:-1","max-image-preview":"max-image-preview:large","max-video-preview":"max-video-preview:-1"},"canonical":"https:\/\/www.revistalogistec.com\/index.php\/2025\/12\/16\/jungheinrich-amplia-su-portafolio-con-anton-una-nueva-era-mid-tech-en-intralogistica\/","og_locale":"es_ES","og_type":"article","og_title":"JUNGHEINRICH AMPL\u00cdA SU PORTAFOLIO CON ANTON: UNA NUEVA ERA MID-TECH EN INTRALOG\u00cdSTICA - Revista Logistec","og_description":"El lanzamiento de la nueva marca de Jungheinrich es una apuesta por la eficiencia, la simplicidad y la sostenibilidad, incorporando al mercado una soluci\u00f3n dise\u00f1ada para operaciones que necesitan equipos confiables, f\u00e1ciles de operar y con respaldo internacional. AntOn ampl\u00eda el alcance de la compa\u00f1\u00eda alemana hacia empresas que buscan electrificaci\u00f3n accesible y desempe\u00f1o diario [&hellip;]","og_url":"https:\/\/www.revistalogistec.com\/index.php\/2025\/12\/16\/jungheinrich-amplia-su-portafolio-con-anton-una-nueva-era-mid-tech-en-intralogistica\/","og_site_name":"Revista Logistec","article_published_time":"2025-12-16T18:49:21+00:00","article_modified_time":"2026-01-13T13:21:09+00:00","og_image":[{"width":1140,"height":760,"url":"https:\/\/www.revistalogistec.com\/wp-content\/uploads\/2025\/12\/AntOn-by-Jungheinrich-PTL_68252.jpg","type":"image\/jpeg"}],"author":"admin","twitter_card":"summary_large_image","twitter_misc":{"Escrito por":"admin","Tiempo de lectura":"5 minutos"},"schema":{"@context":"https:\/\/schema.org","@graph":[{"@type":"Article","@id":"https:\/\/www.revistalogistec.com\/index.php\/2025\/12\/16\/jungheinrich-amplia-su-portafolio-con-anton-una-nueva-era-mid-tech-en-intralogistica\/#article","isPartOf":{"@id":"https:\/\/www.revistalogistec.com\/index.php\/2025\/12\/16\/jungheinrich-amplia-su-portafolio-con-anton-una-nueva-era-mid-tech-en-intralogistica\/"},"author":{"name":"admin","@id":"https:\/\/www.revistalogistec.com\/#\/schema\/person\/b25cced65507282f3fc6eb806b1db4f0"},"headline":"JUNGHEINRICH AMPL\u00cdA SU PORTAFOLIO CON ANTON: UNA NUEVA ERA MID-TECH EN INTRALOG\u00cdSTICA","datePublished":"2025-12-16T18:49:21+00:00","dateModified":"2026-01-13T13:21:09+00:00","mainEntityOfPage":{"@id":"https:\/\/www.revistalogistec.com\/index.php\/2025\/12\/16\/jungheinrich-amplia-su-portafolio-con-anton-una-nueva-era-mid-tech-en-intralogistica\/"},"wordCount":989,"image":{"@id":"https:\/\/www.revistalogistec.com\/index.php\/2025\/12\/16\/jungheinrich-amplia-su-portafolio-con-anton-una-nueva-era-mid-tech-en-intralogistica\/#primaryimage"},"thumbnailUrl":"https:\/\/www.revistalogistec.com\/wp-content\/uploads\/2025\/12\/AntOn-by-Jungheinrich-PTL_68252.jpg","articleSection":["PROVEEDORES ESTRAT\u00c9GICOS"],"inLanguage":"es"},{"@type":"WebPage","@id":"https:\/\/www.revistalogistec.com\/index.php\/2025\/12\/16\/jungheinrich-amplia-su-portafolio-con-anton-una-nueva-era-mid-tech-en-intralogistica\/","url":"https:\/\/www.revistalogistec.com\/index.php\/2025\/12\/16\/jungheinrich-amplia-su-portafolio-con-anton-una-nueva-era-mid-tech-en-intralogistica\/","name":"JUNGHEINRICH AMPL\u00cdA SU PORTAFOLIO CON ANTON: UNA NUEVA ERA MID-TECH EN INTRALOG\u00cdSTICA - Revista Logistec","isPartOf":{"@id":"https:\/\/www.revistalogistec.com\/#website"},"primaryImageOfPage":{"@id":"https:\/\/www.revistalogistec.com\/index.php\/2025\/12\/16\/jungheinrich-amplia-su-portafolio-con-anton-una-nueva-era-mid-tech-en-intralogistica\/#primaryimage"},"image":{"@id":"https:\/\/www.revistalogistec.com\/index.php\/2025\/12\/16\/jungheinrich-amplia-su-portafolio-con-anton-una-nueva-era-mid-tech-en-intralogistica\/#primaryimage"},"thumbnailUrl":"https:\/\/www.revistalogistec.com\/wp-content\/uploads\/2025\/12\/AntOn-by-Jungheinrich-PTL_68252.jpg","datePublished":"2025-12-16T18:49:21+00:00","dateModified":"2026-01-13T13:21:09+00:00","author":{"@id":"https:\/\/www.revistalogistec.com\/#\/schema\/person\/b25cced65507282f3fc6eb806b1db4f0"},"breadcrumb":{"@id":"https:\/\/www.revistalogistec.com\/index.php\/2025\/12\/16\/jungheinrich-amplia-su-portafolio-con-anton-una-nueva-era-mid-tech-en-intralogistica\/#breadcrumb"},"inLanguage":"es","potentialAction":[{"@type":"ReadAction","target":["https:\/\/www.revistalogistec.com\/index.php\/2025\/12\/16\/jungheinrich-amplia-su-portafolio-con-anton-una-nueva-era-mid-tech-en-intralogistica\/"]}]},{"@type":"ImageObject","inLanguage":"es","@id":"https:\/\/www.revistalogistec.com\/index.php\/2025\/12\/16\/jungheinrich-amplia-su-portafolio-con-anton-una-nueva-era-mid-tech-en-intralogistica\/#primaryimage","url":"https:\/\/www.revistalogistec.com\/wp-content\/uploads\/2025\/12\/AntOn-by-Jungheinrich-PTL_68252.jpg","contentUrl":"https:\/\/www.revistalogistec.com\/wp-content\/uploads\/2025\/12\/AntOn-by-Jungheinrich-PTL_68252.jpg","width":1140,"height":760},{"@type":"BreadcrumbList","@id":"https:\/\/www.revistalogistec.com\/index.php\/2025\/12\/16\/jungheinrich-amplia-su-portafolio-con-anton-una-nueva-era-mid-tech-en-intralogistica\/#breadcrumb","itemListElement":[{"@type":"ListItem","position":1,"name":"Portada","item":"https:\/\/www.revistalogistec.com\/"},{"@type":"ListItem","position":2,"name":"JUNGHEINRICH AMPL\u00cdA SU PORTAFOLIO CON ANTON: UNA NUEVA ERA MID-TECH EN INTRALOG\u00cdSTICA"}]},{"@type":"WebSite","@id":"https:\/\/www.revistalogistec.com\/#website","url":"https:\/\/www.revistalogistec.com\/","name":"Revista Logistec","description":"","potentialAction":[{"@type":"SearchAction","target":{"@type":"EntryPoint","urlTemplate":"https:\/\/www.revistalogistec.com\/?s={search_term_string}"},"query-input":{"@type":"PropertyValueSpecification","valueRequired":true,"valueName":"search_term_string"}}],"inLanguage":"es"},{"@type":"Person","@id":"https:\/\/www.revistalogistec.com\/#\/schema\/person\/b25cced65507282f3fc6eb806b1db4f0","name":"admin","image":{"@type":"ImageObject","inLanguage":"es","@id":"https:\/\/secure.gravatar.com\/avatar\/94631f712dee24b50f2f12a7caf62df22b2c346945fcff655ce85b674bebf6fd?s=96&d=mm&r=g","url":"https:\/\/secure.gravatar.com\/avatar\/94631f712dee24b50f2f12a7caf62df22b2c346945fcff655ce85b674bebf6fd?s=96&d=mm&r=g","contentUrl":"https:\/\/secure.gravatar.com\/avatar\/94631f712dee24b50f2f12a7caf62df22b2c346945fcff655ce85b674bebf6fd?s=96&d=mm&r=g","caption":"admin"},"sameAs":["https:\/\/www.revistalogistec.com"],"url":"https:\/\/www.revistalogistec.com\/index.php\/author\/admin_revlog\/"}]}},"_links":{"self":[{"href":"https:\/\/www.revistalogistec.com\/index.php\/wp-json\/wp\/v2\/posts\/28107","targetHints":{"allow":["GET"]}}],"collection":[{"href":"https:\/\/www.revistalogistec.com\/index.php\/wp-json\/wp\/v2\/posts"}],"about":[{"href":"https:\/\/www.revistalogistec.com\/index.php\/wp-json\/wp\/v2\/types\/post"}],"author":[{"embeddable":true,"href":"https:\/\/www.revistalogistec.com\/index.php\/wp-json\/wp\/v2\/users\/1"}],"replies":[{"embeddable":true,"href":"https:\/\/www.revistalogistec.com\/index.php\/wp-json\/wp\/v2\/comments?post=28107"}],"version-history":[{"count":1,"href":"https:\/\/www.revistalogistec.com\/index.php\/wp-json\/wp\/v2\/posts\/28107\/revisions"}],"predecessor-version":[{"id":28550,"href":"https:\/\/www.revistalogistec.com\/index.php\/wp-json\/wp\/v2\/posts\/28107\/revisions\/28550"}],"wp:featuredmedia":[{"embeddable":true,"href":"https:\/\/www.revistalogistec.com\/index.php\/wp-json\/wp\/v2\/media\/28109"}],"wp:attachment":[{"href":"https:\/\/www.revistalogistec.com\/index.php\/wp-json\/wp\/v2\/media?parent=28107"}],"wp:term":[{"taxonomy":"category","embeddable":true,"href":"https:\/\/www.revistalogistec.com\/index.php\/wp-json\/wp\/v2\/categories?post=28107"},{"taxonomy":"post_tag","embeddable":true,"href":"https:\/\/www.revistalogistec.com\/index.php\/wp-json\/wp\/v2\/tags?post=28107"}],"curies":[{"name":"wp","href":"https:\/\/api.w.org\/{rel}","templated":true}]}}