{"id":28113,"date":"2025-12-16T14:57:05","date_gmt":"2025-12-16T18:57:05","guid":{"rendered":"https:\/\/www.revistalogistec.com\/?p=28113"},"modified":"2026-01-13T09:25:04","modified_gmt":"2026-01-13T13:25:04","slug":"logistica-cargotrans-los-pilares-de-la-nueva-cultura-organizacional-que-remece-a-la-industria-minera","status":"publish","type":"post","link":"https:\/\/www.revistalogistec.com\/index.php\/2025\/12\/16\/logistica-cargotrans-los-pilares-de-la-nueva-cultura-organizacional-que-remece-a-la-industria-minera\/","title":{"rendered":"LOG\u00cdSTICA CARGOTRANS: LOS PILARES DE LA NUEVA CULTURA ORGANIZACIONAL QUE REMECE A LA INDUSTRIA MINERA"},"content":{"rendered":"<p style=\"text-align: justify;\">Sustentabilidad, seguridad operacional y diversidad organizacional se han transformado en los ejes principales de este cambio cultural, que hoy permite a la empresa avanzar con esfuerzo y compromiso hacia un rol cada vez m\u00e1s valioso para la log\u00edstica y el transporte en la industria minera chilena.<!--more--><\/p>\n<p style=\"text-align: justify;\">Durante a\u00f1os, la log\u00edstica avanz\u00f3 casi por inercia: procesos exigentes, operaci\u00f3n continua y una presi\u00f3n permanente por mantener todo en movimiento. Pero cada cierto tiempo aparece una empresa que decide romper el molde. CargoTrans es una de ellas.<\/p>\n<p style=\"text-align: justify;\">Tres a\u00f1os pueden parecer poco en la vida de una empresa. Sin embargo, para CargoTrans han significado una verdadera revoluci\u00f3n. Lo que comenz\u00f3 como un proceso de diagn\u00f3stico interno se transform\u00f3 en una hoja de ruta cultural que hoy no solo distingue a la compa\u00f1\u00eda dentro del sector log\u00edstico minero, sino que tambi\u00e9n la proyecta como un aliado confiable, preparado y con visi\u00f3n de futuro para sus clientes.<\/p>\n<p style=\"text-align: justify;\">La empresa cambi\u00f3 su cultura desde adentro, fortaleci\u00f3 a sus equipos, redefini\u00f3 est\u00e1ndares y llev\u00f3 la conversaci\u00f3n m\u00e1s all\u00e1 de transportar carga.\u00a0Sustentabilidad real, seguridad operacional que se vive d\u00eda a d\u00eda y diversidad que abre nuevos caminos se convirtieron en los pilares de un cambio que hoy se siente tanto dentro de la organizaci\u00f3n como en la industria que observa estos avances.<\/p>\n<p style=\"text-align: justify;\">Hoy, se posicionan como un socio estrat\u00e9gico capaz de acompa\u00f1ar a sus clientes en sus propios desaf\u00edos y en las transformaciones que la industria est\u00e1 impulsando.\u00a0Y lo m\u00e1s interesante es que no son promesas: son resultados, certificaciones, cifras y acciones sostenibles en el tiempo que hoy posicionan a CargoTrans con una ventaja competitiva que se siente en terreno y se reconoce en la industria minera.<\/p>\n<p style=\"text-align: justify;\"><strong>SUSTENTABILIDAD: CONVICCI\u00d3N NO MODA<\/strong><\/p>\n<p style=\"text-align: justify;\">La historia de este pilar dentro de la empresa no comenz\u00f3 con certificaciones, sino con algo m\u00e1s simple y poderoso: conciencia. \u201cPartimos desde cero, haciendo campa\u00f1as de reciclaje y conversando con nuestros equipos sobre la importancia de estos cambios\u201d, recuerda Liliana Valladares, gerente HSEQ de la compa\u00f1\u00eda. Esa etapa inicial fue el cimiento de una cultura que entendi\u00f3 que la sustentabilidad deb\u00eda ser una estrategia, no una moda.<\/p>\n<p style=\"text-align: justify;\"><img decoding=\"async\" class=\"size-full wp-image-28117 alignleft\" style=\"margin: 20px;\" src=\"https:\/\/www.revistalogistec.com\/wp-content\/uploads\/2025\/12\/CT_nina_1.jpg\" alt=\"\" width=\"200\" height=\"200\" srcset=\"https:\/\/www.revistalogistec.com\/wp-content\/uploads\/2025\/12\/CT_nina_1.jpg 200w, https:\/\/www.revistalogistec.com\/wp-content\/uploads\/2025\/12\/CT_nina_1-150x150.jpg 150w, https:\/\/www.revistalogistec.com\/wp-content\/uploads\/2025\/12\/CT_nina_1-75x75.jpg 75w\" sizes=\"(max-width: 200px) 100vw, 200px\" \/>Los puntos limpios en las instalaciones no solo ordenaron un proceso: crearon h\u00e1bitos. Y estos h\u00e1bitos fueron abriendo camino a decisiones m\u00e1s ambiciosas. \u201cNos incorporamos al programa Huella Chile del Ministerio de Medio Ambiente y realizamos nuestra cuantificaci\u00f3n de gases de efecto invernadero. Obtuvimos el sello de cuantificaci\u00f3n\u201d, relata Liliana.<\/p>\n<p style=\"text-align: justify;\">Esa determinaci\u00f3n llev\u00f3 a CargoTrans a dar un paso m\u00e1s y sumarse al programa Giro Limpio, donde ya ha cumplido los requisitos y avanza hacia la renovaci\u00f3n de la certificaci\u00f3n. Adem\u00e1s, la empresa est\u00e1 en pleno proceso para convertirse en Empresa B, un sello que pocos actores log\u00edsticos de la regi\u00f3n poseen y que combina prop\u00f3sito, impacto y gobernanza responsable.<\/p>\n<p style=\"text-align: justify;\">\u201cLas grandes compa\u00f1\u00edas piden avances en esta materia, pero nosotros queremos ir un paso m\u00e1s adelante. La sustentabilidad a\u00fan es optativa y por eso queremos estar listos antes que sea una condici\u00f3n obligatoria\u201d, afirma Liliana.<\/p>\n<p style=\"text-align: justify;\">La visi\u00f3n es clara: la econom\u00eda circular, la eficiencia energ\u00e9tica y la gesti\u00f3n responsable no solo mejoran la operaci\u00f3n, sino que fortalecen la confianza de los clientes.<\/p>\n<p style=\"text-align: justify;\"><strong>DIVERSIDAD QUE GENERA FUTURO<\/strong><\/p>\n<p style=\"text-align: justify;\">Si hay un \u00e1mbito donde la compa\u00f1\u00eda est\u00e1 marcando diferencia es en la diversidad operacional, donde se atrevi\u00f3 a mirar el sector con ojos cr\u00edticos y detectar algo que todos sab\u00edan, pero pocos abordaban: la escasez de conductores y la fuerte masculinizaci\u00f3n de la industria.<\/p>\n<p style=\"text-align: justify;\">\u201cEl transporte siempre ha sido un rubro masculino. Pero cuando analizamos la falta de conductores, nos dimos cuenta de que est\u00e1bamos mirando mal. El talento estaba ah\u00ed, solo hab\u00eda que abrir la puerta\u201d, cuenta Yazna Hern\u00e1ndez, subgerente de Gesti\u00f3n de Personas. Esta mirada contribuye a resolver un desaf\u00edo clave para la log\u00edstica minera.<\/p>\n<p style=\"text-align: justify;\">Esa puerta se abri\u00f3 con la creaci\u00f3n de la primera escuela de conductoras profesionales de la regi\u00f3n, un programa que no solo entrega formaci\u00f3n, sino que acompa\u00f1a, orienta y genera empleabilidad real. Una de las egresadas ya forma parte de la compa\u00f1\u00eda, y el segundo ciclo para licencias A5 ya est\u00e1 en marcha.<\/p>\n<p style=\"text-align: justify;\">\u201cLas mujeres est\u00e1n listas para ingresar. La industria lo ve con buenos ojos y necesita nuevas fuerzas. Para nosotros es un proyecto vivo, que avanza con ellas y que nos conecta con la comunidad\u201d, destaca Yazna.<\/p>\n<p style=\"text-align: justify;\"><strong>SEGURIDAD OPERACIONAL COMO ESTRATEGIA DE NEGOCIO<\/strong><\/p>\n<p style=\"text-align: justify;\">La seguridad es otro de los pilares donde el cambio cultural ha sido m\u00e1s marcado. Hace algunos a\u00f1os, CargoTrans ten\u00eda indicadores que preocupaban a la organizaci\u00f3n. La cultura preventiva a\u00fan no estaba instalada.<\/p>\n<p style=\"text-align: justify;\"><img decoding=\"async\" class=\"size-full wp-image-28118 alignright\" style=\"margin: 20px;\" src=\"https:\/\/www.revistalogistec.com\/wp-content\/uploads\/2025\/12\/CT_nina_2.jpg\" alt=\"\" width=\"200\" height=\"200\" srcset=\"https:\/\/www.revistalogistec.com\/wp-content\/uploads\/2025\/12\/CT_nina_2.jpg 200w, https:\/\/www.revistalogistec.com\/wp-content\/uploads\/2025\/12\/CT_nina_2-150x150.jpg 150w, https:\/\/www.revistalogistec.com\/wp-content\/uploads\/2025\/12\/CT_nina_2-75x75.jpg 75w\" sizes=\"(max-width: 200px) 100vw, 200px\" \/>\u201cNo se cambia una cultura de un d\u00eda para otro. Comenzamos con un proceso de concientizaci\u00f3n profundo. Hab\u00eda que explicar el \u2018por qu\u00e9\u2019, no solo el \u2018c\u00f3mo\u2019\u201d, recuerda Liliana. Ese enfoque llev\u00f3 a generar acciones poderosas: capacitaciones significativas, jornadas completas dedicadas a la seguridad, espacios donde los conductores comparten experiencias personales y entienden el impacto real de cada decisi\u00f3n en ruta. Estos resultados cobran especial relevancia en faenas cr\u00edticas de la industria minera, donde la seguridad operacional es un factor decisivo para la continuidad del negocio.<\/p>\n<p style=\"text-align: justify;\">\u201cLa cultura se construye, d\u00eda a d\u00eda, con h\u00e1bitos y con un involucramiento total. Hoy podemos ver los resultados: una tasa de cotizaci\u00f3n adicional de 0,68, lo que va en directa relaci\u00f3n con la tasa de siniestralidad efectiva de la empresa, 16 meses sin accidentes con reposo\u201d, se\u00f1ala la gerente de HSEQ. Este avance ha sido reconocido por la Asociaci\u00f3n Chilena de Seguridad.<\/p>\n<p style=\"text-align: justify;\">\u201cCuando conoces a las personas, a su entorno, y las tratas m\u00e1s all\u00e1 del n\u00famero, la seguridad mejora. Y los clientes hoy ven esa humanidad y esa profesionalizaci\u00f3n. La seguridad, en CargoTrans, no es un requisito; es una convicci\u00f3n estrat\u00e9gica. Y eso se convierte en confianza para quienes dependen de que la operaci\u00f3n funcione sin interrupciones\u201d, destaca Liliana.<\/p>\n<p style=\"text-align: justify;\"><strong>UN CAMINO CON FUTURO Y VALOR<\/strong><\/p>\n<p style=\"text-align: justify;\">Esta cultura organizacional no solo responde al presente, anticipa el ma\u00f1ana. \u201cTenemos un compromiso con el futuro de la industria. Este cambio comienza hoy, pero mira hacia adelante\u201d, afirma Yazna.<\/p>\n<p style=\"text-align: justify;\">Mientras tanto, Liliana pone el horizonte en lo que viene: \u201cSeguiremos con nuestras certificaciones y esperamos consolidar la certificaci\u00f3n como Empresa B. En seguridad, queremos llegar a cero. Queremos ser pioneros en la regi\u00f3n y abrir puertas a todos\u201d.<\/p>\n<p style=\"text-align: justify;\">Con estos avances, CargoTrans consolida su rol como un actor clave en la log\u00edstica minera del norte de Chile, aportando valor sostenible y una cultura que marca diferencia. Logrando lo que pocas empresas de su tama\u00f1o alcanzan: entender que la operaci\u00f3n es importante, pero la cultura es lo que trasciende. Y cuando esa cultura se construye sobre pilares s\u00f3lidos, el negocio se vuelve m\u00e1s eficiente, las personas m\u00e1s comprometidas y los clientes m\u00e1s confiados.<\/p>\n","protected":false},"excerpt":{"rendered":"<p>Sustentabilidad, seguridad operacional y diversidad organizacional se han transformado en los ejes principales de este cambio cultural, que hoy permite a la empresa avanzar con esfuerzo y compromiso hacia un rol cada vez m\u00e1s valioso para la log\u00edstica y el transporte en la industria minera chilena.<\/p>\n","protected":false},"author":1,"featured_media":28116,"comment_status":"closed","ping_status":"closed","sticky":false,"template":"","format":"gallery","meta":{"_acf_changed":false,"jnews-multi-image_gallery":[],"jnews_single_post":{"format":"gallery","jnews_video_option_group":[[]],"override":[{"template":"1","parallax":"1","fullscreen":"1","layout":"right-sidebar","sidebar":"home-loop","second_sidebar":"default-sidebar","share_position":"top","share_float_style":"share-monocrhome","show_share_counter":"1","show_view_counter":"1","show_featured":"1","show_post_author_image":"1","show_post_date":"1","post_date_format":"default","post_date_format_custom":"Y\/m\/d","show_post_category":"1","show_post_reading_time":"0","post_reading_time_wpm":"300","post_calculate_word_method":"str_word_count","show_zoom_button":"0","zoom_button_out_step":"2","zoom_button_in_step":"3","show_post_tag":"1","show_prev_next_post":"1","show_popup_post":"1","number_popup_post":"1","show_post_related":"1","show_inline_post_related":"1"}],"image_override":[{"single_post_thumbnail_size":"crop-500","single_post_gallery_size":"crop-500"}],"trending_post_position":"meta","trending_post_label":"Trending","sponsored_post_label":"Sponsored by","disable_ad":"0","gallery":"28114,28115,28116","subtitle":""},"jnews_primary_category":[],"jnews_social_meta":[],"jnews_override_counter":{"view_counter_number":"0","share_counter_number":"0","like_counter_number":"0","dislike_counter_number":"0"},"footnotes":""},"categories":[70],"tags":[],"class_list":["post-28113","post","type-post","status-publish","format-gallery","has-post-thumbnail","hentry","category-proveedores-estrategicos","post_format-post-format-gallery"],"acf":[],"yoast_head":"<!-- This site is optimized with the Yoast SEO plugin v27.2 - https:\/\/yoast.com\/product\/yoast-seo-wordpress\/ -->\n<title>LOG\u00cdSTICA CARGOTRANS: LOS PILARES DE LA NUEVA CULTURA ORGANIZACIONAL QUE REMECE A LA INDUSTRIA MINERA - Revista Logistec<\/title>\n<meta name=\"robots\" content=\"index, follow, max-snippet:-1, max-image-preview:large, max-video-preview:-1\" \/>\n<link rel=\"canonical\" href=\"https:\/\/www.revistalogistec.com\/index.php\/2025\/12\/16\/logistica-cargotrans-los-pilares-de-la-nueva-cultura-organizacional-que-remece-a-la-industria-minera\/\" \/>\n<meta property=\"og:locale\" content=\"es_ES\" \/>\n<meta property=\"og:type\" content=\"article\" \/>\n<meta property=\"og:title\" content=\"LOG\u00cdSTICA CARGOTRANS: LOS PILARES DE LA NUEVA CULTURA ORGANIZACIONAL QUE REMECE A LA INDUSTRIA MINERA - Revista Logistec\" \/>\n<meta property=\"og:description\" content=\"Sustentabilidad, seguridad operacional y diversidad organizacional se han transformado en los ejes principales de este cambio cultural, que hoy permite a la empresa avanzar con esfuerzo y compromiso hacia un rol cada vez m\u00e1s valioso para la log\u00edstica y el transporte en la industria minera chilena.\" \/>\n<meta property=\"og:url\" content=\"https:\/\/www.revistalogistec.com\/index.php\/2025\/12\/16\/logistica-cargotrans-los-pilares-de-la-nueva-cultura-organizacional-que-remece-a-la-industria-minera\/\" \/>\n<meta property=\"og:site_name\" content=\"Revista Logistec\" \/>\n<meta property=\"article:published_time\" content=\"2025-12-16T18:57:05+00:00\" \/>\n<meta property=\"article:modified_time\" content=\"2026-01-13T13:25:04+00:00\" \/>\n<meta property=\"og:image\" content=\"https:\/\/www.revistalogistec.com\/wp-content\/uploads\/2025\/12\/CT_4.jpg\" \/>\n\t<meta property=\"og:image:width\" content=\"1140\" \/>\n\t<meta property=\"og:image:height\" content=\"760\" \/>\n\t<meta property=\"og:image:type\" content=\"image\/jpeg\" \/>\n<meta name=\"author\" content=\"admin\" \/>\n<meta name=\"twitter:card\" content=\"summary_large_image\" \/>\n<meta name=\"twitter:label1\" content=\"Escrito por\" \/>\n\t<meta name=\"twitter:data1\" content=\"admin\" \/>\n\t<meta name=\"twitter:label2\" content=\"Tiempo de lectura\" \/>\n\t<meta name=\"twitter:data2\" content=\"6 minutos\" \/>\n<script type=\"application\/ld+json\" class=\"yoast-schema-graph\">{\"@context\":\"https:\/\/schema.org\",\"@graph\":[{\"@type\":\"Article\",\"@id\":\"https:\/\/www.revistalogistec.com\/index.php\/2025\/12\/16\/logistica-cargotrans-los-pilares-de-la-nueva-cultura-organizacional-que-remece-a-la-industria-minera\/#article\",\"isPartOf\":{\"@id\":\"https:\/\/www.revistalogistec.com\/index.php\/2025\/12\/16\/logistica-cargotrans-los-pilares-de-la-nueva-cultura-organizacional-que-remece-a-la-industria-minera\/\"},\"author\":{\"name\":\"admin\",\"@id\":\"https:\/\/www.revistalogistec.com\/#\/schema\/person\/b25cced65507282f3fc6eb806b1db4f0\"},\"headline\":\"LOG\u00cdSTICA CARGOTRANS: LOS PILARES DE LA NUEVA CULTURA ORGANIZACIONAL QUE REMECE A LA INDUSTRIA MINERA\",\"datePublished\":\"2025-12-16T18:57:05+00:00\",\"dateModified\":\"2026-01-13T13:25:04+00:00\",\"mainEntityOfPage\":{\"@id\":\"https:\/\/www.revistalogistec.com\/index.php\/2025\/12\/16\/logistica-cargotrans-los-pilares-de-la-nueva-cultura-organizacional-que-remece-a-la-industria-minera\/\"},\"wordCount\":1225,\"image\":{\"@id\":\"https:\/\/www.revistalogistec.com\/index.php\/2025\/12\/16\/logistica-cargotrans-los-pilares-de-la-nueva-cultura-organizacional-que-remece-a-la-industria-minera\/#primaryimage\"},\"thumbnailUrl\":\"https:\/\/www.revistalogistec.com\/wp-content\/uploads\/2025\/12\/CT_4.jpg\",\"articleSection\":[\"PROVEEDORES ESTRAT\u00c9GICOS\"],\"inLanguage\":\"es\"},{\"@type\":\"WebPage\",\"@id\":\"https:\/\/www.revistalogistec.com\/index.php\/2025\/12\/16\/logistica-cargotrans-los-pilares-de-la-nueva-cultura-organizacional-que-remece-a-la-industria-minera\/\",\"url\":\"https:\/\/www.revistalogistec.com\/index.php\/2025\/12\/16\/logistica-cargotrans-los-pilares-de-la-nueva-cultura-organizacional-que-remece-a-la-industria-minera\/\",\"name\":\"LOG\u00cdSTICA CARGOTRANS: LOS PILARES DE LA NUEVA CULTURA ORGANIZACIONAL QUE REMECE A LA INDUSTRIA MINERA - Revista Logistec\",\"isPartOf\":{\"@id\":\"https:\/\/www.revistalogistec.com\/#website\"},\"primaryImageOfPage\":{\"@id\":\"https:\/\/www.revistalogistec.com\/index.php\/2025\/12\/16\/logistica-cargotrans-los-pilares-de-la-nueva-cultura-organizacional-que-remece-a-la-industria-minera\/#primaryimage\"},\"image\":{\"@id\":\"https:\/\/www.revistalogistec.com\/index.php\/2025\/12\/16\/logistica-cargotrans-los-pilares-de-la-nueva-cultura-organizacional-que-remece-a-la-industria-minera\/#primaryimage\"},\"thumbnailUrl\":\"https:\/\/www.revistalogistec.com\/wp-content\/uploads\/2025\/12\/CT_4.jpg\",\"datePublished\":\"2025-12-16T18:57:05+00:00\",\"dateModified\":\"2026-01-13T13:25:04+00:00\",\"author\":{\"@id\":\"https:\/\/www.revistalogistec.com\/#\/schema\/person\/b25cced65507282f3fc6eb806b1db4f0\"},\"breadcrumb\":{\"@id\":\"https:\/\/www.revistalogistec.com\/index.php\/2025\/12\/16\/logistica-cargotrans-los-pilares-de-la-nueva-cultura-organizacional-que-remece-a-la-industria-minera\/#breadcrumb\"},\"inLanguage\":\"es\",\"potentialAction\":[{\"@type\":\"ReadAction\",\"target\":[\"https:\/\/www.revistalogistec.com\/index.php\/2025\/12\/16\/logistica-cargotrans-los-pilares-de-la-nueva-cultura-organizacional-que-remece-a-la-industria-minera\/\"]}]},{\"@type\":\"ImageObject\",\"inLanguage\":\"es\",\"@id\":\"https:\/\/www.revistalogistec.com\/index.php\/2025\/12\/16\/logistica-cargotrans-los-pilares-de-la-nueva-cultura-organizacional-que-remece-a-la-industria-minera\/#primaryimage\",\"url\":\"https:\/\/www.revistalogistec.com\/wp-content\/uploads\/2025\/12\/CT_4.jpg\",\"contentUrl\":\"https:\/\/www.revistalogistec.com\/wp-content\/uploads\/2025\/12\/CT_4.jpg\",\"width\":1140,\"height\":760},{\"@type\":\"BreadcrumbList\",\"@id\":\"https:\/\/www.revistalogistec.com\/index.php\/2025\/12\/16\/logistica-cargotrans-los-pilares-de-la-nueva-cultura-organizacional-que-remece-a-la-industria-minera\/#breadcrumb\",\"itemListElement\":[{\"@type\":\"ListItem\",\"position\":1,\"name\":\"Portada\",\"item\":\"https:\/\/www.revistalogistec.com\/\"},{\"@type\":\"ListItem\",\"position\":2,\"name\":\"LOG\u00cdSTICA CARGOTRANS: LOS PILARES DE LA NUEVA CULTURA ORGANIZACIONAL QUE REMECE A LA INDUSTRIA MINERA\"}]},{\"@type\":\"WebSite\",\"@id\":\"https:\/\/www.revistalogistec.com\/#website\",\"url\":\"https:\/\/www.revistalogistec.com\/\",\"name\":\"Revista Logistec\",\"description\":\"\",\"potentialAction\":[{\"@type\":\"SearchAction\",\"target\":{\"@type\":\"EntryPoint\",\"urlTemplate\":\"https:\/\/www.revistalogistec.com\/?s={search_term_string}\"},\"query-input\":{\"@type\":\"PropertyValueSpecification\",\"valueRequired\":true,\"valueName\":\"search_term_string\"}}],\"inLanguage\":\"es\"},{\"@type\":\"Person\",\"@id\":\"https:\/\/www.revistalogistec.com\/#\/schema\/person\/b25cced65507282f3fc6eb806b1db4f0\",\"name\":\"admin\",\"image\":{\"@type\":\"ImageObject\",\"inLanguage\":\"es\",\"@id\":\"https:\/\/secure.gravatar.com\/avatar\/94631f712dee24b50f2f12a7caf62df22b2c346945fcff655ce85b674bebf6fd?s=96&d=mm&r=g\",\"url\":\"https:\/\/secure.gravatar.com\/avatar\/94631f712dee24b50f2f12a7caf62df22b2c346945fcff655ce85b674bebf6fd?s=96&d=mm&r=g\",\"contentUrl\":\"https:\/\/secure.gravatar.com\/avatar\/94631f712dee24b50f2f12a7caf62df22b2c346945fcff655ce85b674bebf6fd?s=96&d=mm&r=g\",\"caption\":\"admin\"},\"sameAs\":[\"https:\/\/www.revistalogistec.com\"],\"url\":\"https:\/\/www.revistalogistec.com\/index.php\/author\/admin_revlog\/\"}]}<\/script>\n<!-- \/ Yoast SEO plugin. -->","yoast_head_json":{"title":"LOG\u00cdSTICA CARGOTRANS: LOS PILARES DE LA NUEVA CULTURA ORGANIZACIONAL QUE REMECE A LA INDUSTRIA MINERA - Revista Logistec","robots":{"index":"index","follow":"follow","max-snippet":"max-snippet:-1","max-image-preview":"max-image-preview:large","max-video-preview":"max-video-preview:-1"},"canonical":"https:\/\/www.revistalogistec.com\/index.php\/2025\/12\/16\/logistica-cargotrans-los-pilares-de-la-nueva-cultura-organizacional-que-remece-a-la-industria-minera\/","og_locale":"es_ES","og_type":"article","og_title":"LOG\u00cdSTICA CARGOTRANS: LOS PILARES DE LA NUEVA CULTURA ORGANIZACIONAL QUE REMECE A LA INDUSTRIA MINERA - Revista Logistec","og_description":"Sustentabilidad, seguridad operacional y diversidad organizacional se han transformado en los ejes principales de este cambio cultural, que hoy permite a la empresa avanzar con esfuerzo y compromiso hacia un rol cada vez m\u00e1s valioso para la log\u00edstica y el transporte en la industria minera chilena.","og_url":"https:\/\/www.revistalogistec.com\/index.php\/2025\/12\/16\/logistica-cargotrans-los-pilares-de-la-nueva-cultura-organizacional-que-remece-a-la-industria-minera\/","og_site_name":"Revista Logistec","article_published_time":"2025-12-16T18:57:05+00:00","article_modified_time":"2026-01-13T13:25:04+00:00","og_image":[{"width":1140,"height":760,"url":"https:\/\/www.revistalogistec.com\/wp-content\/uploads\/2025\/12\/CT_4.jpg","type":"image\/jpeg"}],"author":"admin","twitter_card":"summary_large_image","twitter_misc":{"Escrito por":"admin","Tiempo de lectura":"6 minutos"},"schema":{"@context":"https:\/\/schema.org","@graph":[{"@type":"Article","@id":"https:\/\/www.revistalogistec.com\/index.php\/2025\/12\/16\/logistica-cargotrans-los-pilares-de-la-nueva-cultura-organizacional-que-remece-a-la-industria-minera\/#article","isPartOf":{"@id":"https:\/\/www.revistalogistec.com\/index.php\/2025\/12\/16\/logistica-cargotrans-los-pilares-de-la-nueva-cultura-organizacional-que-remece-a-la-industria-minera\/"},"author":{"name":"admin","@id":"https:\/\/www.revistalogistec.com\/#\/schema\/person\/b25cced65507282f3fc6eb806b1db4f0"},"headline":"LOG\u00cdSTICA CARGOTRANS: LOS PILARES DE LA NUEVA CULTURA ORGANIZACIONAL QUE REMECE A LA INDUSTRIA MINERA","datePublished":"2025-12-16T18:57:05+00:00","dateModified":"2026-01-13T13:25:04+00:00","mainEntityOfPage":{"@id":"https:\/\/www.revistalogistec.com\/index.php\/2025\/12\/16\/logistica-cargotrans-los-pilares-de-la-nueva-cultura-organizacional-que-remece-a-la-industria-minera\/"},"wordCount":1225,"image":{"@id":"https:\/\/www.revistalogistec.com\/index.php\/2025\/12\/16\/logistica-cargotrans-los-pilares-de-la-nueva-cultura-organizacional-que-remece-a-la-industria-minera\/#primaryimage"},"thumbnailUrl":"https:\/\/www.revistalogistec.com\/wp-content\/uploads\/2025\/12\/CT_4.jpg","articleSection":["PROVEEDORES ESTRAT\u00c9GICOS"],"inLanguage":"es"},{"@type":"WebPage","@id":"https:\/\/www.revistalogistec.com\/index.php\/2025\/12\/16\/logistica-cargotrans-los-pilares-de-la-nueva-cultura-organizacional-que-remece-a-la-industria-minera\/","url":"https:\/\/www.revistalogistec.com\/index.php\/2025\/12\/16\/logistica-cargotrans-los-pilares-de-la-nueva-cultura-organizacional-que-remece-a-la-industria-minera\/","name":"LOG\u00cdSTICA CARGOTRANS: LOS PILARES DE LA NUEVA CULTURA ORGANIZACIONAL QUE REMECE A LA INDUSTRIA MINERA - Revista Logistec","isPartOf":{"@id":"https:\/\/www.revistalogistec.com\/#website"},"primaryImageOfPage":{"@id":"https:\/\/www.revistalogistec.com\/index.php\/2025\/12\/16\/logistica-cargotrans-los-pilares-de-la-nueva-cultura-organizacional-que-remece-a-la-industria-minera\/#primaryimage"},"image":{"@id":"https:\/\/www.revistalogistec.com\/index.php\/2025\/12\/16\/logistica-cargotrans-los-pilares-de-la-nueva-cultura-organizacional-que-remece-a-la-industria-minera\/#primaryimage"},"thumbnailUrl":"https:\/\/www.revistalogistec.com\/wp-content\/uploads\/2025\/12\/CT_4.jpg","datePublished":"2025-12-16T18:57:05+00:00","dateModified":"2026-01-13T13:25:04+00:00","author":{"@id":"https:\/\/www.revistalogistec.com\/#\/schema\/person\/b25cced65507282f3fc6eb806b1db4f0"},"breadcrumb":{"@id":"https:\/\/www.revistalogistec.com\/index.php\/2025\/12\/16\/logistica-cargotrans-los-pilares-de-la-nueva-cultura-organizacional-que-remece-a-la-industria-minera\/#breadcrumb"},"inLanguage":"es","potentialAction":[{"@type":"ReadAction","target":["https:\/\/www.revistalogistec.com\/index.php\/2025\/12\/16\/logistica-cargotrans-los-pilares-de-la-nueva-cultura-organizacional-que-remece-a-la-industria-minera\/"]}]},{"@type":"ImageObject","inLanguage":"es","@id":"https:\/\/www.revistalogistec.com\/index.php\/2025\/12\/16\/logistica-cargotrans-los-pilares-de-la-nueva-cultura-organizacional-que-remece-a-la-industria-minera\/#primaryimage","url":"https:\/\/www.revistalogistec.com\/wp-content\/uploads\/2025\/12\/CT_4.jpg","contentUrl":"https:\/\/www.revistalogistec.com\/wp-content\/uploads\/2025\/12\/CT_4.jpg","width":1140,"height":760},{"@type":"BreadcrumbList","@id":"https:\/\/www.revistalogistec.com\/index.php\/2025\/12\/16\/logistica-cargotrans-los-pilares-de-la-nueva-cultura-organizacional-que-remece-a-la-industria-minera\/#breadcrumb","itemListElement":[{"@type":"ListItem","position":1,"name":"Portada","item":"https:\/\/www.revistalogistec.com\/"},{"@type":"ListItem","position":2,"name":"LOG\u00cdSTICA CARGOTRANS: LOS PILARES DE LA NUEVA CULTURA ORGANIZACIONAL QUE REMECE A LA INDUSTRIA MINERA"}]},{"@type":"WebSite","@id":"https:\/\/www.revistalogistec.com\/#website","url":"https:\/\/www.revistalogistec.com\/","name":"Revista Logistec","description":"","potentialAction":[{"@type":"SearchAction","target":{"@type":"EntryPoint","urlTemplate":"https:\/\/www.revistalogistec.com\/?s={search_term_string}"},"query-input":{"@type":"PropertyValueSpecification","valueRequired":true,"valueName":"search_term_string"}}],"inLanguage":"es"},{"@type":"Person","@id":"https:\/\/www.revistalogistec.com\/#\/schema\/person\/b25cced65507282f3fc6eb806b1db4f0","name":"admin","image":{"@type":"ImageObject","inLanguage":"es","@id":"https:\/\/secure.gravatar.com\/avatar\/94631f712dee24b50f2f12a7caf62df22b2c346945fcff655ce85b674bebf6fd?s=96&d=mm&r=g","url":"https:\/\/secure.gravatar.com\/avatar\/94631f712dee24b50f2f12a7caf62df22b2c346945fcff655ce85b674bebf6fd?s=96&d=mm&r=g","contentUrl":"https:\/\/secure.gravatar.com\/avatar\/94631f712dee24b50f2f12a7caf62df22b2c346945fcff655ce85b674bebf6fd?s=96&d=mm&r=g","caption":"admin"},"sameAs":["https:\/\/www.revistalogistec.com"],"url":"https:\/\/www.revistalogistec.com\/index.php\/author\/admin_revlog\/"}]}},"_links":{"self":[{"href":"https:\/\/www.revistalogistec.com\/index.php\/wp-json\/wp\/v2\/posts\/28113","targetHints":{"allow":["GET"]}}],"collection":[{"href":"https:\/\/www.revistalogistec.com\/index.php\/wp-json\/wp\/v2\/posts"}],"about":[{"href":"https:\/\/www.revistalogistec.com\/index.php\/wp-json\/wp\/v2\/types\/post"}],"author":[{"embeddable":true,"href":"https:\/\/www.revistalogistec.com\/index.php\/wp-json\/wp\/v2\/users\/1"}],"replies":[{"embeddable":true,"href":"https:\/\/www.revistalogistec.com\/index.php\/wp-json\/wp\/v2\/comments?post=28113"}],"version-history":[{"count":1,"href":"https:\/\/www.revistalogistec.com\/index.php\/wp-json\/wp\/v2\/posts\/28113\/revisions"}],"predecessor-version":[{"id":28555,"href":"https:\/\/www.revistalogistec.com\/index.php\/wp-json\/wp\/v2\/posts\/28113\/revisions\/28555"}],"wp:featuredmedia":[{"embeddable":true,"href":"https:\/\/www.revistalogistec.com\/index.php\/wp-json\/wp\/v2\/media\/28116"}],"wp:attachment":[{"href":"https:\/\/www.revistalogistec.com\/index.php\/wp-json\/wp\/v2\/media?parent=28113"}],"wp:term":[{"taxonomy":"category","embeddable":true,"href":"https:\/\/www.revistalogistec.com\/index.php\/wp-json\/wp\/v2\/categories?post=28113"},{"taxonomy":"post_tag","embeddable":true,"href":"https:\/\/www.revistalogistec.com\/index.php\/wp-json\/wp\/v2\/tags?post=28113"}],"curies":[{"name":"wp","href":"https:\/\/api.w.org\/{rel}","templated":true}]}}