{"id":28169,"date":"2025-12-17T09:13:37","date_gmt":"2025-12-17T13:13:37","guid":{"rendered":"https:\/\/www.revistalogistec.com\/?p=28169"},"modified":"2025-12-17T09:13:37","modified_gmt":"2025-12-17T13:13:37","slug":"cushman-wakefield-reunio-a-lideres-empresariales-para-analizar-el-escenario-economico-2026","status":"publish","type":"post","link":"https:\/\/www.revistalogistec.com\/index.php\/2025\/12\/17\/cushman-wakefield-reunio-a-lideres-empresariales-para-analizar-el-escenario-economico-2026\/","title":{"rendered":"CUSHMAN &#038; WAKEFIELD REUNI\u00d3 A L\u00cdDERES EMPRESARIALES PARA ANALIZAR EL ESCENARIO ECON\u00d3MICO 2026"},"content":{"rendered":"<p style=\"text-align: justify;\">Cushman &amp; Wakefield convoc\u00f3 a gerentes generales, ejecutivos senior y altos l\u00edderes empresariales a un encuentro, con el objetivo de revisar el contexto econ\u00f3mico actual y proyectar las principales tendencias que marcar\u00e1n la agenda de 2026.<!--more--><\/p>\n<p style=\"text-align: justify;\">El evento se realiz\u00f3 el pasado 27 de noviembre en el Office Hub Costanera, oportunidad en que Rafael Nolazco, director general para Argentina, Chile y Uruguay de Cushman &amp; Wakefield, destac\u00f3 la importancia de generar espacios de an\u00e1lisis estrat\u00e9gico en un momento de alta incertidumbre global.<\/p>\n<p style=\"text-align: justify;\">El encuentro cont\u00f3 adem\u00e1s con la participaci\u00f3n del economista y ex ministro de Hacienda, Nicol\u00e1s Eyzaguirre, quien expuso sobre los desaf\u00edos macroecon\u00f3micos y las variables internacionales que influir\u00e1n en el desempe\u00f1o econ\u00f3mico de Chile en los pr\u00f3ximos a\u00f1os. El especialista enfatiz\u00f3 que \u201ccomprender la din\u00e1mica global es crucial para anticipar c\u00f3mo evolucionar\u00e1 la econom\u00eda chilena durante los pr\u00f3ximos dos a\u00f1os\u201d.<\/p>\n<p style=\"text-align: justify;\">La actividad se enmarc\u00f3 en los esfuerzos de la empresa por acompa\u00f1ar a las empresas en la toma de decisiones en un entorno marcado por transformaciones tecnol\u00f3gicas, tensiones geopol\u00edticas y cambios en los mercados internacionales.<\/p>\n","protected":false},"excerpt":{"rendered":"<p>Cushman &amp; Wakefield convoc\u00f3 a gerentes generales, ejecutivos senior y altos l\u00edderes empresariales a un encuentro, con el objetivo de revisar el contexto econ\u00f3mico actual y proyectar las principales tendencias que marcar\u00e1n la agenda de 2026.<\/p>\n","protected":false},"author":1,"featured_media":28170,"comment_status":"closed","ping_status":"closed","sticky":false,"template":"","format":"gallery","meta":{"_acf_changed":false,"jnews-multi-image_gallery":[],"jnews_single_post":{"format":"gallery","jnews_video_option_group":[[]],"override":[{"template":"1","parallax":"1","fullscreen":"1","layout":"right-sidebar","sidebar":"home-loop","second_sidebar":"default-sidebar","share_position":"top","share_float_style":"share-monocrhome","show_share_counter":"1","show_view_counter":"1","show_featured":"1","show_post_author_image":"1","show_post_date":"1","post_date_format":"default","post_date_format_custom":"Y\/m\/d","show_post_category":"1","show_post_reading_time":"0","post_reading_time_wpm":"300","post_calculate_word_method":"str_word_count","show_zoom_button":"0","zoom_button_out_step":"2","zoom_button_in_step":"3","show_post_tag":"1","show_prev_next_post":"1","show_popup_post":"1","number_popup_post":"1","show_post_related":"1","show_inline_post_related":"1"}],"image_override":[{"single_post_thumbnail_size":"crop-500","single_post_gallery_size":"crop-500"}],"trending_post_position":"meta","trending_post_label":"Trending","sponsored_post_label":"Sponsored by","disable_ad":"0","gallery":"28170,28171,28172,28173","subtitle":""},"jnews_primary_category":[],"jnews_social_meta":[],"jnews_override_counter":{"view_counter_number":"0","share_counter_number":"0","like_counter_number":"0","dislike_counter_number":"0"},"footnotes":""},"categories":[16],"tags":[],"class_list":["post-28169","post","type-post","status-publish","format-gallery","has-post-thumbnail","hentry","category-sociales-y-eventos","post_format-post-format-gallery"],"acf":[],"yoast_head":"<!-- This site is optimized with the Yoast SEO plugin v27.2 - https:\/\/yoast.com\/product\/yoast-seo-wordpress\/ -->\n<title>CUSHMAN &amp; WAKEFIELD REUNI\u00d3 A L\u00cdDERES EMPRESARIALES PARA ANALIZAR EL ESCENARIO ECON\u00d3MICO 2026 - Revista Logistec<\/title>\n<meta name=\"robots\" content=\"index, follow, max-snippet:-1, max-image-preview:large, max-video-preview:-1\" \/>\n<link rel=\"canonical\" href=\"https:\/\/www.revistalogistec.com\/index.php\/2025\/12\/17\/cushman-wakefield-reunio-a-lideres-empresariales-para-analizar-el-escenario-economico-2026\/\" \/>\n<meta property=\"og:locale\" content=\"es_ES\" \/>\n<meta property=\"og:type\" content=\"article\" \/>\n<meta property=\"og:title\" content=\"CUSHMAN &amp; WAKEFIELD REUNI\u00d3 A L\u00cdDERES EMPRESARIALES PARA ANALIZAR EL ESCENARIO ECON\u00d3MICO 2026 - Revista Logistec\" \/>\n<meta property=\"og:description\" content=\"Cushman &amp; Wakefield convoc\u00f3 a gerentes generales, ejecutivos senior y altos l\u00edderes empresariales a un encuentro, con el objetivo de revisar el contexto econ\u00f3mico actual y proyectar las principales tendencias que marcar\u00e1n la agenda de 2026.\" \/>\n<meta property=\"og:url\" content=\"https:\/\/www.revistalogistec.com\/index.php\/2025\/12\/17\/cushman-wakefield-reunio-a-lideres-empresariales-para-analizar-el-escenario-economico-2026\/\" \/>\n<meta property=\"og:site_name\" content=\"Revista Logistec\" \/>\n<meta property=\"article:published_time\" content=\"2025-12-17T13:13:37+00:00\" \/>\n<meta property=\"og:image\" content=\"https:\/\/www.revistalogistec.com\/wp-content\/uploads\/2025\/12\/CW_1_logistec.jpg\" \/>\n\t<meta property=\"og:image:width\" content=\"1140\" \/>\n\t<meta property=\"og:image:height\" content=\"760\" \/>\n\t<meta property=\"og:image:type\" content=\"image\/jpeg\" \/>\n<meta name=\"author\" content=\"admin\" \/>\n<meta name=\"twitter:card\" content=\"summary_large_image\" \/>\n<meta name=\"twitter:label1\" content=\"Escrito por\" \/>\n\t<meta name=\"twitter:data1\" content=\"admin\" \/>\n\t<meta name=\"twitter:label2\" content=\"Tiempo de lectura\" \/>\n\t<meta name=\"twitter:data2\" content=\"2 minutos\" \/>\n<script type=\"application\/ld+json\" class=\"yoast-schema-graph\">{\"@context\":\"https:\/\/schema.org\",\"@graph\":[{\"@type\":\"Article\",\"@id\":\"https:\/\/www.revistalogistec.com\/index.php\/2025\/12\/17\/cushman-wakefield-reunio-a-lideres-empresariales-para-analizar-el-escenario-economico-2026\/#article\",\"isPartOf\":{\"@id\":\"https:\/\/www.revistalogistec.com\/index.php\/2025\/12\/17\/cushman-wakefield-reunio-a-lideres-empresariales-para-analizar-el-escenario-economico-2026\/\"},\"author\":{\"name\":\"admin\",\"@id\":\"https:\/\/www.revistalogistec.com\/#\/schema\/person\/b25cced65507282f3fc6eb806b1db4f0\"},\"headline\":\"CUSHMAN &#038; WAKEFIELD REUNI\u00d3 A L\u00cdDERES EMPRESARIALES PARA ANALIZAR EL ESCENARIO ECON\u00d3MICO 2026\",\"datePublished\":\"2025-12-17T13:13:37+00:00\",\"mainEntityOfPage\":{\"@id\":\"https:\/\/www.revistalogistec.com\/index.php\/2025\/12\/17\/cushman-wakefield-reunio-a-lideres-empresariales-para-analizar-el-escenario-economico-2026\/\"},\"wordCount\":211,\"image\":{\"@id\":\"https:\/\/www.revistalogistec.com\/index.php\/2025\/12\/17\/cushman-wakefield-reunio-a-lideres-empresariales-para-analizar-el-escenario-economico-2026\/#primaryimage\"},\"thumbnailUrl\":\"https:\/\/www.revistalogistec.com\/wp-content\/uploads\/2025\/12\/CW_1_logistec.jpg\",\"articleSection\":[\"SOCIALES Y EVENTOS\"],\"inLanguage\":\"es\"},{\"@type\":\"WebPage\",\"@id\":\"https:\/\/www.revistalogistec.com\/index.php\/2025\/12\/17\/cushman-wakefield-reunio-a-lideres-empresariales-para-analizar-el-escenario-economico-2026\/\",\"url\":\"https:\/\/www.revistalogistec.com\/index.php\/2025\/12\/17\/cushman-wakefield-reunio-a-lideres-empresariales-para-analizar-el-escenario-economico-2026\/\",\"name\":\"CUSHMAN & WAKEFIELD REUNI\u00d3 A L\u00cdDERES EMPRESARIALES PARA ANALIZAR EL ESCENARIO ECON\u00d3MICO 2026 - Revista Logistec\",\"isPartOf\":{\"@id\":\"https:\/\/www.revistalogistec.com\/#website\"},\"primaryImageOfPage\":{\"@id\":\"https:\/\/www.revistalogistec.com\/index.php\/2025\/12\/17\/cushman-wakefield-reunio-a-lideres-empresariales-para-analizar-el-escenario-economico-2026\/#primaryimage\"},\"image\":{\"@id\":\"https:\/\/www.revistalogistec.com\/index.php\/2025\/12\/17\/cushman-wakefield-reunio-a-lideres-empresariales-para-analizar-el-escenario-economico-2026\/#primaryimage\"},\"thumbnailUrl\":\"https:\/\/www.revistalogistec.com\/wp-content\/uploads\/2025\/12\/CW_1_logistec.jpg\",\"datePublished\":\"2025-12-17T13:13:37+00:00\",\"author\":{\"@id\":\"https:\/\/www.revistalogistec.com\/#\/schema\/person\/b25cced65507282f3fc6eb806b1db4f0\"},\"breadcrumb\":{\"@id\":\"https:\/\/www.revistalogistec.com\/index.php\/2025\/12\/17\/cushman-wakefield-reunio-a-lideres-empresariales-para-analizar-el-escenario-economico-2026\/#breadcrumb\"},\"inLanguage\":\"es\",\"potentialAction\":[{\"@type\":\"ReadAction\",\"target\":[\"https:\/\/www.revistalogistec.com\/index.php\/2025\/12\/17\/cushman-wakefield-reunio-a-lideres-empresariales-para-analizar-el-escenario-economico-2026\/\"]}]},{\"@type\":\"ImageObject\",\"inLanguage\":\"es\",\"@id\":\"https:\/\/www.revistalogistec.com\/index.php\/2025\/12\/17\/cushman-wakefield-reunio-a-lideres-empresariales-para-analizar-el-escenario-economico-2026\/#primaryimage\",\"url\":\"https:\/\/www.revistalogistec.com\/wp-content\/uploads\/2025\/12\/CW_1_logistec.jpg\",\"contentUrl\":\"https:\/\/www.revistalogistec.com\/wp-content\/uploads\/2025\/12\/CW_1_logistec.jpg\",\"width\":1140,\"height\":760},{\"@type\":\"BreadcrumbList\",\"@id\":\"https:\/\/www.revistalogistec.com\/index.php\/2025\/12\/17\/cushman-wakefield-reunio-a-lideres-empresariales-para-analizar-el-escenario-economico-2026\/#breadcrumb\",\"itemListElement\":[{\"@type\":\"ListItem\",\"position\":1,\"name\":\"Portada\",\"item\":\"https:\/\/www.revistalogistec.com\/\"},{\"@type\":\"ListItem\",\"position\":2,\"name\":\"CUSHMAN &#038; WAKEFIELD REUNI\u00d3 A L\u00cdDERES EMPRESARIALES PARA ANALIZAR EL ESCENARIO ECON\u00d3MICO 2026\"}]},{\"@type\":\"WebSite\",\"@id\":\"https:\/\/www.revistalogistec.com\/#website\",\"url\":\"https:\/\/www.revistalogistec.com\/\",\"name\":\"Revista Logistec\",\"description\":\"\",\"potentialAction\":[{\"@type\":\"SearchAction\",\"target\":{\"@type\":\"EntryPoint\",\"urlTemplate\":\"https:\/\/www.revistalogistec.com\/?s={search_term_string}\"},\"query-input\":{\"@type\":\"PropertyValueSpecification\",\"valueRequired\":true,\"valueName\":\"search_term_string\"}}],\"inLanguage\":\"es\"},{\"@type\":\"Person\",\"@id\":\"https:\/\/www.revistalogistec.com\/#\/schema\/person\/b25cced65507282f3fc6eb806b1db4f0\",\"name\":\"admin\",\"image\":{\"@type\":\"ImageObject\",\"inLanguage\":\"es\",\"@id\":\"https:\/\/secure.gravatar.com\/avatar\/94631f712dee24b50f2f12a7caf62df22b2c346945fcff655ce85b674bebf6fd?s=96&d=mm&r=g\",\"url\":\"https:\/\/secure.gravatar.com\/avatar\/94631f712dee24b50f2f12a7caf62df22b2c346945fcff655ce85b674bebf6fd?s=96&d=mm&r=g\",\"contentUrl\":\"https:\/\/secure.gravatar.com\/avatar\/94631f712dee24b50f2f12a7caf62df22b2c346945fcff655ce85b674bebf6fd?s=96&d=mm&r=g\",\"caption\":\"admin\"},\"sameAs\":[\"https:\/\/www.revistalogistec.com\"],\"url\":\"https:\/\/www.revistalogistec.com\/index.php\/author\/admin_revlog\/\"}]}<\/script>\n<!-- \/ Yoast SEO plugin. -->","yoast_head_json":{"title":"CUSHMAN & WAKEFIELD REUNI\u00d3 A L\u00cdDERES EMPRESARIALES PARA ANALIZAR EL ESCENARIO ECON\u00d3MICO 2026 - Revista Logistec","robots":{"index":"index","follow":"follow","max-snippet":"max-snippet:-1","max-image-preview":"max-image-preview:large","max-video-preview":"max-video-preview:-1"},"canonical":"https:\/\/www.revistalogistec.com\/index.php\/2025\/12\/17\/cushman-wakefield-reunio-a-lideres-empresariales-para-analizar-el-escenario-economico-2026\/","og_locale":"es_ES","og_type":"article","og_title":"CUSHMAN & WAKEFIELD REUNI\u00d3 A L\u00cdDERES EMPRESARIALES PARA ANALIZAR EL ESCENARIO ECON\u00d3MICO 2026 - Revista Logistec","og_description":"Cushman &amp; Wakefield convoc\u00f3 a gerentes generales, ejecutivos senior y altos l\u00edderes empresariales a un encuentro, con el objetivo de revisar el contexto econ\u00f3mico actual y proyectar las principales tendencias que marcar\u00e1n la agenda de 2026.","og_url":"https:\/\/www.revistalogistec.com\/index.php\/2025\/12\/17\/cushman-wakefield-reunio-a-lideres-empresariales-para-analizar-el-escenario-economico-2026\/","og_site_name":"Revista Logistec","article_published_time":"2025-12-17T13:13:37+00:00","og_image":[{"width":1140,"height":760,"url":"https:\/\/www.revistalogistec.com\/wp-content\/uploads\/2025\/12\/CW_1_logistec.jpg","type":"image\/jpeg"}],"author":"admin","twitter_card":"summary_large_image","twitter_misc":{"Escrito por":"admin","Tiempo de lectura":"2 minutos"},"schema":{"@context":"https:\/\/schema.org","@graph":[{"@type":"Article","@id":"https:\/\/www.revistalogistec.com\/index.php\/2025\/12\/17\/cushman-wakefield-reunio-a-lideres-empresariales-para-analizar-el-escenario-economico-2026\/#article","isPartOf":{"@id":"https:\/\/www.revistalogistec.com\/index.php\/2025\/12\/17\/cushman-wakefield-reunio-a-lideres-empresariales-para-analizar-el-escenario-economico-2026\/"},"author":{"name":"admin","@id":"https:\/\/www.revistalogistec.com\/#\/schema\/person\/b25cced65507282f3fc6eb806b1db4f0"},"headline":"CUSHMAN &#038; WAKEFIELD REUNI\u00d3 A L\u00cdDERES EMPRESARIALES PARA ANALIZAR EL ESCENARIO ECON\u00d3MICO 2026","datePublished":"2025-12-17T13:13:37+00:00","mainEntityOfPage":{"@id":"https:\/\/www.revistalogistec.com\/index.php\/2025\/12\/17\/cushman-wakefield-reunio-a-lideres-empresariales-para-analizar-el-escenario-economico-2026\/"},"wordCount":211,"image":{"@id":"https:\/\/www.revistalogistec.com\/index.php\/2025\/12\/17\/cushman-wakefield-reunio-a-lideres-empresariales-para-analizar-el-escenario-economico-2026\/#primaryimage"},"thumbnailUrl":"https:\/\/www.revistalogistec.com\/wp-content\/uploads\/2025\/12\/CW_1_logistec.jpg","articleSection":["SOCIALES Y EVENTOS"],"inLanguage":"es"},{"@type":"WebPage","@id":"https:\/\/www.revistalogistec.com\/index.php\/2025\/12\/17\/cushman-wakefield-reunio-a-lideres-empresariales-para-analizar-el-escenario-economico-2026\/","url":"https:\/\/www.revistalogistec.com\/index.php\/2025\/12\/17\/cushman-wakefield-reunio-a-lideres-empresariales-para-analizar-el-escenario-economico-2026\/","name":"CUSHMAN & WAKEFIELD REUNI\u00d3 A L\u00cdDERES EMPRESARIALES PARA ANALIZAR EL ESCENARIO ECON\u00d3MICO 2026 - Revista Logistec","isPartOf":{"@id":"https:\/\/www.revistalogistec.com\/#website"},"primaryImageOfPage":{"@id":"https:\/\/www.revistalogistec.com\/index.php\/2025\/12\/17\/cushman-wakefield-reunio-a-lideres-empresariales-para-analizar-el-escenario-economico-2026\/#primaryimage"},"image":{"@id":"https:\/\/www.revistalogistec.com\/index.php\/2025\/12\/17\/cushman-wakefield-reunio-a-lideres-empresariales-para-analizar-el-escenario-economico-2026\/#primaryimage"},"thumbnailUrl":"https:\/\/www.revistalogistec.com\/wp-content\/uploads\/2025\/12\/CW_1_logistec.jpg","datePublished":"2025-12-17T13:13:37+00:00","author":{"@id":"https:\/\/www.revistalogistec.com\/#\/schema\/person\/b25cced65507282f3fc6eb806b1db4f0"},"breadcrumb":{"@id":"https:\/\/www.revistalogistec.com\/index.php\/2025\/12\/17\/cushman-wakefield-reunio-a-lideres-empresariales-para-analizar-el-escenario-economico-2026\/#breadcrumb"},"inLanguage":"es","potentialAction":[{"@type":"ReadAction","target":["https:\/\/www.revistalogistec.com\/index.php\/2025\/12\/17\/cushman-wakefield-reunio-a-lideres-empresariales-para-analizar-el-escenario-economico-2026\/"]}]},{"@type":"ImageObject","inLanguage":"es","@id":"https:\/\/www.revistalogistec.com\/index.php\/2025\/12\/17\/cushman-wakefield-reunio-a-lideres-empresariales-para-analizar-el-escenario-economico-2026\/#primaryimage","url":"https:\/\/www.revistalogistec.com\/wp-content\/uploads\/2025\/12\/CW_1_logistec.jpg","contentUrl":"https:\/\/www.revistalogistec.com\/wp-content\/uploads\/2025\/12\/CW_1_logistec.jpg","width":1140,"height":760},{"@type":"BreadcrumbList","@id":"https:\/\/www.revistalogistec.com\/index.php\/2025\/12\/17\/cushman-wakefield-reunio-a-lideres-empresariales-para-analizar-el-escenario-economico-2026\/#breadcrumb","itemListElement":[{"@type":"ListItem","position":1,"name":"Portada","item":"https:\/\/www.revistalogistec.com\/"},{"@type":"ListItem","position":2,"name":"CUSHMAN &#038; WAKEFIELD REUNI\u00d3 A L\u00cdDERES EMPRESARIALES PARA ANALIZAR EL ESCENARIO ECON\u00d3MICO 2026"}]},{"@type":"WebSite","@id":"https:\/\/www.revistalogistec.com\/#website","url":"https:\/\/www.revistalogistec.com\/","name":"Revista Logistec","description":"","potentialAction":[{"@type":"SearchAction","target":{"@type":"EntryPoint","urlTemplate":"https:\/\/www.revistalogistec.com\/?s={search_term_string}"},"query-input":{"@type":"PropertyValueSpecification","valueRequired":true,"valueName":"search_term_string"}}],"inLanguage":"es"},{"@type":"Person","@id":"https:\/\/www.revistalogistec.com\/#\/schema\/person\/b25cced65507282f3fc6eb806b1db4f0","name":"admin","image":{"@type":"ImageObject","inLanguage":"es","@id":"https:\/\/secure.gravatar.com\/avatar\/94631f712dee24b50f2f12a7caf62df22b2c346945fcff655ce85b674bebf6fd?s=96&d=mm&r=g","url":"https:\/\/secure.gravatar.com\/avatar\/94631f712dee24b50f2f12a7caf62df22b2c346945fcff655ce85b674bebf6fd?s=96&d=mm&r=g","contentUrl":"https:\/\/secure.gravatar.com\/avatar\/94631f712dee24b50f2f12a7caf62df22b2c346945fcff655ce85b674bebf6fd?s=96&d=mm&r=g","caption":"admin"},"sameAs":["https:\/\/www.revistalogistec.com"],"url":"https:\/\/www.revistalogistec.com\/index.php\/author\/admin_revlog\/"}]}},"_links":{"self":[{"href":"https:\/\/www.revistalogistec.com\/index.php\/wp-json\/wp\/v2\/posts\/28169","targetHints":{"allow":["GET"]}}],"collection":[{"href":"https:\/\/www.revistalogistec.com\/index.php\/wp-json\/wp\/v2\/posts"}],"about":[{"href":"https:\/\/www.revistalogistec.com\/index.php\/wp-json\/wp\/v2\/types\/post"}],"author":[{"embeddable":true,"href":"https:\/\/www.revistalogistec.com\/index.php\/wp-json\/wp\/v2\/users\/1"}],"replies":[{"embeddable":true,"href":"https:\/\/www.revistalogistec.com\/index.php\/wp-json\/wp\/v2\/comments?post=28169"}],"version-history":[{"count":0,"href":"https:\/\/www.revistalogistec.com\/index.php\/wp-json\/wp\/v2\/posts\/28169\/revisions"}],"wp:featuredmedia":[{"embeddable":true,"href":"https:\/\/www.revistalogistec.com\/index.php\/wp-json\/wp\/v2\/media\/28170"}],"wp:attachment":[{"href":"https:\/\/www.revistalogistec.com\/index.php\/wp-json\/wp\/v2\/media?parent=28169"}],"wp:term":[{"taxonomy":"category","embeddable":true,"href":"https:\/\/www.revistalogistec.com\/index.php\/wp-json\/wp\/v2\/categories?post=28169"},{"taxonomy":"post_tag","embeddable":true,"href":"https:\/\/www.revistalogistec.com\/index.php\/wp-json\/wp\/v2\/tags?post=28169"}],"curies":[{"name":"wp","href":"https:\/\/api.w.org\/{rel}","templated":true}]}}