{"id":28230,"date":"2025-12-17T10:09:45","date_gmt":"2025-12-17T14:09:45","guid":{"rendered":"https:\/\/www.revistalogistec.com\/?p=28230"},"modified":"2025-12-17T10:09:45","modified_gmt":"2025-12-17T14:09:45","slug":"mindugar-obtiene-premio-nacional-de-logistica-2025-en-innovacion","status":"publish","type":"post","link":"https:\/\/www.revistalogistec.com\/index.php\/2025\/12\/17\/mindugar-obtiene-premio-nacional-de-logistica-2025-en-innovacion\/","title":{"rendered":"MINDUGAR OBTIENE PREMIO NACIONAL DE LOG\u00cdSTICA 2025 EN INNOVACI\u00d3N"},"content":{"rendered":"<p style=\"text-align: justify;\">Mindugar fue reconocido con el Premio Nacional de Log\u00edstica 2025 en la categor\u00eda Innovaci\u00f3n en Log\u00edstica con el Centro de Innovaci\u00f3n y Tecnolog\u00eda que abri\u00f3 sus puertas este a\u00f1o. Esto es un hito que posiciona a la compa\u00f1\u00eda entre los principales actores tecnol\u00f3gicos del sector y resalta su aporte a la modernizaci\u00f3n de la industria.<!--more--><\/p>\n<p style=\"text-align: justify;\">El galard\u00f3n destaca el trabajo que la empresa ha realizado en materia de transformaci\u00f3n log\u00edstica, automatizaci\u00f3n y eficiencia operacional, impulsando soluciones orientadas a mejorar la competitividad y responder a los nuevos desaf\u00edos del mercado con su renovado CIT.<\/p>\n<p style=\"text-align: justify;\">Desde la compa\u00f1\u00eda se\u00f1alaron que \u201ceste premio pertenece a todo nuestro equipo\u201d, enfatizando que el logro es resultado del esfuerzo conjunto, la capacidad t\u00e9cnica y la coordinaci\u00f3n entre las diversas \u00e1reas que integran Mindugar.<\/p>\n<p style=\"text-align: justify;\">Con este reconocimiento, la empresa refuerza su visi\u00f3n de continuar liderando iniciativas aplicadas a la innovaci\u00f3n log\u00edstica en Chile, impulsando tecnolog\u00edas que contribuyan a elevar los est\u00e1ndares operacionales del sector.<\/p>\n","protected":false},"excerpt":{"rendered":"<p>Mindugar fue reconocido con el Premio Nacional de Log\u00edstica 2025 en la categor\u00eda Innovaci\u00f3n en Log\u00edstica con el Centro de Innovaci\u00f3n y Tecnolog\u00eda que abri\u00f3 sus puertas este a\u00f1o. Esto es un hito que posiciona a la compa\u00f1\u00eda entre los principales actores tecnol\u00f3gicos del sector y resalta su aporte a la modernizaci\u00f3n de la industria.<\/p>\n","protected":false},"author":1,"featured_media":28231,"comment_status":"closed","ping_status":"closed","sticky":false,"template":"","format":"standard","meta":{"_acf_changed":false,"jnews-multi-image_gallery":[],"jnews_single_post":{"subtitle":"","format":"standard","jnews_video_option_group":[[]],"override":[{"template":"1","parallax":"1","fullscreen":"1","layout":"right-sidebar","sidebar":"home-loop","second_sidebar":"default-sidebar","share_position":"top","share_float_style":"share-monocrhome","show_share_counter":"1","show_view_counter":"1","show_featured":"1","show_post_author_image":"1","show_post_date":"1","post_date_format":"default","post_date_format_custom":"Y\/m\/d","show_post_category":"1","show_post_reading_time":"0","post_reading_time_wpm":"300","post_calculate_word_method":"str_word_count","show_zoom_button":"0","zoom_button_out_step":"2","zoom_button_in_step":"3","show_post_tag":"1","show_prev_next_post":"1","show_popup_post":"1","number_popup_post":"1","show_post_related":"1","show_inline_post_related":"1"}],"image_override":[{"single_post_thumbnail_size":"crop-500","single_post_gallery_size":"crop-500"}],"trending_post_position":"meta","trending_post_label":"Trending","sponsored_post_label":"Sponsored by","disable_ad":"0"},"jnews_primary_category":[],"jnews_social_meta":[],"jnews_override_counter":{"view_counter_number":"0","share_counter_number":"0","like_counter_number":"0","dislike_counter_number":"0"},"footnotes":""},"categories":[164],"tags":[],"class_list":["post-28230","post","type-post","status-publish","format-standard","has-post-thumbnail","hentry","category-noticias-clientes"],"acf":[],"yoast_head":"<!-- This site is optimized with the Yoast SEO plugin v27.2 - https:\/\/yoast.com\/product\/yoast-seo-wordpress\/ -->\n<title>MINDUGAR OBTIENE PREMIO NACIONAL DE LOG\u00cdSTICA 2025 EN INNOVACI\u00d3N - Revista Logistec<\/title>\n<meta name=\"robots\" content=\"index, follow, max-snippet:-1, max-image-preview:large, max-video-preview:-1\" \/>\n<link rel=\"canonical\" href=\"https:\/\/www.revistalogistec.com\/index.php\/2025\/12\/17\/mindugar-obtiene-premio-nacional-de-logistica-2025-en-innovacion\/\" \/>\n<meta property=\"og:locale\" content=\"es_ES\" \/>\n<meta property=\"og:type\" content=\"article\" \/>\n<meta property=\"og:title\" content=\"MINDUGAR OBTIENE PREMIO NACIONAL DE LOG\u00cdSTICA 2025 EN INNOVACI\u00d3N - Revista Logistec\" \/>\n<meta property=\"og:description\" content=\"Mindugar fue reconocido con el Premio Nacional de Log\u00edstica 2025 en la categor\u00eda Innovaci\u00f3n en Log\u00edstica con el Centro de Innovaci\u00f3n y Tecnolog\u00eda que abri\u00f3 sus puertas este a\u00f1o. Esto es un hito que posiciona a la compa\u00f1\u00eda entre los principales actores tecnol\u00f3gicos del sector y resalta su aporte a la modernizaci\u00f3n de la industria.\" \/>\n<meta property=\"og:url\" content=\"https:\/\/www.revistalogistec.com\/index.php\/2025\/12\/17\/mindugar-obtiene-premio-nacional-de-logistica-2025-en-innovacion\/\" \/>\n<meta property=\"og:site_name\" content=\"Revista Logistec\" \/>\n<meta property=\"article:published_time\" content=\"2025-12-17T14:09:45+00:00\" \/>\n<meta property=\"og:image\" content=\"https:\/\/www.revistalogistec.com\/wp-content\/uploads\/2025\/12\/Mindugar_Conecta.jpg\" \/>\n\t<meta property=\"og:image:width\" content=\"1140\" \/>\n\t<meta property=\"og:image:height\" content=\"760\" \/>\n\t<meta property=\"og:image:type\" content=\"image\/jpeg\" \/>\n<meta name=\"author\" content=\"admin\" \/>\n<meta name=\"twitter:card\" content=\"summary_large_image\" \/>\n<meta name=\"twitter:label1\" content=\"Escrito por\" \/>\n\t<meta name=\"twitter:data1\" content=\"admin\" \/>\n\t<meta name=\"twitter:label2\" content=\"Tiempo de lectura\" \/>\n\t<meta name=\"twitter:data2\" content=\"1 minuto\" \/>\n<script type=\"application\/ld+json\" class=\"yoast-schema-graph\">{\"@context\":\"https:\/\/schema.org\",\"@graph\":[{\"@type\":\"Article\",\"@id\":\"https:\/\/www.revistalogistec.com\/index.php\/2025\/12\/17\/mindugar-obtiene-premio-nacional-de-logistica-2025-en-innovacion\/#article\",\"isPartOf\":{\"@id\":\"https:\/\/www.revistalogistec.com\/index.php\/2025\/12\/17\/mindugar-obtiene-premio-nacional-de-logistica-2025-en-innovacion\/\"},\"author\":{\"name\":\"admin\",\"@id\":\"https:\/\/www.revistalogistec.com\/#\/schema\/person\/b25cced65507282f3fc6eb806b1db4f0\"},\"headline\":\"MINDUGAR OBTIENE PREMIO NACIONAL DE LOG\u00cdSTICA 2025 EN INNOVACI\u00d3N\",\"datePublished\":\"2025-12-17T14:09:45+00:00\",\"mainEntityOfPage\":{\"@id\":\"https:\/\/www.revistalogistec.com\/index.php\/2025\/12\/17\/mindugar-obtiene-premio-nacional-de-logistica-2025-en-innovacion\/\"},\"wordCount\":190,\"image\":{\"@id\":\"https:\/\/www.revistalogistec.com\/index.php\/2025\/12\/17\/mindugar-obtiene-premio-nacional-de-logistica-2025-en-innovacion\/#primaryimage\"},\"thumbnailUrl\":\"https:\/\/www.revistalogistec.com\/wp-content\/uploads\/2025\/12\/Mindugar_Conecta.jpg\",\"articleSection\":[\"NOTICIAS CLIENTES\"],\"inLanguage\":\"es\"},{\"@type\":\"WebPage\",\"@id\":\"https:\/\/www.revistalogistec.com\/index.php\/2025\/12\/17\/mindugar-obtiene-premio-nacional-de-logistica-2025-en-innovacion\/\",\"url\":\"https:\/\/www.revistalogistec.com\/index.php\/2025\/12\/17\/mindugar-obtiene-premio-nacional-de-logistica-2025-en-innovacion\/\",\"name\":\"MINDUGAR OBTIENE PREMIO NACIONAL DE LOG\u00cdSTICA 2025 EN INNOVACI\u00d3N - Revista Logistec\",\"isPartOf\":{\"@id\":\"https:\/\/www.revistalogistec.com\/#website\"},\"primaryImageOfPage\":{\"@id\":\"https:\/\/www.revistalogistec.com\/index.php\/2025\/12\/17\/mindugar-obtiene-premio-nacional-de-logistica-2025-en-innovacion\/#primaryimage\"},\"image\":{\"@id\":\"https:\/\/www.revistalogistec.com\/index.php\/2025\/12\/17\/mindugar-obtiene-premio-nacional-de-logistica-2025-en-innovacion\/#primaryimage\"},\"thumbnailUrl\":\"https:\/\/www.revistalogistec.com\/wp-content\/uploads\/2025\/12\/Mindugar_Conecta.jpg\",\"datePublished\":\"2025-12-17T14:09:45+00:00\",\"author\":{\"@id\":\"https:\/\/www.revistalogistec.com\/#\/schema\/person\/b25cced65507282f3fc6eb806b1db4f0\"},\"breadcrumb\":{\"@id\":\"https:\/\/www.revistalogistec.com\/index.php\/2025\/12\/17\/mindugar-obtiene-premio-nacional-de-logistica-2025-en-innovacion\/#breadcrumb\"},\"inLanguage\":\"es\",\"potentialAction\":[{\"@type\":\"ReadAction\",\"target\":[\"https:\/\/www.revistalogistec.com\/index.php\/2025\/12\/17\/mindugar-obtiene-premio-nacional-de-logistica-2025-en-innovacion\/\"]}]},{\"@type\":\"ImageObject\",\"inLanguage\":\"es\",\"@id\":\"https:\/\/www.revistalogistec.com\/index.php\/2025\/12\/17\/mindugar-obtiene-premio-nacional-de-logistica-2025-en-innovacion\/#primaryimage\",\"url\":\"https:\/\/www.revistalogistec.com\/wp-content\/uploads\/2025\/12\/Mindugar_Conecta.jpg\",\"contentUrl\":\"https:\/\/www.revistalogistec.com\/wp-content\/uploads\/2025\/12\/Mindugar_Conecta.jpg\",\"width\":1140,\"height\":760},{\"@type\":\"BreadcrumbList\",\"@id\":\"https:\/\/www.revistalogistec.com\/index.php\/2025\/12\/17\/mindugar-obtiene-premio-nacional-de-logistica-2025-en-innovacion\/#breadcrumb\",\"itemListElement\":[{\"@type\":\"ListItem\",\"position\":1,\"name\":\"Portada\",\"item\":\"https:\/\/www.revistalogistec.com\/\"},{\"@type\":\"ListItem\",\"position\":2,\"name\":\"MINDUGAR OBTIENE PREMIO NACIONAL DE LOG\u00cdSTICA 2025 EN INNOVACI\u00d3N\"}]},{\"@type\":\"WebSite\",\"@id\":\"https:\/\/www.revistalogistec.com\/#website\",\"url\":\"https:\/\/www.revistalogistec.com\/\",\"name\":\"Revista Logistec\",\"description\":\"\",\"potentialAction\":[{\"@type\":\"SearchAction\",\"target\":{\"@type\":\"EntryPoint\",\"urlTemplate\":\"https:\/\/www.revistalogistec.com\/?s={search_term_string}\"},\"query-input\":{\"@type\":\"PropertyValueSpecification\",\"valueRequired\":true,\"valueName\":\"search_term_string\"}}],\"inLanguage\":\"es\"},{\"@type\":\"Person\",\"@id\":\"https:\/\/www.revistalogistec.com\/#\/schema\/person\/b25cced65507282f3fc6eb806b1db4f0\",\"name\":\"admin\",\"image\":{\"@type\":\"ImageObject\",\"inLanguage\":\"es\",\"@id\":\"https:\/\/secure.gravatar.com\/avatar\/94631f712dee24b50f2f12a7caf62df22b2c346945fcff655ce85b674bebf6fd?s=96&d=mm&r=g\",\"url\":\"https:\/\/secure.gravatar.com\/avatar\/94631f712dee24b50f2f12a7caf62df22b2c346945fcff655ce85b674bebf6fd?s=96&d=mm&r=g\",\"contentUrl\":\"https:\/\/secure.gravatar.com\/avatar\/94631f712dee24b50f2f12a7caf62df22b2c346945fcff655ce85b674bebf6fd?s=96&d=mm&r=g\",\"caption\":\"admin\"},\"sameAs\":[\"https:\/\/www.revistalogistec.com\"],\"url\":\"https:\/\/www.revistalogistec.com\/index.php\/author\/admin_revlog\/\"}]}<\/script>\n<!-- \/ Yoast SEO plugin. -->","yoast_head_json":{"title":"MINDUGAR OBTIENE PREMIO NACIONAL DE LOG\u00cdSTICA 2025 EN INNOVACI\u00d3N - Revista Logistec","robots":{"index":"index","follow":"follow","max-snippet":"max-snippet:-1","max-image-preview":"max-image-preview:large","max-video-preview":"max-video-preview:-1"},"canonical":"https:\/\/www.revistalogistec.com\/index.php\/2025\/12\/17\/mindugar-obtiene-premio-nacional-de-logistica-2025-en-innovacion\/","og_locale":"es_ES","og_type":"article","og_title":"MINDUGAR OBTIENE PREMIO NACIONAL DE LOG\u00cdSTICA 2025 EN INNOVACI\u00d3N - Revista Logistec","og_description":"Mindugar fue reconocido con el Premio Nacional de Log\u00edstica 2025 en la categor\u00eda Innovaci\u00f3n en Log\u00edstica con el Centro de Innovaci\u00f3n y Tecnolog\u00eda que abri\u00f3 sus puertas este a\u00f1o. Esto es un hito que posiciona a la compa\u00f1\u00eda entre los principales actores tecnol\u00f3gicos del sector y resalta su aporte a la modernizaci\u00f3n de la industria.","og_url":"https:\/\/www.revistalogistec.com\/index.php\/2025\/12\/17\/mindugar-obtiene-premio-nacional-de-logistica-2025-en-innovacion\/","og_site_name":"Revista Logistec","article_published_time":"2025-12-17T14:09:45+00:00","og_image":[{"width":1140,"height":760,"url":"https:\/\/www.revistalogistec.com\/wp-content\/uploads\/2025\/12\/Mindugar_Conecta.jpg","type":"image\/jpeg"}],"author":"admin","twitter_card":"summary_large_image","twitter_misc":{"Escrito por":"admin","Tiempo de lectura":"1 minuto"},"schema":{"@context":"https:\/\/schema.org","@graph":[{"@type":"Article","@id":"https:\/\/www.revistalogistec.com\/index.php\/2025\/12\/17\/mindugar-obtiene-premio-nacional-de-logistica-2025-en-innovacion\/#article","isPartOf":{"@id":"https:\/\/www.revistalogistec.com\/index.php\/2025\/12\/17\/mindugar-obtiene-premio-nacional-de-logistica-2025-en-innovacion\/"},"author":{"name":"admin","@id":"https:\/\/www.revistalogistec.com\/#\/schema\/person\/b25cced65507282f3fc6eb806b1db4f0"},"headline":"MINDUGAR OBTIENE PREMIO NACIONAL DE LOG\u00cdSTICA 2025 EN INNOVACI\u00d3N","datePublished":"2025-12-17T14:09:45+00:00","mainEntityOfPage":{"@id":"https:\/\/www.revistalogistec.com\/index.php\/2025\/12\/17\/mindugar-obtiene-premio-nacional-de-logistica-2025-en-innovacion\/"},"wordCount":190,"image":{"@id":"https:\/\/www.revistalogistec.com\/index.php\/2025\/12\/17\/mindugar-obtiene-premio-nacional-de-logistica-2025-en-innovacion\/#primaryimage"},"thumbnailUrl":"https:\/\/www.revistalogistec.com\/wp-content\/uploads\/2025\/12\/Mindugar_Conecta.jpg","articleSection":["NOTICIAS CLIENTES"],"inLanguage":"es"},{"@type":"WebPage","@id":"https:\/\/www.revistalogistec.com\/index.php\/2025\/12\/17\/mindugar-obtiene-premio-nacional-de-logistica-2025-en-innovacion\/","url":"https:\/\/www.revistalogistec.com\/index.php\/2025\/12\/17\/mindugar-obtiene-premio-nacional-de-logistica-2025-en-innovacion\/","name":"MINDUGAR OBTIENE PREMIO NACIONAL DE LOG\u00cdSTICA 2025 EN INNOVACI\u00d3N - Revista Logistec","isPartOf":{"@id":"https:\/\/www.revistalogistec.com\/#website"},"primaryImageOfPage":{"@id":"https:\/\/www.revistalogistec.com\/index.php\/2025\/12\/17\/mindugar-obtiene-premio-nacional-de-logistica-2025-en-innovacion\/#primaryimage"},"image":{"@id":"https:\/\/www.revistalogistec.com\/index.php\/2025\/12\/17\/mindugar-obtiene-premio-nacional-de-logistica-2025-en-innovacion\/#primaryimage"},"thumbnailUrl":"https:\/\/www.revistalogistec.com\/wp-content\/uploads\/2025\/12\/Mindugar_Conecta.jpg","datePublished":"2025-12-17T14:09:45+00:00","author":{"@id":"https:\/\/www.revistalogistec.com\/#\/schema\/person\/b25cced65507282f3fc6eb806b1db4f0"},"breadcrumb":{"@id":"https:\/\/www.revistalogistec.com\/index.php\/2025\/12\/17\/mindugar-obtiene-premio-nacional-de-logistica-2025-en-innovacion\/#breadcrumb"},"inLanguage":"es","potentialAction":[{"@type":"ReadAction","target":["https:\/\/www.revistalogistec.com\/index.php\/2025\/12\/17\/mindugar-obtiene-premio-nacional-de-logistica-2025-en-innovacion\/"]}]},{"@type":"ImageObject","inLanguage":"es","@id":"https:\/\/www.revistalogistec.com\/index.php\/2025\/12\/17\/mindugar-obtiene-premio-nacional-de-logistica-2025-en-innovacion\/#primaryimage","url":"https:\/\/www.revistalogistec.com\/wp-content\/uploads\/2025\/12\/Mindugar_Conecta.jpg","contentUrl":"https:\/\/www.revistalogistec.com\/wp-content\/uploads\/2025\/12\/Mindugar_Conecta.jpg","width":1140,"height":760},{"@type":"BreadcrumbList","@id":"https:\/\/www.revistalogistec.com\/index.php\/2025\/12\/17\/mindugar-obtiene-premio-nacional-de-logistica-2025-en-innovacion\/#breadcrumb","itemListElement":[{"@type":"ListItem","position":1,"name":"Portada","item":"https:\/\/www.revistalogistec.com\/"},{"@type":"ListItem","position":2,"name":"MINDUGAR OBTIENE PREMIO NACIONAL DE LOG\u00cdSTICA 2025 EN INNOVACI\u00d3N"}]},{"@type":"WebSite","@id":"https:\/\/www.revistalogistec.com\/#website","url":"https:\/\/www.revistalogistec.com\/","name":"Revista Logistec","description":"","potentialAction":[{"@type":"SearchAction","target":{"@type":"EntryPoint","urlTemplate":"https:\/\/www.revistalogistec.com\/?s={search_term_string}"},"query-input":{"@type":"PropertyValueSpecification","valueRequired":true,"valueName":"search_term_string"}}],"inLanguage":"es"},{"@type":"Person","@id":"https:\/\/www.revistalogistec.com\/#\/schema\/person\/b25cced65507282f3fc6eb806b1db4f0","name":"admin","image":{"@type":"ImageObject","inLanguage":"es","@id":"https:\/\/secure.gravatar.com\/avatar\/94631f712dee24b50f2f12a7caf62df22b2c346945fcff655ce85b674bebf6fd?s=96&d=mm&r=g","url":"https:\/\/secure.gravatar.com\/avatar\/94631f712dee24b50f2f12a7caf62df22b2c346945fcff655ce85b674bebf6fd?s=96&d=mm&r=g","contentUrl":"https:\/\/secure.gravatar.com\/avatar\/94631f712dee24b50f2f12a7caf62df22b2c346945fcff655ce85b674bebf6fd?s=96&d=mm&r=g","caption":"admin"},"sameAs":["https:\/\/www.revistalogistec.com"],"url":"https:\/\/www.revistalogistec.com\/index.php\/author\/admin_revlog\/"}]}},"_links":{"self":[{"href":"https:\/\/www.revistalogistec.com\/index.php\/wp-json\/wp\/v2\/posts\/28230","targetHints":{"allow":["GET"]}}],"collection":[{"href":"https:\/\/www.revistalogistec.com\/index.php\/wp-json\/wp\/v2\/posts"}],"about":[{"href":"https:\/\/www.revistalogistec.com\/index.php\/wp-json\/wp\/v2\/types\/post"}],"author":[{"embeddable":true,"href":"https:\/\/www.revistalogistec.com\/index.php\/wp-json\/wp\/v2\/users\/1"}],"replies":[{"embeddable":true,"href":"https:\/\/www.revistalogistec.com\/index.php\/wp-json\/wp\/v2\/comments?post=28230"}],"version-history":[{"count":0,"href":"https:\/\/www.revistalogistec.com\/index.php\/wp-json\/wp\/v2\/posts\/28230\/revisions"}],"wp:featuredmedia":[{"embeddable":true,"href":"https:\/\/www.revistalogistec.com\/index.php\/wp-json\/wp\/v2\/media\/28231"}],"wp:attachment":[{"href":"https:\/\/www.revistalogistec.com\/index.php\/wp-json\/wp\/v2\/media?parent=28230"}],"wp:term":[{"taxonomy":"category","embeddable":true,"href":"https:\/\/www.revistalogistec.com\/index.php\/wp-json\/wp\/v2\/categories?post=28230"},{"taxonomy":"post_tag","embeddable":true,"href":"https:\/\/www.revistalogistec.com\/index.php\/wp-json\/wp\/v2\/tags?post=28230"}],"curies":[{"name":"wp","href":"https:\/\/api.w.org\/{rel}","templated":true}]}}