{"id":28236,"date":"2025-12-17T10:14:44","date_gmt":"2025-12-17T14:14:44","guid":{"rendered":"https:\/\/www.revistalogistec.com\/?p=28236"},"modified":"2025-12-17T10:14:44","modified_gmt":"2025-12-17T14:14:44","slug":"friosan-incorpora-servicio-de-distribucion-punto-a-punto-gracias-a-alianza-estrategica","status":"publish","type":"post","link":"https:\/\/www.revistalogistec.com\/index.php\/2025\/12\/17\/friosan-incorpora-servicio-de-distribucion-punto-a-punto-gracias-a-alianza-estrategica\/","title":{"rendered":"FRIOSAN INCORPORA SERVICIO DE DISTRIBUCI\u00d3N PUNTO A PUNTO GRACIAS A ALIANZA ESTRAT\u00c9GICA"},"content":{"rendered":"<p style=\"text-align: justify;\">Friosan, operador log\u00edstico especializado en almacenamiento en fr\u00edo y soluciones para exportaci\u00f3n, anunci\u00f3 la puesta en marcha de un nuevo <strong>servicio de distribuci\u00f3n nacional punto a punto,<\/strong> que opera desde Arica a <strong>Puerto Montt. <\/strong>La iniciativa responde a una demanda creciente de empresas que buscan <strong>eficiencia, seguridad y rapidez<\/strong> en sus cadenas de suministro entre las distintas regiones del pa\u00eds.<!--more--><\/p>\n<p style=\"text-align: justify;\">El servicio -que comenz\u00f3 a operar en <strong>agosto de este a\u00f1o- <\/strong>\u00a0est\u00e1 enfocado en transporte <strong>B2B directo entre puntos log\u00edsticos<\/strong> y fue especialmente desarrollado pensando en los clientes que requieren mantener condiciones ambientales estables durante todo el proceso log\u00edstico, ya sea en el transporte de alimentos perecibles, productos farmac\u00e9uticos u otros bienes sensibles.<\/p>\n<p style=\"text-align: justify;\">La implementaci\u00f3n de este servicio fue posible gracias a un <strong><em>Joint Venture<\/em><\/strong> con una importante empresa del rubro del transporte y la distribuci\u00f3n. \u00a0Una alianza estrat\u00e9gica que permite a Friosan combinar su experiencia en almacenamiento especializado con la cobertura y capacidades de transporte de su socio, generando sinergias operativas que permiten entregar una soluci\u00f3n integral a sus clientes.<\/p>\n<p style=\"text-align: justify;\">Con el servicio de <strong>distribuci\u00f3n punto a punto, Friosan<\/strong> refuerza su propuesta como <strong>socio log\u00edstico integral<\/strong><strong>,<\/strong> uniendo almacenamiento con control de temperatura, trazabilidad y ahora distribuci\u00f3n nacional B2B, a partir del nuevo <em>Joint Venture.<\/em><\/p>\n","protected":false},"excerpt":{"rendered":"<p>Friosan, operador log\u00edstico especializado en almacenamiento en fr\u00edo y soluciones para exportaci\u00f3n, anunci\u00f3 la puesta en marcha de un nuevo servicio de distribuci\u00f3n nacional punto a punto, que opera desde Arica a Puerto Montt. La iniciativa responde a una demanda creciente de empresas que buscan eficiencia, seguridad y rapidez en sus cadenas de suministro entre [&hellip;]<\/p>\n","protected":false},"author":1,"featured_media":28237,"comment_status":"closed","ping_status":"closed","sticky":false,"template":"","format":"standard","meta":{"_acf_changed":false,"jnews-multi-image_gallery":[],"jnews_single_post":{"subtitle":"","format":"standard","jnews_video_option_group":[[]],"override":[{"template":"1","parallax":"1","fullscreen":"1","layout":"right-sidebar","sidebar":"home-loop","second_sidebar":"default-sidebar","share_position":"top","share_float_style":"share-monocrhome","show_share_counter":"1","show_view_counter":"1","show_featured":"1","show_post_author_image":"1","show_post_date":"1","post_date_format":"default","post_date_format_custom":"Y\/m\/d","show_post_category":"1","show_post_reading_time":"0","post_reading_time_wpm":"300","post_calculate_word_method":"str_word_count","show_zoom_button":"0","zoom_button_out_step":"2","zoom_button_in_step":"3","show_post_tag":"1","show_prev_next_post":"1","show_popup_post":"1","number_popup_post":"1","show_post_related":"1","show_inline_post_related":"1"}],"image_override":[{"single_post_thumbnail_size":"crop-500","single_post_gallery_size":"crop-500"}],"trending_post_position":"meta","trending_post_label":"Trending","sponsored_post_label":"Sponsored by","disable_ad":"0"},"jnews_primary_category":[],"jnews_social_meta":[],"jnews_override_counter":{"view_counter_number":"0","share_counter_number":"0","like_counter_number":"0","dislike_counter_number":"0"},"footnotes":""},"categories":[164],"tags":[],"class_list":["post-28236","post","type-post","status-publish","format-standard","has-post-thumbnail","hentry","category-noticias-clientes"],"acf":[],"yoast_head":"<!-- This site is optimized with the Yoast SEO plugin v27.2 - https:\/\/yoast.com\/product\/yoast-seo-wordpress\/ -->\n<title>FRIOSAN INCORPORA SERVICIO DE DISTRIBUCI\u00d3N PUNTO A PUNTO GRACIAS A ALIANZA ESTRAT\u00c9GICA - Revista Logistec<\/title>\n<meta name=\"robots\" content=\"index, follow, max-snippet:-1, max-image-preview:large, max-video-preview:-1\" \/>\n<link rel=\"canonical\" href=\"https:\/\/www.revistalogistec.com\/index.php\/2025\/12\/17\/friosan-incorpora-servicio-de-distribucion-punto-a-punto-gracias-a-alianza-estrategica\/\" \/>\n<meta property=\"og:locale\" content=\"es_ES\" \/>\n<meta property=\"og:type\" content=\"article\" \/>\n<meta property=\"og:title\" content=\"FRIOSAN INCORPORA SERVICIO DE DISTRIBUCI\u00d3N PUNTO A PUNTO GRACIAS A ALIANZA ESTRAT\u00c9GICA - Revista Logistec\" \/>\n<meta property=\"og:description\" content=\"Friosan, operador log\u00edstico especializado en almacenamiento en fr\u00edo y soluciones para exportaci\u00f3n, anunci\u00f3 la puesta en marcha de un nuevo servicio de distribuci\u00f3n nacional punto a punto, que opera desde Arica a Puerto Montt. La iniciativa responde a una demanda creciente de empresas que buscan eficiencia, seguridad y rapidez en sus cadenas de suministro entre [&hellip;]\" \/>\n<meta property=\"og:url\" content=\"https:\/\/www.revistalogistec.com\/index.php\/2025\/12\/17\/friosan-incorpora-servicio-de-distribucion-punto-a-punto-gracias-a-alianza-estrategica\/\" \/>\n<meta property=\"og:site_name\" content=\"Revista Logistec\" \/>\n<meta property=\"article:published_time\" content=\"2025-12-17T14:14:44+00:00\" \/>\n<meta property=\"og:image\" content=\"https:\/\/www.revistalogistec.com\/wp-content\/uploads\/2025\/12\/news_friosan.jpg\" \/>\n\t<meta property=\"og:image:width\" content=\"1140\" \/>\n\t<meta property=\"og:image:height\" content=\"760\" \/>\n\t<meta property=\"og:image:type\" content=\"image\/jpeg\" \/>\n<meta name=\"author\" content=\"admin\" \/>\n<meta name=\"twitter:card\" content=\"summary_large_image\" \/>\n<meta name=\"twitter:label1\" content=\"Escrito por\" \/>\n\t<meta name=\"twitter:data1\" content=\"admin\" \/>\n\t<meta name=\"twitter:label2\" content=\"Tiempo de lectura\" \/>\n\t<meta name=\"twitter:data2\" content=\"2 minutos\" \/>\n<script type=\"application\/ld+json\" class=\"yoast-schema-graph\">{\"@context\":\"https:\/\/schema.org\",\"@graph\":[{\"@type\":\"Article\",\"@id\":\"https:\/\/www.revistalogistec.com\/index.php\/2025\/12\/17\/friosan-incorpora-servicio-de-distribucion-punto-a-punto-gracias-a-alianza-estrategica\/#article\",\"isPartOf\":{\"@id\":\"https:\/\/www.revistalogistec.com\/index.php\/2025\/12\/17\/friosan-incorpora-servicio-de-distribucion-punto-a-punto-gracias-a-alianza-estrategica\/\"},\"author\":{\"name\":\"admin\",\"@id\":\"https:\/\/www.revistalogistec.com\/#\/schema\/person\/b25cced65507282f3fc6eb806b1db4f0\"},\"headline\":\"FRIOSAN INCORPORA SERVICIO DE DISTRIBUCI\u00d3N PUNTO A PUNTO GRACIAS A ALIANZA ESTRAT\u00c9GICA\",\"datePublished\":\"2025-12-17T14:14:44+00:00\",\"mainEntityOfPage\":{\"@id\":\"https:\/\/www.revistalogistec.com\/index.php\/2025\/12\/17\/friosan-incorpora-servicio-de-distribucion-punto-a-punto-gracias-a-alianza-estrategica\/\"},\"wordCount\":237,\"image\":{\"@id\":\"https:\/\/www.revistalogistec.com\/index.php\/2025\/12\/17\/friosan-incorpora-servicio-de-distribucion-punto-a-punto-gracias-a-alianza-estrategica\/#primaryimage\"},\"thumbnailUrl\":\"https:\/\/www.revistalogistec.com\/wp-content\/uploads\/2025\/12\/news_friosan.jpg\",\"articleSection\":[\"NOTICIAS CLIENTES\"],\"inLanguage\":\"es\"},{\"@type\":\"WebPage\",\"@id\":\"https:\/\/www.revistalogistec.com\/index.php\/2025\/12\/17\/friosan-incorpora-servicio-de-distribucion-punto-a-punto-gracias-a-alianza-estrategica\/\",\"url\":\"https:\/\/www.revistalogistec.com\/index.php\/2025\/12\/17\/friosan-incorpora-servicio-de-distribucion-punto-a-punto-gracias-a-alianza-estrategica\/\",\"name\":\"FRIOSAN INCORPORA SERVICIO DE DISTRIBUCI\u00d3N PUNTO A PUNTO GRACIAS A ALIANZA ESTRAT\u00c9GICA - Revista Logistec\",\"isPartOf\":{\"@id\":\"https:\/\/www.revistalogistec.com\/#website\"},\"primaryImageOfPage\":{\"@id\":\"https:\/\/www.revistalogistec.com\/index.php\/2025\/12\/17\/friosan-incorpora-servicio-de-distribucion-punto-a-punto-gracias-a-alianza-estrategica\/#primaryimage\"},\"image\":{\"@id\":\"https:\/\/www.revistalogistec.com\/index.php\/2025\/12\/17\/friosan-incorpora-servicio-de-distribucion-punto-a-punto-gracias-a-alianza-estrategica\/#primaryimage\"},\"thumbnailUrl\":\"https:\/\/www.revistalogistec.com\/wp-content\/uploads\/2025\/12\/news_friosan.jpg\",\"datePublished\":\"2025-12-17T14:14:44+00:00\",\"author\":{\"@id\":\"https:\/\/www.revistalogistec.com\/#\/schema\/person\/b25cced65507282f3fc6eb806b1db4f0\"},\"breadcrumb\":{\"@id\":\"https:\/\/www.revistalogistec.com\/index.php\/2025\/12\/17\/friosan-incorpora-servicio-de-distribucion-punto-a-punto-gracias-a-alianza-estrategica\/#breadcrumb\"},\"inLanguage\":\"es\",\"potentialAction\":[{\"@type\":\"ReadAction\",\"target\":[\"https:\/\/www.revistalogistec.com\/index.php\/2025\/12\/17\/friosan-incorpora-servicio-de-distribucion-punto-a-punto-gracias-a-alianza-estrategica\/\"]}]},{\"@type\":\"ImageObject\",\"inLanguage\":\"es\",\"@id\":\"https:\/\/www.revistalogistec.com\/index.php\/2025\/12\/17\/friosan-incorpora-servicio-de-distribucion-punto-a-punto-gracias-a-alianza-estrategica\/#primaryimage\",\"url\":\"https:\/\/www.revistalogistec.com\/wp-content\/uploads\/2025\/12\/news_friosan.jpg\",\"contentUrl\":\"https:\/\/www.revistalogistec.com\/wp-content\/uploads\/2025\/12\/news_friosan.jpg\",\"width\":1140,\"height\":760},{\"@type\":\"BreadcrumbList\",\"@id\":\"https:\/\/www.revistalogistec.com\/index.php\/2025\/12\/17\/friosan-incorpora-servicio-de-distribucion-punto-a-punto-gracias-a-alianza-estrategica\/#breadcrumb\",\"itemListElement\":[{\"@type\":\"ListItem\",\"position\":1,\"name\":\"Portada\",\"item\":\"https:\/\/www.revistalogistec.com\/\"},{\"@type\":\"ListItem\",\"position\":2,\"name\":\"FRIOSAN INCORPORA SERVICIO DE DISTRIBUCI\u00d3N PUNTO A PUNTO GRACIAS A ALIANZA ESTRAT\u00c9GICA\"}]},{\"@type\":\"WebSite\",\"@id\":\"https:\/\/www.revistalogistec.com\/#website\",\"url\":\"https:\/\/www.revistalogistec.com\/\",\"name\":\"Revista Logistec\",\"description\":\"\",\"potentialAction\":[{\"@type\":\"SearchAction\",\"target\":{\"@type\":\"EntryPoint\",\"urlTemplate\":\"https:\/\/www.revistalogistec.com\/?s={search_term_string}\"},\"query-input\":{\"@type\":\"PropertyValueSpecification\",\"valueRequired\":true,\"valueName\":\"search_term_string\"}}],\"inLanguage\":\"es\"},{\"@type\":\"Person\",\"@id\":\"https:\/\/www.revistalogistec.com\/#\/schema\/person\/b25cced65507282f3fc6eb806b1db4f0\",\"name\":\"admin\",\"image\":{\"@type\":\"ImageObject\",\"inLanguage\":\"es\",\"@id\":\"https:\/\/secure.gravatar.com\/avatar\/94631f712dee24b50f2f12a7caf62df22b2c346945fcff655ce85b674bebf6fd?s=96&d=mm&r=g\",\"url\":\"https:\/\/secure.gravatar.com\/avatar\/94631f712dee24b50f2f12a7caf62df22b2c346945fcff655ce85b674bebf6fd?s=96&d=mm&r=g\",\"contentUrl\":\"https:\/\/secure.gravatar.com\/avatar\/94631f712dee24b50f2f12a7caf62df22b2c346945fcff655ce85b674bebf6fd?s=96&d=mm&r=g\",\"caption\":\"admin\"},\"sameAs\":[\"https:\/\/www.revistalogistec.com\"],\"url\":\"https:\/\/www.revistalogistec.com\/index.php\/author\/admin_revlog\/\"}]}<\/script>\n<!-- \/ Yoast SEO plugin. -->","yoast_head_json":{"title":"FRIOSAN INCORPORA SERVICIO DE DISTRIBUCI\u00d3N PUNTO A PUNTO GRACIAS A ALIANZA ESTRAT\u00c9GICA - Revista Logistec","robots":{"index":"index","follow":"follow","max-snippet":"max-snippet:-1","max-image-preview":"max-image-preview:large","max-video-preview":"max-video-preview:-1"},"canonical":"https:\/\/www.revistalogistec.com\/index.php\/2025\/12\/17\/friosan-incorpora-servicio-de-distribucion-punto-a-punto-gracias-a-alianza-estrategica\/","og_locale":"es_ES","og_type":"article","og_title":"FRIOSAN INCORPORA SERVICIO DE DISTRIBUCI\u00d3N PUNTO A PUNTO GRACIAS A ALIANZA ESTRAT\u00c9GICA - Revista Logistec","og_description":"Friosan, operador log\u00edstico especializado en almacenamiento en fr\u00edo y soluciones para exportaci\u00f3n, anunci\u00f3 la puesta en marcha de un nuevo servicio de distribuci\u00f3n nacional punto a punto, que opera desde Arica a Puerto Montt. La iniciativa responde a una demanda creciente de empresas que buscan eficiencia, seguridad y rapidez en sus cadenas de suministro entre [&hellip;]","og_url":"https:\/\/www.revistalogistec.com\/index.php\/2025\/12\/17\/friosan-incorpora-servicio-de-distribucion-punto-a-punto-gracias-a-alianza-estrategica\/","og_site_name":"Revista Logistec","article_published_time":"2025-12-17T14:14:44+00:00","og_image":[{"width":1140,"height":760,"url":"https:\/\/www.revistalogistec.com\/wp-content\/uploads\/2025\/12\/news_friosan.jpg","type":"image\/jpeg"}],"author":"admin","twitter_card":"summary_large_image","twitter_misc":{"Escrito por":"admin","Tiempo de lectura":"2 minutos"},"schema":{"@context":"https:\/\/schema.org","@graph":[{"@type":"Article","@id":"https:\/\/www.revistalogistec.com\/index.php\/2025\/12\/17\/friosan-incorpora-servicio-de-distribucion-punto-a-punto-gracias-a-alianza-estrategica\/#article","isPartOf":{"@id":"https:\/\/www.revistalogistec.com\/index.php\/2025\/12\/17\/friosan-incorpora-servicio-de-distribucion-punto-a-punto-gracias-a-alianza-estrategica\/"},"author":{"name":"admin","@id":"https:\/\/www.revistalogistec.com\/#\/schema\/person\/b25cced65507282f3fc6eb806b1db4f0"},"headline":"FRIOSAN INCORPORA SERVICIO DE DISTRIBUCI\u00d3N PUNTO A PUNTO GRACIAS A ALIANZA ESTRAT\u00c9GICA","datePublished":"2025-12-17T14:14:44+00:00","mainEntityOfPage":{"@id":"https:\/\/www.revistalogistec.com\/index.php\/2025\/12\/17\/friosan-incorpora-servicio-de-distribucion-punto-a-punto-gracias-a-alianza-estrategica\/"},"wordCount":237,"image":{"@id":"https:\/\/www.revistalogistec.com\/index.php\/2025\/12\/17\/friosan-incorpora-servicio-de-distribucion-punto-a-punto-gracias-a-alianza-estrategica\/#primaryimage"},"thumbnailUrl":"https:\/\/www.revistalogistec.com\/wp-content\/uploads\/2025\/12\/news_friosan.jpg","articleSection":["NOTICIAS CLIENTES"],"inLanguage":"es"},{"@type":"WebPage","@id":"https:\/\/www.revistalogistec.com\/index.php\/2025\/12\/17\/friosan-incorpora-servicio-de-distribucion-punto-a-punto-gracias-a-alianza-estrategica\/","url":"https:\/\/www.revistalogistec.com\/index.php\/2025\/12\/17\/friosan-incorpora-servicio-de-distribucion-punto-a-punto-gracias-a-alianza-estrategica\/","name":"FRIOSAN INCORPORA SERVICIO DE DISTRIBUCI\u00d3N PUNTO A PUNTO GRACIAS A ALIANZA ESTRAT\u00c9GICA - Revista Logistec","isPartOf":{"@id":"https:\/\/www.revistalogistec.com\/#website"},"primaryImageOfPage":{"@id":"https:\/\/www.revistalogistec.com\/index.php\/2025\/12\/17\/friosan-incorpora-servicio-de-distribucion-punto-a-punto-gracias-a-alianza-estrategica\/#primaryimage"},"image":{"@id":"https:\/\/www.revistalogistec.com\/index.php\/2025\/12\/17\/friosan-incorpora-servicio-de-distribucion-punto-a-punto-gracias-a-alianza-estrategica\/#primaryimage"},"thumbnailUrl":"https:\/\/www.revistalogistec.com\/wp-content\/uploads\/2025\/12\/news_friosan.jpg","datePublished":"2025-12-17T14:14:44+00:00","author":{"@id":"https:\/\/www.revistalogistec.com\/#\/schema\/person\/b25cced65507282f3fc6eb806b1db4f0"},"breadcrumb":{"@id":"https:\/\/www.revistalogistec.com\/index.php\/2025\/12\/17\/friosan-incorpora-servicio-de-distribucion-punto-a-punto-gracias-a-alianza-estrategica\/#breadcrumb"},"inLanguage":"es","potentialAction":[{"@type":"ReadAction","target":["https:\/\/www.revistalogistec.com\/index.php\/2025\/12\/17\/friosan-incorpora-servicio-de-distribucion-punto-a-punto-gracias-a-alianza-estrategica\/"]}]},{"@type":"ImageObject","inLanguage":"es","@id":"https:\/\/www.revistalogistec.com\/index.php\/2025\/12\/17\/friosan-incorpora-servicio-de-distribucion-punto-a-punto-gracias-a-alianza-estrategica\/#primaryimage","url":"https:\/\/www.revistalogistec.com\/wp-content\/uploads\/2025\/12\/news_friosan.jpg","contentUrl":"https:\/\/www.revistalogistec.com\/wp-content\/uploads\/2025\/12\/news_friosan.jpg","width":1140,"height":760},{"@type":"BreadcrumbList","@id":"https:\/\/www.revistalogistec.com\/index.php\/2025\/12\/17\/friosan-incorpora-servicio-de-distribucion-punto-a-punto-gracias-a-alianza-estrategica\/#breadcrumb","itemListElement":[{"@type":"ListItem","position":1,"name":"Portada","item":"https:\/\/www.revistalogistec.com\/"},{"@type":"ListItem","position":2,"name":"FRIOSAN INCORPORA SERVICIO DE DISTRIBUCI\u00d3N PUNTO A PUNTO GRACIAS A ALIANZA ESTRAT\u00c9GICA"}]},{"@type":"WebSite","@id":"https:\/\/www.revistalogistec.com\/#website","url":"https:\/\/www.revistalogistec.com\/","name":"Revista Logistec","description":"","potentialAction":[{"@type":"SearchAction","target":{"@type":"EntryPoint","urlTemplate":"https:\/\/www.revistalogistec.com\/?s={search_term_string}"},"query-input":{"@type":"PropertyValueSpecification","valueRequired":true,"valueName":"search_term_string"}}],"inLanguage":"es"},{"@type":"Person","@id":"https:\/\/www.revistalogistec.com\/#\/schema\/person\/b25cced65507282f3fc6eb806b1db4f0","name":"admin","image":{"@type":"ImageObject","inLanguage":"es","@id":"https:\/\/secure.gravatar.com\/avatar\/94631f712dee24b50f2f12a7caf62df22b2c346945fcff655ce85b674bebf6fd?s=96&d=mm&r=g","url":"https:\/\/secure.gravatar.com\/avatar\/94631f712dee24b50f2f12a7caf62df22b2c346945fcff655ce85b674bebf6fd?s=96&d=mm&r=g","contentUrl":"https:\/\/secure.gravatar.com\/avatar\/94631f712dee24b50f2f12a7caf62df22b2c346945fcff655ce85b674bebf6fd?s=96&d=mm&r=g","caption":"admin"},"sameAs":["https:\/\/www.revistalogistec.com"],"url":"https:\/\/www.revistalogistec.com\/index.php\/author\/admin_revlog\/"}]}},"_links":{"self":[{"href":"https:\/\/www.revistalogistec.com\/index.php\/wp-json\/wp\/v2\/posts\/28236","targetHints":{"allow":["GET"]}}],"collection":[{"href":"https:\/\/www.revistalogistec.com\/index.php\/wp-json\/wp\/v2\/posts"}],"about":[{"href":"https:\/\/www.revistalogistec.com\/index.php\/wp-json\/wp\/v2\/types\/post"}],"author":[{"embeddable":true,"href":"https:\/\/www.revistalogistec.com\/index.php\/wp-json\/wp\/v2\/users\/1"}],"replies":[{"embeddable":true,"href":"https:\/\/www.revistalogistec.com\/index.php\/wp-json\/wp\/v2\/comments?post=28236"}],"version-history":[{"count":0,"href":"https:\/\/www.revistalogistec.com\/index.php\/wp-json\/wp\/v2\/posts\/28236\/revisions"}],"wp:featuredmedia":[{"embeddable":true,"href":"https:\/\/www.revistalogistec.com\/index.php\/wp-json\/wp\/v2\/media\/28237"}],"wp:attachment":[{"href":"https:\/\/www.revistalogistec.com\/index.php\/wp-json\/wp\/v2\/media?parent=28236"}],"wp:term":[{"taxonomy":"category","embeddable":true,"href":"https:\/\/www.revistalogistec.com\/index.php\/wp-json\/wp\/v2\/categories?post=28236"},{"taxonomy":"post_tag","embeddable":true,"href":"https:\/\/www.revistalogistec.com\/index.php\/wp-json\/wp\/v2\/tags?post=28236"}],"curies":[{"name":"wp","href":"https:\/\/api.w.org\/{rel}","templated":true}]}}