{"id":28644,"date":"2026-01-22T09:15:01","date_gmt":"2026-01-22T13:15:01","guid":{"rendered":"https:\/\/www.revistalogistec.com\/?p=28644"},"modified":"2026-01-22T09:15:01","modified_gmt":"2026-01-22T13:15:01","slug":"carga-de-proyecto-planificacion-estrategica-para-una-gestion-eficiente-y-segura-de-la-carga-sobredimensionada","status":"publish","type":"post","link":"https:\/\/www.revistalogistec.com\/index.php\/2026\/01\/22\/carga-de-proyecto-planificacion-estrategica-para-una-gestion-eficiente-y-segura-de-la-carga-sobredimensionada\/","title":{"rendered":"CARGA DE PROYECTO: PLANIFICACI\u00d3N ESTRAT\u00c9GICA PARA UNA GESTI\u00d3N EFICIENTE Y SEGURA DE LA CARGA SOBREDIMENSIONADA"},"content":{"rendered":"<p style=\"text-align: justify;\">Es necesario el dise\u00f1o de soluciones a medida para los sectores clave de la econom\u00eda chilena como la miner\u00eda, la construcci\u00f3n y las energ\u00edas renovables. El transporte de carga sobredimensionada es uno de los desaf\u00edos m\u00e1s complejos dentro del sector log\u00edstico. Se requiere una coordinaci\u00f3n precisa, cumplimiento normativo y tecnolog\u00eda avanzada para garantizar el \u00e9xito de las operaciones.<!--more--><\/p>\n<p style=\"text-align: justify;\">Como segmento especializado y estrat\u00e9gico dentro de la industria log\u00edstica, la carga de proyecto va m\u00e1s all\u00e1 del transporte y la expedici\u00f3n tradicionales, ya que implica el dise\u00f1o de soluciones a medida para los sectores clave de la econom\u00eda chilena como la miner\u00eda, la construcci\u00f3n y las energ\u00edas renovables que permita gestionar de forma correcta la carga sobredimensionada.<\/p>\n<p style=\"text-align: justify;\">El transporte de carga sobredimensionada es uno de los desaf\u00edos m\u00e1s complejos dentro del sector log\u00edstico. Por exceder las dimensiones o el peso est\u00e1ndar permitidos en rutas regulares, requieren una coordinaci\u00f3n precisa, un estricto <a href=\"https:\/\/vialidad.mop.gob.cl\/uploads\/sites\/9\/2025\/02\/Manual_Autorizaciones_para_tansportes_especiales_v2023.pdf\">cumplimiento normativo<\/a> y tecnolog\u00eda avanzada para garantizar su entrega segura y eficiente.<\/p>\n<p style=\"text-align: justify;\">El proceso log\u00edstico no se limita a un simple desplazamiento. Cada movimiento implica una planificaci\u00f3n estrat\u00e9gica integral, que comienza con un an\u00e1lisis detallado de las caracter\u00edsticas de la mercanc\u00eda, revisi\u00f3n de rutas disponibles, obtenci\u00f3n de <a href=\"https:\/\/www.diariooficial.interior.gob.cl\/publicaciones\/2025\/10\/09\/44270\/01\/2707954.pdf#:~:text=y%20transporte%20de%20carga%20sobredimensionada.%20Las%20empresas,que%20Aprueba%20el%20Reglamento%20de%20Seguridad%20Privada.\">permisos de movilidad<\/a>, conocimiento de restricciones legales, carga y seguimiento, descarga y ensamblado al proceso multimodal (la combinaci\u00f3n de a\u00e9reo, mar\u00edtimo y\/o terrestre), y posicionamiento de la entrega en el destino final.<\/p>\n<p style=\"text-align: justify;\">\u201cGestionamos distintos tipos de carga sobredimensionada, vinculados principalmente a sectores estrat\u00e9gicos para Chile. Se suele trabajar con equipos y componentes para miner\u00eda como transformadores, estructuras met\u00e1licas, y maquinaria pesada. Tambi\u00e9n elementos para energ\u00edas renovables entre ellos, palas e\u00f3licas, torres, nacelles y componentes para parques solares del norte y sur del pa\u00eds\u201d, destaca Eduardo Becerra, Branch Manager de Interborders Chile.<\/p>\n<p style=\"text-align: justify;\">En este contexto,<a href=\"https:\/\/interborders.com\/\"> Interborders<\/a> ha coordinado operaciones complejas cumpliendo con todas las exigencias legales y t\u00e9cnicas, apoy\u00e1ndose en equipos capacitados de forma continua en seguridad, planificaci\u00f3n y operaci\u00f3n de carga de proyecto. Adem\u00e1s de una red de proveedores y partners especializados, que permiten responder a proyectos a gran escala.<\/p>\n<p style=\"text-align: justify;\">Asimismo, con el avance de la tecnolog\u00eda, las cargas sobredimensionadas pueden ser monitoreadas en tiempo real con sensores IoT o sistemas GPS, que facilita un control riguroso de las condiciones de la mercanc\u00eda, el estado de las rutas y los tiempos de entrega, anticip\u00e1ndose a cualquier imprevisto.<\/p>\n<h3 style=\"text-align: justify;\">Energ\u00edas renovables<\/h3>\n<p style=\"text-align: justify;\">Chile atraviesa un fuerte impulso hacia las energ\u00edas renovables, especialmente en proyectos de parques e\u00f3licos y desarrollo de fuentes de energ\u00eda solar, tanto en el norte como en el sur del pa\u00eds. Ha establecido el objetivo de generar el 60% de su energ\u00eda a partir de fuentes renovables no convencionales (ERNC),\u00a0 para 2030, y la Pol\u00edtica Energ\u00e9tica Nacional 2050 indica la meta de un 100% de energ\u00eda de cero emisiones en la generaci\u00f3n el\u00e9ctrica, lo que implica iniciativas de infraestructura a gran escala en esta materia y la necesidad de soluciones log\u00edsticas especializadas.<\/p>\n<p style=\"text-align: justify;\">Este enfoque involucra el movimiento de componentes de gran tama\u00f1o. \u201cLa planificaci\u00f3n de estos traslados comienza con un an\u00e1lisis integral del proyecto, considerando ubicaci\u00f3n geogr\u00e1fica, accesos, infraestructura disponible y ventanas operativas. Una perspectiva s\u00f3lida en la log\u00edstica de este tipo de carga es esencial para asegurar la viabilidad y sostenibilidad de los proyectos de energ\u00edas renovables, contribuyendo a la transici\u00f3n hacia una matriz energ\u00e9tica m\u00e1s limpia y sostenible para nuestro pa\u00eds\u201d, comenta Becerra.<\/p>\n<p style=\"text-align: justify;\">En los \u00faltimos cinco a\u00f1os, Interborders consolid\u00f3 una especializaci\u00f3n t\u00e9cnica en este segmento, incorporando planificaci\u00f3n avanzada, coordinaci\u00f3n multimodal y gesti\u00f3n integral de permisos, lo que posibilita acompa\u00f1ar proyectos de alta complejidad desde su origen hasta el destino final.<\/p>\n<h3 style=\"text-align: justify;\">Acerca de Interborders<\/h3>\n<p style=\"text-align: justify;\">Interborders es un agente de carga internacional y operador log\u00edstico que brinda soluciones integrales que comprenden cada etapa del traslado de mercanc\u00edas, comercio exterior y despacho de aduanas. Fundada en 2016 en Argentina por Lucas Bianchi, tuvo un enorme crecimiento durante la \u00faltima d\u00e9cada, extendiendo su presencia a Chile, Estados Unidos, Panam\u00e1, Paraguay y Uruguay, y sus operaciones a todo el mundo. Impulsada por la innovaci\u00f3n, la transparencia y la colaboraci\u00f3n como pilares fundamentales, hoy es elegida por m\u00e1s de 1.000 empresas debido al valor diferencial que aporta a sus servicios, posicion\u00e1ndose en el mercado como un forwarder l\u00edder a escala global. Para m\u00e1s informaci\u00f3n: <a href=\"https:\/\/interborders.com\/\">https:\/\/interborders.com\/<\/a> .<\/p>\n","protected":false},"excerpt":{"rendered":"<p>Es necesario el dise\u00f1o de soluciones a medida para los sectores clave de la econom\u00eda chilena como la miner\u00eda, la construcci\u00f3n y las energ\u00edas renovables. El transporte de carga sobredimensionada es uno de los desaf\u00edos m\u00e1s complejos dentro del sector log\u00edstico. Se requiere una coordinaci\u00f3n precisa, cumplimiento normativo y tecnolog\u00eda avanzada para garantizar el \u00e9xito [&hellip;]<\/p>\n","protected":false},"author":1,"featured_media":28645,"comment_status":"closed","ping_status":"closed","sticky":false,"template":"","format":"gallery","meta":{"_acf_changed":false,"jnews-multi-image_gallery":[],"jnews_single_post":{"format":"gallery","jnews_video_option_group":[[]],"override":[{"template":"1","parallax":"1","fullscreen":"1","layout":"right-sidebar","sidebar":"home-loop","second_sidebar":"default-sidebar","share_position":"top","share_float_style":"share-monocrhome","show_share_counter":"1","show_view_counter":"1","show_featured":"1","show_post_author_image":"1","show_post_date":"1","post_date_format":"default","post_date_format_custom":"Y\/m\/d","show_post_category":"1","show_post_reading_time":"0","post_reading_time_wpm":"300","post_calculate_word_method":"str_word_count","show_zoom_button":"0","zoom_button_out_step":"2","zoom_button_in_step":"3","show_post_tag":"1","show_prev_next_post":"1","show_popup_post":"1","number_popup_post":"1","show_post_related":"1","show_inline_post_related":"1"}],"image_override":[{"single_post_thumbnail_size":"crop-500","single_post_gallery_size":"crop-500"}],"trending_post_position":"meta","trending_post_label":"Trending","sponsored_post_label":"Sponsored by","disable_ad":"0","gallery":"28645,28646,28647","subtitle":""},"jnews_primary_category":[],"jnews_social_meta":[],"jnews_override_counter":{"view_counter_number":"0","share_counter_number":"0","like_counter_number":"0","dislike_counter_number":"0"},"footnotes":""},"categories":[164],"tags":[],"class_list":["post-28644","post","type-post","status-publish","format-gallery","has-post-thumbnail","hentry","category-noticias-clientes","post_format-post-format-gallery"],"acf":[],"yoast_head":"<!-- This site is optimized with the Yoast SEO plugin v27.2 - https:\/\/yoast.com\/product\/yoast-seo-wordpress\/ -->\n<title>CARGA DE PROYECTO: PLANIFICACI\u00d3N ESTRAT\u00c9GICA PARA UNA GESTI\u00d3N EFICIENTE Y SEGURA DE LA CARGA SOBREDIMENSIONADA - Revista Logistec<\/title>\n<meta name=\"robots\" content=\"index, follow, max-snippet:-1, max-image-preview:large, max-video-preview:-1\" \/>\n<link rel=\"canonical\" href=\"https:\/\/www.revistalogistec.com\/index.php\/2026\/01\/22\/carga-de-proyecto-planificacion-estrategica-para-una-gestion-eficiente-y-segura-de-la-carga-sobredimensionada\/\" \/>\n<meta property=\"og:locale\" content=\"es_ES\" \/>\n<meta property=\"og:type\" content=\"article\" \/>\n<meta property=\"og:title\" content=\"CARGA DE PROYECTO: PLANIFICACI\u00d3N ESTRAT\u00c9GICA PARA UNA GESTI\u00d3N EFICIENTE Y SEGURA DE LA CARGA SOBREDIMENSIONADA - Revista Logistec\" \/>\n<meta property=\"og:description\" content=\"Es necesario el dise\u00f1o de soluciones a medida para los sectores clave de la econom\u00eda chilena como la miner\u00eda, la construcci\u00f3n y las energ\u00edas renovables. El transporte de carga sobredimensionada es uno de los desaf\u00edos m\u00e1s complejos dentro del sector log\u00edstico. Se requiere una coordinaci\u00f3n precisa, cumplimiento normativo y tecnolog\u00eda avanzada para garantizar el \u00e9xito [&hellip;]\" \/>\n<meta property=\"og:url\" content=\"https:\/\/www.revistalogistec.com\/index.php\/2026\/01\/22\/carga-de-proyecto-planificacion-estrategica-para-una-gestion-eficiente-y-segura-de-la-carga-sobredimensionada\/\" \/>\n<meta property=\"og:site_name\" content=\"Revista Logistec\" \/>\n<meta property=\"article:published_time\" content=\"2026-01-22T13:15:01+00:00\" \/>\n<meta property=\"og:image\" content=\"https:\/\/www.revistalogistec.com\/wp-content\/uploads\/2026\/01\/sobredimensionada.jpg\" \/>\n\t<meta property=\"og:image:width\" content=\"1140\" \/>\n\t<meta property=\"og:image:height\" content=\"760\" \/>\n\t<meta property=\"og:image:type\" content=\"image\/jpeg\" \/>\n<meta name=\"author\" content=\"admin\" \/>\n<meta name=\"twitter:card\" content=\"summary_large_image\" \/>\n<meta name=\"twitter:label1\" content=\"Escrito por\" \/>\n\t<meta name=\"twitter:data1\" content=\"admin\" \/>\n\t<meta name=\"twitter:label2\" content=\"Tiempo de lectura\" \/>\n\t<meta name=\"twitter:data2\" content=\"4 minutos\" \/>\n<script type=\"application\/ld+json\" class=\"yoast-schema-graph\">{\"@context\":\"https:\/\/schema.org\",\"@graph\":[{\"@type\":\"Article\",\"@id\":\"https:\/\/www.revistalogistec.com\/index.php\/2026\/01\/22\/carga-de-proyecto-planificacion-estrategica-para-una-gestion-eficiente-y-segura-de-la-carga-sobredimensionada\/#article\",\"isPartOf\":{\"@id\":\"https:\/\/www.revistalogistec.com\/index.php\/2026\/01\/22\/carga-de-proyecto-planificacion-estrategica-para-una-gestion-eficiente-y-segura-de-la-carga-sobredimensionada\/\"},\"author\":{\"name\":\"admin\",\"@id\":\"https:\/\/www.revistalogistec.com\/#\/schema\/person\/b25cced65507282f3fc6eb806b1db4f0\"},\"headline\":\"CARGA DE PROYECTO: PLANIFICACI\u00d3N ESTRAT\u00c9GICA PARA UNA GESTI\u00d3N EFICIENTE Y SEGURA DE LA CARGA SOBREDIMENSIONADA\",\"datePublished\":\"2026-01-22T13:15:01+00:00\",\"mainEntityOfPage\":{\"@id\":\"https:\/\/www.revistalogistec.com\/index.php\/2026\/01\/22\/carga-de-proyecto-planificacion-estrategica-para-una-gestion-eficiente-y-segura-de-la-carga-sobredimensionada\/\"},\"wordCount\":806,\"image\":{\"@id\":\"https:\/\/www.revistalogistec.com\/index.php\/2026\/01\/22\/carga-de-proyecto-planificacion-estrategica-para-una-gestion-eficiente-y-segura-de-la-carga-sobredimensionada\/#primaryimage\"},\"thumbnailUrl\":\"https:\/\/www.revistalogistec.com\/wp-content\/uploads\/2026\/01\/sobredimensionada.jpg\",\"articleSection\":[\"NOTICIAS CLIENTES\"],\"inLanguage\":\"es\"},{\"@type\":\"WebPage\",\"@id\":\"https:\/\/www.revistalogistec.com\/index.php\/2026\/01\/22\/carga-de-proyecto-planificacion-estrategica-para-una-gestion-eficiente-y-segura-de-la-carga-sobredimensionada\/\",\"url\":\"https:\/\/www.revistalogistec.com\/index.php\/2026\/01\/22\/carga-de-proyecto-planificacion-estrategica-para-una-gestion-eficiente-y-segura-de-la-carga-sobredimensionada\/\",\"name\":\"CARGA DE PROYECTO: PLANIFICACI\u00d3N ESTRAT\u00c9GICA PARA UNA GESTI\u00d3N EFICIENTE Y SEGURA DE LA CARGA SOBREDIMENSIONADA - Revista Logistec\",\"isPartOf\":{\"@id\":\"https:\/\/www.revistalogistec.com\/#website\"},\"primaryImageOfPage\":{\"@id\":\"https:\/\/www.revistalogistec.com\/index.php\/2026\/01\/22\/carga-de-proyecto-planificacion-estrategica-para-una-gestion-eficiente-y-segura-de-la-carga-sobredimensionada\/#primaryimage\"},\"image\":{\"@id\":\"https:\/\/www.revistalogistec.com\/index.php\/2026\/01\/22\/carga-de-proyecto-planificacion-estrategica-para-una-gestion-eficiente-y-segura-de-la-carga-sobredimensionada\/#primaryimage\"},\"thumbnailUrl\":\"https:\/\/www.revistalogistec.com\/wp-content\/uploads\/2026\/01\/sobredimensionada.jpg\",\"datePublished\":\"2026-01-22T13:15:01+00:00\",\"author\":{\"@id\":\"https:\/\/www.revistalogistec.com\/#\/schema\/person\/b25cced65507282f3fc6eb806b1db4f0\"},\"breadcrumb\":{\"@id\":\"https:\/\/www.revistalogistec.com\/index.php\/2026\/01\/22\/carga-de-proyecto-planificacion-estrategica-para-una-gestion-eficiente-y-segura-de-la-carga-sobredimensionada\/#breadcrumb\"},\"inLanguage\":\"es\",\"potentialAction\":[{\"@type\":\"ReadAction\",\"target\":[\"https:\/\/www.revistalogistec.com\/index.php\/2026\/01\/22\/carga-de-proyecto-planificacion-estrategica-para-una-gestion-eficiente-y-segura-de-la-carga-sobredimensionada\/\"]}]},{\"@type\":\"ImageObject\",\"inLanguage\":\"es\",\"@id\":\"https:\/\/www.revistalogistec.com\/index.php\/2026\/01\/22\/carga-de-proyecto-planificacion-estrategica-para-una-gestion-eficiente-y-segura-de-la-carga-sobredimensionada\/#primaryimage\",\"url\":\"https:\/\/www.revistalogistec.com\/wp-content\/uploads\/2026\/01\/sobredimensionada.jpg\",\"contentUrl\":\"https:\/\/www.revistalogistec.com\/wp-content\/uploads\/2026\/01\/sobredimensionada.jpg\",\"width\":1140,\"height\":760},{\"@type\":\"BreadcrumbList\",\"@id\":\"https:\/\/www.revistalogistec.com\/index.php\/2026\/01\/22\/carga-de-proyecto-planificacion-estrategica-para-una-gestion-eficiente-y-segura-de-la-carga-sobredimensionada\/#breadcrumb\",\"itemListElement\":[{\"@type\":\"ListItem\",\"position\":1,\"name\":\"Portada\",\"item\":\"https:\/\/www.revistalogistec.com\/\"},{\"@type\":\"ListItem\",\"position\":2,\"name\":\"CARGA DE PROYECTO: PLANIFICACI\u00d3N ESTRAT\u00c9GICA PARA UNA GESTI\u00d3N EFICIENTE Y SEGURA DE LA CARGA SOBREDIMENSIONADA\"}]},{\"@type\":\"WebSite\",\"@id\":\"https:\/\/www.revistalogistec.com\/#website\",\"url\":\"https:\/\/www.revistalogistec.com\/\",\"name\":\"Revista Logistec\",\"description\":\"\",\"potentialAction\":[{\"@type\":\"SearchAction\",\"target\":{\"@type\":\"EntryPoint\",\"urlTemplate\":\"https:\/\/www.revistalogistec.com\/?s={search_term_string}\"},\"query-input\":{\"@type\":\"PropertyValueSpecification\",\"valueRequired\":true,\"valueName\":\"search_term_string\"}}],\"inLanguage\":\"es\"},{\"@type\":\"Person\",\"@id\":\"https:\/\/www.revistalogistec.com\/#\/schema\/person\/b25cced65507282f3fc6eb806b1db4f0\",\"name\":\"admin\",\"image\":{\"@type\":\"ImageObject\",\"inLanguage\":\"es\",\"@id\":\"https:\/\/secure.gravatar.com\/avatar\/94631f712dee24b50f2f12a7caf62df22b2c346945fcff655ce85b674bebf6fd?s=96&d=mm&r=g\",\"url\":\"https:\/\/secure.gravatar.com\/avatar\/94631f712dee24b50f2f12a7caf62df22b2c346945fcff655ce85b674bebf6fd?s=96&d=mm&r=g\",\"contentUrl\":\"https:\/\/secure.gravatar.com\/avatar\/94631f712dee24b50f2f12a7caf62df22b2c346945fcff655ce85b674bebf6fd?s=96&d=mm&r=g\",\"caption\":\"admin\"},\"sameAs\":[\"https:\/\/www.revistalogistec.com\"],\"url\":\"https:\/\/www.revistalogistec.com\/index.php\/author\/admin_revlog\/\"}]}<\/script>\n<!-- \/ Yoast SEO plugin. -->","yoast_head_json":{"title":"CARGA DE PROYECTO: PLANIFICACI\u00d3N ESTRAT\u00c9GICA PARA UNA GESTI\u00d3N EFICIENTE Y SEGURA DE LA CARGA SOBREDIMENSIONADA - Revista Logistec","robots":{"index":"index","follow":"follow","max-snippet":"max-snippet:-1","max-image-preview":"max-image-preview:large","max-video-preview":"max-video-preview:-1"},"canonical":"https:\/\/www.revistalogistec.com\/index.php\/2026\/01\/22\/carga-de-proyecto-planificacion-estrategica-para-una-gestion-eficiente-y-segura-de-la-carga-sobredimensionada\/","og_locale":"es_ES","og_type":"article","og_title":"CARGA DE PROYECTO: PLANIFICACI\u00d3N ESTRAT\u00c9GICA PARA UNA GESTI\u00d3N EFICIENTE Y SEGURA DE LA CARGA SOBREDIMENSIONADA - Revista Logistec","og_description":"Es necesario el dise\u00f1o de soluciones a medida para los sectores clave de la econom\u00eda chilena como la miner\u00eda, la construcci\u00f3n y las energ\u00edas renovables. El transporte de carga sobredimensionada es uno de los desaf\u00edos m\u00e1s complejos dentro del sector log\u00edstico. Se requiere una coordinaci\u00f3n precisa, cumplimiento normativo y tecnolog\u00eda avanzada para garantizar el \u00e9xito [&hellip;]","og_url":"https:\/\/www.revistalogistec.com\/index.php\/2026\/01\/22\/carga-de-proyecto-planificacion-estrategica-para-una-gestion-eficiente-y-segura-de-la-carga-sobredimensionada\/","og_site_name":"Revista Logistec","article_published_time":"2026-01-22T13:15:01+00:00","og_image":[{"width":1140,"height":760,"url":"https:\/\/www.revistalogistec.com\/wp-content\/uploads\/2026\/01\/sobredimensionada.jpg","type":"image\/jpeg"}],"author":"admin","twitter_card":"summary_large_image","twitter_misc":{"Escrito por":"admin","Tiempo de lectura":"4 minutos"},"schema":{"@context":"https:\/\/schema.org","@graph":[{"@type":"Article","@id":"https:\/\/www.revistalogistec.com\/index.php\/2026\/01\/22\/carga-de-proyecto-planificacion-estrategica-para-una-gestion-eficiente-y-segura-de-la-carga-sobredimensionada\/#article","isPartOf":{"@id":"https:\/\/www.revistalogistec.com\/index.php\/2026\/01\/22\/carga-de-proyecto-planificacion-estrategica-para-una-gestion-eficiente-y-segura-de-la-carga-sobredimensionada\/"},"author":{"name":"admin","@id":"https:\/\/www.revistalogistec.com\/#\/schema\/person\/b25cced65507282f3fc6eb806b1db4f0"},"headline":"CARGA DE PROYECTO: PLANIFICACI\u00d3N ESTRAT\u00c9GICA PARA UNA GESTI\u00d3N EFICIENTE Y SEGURA DE LA CARGA SOBREDIMENSIONADA","datePublished":"2026-01-22T13:15:01+00:00","mainEntityOfPage":{"@id":"https:\/\/www.revistalogistec.com\/index.php\/2026\/01\/22\/carga-de-proyecto-planificacion-estrategica-para-una-gestion-eficiente-y-segura-de-la-carga-sobredimensionada\/"},"wordCount":806,"image":{"@id":"https:\/\/www.revistalogistec.com\/index.php\/2026\/01\/22\/carga-de-proyecto-planificacion-estrategica-para-una-gestion-eficiente-y-segura-de-la-carga-sobredimensionada\/#primaryimage"},"thumbnailUrl":"https:\/\/www.revistalogistec.com\/wp-content\/uploads\/2026\/01\/sobredimensionada.jpg","articleSection":["NOTICIAS CLIENTES"],"inLanguage":"es"},{"@type":"WebPage","@id":"https:\/\/www.revistalogistec.com\/index.php\/2026\/01\/22\/carga-de-proyecto-planificacion-estrategica-para-una-gestion-eficiente-y-segura-de-la-carga-sobredimensionada\/","url":"https:\/\/www.revistalogistec.com\/index.php\/2026\/01\/22\/carga-de-proyecto-planificacion-estrategica-para-una-gestion-eficiente-y-segura-de-la-carga-sobredimensionada\/","name":"CARGA DE PROYECTO: PLANIFICACI\u00d3N ESTRAT\u00c9GICA PARA UNA GESTI\u00d3N EFICIENTE Y SEGURA DE LA CARGA SOBREDIMENSIONADA - Revista Logistec","isPartOf":{"@id":"https:\/\/www.revistalogistec.com\/#website"},"primaryImageOfPage":{"@id":"https:\/\/www.revistalogistec.com\/index.php\/2026\/01\/22\/carga-de-proyecto-planificacion-estrategica-para-una-gestion-eficiente-y-segura-de-la-carga-sobredimensionada\/#primaryimage"},"image":{"@id":"https:\/\/www.revistalogistec.com\/index.php\/2026\/01\/22\/carga-de-proyecto-planificacion-estrategica-para-una-gestion-eficiente-y-segura-de-la-carga-sobredimensionada\/#primaryimage"},"thumbnailUrl":"https:\/\/www.revistalogistec.com\/wp-content\/uploads\/2026\/01\/sobredimensionada.jpg","datePublished":"2026-01-22T13:15:01+00:00","author":{"@id":"https:\/\/www.revistalogistec.com\/#\/schema\/person\/b25cced65507282f3fc6eb806b1db4f0"},"breadcrumb":{"@id":"https:\/\/www.revistalogistec.com\/index.php\/2026\/01\/22\/carga-de-proyecto-planificacion-estrategica-para-una-gestion-eficiente-y-segura-de-la-carga-sobredimensionada\/#breadcrumb"},"inLanguage":"es","potentialAction":[{"@type":"ReadAction","target":["https:\/\/www.revistalogistec.com\/index.php\/2026\/01\/22\/carga-de-proyecto-planificacion-estrategica-para-una-gestion-eficiente-y-segura-de-la-carga-sobredimensionada\/"]}]},{"@type":"ImageObject","inLanguage":"es","@id":"https:\/\/www.revistalogistec.com\/index.php\/2026\/01\/22\/carga-de-proyecto-planificacion-estrategica-para-una-gestion-eficiente-y-segura-de-la-carga-sobredimensionada\/#primaryimage","url":"https:\/\/www.revistalogistec.com\/wp-content\/uploads\/2026\/01\/sobredimensionada.jpg","contentUrl":"https:\/\/www.revistalogistec.com\/wp-content\/uploads\/2026\/01\/sobredimensionada.jpg","width":1140,"height":760},{"@type":"BreadcrumbList","@id":"https:\/\/www.revistalogistec.com\/index.php\/2026\/01\/22\/carga-de-proyecto-planificacion-estrategica-para-una-gestion-eficiente-y-segura-de-la-carga-sobredimensionada\/#breadcrumb","itemListElement":[{"@type":"ListItem","position":1,"name":"Portada","item":"https:\/\/www.revistalogistec.com\/"},{"@type":"ListItem","position":2,"name":"CARGA DE PROYECTO: PLANIFICACI\u00d3N ESTRAT\u00c9GICA PARA UNA GESTI\u00d3N EFICIENTE Y SEGURA DE LA CARGA SOBREDIMENSIONADA"}]},{"@type":"WebSite","@id":"https:\/\/www.revistalogistec.com\/#website","url":"https:\/\/www.revistalogistec.com\/","name":"Revista Logistec","description":"","potentialAction":[{"@type":"SearchAction","target":{"@type":"EntryPoint","urlTemplate":"https:\/\/www.revistalogistec.com\/?s={search_term_string}"},"query-input":{"@type":"PropertyValueSpecification","valueRequired":true,"valueName":"search_term_string"}}],"inLanguage":"es"},{"@type":"Person","@id":"https:\/\/www.revistalogistec.com\/#\/schema\/person\/b25cced65507282f3fc6eb806b1db4f0","name":"admin","image":{"@type":"ImageObject","inLanguage":"es","@id":"https:\/\/secure.gravatar.com\/avatar\/94631f712dee24b50f2f12a7caf62df22b2c346945fcff655ce85b674bebf6fd?s=96&d=mm&r=g","url":"https:\/\/secure.gravatar.com\/avatar\/94631f712dee24b50f2f12a7caf62df22b2c346945fcff655ce85b674bebf6fd?s=96&d=mm&r=g","contentUrl":"https:\/\/secure.gravatar.com\/avatar\/94631f712dee24b50f2f12a7caf62df22b2c346945fcff655ce85b674bebf6fd?s=96&d=mm&r=g","caption":"admin"},"sameAs":["https:\/\/www.revistalogistec.com"],"url":"https:\/\/www.revistalogistec.com\/index.php\/author\/admin_revlog\/"}]}},"_links":{"self":[{"href":"https:\/\/www.revistalogistec.com\/index.php\/wp-json\/wp\/v2\/posts\/28644","targetHints":{"allow":["GET"]}}],"collection":[{"href":"https:\/\/www.revistalogistec.com\/index.php\/wp-json\/wp\/v2\/posts"}],"about":[{"href":"https:\/\/www.revistalogistec.com\/index.php\/wp-json\/wp\/v2\/types\/post"}],"author":[{"embeddable":true,"href":"https:\/\/www.revistalogistec.com\/index.php\/wp-json\/wp\/v2\/users\/1"}],"replies":[{"embeddable":true,"href":"https:\/\/www.revistalogistec.com\/index.php\/wp-json\/wp\/v2\/comments?post=28644"}],"version-history":[{"count":1,"href":"https:\/\/www.revistalogistec.com\/index.php\/wp-json\/wp\/v2\/posts\/28644\/revisions"}],"predecessor-version":[{"id":28648,"href":"https:\/\/www.revistalogistec.com\/index.php\/wp-json\/wp\/v2\/posts\/28644\/revisions\/28648"}],"wp:featuredmedia":[{"embeddable":true,"href":"https:\/\/www.revistalogistec.com\/index.php\/wp-json\/wp\/v2\/media\/28645"}],"wp:attachment":[{"href":"https:\/\/www.revistalogistec.com\/index.php\/wp-json\/wp\/v2\/media?parent=28644"}],"wp:term":[{"taxonomy":"category","embeddable":true,"href":"https:\/\/www.revistalogistec.com\/index.php\/wp-json\/wp\/v2\/categories?post=28644"},{"taxonomy":"post_tag","embeddable":true,"href":"https:\/\/www.revistalogistec.com\/index.php\/wp-json\/wp\/v2\/tags?post=28644"}],"curies":[{"name":"wp","href":"https:\/\/api.w.org\/{rel}","templated":true}]}}