{"id":28652,"date":"2026-01-22T09:27:01","date_gmt":"2026-01-22T13:27:01","guid":{"rendered":"https:\/\/www.revistalogistec.com\/?p=28652"},"modified":"2026-01-22T09:27:01","modified_gmt":"2026-01-22T13:27:01","slug":"iti-informa-avances-operativos-frente-a-la-contingencia-por-congestion","status":"publish","type":"post","link":"https:\/\/www.revistalogistec.com\/index.php\/2026\/01\/22\/iti-informa-avances-operativos-frente-a-la-contingencia-por-congestion\/","title":{"rendered":"ITI INFORMA AVANCES OPERATIVOS FRENTE A LA CONTINGENCIA POR CONGESTI\u00d3N"},"content":{"rendered":"<p style=\"text-align: justify;\">Iquique Terminal Internacional (ITI) inform\u00f3 que las operaciones de despacho de carga se han mantenido sin interrupciones, asegurando la continuidad del servicio para los clientes y la cadena log\u00edstica, pese a la congesti\u00f3n que enfrenta actualmente el terminal.<!--more--><\/p>\n<p style=\"text-align: justify;\">ITI ha implementado una serie de medidas operativas y de coordinaci\u00f3n con la Empresa Portuaria Iquique (EPI), Zofri, l\u00edneas navieras, transportistas, agentes y gremios, con el objetivo de atenuar los efectos de la congesti\u00f3n y favorecer la regularidad de los despachos. El trabajo conjunto ha permitido avanzar de manera gradual en la entrega de carga y permitiendo recuperar progresivamente los tiempos de atenci\u00f3n.<\/p>\n<p style=\"text-align: justify;\">Entre las acciones se encuentran la habilitaci\u00f3n de zonas adicionales de acopio de cargas, turnos y despachos continuos en horarios de colaci\u00f3n, adem\u00e1s de coordinaciones con clientes.<\/p>\n<p style=\"text-align: justify;\">El gerente de Operaciones de ITI, Cristopher L\u00f3pez, se\u00f1al\u00f3 que \u201cestamos trabajando de manera coordinada con toda la cadena log\u00edstica para asegurar el flujo de los despachos y minimizar el impacto para los clientes. Agradecemos la comprensi\u00f3n y colaboraci\u00f3n de los distintos actores, porque ha sido clave para la operaci\u00f3n y avanzar en la recuperaci\u00f3n gradual del ritmo normal del terminal. Nuestro compromiso es seguir tomando medidas que aporten eficiencia y estabilidad al sistema. La operaci\u00f3n no se ha detenido en ning\u00fan momento\u201d, subray\u00f3.<\/p>\n<p style=\"text-align: justify;\">El ejecutivo precis\u00f3 que a fines de enero se har\u00e1 una actualizaci\u00f3n de las medidas adoptadas y adelant\u00f3 que hay nuevas en evaluaci\u00f3n, con el prop\u00f3sito de acelerar la normalizaci\u00f3n de los procesos. \u201cSe est\u00e1n aplicando medidas reales y visibles, coordinadas con todos los actores log\u00edsticos que han sido fundamentales en este proceso\u201d, sostuvo.<\/p>\n","protected":false},"excerpt":{"rendered":"<p>Iquique Terminal Internacional (ITI) inform\u00f3 que las operaciones de despacho de carga se han mantenido sin interrupciones, asegurando la continuidad del servicio para los clientes y la cadena log\u00edstica, pese a la congesti\u00f3n que enfrenta actualmente el terminal.<\/p>\n","protected":false},"author":1,"featured_media":28653,"comment_status":"closed","ping_status":"closed","sticky":false,"template":"","format":"standard","meta":{"_acf_changed":false,"jnews-multi-image_gallery":[],"jnews_single_post":{"subtitle":"","format":"standard","jnews_video_option_group":[[]],"override":[{"template":"1","parallax":"1","fullscreen":"1","layout":"right-sidebar","sidebar":"home-loop","second_sidebar":"default-sidebar","share_position":"top","share_float_style":"share-monocrhome","show_share_counter":"1","show_view_counter":"1","show_featured":"1","show_post_author_image":"1","show_post_date":"1","post_date_format":"default","post_date_format_custom":"Y\/m\/d","show_post_category":"1","show_post_reading_time":"0","post_reading_time_wpm":"300","post_calculate_word_method":"str_word_count","show_zoom_button":"0","zoom_button_out_step":"2","zoom_button_in_step":"3","show_post_tag":"1","show_prev_next_post":"1","show_popup_post":"1","number_popup_post":"1","show_post_related":"1","show_inline_post_related":"1"}],"image_override":[{"single_post_thumbnail_size":"crop-500","single_post_gallery_size":"crop-500"}],"trending_post_position":"meta","trending_post_label":"Trending","sponsored_post_label":"Sponsored by","disable_ad":"0"},"jnews_primary_category":[],"jnews_social_meta":[],"jnews_override_counter":{"view_counter_number":"0","share_counter_number":"0","like_counter_number":"0","dislike_counter_number":"0"},"footnotes":""},"categories":[12],"tags":[],"class_list":["post-28652","post","type-post","status-publish","format-standard","has-post-thumbnail","hentry","category-noticias-industria"],"acf":[],"yoast_head":"<!-- This site is optimized with the Yoast SEO plugin v27.2 - https:\/\/yoast.com\/product\/yoast-seo-wordpress\/ -->\n<title>ITI INFORMA AVANCES OPERATIVOS FRENTE A LA CONTINGENCIA POR CONGESTI\u00d3N - Revista Logistec<\/title>\n<meta name=\"robots\" content=\"index, follow, max-snippet:-1, max-image-preview:large, max-video-preview:-1\" \/>\n<link rel=\"canonical\" href=\"https:\/\/www.revistalogistec.com\/index.php\/2026\/01\/22\/iti-informa-avances-operativos-frente-a-la-contingencia-por-congestion\/\" \/>\n<meta property=\"og:locale\" content=\"es_ES\" \/>\n<meta property=\"og:type\" content=\"article\" \/>\n<meta property=\"og:title\" content=\"ITI INFORMA AVANCES OPERATIVOS FRENTE A LA CONTINGENCIA POR CONGESTI\u00d3N - Revista Logistec\" \/>\n<meta property=\"og:description\" content=\"Iquique Terminal Internacional (ITI) inform\u00f3 que las operaciones de despacho de carga se han mantenido sin interrupciones, asegurando la continuidad del servicio para los clientes y la cadena log\u00edstica, pese a la congesti\u00f3n que enfrenta actualmente el terminal.\" \/>\n<meta property=\"og:url\" content=\"https:\/\/www.revistalogistec.com\/index.php\/2026\/01\/22\/iti-informa-avances-operativos-frente-a-la-contingencia-por-congestion\/\" \/>\n<meta property=\"og:site_name\" content=\"Revista Logistec\" \/>\n<meta property=\"article:published_time\" content=\"2026-01-22T13:27:01+00:00\" \/>\n<meta property=\"og:image\" content=\"https:\/\/www.revistalogistec.com\/wp-content\/uploads\/2026\/01\/ITI-2026.jpg\" \/>\n\t<meta property=\"og:image:width\" content=\"1140\" \/>\n\t<meta property=\"og:image:height\" content=\"760\" \/>\n\t<meta property=\"og:image:type\" content=\"image\/jpeg\" \/>\n<meta name=\"author\" content=\"admin\" \/>\n<meta name=\"twitter:card\" content=\"summary_large_image\" \/>\n<meta name=\"twitter:label1\" content=\"Escrito por\" \/>\n\t<meta name=\"twitter:data1\" content=\"admin\" \/>\n\t<meta name=\"twitter:label2\" content=\"Tiempo de lectura\" \/>\n\t<meta name=\"twitter:data2\" content=\"2 minutos\" \/>\n<script type=\"application\/ld+json\" class=\"yoast-schema-graph\">{\"@context\":\"https:\/\/schema.org\",\"@graph\":[{\"@type\":\"Article\",\"@id\":\"https:\/\/www.revistalogistec.com\/index.php\/2026\/01\/22\/iti-informa-avances-operativos-frente-a-la-contingencia-por-congestion\/#article\",\"isPartOf\":{\"@id\":\"https:\/\/www.revistalogistec.com\/index.php\/2026\/01\/22\/iti-informa-avances-operativos-frente-a-la-contingencia-por-congestion\/\"},\"author\":{\"name\":\"admin\",\"@id\":\"https:\/\/www.revistalogistec.com\/#\/schema\/person\/b25cced65507282f3fc6eb806b1db4f0\"},\"headline\":\"ITI INFORMA AVANCES OPERATIVOS FRENTE A LA CONTINGENCIA POR CONGESTI\u00d3N\",\"datePublished\":\"2026-01-22T13:27:01+00:00\",\"mainEntityOfPage\":{\"@id\":\"https:\/\/www.revistalogistec.com\/index.php\/2026\/01\/22\/iti-informa-avances-operativos-frente-a-la-contingencia-por-congestion\/\"},\"wordCount\":301,\"image\":{\"@id\":\"https:\/\/www.revistalogistec.com\/index.php\/2026\/01\/22\/iti-informa-avances-operativos-frente-a-la-contingencia-por-congestion\/#primaryimage\"},\"thumbnailUrl\":\"https:\/\/www.revistalogistec.com\/wp-content\/uploads\/2026\/01\/ITI-2026.jpg\",\"articleSection\":[\"NOTICIAS INDUSTRIA\"],\"inLanguage\":\"es\"},{\"@type\":\"WebPage\",\"@id\":\"https:\/\/www.revistalogistec.com\/index.php\/2026\/01\/22\/iti-informa-avances-operativos-frente-a-la-contingencia-por-congestion\/\",\"url\":\"https:\/\/www.revistalogistec.com\/index.php\/2026\/01\/22\/iti-informa-avances-operativos-frente-a-la-contingencia-por-congestion\/\",\"name\":\"ITI INFORMA AVANCES OPERATIVOS FRENTE A LA CONTINGENCIA POR CONGESTI\u00d3N - Revista Logistec\",\"isPartOf\":{\"@id\":\"https:\/\/www.revistalogistec.com\/#website\"},\"primaryImageOfPage\":{\"@id\":\"https:\/\/www.revistalogistec.com\/index.php\/2026\/01\/22\/iti-informa-avances-operativos-frente-a-la-contingencia-por-congestion\/#primaryimage\"},\"image\":{\"@id\":\"https:\/\/www.revistalogistec.com\/index.php\/2026\/01\/22\/iti-informa-avances-operativos-frente-a-la-contingencia-por-congestion\/#primaryimage\"},\"thumbnailUrl\":\"https:\/\/www.revistalogistec.com\/wp-content\/uploads\/2026\/01\/ITI-2026.jpg\",\"datePublished\":\"2026-01-22T13:27:01+00:00\",\"author\":{\"@id\":\"https:\/\/www.revistalogistec.com\/#\/schema\/person\/b25cced65507282f3fc6eb806b1db4f0\"},\"breadcrumb\":{\"@id\":\"https:\/\/www.revistalogistec.com\/index.php\/2026\/01\/22\/iti-informa-avances-operativos-frente-a-la-contingencia-por-congestion\/#breadcrumb\"},\"inLanguage\":\"es\",\"potentialAction\":[{\"@type\":\"ReadAction\",\"target\":[\"https:\/\/www.revistalogistec.com\/index.php\/2026\/01\/22\/iti-informa-avances-operativos-frente-a-la-contingencia-por-congestion\/\"]}]},{\"@type\":\"ImageObject\",\"inLanguage\":\"es\",\"@id\":\"https:\/\/www.revistalogistec.com\/index.php\/2026\/01\/22\/iti-informa-avances-operativos-frente-a-la-contingencia-por-congestion\/#primaryimage\",\"url\":\"https:\/\/www.revistalogistec.com\/wp-content\/uploads\/2026\/01\/ITI-2026.jpg\",\"contentUrl\":\"https:\/\/www.revistalogistec.com\/wp-content\/uploads\/2026\/01\/ITI-2026.jpg\",\"width\":1140,\"height\":760},{\"@type\":\"BreadcrumbList\",\"@id\":\"https:\/\/www.revistalogistec.com\/index.php\/2026\/01\/22\/iti-informa-avances-operativos-frente-a-la-contingencia-por-congestion\/#breadcrumb\",\"itemListElement\":[{\"@type\":\"ListItem\",\"position\":1,\"name\":\"Portada\",\"item\":\"https:\/\/www.revistalogistec.com\/\"},{\"@type\":\"ListItem\",\"position\":2,\"name\":\"ITI INFORMA AVANCES OPERATIVOS FRENTE A LA CONTINGENCIA POR CONGESTI\u00d3N\"}]},{\"@type\":\"WebSite\",\"@id\":\"https:\/\/www.revistalogistec.com\/#website\",\"url\":\"https:\/\/www.revistalogistec.com\/\",\"name\":\"Revista Logistec\",\"description\":\"\",\"potentialAction\":[{\"@type\":\"SearchAction\",\"target\":{\"@type\":\"EntryPoint\",\"urlTemplate\":\"https:\/\/www.revistalogistec.com\/?s={search_term_string}\"},\"query-input\":{\"@type\":\"PropertyValueSpecification\",\"valueRequired\":true,\"valueName\":\"search_term_string\"}}],\"inLanguage\":\"es\"},{\"@type\":\"Person\",\"@id\":\"https:\/\/www.revistalogistec.com\/#\/schema\/person\/b25cced65507282f3fc6eb806b1db4f0\",\"name\":\"admin\",\"image\":{\"@type\":\"ImageObject\",\"inLanguage\":\"es\",\"@id\":\"https:\/\/secure.gravatar.com\/avatar\/94631f712dee24b50f2f12a7caf62df22b2c346945fcff655ce85b674bebf6fd?s=96&d=mm&r=g\",\"url\":\"https:\/\/secure.gravatar.com\/avatar\/94631f712dee24b50f2f12a7caf62df22b2c346945fcff655ce85b674bebf6fd?s=96&d=mm&r=g\",\"contentUrl\":\"https:\/\/secure.gravatar.com\/avatar\/94631f712dee24b50f2f12a7caf62df22b2c346945fcff655ce85b674bebf6fd?s=96&d=mm&r=g\",\"caption\":\"admin\"},\"sameAs\":[\"https:\/\/www.revistalogistec.com\"],\"url\":\"https:\/\/www.revistalogistec.com\/index.php\/author\/admin_revlog\/\"}]}<\/script>\n<!-- \/ Yoast SEO plugin. -->","yoast_head_json":{"title":"ITI INFORMA AVANCES OPERATIVOS FRENTE A LA CONTINGENCIA POR CONGESTI\u00d3N - Revista Logistec","robots":{"index":"index","follow":"follow","max-snippet":"max-snippet:-1","max-image-preview":"max-image-preview:large","max-video-preview":"max-video-preview:-1"},"canonical":"https:\/\/www.revistalogistec.com\/index.php\/2026\/01\/22\/iti-informa-avances-operativos-frente-a-la-contingencia-por-congestion\/","og_locale":"es_ES","og_type":"article","og_title":"ITI INFORMA AVANCES OPERATIVOS FRENTE A LA CONTINGENCIA POR CONGESTI\u00d3N - Revista Logistec","og_description":"Iquique Terminal Internacional (ITI) inform\u00f3 que las operaciones de despacho de carga se han mantenido sin interrupciones, asegurando la continuidad del servicio para los clientes y la cadena log\u00edstica, pese a la congesti\u00f3n que enfrenta actualmente el terminal.","og_url":"https:\/\/www.revistalogistec.com\/index.php\/2026\/01\/22\/iti-informa-avances-operativos-frente-a-la-contingencia-por-congestion\/","og_site_name":"Revista Logistec","article_published_time":"2026-01-22T13:27:01+00:00","og_image":[{"width":1140,"height":760,"url":"https:\/\/www.revistalogistec.com\/wp-content\/uploads\/2026\/01\/ITI-2026.jpg","type":"image\/jpeg"}],"author":"admin","twitter_card":"summary_large_image","twitter_misc":{"Escrito por":"admin","Tiempo de lectura":"2 minutos"},"schema":{"@context":"https:\/\/schema.org","@graph":[{"@type":"Article","@id":"https:\/\/www.revistalogistec.com\/index.php\/2026\/01\/22\/iti-informa-avances-operativos-frente-a-la-contingencia-por-congestion\/#article","isPartOf":{"@id":"https:\/\/www.revistalogistec.com\/index.php\/2026\/01\/22\/iti-informa-avances-operativos-frente-a-la-contingencia-por-congestion\/"},"author":{"name":"admin","@id":"https:\/\/www.revistalogistec.com\/#\/schema\/person\/b25cced65507282f3fc6eb806b1db4f0"},"headline":"ITI INFORMA AVANCES OPERATIVOS FRENTE A LA CONTINGENCIA POR CONGESTI\u00d3N","datePublished":"2026-01-22T13:27:01+00:00","mainEntityOfPage":{"@id":"https:\/\/www.revistalogistec.com\/index.php\/2026\/01\/22\/iti-informa-avances-operativos-frente-a-la-contingencia-por-congestion\/"},"wordCount":301,"image":{"@id":"https:\/\/www.revistalogistec.com\/index.php\/2026\/01\/22\/iti-informa-avances-operativos-frente-a-la-contingencia-por-congestion\/#primaryimage"},"thumbnailUrl":"https:\/\/www.revistalogistec.com\/wp-content\/uploads\/2026\/01\/ITI-2026.jpg","articleSection":["NOTICIAS INDUSTRIA"],"inLanguage":"es"},{"@type":"WebPage","@id":"https:\/\/www.revistalogistec.com\/index.php\/2026\/01\/22\/iti-informa-avances-operativos-frente-a-la-contingencia-por-congestion\/","url":"https:\/\/www.revistalogistec.com\/index.php\/2026\/01\/22\/iti-informa-avances-operativos-frente-a-la-contingencia-por-congestion\/","name":"ITI INFORMA AVANCES OPERATIVOS FRENTE A LA CONTINGENCIA POR CONGESTI\u00d3N - Revista Logistec","isPartOf":{"@id":"https:\/\/www.revistalogistec.com\/#website"},"primaryImageOfPage":{"@id":"https:\/\/www.revistalogistec.com\/index.php\/2026\/01\/22\/iti-informa-avances-operativos-frente-a-la-contingencia-por-congestion\/#primaryimage"},"image":{"@id":"https:\/\/www.revistalogistec.com\/index.php\/2026\/01\/22\/iti-informa-avances-operativos-frente-a-la-contingencia-por-congestion\/#primaryimage"},"thumbnailUrl":"https:\/\/www.revistalogistec.com\/wp-content\/uploads\/2026\/01\/ITI-2026.jpg","datePublished":"2026-01-22T13:27:01+00:00","author":{"@id":"https:\/\/www.revistalogistec.com\/#\/schema\/person\/b25cced65507282f3fc6eb806b1db4f0"},"breadcrumb":{"@id":"https:\/\/www.revistalogistec.com\/index.php\/2026\/01\/22\/iti-informa-avances-operativos-frente-a-la-contingencia-por-congestion\/#breadcrumb"},"inLanguage":"es","potentialAction":[{"@type":"ReadAction","target":["https:\/\/www.revistalogistec.com\/index.php\/2026\/01\/22\/iti-informa-avances-operativos-frente-a-la-contingencia-por-congestion\/"]}]},{"@type":"ImageObject","inLanguage":"es","@id":"https:\/\/www.revistalogistec.com\/index.php\/2026\/01\/22\/iti-informa-avances-operativos-frente-a-la-contingencia-por-congestion\/#primaryimage","url":"https:\/\/www.revistalogistec.com\/wp-content\/uploads\/2026\/01\/ITI-2026.jpg","contentUrl":"https:\/\/www.revistalogistec.com\/wp-content\/uploads\/2026\/01\/ITI-2026.jpg","width":1140,"height":760},{"@type":"BreadcrumbList","@id":"https:\/\/www.revistalogistec.com\/index.php\/2026\/01\/22\/iti-informa-avances-operativos-frente-a-la-contingencia-por-congestion\/#breadcrumb","itemListElement":[{"@type":"ListItem","position":1,"name":"Portada","item":"https:\/\/www.revistalogistec.com\/"},{"@type":"ListItem","position":2,"name":"ITI INFORMA AVANCES OPERATIVOS FRENTE A LA CONTINGENCIA POR CONGESTI\u00d3N"}]},{"@type":"WebSite","@id":"https:\/\/www.revistalogistec.com\/#website","url":"https:\/\/www.revistalogistec.com\/","name":"Revista Logistec","description":"","potentialAction":[{"@type":"SearchAction","target":{"@type":"EntryPoint","urlTemplate":"https:\/\/www.revistalogistec.com\/?s={search_term_string}"},"query-input":{"@type":"PropertyValueSpecification","valueRequired":true,"valueName":"search_term_string"}}],"inLanguage":"es"},{"@type":"Person","@id":"https:\/\/www.revistalogistec.com\/#\/schema\/person\/b25cced65507282f3fc6eb806b1db4f0","name":"admin","image":{"@type":"ImageObject","inLanguage":"es","@id":"https:\/\/secure.gravatar.com\/avatar\/94631f712dee24b50f2f12a7caf62df22b2c346945fcff655ce85b674bebf6fd?s=96&d=mm&r=g","url":"https:\/\/secure.gravatar.com\/avatar\/94631f712dee24b50f2f12a7caf62df22b2c346945fcff655ce85b674bebf6fd?s=96&d=mm&r=g","contentUrl":"https:\/\/secure.gravatar.com\/avatar\/94631f712dee24b50f2f12a7caf62df22b2c346945fcff655ce85b674bebf6fd?s=96&d=mm&r=g","caption":"admin"},"sameAs":["https:\/\/www.revistalogistec.com"],"url":"https:\/\/www.revistalogistec.com\/index.php\/author\/admin_revlog\/"}]}},"_links":{"self":[{"href":"https:\/\/www.revistalogistec.com\/index.php\/wp-json\/wp\/v2\/posts\/28652","targetHints":{"allow":["GET"]}}],"collection":[{"href":"https:\/\/www.revistalogistec.com\/index.php\/wp-json\/wp\/v2\/posts"}],"about":[{"href":"https:\/\/www.revistalogistec.com\/index.php\/wp-json\/wp\/v2\/types\/post"}],"author":[{"embeddable":true,"href":"https:\/\/www.revistalogistec.com\/index.php\/wp-json\/wp\/v2\/users\/1"}],"replies":[{"embeddable":true,"href":"https:\/\/www.revistalogistec.com\/index.php\/wp-json\/wp\/v2\/comments?post=28652"}],"version-history":[{"count":1,"href":"https:\/\/www.revistalogistec.com\/index.php\/wp-json\/wp\/v2\/posts\/28652\/revisions"}],"predecessor-version":[{"id":28654,"href":"https:\/\/www.revistalogistec.com\/index.php\/wp-json\/wp\/v2\/posts\/28652\/revisions\/28654"}],"wp:featuredmedia":[{"embeddable":true,"href":"https:\/\/www.revistalogistec.com\/index.php\/wp-json\/wp\/v2\/media\/28653"}],"wp:attachment":[{"href":"https:\/\/www.revistalogistec.com\/index.php\/wp-json\/wp\/v2\/media?parent=28652"}],"wp:term":[{"taxonomy":"category","embeddable":true,"href":"https:\/\/www.revistalogistec.com\/index.php\/wp-json\/wp\/v2\/categories?post=28652"},{"taxonomy":"post_tag","embeddable":true,"href":"https:\/\/www.revistalogistec.com\/index.php\/wp-json\/wp\/v2\/tags?post=28652"}],"curies":[{"name":"wp","href":"https:\/\/api.w.org\/{rel}","templated":true}]}}