{"id":28655,"date":"2026-01-22T09:30:09","date_gmt":"2026-01-22T13:30:09","guid":{"rendered":"https:\/\/www.revistalogistec.com\/?p=28655"},"modified":"2026-01-22T09:30:09","modified_gmt":"2026-01-22T13:30:09","slug":"jose-arnaud-coelho-asume-como-vicepresidente-de-merck-para-healthcare-en-america-latina","status":"publish","type":"post","link":"https:\/\/www.revistalogistec.com\/index.php\/2026\/01\/22\/jose-arnaud-coelho-asume-como-vicepresidente-de-merck-para-healthcare-en-america-latina\/","title":{"rendered":"JOS\u00c9 ARNAUD COELHO ASUME COMO VICEPRESIDENTE DE MERCK PARA HEALTHCARE EN AM\u00c9RICA LATINA"},"content":{"rendered":"<p style=\"text-align: justify;\">Merck, compa\u00f1\u00eda l\u00edder en ciencia y tecnolog\u00eda, anunci\u00f3 que desde el 1\u00b0 de enero Jos\u00e9 Arnaud Coelho es el nuevo vicepresidente de Merck Healthcare para Am\u00e9rica Latina. En esta nueva funci\u00f3n, Arnaud Coelho sucede a Rogier Janssens, quien contin\u00faa su trayectoria profesional liderando la divisi\u00f3n de Life Science de la compa\u00f1\u00eda en China.<!--more--><\/p>\n<p style=\"text-align: justify;\">Con m\u00e1s de 29 a\u00f1os de trayectoria en Merck, donde inici\u00f3 su carrera como representante de ventas, Jos\u00e9 Arnaud Coelho cuenta con una s\u00f3lida y diversa experiencia en distintos mercados de la regi\u00f3n. Desde abril de 2021 se desempe\u00f1aba como presidente de Merck Brasil y director general de Healthcare en ese pa\u00eds. Durante su gesti\u00f3n, el negocio brasile\u00f1o registr\u00f3 un crecimiento sostenido a tasas de dos d\u00edgitos, consolid\u00e1ndose como una de las operaciones m\u00e1s relevantes de la compa\u00f1\u00eda a nivel global.<\/p>\n<p style=\"text-align: justify;\">A lo largo de su carrera, Arnaud Coelho ocup\u00f3 posiciones de liderazgo en Am\u00e9rica Latina. En 2012 fue designado gerente general de Merck en Per\u00fa; en 2014 asumi\u00f3 la direcci\u00f3n general de Merck Argentina; y en 2019 lider\u00f3 la operaci\u00f3n en M\u00e9xico. Esta trayectoria le permiti\u00f3 adquirir un profundo conocimiento de los distintos mercados de la regi\u00f3n y de sus particularidades, as\u00ed como una visi\u00f3n integral del negocio de Healthcare.<\/p>\n<p style=\"text-align: justify;\">En su nuevo rol regional, Arnaud Coelho tiene como objetivo continuar impulsando el crecimiento de Am\u00e9rica Latina, actualmente una de las regiones de mayor dinamismo para Merck a nivel mundial. Entre sus prioridades se destacan el fortalecimiento del acceso a la salud con soluciones m\u00e1s innovadoras y de alta calidad para millones de personas, el desarrollo del talento regional con proyecci\u00f3n internacional y el trabajo colaborativo para responder a los desaf\u00edos sanitarios de la regi\u00f3n.<\/p>\n<p style=\"text-align: justify;\">Asimismo, Arnaud Coelho representar\u00e1 a Am\u00e9rica Latina en el grupo global de Sustentabilidad de la compa\u00f1\u00eda y continuar\u00e1 promoviendo iniciativas orientadas a ampliar el acceso a terapias innovadoras, reducir el impacto ambiental de las operaciones y fortalecer la estrategia de Global Health &amp; Health Equity (GH&amp;HE). En este marco, Am\u00e9rica Latina cumple un rol clave en la producci\u00f3n de medicamentos destinados al tratamiento de la esquistosomiasis, abasteciendo a pacientes de todo el mundo.<\/p>\n<p style=\"text-align: justify;\">Arnaud Coelho es brasile\u00f1o, licenciado en Administraci\u00f3n de Empresas por la Funda\u00e7\u00e3o Olindense de Ci\u00eancias Cont\u00e1beis (Brasil), posee un Executive MBA de la Funda\u00e7\u00e3o Get\u00falio Vargas y ha completado diversos programas de desarrollo ejecutivo en Am\u00e9rica Latina, Estados Unidos y Europa, incluyendo la Universidad Merck.<\/p>\n","protected":false},"excerpt":{"rendered":"<p>Merck, compa\u00f1\u00eda l\u00edder en ciencia y tecnolog\u00eda, anunci\u00f3 que desde el 1\u00b0 de enero Jos\u00e9 Arnaud Coelho es el nuevo vicepresidente de Merck Healthcare para Am\u00e9rica Latina. En esta nueva funci\u00f3n, Arnaud Coelho sucede a Rogier Janssens, quien contin\u00faa su trayectoria profesional liderando la divisi\u00f3n de Life Science de la compa\u00f1\u00eda en China.<\/p>\n","protected":false},"author":1,"featured_media":28656,"comment_status":"closed","ping_status":"closed","sticky":false,"template":"","format":"standard","meta":{"_acf_changed":false,"jnews-multi-image_gallery":[],"jnews_single_post":{"format":"standard","jnews_video_option_group":[[]],"override":[{"template":"1","parallax":"1","fullscreen":"1","layout":"right-sidebar","sidebar":"home-loop","second_sidebar":"default-sidebar","share_position":"top","share_float_style":"share-monocrhome","show_share_counter":"1","show_view_counter":"1","show_featured":"1","show_post_author_image":"1","show_post_date":"1","post_date_format":"default","post_date_format_custom":"Y\/m\/d","show_post_category":"1","show_post_reading_time":"0","post_reading_time_wpm":"300","post_calculate_word_method":"str_word_count","show_zoom_button":"0","zoom_button_out_step":"2","zoom_button_in_step":"3","show_post_tag":"1","show_prev_next_post":"1","show_popup_post":"1","number_popup_post":"1","show_post_related":"1","show_inline_post_related":"1"}],"image_override":[{"single_post_thumbnail_size":"crop-500","single_post_gallery_size":"crop-500"}],"trending_post_position":"meta","trending_post_label":"Trending","sponsored_post_label":"Sponsored by","disable_ad":"0","subtitle":"Ocupa el nuevo rol tras liderar con \u00e9xito el negocio de Merck en Brasil. El ejecutivo fue tambi\u00e9n director general del Grupo de Merck en Argentina."},"jnews_primary_category":[],"jnews_social_meta":[],"jnews_override_counter":{"view_counter_number":"0","share_counter_number":"0","like_counter_number":"0","dislike_counter_number":"0"},"footnotes":""},"categories":[20],"tags":[],"class_list":["post-28655","post","type-post","status-publish","format-standard","has-post-thumbnail","hentry","category-industria-en-movimiento-editorial-2"],"acf":[],"yoast_head":"<!-- This site is optimized with the Yoast SEO plugin v27.2 - https:\/\/yoast.com\/product\/yoast-seo-wordpress\/ -->\n<title>JOS\u00c9 ARNAUD COELHO ASUME COMO VICEPRESIDENTE DE MERCK PARA HEALTHCARE EN AM\u00c9RICA LATINA - Revista Logistec<\/title>\n<meta name=\"robots\" content=\"index, follow, max-snippet:-1, max-image-preview:large, max-video-preview:-1\" \/>\n<link rel=\"canonical\" href=\"https:\/\/www.revistalogistec.com\/index.php\/2026\/01\/22\/jose-arnaud-coelho-asume-como-vicepresidente-de-merck-para-healthcare-en-america-latina\/\" \/>\n<meta property=\"og:locale\" content=\"es_ES\" \/>\n<meta property=\"og:type\" content=\"article\" \/>\n<meta property=\"og:title\" content=\"JOS\u00c9 ARNAUD COELHO ASUME COMO VICEPRESIDENTE DE MERCK PARA HEALTHCARE EN AM\u00c9RICA LATINA - Revista Logistec\" \/>\n<meta property=\"og:description\" content=\"Merck, compa\u00f1\u00eda l\u00edder en ciencia y tecnolog\u00eda, anunci\u00f3 que desde el 1\u00b0 de enero Jos\u00e9 Arnaud Coelho es el nuevo vicepresidente de Merck Healthcare para Am\u00e9rica Latina. En esta nueva funci\u00f3n, Arnaud Coelho sucede a Rogier Janssens, quien contin\u00faa su trayectoria profesional liderando la divisi\u00f3n de Life Science de la compa\u00f1\u00eda en China.\" \/>\n<meta property=\"og:url\" content=\"https:\/\/www.revistalogistec.com\/index.php\/2026\/01\/22\/jose-arnaud-coelho-asume-como-vicepresidente-de-merck-para-healthcare-en-america-latina\/\" \/>\n<meta property=\"og:site_name\" content=\"Revista Logistec\" \/>\n<meta property=\"article:published_time\" content=\"2026-01-22T13:30:09+00:00\" \/>\n<meta property=\"og:image\" content=\"https:\/\/www.revistalogistec.com\/wp-content\/uploads\/2026\/01\/Jose-Arnaud-Coelho-VP-Merck-Healthcare-Latin-America-7038_1064x709px.jpg\" \/>\n\t<meta property=\"og:image:width\" content=\"1140\" \/>\n\t<meta property=\"og:image:height\" content=\"760\" \/>\n\t<meta property=\"og:image:type\" content=\"image\/jpeg\" \/>\n<meta name=\"author\" content=\"admin\" \/>\n<meta name=\"twitter:card\" content=\"summary_large_image\" \/>\n<meta name=\"twitter:label1\" content=\"Escrito por\" \/>\n\t<meta name=\"twitter:data1\" content=\"admin\" \/>\n\t<meta name=\"twitter:label2\" content=\"Tiempo de lectura\" \/>\n\t<meta name=\"twitter:data2\" content=\"3 minutos\" \/>\n<script type=\"application\/ld+json\" class=\"yoast-schema-graph\">{\"@context\":\"https:\/\/schema.org\",\"@graph\":[{\"@type\":\"Article\",\"@id\":\"https:\/\/www.revistalogistec.com\/index.php\/2026\/01\/22\/jose-arnaud-coelho-asume-como-vicepresidente-de-merck-para-healthcare-en-america-latina\/#article\",\"isPartOf\":{\"@id\":\"https:\/\/www.revistalogistec.com\/index.php\/2026\/01\/22\/jose-arnaud-coelho-asume-como-vicepresidente-de-merck-para-healthcare-en-america-latina\/\"},\"author\":{\"name\":\"admin\",\"@id\":\"https:\/\/www.revistalogistec.com\/#\/schema\/person\/b25cced65507282f3fc6eb806b1db4f0\"},\"headline\":\"JOS\u00c9 ARNAUD COELHO ASUME COMO VICEPRESIDENTE DE MERCK PARA HEALTHCARE EN AM\u00c9RICA LATINA\",\"datePublished\":\"2026-01-22T13:30:09+00:00\",\"mainEntityOfPage\":{\"@id\":\"https:\/\/www.revistalogistec.com\/index.php\/2026\/01\/22\/jose-arnaud-coelho-asume-como-vicepresidente-de-merck-para-healthcare-en-america-latina\/\"},\"wordCount\":450,\"image\":{\"@id\":\"https:\/\/www.revistalogistec.com\/index.php\/2026\/01\/22\/jose-arnaud-coelho-asume-como-vicepresidente-de-merck-para-healthcare-en-america-latina\/#primaryimage\"},\"thumbnailUrl\":\"https:\/\/www.revistalogistec.com\/wp-content\/uploads\/2026\/01\/Jose-Arnaud-Coelho-VP-Merck-Healthcare-Latin-America-7038_1064x709px.jpg\",\"articleSection\":[\"INDUSTRIA EN MOVIMIENTO\"],\"inLanguage\":\"es\"},{\"@type\":\"WebPage\",\"@id\":\"https:\/\/www.revistalogistec.com\/index.php\/2026\/01\/22\/jose-arnaud-coelho-asume-como-vicepresidente-de-merck-para-healthcare-en-america-latina\/\",\"url\":\"https:\/\/www.revistalogistec.com\/index.php\/2026\/01\/22\/jose-arnaud-coelho-asume-como-vicepresidente-de-merck-para-healthcare-en-america-latina\/\",\"name\":\"JOS\u00c9 ARNAUD COELHO ASUME COMO VICEPRESIDENTE DE MERCK PARA HEALTHCARE EN AM\u00c9RICA LATINA - Revista Logistec\",\"isPartOf\":{\"@id\":\"https:\/\/www.revistalogistec.com\/#website\"},\"primaryImageOfPage\":{\"@id\":\"https:\/\/www.revistalogistec.com\/index.php\/2026\/01\/22\/jose-arnaud-coelho-asume-como-vicepresidente-de-merck-para-healthcare-en-america-latina\/#primaryimage\"},\"image\":{\"@id\":\"https:\/\/www.revistalogistec.com\/index.php\/2026\/01\/22\/jose-arnaud-coelho-asume-como-vicepresidente-de-merck-para-healthcare-en-america-latina\/#primaryimage\"},\"thumbnailUrl\":\"https:\/\/www.revistalogistec.com\/wp-content\/uploads\/2026\/01\/Jose-Arnaud-Coelho-VP-Merck-Healthcare-Latin-America-7038_1064x709px.jpg\",\"datePublished\":\"2026-01-22T13:30:09+00:00\",\"author\":{\"@id\":\"https:\/\/www.revistalogistec.com\/#\/schema\/person\/b25cced65507282f3fc6eb806b1db4f0\"},\"breadcrumb\":{\"@id\":\"https:\/\/www.revistalogistec.com\/index.php\/2026\/01\/22\/jose-arnaud-coelho-asume-como-vicepresidente-de-merck-para-healthcare-en-america-latina\/#breadcrumb\"},\"inLanguage\":\"es\",\"potentialAction\":[{\"@type\":\"ReadAction\",\"target\":[\"https:\/\/www.revistalogistec.com\/index.php\/2026\/01\/22\/jose-arnaud-coelho-asume-como-vicepresidente-de-merck-para-healthcare-en-america-latina\/\"]}]},{\"@type\":\"ImageObject\",\"inLanguage\":\"es\",\"@id\":\"https:\/\/www.revistalogistec.com\/index.php\/2026\/01\/22\/jose-arnaud-coelho-asume-como-vicepresidente-de-merck-para-healthcare-en-america-latina\/#primaryimage\",\"url\":\"https:\/\/www.revistalogistec.com\/wp-content\/uploads\/2026\/01\/Jose-Arnaud-Coelho-VP-Merck-Healthcare-Latin-America-7038_1064x709px.jpg\",\"contentUrl\":\"https:\/\/www.revistalogistec.com\/wp-content\/uploads\/2026\/01\/Jose-Arnaud-Coelho-VP-Merck-Healthcare-Latin-America-7038_1064x709px.jpg\",\"width\":1140,\"height\":760},{\"@type\":\"BreadcrumbList\",\"@id\":\"https:\/\/www.revistalogistec.com\/index.php\/2026\/01\/22\/jose-arnaud-coelho-asume-como-vicepresidente-de-merck-para-healthcare-en-america-latina\/#breadcrumb\",\"itemListElement\":[{\"@type\":\"ListItem\",\"position\":1,\"name\":\"Portada\",\"item\":\"https:\/\/www.revistalogistec.com\/\"},{\"@type\":\"ListItem\",\"position\":2,\"name\":\"JOS\u00c9 ARNAUD COELHO ASUME COMO VICEPRESIDENTE DE MERCK PARA HEALTHCARE EN AM\u00c9RICA LATINA\"}]},{\"@type\":\"WebSite\",\"@id\":\"https:\/\/www.revistalogistec.com\/#website\",\"url\":\"https:\/\/www.revistalogistec.com\/\",\"name\":\"Revista Logistec\",\"description\":\"\",\"potentialAction\":[{\"@type\":\"SearchAction\",\"target\":{\"@type\":\"EntryPoint\",\"urlTemplate\":\"https:\/\/www.revistalogistec.com\/?s={search_term_string}\"},\"query-input\":{\"@type\":\"PropertyValueSpecification\",\"valueRequired\":true,\"valueName\":\"search_term_string\"}}],\"inLanguage\":\"es\"},{\"@type\":\"Person\",\"@id\":\"https:\/\/www.revistalogistec.com\/#\/schema\/person\/b25cced65507282f3fc6eb806b1db4f0\",\"name\":\"admin\",\"image\":{\"@type\":\"ImageObject\",\"inLanguage\":\"es\",\"@id\":\"https:\/\/secure.gravatar.com\/avatar\/94631f712dee24b50f2f12a7caf62df22b2c346945fcff655ce85b674bebf6fd?s=96&d=mm&r=g\",\"url\":\"https:\/\/secure.gravatar.com\/avatar\/94631f712dee24b50f2f12a7caf62df22b2c346945fcff655ce85b674bebf6fd?s=96&d=mm&r=g\",\"contentUrl\":\"https:\/\/secure.gravatar.com\/avatar\/94631f712dee24b50f2f12a7caf62df22b2c346945fcff655ce85b674bebf6fd?s=96&d=mm&r=g\",\"caption\":\"admin\"},\"sameAs\":[\"https:\/\/www.revistalogistec.com\"],\"url\":\"https:\/\/www.revistalogistec.com\/index.php\/author\/admin_revlog\/\"}]}<\/script>\n<!-- \/ Yoast SEO plugin. -->","yoast_head_json":{"title":"JOS\u00c9 ARNAUD COELHO ASUME COMO VICEPRESIDENTE DE MERCK PARA HEALTHCARE EN AM\u00c9RICA LATINA - Revista Logistec","robots":{"index":"index","follow":"follow","max-snippet":"max-snippet:-1","max-image-preview":"max-image-preview:large","max-video-preview":"max-video-preview:-1"},"canonical":"https:\/\/www.revistalogistec.com\/index.php\/2026\/01\/22\/jose-arnaud-coelho-asume-como-vicepresidente-de-merck-para-healthcare-en-america-latina\/","og_locale":"es_ES","og_type":"article","og_title":"JOS\u00c9 ARNAUD COELHO ASUME COMO VICEPRESIDENTE DE MERCK PARA HEALTHCARE EN AM\u00c9RICA LATINA - Revista Logistec","og_description":"Merck, compa\u00f1\u00eda l\u00edder en ciencia y tecnolog\u00eda, anunci\u00f3 que desde el 1\u00b0 de enero Jos\u00e9 Arnaud Coelho es el nuevo vicepresidente de Merck Healthcare para Am\u00e9rica Latina. En esta nueva funci\u00f3n, Arnaud Coelho sucede a Rogier Janssens, quien contin\u00faa su trayectoria profesional liderando la divisi\u00f3n de Life Science de la compa\u00f1\u00eda en China.","og_url":"https:\/\/www.revistalogistec.com\/index.php\/2026\/01\/22\/jose-arnaud-coelho-asume-como-vicepresidente-de-merck-para-healthcare-en-america-latina\/","og_site_name":"Revista Logistec","article_published_time":"2026-01-22T13:30:09+00:00","og_image":[{"width":1140,"height":760,"url":"https:\/\/www.revistalogistec.com\/wp-content\/uploads\/2026\/01\/Jose-Arnaud-Coelho-VP-Merck-Healthcare-Latin-America-7038_1064x709px.jpg","type":"image\/jpeg"}],"author":"admin","twitter_card":"summary_large_image","twitter_misc":{"Escrito por":"admin","Tiempo de lectura":"3 minutos"},"schema":{"@context":"https:\/\/schema.org","@graph":[{"@type":"Article","@id":"https:\/\/www.revistalogistec.com\/index.php\/2026\/01\/22\/jose-arnaud-coelho-asume-como-vicepresidente-de-merck-para-healthcare-en-america-latina\/#article","isPartOf":{"@id":"https:\/\/www.revistalogistec.com\/index.php\/2026\/01\/22\/jose-arnaud-coelho-asume-como-vicepresidente-de-merck-para-healthcare-en-america-latina\/"},"author":{"name":"admin","@id":"https:\/\/www.revistalogistec.com\/#\/schema\/person\/b25cced65507282f3fc6eb806b1db4f0"},"headline":"JOS\u00c9 ARNAUD COELHO ASUME COMO VICEPRESIDENTE DE MERCK PARA HEALTHCARE EN AM\u00c9RICA LATINA","datePublished":"2026-01-22T13:30:09+00:00","mainEntityOfPage":{"@id":"https:\/\/www.revistalogistec.com\/index.php\/2026\/01\/22\/jose-arnaud-coelho-asume-como-vicepresidente-de-merck-para-healthcare-en-america-latina\/"},"wordCount":450,"image":{"@id":"https:\/\/www.revistalogistec.com\/index.php\/2026\/01\/22\/jose-arnaud-coelho-asume-como-vicepresidente-de-merck-para-healthcare-en-america-latina\/#primaryimage"},"thumbnailUrl":"https:\/\/www.revistalogistec.com\/wp-content\/uploads\/2026\/01\/Jose-Arnaud-Coelho-VP-Merck-Healthcare-Latin-America-7038_1064x709px.jpg","articleSection":["INDUSTRIA EN MOVIMIENTO"],"inLanguage":"es"},{"@type":"WebPage","@id":"https:\/\/www.revistalogistec.com\/index.php\/2026\/01\/22\/jose-arnaud-coelho-asume-como-vicepresidente-de-merck-para-healthcare-en-america-latina\/","url":"https:\/\/www.revistalogistec.com\/index.php\/2026\/01\/22\/jose-arnaud-coelho-asume-como-vicepresidente-de-merck-para-healthcare-en-america-latina\/","name":"JOS\u00c9 ARNAUD COELHO ASUME COMO VICEPRESIDENTE DE MERCK PARA HEALTHCARE EN AM\u00c9RICA LATINA - Revista Logistec","isPartOf":{"@id":"https:\/\/www.revistalogistec.com\/#website"},"primaryImageOfPage":{"@id":"https:\/\/www.revistalogistec.com\/index.php\/2026\/01\/22\/jose-arnaud-coelho-asume-como-vicepresidente-de-merck-para-healthcare-en-america-latina\/#primaryimage"},"image":{"@id":"https:\/\/www.revistalogistec.com\/index.php\/2026\/01\/22\/jose-arnaud-coelho-asume-como-vicepresidente-de-merck-para-healthcare-en-america-latina\/#primaryimage"},"thumbnailUrl":"https:\/\/www.revistalogistec.com\/wp-content\/uploads\/2026\/01\/Jose-Arnaud-Coelho-VP-Merck-Healthcare-Latin-America-7038_1064x709px.jpg","datePublished":"2026-01-22T13:30:09+00:00","author":{"@id":"https:\/\/www.revistalogistec.com\/#\/schema\/person\/b25cced65507282f3fc6eb806b1db4f0"},"breadcrumb":{"@id":"https:\/\/www.revistalogistec.com\/index.php\/2026\/01\/22\/jose-arnaud-coelho-asume-como-vicepresidente-de-merck-para-healthcare-en-america-latina\/#breadcrumb"},"inLanguage":"es","potentialAction":[{"@type":"ReadAction","target":["https:\/\/www.revistalogistec.com\/index.php\/2026\/01\/22\/jose-arnaud-coelho-asume-como-vicepresidente-de-merck-para-healthcare-en-america-latina\/"]}]},{"@type":"ImageObject","inLanguage":"es","@id":"https:\/\/www.revistalogistec.com\/index.php\/2026\/01\/22\/jose-arnaud-coelho-asume-como-vicepresidente-de-merck-para-healthcare-en-america-latina\/#primaryimage","url":"https:\/\/www.revistalogistec.com\/wp-content\/uploads\/2026\/01\/Jose-Arnaud-Coelho-VP-Merck-Healthcare-Latin-America-7038_1064x709px.jpg","contentUrl":"https:\/\/www.revistalogistec.com\/wp-content\/uploads\/2026\/01\/Jose-Arnaud-Coelho-VP-Merck-Healthcare-Latin-America-7038_1064x709px.jpg","width":1140,"height":760},{"@type":"BreadcrumbList","@id":"https:\/\/www.revistalogistec.com\/index.php\/2026\/01\/22\/jose-arnaud-coelho-asume-como-vicepresidente-de-merck-para-healthcare-en-america-latina\/#breadcrumb","itemListElement":[{"@type":"ListItem","position":1,"name":"Portada","item":"https:\/\/www.revistalogistec.com\/"},{"@type":"ListItem","position":2,"name":"JOS\u00c9 ARNAUD COELHO ASUME COMO VICEPRESIDENTE DE MERCK PARA HEALTHCARE EN AM\u00c9RICA LATINA"}]},{"@type":"WebSite","@id":"https:\/\/www.revistalogistec.com\/#website","url":"https:\/\/www.revistalogistec.com\/","name":"Revista Logistec","description":"","potentialAction":[{"@type":"SearchAction","target":{"@type":"EntryPoint","urlTemplate":"https:\/\/www.revistalogistec.com\/?s={search_term_string}"},"query-input":{"@type":"PropertyValueSpecification","valueRequired":true,"valueName":"search_term_string"}}],"inLanguage":"es"},{"@type":"Person","@id":"https:\/\/www.revistalogistec.com\/#\/schema\/person\/b25cced65507282f3fc6eb806b1db4f0","name":"admin","image":{"@type":"ImageObject","inLanguage":"es","@id":"https:\/\/secure.gravatar.com\/avatar\/94631f712dee24b50f2f12a7caf62df22b2c346945fcff655ce85b674bebf6fd?s=96&d=mm&r=g","url":"https:\/\/secure.gravatar.com\/avatar\/94631f712dee24b50f2f12a7caf62df22b2c346945fcff655ce85b674bebf6fd?s=96&d=mm&r=g","contentUrl":"https:\/\/secure.gravatar.com\/avatar\/94631f712dee24b50f2f12a7caf62df22b2c346945fcff655ce85b674bebf6fd?s=96&d=mm&r=g","caption":"admin"},"sameAs":["https:\/\/www.revistalogistec.com"],"url":"https:\/\/www.revistalogistec.com\/index.php\/author\/admin_revlog\/"}]}},"_links":{"self":[{"href":"https:\/\/www.revistalogistec.com\/index.php\/wp-json\/wp\/v2\/posts\/28655","targetHints":{"allow":["GET"]}}],"collection":[{"href":"https:\/\/www.revistalogistec.com\/index.php\/wp-json\/wp\/v2\/posts"}],"about":[{"href":"https:\/\/www.revistalogistec.com\/index.php\/wp-json\/wp\/v2\/types\/post"}],"author":[{"embeddable":true,"href":"https:\/\/www.revistalogistec.com\/index.php\/wp-json\/wp\/v2\/users\/1"}],"replies":[{"embeddable":true,"href":"https:\/\/www.revistalogistec.com\/index.php\/wp-json\/wp\/v2\/comments?post=28655"}],"version-history":[{"count":1,"href":"https:\/\/www.revistalogistec.com\/index.php\/wp-json\/wp\/v2\/posts\/28655\/revisions"}],"predecessor-version":[{"id":28657,"href":"https:\/\/www.revistalogistec.com\/index.php\/wp-json\/wp\/v2\/posts\/28655\/revisions\/28657"}],"wp:featuredmedia":[{"embeddable":true,"href":"https:\/\/www.revistalogistec.com\/index.php\/wp-json\/wp\/v2\/media\/28656"}],"wp:attachment":[{"href":"https:\/\/www.revistalogistec.com\/index.php\/wp-json\/wp\/v2\/media?parent=28655"}],"wp:term":[{"taxonomy":"category","embeddable":true,"href":"https:\/\/www.revistalogistec.com\/index.php\/wp-json\/wp\/v2\/categories?post=28655"},{"taxonomy":"post_tag","embeddable":true,"href":"https:\/\/www.revistalogistec.com\/index.php\/wp-json\/wp\/v2\/tags?post=28655"}],"curies":[{"name":"wp","href":"https:\/\/api.w.org\/{rel}","templated":true}]}}