{"id":28665,"date":"2026-01-22T09:44:10","date_gmt":"2026-01-22T13:44:10","guid":{"rendered":"https:\/\/www.revistalogistec.com\/?p=28665"},"modified":"2026-01-22T09:44:10","modified_gmt":"2026-01-22T13:44:10","slug":"vogt-apuesta-por-la-digitalizacion-de-sus-procesos-industriales-junto-a-entel-digital","status":"publish","type":"post","link":"https:\/\/www.revistalogistec.com\/index.php\/2026\/01\/22\/vogt-apuesta-por-la-digitalizacion-de-sus-procesos-industriales-junto-a-entel-digital\/","title":{"rendered":"VOGT APUESTA POR LA DIGITALIZACI\u00d3N DE SUS PROCESOS INDUSTRIALES JUNTO A ENTEL DIGITAL"},"content":{"rendered":"<p style=\"text-align: justify;\">La compa\u00f1\u00eda de impulsi\u00f3n de fluidos de alta tecnolog\u00eda, VOGT, inici\u00f3 un proceso de transformaci\u00f3n digital junto a Entel Digital, para modernizar sus procesos cr\u00edticos, integrando conectividad gestionada IoT y anal\u00edtica avanzada en sus soluciones industriales.<!--more--><\/p>\n<p style=\"text-align: justify;\">VOGT, empresa l\u00edder en dise\u00f1o, fabricaci\u00f3n e integraci\u00f3n de proyectos de fluidos de alta tecnolog\u00eda en sectores como la miner\u00eda, la construcci\u00f3n, la agricultura y la industria en general, eligi\u00f3 a Entel Digital como socio estrat\u00e9gico con el objetivo de fortalecer sus modelos operativos, avanzando hacia una mayor eficiencia, capacidad predictiva y sostenibilidad.<\/p>\n<p style=\"text-align: justify;\">El eje de la colaboraci\u00f3n se traduce en soluciones IoT que integran sensores, automatizaci\u00f3n y an\u00e1lisis de datos a trav\u00e9s de la conectividad gestionada de Entel Digital. \u201cEstamos digitalizando procesos que son muy importantes para el desarrollo del pa\u00eds. Nosotros tenemos la posibilidad de trabajar en conjunto para llevar informaci\u00f3n desde esos sistemas core hacia las plataformas de los clientes y VOGT demuestra dar un paso muy importante en impulsar el crecimiento de Chile\u201d, coment\u00f3 Nicol\u00e1s Goncalves, gerente comercial de Entel Digital.<\/p>\n<p style=\"text-align: justify;\">As\u00ed, el prop\u00f3sito de este proyecto es impulsar un modelo de conectividad inteligente que integra tecnolog\u00edas como 4G, 5G y Narrowband IoT, junto con un acompa\u00f1amiento t\u00e9cnico especializado para optimizar su uso. Ambas dimensiones habilitadas por Entel Digital normalizan, homologan y escalan las soluciones de conectividad a medida que el negocio crece, asegurando continuidad operativa, cobertura nacional y confiabilidad en la transmisi\u00f3n de datos, de acuerdo tambi\u00e9n a las necesidades de cada cliente.<\/p>\n<p style=\"text-align: justify;\">En ese sentido, esta alianza permite avanzar en la estrategia de digitalizaci\u00f3n de VOGT al integrar su experiencia industrial con las capacidades tecnol\u00f3gicas avanzadas de Entel Digital, habilitando soluciones que fortalecen la toma de decisiones operativas en activos cr\u00edticos. \u201cEstamos en la era digital y nuestras soluciones hoy en d\u00eda requieren la mejor tecnolog\u00eda para que nuestros clientes puedan realizar decisiones operativas con activos que son demasiado relevantes\u201d, agreg\u00f3 Eduardo Gonz\u00e1lez, gerente de la Divisi\u00f3n Miner\u00eda de VOGT.<\/p>\n<p style=\"text-align: justify;\">Bajo esa l\u00f3gica, la integraci\u00f3n tecnol\u00f3gica aplicada, articulada en conjunto a Entel Digital, permite \u201cgestionar el activo de forma inteligente y as\u00ed llegar finalmente a que nuestros clientes puedan obtener el beneficio de anticipar ciertos efectos y poder ser eficientes respecto del manejo de cada uno de ellos\u201d, agreg\u00f3 Gonz\u00e1lez.<\/p>\n<p style=\"text-align: justify;\">De esta manera, la alianza posiciona tambi\u00e9n a ambas compa\u00f1\u00edas como un aporte concreto al desarrollo y evoluci\u00f3n de la industria a gran escala, contribuyendo a la consolidaci\u00f3n de la Industria 4.0 en Chile y a la modernizaci\u00f3n tecnol\u00f3gica de sectores estrat\u00e9gicos del pa\u00eds.<\/p>\n","protected":false},"excerpt":{"rendered":"<p>La compa\u00f1\u00eda de impulsi\u00f3n de fluidos de alta tecnolog\u00eda, VOGT, inici\u00f3 un proceso de transformaci\u00f3n digital junto a Entel Digital, para modernizar sus procesos cr\u00edticos, integrando conectividad gestionada IoT y anal\u00edtica avanzada en sus soluciones industriales.<\/p>\n","protected":false},"author":1,"featured_media":28666,"comment_status":"closed","ping_status":"closed","sticky":false,"template":"","format":"gallery","meta":{"_acf_changed":false,"jnews-multi-image_gallery":[],"jnews_single_post":{"format":"gallery","jnews_video_option_group":[[]],"override":[{"template":"1","parallax":"1","fullscreen":"1","layout":"right-sidebar","sidebar":"home-loop","second_sidebar":"default-sidebar","share_position":"top","share_float_style":"share-monocrhome","show_share_counter":"1","show_view_counter":"1","show_featured":"1","show_post_author_image":"1","show_post_date":"1","post_date_format":"default","post_date_format_custom":"Y\/m\/d","show_post_category":"1","show_post_reading_time":"0","post_reading_time_wpm":"300","post_calculate_word_method":"str_word_count","show_zoom_button":"0","zoom_button_out_step":"2","zoom_button_in_step":"3","show_post_tag":"1","show_prev_next_post":"1","show_popup_post":"1","number_popup_post":"1","show_post_related":"1","show_inline_post_related":"1"}],"image_override":[{"single_post_thumbnail_size":"crop-500","single_post_gallery_size":"crop-500"}],"trending_post_position":"meta","trending_post_label":"Trending","sponsored_post_label":"Sponsored by","disable_ad":"0","gallery":"28666,28667","subtitle":""},"jnews_primary_category":[],"jnews_social_meta":[],"jnews_override_counter":{"view_counter_number":"0","share_counter_number":"0","like_counter_number":"0","dislike_counter_number":"0"},"footnotes":""},"categories":[12],"tags":[],"class_list":["post-28665","post","type-post","status-publish","format-gallery","has-post-thumbnail","hentry","category-noticias-industria","post_format-post-format-gallery"],"acf":[],"yoast_head":"<!-- This site is optimized with the Yoast SEO plugin v27.2 - https:\/\/yoast.com\/product\/yoast-seo-wordpress\/ -->\n<title>VOGT APUESTA POR LA DIGITALIZACI\u00d3N DE SUS PROCESOS INDUSTRIALES JUNTO A ENTEL DIGITAL - Revista Logistec<\/title>\n<meta name=\"robots\" content=\"index, follow, max-snippet:-1, max-image-preview:large, max-video-preview:-1\" \/>\n<link rel=\"canonical\" href=\"https:\/\/www.revistalogistec.com\/index.php\/2026\/01\/22\/vogt-apuesta-por-la-digitalizacion-de-sus-procesos-industriales-junto-a-entel-digital\/\" \/>\n<meta property=\"og:locale\" content=\"es_ES\" \/>\n<meta property=\"og:type\" content=\"article\" \/>\n<meta property=\"og:title\" content=\"VOGT APUESTA POR LA DIGITALIZACI\u00d3N DE SUS PROCESOS INDUSTRIALES JUNTO A ENTEL DIGITAL - Revista Logistec\" \/>\n<meta property=\"og:description\" content=\"La compa\u00f1\u00eda de impulsi\u00f3n de fluidos de alta tecnolog\u00eda, VOGT, inici\u00f3 un proceso de transformaci\u00f3n digital junto a Entel Digital, para modernizar sus procesos cr\u00edticos, integrando conectividad gestionada IoT y anal\u00edtica avanzada en sus soluciones industriales.\" \/>\n<meta property=\"og:url\" content=\"https:\/\/www.revistalogistec.com\/index.php\/2026\/01\/22\/vogt-apuesta-por-la-digitalizacion-de-sus-procesos-industriales-junto-a-entel-digital\/\" \/>\n<meta property=\"og:site_name\" content=\"Revista Logistec\" \/>\n<meta property=\"article:published_time\" content=\"2026-01-22T13:44:10+00:00\" \/>\n<meta property=\"og:image\" content=\"https:\/\/www.revistalogistec.com\/wp-content\/uploads\/2026\/01\/Vogt-1.jpg\" \/>\n\t<meta property=\"og:image:width\" content=\"1140\" \/>\n\t<meta property=\"og:image:height\" content=\"760\" \/>\n\t<meta property=\"og:image:type\" content=\"image\/jpeg\" \/>\n<meta name=\"author\" content=\"admin\" \/>\n<meta name=\"twitter:card\" content=\"summary_large_image\" \/>\n<meta name=\"twitter:label1\" content=\"Escrito por\" \/>\n\t<meta name=\"twitter:data1\" content=\"admin\" \/>\n\t<meta name=\"twitter:label2\" content=\"Tiempo de lectura\" \/>\n\t<meta name=\"twitter:data2\" content=\"3 minutos\" \/>\n<script type=\"application\/ld+json\" class=\"yoast-schema-graph\">{\"@context\":\"https:\/\/schema.org\",\"@graph\":[{\"@type\":\"Article\",\"@id\":\"https:\/\/www.revistalogistec.com\/index.php\/2026\/01\/22\/vogt-apuesta-por-la-digitalizacion-de-sus-procesos-industriales-junto-a-entel-digital\/#article\",\"isPartOf\":{\"@id\":\"https:\/\/www.revistalogistec.com\/index.php\/2026\/01\/22\/vogt-apuesta-por-la-digitalizacion-de-sus-procesos-industriales-junto-a-entel-digital\/\"},\"author\":{\"name\":\"admin\",\"@id\":\"https:\/\/www.revistalogistec.com\/#\/schema\/person\/b25cced65507282f3fc6eb806b1db4f0\"},\"headline\":\"VOGT APUESTA POR LA DIGITALIZACI\u00d3N DE SUS PROCESOS INDUSTRIALES JUNTO A ENTEL DIGITAL\",\"datePublished\":\"2026-01-22T13:44:10+00:00\",\"mainEntityOfPage\":{\"@id\":\"https:\/\/www.revistalogistec.com\/index.php\/2026\/01\/22\/vogt-apuesta-por-la-digitalizacion-de-sus-procesos-industriales-junto-a-entel-digital\/\"},\"wordCount\":476,\"image\":{\"@id\":\"https:\/\/www.revistalogistec.com\/index.php\/2026\/01\/22\/vogt-apuesta-por-la-digitalizacion-de-sus-procesos-industriales-junto-a-entel-digital\/#primaryimage\"},\"thumbnailUrl\":\"https:\/\/www.revistalogistec.com\/wp-content\/uploads\/2026\/01\/Vogt-1.jpg\",\"articleSection\":[\"NOTICIAS INDUSTRIA\"],\"inLanguage\":\"es\"},{\"@type\":\"WebPage\",\"@id\":\"https:\/\/www.revistalogistec.com\/index.php\/2026\/01\/22\/vogt-apuesta-por-la-digitalizacion-de-sus-procesos-industriales-junto-a-entel-digital\/\",\"url\":\"https:\/\/www.revistalogistec.com\/index.php\/2026\/01\/22\/vogt-apuesta-por-la-digitalizacion-de-sus-procesos-industriales-junto-a-entel-digital\/\",\"name\":\"VOGT APUESTA POR LA DIGITALIZACI\u00d3N DE SUS PROCESOS INDUSTRIALES JUNTO A ENTEL DIGITAL - Revista Logistec\",\"isPartOf\":{\"@id\":\"https:\/\/www.revistalogistec.com\/#website\"},\"primaryImageOfPage\":{\"@id\":\"https:\/\/www.revistalogistec.com\/index.php\/2026\/01\/22\/vogt-apuesta-por-la-digitalizacion-de-sus-procesos-industriales-junto-a-entel-digital\/#primaryimage\"},\"image\":{\"@id\":\"https:\/\/www.revistalogistec.com\/index.php\/2026\/01\/22\/vogt-apuesta-por-la-digitalizacion-de-sus-procesos-industriales-junto-a-entel-digital\/#primaryimage\"},\"thumbnailUrl\":\"https:\/\/www.revistalogistec.com\/wp-content\/uploads\/2026\/01\/Vogt-1.jpg\",\"datePublished\":\"2026-01-22T13:44:10+00:00\",\"author\":{\"@id\":\"https:\/\/www.revistalogistec.com\/#\/schema\/person\/b25cced65507282f3fc6eb806b1db4f0\"},\"breadcrumb\":{\"@id\":\"https:\/\/www.revistalogistec.com\/index.php\/2026\/01\/22\/vogt-apuesta-por-la-digitalizacion-de-sus-procesos-industriales-junto-a-entel-digital\/#breadcrumb\"},\"inLanguage\":\"es\",\"potentialAction\":[{\"@type\":\"ReadAction\",\"target\":[\"https:\/\/www.revistalogistec.com\/index.php\/2026\/01\/22\/vogt-apuesta-por-la-digitalizacion-de-sus-procesos-industriales-junto-a-entel-digital\/\"]}]},{\"@type\":\"ImageObject\",\"inLanguage\":\"es\",\"@id\":\"https:\/\/www.revistalogistec.com\/index.php\/2026\/01\/22\/vogt-apuesta-por-la-digitalizacion-de-sus-procesos-industriales-junto-a-entel-digital\/#primaryimage\",\"url\":\"https:\/\/www.revistalogistec.com\/wp-content\/uploads\/2026\/01\/Vogt-1.jpg\",\"contentUrl\":\"https:\/\/www.revistalogistec.com\/wp-content\/uploads\/2026\/01\/Vogt-1.jpg\",\"width\":1140,\"height\":760},{\"@type\":\"BreadcrumbList\",\"@id\":\"https:\/\/www.revistalogistec.com\/index.php\/2026\/01\/22\/vogt-apuesta-por-la-digitalizacion-de-sus-procesos-industriales-junto-a-entel-digital\/#breadcrumb\",\"itemListElement\":[{\"@type\":\"ListItem\",\"position\":1,\"name\":\"Portada\",\"item\":\"https:\/\/www.revistalogistec.com\/\"},{\"@type\":\"ListItem\",\"position\":2,\"name\":\"VOGT APUESTA POR LA DIGITALIZACI\u00d3N DE SUS PROCESOS INDUSTRIALES JUNTO A ENTEL DIGITAL\"}]},{\"@type\":\"WebSite\",\"@id\":\"https:\/\/www.revistalogistec.com\/#website\",\"url\":\"https:\/\/www.revistalogistec.com\/\",\"name\":\"Revista Logistec\",\"description\":\"\",\"potentialAction\":[{\"@type\":\"SearchAction\",\"target\":{\"@type\":\"EntryPoint\",\"urlTemplate\":\"https:\/\/www.revistalogistec.com\/?s={search_term_string}\"},\"query-input\":{\"@type\":\"PropertyValueSpecification\",\"valueRequired\":true,\"valueName\":\"search_term_string\"}}],\"inLanguage\":\"es\"},{\"@type\":\"Person\",\"@id\":\"https:\/\/www.revistalogistec.com\/#\/schema\/person\/b25cced65507282f3fc6eb806b1db4f0\",\"name\":\"admin\",\"image\":{\"@type\":\"ImageObject\",\"inLanguage\":\"es\",\"@id\":\"https:\/\/secure.gravatar.com\/avatar\/94631f712dee24b50f2f12a7caf62df22b2c346945fcff655ce85b674bebf6fd?s=96&d=mm&r=g\",\"url\":\"https:\/\/secure.gravatar.com\/avatar\/94631f712dee24b50f2f12a7caf62df22b2c346945fcff655ce85b674bebf6fd?s=96&d=mm&r=g\",\"contentUrl\":\"https:\/\/secure.gravatar.com\/avatar\/94631f712dee24b50f2f12a7caf62df22b2c346945fcff655ce85b674bebf6fd?s=96&d=mm&r=g\",\"caption\":\"admin\"},\"sameAs\":[\"https:\/\/www.revistalogistec.com\"],\"url\":\"https:\/\/www.revistalogistec.com\/index.php\/author\/admin_revlog\/\"}]}<\/script>\n<!-- \/ Yoast SEO plugin. -->","yoast_head_json":{"title":"VOGT APUESTA POR LA DIGITALIZACI\u00d3N DE SUS PROCESOS INDUSTRIALES JUNTO A ENTEL DIGITAL - Revista Logistec","robots":{"index":"index","follow":"follow","max-snippet":"max-snippet:-1","max-image-preview":"max-image-preview:large","max-video-preview":"max-video-preview:-1"},"canonical":"https:\/\/www.revistalogistec.com\/index.php\/2026\/01\/22\/vogt-apuesta-por-la-digitalizacion-de-sus-procesos-industriales-junto-a-entel-digital\/","og_locale":"es_ES","og_type":"article","og_title":"VOGT APUESTA POR LA DIGITALIZACI\u00d3N DE SUS PROCESOS INDUSTRIALES JUNTO A ENTEL DIGITAL - Revista Logistec","og_description":"La compa\u00f1\u00eda de impulsi\u00f3n de fluidos de alta tecnolog\u00eda, VOGT, inici\u00f3 un proceso de transformaci\u00f3n digital junto a Entel Digital, para modernizar sus procesos cr\u00edticos, integrando conectividad gestionada IoT y anal\u00edtica avanzada en sus soluciones industriales.","og_url":"https:\/\/www.revistalogistec.com\/index.php\/2026\/01\/22\/vogt-apuesta-por-la-digitalizacion-de-sus-procesos-industriales-junto-a-entel-digital\/","og_site_name":"Revista Logistec","article_published_time":"2026-01-22T13:44:10+00:00","og_image":[{"width":1140,"height":760,"url":"https:\/\/www.revistalogistec.com\/wp-content\/uploads\/2026\/01\/Vogt-1.jpg","type":"image\/jpeg"}],"author":"admin","twitter_card":"summary_large_image","twitter_misc":{"Escrito por":"admin","Tiempo de lectura":"3 minutos"},"schema":{"@context":"https:\/\/schema.org","@graph":[{"@type":"Article","@id":"https:\/\/www.revistalogistec.com\/index.php\/2026\/01\/22\/vogt-apuesta-por-la-digitalizacion-de-sus-procesos-industriales-junto-a-entel-digital\/#article","isPartOf":{"@id":"https:\/\/www.revistalogistec.com\/index.php\/2026\/01\/22\/vogt-apuesta-por-la-digitalizacion-de-sus-procesos-industriales-junto-a-entel-digital\/"},"author":{"name":"admin","@id":"https:\/\/www.revistalogistec.com\/#\/schema\/person\/b25cced65507282f3fc6eb806b1db4f0"},"headline":"VOGT APUESTA POR LA DIGITALIZACI\u00d3N DE SUS PROCESOS INDUSTRIALES JUNTO A ENTEL DIGITAL","datePublished":"2026-01-22T13:44:10+00:00","mainEntityOfPage":{"@id":"https:\/\/www.revistalogistec.com\/index.php\/2026\/01\/22\/vogt-apuesta-por-la-digitalizacion-de-sus-procesos-industriales-junto-a-entel-digital\/"},"wordCount":476,"image":{"@id":"https:\/\/www.revistalogistec.com\/index.php\/2026\/01\/22\/vogt-apuesta-por-la-digitalizacion-de-sus-procesos-industriales-junto-a-entel-digital\/#primaryimage"},"thumbnailUrl":"https:\/\/www.revistalogistec.com\/wp-content\/uploads\/2026\/01\/Vogt-1.jpg","articleSection":["NOTICIAS INDUSTRIA"],"inLanguage":"es"},{"@type":"WebPage","@id":"https:\/\/www.revistalogistec.com\/index.php\/2026\/01\/22\/vogt-apuesta-por-la-digitalizacion-de-sus-procesos-industriales-junto-a-entel-digital\/","url":"https:\/\/www.revistalogistec.com\/index.php\/2026\/01\/22\/vogt-apuesta-por-la-digitalizacion-de-sus-procesos-industriales-junto-a-entel-digital\/","name":"VOGT APUESTA POR LA DIGITALIZACI\u00d3N DE SUS PROCESOS INDUSTRIALES JUNTO A ENTEL DIGITAL - Revista Logistec","isPartOf":{"@id":"https:\/\/www.revistalogistec.com\/#website"},"primaryImageOfPage":{"@id":"https:\/\/www.revistalogistec.com\/index.php\/2026\/01\/22\/vogt-apuesta-por-la-digitalizacion-de-sus-procesos-industriales-junto-a-entel-digital\/#primaryimage"},"image":{"@id":"https:\/\/www.revistalogistec.com\/index.php\/2026\/01\/22\/vogt-apuesta-por-la-digitalizacion-de-sus-procesos-industriales-junto-a-entel-digital\/#primaryimage"},"thumbnailUrl":"https:\/\/www.revistalogistec.com\/wp-content\/uploads\/2026\/01\/Vogt-1.jpg","datePublished":"2026-01-22T13:44:10+00:00","author":{"@id":"https:\/\/www.revistalogistec.com\/#\/schema\/person\/b25cced65507282f3fc6eb806b1db4f0"},"breadcrumb":{"@id":"https:\/\/www.revistalogistec.com\/index.php\/2026\/01\/22\/vogt-apuesta-por-la-digitalizacion-de-sus-procesos-industriales-junto-a-entel-digital\/#breadcrumb"},"inLanguage":"es","potentialAction":[{"@type":"ReadAction","target":["https:\/\/www.revistalogistec.com\/index.php\/2026\/01\/22\/vogt-apuesta-por-la-digitalizacion-de-sus-procesos-industriales-junto-a-entel-digital\/"]}]},{"@type":"ImageObject","inLanguage":"es","@id":"https:\/\/www.revistalogistec.com\/index.php\/2026\/01\/22\/vogt-apuesta-por-la-digitalizacion-de-sus-procesos-industriales-junto-a-entel-digital\/#primaryimage","url":"https:\/\/www.revistalogistec.com\/wp-content\/uploads\/2026\/01\/Vogt-1.jpg","contentUrl":"https:\/\/www.revistalogistec.com\/wp-content\/uploads\/2026\/01\/Vogt-1.jpg","width":1140,"height":760},{"@type":"BreadcrumbList","@id":"https:\/\/www.revistalogistec.com\/index.php\/2026\/01\/22\/vogt-apuesta-por-la-digitalizacion-de-sus-procesos-industriales-junto-a-entel-digital\/#breadcrumb","itemListElement":[{"@type":"ListItem","position":1,"name":"Portada","item":"https:\/\/www.revistalogistec.com\/"},{"@type":"ListItem","position":2,"name":"VOGT APUESTA POR LA DIGITALIZACI\u00d3N DE SUS PROCESOS INDUSTRIALES JUNTO A ENTEL DIGITAL"}]},{"@type":"WebSite","@id":"https:\/\/www.revistalogistec.com\/#website","url":"https:\/\/www.revistalogistec.com\/","name":"Revista Logistec","description":"","potentialAction":[{"@type":"SearchAction","target":{"@type":"EntryPoint","urlTemplate":"https:\/\/www.revistalogistec.com\/?s={search_term_string}"},"query-input":{"@type":"PropertyValueSpecification","valueRequired":true,"valueName":"search_term_string"}}],"inLanguage":"es"},{"@type":"Person","@id":"https:\/\/www.revistalogistec.com\/#\/schema\/person\/b25cced65507282f3fc6eb806b1db4f0","name":"admin","image":{"@type":"ImageObject","inLanguage":"es","@id":"https:\/\/secure.gravatar.com\/avatar\/94631f712dee24b50f2f12a7caf62df22b2c346945fcff655ce85b674bebf6fd?s=96&d=mm&r=g","url":"https:\/\/secure.gravatar.com\/avatar\/94631f712dee24b50f2f12a7caf62df22b2c346945fcff655ce85b674bebf6fd?s=96&d=mm&r=g","contentUrl":"https:\/\/secure.gravatar.com\/avatar\/94631f712dee24b50f2f12a7caf62df22b2c346945fcff655ce85b674bebf6fd?s=96&d=mm&r=g","caption":"admin"},"sameAs":["https:\/\/www.revistalogistec.com"],"url":"https:\/\/www.revistalogistec.com\/index.php\/author\/admin_revlog\/"}]}},"_links":{"self":[{"href":"https:\/\/www.revistalogistec.com\/index.php\/wp-json\/wp\/v2\/posts\/28665","targetHints":{"allow":["GET"]}}],"collection":[{"href":"https:\/\/www.revistalogistec.com\/index.php\/wp-json\/wp\/v2\/posts"}],"about":[{"href":"https:\/\/www.revistalogistec.com\/index.php\/wp-json\/wp\/v2\/types\/post"}],"author":[{"embeddable":true,"href":"https:\/\/www.revistalogistec.com\/index.php\/wp-json\/wp\/v2\/users\/1"}],"replies":[{"embeddable":true,"href":"https:\/\/www.revistalogistec.com\/index.php\/wp-json\/wp\/v2\/comments?post=28665"}],"version-history":[{"count":1,"href":"https:\/\/www.revistalogistec.com\/index.php\/wp-json\/wp\/v2\/posts\/28665\/revisions"}],"predecessor-version":[{"id":28668,"href":"https:\/\/www.revistalogistec.com\/index.php\/wp-json\/wp\/v2\/posts\/28665\/revisions\/28668"}],"wp:featuredmedia":[{"embeddable":true,"href":"https:\/\/www.revistalogistec.com\/index.php\/wp-json\/wp\/v2\/media\/28666"}],"wp:attachment":[{"href":"https:\/\/www.revistalogistec.com\/index.php\/wp-json\/wp\/v2\/media?parent=28665"}],"wp:term":[{"taxonomy":"category","embeddable":true,"href":"https:\/\/www.revistalogistec.com\/index.php\/wp-json\/wp\/v2\/categories?post=28665"},{"taxonomy":"post_tag","embeddable":true,"href":"https:\/\/www.revistalogistec.com\/index.php\/wp-json\/wp\/v2\/tags?post=28665"}],"curies":[{"name":"wp","href":"https:\/\/api.w.org\/{rel}","templated":true}]}}