{"id":28676,"date":"2026-01-23T12:11:41","date_gmt":"2026-01-23T16:11:41","guid":{"rendered":"https:\/\/www.revistalogistec.com\/?p=28676"},"modified":"2026-01-23T12:11:41","modified_gmt":"2026-01-23T16:11:41","slug":"silo-logistica-presenta-su-nueva-imagen-y-ecosistema-de-servicios-eficiencia-cercania-y-vision-de-futuro","status":"publish","type":"post","link":"https:\/\/www.revistalogistec.com\/index.php\/2026\/01\/23\/silo-logistica-presenta-su-nueva-imagen-y-ecosistema-de-servicios-eficiencia-cercania-y-vision-de-futuro\/","title":{"rendered":"SILO LOG\u00cdSTICA PRESENTA SU NUEVA IMAGEN Y ECOSISTEMA DE SERVICIOS: EFICIENCIA, CERCAN\u00cdA Y VISI\u00d3N DE FUTURO"},"content":{"rendered":"<p style=\"text-align: justify;\"><em><strong>SILO Log\u00edstica, operador log\u00edstico industrial con base en Casablanca y protagonista de la log\u00edstica en la Regi\u00f3n de Valpara\u00edso, present\u00f3 oficialmente su renovaci\u00f3n de identidad y nueva plataforma digital, marcando el inicio de una etapa que busca integrar innovaci\u00f3n, tecnolog\u00eda y experiencia operativa bajo un concepto central: \u201cSomos tu ecosistema log\u00edstico\u201d.<\/strong><\/em><!--more--><\/p>\n<p style=\"text-align: justify;\">La renovaci\u00f3n abarca una <strong>nueva web corporativa<\/strong>, la <strong>expansi\u00f3n del Centro Log\u00edstico de Casablanca<\/strong> \u2014que ahora suma m\u00e1s de 21.000 m\u00b2 de bodegas en un terreno total de 40.000 m\u00b2\u2014 y una <strong>imagen actualizada en redes sociales<\/strong> con un tono m\u00e1s cercano, colaborativo y humano.<\/p>\n<p style=\"text-align: justify;\">\u201cNo se trata solo de cambiar la forma en que nos mostramos, sino de c\u00f3mo acompa\u00f1amos a nuestros clientes y el crecimiento del rubro en Chile. La log\u00edstica hoy exige flexibilidad, trazabilidad y visi\u00f3n, y eso es justamente lo que quisimos reflejar en esta nueva etapa\u201d, comenta <strong>Jos\u00e9 Undurraga, Gerente General de SILO Log\u00edstica<\/strong>.<\/p>\n<h3 style=\"text-align: justify;\"><strong>Un ecosistema al servicio del cliente<\/strong><\/h3>\n<p style=\"text-align: justify;\">La propuesta de valor de SILO se estructura sobre <strong>ecosistemas log\u00edsticos<\/strong>, un modelo que agrupa servicios complementarios \u2014desde el transporte y almacenaje, hasta la coordinaci\u00f3n documental y la manipulaci\u00f3n de carga\u2014, dise\u00f1ados para adaptarse a cada tipo de operaci\u00f3n.<\/p>\n<p style=\"text-align: justify;\">\u00abBajo la nueva realidad de la log\u00edstica y el comercio internacional, nuestros ecosistemas de servicios permiten optar a precios competitivos y operar de manera flexible y eficiente: ahorras tiempo porque gestionas todo con un solo operador, operas en una estructura de costos variables en vez de fijos y sin sobrecargos por servicios que no se utilicen\u00bb, se\u00f1ala <strong>Guillermo Undurraga, gerente comercial de SILO<\/strong>.<\/p>\n<p style=\"text-align: justify;\">El nuevo sitio web (<a href=\"https:\/\/silo-logistica.cl\/\">https:\/\/silo-logistica.cl\/<\/a> )\u00a0 permite a los usuarios <strong>explorar servicios agrupados seg\u00fan su necesidad<\/strong>: log\u00edstica de primera milla, manejo a granel, almacenamiento, log\u00edstica nacional e internacional, o servicios personalizados. Esta arquitectura de informaci\u00f3n, in\u00e9dita en el sector, busca simplificar la experiencia de quienes deben cotizar o coordinar operaciones complejas en un solo flujo.<\/p>\n<p style=\"text-align: justify;\">\u201cSabemos que nuestros clientes necesitan eficiencia y acompa\u00f1amiento. Nuestro objetivo fue crear una experiencia digital que los ayude a encontrar soluciones concretas, entender nuestro alcance y contactarnos f\u00e1cilmente\u201d, destaca Guillermo<strong>.<\/strong><\/p>\n<p style=\"text-align: justify;\"><strong>Infraestructura, personas y comunidad<\/strong><\/p>\n<p style=\"text-align: justify;\">Adem\u00e1s del redise\u00f1o visual, la renovaci\u00f3n incluye <strong>mejoras en infraestructura y bienestar interno<\/strong>. La empresa ampli\u00f3 y moderniz\u00f3 sus oficinas en Casablanca, generando espacios m\u00e1s c\u00f3modos para su equipo y visitantes, y reforz\u00f3 su v\u00ednculo con la comunidad educativa mediante <strong>alianzas con instituciones t\u00e9cnicas y universidades<\/strong> orientadas a la formaci\u00f3n de futuros profesionales en log\u00edstica.<\/p>\n<p style=\"text-align: justify;\">\u201cParte de nuestro prop\u00f3sito es formar y compartir conocimiento. Queremos que los nuevos talentos vean en la log\u00edstica un espacio de desarrollo profesional, con impacto real en la productividad del pa\u00eds\u201d, agrega Jos\u00e9 Undurraga.<\/p>\n<h3 style=\"text-align: justify;\"><strong>Presencia con prop\u00f3sito<\/strong><\/h3>\n<p style=\"text-align: justify;\">La actualizaci\u00f3n de la imagen corporativa tambi\u00e9n se refleja en las redes sociales de la compa\u00f1\u00eda, donde la estrategia apunta a construir una comunidad m\u00e1s conectada con el rubro, visibilizando tanto su operaci\u00f3n como las historias humanas detr\u00e1s de cada operaci\u00f3n.<\/p>\n<p style=\"text-align: justify;\">Con esta transformaci\u00f3n, SILO Log\u00edstica reafirma su compromiso con la eficiencia, la flexibilidad y la confianza que han sido su sello desde sus inicios, proyect\u00e1ndose como un <strong>actor clave en la profesionalizaci\u00f3n y modernizaci\u00f3n del sector log\u00edstico chileno<\/strong>.<\/p>\n<p>&nbsp;<\/p>\n","protected":false},"excerpt":{"rendered":"<p>SILO Log\u00edstica, operador log\u00edstico industrial con base en Casablanca y protagonista de la log\u00edstica en la Regi\u00f3n de Valpara\u00edso, present\u00f3 oficialmente su renovaci\u00f3n de identidad y nueva plataforma digital, marcando el inicio de una etapa que busca integrar innovaci\u00f3n, tecnolog\u00eda y experiencia operativa bajo un concepto central: \u201cSomos tu ecosistema log\u00edstico\u201d.<\/p>\n","protected":false},"author":48296,"featured_media":28677,"comment_status":"closed","ping_status":"closed","sticky":false,"template":"","format":"gallery","meta":{"_acf_changed":false,"jnews-multi-image_gallery":[],"jnews_single_post":{"format":"gallery","jnews_video_option_group":[[]],"override":[{"template":"1","parallax":"1","fullscreen":"1","layout":"right-sidebar","sidebar":"home-loop","second_sidebar":"default-sidebar","share_position":"top","share_float_style":"share-monocrhome","show_share_counter":"1","show_view_counter":"1","show_featured":"1","show_post_author_image":"1","show_post_date":"1","post_date_format":"default","post_date_format_custom":"Y\/m\/d","show_post_category":"1","show_post_reading_time":"0","post_reading_time_wpm":"300","post_calculate_word_method":"str_word_count","show_zoom_button":"0","zoom_button_out_step":"2","zoom_button_in_step":"3","show_post_tag":"1","show_prev_next_post":"1","show_popup_post":"1","number_popup_post":"1","show_post_related":"1","show_inline_post_related":"1"}],"image_override":[{"single_post_thumbnail_size":"crop-500","single_post_gallery_size":"crop-500"}],"trending_post_position":"meta","trending_post_label":"Trending","sponsored_post_label":"Sponsored by","disable_ad":"0","subtitle":"Con m\u00e1s de 15 a\u00f1os de experiencia en el rubro, la empresa chilena consolida su posicionamiento como operador log\u00edstico integral, lanzando una renovaci\u00f3n que va m\u00e1s all\u00e1 del dise\u00f1o: una estrategia para fortalecer su rol como socio clave de la cadena de suministro nacional e internacional.","gallery":"28682,28681,28680,28679,28678,28677"},"jnews_primary_category":[],"jnews_social_meta":[],"jnews_override_counter":{"view_counter_number":"0","share_counter_number":"0","like_counter_number":"0","dislike_counter_number":"0"},"footnotes":""},"categories":[164],"tags":[123,101,106,107,170,173,122,105,115],"class_list":["post-28676","post","type-post","status-publish","format-gallery","has-post-thumbnail","hentry","category-noticias-clientes","tag-noticias-logistics-ecommerce","tag-almacenamiento","tag-distribucion","tag-ecommerce","tag-intralogistica","tag-liderazgo","tag-noticias-industria","tag-supply-chain","tag-transporte","post_format-post-format-gallery"],"acf":[],"yoast_head":"<!-- This site is optimized with the Yoast SEO plugin v27.2 - https:\/\/yoast.com\/product\/yoast-seo-wordpress\/ -->\n<title>SILO LOG\u00cdSTICA PRESENTA SU NUEVA IMAGEN Y ECOSISTEMA DE SERVICIOS: EFICIENCIA, CERCAN\u00cdA Y VISI\u00d3N DE FUTURO - Revista Logistec<\/title>\n<meta name=\"robots\" content=\"index, follow, max-snippet:-1, max-image-preview:large, max-video-preview:-1\" \/>\n<link rel=\"canonical\" href=\"https:\/\/www.revistalogistec.com\/index.php\/2026\/01\/23\/silo-logistica-presenta-su-nueva-imagen-y-ecosistema-de-servicios-eficiencia-cercania-y-vision-de-futuro\/\" \/>\n<meta property=\"og:locale\" content=\"es_ES\" \/>\n<meta property=\"og:type\" content=\"article\" \/>\n<meta property=\"og:title\" content=\"SILO LOG\u00cdSTICA PRESENTA SU NUEVA IMAGEN Y ECOSISTEMA DE SERVICIOS: EFICIENCIA, CERCAN\u00cdA Y VISI\u00d3N DE FUTURO - Revista Logistec\" \/>\n<meta property=\"og:description\" content=\"SILO Log\u00edstica, operador log\u00edstico industrial con base en Casablanca y protagonista de la log\u00edstica en la Regi\u00f3n de Valpara\u00edso, present\u00f3 oficialmente su renovaci\u00f3n de identidad y nueva plataforma digital, marcando el inicio de una etapa que busca integrar innovaci\u00f3n, tecnolog\u00eda y experiencia operativa bajo un concepto central: \u201cSomos tu ecosistema log\u00edstico\u201d.\" \/>\n<meta property=\"og:url\" content=\"https:\/\/www.revistalogistec.com\/index.php\/2026\/01\/23\/silo-logistica-presenta-su-nueva-imagen-y-ecosistema-de-servicios-eficiencia-cercania-y-vision-de-futuro\/\" \/>\n<meta property=\"og:site_name\" content=\"Revista Logistec\" \/>\n<meta property=\"article:published_time\" content=\"2026-01-23T16:11:41+00:00\" \/>\n<meta property=\"og:image\" content=\"https:\/\/www.revistalogistec.com\/wp-content\/uploads\/2026\/01\/SILO-Equipo-Centro-Logistico-scaled.jpeg\" \/>\n\t<meta property=\"og:image:width\" content=\"2560\" \/>\n\t<meta property=\"og:image:height\" content=\"1707\" \/>\n\t<meta property=\"og:image:type\" content=\"image\/jpeg\" \/>\n<meta name=\"author\" content=\"Paula Cortes\" \/>\n<meta name=\"twitter:card\" content=\"summary_large_image\" \/>\n<meta name=\"twitter:label1\" content=\"Escrito por\" \/>\n\t<meta name=\"twitter:data1\" content=\"Paula Cortes\" \/>\n\t<meta name=\"twitter:label2\" content=\"Tiempo de lectura\" \/>\n\t<meta name=\"twitter:data2\" content=\"3 minutos\" \/>\n<script type=\"application\/ld+json\" class=\"yoast-schema-graph\">{\"@context\":\"https:\/\/schema.org\",\"@graph\":[{\"@type\":\"Article\",\"@id\":\"https:\/\/www.revistalogistec.com\/index.php\/2026\/01\/23\/silo-logistica-presenta-su-nueva-imagen-y-ecosistema-de-servicios-eficiencia-cercania-y-vision-de-futuro\/#article\",\"isPartOf\":{\"@id\":\"https:\/\/www.revistalogistec.com\/index.php\/2026\/01\/23\/silo-logistica-presenta-su-nueva-imagen-y-ecosistema-de-servicios-eficiencia-cercania-y-vision-de-futuro\/\"},\"author\":{\"name\":\"Paula Cortes\",\"@id\":\"https:\/\/www.revistalogistec.com\/#\/schema\/person\/6ebda24bed8ddfc6f5e848ee539184e5\"},\"headline\":\"SILO LOG\u00cdSTICA PRESENTA SU NUEVA IMAGEN Y ECOSISTEMA DE SERVICIOS: EFICIENCIA, CERCAN\u00cdA Y VISI\u00d3N DE FUTURO\",\"datePublished\":\"2026-01-23T16:11:41+00:00\",\"mainEntityOfPage\":{\"@id\":\"https:\/\/www.revistalogistec.com\/index.php\/2026\/01\/23\/silo-logistica-presenta-su-nueva-imagen-y-ecosistema-de-servicios-eficiencia-cercania-y-vision-de-futuro\/\"},\"wordCount\":596,\"image\":{\"@id\":\"https:\/\/www.revistalogistec.com\/index.php\/2026\/01\/23\/silo-logistica-presenta-su-nueva-imagen-y-ecosistema-de-servicios-eficiencia-cercania-y-vision-de-futuro\/#primaryimage\"},\"thumbnailUrl\":\"https:\/\/www.revistalogistec.com\/wp-content\/uploads\/2026\/01\/SILO-Equipo-Centro-Logistico-scaled.jpeg\",\"keywords\":[\"#noticias #logistics #ecommerce\",\"almacenamiento\",\"distribuci\u00f3n\",\"ecommerce\",\"intralogistica\",\"liderazgo\",\"noticias-industria\",\"supply chain\",\"transporte\"],\"articleSection\":[\"NOTICIAS CLIENTES\"],\"inLanguage\":\"es\"},{\"@type\":\"WebPage\",\"@id\":\"https:\/\/www.revistalogistec.com\/index.php\/2026\/01\/23\/silo-logistica-presenta-su-nueva-imagen-y-ecosistema-de-servicios-eficiencia-cercania-y-vision-de-futuro\/\",\"url\":\"https:\/\/www.revistalogistec.com\/index.php\/2026\/01\/23\/silo-logistica-presenta-su-nueva-imagen-y-ecosistema-de-servicios-eficiencia-cercania-y-vision-de-futuro\/\",\"name\":\"SILO LOG\u00cdSTICA PRESENTA SU NUEVA IMAGEN Y ECOSISTEMA DE SERVICIOS: EFICIENCIA, CERCAN\u00cdA Y VISI\u00d3N DE FUTURO - Revista Logistec\",\"isPartOf\":{\"@id\":\"https:\/\/www.revistalogistec.com\/#website\"},\"primaryImageOfPage\":{\"@id\":\"https:\/\/www.revistalogistec.com\/index.php\/2026\/01\/23\/silo-logistica-presenta-su-nueva-imagen-y-ecosistema-de-servicios-eficiencia-cercania-y-vision-de-futuro\/#primaryimage\"},\"image\":{\"@id\":\"https:\/\/www.revistalogistec.com\/index.php\/2026\/01\/23\/silo-logistica-presenta-su-nueva-imagen-y-ecosistema-de-servicios-eficiencia-cercania-y-vision-de-futuro\/#primaryimage\"},\"thumbnailUrl\":\"https:\/\/www.revistalogistec.com\/wp-content\/uploads\/2026\/01\/SILO-Equipo-Centro-Logistico-scaled.jpeg\",\"datePublished\":\"2026-01-23T16:11:41+00:00\",\"author\":{\"@id\":\"https:\/\/www.revistalogistec.com\/#\/schema\/person\/6ebda24bed8ddfc6f5e848ee539184e5\"},\"breadcrumb\":{\"@id\":\"https:\/\/www.revistalogistec.com\/index.php\/2026\/01\/23\/silo-logistica-presenta-su-nueva-imagen-y-ecosistema-de-servicios-eficiencia-cercania-y-vision-de-futuro\/#breadcrumb\"},\"inLanguage\":\"es\",\"potentialAction\":[{\"@type\":\"ReadAction\",\"target\":[\"https:\/\/www.revistalogistec.com\/index.php\/2026\/01\/23\/silo-logistica-presenta-su-nueva-imagen-y-ecosistema-de-servicios-eficiencia-cercania-y-vision-de-futuro\/\"]}]},{\"@type\":\"ImageObject\",\"inLanguage\":\"es\",\"@id\":\"https:\/\/www.revistalogistec.com\/index.php\/2026\/01\/23\/silo-logistica-presenta-su-nueva-imagen-y-ecosistema-de-servicios-eficiencia-cercania-y-vision-de-futuro\/#primaryimage\",\"url\":\"https:\/\/www.revistalogistec.com\/wp-content\/uploads\/2026\/01\/SILO-Equipo-Centro-Logistico-scaled.jpeg\",\"contentUrl\":\"https:\/\/www.revistalogistec.com\/wp-content\/uploads\/2026\/01\/SILO-Equipo-Centro-Logistico-scaled.jpeg\",\"width\":2560,\"height\":1707},{\"@type\":\"BreadcrumbList\",\"@id\":\"https:\/\/www.revistalogistec.com\/index.php\/2026\/01\/23\/silo-logistica-presenta-su-nueva-imagen-y-ecosistema-de-servicios-eficiencia-cercania-y-vision-de-futuro\/#breadcrumb\",\"itemListElement\":[{\"@type\":\"ListItem\",\"position\":1,\"name\":\"Portada\",\"item\":\"https:\/\/www.revistalogistec.com\/\"},{\"@type\":\"ListItem\",\"position\":2,\"name\":\"SILO LOG\u00cdSTICA PRESENTA SU NUEVA IMAGEN Y ECOSISTEMA DE SERVICIOS: EFICIENCIA, CERCAN\u00cdA Y VISI\u00d3N DE FUTURO\"}]},{\"@type\":\"WebSite\",\"@id\":\"https:\/\/www.revistalogistec.com\/#website\",\"url\":\"https:\/\/www.revistalogistec.com\/\",\"name\":\"Revista Logistec\",\"description\":\"\",\"potentialAction\":[{\"@type\":\"SearchAction\",\"target\":{\"@type\":\"EntryPoint\",\"urlTemplate\":\"https:\/\/www.revistalogistec.com\/?s={search_term_string}\"},\"query-input\":{\"@type\":\"PropertyValueSpecification\",\"valueRequired\":true,\"valueName\":\"search_term_string\"}}],\"inLanguage\":\"es\"},{\"@type\":\"Person\",\"@id\":\"https:\/\/www.revistalogistec.com\/#\/schema\/person\/6ebda24bed8ddfc6f5e848ee539184e5\",\"name\":\"Paula Cortes\",\"image\":{\"@type\":\"ImageObject\",\"inLanguage\":\"es\",\"@id\":\"https:\/\/secure.gravatar.com\/avatar\/f9207b46b9e06b63ba9e6f850cbf5de3945e6ce9ba336ad5aa87eee72a5a569c?s=96&d=mm&r=g\",\"url\":\"https:\/\/secure.gravatar.com\/avatar\/f9207b46b9e06b63ba9e6f850cbf5de3945e6ce9ba336ad5aa87eee72a5a569c?s=96&d=mm&r=g\",\"contentUrl\":\"https:\/\/secure.gravatar.com\/avatar\/f9207b46b9e06b63ba9e6f850cbf5de3945e6ce9ba336ad5aa87eee72a5a569c?s=96&d=mm&r=g\",\"caption\":\"Paula Cortes\"},\"url\":\"https:\/\/www.revistalogistec.com\/index.php\/author\/paula-cortes\/\"}]}<\/script>\n<!-- \/ Yoast SEO plugin. -->","yoast_head_json":{"title":"SILO LOG\u00cdSTICA PRESENTA SU NUEVA IMAGEN Y ECOSISTEMA DE SERVICIOS: EFICIENCIA, CERCAN\u00cdA Y VISI\u00d3N DE FUTURO - Revista Logistec","robots":{"index":"index","follow":"follow","max-snippet":"max-snippet:-1","max-image-preview":"max-image-preview:large","max-video-preview":"max-video-preview:-1"},"canonical":"https:\/\/www.revistalogistec.com\/index.php\/2026\/01\/23\/silo-logistica-presenta-su-nueva-imagen-y-ecosistema-de-servicios-eficiencia-cercania-y-vision-de-futuro\/","og_locale":"es_ES","og_type":"article","og_title":"SILO LOG\u00cdSTICA PRESENTA SU NUEVA IMAGEN Y ECOSISTEMA DE SERVICIOS: EFICIENCIA, CERCAN\u00cdA Y VISI\u00d3N DE FUTURO - Revista Logistec","og_description":"SILO Log\u00edstica, operador log\u00edstico industrial con base en Casablanca y protagonista de la log\u00edstica en la Regi\u00f3n de Valpara\u00edso, present\u00f3 oficialmente su renovaci\u00f3n de identidad y nueva plataforma digital, marcando el inicio de una etapa que busca integrar innovaci\u00f3n, tecnolog\u00eda y experiencia operativa bajo un concepto central: \u201cSomos tu ecosistema log\u00edstico\u201d.","og_url":"https:\/\/www.revistalogistec.com\/index.php\/2026\/01\/23\/silo-logistica-presenta-su-nueva-imagen-y-ecosistema-de-servicios-eficiencia-cercania-y-vision-de-futuro\/","og_site_name":"Revista Logistec","article_published_time":"2026-01-23T16:11:41+00:00","og_image":[{"width":2560,"height":1707,"url":"https:\/\/www.revistalogistec.com\/wp-content\/uploads\/2026\/01\/SILO-Equipo-Centro-Logistico-scaled.jpeg","type":"image\/jpeg"}],"author":"Paula Cortes","twitter_card":"summary_large_image","twitter_misc":{"Escrito por":"Paula Cortes","Tiempo de lectura":"3 minutos"},"schema":{"@context":"https:\/\/schema.org","@graph":[{"@type":"Article","@id":"https:\/\/www.revistalogistec.com\/index.php\/2026\/01\/23\/silo-logistica-presenta-su-nueva-imagen-y-ecosistema-de-servicios-eficiencia-cercania-y-vision-de-futuro\/#article","isPartOf":{"@id":"https:\/\/www.revistalogistec.com\/index.php\/2026\/01\/23\/silo-logistica-presenta-su-nueva-imagen-y-ecosistema-de-servicios-eficiencia-cercania-y-vision-de-futuro\/"},"author":{"name":"Paula Cortes","@id":"https:\/\/www.revistalogistec.com\/#\/schema\/person\/6ebda24bed8ddfc6f5e848ee539184e5"},"headline":"SILO LOG\u00cdSTICA PRESENTA SU NUEVA IMAGEN Y ECOSISTEMA DE SERVICIOS: EFICIENCIA, CERCAN\u00cdA Y VISI\u00d3N DE FUTURO","datePublished":"2026-01-23T16:11:41+00:00","mainEntityOfPage":{"@id":"https:\/\/www.revistalogistec.com\/index.php\/2026\/01\/23\/silo-logistica-presenta-su-nueva-imagen-y-ecosistema-de-servicios-eficiencia-cercania-y-vision-de-futuro\/"},"wordCount":596,"image":{"@id":"https:\/\/www.revistalogistec.com\/index.php\/2026\/01\/23\/silo-logistica-presenta-su-nueva-imagen-y-ecosistema-de-servicios-eficiencia-cercania-y-vision-de-futuro\/#primaryimage"},"thumbnailUrl":"https:\/\/www.revistalogistec.com\/wp-content\/uploads\/2026\/01\/SILO-Equipo-Centro-Logistico-scaled.jpeg","keywords":["#noticias #logistics #ecommerce","almacenamiento","distribuci\u00f3n","ecommerce","intralogistica","liderazgo","noticias-industria","supply chain","transporte"],"articleSection":["NOTICIAS CLIENTES"],"inLanguage":"es"},{"@type":"WebPage","@id":"https:\/\/www.revistalogistec.com\/index.php\/2026\/01\/23\/silo-logistica-presenta-su-nueva-imagen-y-ecosistema-de-servicios-eficiencia-cercania-y-vision-de-futuro\/","url":"https:\/\/www.revistalogistec.com\/index.php\/2026\/01\/23\/silo-logistica-presenta-su-nueva-imagen-y-ecosistema-de-servicios-eficiencia-cercania-y-vision-de-futuro\/","name":"SILO LOG\u00cdSTICA PRESENTA SU NUEVA IMAGEN Y ECOSISTEMA DE SERVICIOS: EFICIENCIA, CERCAN\u00cdA Y VISI\u00d3N DE FUTURO - Revista Logistec","isPartOf":{"@id":"https:\/\/www.revistalogistec.com\/#website"},"primaryImageOfPage":{"@id":"https:\/\/www.revistalogistec.com\/index.php\/2026\/01\/23\/silo-logistica-presenta-su-nueva-imagen-y-ecosistema-de-servicios-eficiencia-cercania-y-vision-de-futuro\/#primaryimage"},"image":{"@id":"https:\/\/www.revistalogistec.com\/index.php\/2026\/01\/23\/silo-logistica-presenta-su-nueva-imagen-y-ecosistema-de-servicios-eficiencia-cercania-y-vision-de-futuro\/#primaryimage"},"thumbnailUrl":"https:\/\/www.revistalogistec.com\/wp-content\/uploads\/2026\/01\/SILO-Equipo-Centro-Logistico-scaled.jpeg","datePublished":"2026-01-23T16:11:41+00:00","author":{"@id":"https:\/\/www.revistalogistec.com\/#\/schema\/person\/6ebda24bed8ddfc6f5e848ee539184e5"},"breadcrumb":{"@id":"https:\/\/www.revistalogistec.com\/index.php\/2026\/01\/23\/silo-logistica-presenta-su-nueva-imagen-y-ecosistema-de-servicios-eficiencia-cercania-y-vision-de-futuro\/#breadcrumb"},"inLanguage":"es","potentialAction":[{"@type":"ReadAction","target":["https:\/\/www.revistalogistec.com\/index.php\/2026\/01\/23\/silo-logistica-presenta-su-nueva-imagen-y-ecosistema-de-servicios-eficiencia-cercania-y-vision-de-futuro\/"]}]},{"@type":"ImageObject","inLanguage":"es","@id":"https:\/\/www.revistalogistec.com\/index.php\/2026\/01\/23\/silo-logistica-presenta-su-nueva-imagen-y-ecosistema-de-servicios-eficiencia-cercania-y-vision-de-futuro\/#primaryimage","url":"https:\/\/www.revistalogistec.com\/wp-content\/uploads\/2026\/01\/SILO-Equipo-Centro-Logistico-scaled.jpeg","contentUrl":"https:\/\/www.revistalogistec.com\/wp-content\/uploads\/2026\/01\/SILO-Equipo-Centro-Logistico-scaled.jpeg","width":2560,"height":1707},{"@type":"BreadcrumbList","@id":"https:\/\/www.revistalogistec.com\/index.php\/2026\/01\/23\/silo-logistica-presenta-su-nueva-imagen-y-ecosistema-de-servicios-eficiencia-cercania-y-vision-de-futuro\/#breadcrumb","itemListElement":[{"@type":"ListItem","position":1,"name":"Portada","item":"https:\/\/www.revistalogistec.com\/"},{"@type":"ListItem","position":2,"name":"SILO LOG\u00cdSTICA PRESENTA SU NUEVA IMAGEN Y ECOSISTEMA DE SERVICIOS: EFICIENCIA, CERCAN\u00cdA Y VISI\u00d3N DE FUTURO"}]},{"@type":"WebSite","@id":"https:\/\/www.revistalogistec.com\/#website","url":"https:\/\/www.revistalogistec.com\/","name":"Revista Logistec","description":"","potentialAction":[{"@type":"SearchAction","target":{"@type":"EntryPoint","urlTemplate":"https:\/\/www.revistalogistec.com\/?s={search_term_string}"},"query-input":{"@type":"PropertyValueSpecification","valueRequired":true,"valueName":"search_term_string"}}],"inLanguage":"es"},{"@type":"Person","@id":"https:\/\/www.revistalogistec.com\/#\/schema\/person\/6ebda24bed8ddfc6f5e848ee539184e5","name":"Paula Cortes","image":{"@type":"ImageObject","inLanguage":"es","@id":"https:\/\/secure.gravatar.com\/avatar\/f9207b46b9e06b63ba9e6f850cbf5de3945e6ce9ba336ad5aa87eee72a5a569c?s=96&d=mm&r=g","url":"https:\/\/secure.gravatar.com\/avatar\/f9207b46b9e06b63ba9e6f850cbf5de3945e6ce9ba336ad5aa87eee72a5a569c?s=96&d=mm&r=g","contentUrl":"https:\/\/secure.gravatar.com\/avatar\/f9207b46b9e06b63ba9e6f850cbf5de3945e6ce9ba336ad5aa87eee72a5a569c?s=96&d=mm&r=g","caption":"Paula Cortes"},"url":"https:\/\/www.revistalogistec.com\/index.php\/author\/paula-cortes\/"}]}},"_links":{"self":[{"href":"https:\/\/www.revistalogistec.com\/index.php\/wp-json\/wp\/v2\/posts\/28676","targetHints":{"allow":["GET"]}}],"collection":[{"href":"https:\/\/www.revistalogistec.com\/index.php\/wp-json\/wp\/v2\/posts"}],"about":[{"href":"https:\/\/www.revistalogistec.com\/index.php\/wp-json\/wp\/v2\/types\/post"}],"author":[{"embeddable":true,"href":"https:\/\/www.revistalogistec.com\/index.php\/wp-json\/wp\/v2\/users\/48296"}],"replies":[{"embeddable":true,"href":"https:\/\/www.revistalogistec.com\/index.php\/wp-json\/wp\/v2\/comments?post=28676"}],"version-history":[{"count":1,"href":"https:\/\/www.revistalogistec.com\/index.php\/wp-json\/wp\/v2\/posts\/28676\/revisions"}],"predecessor-version":[{"id":28683,"href":"https:\/\/www.revistalogistec.com\/index.php\/wp-json\/wp\/v2\/posts\/28676\/revisions\/28683"}],"wp:featuredmedia":[{"embeddable":true,"href":"https:\/\/www.revistalogistec.com\/index.php\/wp-json\/wp\/v2\/media\/28677"}],"wp:attachment":[{"href":"https:\/\/www.revistalogistec.com\/index.php\/wp-json\/wp\/v2\/media?parent=28676"}],"wp:term":[{"taxonomy":"category","embeddable":true,"href":"https:\/\/www.revistalogistec.com\/index.php\/wp-json\/wp\/v2\/categories?post=28676"},{"taxonomy":"post_tag","embeddable":true,"href":"https:\/\/www.revistalogistec.com\/index.php\/wp-json\/wp\/v2\/tags?post=28676"}],"curies":[{"name":"wp","href":"https:\/\/api.w.org\/{rel}","templated":true}]}}