{"id":28709,"date":"2026-01-30T09:21:26","date_gmt":"2026-01-30T13:21:26","guid":{"rendered":"https:\/\/www.revistalogistec.com\/?p=28709"},"modified":"2026-01-30T09:21:26","modified_gmt":"2026-01-30T13:21:26","slug":"ultraport-cierra-2025-con-un-crecimiento-del-9-en-la-movilizacion-de-carga","status":"publish","type":"post","link":"https:\/\/www.revistalogistec.com\/index.php\/2026\/01\/30\/ultraport-cierra-2025-con-un-crecimiento-del-9-en-la-movilizacion-de-carga\/","title":{"rendered":"ULTRAPORT CIERRA 2025 CON UN CRECIMIENTO DEL 9% EN LA MOVILIZACI\u00d3N DE CARGA"},"content":{"rendered":"<p style=\"text-align: justify;\">El resultado refleja una operaci\u00f3n diversificada y sostenida en los distintos puertos del pa\u00eds, enfocada en la excelencia operacional y respuestas a las necesidades de cada terminal.<!--more--><\/p>\n<p style=\"text-align: justify;\">En un escenario internacional caracterizado por la volatilidad de los mercados, ajustes en las cadenas log\u00edsticas y mayores exigencias operacionales, Ultraport cerr\u00f3 2025 con un crecimiento del 9% en la movilizaci\u00f3n total de carga respecto del a\u00f1o anterior.<\/p>\n<p style=\"text-align: justify;\">Durante el per\u00edodo, la compa\u00f1\u00eda transfiri\u00f3 m\u00e1s de 23 millones de toneladas en los distintos terminales donde opera a lo largo del pa\u00eds, desde Arica hasta Punta Arenas. El resultado se explica por una operaci\u00f3n diversificada y por la mantenci\u00f3n de la continuidad operacional en un contexto exigente para la industria portuaria.<\/p>\n<p style=\"text-align: justify;\">\u201cFue un a\u00f1o complejo y desafiante para toda la cadena log\u00edstica. En ese escenario, nuestro foco estuvo en asegurar continuidad operacional, seguridad y confiabilidad para nuestros clientes\u201d, se\u00f1al\u00f3 Pedro Brain, gerente de Puertos Multiprop\u00f3sito de Ultraport.<\/p>\n<h3 style=\"text-align: justify;\"><strong>Composici\u00f3n de la carga y continuidad operacional<\/strong><\/h3>\n<p style=\"text-align: justify;\">M\u00e1s all\u00e1 del crecimiento total, en la compa\u00f1\u00eda destacan que el foco est\u00e1 puesto en c\u00f3mo se moviliza esa carga y no solo en cu\u00e1nto crece. La operaci\u00f3n multiprop\u00f3sito \u2014que incluye contenedores, graneles s\u00f3lidos y l\u00edquidos, carga fraccionada y carga general\u2014 permiti\u00f3 absorber aumentos de demanda en distintos terminales y tipos de carga.<\/p>\n<p style=\"text-align: justify;\">Durante 2025, los contenedores concentraron cerca del 50% del volumen total transferido, superando los 12,8 millones de toneladas, con un crecimiento cercano al 8,5%. La carga fraccionada, en tanto, fue el segmento de mayor expansi\u00f3n porcentual, con un aumento cercano al 51%, alcanzando 1,2 millones de toneladas. Este tipo de carga corresponde a mercanc\u00edas transportadas de forma individual o en partidas no contenerizadas \u2014como sacos, pallets, bobinas o piezas sueltas\u2014, y su incremento da cuenta de una mayor diversificaci\u00f3n de la operaci\u00f3n multiprop\u00f3sito de Ultraport.<\/p>\n<p style=\"text-align: justify;\">Seg\u00fan explic\u00f3 Brain, estos resultados responden tanto a condiciones de mercado como a una coordinaci\u00f3n operativa estrecha con los puertos y clientes. \u201cHemos fortalecido nuestra capacidad para absorber aumentos de volumen, cuidando siempre a las personas y la continuidad del servicio\u201d, afirm\u00f3.<\/p>\n<p style=\"text-align: justify;\">Otro de los elementos que marc\u00f3 el desempe\u00f1o de 2025 fue la estabilidad operacional, sustentada en la planificaci\u00f3n, los est\u00e1ndares de seguridad y el trabajo coordinado con las organizaciones sindicales en los distintos terminales.<\/p>\n<p style=\"text-align: justify;\">\u201cEl trabajo conjunto con los sindicatos permite construir modelos operativos m\u00e1s estables y seguros, lo que se traduce en mayor productividad y previsibilidad para los clientes\u201d, agreg\u00f3 el ejecutivo.<\/p>\n<p style=\"text-align: justify;\">Este enfoque adquiere especial relevancia de cara a 2026, a\u00f1o en el que se proyecta un escenario igualmente desafiante para el comercio exterior y la log\u00edstica, con posibles ajustes en los flujos de carga y las rutas mar\u00edtimas.<\/p>\n<h3 style=\"text-align: justify;\"><strong>Proyecci\u00f3n 2026<\/strong><\/h3>\n<p style=\"text-align: justify;\">En 2026, Ultraport cumplir\u00e1 45 a\u00f1os de trayectoria. De cara a este nuevo ciclo, la compa\u00f1\u00eda apunta a consolidar su crecimiento con foco en la excelencia operacional y en el apoyo al desarrollo del sistema portuario nacional.<\/p>\n<p style=\"text-align: justify;\">\u201cEl desaf\u00edo en este nuevo a\u00f1o es crecer de manera sostenible, asegurando que nuestros clientes cuenten con un operador eficiente, flexible y con capacidad de responder en escenarios complejos\u201d, concluy\u00f3 Brain.<\/p>\n","protected":false},"excerpt":{"rendered":"<p>El resultado refleja una operaci\u00f3n diversificada y sostenida en los distintos puertos del pa\u00eds, enfocada en la excelencia operacional y respuestas a las necesidades de cada terminal.<\/p>\n","protected":false},"author":1,"featured_media":28711,"comment_status":"closed","ping_status":"closed","sticky":false,"template":"","format":"gallery","meta":{"_acf_changed":false,"jnews-multi-image_gallery":[],"jnews_single_post":{"format":"gallery","jnews_video_option_group":[[]],"override":[{"template":"1","parallax":"1","fullscreen":"1","layout":"right-sidebar","sidebar":"home-loop","second_sidebar":"default-sidebar","share_position":"top","share_float_style":"share-monocrhome","show_share_counter":"1","show_view_counter":"1","show_featured":"1","show_post_author_image":"1","show_post_date":"1","post_date_format":"default","post_date_format_custom":"Y\/m\/d","show_post_category":"1","show_post_reading_time":"0","post_reading_time_wpm":"300","post_calculate_word_method":"str_word_count","show_zoom_button":"0","zoom_button_out_step":"2","zoom_button_in_step":"3","show_post_tag":"1","show_prev_next_post":"1","show_popup_post":"1","number_popup_post":"1","show_post_related":"1","show_inline_post_related":"1"}],"image_override":[{"single_post_thumbnail_size":"crop-500","single_post_gallery_size":"crop-500"}],"trending_post_position":"meta","trending_post_label":"Trending","sponsored_post_label":"Sponsored by","disable_ad":"0","gallery":"28710,28711","subtitle":""},"jnews_primary_category":[],"jnews_social_meta":[],"jnews_override_counter":{"view_counter_number":"0","share_counter_number":"0","like_counter_number":"0","dislike_counter_number":"0"},"footnotes":""},"categories":[12],"tags":[],"class_list":["post-28709","post","type-post","status-publish","format-gallery","has-post-thumbnail","hentry","category-noticias-industria","post_format-post-format-gallery"],"acf":[],"yoast_head":"<!-- This site is optimized with the Yoast SEO plugin v27.2 - https:\/\/yoast.com\/product\/yoast-seo-wordpress\/ -->\n<title>ULTRAPORT CIERRA 2025 CON UN CRECIMIENTO DEL 9% EN LA MOVILIZACI\u00d3N DE CARGA - Revista Logistec<\/title>\n<meta name=\"robots\" content=\"index, follow, max-snippet:-1, max-image-preview:large, max-video-preview:-1\" \/>\n<link rel=\"canonical\" href=\"https:\/\/www.revistalogistec.com\/index.php\/2026\/01\/30\/ultraport-cierra-2025-con-un-crecimiento-del-9-en-la-movilizacion-de-carga\/\" \/>\n<meta property=\"og:locale\" content=\"es_ES\" \/>\n<meta property=\"og:type\" content=\"article\" \/>\n<meta property=\"og:title\" content=\"ULTRAPORT CIERRA 2025 CON UN CRECIMIENTO DEL 9% EN LA MOVILIZACI\u00d3N DE CARGA - Revista Logistec\" \/>\n<meta property=\"og:description\" content=\"El resultado refleja una operaci\u00f3n diversificada y sostenida en los distintos puertos del pa\u00eds, enfocada en la excelencia operacional y respuestas a las necesidades de cada terminal.\" \/>\n<meta property=\"og:url\" content=\"https:\/\/www.revistalogistec.com\/index.php\/2026\/01\/30\/ultraport-cierra-2025-con-un-crecimiento-del-9-en-la-movilizacion-de-carga\/\" \/>\n<meta property=\"og:site_name\" content=\"Revista Logistec\" \/>\n<meta property=\"article:published_time\" content=\"2026-01-30T13:21:26+00:00\" \/>\n<meta property=\"og:image\" content=\"https:\/\/www.revistalogistec.com\/wp-content\/uploads\/2026\/01\/Ultraport_1.jpg\" \/>\n\t<meta property=\"og:image:width\" content=\"1140\" \/>\n\t<meta property=\"og:image:height\" content=\"760\" \/>\n\t<meta property=\"og:image:type\" content=\"image\/jpeg\" \/>\n<meta name=\"author\" content=\"admin\" \/>\n<meta name=\"twitter:card\" content=\"summary_large_image\" \/>\n<meta name=\"twitter:label1\" content=\"Escrito por\" \/>\n\t<meta name=\"twitter:data1\" content=\"admin\" \/>\n\t<meta name=\"twitter:label2\" content=\"Tiempo de lectura\" \/>\n\t<meta name=\"twitter:data2\" content=\"3 minutos\" \/>\n<script type=\"application\/ld+json\" class=\"yoast-schema-graph\">{\"@context\":\"https:\/\/schema.org\",\"@graph\":[{\"@type\":\"Article\",\"@id\":\"https:\/\/www.revistalogistec.com\/index.php\/2026\/01\/30\/ultraport-cierra-2025-con-un-crecimiento-del-9-en-la-movilizacion-de-carga\/#article\",\"isPartOf\":{\"@id\":\"https:\/\/www.revistalogistec.com\/index.php\/2026\/01\/30\/ultraport-cierra-2025-con-un-crecimiento-del-9-en-la-movilizacion-de-carga\/\"},\"author\":{\"name\":\"admin\",\"@id\":\"https:\/\/www.revistalogistec.com\/#\/schema\/person\/b25cced65507282f3fc6eb806b1db4f0\"},\"headline\":\"ULTRAPORT CIERRA 2025 CON UN CRECIMIENTO DEL 9% EN LA MOVILIZACI\u00d3N DE CARGA\",\"datePublished\":\"2026-01-30T13:21:26+00:00\",\"mainEntityOfPage\":{\"@id\":\"https:\/\/www.revistalogistec.com\/index.php\/2026\/01\/30\/ultraport-cierra-2025-con-un-crecimiento-del-9-en-la-movilizacion-de-carga\/\"},\"wordCount\":552,\"image\":{\"@id\":\"https:\/\/www.revistalogistec.com\/index.php\/2026\/01\/30\/ultraport-cierra-2025-con-un-crecimiento-del-9-en-la-movilizacion-de-carga\/#primaryimage\"},\"thumbnailUrl\":\"https:\/\/www.revistalogistec.com\/wp-content\/uploads\/2026\/01\/Ultraport_1.jpg\",\"articleSection\":[\"NOTICIAS INDUSTRIA\"],\"inLanguage\":\"es\"},{\"@type\":\"WebPage\",\"@id\":\"https:\/\/www.revistalogistec.com\/index.php\/2026\/01\/30\/ultraport-cierra-2025-con-un-crecimiento-del-9-en-la-movilizacion-de-carga\/\",\"url\":\"https:\/\/www.revistalogistec.com\/index.php\/2026\/01\/30\/ultraport-cierra-2025-con-un-crecimiento-del-9-en-la-movilizacion-de-carga\/\",\"name\":\"ULTRAPORT CIERRA 2025 CON UN CRECIMIENTO DEL 9% EN LA MOVILIZACI\u00d3N DE CARGA - Revista Logistec\",\"isPartOf\":{\"@id\":\"https:\/\/www.revistalogistec.com\/#website\"},\"primaryImageOfPage\":{\"@id\":\"https:\/\/www.revistalogistec.com\/index.php\/2026\/01\/30\/ultraport-cierra-2025-con-un-crecimiento-del-9-en-la-movilizacion-de-carga\/#primaryimage\"},\"image\":{\"@id\":\"https:\/\/www.revistalogistec.com\/index.php\/2026\/01\/30\/ultraport-cierra-2025-con-un-crecimiento-del-9-en-la-movilizacion-de-carga\/#primaryimage\"},\"thumbnailUrl\":\"https:\/\/www.revistalogistec.com\/wp-content\/uploads\/2026\/01\/Ultraport_1.jpg\",\"datePublished\":\"2026-01-30T13:21:26+00:00\",\"author\":{\"@id\":\"https:\/\/www.revistalogistec.com\/#\/schema\/person\/b25cced65507282f3fc6eb806b1db4f0\"},\"breadcrumb\":{\"@id\":\"https:\/\/www.revistalogistec.com\/index.php\/2026\/01\/30\/ultraport-cierra-2025-con-un-crecimiento-del-9-en-la-movilizacion-de-carga\/#breadcrumb\"},\"inLanguage\":\"es\",\"potentialAction\":[{\"@type\":\"ReadAction\",\"target\":[\"https:\/\/www.revistalogistec.com\/index.php\/2026\/01\/30\/ultraport-cierra-2025-con-un-crecimiento-del-9-en-la-movilizacion-de-carga\/\"]}]},{\"@type\":\"ImageObject\",\"inLanguage\":\"es\",\"@id\":\"https:\/\/www.revistalogistec.com\/index.php\/2026\/01\/30\/ultraport-cierra-2025-con-un-crecimiento-del-9-en-la-movilizacion-de-carga\/#primaryimage\",\"url\":\"https:\/\/www.revistalogistec.com\/wp-content\/uploads\/2026\/01\/Ultraport_1.jpg\",\"contentUrl\":\"https:\/\/www.revistalogistec.com\/wp-content\/uploads\/2026\/01\/Ultraport_1.jpg\",\"width\":1140,\"height\":760},{\"@type\":\"BreadcrumbList\",\"@id\":\"https:\/\/www.revistalogistec.com\/index.php\/2026\/01\/30\/ultraport-cierra-2025-con-un-crecimiento-del-9-en-la-movilizacion-de-carga\/#breadcrumb\",\"itemListElement\":[{\"@type\":\"ListItem\",\"position\":1,\"name\":\"Portada\",\"item\":\"https:\/\/www.revistalogistec.com\/\"},{\"@type\":\"ListItem\",\"position\":2,\"name\":\"ULTRAPORT CIERRA 2025 CON UN CRECIMIENTO DEL 9% EN LA MOVILIZACI\u00d3N DE CARGA\"}]},{\"@type\":\"WebSite\",\"@id\":\"https:\/\/www.revistalogistec.com\/#website\",\"url\":\"https:\/\/www.revistalogistec.com\/\",\"name\":\"Revista Logistec\",\"description\":\"\",\"potentialAction\":[{\"@type\":\"SearchAction\",\"target\":{\"@type\":\"EntryPoint\",\"urlTemplate\":\"https:\/\/www.revistalogistec.com\/?s={search_term_string}\"},\"query-input\":{\"@type\":\"PropertyValueSpecification\",\"valueRequired\":true,\"valueName\":\"search_term_string\"}}],\"inLanguage\":\"es\"},{\"@type\":\"Person\",\"@id\":\"https:\/\/www.revistalogistec.com\/#\/schema\/person\/b25cced65507282f3fc6eb806b1db4f0\",\"name\":\"admin\",\"image\":{\"@type\":\"ImageObject\",\"inLanguage\":\"es\",\"@id\":\"https:\/\/secure.gravatar.com\/avatar\/94631f712dee24b50f2f12a7caf62df22b2c346945fcff655ce85b674bebf6fd?s=96&d=mm&r=g\",\"url\":\"https:\/\/secure.gravatar.com\/avatar\/94631f712dee24b50f2f12a7caf62df22b2c346945fcff655ce85b674bebf6fd?s=96&d=mm&r=g\",\"contentUrl\":\"https:\/\/secure.gravatar.com\/avatar\/94631f712dee24b50f2f12a7caf62df22b2c346945fcff655ce85b674bebf6fd?s=96&d=mm&r=g\",\"caption\":\"admin\"},\"sameAs\":[\"https:\/\/www.revistalogistec.com\"],\"url\":\"https:\/\/www.revistalogistec.com\/index.php\/author\/admin_revlog\/\"}]}<\/script>\n<!-- \/ Yoast SEO plugin. -->","yoast_head_json":{"title":"ULTRAPORT CIERRA 2025 CON UN CRECIMIENTO DEL 9% EN LA MOVILIZACI\u00d3N DE CARGA - Revista Logistec","robots":{"index":"index","follow":"follow","max-snippet":"max-snippet:-1","max-image-preview":"max-image-preview:large","max-video-preview":"max-video-preview:-1"},"canonical":"https:\/\/www.revistalogistec.com\/index.php\/2026\/01\/30\/ultraport-cierra-2025-con-un-crecimiento-del-9-en-la-movilizacion-de-carga\/","og_locale":"es_ES","og_type":"article","og_title":"ULTRAPORT CIERRA 2025 CON UN CRECIMIENTO DEL 9% EN LA MOVILIZACI\u00d3N DE CARGA - Revista Logistec","og_description":"El resultado refleja una operaci\u00f3n diversificada y sostenida en los distintos puertos del pa\u00eds, enfocada en la excelencia operacional y respuestas a las necesidades de cada terminal.","og_url":"https:\/\/www.revistalogistec.com\/index.php\/2026\/01\/30\/ultraport-cierra-2025-con-un-crecimiento-del-9-en-la-movilizacion-de-carga\/","og_site_name":"Revista Logistec","article_published_time":"2026-01-30T13:21:26+00:00","og_image":[{"width":1140,"height":760,"url":"https:\/\/www.revistalogistec.com\/wp-content\/uploads\/2026\/01\/Ultraport_1.jpg","type":"image\/jpeg"}],"author":"admin","twitter_card":"summary_large_image","twitter_misc":{"Escrito por":"admin","Tiempo de lectura":"3 minutos"},"schema":{"@context":"https:\/\/schema.org","@graph":[{"@type":"Article","@id":"https:\/\/www.revistalogistec.com\/index.php\/2026\/01\/30\/ultraport-cierra-2025-con-un-crecimiento-del-9-en-la-movilizacion-de-carga\/#article","isPartOf":{"@id":"https:\/\/www.revistalogistec.com\/index.php\/2026\/01\/30\/ultraport-cierra-2025-con-un-crecimiento-del-9-en-la-movilizacion-de-carga\/"},"author":{"name":"admin","@id":"https:\/\/www.revistalogistec.com\/#\/schema\/person\/b25cced65507282f3fc6eb806b1db4f0"},"headline":"ULTRAPORT CIERRA 2025 CON UN CRECIMIENTO DEL 9% EN LA MOVILIZACI\u00d3N DE CARGA","datePublished":"2026-01-30T13:21:26+00:00","mainEntityOfPage":{"@id":"https:\/\/www.revistalogistec.com\/index.php\/2026\/01\/30\/ultraport-cierra-2025-con-un-crecimiento-del-9-en-la-movilizacion-de-carga\/"},"wordCount":552,"image":{"@id":"https:\/\/www.revistalogistec.com\/index.php\/2026\/01\/30\/ultraport-cierra-2025-con-un-crecimiento-del-9-en-la-movilizacion-de-carga\/#primaryimage"},"thumbnailUrl":"https:\/\/www.revistalogistec.com\/wp-content\/uploads\/2026\/01\/Ultraport_1.jpg","articleSection":["NOTICIAS INDUSTRIA"],"inLanguage":"es"},{"@type":"WebPage","@id":"https:\/\/www.revistalogistec.com\/index.php\/2026\/01\/30\/ultraport-cierra-2025-con-un-crecimiento-del-9-en-la-movilizacion-de-carga\/","url":"https:\/\/www.revistalogistec.com\/index.php\/2026\/01\/30\/ultraport-cierra-2025-con-un-crecimiento-del-9-en-la-movilizacion-de-carga\/","name":"ULTRAPORT CIERRA 2025 CON UN CRECIMIENTO DEL 9% EN LA MOVILIZACI\u00d3N DE CARGA - Revista Logistec","isPartOf":{"@id":"https:\/\/www.revistalogistec.com\/#website"},"primaryImageOfPage":{"@id":"https:\/\/www.revistalogistec.com\/index.php\/2026\/01\/30\/ultraport-cierra-2025-con-un-crecimiento-del-9-en-la-movilizacion-de-carga\/#primaryimage"},"image":{"@id":"https:\/\/www.revistalogistec.com\/index.php\/2026\/01\/30\/ultraport-cierra-2025-con-un-crecimiento-del-9-en-la-movilizacion-de-carga\/#primaryimage"},"thumbnailUrl":"https:\/\/www.revistalogistec.com\/wp-content\/uploads\/2026\/01\/Ultraport_1.jpg","datePublished":"2026-01-30T13:21:26+00:00","author":{"@id":"https:\/\/www.revistalogistec.com\/#\/schema\/person\/b25cced65507282f3fc6eb806b1db4f0"},"breadcrumb":{"@id":"https:\/\/www.revistalogistec.com\/index.php\/2026\/01\/30\/ultraport-cierra-2025-con-un-crecimiento-del-9-en-la-movilizacion-de-carga\/#breadcrumb"},"inLanguage":"es","potentialAction":[{"@type":"ReadAction","target":["https:\/\/www.revistalogistec.com\/index.php\/2026\/01\/30\/ultraport-cierra-2025-con-un-crecimiento-del-9-en-la-movilizacion-de-carga\/"]}]},{"@type":"ImageObject","inLanguage":"es","@id":"https:\/\/www.revistalogistec.com\/index.php\/2026\/01\/30\/ultraport-cierra-2025-con-un-crecimiento-del-9-en-la-movilizacion-de-carga\/#primaryimage","url":"https:\/\/www.revistalogistec.com\/wp-content\/uploads\/2026\/01\/Ultraport_1.jpg","contentUrl":"https:\/\/www.revistalogistec.com\/wp-content\/uploads\/2026\/01\/Ultraport_1.jpg","width":1140,"height":760},{"@type":"BreadcrumbList","@id":"https:\/\/www.revistalogistec.com\/index.php\/2026\/01\/30\/ultraport-cierra-2025-con-un-crecimiento-del-9-en-la-movilizacion-de-carga\/#breadcrumb","itemListElement":[{"@type":"ListItem","position":1,"name":"Portada","item":"https:\/\/www.revistalogistec.com\/"},{"@type":"ListItem","position":2,"name":"ULTRAPORT CIERRA 2025 CON UN CRECIMIENTO DEL 9% EN LA MOVILIZACI\u00d3N DE CARGA"}]},{"@type":"WebSite","@id":"https:\/\/www.revistalogistec.com\/#website","url":"https:\/\/www.revistalogistec.com\/","name":"Revista Logistec","description":"","potentialAction":[{"@type":"SearchAction","target":{"@type":"EntryPoint","urlTemplate":"https:\/\/www.revistalogistec.com\/?s={search_term_string}"},"query-input":{"@type":"PropertyValueSpecification","valueRequired":true,"valueName":"search_term_string"}}],"inLanguage":"es"},{"@type":"Person","@id":"https:\/\/www.revistalogistec.com\/#\/schema\/person\/b25cced65507282f3fc6eb806b1db4f0","name":"admin","image":{"@type":"ImageObject","inLanguage":"es","@id":"https:\/\/secure.gravatar.com\/avatar\/94631f712dee24b50f2f12a7caf62df22b2c346945fcff655ce85b674bebf6fd?s=96&d=mm&r=g","url":"https:\/\/secure.gravatar.com\/avatar\/94631f712dee24b50f2f12a7caf62df22b2c346945fcff655ce85b674bebf6fd?s=96&d=mm&r=g","contentUrl":"https:\/\/secure.gravatar.com\/avatar\/94631f712dee24b50f2f12a7caf62df22b2c346945fcff655ce85b674bebf6fd?s=96&d=mm&r=g","caption":"admin"},"sameAs":["https:\/\/www.revistalogistec.com"],"url":"https:\/\/www.revistalogistec.com\/index.php\/author\/admin_revlog\/"}]}},"_links":{"self":[{"href":"https:\/\/www.revistalogistec.com\/index.php\/wp-json\/wp\/v2\/posts\/28709","targetHints":{"allow":["GET"]}}],"collection":[{"href":"https:\/\/www.revistalogistec.com\/index.php\/wp-json\/wp\/v2\/posts"}],"about":[{"href":"https:\/\/www.revistalogistec.com\/index.php\/wp-json\/wp\/v2\/types\/post"}],"author":[{"embeddable":true,"href":"https:\/\/www.revistalogistec.com\/index.php\/wp-json\/wp\/v2\/users\/1"}],"replies":[{"embeddable":true,"href":"https:\/\/www.revistalogistec.com\/index.php\/wp-json\/wp\/v2\/comments?post=28709"}],"version-history":[{"count":1,"href":"https:\/\/www.revistalogistec.com\/index.php\/wp-json\/wp\/v2\/posts\/28709\/revisions"}],"predecessor-version":[{"id":28712,"href":"https:\/\/www.revistalogistec.com\/index.php\/wp-json\/wp\/v2\/posts\/28709\/revisions\/28712"}],"wp:featuredmedia":[{"embeddable":true,"href":"https:\/\/www.revistalogistec.com\/index.php\/wp-json\/wp\/v2\/media\/28711"}],"wp:attachment":[{"href":"https:\/\/www.revistalogistec.com\/index.php\/wp-json\/wp\/v2\/media?parent=28709"}],"wp:term":[{"taxonomy":"category","embeddable":true,"href":"https:\/\/www.revistalogistec.com\/index.php\/wp-json\/wp\/v2\/categories?post=28709"},{"taxonomy":"post_tag","embeddable":true,"href":"https:\/\/www.revistalogistec.com\/index.php\/wp-json\/wp\/v2\/tags?post=28709"}],"curies":[{"name":"wp","href":"https:\/\/api.w.org\/{rel}","templated":true}]}}