{"id":29072,"date":"2026-03-08T11:16:50","date_gmt":"2026-03-08T15:16:50","guid":{"rendered":"https:\/\/www.revistalogistec.com\/?p=29072"},"modified":"2026-03-10T10:06:52","modified_gmt":"2026-03-10T14:06:52","slug":"la-integracion-femenina-en-la-logistica-internacional","status":"publish","type":"post","link":"https:\/\/www.revistalogistec.com\/index.php\/2026\/03\/08\/la-integracion-femenina-en-la-logistica-internacional\/","title":{"rendered":"LA INTEGRACI\u00d3N FEMENINA EN LA LOG\u00cdSTICA INTERNACIONAL"},"content":{"rendered":"<p style=\"text-align: justify;\">Acci\u00f3n se sustenta en una responsabilidad construida desde la historia, la conciencia y la convicci\u00f3n. La log\u00edstica internacional ha sido, hist\u00f3ricamente, una industria exigente, t\u00e9cnica y profundamente estructurada. Durante gran parte de su desarrollo, fue tambi\u00e9n un espacio mayoritariamente masculino, reflejo de una realidad global donde el acceso de las mujeres a posiciones de responsabilidad estuvo condicionado por barreras culturales y estructurales que marcaron a generaciones completas.<!--more--><\/p>\n<p style=\"text-align: justify;\">El 8 de marzo nos invita a reflexionar sobre esa historia con respeto y conciencia. No como una instancia simb\u00f3lica aislada, sino que como una oportunidad para reconocer los procesos que permitieron avanzar hacia una industria m\u00e1s integrada, m\u00e1s consciente y m\u00e1s preparada para enfrentar los desaf\u00edos de un mundo en constante transformaci\u00f3n. Es tambi\u00e9n una fecha que nos recuerda que los espacios que hoy existen fueron posibles gracias al trabajo, la determinaci\u00f3n y la convicci\u00f3n de muchas mujeres que contribuyeron a abrir caminos donde antes no los hab\u00eda.<\/p>\n<p style=\"text-align: justify;\">La evoluci\u00f3n de la log\u00edstica no ha sido solo tecnol\u00f3gica ni operativa. Ha sido, tambi\u00e9n, una evoluci\u00f3n profundamente humana. Desde sus inicios, hace 26 a\u00f1os, International Line ha construido su desarrollo sobre la base de una convicci\u00f3n clara: las organizaciones se fortalecen cuando integran distintas miradas, distintas capacidades y distintas formas de comprender la responsabilidad que implica participar en una industria global. Esta visi\u00f3n no nace desde una tendencia ni responde a un contexto puntual. Ha sido parte de su esencia desde el origen, formando parte natural de su cultura y de su forma de construir empresa.<\/p>\n<p style=\"text-align: justify;\">Esta convicci\u00f3n se ha consolidado de manera org\u00e1nica. Hoy, el 70,59% del equipo en Per\u00fa est\u00e1 compuesto por mujeres y en Chile la participaci\u00f3n alcanza el 50%. M\u00e1s all\u00e1 de los porcentajes, lo verdaderamente significativo es el rol que ellas desempe\u00f1an, participando activamente en \u00e1reas estrat\u00e9gicas, comerciales y t\u00e9cnicas, contribuyendo con su criterio, su experiencia y su responsabilidad al desarrollo y la sostenibilidad de la organizaci\u00f3n.<\/p>\n<p style=\"text-align: justify;\">En una industria donde la complejidad aumenta constantemente, el liderazgo exige precisi\u00f3n, visi\u00f3n y una comprensi\u00f3n profunda del impacto que cada decisi\u00f3n genera. La integraci\u00f3n no es una consigna ni una respuesta circunstancial. Es el resultado de una cultura construida con coherencia, donde el respeto por las personas y la confianza en su capacidad han sido pilares fundamentales a lo largo del tiempo.<\/p>\n<p style=\"text-align: justify;\">El 8 de marzo representa, ante todo, una instancia de reflexi\u00f3n. Una oportunidad para reconocer el camino recorrido, comprender el contexto hist\u00f3rico que lo hizo necesario y reafirmar el valor de seguir construyendo organizaciones donde el talento y la responsabilidad encuentren su espacio de forma natural.<\/p>\n<p style=\"text-align: justify;\">Porque las empresas que logran trascender son aquellas que construyen su identidad con coherencia, integrando sus convicciones a lo largo del tiempo y proyect\u00e1ndolas con responsabilidad hacia el futuro.<\/p>\n<p style=\"text-align: justify;\">En International Line y Asia Line Per\u00fa, esta visi\u00f3n forma parte de su historia, de su presente y de su proyecci\u00f3n futura, contribuyendo de manera consciente y responsable al desarrollo de una industria que contin\u00faa evolucionando. Ambas compa\u00f1\u00edas son parte de un mismo grupo empresarial, comprometido con el desarrollo responsable y consciente de la log\u00edstica internacional.<\/p>\n","protected":false},"excerpt":{"rendered":"<p>Acci\u00f3n se sustenta en una responsabilidad construida desde la historia, la conciencia y la convicci\u00f3n. La log\u00edstica internacional ha sido, hist\u00f3ricamente, una industria exigente, t\u00e9cnica y profundamente estructurada. Durante gran parte de su desarrollo, fue tambi\u00e9n un espacio mayoritariamente masculino, reflejo de una realidad global donde el acceso de las mujeres a posiciones de responsabilidad [&hellip;]<\/p>\n","protected":false},"author":1,"featured_media":29081,"comment_status":"closed","ping_status":"closed","sticky":false,"template":"","format":"standard","meta":{"_acf_changed":false,"jnews-multi-image_gallery":[],"jnews_single_post":{"subtitle":"","format":"standard","jnews_video_option_group":[[]],"override":[{"template":"1","parallax":"1","fullscreen":"1","layout":"right-sidebar","sidebar":"home-loop","second_sidebar":"default-sidebar","share_position":"top","share_float_style":"share-monocrhome","show_share_counter":"1","show_view_counter":"1","show_featured":"1","show_post_author_image":"1","show_post_date":"1","post_date_format":"default","post_date_format_custom":"Y\/m\/d","show_post_category":"1","show_post_reading_time":"0","post_reading_time_wpm":"300","post_calculate_word_method":"str_word_count","show_zoom_button":"0","zoom_button_out_step":"2","zoom_button_in_step":"3","show_post_tag":"1","show_prev_next_post":"1","show_popup_post":"1","number_popup_post":"1","show_post_related":"1","show_inline_post_related":"1"}],"image_override":[{"single_post_thumbnail_size":"crop-500","single_post_gallery_size":"crop-500"}],"trending_post_position":"meta","trending_post_label":"Trending","sponsored_post_label":"Sponsored by","disable_ad":"0"},"jnews_primary_category":[],"jnews_social_meta":[],"jnews_override_counter":{"view_counter_number":"0","share_counter_number":"0","like_counter_number":"0","dislike_counter_number":"0"},"footnotes":""},"categories":[164],"tags":[],"class_list":["post-29072","post","type-post","status-publish","format-standard","has-post-thumbnail","hentry","category-noticias-clientes"],"acf":[],"yoast_head":"<!-- This site is optimized with the Yoast SEO plugin v27.2 - https:\/\/yoast.com\/product\/yoast-seo-wordpress\/ -->\n<title>LA INTEGRACI\u00d3N FEMENINA EN LA LOG\u00cdSTICA INTERNACIONAL - Revista Logistec<\/title>\n<meta name=\"robots\" content=\"index, follow, max-snippet:-1, max-image-preview:large, max-video-preview:-1\" \/>\n<link rel=\"canonical\" href=\"https:\/\/www.revistalogistec.com\/index.php\/2026\/03\/08\/la-integracion-femenina-en-la-logistica-internacional\/\" \/>\n<meta property=\"og:locale\" content=\"es_ES\" \/>\n<meta property=\"og:type\" content=\"article\" \/>\n<meta property=\"og:title\" content=\"LA INTEGRACI\u00d3N FEMENINA EN LA LOG\u00cdSTICA INTERNACIONAL - Revista Logistec\" \/>\n<meta property=\"og:description\" content=\"Acci\u00f3n se sustenta en una responsabilidad construida desde la historia, la conciencia y la convicci\u00f3n. La log\u00edstica internacional ha sido, hist\u00f3ricamente, una industria exigente, t\u00e9cnica y profundamente estructurada. Durante gran parte de su desarrollo, fue tambi\u00e9n un espacio mayoritariamente masculino, reflejo de una realidad global donde el acceso de las mujeres a posiciones de responsabilidad [&hellip;]\" \/>\n<meta property=\"og:url\" content=\"https:\/\/www.revistalogistec.com\/index.php\/2026\/03\/08\/la-integracion-femenina-en-la-logistica-internacional\/\" \/>\n<meta property=\"og:site_name\" content=\"Revista Logistec\" \/>\n<meta property=\"article:published_time\" content=\"2026-03-08T15:16:50+00:00\" \/>\n<meta property=\"article:modified_time\" content=\"2026-03-10T14:06:52+00:00\" \/>\n<meta property=\"og:image\" content=\"https:\/\/www.revistalogistec.com\/wp-content\/uploads\/2026\/03\/IMG_9566.JPG.jpeg\" \/>\n\t<meta property=\"og:image:width\" content=\"1414\" \/>\n\t<meta property=\"og:image:height\" content=\"1692\" \/>\n\t<meta property=\"og:image:type\" content=\"image\/jpeg\" \/>\n<meta name=\"author\" content=\"admin\" \/>\n<meta name=\"twitter:card\" content=\"summary_large_image\" \/>\n<meta name=\"twitter:label1\" content=\"Escrito por\" \/>\n\t<meta name=\"twitter:data1\" content=\"admin\" \/>\n\t<meta name=\"twitter:label2\" content=\"Tiempo de lectura\" \/>\n\t<meta name=\"twitter:data2\" content=\"3 minutos\" \/>\n<script type=\"application\/ld+json\" class=\"yoast-schema-graph\">{\"@context\":\"https:\/\/schema.org\",\"@graph\":[{\"@type\":\"Article\",\"@id\":\"https:\/\/www.revistalogistec.com\/index.php\/2026\/03\/08\/la-integracion-femenina-en-la-logistica-internacional\/#article\",\"isPartOf\":{\"@id\":\"https:\/\/www.revistalogistec.com\/index.php\/2026\/03\/08\/la-integracion-femenina-en-la-logistica-internacional\/\"},\"author\":{\"name\":\"admin\",\"@id\":\"https:\/\/www.revistalogistec.com\/#\/schema\/person\/b25cced65507282f3fc6eb806b1db4f0\"},\"headline\":\"LA INTEGRACI\u00d3N FEMENINA EN LA LOG\u00cdSTICA INTERNACIONAL\",\"datePublished\":\"2026-03-08T15:16:50+00:00\",\"dateModified\":\"2026-03-10T14:06:52+00:00\",\"mainEntityOfPage\":{\"@id\":\"https:\/\/www.revistalogistec.com\/index.php\/2026\/03\/08\/la-integracion-femenina-en-la-logistica-internacional\/\"},\"wordCount\":562,\"image\":{\"@id\":\"https:\/\/www.revistalogistec.com\/index.php\/2026\/03\/08\/la-integracion-femenina-en-la-logistica-internacional\/#primaryimage\"},\"thumbnailUrl\":\"https:\/\/www.revistalogistec.com\/wp-content\/uploads\/2026\/03\/IMG_9566.JPG.jpeg\",\"articleSection\":[\"NOTICIAS CLIENTES\"],\"inLanguage\":\"es\"},{\"@type\":\"WebPage\",\"@id\":\"https:\/\/www.revistalogistec.com\/index.php\/2026\/03\/08\/la-integracion-femenina-en-la-logistica-internacional\/\",\"url\":\"https:\/\/www.revistalogistec.com\/index.php\/2026\/03\/08\/la-integracion-femenina-en-la-logistica-internacional\/\",\"name\":\"LA INTEGRACI\u00d3N FEMENINA EN LA LOG\u00cdSTICA INTERNACIONAL - Revista Logistec\",\"isPartOf\":{\"@id\":\"https:\/\/www.revistalogistec.com\/#website\"},\"primaryImageOfPage\":{\"@id\":\"https:\/\/www.revistalogistec.com\/index.php\/2026\/03\/08\/la-integracion-femenina-en-la-logistica-internacional\/#primaryimage\"},\"image\":{\"@id\":\"https:\/\/www.revistalogistec.com\/index.php\/2026\/03\/08\/la-integracion-femenina-en-la-logistica-internacional\/#primaryimage\"},\"thumbnailUrl\":\"https:\/\/www.revistalogistec.com\/wp-content\/uploads\/2026\/03\/IMG_9566.JPG.jpeg\",\"datePublished\":\"2026-03-08T15:16:50+00:00\",\"dateModified\":\"2026-03-10T14:06:52+00:00\",\"author\":{\"@id\":\"https:\/\/www.revistalogistec.com\/#\/schema\/person\/b25cced65507282f3fc6eb806b1db4f0\"},\"breadcrumb\":{\"@id\":\"https:\/\/www.revistalogistec.com\/index.php\/2026\/03\/08\/la-integracion-femenina-en-la-logistica-internacional\/#breadcrumb\"},\"inLanguage\":\"es\",\"potentialAction\":[{\"@type\":\"ReadAction\",\"target\":[\"https:\/\/www.revistalogistec.com\/index.php\/2026\/03\/08\/la-integracion-femenina-en-la-logistica-internacional\/\"]}]},{\"@type\":\"ImageObject\",\"inLanguage\":\"es\",\"@id\":\"https:\/\/www.revistalogistec.com\/index.php\/2026\/03\/08\/la-integracion-femenina-en-la-logistica-internacional\/#primaryimage\",\"url\":\"https:\/\/www.revistalogistec.com\/wp-content\/uploads\/2026\/03\/IMG_9566.JPG.jpeg\",\"contentUrl\":\"https:\/\/www.revistalogistec.com\/wp-content\/uploads\/2026\/03\/IMG_9566.JPG.jpeg\",\"width\":1414,\"height\":1692},{\"@type\":\"BreadcrumbList\",\"@id\":\"https:\/\/www.revistalogistec.com\/index.php\/2026\/03\/08\/la-integracion-femenina-en-la-logistica-internacional\/#breadcrumb\",\"itemListElement\":[{\"@type\":\"ListItem\",\"position\":1,\"name\":\"Portada\",\"item\":\"https:\/\/www.revistalogistec.com\/\"},{\"@type\":\"ListItem\",\"position\":2,\"name\":\"LA INTEGRACI\u00d3N FEMENINA EN LA LOG\u00cdSTICA INTERNACIONAL\"}]},{\"@type\":\"WebSite\",\"@id\":\"https:\/\/www.revistalogistec.com\/#website\",\"url\":\"https:\/\/www.revistalogistec.com\/\",\"name\":\"Revista Logistec\",\"description\":\"\",\"potentialAction\":[{\"@type\":\"SearchAction\",\"target\":{\"@type\":\"EntryPoint\",\"urlTemplate\":\"https:\/\/www.revistalogistec.com\/?s={search_term_string}\"},\"query-input\":{\"@type\":\"PropertyValueSpecification\",\"valueRequired\":true,\"valueName\":\"search_term_string\"}}],\"inLanguage\":\"es\"},{\"@type\":\"Person\",\"@id\":\"https:\/\/www.revistalogistec.com\/#\/schema\/person\/b25cced65507282f3fc6eb806b1db4f0\",\"name\":\"admin\",\"image\":{\"@type\":\"ImageObject\",\"inLanguage\":\"es\",\"@id\":\"https:\/\/secure.gravatar.com\/avatar\/94631f712dee24b50f2f12a7caf62df22b2c346945fcff655ce85b674bebf6fd?s=96&d=mm&r=g\",\"url\":\"https:\/\/secure.gravatar.com\/avatar\/94631f712dee24b50f2f12a7caf62df22b2c346945fcff655ce85b674bebf6fd?s=96&d=mm&r=g\",\"contentUrl\":\"https:\/\/secure.gravatar.com\/avatar\/94631f712dee24b50f2f12a7caf62df22b2c346945fcff655ce85b674bebf6fd?s=96&d=mm&r=g\",\"caption\":\"admin\"},\"sameAs\":[\"https:\/\/www.revistalogistec.com\"],\"url\":\"https:\/\/www.revistalogistec.com\/index.php\/author\/admin_revlog\/\"}]}<\/script>\n<!-- \/ Yoast SEO plugin. -->","yoast_head_json":{"title":"LA INTEGRACI\u00d3N FEMENINA EN LA LOG\u00cdSTICA INTERNACIONAL - Revista Logistec","robots":{"index":"index","follow":"follow","max-snippet":"max-snippet:-1","max-image-preview":"max-image-preview:large","max-video-preview":"max-video-preview:-1"},"canonical":"https:\/\/www.revistalogistec.com\/index.php\/2026\/03\/08\/la-integracion-femenina-en-la-logistica-internacional\/","og_locale":"es_ES","og_type":"article","og_title":"LA INTEGRACI\u00d3N FEMENINA EN LA LOG\u00cdSTICA INTERNACIONAL - Revista Logistec","og_description":"Acci\u00f3n se sustenta en una responsabilidad construida desde la historia, la conciencia y la convicci\u00f3n. La log\u00edstica internacional ha sido, hist\u00f3ricamente, una industria exigente, t\u00e9cnica y profundamente estructurada. Durante gran parte de su desarrollo, fue tambi\u00e9n un espacio mayoritariamente masculino, reflejo de una realidad global donde el acceso de las mujeres a posiciones de responsabilidad [&hellip;]","og_url":"https:\/\/www.revistalogistec.com\/index.php\/2026\/03\/08\/la-integracion-femenina-en-la-logistica-internacional\/","og_site_name":"Revista Logistec","article_published_time":"2026-03-08T15:16:50+00:00","article_modified_time":"2026-03-10T14:06:52+00:00","og_image":[{"width":1414,"height":1692,"url":"https:\/\/www.revistalogistec.com\/wp-content\/uploads\/2026\/03\/IMG_9566.JPG.jpeg","type":"image\/jpeg"}],"author":"admin","twitter_card":"summary_large_image","twitter_misc":{"Escrito por":"admin","Tiempo de lectura":"3 minutos"},"schema":{"@context":"https:\/\/schema.org","@graph":[{"@type":"Article","@id":"https:\/\/www.revistalogistec.com\/index.php\/2026\/03\/08\/la-integracion-femenina-en-la-logistica-internacional\/#article","isPartOf":{"@id":"https:\/\/www.revistalogistec.com\/index.php\/2026\/03\/08\/la-integracion-femenina-en-la-logistica-internacional\/"},"author":{"name":"admin","@id":"https:\/\/www.revistalogistec.com\/#\/schema\/person\/b25cced65507282f3fc6eb806b1db4f0"},"headline":"LA INTEGRACI\u00d3N FEMENINA EN LA LOG\u00cdSTICA INTERNACIONAL","datePublished":"2026-03-08T15:16:50+00:00","dateModified":"2026-03-10T14:06:52+00:00","mainEntityOfPage":{"@id":"https:\/\/www.revistalogistec.com\/index.php\/2026\/03\/08\/la-integracion-femenina-en-la-logistica-internacional\/"},"wordCount":562,"image":{"@id":"https:\/\/www.revistalogistec.com\/index.php\/2026\/03\/08\/la-integracion-femenina-en-la-logistica-internacional\/#primaryimage"},"thumbnailUrl":"https:\/\/www.revistalogistec.com\/wp-content\/uploads\/2026\/03\/IMG_9566.JPG.jpeg","articleSection":["NOTICIAS CLIENTES"],"inLanguage":"es"},{"@type":"WebPage","@id":"https:\/\/www.revistalogistec.com\/index.php\/2026\/03\/08\/la-integracion-femenina-en-la-logistica-internacional\/","url":"https:\/\/www.revistalogistec.com\/index.php\/2026\/03\/08\/la-integracion-femenina-en-la-logistica-internacional\/","name":"LA INTEGRACI\u00d3N FEMENINA EN LA LOG\u00cdSTICA INTERNACIONAL - Revista Logistec","isPartOf":{"@id":"https:\/\/www.revistalogistec.com\/#website"},"primaryImageOfPage":{"@id":"https:\/\/www.revistalogistec.com\/index.php\/2026\/03\/08\/la-integracion-femenina-en-la-logistica-internacional\/#primaryimage"},"image":{"@id":"https:\/\/www.revistalogistec.com\/index.php\/2026\/03\/08\/la-integracion-femenina-en-la-logistica-internacional\/#primaryimage"},"thumbnailUrl":"https:\/\/www.revistalogistec.com\/wp-content\/uploads\/2026\/03\/IMG_9566.JPG.jpeg","datePublished":"2026-03-08T15:16:50+00:00","dateModified":"2026-03-10T14:06:52+00:00","author":{"@id":"https:\/\/www.revistalogistec.com\/#\/schema\/person\/b25cced65507282f3fc6eb806b1db4f0"},"breadcrumb":{"@id":"https:\/\/www.revistalogistec.com\/index.php\/2026\/03\/08\/la-integracion-femenina-en-la-logistica-internacional\/#breadcrumb"},"inLanguage":"es","potentialAction":[{"@type":"ReadAction","target":["https:\/\/www.revistalogistec.com\/index.php\/2026\/03\/08\/la-integracion-femenina-en-la-logistica-internacional\/"]}]},{"@type":"ImageObject","inLanguage":"es","@id":"https:\/\/www.revistalogistec.com\/index.php\/2026\/03\/08\/la-integracion-femenina-en-la-logistica-internacional\/#primaryimage","url":"https:\/\/www.revistalogistec.com\/wp-content\/uploads\/2026\/03\/IMG_9566.JPG.jpeg","contentUrl":"https:\/\/www.revistalogistec.com\/wp-content\/uploads\/2026\/03\/IMG_9566.JPG.jpeg","width":1414,"height":1692},{"@type":"BreadcrumbList","@id":"https:\/\/www.revistalogistec.com\/index.php\/2026\/03\/08\/la-integracion-femenina-en-la-logistica-internacional\/#breadcrumb","itemListElement":[{"@type":"ListItem","position":1,"name":"Portada","item":"https:\/\/www.revistalogistec.com\/"},{"@type":"ListItem","position":2,"name":"LA INTEGRACI\u00d3N FEMENINA EN LA LOG\u00cdSTICA INTERNACIONAL"}]},{"@type":"WebSite","@id":"https:\/\/www.revistalogistec.com\/#website","url":"https:\/\/www.revistalogistec.com\/","name":"Revista Logistec","description":"","potentialAction":[{"@type":"SearchAction","target":{"@type":"EntryPoint","urlTemplate":"https:\/\/www.revistalogistec.com\/?s={search_term_string}"},"query-input":{"@type":"PropertyValueSpecification","valueRequired":true,"valueName":"search_term_string"}}],"inLanguage":"es"},{"@type":"Person","@id":"https:\/\/www.revistalogistec.com\/#\/schema\/person\/b25cced65507282f3fc6eb806b1db4f0","name":"admin","image":{"@type":"ImageObject","inLanguage":"es","@id":"https:\/\/secure.gravatar.com\/avatar\/94631f712dee24b50f2f12a7caf62df22b2c346945fcff655ce85b674bebf6fd?s=96&d=mm&r=g","url":"https:\/\/secure.gravatar.com\/avatar\/94631f712dee24b50f2f12a7caf62df22b2c346945fcff655ce85b674bebf6fd?s=96&d=mm&r=g","contentUrl":"https:\/\/secure.gravatar.com\/avatar\/94631f712dee24b50f2f12a7caf62df22b2c346945fcff655ce85b674bebf6fd?s=96&d=mm&r=g","caption":"admin"},"sameAs":["https:\/\/www.revistalogistec.com"],"url":"https:\/\/www.revistalogistec.com\/index.php\/author\/admin_revlog\/"}]}},"_links":{"self":[{"href":"https:\/\/www.revistalogistec.com\/index.php\/wp-json\/wp\/v2\/posts\/29072","targetHints":{"allow":["GET"]}}],"collection":[{"href":"https:\/\/www.revistalogistec.com\/index.php\/wp-json\/wp\/v2\/posts"}],"about":[{"href":"https:\/\/www.revistalogistec.com\/index.php\/wp-json\/wp\/v2\/types\/post"}],"author":[{"embeddable":true,"href":"https:\/\/www.revistalogistec.com\/index.php\/wp-json\/wp\/v2\/users\/1"}],"replies":[{"embeddable":true,"href":"https:\/\/www.revistalogistec.com\/index.php\/wp-json\/wp\/v2\/comments?post=29072"}],"version-history":[{"count":1,"href":"https:\/\/www.revistalogistec.com\/index.php\/wp-json\/wp\/v2\/posts\/29072\/revisions"}],"predecessor-version":[{"id":29074,"href":"https:\/\/www.revistalogistec.com\/index.php\/wp-json\/wp\/v2\/posts\/29072\/revisions\/29074"}],"wp:featuredmedia":[{"embeddable":true,"href":"https:\/\/www.revistalogistec.com\/index.php\/wp-json\/wp\/v2\/media\/29081"}],"wp:attachment":[{"href":"https:\/\/www.revistalogistec.com\/index.php\/wp-json\/wp\/v2\/media?parent=29072"}],"wp:term":[{"taxonomy":"category","embeddable":true,"href":"https:\/\/www.revistalogistec.com\/index.php\/wp-json\/wp\/v2\/categories?post=29072"},{"taxonomy":"post_tag","embeddable":true,"href":"https:\/\/www.revistalogistec.com\/index.php\/wp-json\/wp\/v2\/tags?post=29072"}],"curies":[{"name":"wp","href":"https:\/\/api.w.org\/{rel}","templated":true}]}}