{"id":29075,"date":"2026-03-08T11:20:41","date_gmt":"2026-03-08T15:20:41","guid":{"rendered":"https:\/\/www.revistalogistec.com\/?p=29075"},"modified":"2026-03-08T11:20:41","modified_gmt":"2026-03-08T15:20:41","slug":"mujeres-en-tecnologia-y-liderazgo-digital-un-talento-estrategico-para-la-competitividad-regional","status":"publish","type":"post","link":"https:\/\/www.revistalogistec.com\/index.php\/2026\/03\/08\/mujeres-en-tecnologia-y-liderazgo-digital-un-talento-estrategico-para-la-competitividad-regional\/","title":{"rendered":"MUJERES EN TECNOLOG\u00cdA Y LIDERAZGO DIGITAL: UN TALENTO ESTRAT\u00c9GICO PARA LA COMPETITIVIDAD REGIONAL"},"content":{"rendered":"<p style=\"text-align: justify;\">A medida que la transformaci\u00f3n digital avanza en todos los sectores productivos, fortalecer la participaci\u00f3n de mujeres en \u00e1reas tecnol\u00f3gicas y posiciones de liderazgo se vuelve esencial para impulsar la innovaci\u00f3n, ampliar la base de talento y acelerar el desarrollo digital en la regi\u00f3n.<!--more--><\/p>\n<p style=\"text-align: justify;\">La transformaci\u00f3n digital contin\u00faa modificando la forma de operar de las organizaciones, impulsando nuevas demandas de talento especializado y capacidades tecnol\u00f3gicas en pr\u00e1cticamente todos los sectores de la econom\u00eda. El desarrollo de equipos diversos y la incorporaci\u00f3n de m\u00e1s mujeres en \u00e1reas tecnol\u00f3gicas y de liderazgo digital se est\u00e1 planteando como un factor estrat\u00e9gico para fortalecer la innovaci\u00f3n, la competitividad y la sostenibilidad del ecosistema digital en la regi\u00f3n.<\/p>\n<p style=\"text-align: justify;\">A medida que las empresas avanzan en la adopci\u00f3n de tecnolog\u00edas como anal\u00edtica de datos, inteligencia artificial, automatizaci\u00f3n de procesos y plataformas digitales, el desaf\u00edo de contar con profesionales altamente capacitados se vuelve cada vez m\u00e1s relevante. En Latinoam\u00e9rica, donde la digitalizaci\u00f3n de industrias completas avanza velozmente, ampliar las oportunidades de desarrollo en el \u00e1mbito tecnol\u00f3gico aparece como una condici\u00f3n clave para sostener el crecimiento y la modernizaci\u00f3n de las organizaciones.<\/p>\n<p style=\"text-align: justify;\">En este contexto, promover la participaci\u00f3n femenina en el sector tecnol\u00f3gico no solo contribuye a reducir brechas hist\u00f3ricas en el acceso a carreras STEM, sino que tambi\u00e9n fortalece la capacidad de las empresas para innovar y desarrollar soluciones m\u00e1s integrales frente a los desaf\u00edos actuales del mercado.<\/p>\n<p style=\"text-align: justify;\">Andrea D\u00edaz, VP Corporativo de Banca y Seguros de SONDA, explica que el fortalecimiento del talento femenino en tecnolog\u00eda es un elemento cada vez m\u00e1s relevante para las organizaciones que buscan avanzar en su transformaci\u00f3n digital.<\/p>\n<p style=\"text-align: justify;\">\u201cHoy las empresas est\u00e1n enfrentando procesos de cambio cada vez m\u00e1s r\u00e1pidos, donde la tecnolog\u00eda cumple un rol central en la forma en que se dise\u00f1an servicios, se gestionan los datos y se toman decisiones. En esta l\u00ednea, ampliar la participaci\u00f3n de mujeres en \u00e1reas tecnol\u00f3gicas y en espacios de liderazgo permite incorporar nuevas perspectivas, enriquecer la innovaci\u00f3n y fortalecer la capacidad de las organizaciones para responder a entornos cada vez m\u00e1s din\u00e1micos\u201d, sostiene.<\/p>\n<p style=\"text-align: justify;\">La industria tecnol\u00f3gica, al igual que otros sectores intensivos en conocimiento, enfrenta el desaf\u00edo de ampliar su base de talento para acompa\u00f1ar el ritmo de adopci\u00f3n de nuevas tecnolog\u00edas. En ese sentido, impulsar el desarrollo de trayectorias profesionales en el \u00e1mbito digital, junto con generar espacios de liderazgo y crecimiento dentro de las organizaciones, se vuelve central para el desarrollo del ecosistema tecnol\u00f3gico.<\/p>\n<p style=\"text-align: justify;\">Pilar Teran, directora de Servicios de Plataformas Chile, destaca que avanzar en esta direcci\u00f3n requiere un trabajo sostenido tanto desde las empresas como desde el sistema educativo y el ecosistema de innovaci\u00f3n.<\/p>\n<p style=\"text-align: justify;\">\u201cFortalecer la participaci\u00f3n de mujeres en tecnolog\u00eda implica trabajar desde etapas tempranas en la formaci\u00f3n de talento, pero tambi\u00e9n en la generaci\u00f3n de oportunidades reales de desarrollo profesional y liderazgo dentro de las organizaciones. Cuando se promueve activamente esta diversidad, no solo se fortalecen los equipos, sino que tambi\u00e9n se construyen soluciones tecnol\u00f3gicas m\u00e1s robustas y alineadas con las necesidades de las personas\u201d, afirma.<\/p>\n<p style=\"text-align: justify;\">La digitalizaci\u00f3n se ha convertido en un habilitador clave para la productividad y la competitividad de las econom\u00edas, y el desarrollo de talento diverso aparece como un elemento central para sostener el crecimiento del sector tecnol\u00f3gico. Para la industria digital en la regi\u00f3n, ampliar las oportunidades de formaci\u00f3n, desarrollo profesional y liderazgo en el \u00e1mbito tecnol\u00f3gico, adem\u00e1s de representar un avance en t\u00e9rminos de inclusi\u00f3n, tambi\u00e9n es una estrategia clave para impulsar la innovaci\u00f3n y consolidar la transformaci\u00f3n digital a nivel continental.<\/p>\n","protected":false},"excerpt":{"rendered":"<p>A medida que la transformaci\u00f3n digital avanza en todos los sectores productivos, fortalecer la participaci\u00f3n de mujeres en \u00e1reas tecnol\u00f3gicas y posiciones de liderazgo se vuelve esencial para impulsar la innovaci\u00f3n, ampliar la base de talento y acelerar el desarrollo digital en la regi\u00f3n.<\/p>\n","protected":false},"author":1,"featured_media":29076,"comment_status":"closed","ping_status":"closed","sticky":false,"template":"","format":"standard","meta":{"_acf_changed":false,"jnews-multi-image_gallery":[],"jnews_single_post":{"subtitle":"","format":"standard","jnews_video_option_group":[[]],"override":[{"template":"1","parallax":"1","fullscreen":"1","layout":"right-sidebar","sidebar":"home-loop","second_sidebar":"default-sidebar","share_position":"top","share_float_style":"share-monocrhome","show_share_counter":"1","show_view_counter":"1","show_featured":"1","show_post_author_image":"1","show_post_date":"1","post_date_format":"default","post_date_format_custom":"Y\/m\/d","show_post_category":"1","show_post_reading_time":"0","post_reading_time_wpm":"300","post_calculate_word_method":"str_word_count","show_zoom_button":"0","zoom_button_out_step":"2","zoom_button_in_step":"3","show_post_tag":"1","show_prev_next_post":"1","show_popup_post":"1","number_popup_post":"1","show_post_related":"1","show_inline_post_related":"1"}],"image_override":[{"single_post_thumbnail_size":"crop-500","single_post_gallery_size":"crop-500"}],"trending_post_position":"meta","trending_post_label":"Trending","sponsored_post_label":"Sponsored by","disable_ad":"0"},"jnews_primary_category":[],"jnews_social_meta":[],"jnews_override_counter":{"view_counter_number":"0","share_counter_number":"0","like_counter_number":"0","dislike_counter_number":"0"},"footnotes":""},"categories":[164],"tags":[],"class_list":["post-29075","post","type-post","status-publish","format-standard","has-post-thumbnail","hentry","category-noticias-clientes"],"acf":[],"yoast_head":"<!-- This site is optimized with the Yoast SEO plugin v27.2 - https:\/\/yoast.com\/product\/yoast-seo-wordpress\/ -->\n<title>MUJERES EN TECNOLOG\u00cdA Y LIDERAZGO DIGITAL: UN TALENTO ESTRAT\u00c9GICO PARA LA COMPETITIVIDAD REGIONAL - Revista Logistec<\/title>\n<meta name=\"robots\" content=\"index, follow, max-snippet:-1, max-image-preview:large, max-video-preview:-1\" \/>\n<link rel=\"canonical\" href=\"https:\/\/www.revistalogistec.com\/index.php\/2026\/03\/08\/mujeres-en-tecnologia-y-liderazgo-digital-un-talento-estrategico-para-la-competitividad-regional\/\" \/>\n<meta property=\"og:locale\" content=\"es_ES\" \/>\n<meta property=\"og:type\" content=\"article\" \/>\n<meta property=\"og:title\" content=\"MUJERES EN TECNOLOG\u00cdA Y LIDERAZGO DIGITAL: UN TALENTO ESTRAT\u00c9GICO PARA LA COMPETITIVIDAD REGIONAL - Revista Logistec\" \/>\n<meta property=\"og:description\" content=\"A medida que la transformaci\u00f3n digital avanza en todos los sectores productivos, fortalecer la participaci\u00f3n de mujeres en \u00e1reas tecnol\u00f3gicas y posiciones de liderazgo se vuelve esencial para impulsar la innovaci\u00f3n, ampliar la base de talento y acelerar el desarrollo digital en la regi\u00f3n.\" \/>\n<meta property=\"og:url\" content=\"https:\/\/www.revistalogistec.com\/index.php\/2026\/03\/08\/mujeres-en-tecnologia-y-liderazgo-digital-un-talento-estrategico-para-la-competitividad-regional\/\" \/>\n<meta property=\"og:site_name\" content=\"Revista Logistec\" \/>\n<meta property=\"article:published_time\" content=\"2026-03-08T15:20:41+00:00\" \/>\n<meta property=\"og:image\" content=\"https:\/\/www.revistalogistec.com\/wp-content\/uploads\/2026\/03\/SONDA-Mujeres.jpg\" \/>\n\t<meta property=\"og:image:width\" content=\"1140\" \/>\n\t<meta property=\"og:image:height\" content=\"760\" \/>\n\t<meta property=\"og:image:type\" content=\"image\/jpeg\" \/>\n<meta name=\"author\" content=\"admin\" \/>\n<meta name=\"twitter:card\" content=\"summary_large_image\" \/>\n<meta name=\"twitter:label1\" content=\"Escrito por\" \/>\n\t<meta name=\"twitter:data1\" content=\"admin\" \/>\n\t<meta name=\"twitter:label2\" content=\"Tiempo de lectura\" \/>\n\t<meta name=\"twitter:data2\" content=\"3 minutos\" \/>\n<script type=\"application\/ld+json\" class=\"yoast-schema-graph\">{\"@context\":\"https:\/\/schema.org\",\"@graph\":[{\"@type\":\"Article\",\"@id\":\"https:\/\/www.revistalogistec.com\/index.php\/2026\/03\/08\/mujeres-en-tecnologia-y-liderazgo-digital-un-talento-estrategico-para-la-competitividad-regional\/#article\",\"isPartOf\":{\"@id\":\"https:\/\/www.revistalogistec.com\/index.php\/2026\/03\/08\/mujeres-en-tecnologia-y-liderazgo-digital-un-talento-estrategico-para-la-competitividad-regional\/\"},\"author\":{\"name\":\"admin\",\"@id\":\"https:\/\/www.revistalogistec.com\/#\/schema\/person\/b25cced65507282f3fc6eb806b1db4f0\"},\"headline\":\"MUJERES EN TECNOLOG\u00cdA Y LIDERAZGO DIGITAL: UN TALENTO ESTRAT\u00c9GICO PARA LA COMPETITIVIDAD REGIONAL\",\"datePublished\":\"2026-03-08T15:20:41+00:00\",\"mainEntityOfPage\":{\"@id\":\"https:\/\/www.revistalogistec.com\/index.php\/2026\/03\/08\/mujeres-en-tecnologia-y-liderazgo-digital-un-talento-estrategico-para-la-competitividad-regional\/\"},\"wordCount\":673,\"image\":{\"@id\":\"https:\/\/www.revistalogistec.com\/index.php\/2026\/03\/08\/mujeres-en-tecnologia-y-liderazgo-digital-un-talento-estrategico-para-la-competitividad-regional\/#primaryimage\"},\"thumbnailUrl\":\"https:\/\/www.revistalogistec.com\/wp-content\/uploads\/2026\/03\/SONDA-Mujeres.jpg\",\"articleSection\":[\"NOTICIAS CLIENTES\"],\"inLanguage\":\"es\"},{\"@type\":\"WebPage\",\"@id\":\"https:\/\/www.revistalogistec.com\/index.php\/2026\/03\/08\/mujeres-en-tecnologia-y-liderazgo-digital-un-talento-estrategico-para-la-competitividad-regional\/\",\"url\":\"https:\/\/www.revistalogistec.com\/index.php\/2026\/03\/08\/mujeres-en-tecnologia-y-liderazgo-digital-un-talento-estrategico-para-la-competitividad-regional\/\",\"name\":\"MUJERES EN TECNOLOG\u00cdA Y LIDERAZGO DIGITAL: UN TALENTO ESTRAT\u00c9GICO PARA LA COMPETITIVIDAD REGIONAL - Revista Logistec\",\"isPartOf\":{\"@id\":\"https:\/\/www.revistalogistec.com\/#website\"},\"primaryImageOfPage\":{\"@id\":\"https:\/\/www.revistalogistec.com\/index.php\/2026\/03\/08\/mujeres-en-tecnologia-y-liderazgo-digital-un-talento-estrategico-para-la-competitividad-regional\/#primaryimage\"},\"image\":{\"@id\":\"https:\/\/www.revistalogistec.com\/index.php\/2026\/03\/08\/mujeres-en-tecnologia-y-liderazgo-digital-un-talento-estrategico-para-la-competitividad-regional\/#primaryimage\"},\"thumbnailUrl\":\"https:\/\/www.revistalogistec.com\/wp-content\/uploads\/2026\/03\/SONDA-Mujeres.jpg\",\"datePublished\":\"2026-03-08T15:20:41+00:00\",\"author\":{\"@id\":\"https:\/\/www.revistalogistec.com\/#\/schema\/person\/b25cced65507282f3fc6eb806b1db4f0\"},\"breadcrumb\":{\"@id\":\"https:\/\/www.revistalogistec.com\/index.php\/2026\/03\/08\/mujeres-en-tecnologia-y-liderazgo-digital-un-talento-estrategico-para-la-competitividad-regional\/#breadcrumb\"},\"inLanguage\":\"es\",\"potentialAction\":[{\"@type\":\"ReadAction\",\"target\":[\"https:\/\/www.revistalogistec.com\/index.php\/2026\/03\/08\/mujeres-en-tecnologia-y-liderazgo-digital-un-talento-estrategico-para-la-competitividad-regional\/\"]}]},{\"@type\":\"ImageObject\",\"inLanguage\":\"es\",\"@id\":\"https:\/\/www.revistalogistec.com\/index.php\/2026\/03\/08\/mujeres-en-tecnologia-y-liderazgo-digital-un-talento-estrategico-para-la-competitividad-regional\/#primaryimage\",\"url\":\"https:\/\/www.revistalogistec.com\/wp-content\/uploads\/2026\/03\/SONDA-Mujeres.jpg\",\"contentUrl\":\"https:\/\/www.revistalogistec.com\/wp-content\/uploads\/2026\/03\/SONDA-Mujeres.jpg\",\"width\":1140,\"height\":760},{\"@type\":\"BreadcrumbList\",\"@id\":\"https:\/\/www.revistalogistec.com\/index.php\/2026\/03\/08\/mujeres-en-tecnologia-y-liderazgo-digital-un-talento-estrategico-para-la-competitividad-regional\/#breadcrumb\",\"itemListElement\":[{\"@type\":\"ListItem\",\"position\":1,\"name\":\"Portada\",\"item\":\"https:\/\/www.revistalogistec.com\/\"},{\"@type\":\"ListItem\",\"position\":2,\"name\":\"MUJERES EN TECNOLOG\u00cdA Y LIDERAZGO DIGITAL: UN TALENTO ESTRAT\u00c9GICO PARA LA COMPETITIVIDAD REGIONAL\"}]},{\"@type\":\"WebSite\",\"@id\":\"https:\/\/www.revistalogistec.com\/#website\",\"url\":\"https:\/\/www.revistalogistec.com\/\",\"name\":\"Revista Logistec\",\"description\":\"\",\"potentialAction\":[{\"@type\":\"SearchAction\",\"target\":{\"@type\":\"EntryPoint\",\"urlTemplate\":\"https:\/\/www.revistalogistec.com\/?s={search_term_string}\"},\"query-input\":{\"@type\":\"PropertyValueSpecification\",\"valueRequired\":true,\"valueName\":\"search_term_string\"}}],\"inLanguage\":\"es\"},{\"@type\":\"Person\",\"@id\":\"https:\/\/www.revistalogistec.com\/#\/schema\/person\/b25cced65507282f3fc6eb806b1db4f0\",\"name\":\"admin\",\"image\":{\"@type\":\"ImageObject\",\"inLanguage\":\"es\",\"@id\":\"https:\/\/secure.gravatar.com\/avatar\/94631f712dee24b50f2f12a7caf62df22b2c346945fcff655ce85b674bebf6fd?s=96&d=mm&r=g\",\"url\":\"https:\/\/secure.gravatar.com\/avatar\/94631f712dee24b50f2f12a7caf62df22b2c346945fcff655ce85b674bebf6fd?s=96&d=mm&r=g\",\"contentUrl\":\"https:\/\/secure.gravatar.com\/avatar\/94631f712dee24b50f2f12a7caf62df22b2c346945fcff655ce85b674bebf6fd?s=96&d=mm&r=g\",\"caption\":\"admin\"},\"sameAs\":[\"https:\/\/www.revistalogistec.com\"],\"url\":\"https:\/\/www.revistalogistec.com\/index.php\/author\/admin_revlog\/\"}]}<\/script>\n<!-- \/ Yoast SEO plugin. -->","yoast_head_json":{"title":"MUJERES EN TECNOLOG\u00cdA Y LIDERAZGO DIGITAL: UN TALENTO ESTRAT\u00c9GICO PARA LA COMPETITIVIDAD REGIONAL - Revista Logistec","robots":{"index":"index","follow":"follow","max-snippet":"max-snippet:-1","max-image-preview":"max-image-preview:large","max-video-preview":"max-video-preview:-1"},"canonical":"https:\/\/www.revistalogistec.com\/index.php\/2026\/03\/08\/mujeres-en-tecnologia-y-liderazgo-digital-un-talento-estrategico-para-la-competitividad-regional\/","og_locale":"es_ES","og_type":"article","og_title":"MUJERES EN TECNOLOG\u00cdA Y LIDERAZGO DIGITAL: UN TALENTO ESTRAT\u00c9GICO PARA LA COMPETITIVIDAD REGIONAL - Revista Logistec","og_description":"A medida que la transformaci\u00f3n digital avanza en todos los sectores productivos, fortalecer la participaci\u00f3n de mujeres en \u00e1reas tecnol\u00f3gicas y posiciones de liderazgo se vuelve esencial para impulsar la innovaci\u00f3n, ampliar la base de talento y acelerar el desarrollo digital en la regi\u00f3n.","og_url":"https:\/\/www.revistalogistec.com\/index.php\/2026\/03\/08\/mujeres-en-tecnologia-y-liderazgo-digital-un-talento-estrategico-para-la-competitividad-regional\/","og_site_name":"Revista Logistec","article_published_time":"2026-03-08T15:20:41+00:00","og_image":[{"width":1140,"height":760,"url":"https:\/\/www.revistalogistec.com\/wp-content\/uploads\/2026\/03\/SONDA-Mujeres.jpg","type":"image\/jpeg"}],"author":"admin","twitter_card":"summary_large_image","twitter_misc":{"Escrito por":"admin","Tiempo de lectura":"3 minutos"},"schema":{"@context":"https:\/\/schema.org","@graph":[{"@type":"Article","@id":"https:\/\/www.revistalogistec.com\/index.php\/2026\/03\/08\/mujeres-en-tecnologia-y-liderazgo-digital-un-talento-estrategico-para-la-competitividad-regional\/#article","isPartOf":{"@id":"https:\/\/www.revistalogistec.com\/index.php\/2026\/03\/08\/mujeres-en-tecnologia-y-liderazgo-digital-un-talento-estrategico-para-la-competitividad-regional\/"},"author":{"name":"admin","@id":"https:\/\/www.revistalogistec.com\/#\/schema\/person\/b25cced65507282f3fc6eb806b1db4f0"},"headline":"MUJERES EN TECNOLOG\u00cdA Y LIDERAZGO DIGITAL: UN TALENTO ESTRAT\u00c9GICO PARA LA COMPETITIVIDAD REGIONAL","datePublished":"2026-03-08T15:20:41+00:00","mainEntityOfPage":{"@id":"https:\/\/www.revistalogistec.com\/index.php\/2026\/03\/08\/mujeres-en-tecnologia-y-liderazgo-digital-un-talento-estrategico-para-la-competitividad-regional\/"},"wordCount":673,"image":{"@id":"https:\/\/www.revistalogistec.com\/index.php\/2026\/03\/08\/mujeres-en-tecnologia-y-liderazgo-digital-un-talento-estrategico-para-la-competitividad-regional\/#primaryimage"},"thumbnailUrl":"https:\/\/www.revistalogistec.com\/wp-content\/uploads\/2026\/03\/SONDA-Mujeres.jpg","articleSection":["NOTICIAS CLIENTES"],"inLanguage":"es"},{"@type":"WebPage","@id":"https:\/\/www.revistalogistec.com\/index.php\/2026\/03\/08\/mujeres-en-tecnologia-y-liderazgo-digital-un-talento-estrategico-para-la-competitividad-regional\/","url":"https:\/\/www.revistalogistec.com\/index.php\/2026\/03\/08\/mujeres-en-tecnologia-y-liderazgo-digital-un-talento-estrategico-para-la-competitividad-regional\/","name":"MUJERES EN TECNOLOG\u00cdA Y LIDERAZGO DIGITAL: UN TALENTO ESTRAT\u00c9GICO PARA LA COMPETITIVIDAD REGIONAL - Revista Logistec","isPartOf":{"@id":"https:\/\/www.revistalogistec.com\/#website"},"primaryImageOfPage":{"@id":"https:\/\/www.revistalogistec.com\/index.php\/2026\/03\/08\/mujeres-en-tecnologia-y-liderazgo-digital-un-talento-estrategico-para-la-competitividad-regional\/#primaryimage"},"image":{"@id":"https:\/\/www.revistalogistec.com\/index.php\/2026\/03\/08\/mujeres-en-tecnologia-y-liderazgo-digital-un-talento-estrategico-para-la-competitividad-regional\/#primaryimage"},"thumbnailUrl":"https:\/\/www.revistalogistec.com\/wp-content\/uploads\/2026\/03\/SONDA-Mujeres.jpg","datePublished":"2026-03-08T15:20:41+00:00","author":{"@id":"https:\/\/www.revistalogistec.com\/#\/schema\/person\/b25cced65507282f3fc6eb806b1db4f0"},"breadcrumb":{"@id":"https:\/\/www.revistalogistec.com\/index.php\/2026\/03\/08\/mujeres-en-tecnologia-y-liderazgo-digital-un-talento-estrategico-para-la-competitividad-regional\/#breadcrumb"},"inLanguage":"es","potentialAction":[{"@type":"ReadAction","target":["https:\/\/www.revistalogistec.com\/index.php\/2026\/03\/08\/mujeres-en-tecnologia-y-liderazgo-digital-un-talento-estrategico-para-la-competitividad-regional\/"]}]},{"@type":"ImageObject","inLanguage":"es","@id":"https:\/\/www.revistalogistec.com\/index.php\/2026\/03\/08\/mujeres-en-tecnologia-y-liderazgo-digital-un-talento-estrategico-para-la-competitividad-regional\/#primaryimage","url":"https:\/\/www.revistalogistec.com\/wp-content\/uploads\/2026\/03\/SONDA-Mujeres.jpg","contentUrl":"https:\/\/www.revistalogistec.com\/wp-content\/uploads\/2026\/03\/SONDA-Mujeres.jpg","width":1140,"height":760},{"@type":"BreadcrumbList","@id":"https:\/\/www.revistalogistec.com\/index.php\/2026\/03\/08\/mujeres-en-tecnologia-y-liderazgo-digital-un-talento-estrategico-para-la-competitividad-regional\/#breadcrumb","itemListElement":[{"@type":"ListItem","position":1,"name":"Portada","item":"https:\/\/www.revistalogistec.com\/"},{"@type":"ListItem","position":2,"name":"MUJERES EN TECNOLOG\u00cdA Y LIDERAZGO DIGITAL: UN TALENTO ESTRAT\u00c9GICO PARA LA COMPETITIVIDAD REGIONAL"}]},{"@type":"WebSite","@id":"https:\/\/www.revistalogistec.com\/#website","url":"https:\/\/www.revistalogistec.com\/","name":"Revista Logistec","description":"","potentialAction":[{"@type":"SearchAction","target":{"@type":"EntryPoint","urlTemplate":"https:\/\/www.revistalogistec.com\/?s={search_term_string}"},"query-input":{"@type":"PropertyValueSpecification","valueRequired":true,"valueName":"search_term_string"}}],"inLanguage":"es"},{"@type":"Person","@id":"https:\/\/www.revistalogistec.com\/#\/schema\/person\/b25cced65507282f3fc6eb806b1db4f0","name":"admin","image":{"@type":"ImageObject","inLanguage":"es","@id":"https:\/\/secure.gravatar.com\/avatar\/94631f712dee24b50f2f12a7caf62df22b2c346945fcff655ce85b674bebf6fd?s=96&d=mm&r=g","url":"https:\/\/secure.gravatar.com\/avatar\/94631f712dee24b50f2f12a7caf62df22b2c346945fcff655ce85b674bebf6fd?s=96&d=mm&r=g","contentUrl":"https:\/\/secure.gravatar.com\/avatar\/94631f712dee24b50f2f12a7caf62df22b2c346945fcff655ce85b674bebf6fd?s=96&d=mm&r=g","caption":"admin"},"sameAs":["https:\/\/www.revistalogistec.com"],"url":"https:\/\/www.revistalogistec.com\/index.php\/author\/admin_revlog\/"}]}},"_links":{"self":[{"href":"https:\/\/www.revistalogistec.com\/index.php\/wp-json\/wp\/v2\/posts\/29075","targetHints":{"allow":["GET"]}}],"collection":[{"href":"https:\/\/www.revistalogistec.com\/index.php\/wp-json\/wp\/v2\/posts"}],"about":[{"href":"https:\/\/www.revistalogistec.com\/index.php\/wp-json\/wp\/v2\/types\/post"}],"author":[{"embeddable":true,"href":"https:\/\/www.revistalogistec.com\/index.php\/wp-json\/wp\/v2\/users\/1"}],"replies":[{"embeddable":true,"href":"https:\/\/www.revistalogistec.com\/index.php\/wp-json\/wp\/v2\/comments?post=29075"}],"version-history":[{"count":1,"href":"https:\/\/www.revistalogistec.com\/index.php\/wp-json\/wp\/v2\/posts\/29075\/revisions"}],"predecessor-version":[{"id":29077,"href":"https:\/\/www.revistalogistec.com\/index.php\/wp-json\/wp\/v2\/posts\/29075\/revisions\/29077"}],"wp:featuredmedia":[{"embeddable":true,"href":"https:\/\/www.revistalogistec.com\/index.php\/wp-json\/wp\/v2\/media\/29076"}],"wp:attachment":[{"href":"https:\/\/www.revistalogistec.com\/index.php\/wp-json\/wp\/v2\/media?parent=29075"}],"wp:term":[{"taxonomy":"category","embeddable":true,"href":"https:\/\/www.revistalogistec.com\/index.php\/wp-json\/wp\/v2\/categories?post=29075"},{"taxonomy":"post_tag","embeddable":true,"href":"https:\/\/www.revistalogistec.com\/index.php\/wp-json\/wp\/v2\/tags?post=29075"}],"curies":[{"name":"wp","href":"https:\/\/api.w.org\/{rel}","templated":true}]}}