{"id":29085,"date":"2026-03-12T11:56:46","date_gmt":"2026-03-12T15:56:46","guid":{"rendered":"https:\/\/www.revistalogistec.com\/?p=29085"},"modified":"2026-03-12T12:06:31","modified_gmt":"2026-03-12T16:06:31","slug":"ecommerce-day-chile-2026-el-principal-punto-de-encuentro-del-digital-commerce-regresa-a-santiago-en-una-edicion-historica","status":"publish","type":"post","link":"https:\/\/www.revistalogistec.com\/index.php\/2026\/03\/12\/ecommerce-day-chile-2026-el-principal-punto-de-encuentro-del-digital-commerce-regresa-a-santiago-en-una-edicion-historica\/","title":{"rendered":"ECOMMERCE DAY CHILE 2026: EL PRINCIPAL PUNTO DE ENCUENTRO DEL DIGITAL COMMERCE REGRESA A SANTIAGO EN UNA EDICI\u00d3N HIST\u00d3RICA"},"content":{"rendered":"<p style=\"text-align: justify;\">El evento m\u00e1s relevante del ecosistema digital en Chile reunir\u00e1 a CEOs, l\u00edderes de retail, marcas y expertos internacionales para analizar el presente y futuro del comercio electr\u00f3nico, en el marco de los 20 a\u00f1os del eCommerce Day Tour en Latinoam\u00e9rica.<!--more--><\/p>\n<p style=\"text-align: justify;\"><a href=\"https:\/\/ecommerceday.cl\/2026\/\">El eCommerce Day Chile 2026<\/a> ya tiene fecha y sede confirmadas: ser\u00e1 el 9 de abril en CentroParque, Santiago de Chile. La cita inaugura la temporada 2026 del eCommerce Day Tour, el ciclo de eventos m\u00e1s importante del Digital Commerce en Am\u00e9rica Latina y el Caribe, que este a\u00f1o conmemora dos d\u00e9cadas conectando a los principales l\u00edderes, profesionales y empresas del ecosistema digital.<\/p>\n<p style=\"text-align: justify;\">Organizado por el eCommerce Institute junto a la C\u00e1mara de Comercio de Santiago (CCS), el encuentro reunir\u00e1 a tomadores de decisi\u00f3n desde CEOs y directores hasta gerentes de eCommerce, marketing y operaciones para debatir sobre las tendencias que est\u00e1n transformando el comercio electr\u00f3nico, los canales digitales y la experiencia del consumidor.<\/p>\n<p style=\"text-align: justify;\">Bajo el lema \u201cRetail, Digital Channels &amp; AI Revolution\u201d, el eCommerce Day Chile se posiciona como un evento clave para entender el rumbo del sector en el pa\u00eds y la regi\u00f3n. Con una agenda de contenido de alto valor, las plenarias, charlas y workshops se enfocar\u00e1n en los temas m\u00e1s relevantes y en tendencia de la industria como: inteligencia artificial aplicada al negocio digital, comercio unificado y omnicanalidad, tendencias en marketplaces y retail media, social commerce y customer centricity, log\u00edstica inteligente y \u00faltima milla, fintech y soluciones de pagos, as\u00ed como transformaci\u00f3n digital, talento y liderazgo. La propuesta combina perspectivas globales con casos de \u00e9xito locales, generando un espacio de di\u00e1logo que une la visi\u00f3n estrat\u00e9gica con aplicaciones pr\u00e1cticas para la industria.<\/p>\n<p style=\"text-align: justify;\">\u201cEl Tour eCommerce Day 2026 comienza en Chile, un pa\u00eds que llega a 2026 con un digital commerce consolidado: casi 65% de los consumidores compra online de forma habitual y el mercado de bienes crece nuevamente en torno al 10% anual. El volumen ya no es la inc\u00f3gnita; la pregunta es c\u00f3mo capturar valor en un entorno m\u00e1s competitivo y con mayor presi\u00f3n del crossborder. En ese contexto, la inteligencia artificial se instala como el tema del a\u00f1o. Ya est\u00e1 impactando ingresos, eficiencia log\u00edstica y reducci\u00f3n de costos, pero el verdadero diferencial estar\u00e1 en el criterio con que se implemente: gobernanza clara, datos confiables y una cultura organizacional preparada para decidir en entornos asistidos por algoritmos. El eCommerce Day Chile 2026 ser\u00e1 el espacio para conectar esas piezas: crecimiento sostenible, IA aplicada con responsabilidad y liderazgo capaz de transformar tecnolog\u00eda en ventaja competitiva real.\u201d, afirm\u00f3 Marcos Pueyrredon, Presidente eCommerce Institute y Co-founder VTEX.<\/p>\n<p style=\"text-align: justify;\">\u201cChile ha construido en los \u00faltimos a\u00f1os uno de los ecosistemas de comercio electr\u00f3nico m\u00e1s desarrollados de Am\u00e9rica Latina, con empresas que han sabido incorporar tecnolog\u00eda, log\u00edstica avanzada y nuevos medios de pago para responder a un consumidor cada vez m\u00e1s digital. El eCommerce Day Chile 2026 es una instancia estrat\u00e9gica para proyectar la pr\u00f3xima etapa de esta industria: c\u00f3mo aprovechar la inteligencia artificial, los datos y la omnicanalidad para mejorar la competitividad de nuestras empresas y generar m\u00e1s valor para los consumidores. Desde la C\u00e1mara de Comercio de Santiago creemos que el desaf\u00edo ahora no es solo crecer, sino consolidar un comercio digital m\u00e1s innovador, eficiente y preparado para competir en un mercado global\u201d, se\u00f1al\u00f3 Carlos Soublette, Gerente General de la CCS.<\/p>\n<h4 style=\"text-align: justify;\">Actividades especiales que potenciar\u00e1n el networking y la formaci\u00f3n<\/h4>\n<p style=\"text-align: justify;\">El eCommerce Day Chile incluir\u00e1 una programaci\u00f3n integral que complementa las conferencias magistrales con plenarias y paneles a cargo de referentes de la industria, sesiones de networking orientadas a generar conexiones estrat\u00e9gicas entre pares y potenciales aliados, y workshops pr\u00e1cticos dise\u00f1ados para profundizar conocimientos y fortalecer capacidades profesionales.<\/p>\n<p style=\"text-align: justify;\">Adem\u00e1s, el 10 de abril, d\u00eda posterior al evento presencial, se realizar\u00e1 el <a href=\"https:\/\/ecommerce.institute\/retail-and-commerce-discovery\/\">Retail &amp; Commerce Discovery 2026<\/a>, que incluir\u00e1 dos actividades clave. Por la ma\u00f1ana tendr\u00e1 lugar el Technical Roadshow (antes conocido como eCommerce Day Experience), donde los participantes podr\u00e1n visitar operaciones de eCommerce l\u00edderes del mercado chileno para conocer de primera mano sus procesos, tecnolog\u00edas y modelos de gesti\u00f3n. En paralelo, se desarrollar\u00e1 el eL\u00edderes F\u00f3rum, un espacio de intercambio entre referentes del ecosistema que explorar\u00e1 las mejores pr\u00e1cticas y los principales desaf\u00edos en log\u00edstica, operaciones y fulfillment, promoviendo el aprendizaje colaborativo entre l\u00edderes de la industria.<\/p>\n<p style=\"text-align: justify;\">Estas actividades est\u00e1n dise\u00f1adas para maximizar el valor para los asistentes, potenciando conexi\u00f3n, aprendizaje y oportunidades de negocio.<\/p>\n<p style=\"text-align: justify;\">Esta edici\u00f3n marca el inicio del eCommerce Day Tour 2026, que recorrer\u00e1 varios pa\u00edses de la regi\u00f3n reforzando su rol como principal punto de encuentro del comercio digital en Iberoam\u00e9rica. Chile, hist\u00f3ricamente uno de los mercados m\u00e1s din\u00e1micos del ecosistema digital latinoamericano, ser\u00e1 el escenario donde se abordan las tendencias que marcar\u00e1n la agenda de los negocios online para el a\u00f1o y se generar\u00e1n insights estrat\u00e9gicos para los profesionales que lideran la transformaci\u00f3n digital en sus organizaciones.<\/p>\n<p style=\"text-align: justify;\">La venta de entradas y detalles de la agenda est\u00e1n disponibles en el sitio oficial del evento:<\/p>\n<p style=\"text-align: justify;\"><a href=\"https:\/\/ecommerceday.cl\/2026\/reserva-tu-lugar\/\">https:\/\/ecommerceday.cl\/2026\/reserva-tu-lugar\/<\/a><\/p>\n<h4 style=\"text-align: justify;\">Acerca del eCommerce Institute<\/h4>\n<p style=\"text-align: justify;\">Es una organizaci\u00f3n sin fines de lucro de car\u00e1cter regional que desarrolla y apoya la Econom\u00eda Digital en los diferentes pa\u00edses de Latinoam\u00e9rica con el objetivo de promover iniciativas que consoliden el mundo de los negocios por Internet. Dentro de los objetivos se encuentra tejer una red abierta a entidades e instituciones a nivel regional que potencien las iniciativas de cada uno de sus integrantes y del conjunto. Desde su creaci\u00f3n ha llevado a cabo actividades con continuidad que se han plasmado en actividades surgidas del seno de las instituciones que forman parte de su red.<\/p>\n<p style=\"text-align: justify;\">Para mayor informaci\u00f3n sobre las mismas ingrese en <a href=\"http:\/\/www.ecommerce.institute\">www.ecommerce.institute<\/a><\/p>\n<h4 style=\"text-align: justify;\">Acerca de la C\u00e1mara de Comercio de Santiago<\/h4>\n<p style=\"text-align: justify;\">La C\u00e1mara de Comercio de Santiago (CCS) es una asociaci\u00f3n gremial sin fines de lucro, con 105 a\u00f1os de trayectoria que agrupa a m\u00e1s de 2.400 empresas de distintos tama\u00f1os y sectores econ\u00f3micos en Chile. Su labor se centra en representar y defender los intereses del comercio, impulsando el desarrollo empresarial a trav\u00e9s de iniciativas estrat\u00e9gicas, participaci\u00f3n en el debate legislativo y promoci\u00f3n de la innovaci\u00f3n en el sector.<\/p>\n<p style=\"text-align: justify;\">Adem\u00e1s, la CCS ofrece productos y servicios dise\u00f1ados para fortalecer la gesti\u00f3n empresarial, brindando a sus asociados herramientas clave para enfrentar los desaf\u00edos del mercado y mejorar su competitividad. Su compromiso con la transformaci\u00f3n digital y la evoluci\u00f3n del comercio la posiciona como un referente en la modernizaci\u00f3n y crecimiento del ecosistema empresarial chileno.<\/p>\n<p style=\"text-align: justify;\">Para m\u00e1s informaci\u00f3n, ingrese a\u00a0<a href=\"https:\/\/www.ccs.cl\/\">https:\/\/www.ccs.cl\/<\/a><\/p>\n","protected":false},"excerpt":{"rendered":"<p>El evento m\u00e1s relevante del ecosistema digital en Chile reunir\u00e1 a CEOs, l\u00edderes de retail, marcas y expertos internacionales para analizar el presente y futuro del comercio electr\u00f3nico, en el marco de los 20 a\u00f1os del eCommerce Day Tour en Latinoam\u00e9rica.<\/p>\n","protected":false},"author":1,"featured_media":29086,"comment_status":"closed","ping_status":"closed","sticky":false,"template":"","format":"standard","meta":{"_acf_changed":false,"jnews-multi-image_gallery":[],"jnews_single_post":{"subtitle":"","format":"standard","jnews_video_option_group":[[]],"override":[{"template":"1","parallax":"1","fullscreen":"1","layout":"right-sidebar","sidebar":"home-loop","second_sidebar":"default-sidebar","share_position":"top","share_float_style":"share-monocrhome","show_share_counter":"1","show_view_counter":"1","show_featured":"1","show_post_author_image":"1","show_post_date":"1","post_date_format":"default","post_date_format_custom":"Y\/m\/d","show_post_category":"1","show_post_reading_time":"0","post_reading_time_wpm":"300","post_calculate_word_method":"str_word_count","show_zoom_button":"0","zoom_button_out_step":"2","zoom_button_in_step":"3","show_post_tag":"1","show_prev_next_post":"1","show_popup_post":"1","number_popup_post":"1","show_post_related":"1","show_inline_post_related":"1"}],"image_override":[{"single_post_thumbnail_size":"crop-500","single_post_gallery_size":"crop-500"}],"trending_post_position":"meta","trending_post_label":"Trending","sponsored_post_label":"Sponsored by","disable_ad":"0"},"jnews_primary_category":[],"jnews_social_meta":[],"jnews_override_counter":{"view_counter_number":"0","share_counter_number":"0","like_counter_number":"0","dislike_counter_number":"0"},"footnotes":""},"categories":[164],"tags":[],"class_list":["post-29085","post","type-post","status-publish","format-standard","has-post-thumbnail","hentry","category-noticias-clientes"],"acf":[],"yoast_head":"<!-- This site is optimized with the Yoast SEO plugin v27.2 - https:\/\/yoast.com\/product\/yoast-seo-wordpress\/ -->\n<title>ECOMMERCE DAY CHILE 2026: EL PRINCIPAL PUNTO DE ENCUENTRO DEL DIGITAL COMMERCE REGRESA A SANTIAGO EN UNA EDICI\u00d3N HIST\u00d3RICA - Revista Logistec<\/title>\n<meta name=\"robots\" content=\"index, follow, max-snippet:-1, max-image-preview:large, max-video-preview:-1\" \/>\n<link rel=\"canonical\" href=\"https:\/\/www.revistalogistec.com\/index.php\/2026\/03\/12\/ecommerce-day-chile-2026-el-principal-punto-de-encuentro-del-digital-commerce-regresa-a-santiago-en-una-edicion-historica\/\" \/>\n<meta property=\"og:locale\" content=\"es_ES\" \/>\n<meta property=\"og:type\" content=\"article\" \/>\n<meta property=\"og:title\" content=\"ECOMMERCE DAY CHILE 2026: EL PRINCIPAL PUNTO DE ENCUENTRO DEL DIGITAL COMMERCE REGRESA A SANTIAGO EN UNA EDICI\u00d3N HIST\u00d3RICA - Revista Logistec\" \/>\n<meta property=\"og:description\" content=\"El evento m\u00e1s relevante del ecosistema digital en Chile reunir\u00e1 a CEOs, l\u00edderes de retail, marcas y expertos internacionales para analizar el presente y futuro del comercio electr\u00f3nico, en el marco de los 20 a\u00f1os del eCommerce Day Tour en Latinoam\u00e9rica.\" \/>\n<meta property=\"og:url\" content=\"https:\/\/www.revistalogistec.com\/index.php\/2026\/03\/12\/ecommerce-day-chile-2026-el-principal-punto-de-encuentro-del-digital-commerce-regresa-a-santiago-en-una-edicion-historica\/\" \/>\n<meta property=\"og:site_name\" content=\"Revista Logistec\" \/>\n<meta property=\"article:published_time\" content=\"2026-03-12T15:56:46+00:00\" \/>\n<meta property=\"article:modified_time\" content=\"2026-03-12T16:06:31+00:00\" \/>\n<meta property=\"og:image\" content=\"https:\/\/www.revistalogistec.com\/wp-content\/uploads\/2026\/03\/eDay-Chile-2026.gif\" \/>\n\t<meta property=\"og:image:width\" content=\"1140\" \/>\n\t<meta property=\"og:image:height\" content=\"760\" \/>\n\t<meta property=\"og:image:type\" content=\"image\/gif\" \/>\n<meta name=\"author\" content=\"admin\" \/>\n<meta name=\"twitter:card\" content=\"summary_large_image\" \/>\n<meta name=\"twitter:label1\" content=\"Escrito por\" \/>\n\t<meta name=\"twitter:data1\" content=\"admin\" \/>\n\t<meta name=\"twitter:label2\" content=\"Tiempo de lectura\" \/>\n\t<meta name=\"twitter:data2\" content=\"6 minutos\" \/>\n<script type=\"application\/ld+json\" class=\"yoast-schema-graph\">{\"@context\":\"https:\/\/schema.org\",\"@graph\":[{\"@type\":\"Article\",\"@id\":\"https:\/\/www.revistalogistec.com\/index.php\/2026\/03\/12\/ecommerce-day-chile-2026-el-principal-punto-de-encuentro-del-digital-commerce-regresa-a-santiago-en-una-edicion-historica\/#article\",\"isPartOf\":{\"@id\":\"https:\/\/www.revistalogistec.com\/index.php\/2026\/03\/12\/ecommerce-day-chile-2026-el-principal-punto-de-encuentro-del-digital-commerce-regresa-a-santiago-en-una-edicion-historica\/\"},\"author\":{\"name\":\"admin\",\"@id\":\"https:\/\/www.revistalogistec.com\/#\/schema\/person\/b25cced65507282f3fc6eb806b1db4f0\"},\"headline\":\"ECOMMERCE DAY CHILE 2026: EL PRINCIPAL PUNTO DE ENCUENTRO DEL DIGITAL COMMERCE REGRESA A SANTIAGO EN UNA EDICI\u00d3N HIST\u00d3RICA\",\"datePublished\":\"2026-03-12T15:56:46+00:00\",\"dateModified\":\"2026-03-12T16:06:31+00:00\",\"mainEntityOfPage\":{\"@id\":\"https:\/\/www.revistalogistec.com\/index.php\/2026\/03\/12\/ecommerce-day-chile-2026-el-principal-punto-de-encuentro-del-digital-commerce-regresa-a-santiago-en-una-edicion-historica\/\"},\"wordCount\":1192,\"image\":{\"@id\":\"https:\/\/www.revistalogistec.com\/index.php\/2026\/03\/12\/ecommerce-day-chile-2026-el-principal-punto-de-encuentro-del-digital-commerce-regresa-a-santiago-en-una-edicion-historica\/#primaryimage\"},\"thumbnailUrl\":\"https:\/\/www.revistalogistec.com\/wp-content\/uploads\/2026\/03\/eDay-Chile-2026.gif\",\"articleSection\":[\"NOTICIAS CLIENTES\"],\"inLanguage\":\"es\"},{\"@type\":\"WebPage\",\"@id\":\"https:\/\/www.revistalogistec.com\/index.php\/2026\/03\/12\/ecommerce-day-chile-2026-el-principal-punto-de-encuentro-del-digital-commerce-regresa-a-santiago-en-una-edicion-historica\/\",\"url\":\"https:\/\/www.revistalogistec.com\/index.php\/2026\/03\/12\/ecommerce-day-chile-2026-el-principal-punto-de-encuentro-del-digital-commerce-regresa-a-santiago-en-una-edicion-historica\/\",\"name\":\"ECOMMERCE DAY CHILE 2026: EL PRINCIPAL PUNTO DE ENCUENTRO DEL DIGITAL COMMERCE REGRESA A SANTIAGO EN UNA EDICI\u00d3N HIST\u00d3RICA - Revista Logistec\",\"isPartOf\":{\"@id\":\"https:\/\/www.revistalogistec.com\/#website\"},\"primaryImageOfPage\":{\"@id\":\"https:\/\/www.revistalogistec.com\/index.php\/2026\/03\/12\/ecommerce-day-chile-2026-el-principal-punto-de-encuentro-del-digital-commerce-regresa-a-santiago-en-una-edicion-historica\/#primaryimage\"},\"image\":{\"@id\":\"https:\/\/www.revistalogistec.com\/index.php\/2026\/03\/12\/ecommerce-day-chile-2026-el-principal-punto-de-encuentro-del-digital-commerce-regresa-a-santiago-en-una-edicion-historica\/#primaryimage\"},\"thumbnailUrl\":\"https:\/\/www.revistalogistec.com\/wp-content\/uploads\/2026\/03\/eDay-Chile-2026.gif\",\"datePublished\":\"2026-03-12T15:56:46+00:00\",\"dateModified\":\"2026-03-12T16:06:31+00:00\",\"author\":{\"@id\":\"https:\/\/www.revistalogistec.com\/#\/schema\/person\/b25cced65507282f3fc6eb806b1db4f0\"},\"breadcrumb\":{\"@id\":\"https:\/\/www.revistalogistec.com\/index.php\/2026\/03\/12\/ecommerce-day-chile-2026-el-principal-punto-de-encuentro-del-digital-commerce-regresa-a-santiago-en-una-edicion-historica\/#breadcrumb\"},\"inLanguage\":\"es\",\"potentialAction\":[{\"@type\":\"ReadAction\",\"target\":[\"https:\/\/www.revistalogistec.com\/index.php\/2026\/03\/12\/ecommerce-day-chile-2026-el-principal-punto-de-encuentro-del-digital-commerce-regresa-a-santiago-en-una-edicion-historica\/\"]}]},{\"@type\":\"ImageObject\",\"inLanguage\":\"es\",\"@id\":\"https:\/\/www.revistalogistec.com\/index.php\/2026\/03\/12\/ecommerce-day-chile-2026-el-principal-punto-de-encuentro-del-digital-commerce-regresa-a-santiago-en-una-edicion-historica\/#primaryimage\",\"url\":\"https:\/\/www.revistalogistec.com\/wp-content\/uploads\/2026\/03\/eDay-Chile-2026.gif\",\"contentUrl\":\"https:\/\/www.revistalogistec.com\/wp-content\/uploads\/2026\/03\/eDay-Chile-2026.gif\",\"width\":1140,\"height\":760},{\"@type\":\"BreadcrumbList\",\"@id\":\"https:\/\/www.revistalogistec.com\/index.php\/2026\/03\/12\/ecommerce-day-chile-2026-el-principal-punto-de-encuentro-del-digital-commerce-regresa-a-santiago-en-una-edicion-historica\/#breadcrumb\",\"itemListElement\":[{\"@type\":\"ListItem\",\"position\":1,\"name\":\"Portada\",\"item\":\"https:\/\/www.revistalogistec.com\/\"},{\"@type\":\"ListItem\",\"position\":2,\"name\":\"ECOMMERCE DAY CHILE 2026: EL PRINCIPAL PUNTO DE ENCUENTRO DEL DIGITAL COMMERCE REGRESA A SANTIAGO EN UNA EDICI\u00d3N HIST\u00d3RICA\"}]},{\"@type\":\"WebSite\",\"@id\":\"https:\/\/www.revistalogistec.com\/#website\",\"url\":\"https:\/\/www.revistalogistec.com\/\",\"name\":\"Revista Logistec\",\"description\":\"\",\"potentialAction\":[{\"@type\":\"SearchAction\",\"target\":{\"@type\":\"EntryPoint\",\"urlTemplate\":\"https:\/\/www.revistalogistec.com\/?s={search_term_string}\"},\"query-input\":{\"@type\":\"PropertyValueSpecification\",\"valueRequired\":true,\"valueName\":\"search_term_string\"}}],\"inLanguage\":\"es\"},{\"@type\":\"Person\",\"@id\":\"https:\/\/www.revistalogistec.com\/#\/schema\/person\/b25cced65507282f3fc6eb806b1db4f0\",\"name\":\"admin\",\"image\":{\"@type\":\"ImageObject\",\"inLanguage\":\"es\",\"@id\":\"https:\/\/secure.gravatar.com\/avatar\/94631f712dee24b50f2f12a7caf62df22b2c346945fcff655ce85b674bebf6fd?s=96&d=mm&r=g\",\"url\":\"https:\/\/secure.gravatar.com\/avatar\/94631f712dee24b50f2f12a7caf62df22b2c346945fcff655ce85b674bebf6fd?s=96&d=mm&r=g\",\"contentUrl\":\"https:\/\/secure.gravatar.com\/avatar\/94631f712dee24b50f2f12a7caf62df22b2c346945fcff655ce85b674bebf6fd?s=96&d=mm&r=g\",\"caption\":\"admin\"},\"sameAs\":[\"https:\/\/www.revistalogistec.com\"],\"url\":\"https:\/\/www.revistalogistec.com\/index.php\/author\/admin_revlog\/\"}]}<\/script>\n<!-- \/ Yoast SEO plugin. -->","yoast_head_json":{"title":"ECOMMERCE DAY CHILE 2026: EL PRINCIPAL PUNTO DE ENCUENTRO DEL DIGITAL COMMERCE REGRESA A SANTIAGO EN UNA EDICI\u00d3N HIST\u00d3RICA - Revista Logistec","robots":{"index":"index","follow":"follow","max-snippet":"max-snippet:-1","max-image-preview":"max-image-preview:large","max-video-preview":"max-video-preview:-1"},"canonical":"https:\/\/www.revistalogistec.com\/index.php\/2026\/03\/12\/ecommerce-day-chile-2026-el-principal-punto-de-encuentro-del-digital-commerce-regresa-a-santiago-en-una-edicion-historica\/","og_locale":"es_ES","og_type":"article","og_title":"ECOMMERCE DAY CHILE 2026: EL PRINCIPAL PUNTO DE ENCUENTRO DEL DIGITAL COMMERCE REGRESA A SANTIAGO EN UNA EDICI\u00d3N HIST\u00d3RICA - Revista Logistec","og_description":"El evento m\u00e1s relevante del ecosistema digital en Chile reunir\u00e1 a CEOs, l\u00edderes de retail, marcas y expertos internacionales para analizar el presente y futuro del comercio electr\u00f3nico, en el marco de los 20 a\u00f1os del eCommerce Day Tour en Latinoam\u00e9rica.","og_url":"https:\/\/www.revistalogistec.com\/index.php\/2026\/03\/12\/ecommerce-day-chile-2026-el-principal-punto-de-encuentro-del-digital-commerce-regresa-a-santiago-en-una-edicion-historica\/","og_site_name":"Revista Logistec","article_published_time":"2026-03-12T15:56:46+00:00","article_modified_time":"2026-03-12T16:06:31+00:00","og_image":[{"width":1140,"height":760,"url":"https:\/\/www.revistalogistec.com\/wp-content\/uploads\/2026\/03\/eDay-Chile-2026.gif","type":"image\/gif"}],"author":"admin","twitter_card":"summary_large_image","twitter_misc":{"Escrito por":"admin","Tiempo de lectura":"6 minutos"},"schema":{"@context":"https:\/\/schema.org","@graph":[{"@type":"Article","@id":"https:\/\/www.revistalogistec.com\/index.php\/2026\/03\/12\/ecommerce-day-chile-2026-el-principal-punto-de-encuentro-del-digital-commerce-regresa-a-santiago-en-una-edicion-historica\/#article","isPartOf":{"@id":"https:\/\/www.revistalogistec.com\/index.php\/2026\/03\/12\/ecommerce-day-chile-2026-el-principal-punto-de-encuentro-del-digital-commerce-regresa-a-santiago-en-una-edicion-historica\/"},"author":{"name":"admin","@id":"https:\/\/www.revistalogistec.com\/#\/schema\/person\/b25cced65507282f3fc6eb806b1db4f0"},"headline":"ECOMMERCE DAY CHILE 2026: EL PRINCIPAL PUNTO DE ENCUENTRO DEL DIGITAL COMMERCE REGRESA A SANTIAGO EN UNA EDICI\u00d3N HIST\u00d3RICA","datePublished":"2026-03-12T15:56:46+00:00","dateModified":"2026-03-12T16:06:31+00:00","mainEntityOfPage":{"@id":"https:\/\/www.revistalogistec.com\/index.php\/2026\/03\/12\/ecommerce-day-chile-2026-el-principal-punto-de-encuentro-del-digital-commerce-regresa-a-santiago-en-una-edicion-historica\/"},"wordCount":1192,"image":{"@id":"https:\/\/www.revistalogistec.com\/index.php\/2026\/03\/12\/ecommerce-day-chile-2026-el-principal-punto-de-encuentro-del-digital-commerce-regresa-a-santiago-en-una-edicion-historica\/#primaryimage"},"thumbnailUrl":"https:\/\/www.revistalogistec.com\/wp-content\/uploads\/2026\/03\/eDay-Chile-2026.gif","articleSection":["NOTICIAS CLIENTES"],"inLanguage":"es"},{"@type":"WebPage","@id":"https:\/\/www.revistalogistec.com\/index.php\/2026\/03\/12\/ecommerce-day-chile-2026-el-principal-punto-de-encuentro-del-digital-commerce-regresa-a-santiago-en-una-edicion-historica\/","url":"https:\/\/www.revistalogistec.com\/index.php\/2026\/03\/12\/ecommerce-day-chile-2026-el-principal-punto-de-encuentro-del-digital-commerce-regresa-a-santiago-en-una-edicion-historica\/","name":"ECOMMERCE DAY CHILE 2026: EL PRINCIPAL PUNTO DE ENCUENTRO DEL DIGITAL COMMERCE REGRESA A SANTIAGO EN UNA EDICI\u00d3N HIST\u00d3RICA - Revista Logistec","isPartOf":{"@id":"https:\/\/www.revistalogistec.com\/#website"},"primaryImageOfPage":{"@id":"https:\/\/www.revistalogistec.com\/index.php\/2026\/03\/12\/ecommerce-day-chile-2026-el-principal-punto-de-encuentro-del-digital-commerce-regresa-a-santiago-en-una-edicion-historica\/#primaryimage"},"image":{"@id":"https:\/\/www.revistalogistec.com\/index.php\/2026\/03\/12\/ecommerce-day-chile-2026-el-principal-punto-de-encuentro-del-digital-commerce-regresa-a-santiago-en-una-edicion-historica\/#primaryimage"},"thumbnailUrl":"https:\/\/www.revistalogistec.com\/wp-content\/uploads\/2026\/03\/eDay-Chile-2026.gif","datePublished":"2026-03-12T15:56:46+00:00","dateModified":"2026-03-12T16:06:31+00:00","author":{"@id":"https:\/\/www.revistalogistec.com\/#\/schema\/person\/b25cced65507282f3fc6eb806b1db4f0"},"breadcrumb":{"@id":"https:\/\/www.revistalogistec.com\/index.php\/2026\/03\/12\/ecommerce-day-chile-2026-el-principal-punto-de-encuentro-del-digital-commerce-regresa-a-santiago-en-una-edicion-historica\/#breadcrumb"},"inLanguage":"es","potentialAction":[{"@type":"ReadAction","target":["https:\/\/www.revistalogistec.com\/index.php\/2026\/03\/12\/ecommerce-day-chile-2026-el-principal-punto-de-encuentro-del-digital-commerce-regresa-a-santiago-en-una-edicion-historica\/"]}]},{"@type":"ImageObject","inLanguage":"es","@id":"https:\/\/www.revistalogistec.com\/index.php\/2026\/03\/12\/ecommerce-day-chile-2026-el-principal-punto-de-encuentro-del-digital-commerce-regresa-a-santiago-en-una-edicion-historica\/#primaryimage","url":"https:\/\/www.revistalogistec.com\/wp-content\/uploads\/2026\/03\/eDay-Chile-2026.gif","contentUrl":"https:\/\/www.revistalogistec.com\/wp-content\/uploads\/2026\/03\/eDay-Chile-2026.gif","width":1140,"height":760},{"@type":"BreadcrumbList","@id":"https:\/\/www.revistalogistec.com\/index.php\/2026\/03\/12\/ecommerce-day-chile-2026-el-principal-punto-de-encuentro-del-digital-commerce-regresa-a-santiago-en-una-edicion-historica\/#breadcrumb","itemListElement":[{"@type":"ListItem","position":1,"name":"Portada","item":"https:\/\/www.revistalogistec.com\/"},{"@type":"ListItem","position":2,"name":"ECOMMERCE DAY CHILE 2026: EL PRINCIPAL PUNTO DE ENCUENTRO DEL DIGITAL COMMERCE REGRESA A SANTIAGO EN UNA EDICI\u00d3N HIST\u00d3RICA"}]},{"@type":"WebSite","@id":"https:\/\/www.revistalogistec.com\/#website","url":"https:\/\/www.revistalogistec.com\/","name":"Revista Logistec","description":"","potentialAction":[{"@type":"SearchAction","target":{"@type":"EntryPoint","urlTemplate":"https:\/\/www.revistalogistec.com\/?s={search_term_string}"},"query-input":{"@type":"PropertyValueSpecification","valueRequired":true,"valueName":"search_term_string"}}],"inLanguage":"es"},{"@type":"Person","@id":"https:\/\/www.revistalogistec.com\/#\/schema\/person\/b25cced65507282f3fc6eb806b1db4f0","name":"admin","image":{"@type":"ImageObject","inLanguage":"es","@id":"https:\/\/secure.gravatar.com\/avatar\/94631f712dee24b50f2f12a7caf62df22b2c346945fcff655ce85b674bebf6fd?s=96&d=mm&r=g","url":"https:\/\/secure.gravatar.com\/avatar\/94631f712dee24b50f2f12a7caf62df22b2c346945fcff655ce85b674bebf6fd?s=96&d=mm&r=g","contentUrl":"https:\/\/secure.gravatar.com\/avatar\/94631f712dee24b50f2f12a7caf62df22b2c346945fcff655ce85b674bebf6fd?s=96&d=mm&r=g","caption":"admin"},"sameAs":["https:\/\/www.revistalogistec.com"],"url":"https:\/\/www.revistalogistec.com\/index.php\/author\/admin_revlog\/"}]}},"_links":{"self":[{"href":"https:\/\/www.revistalogistec.com\/index.php\/wp-json\/wp\/v2\/posts\/29085","targetHints":{"allow":["GET"]}}],"collection":[{"href":"https:\/\/www.revistalogistec.com\/index.php\/wp-json\/wp\/v2\/posts"}],"about":[{"href":"https:\/\/www.revistalogistec.com\/index.php\/wp-json\/wp\/v2\/types\/post"}],"author":[{"embeddable":true,"href":"https:\/\/www.revistalogistec.com\/index.php\/wp-json\/wp\/v2\/users\/1"}],"replies":[{"embeddable":true,"href":"https:\/\/www.revistalogistec.com\/index.php\/wp-json\/wp\/v2\/comments?post=29085"}],"version-history":[{"count":1,"href":"https:\/\/www.revistalogistec.com\/index.php\/wp-json\/wp\/v2\/posts\/29085\/revisions"}],"predecessor-version":[{"id":29087,"href":"https:\/\/www.revistalogistec.com\/index.php\/wp-json\/wp\/v2\/posts\/29085\/revisions\/29087"}],"wp:featuredmedia":[{"embeddable":true,"href":"https:\/\/www.revistalogistec.com\/index.php\/wp-json\/wp\/v2\/media\/29086"}],"wp:attachment":[{"href":"https:\/\/www.revistalogistec.com\/index.php\/wp-json\/wp\/v2\/media?parent=29085"}],"wp:term":[{"taxonomy":"category","embeddable":true,"href":"https:\/\/www.revistalogistec.com\/index.php\/wp-json\/wp\/v2\/categories?post=29085"},{"taxonomy":"post_tag","embeddable":true,"href":"https:\/\/www.revistalogistec.com\/index.php\/wp-json\/wp\/v2\/tags?post=29085"}],"curies":[{"name":"wp","href":"https:\/\/api.w.org\/{rel}","templated":true}]}}